{"id":928,"date":"2020-05-16T00:34:57","date_gmt":"2020-05-15T22:34:57","guid":{"rendered":"http:\/\/https:\/\/zozo.buyee.jp\/\/news\/?p=928"},"modified":"2020-05-16T00:34:57","modified_gmt":"2020-05-15T22:34:57","slug":"beoumi-lancement-officiel-de-la-1ere-edition-du-fescab-les-peuples-kode-et-malinke-signent-la-paix-definitive","status":"publish","type":"post","link":"https:\/\/www.amanien.info\/news\/beoumi-lancement-officiel-de-la-1ere-edition-du-fescab-les-peuples-kode-et-malinke-signent-la-paix-definitive\/","title":{"rendered":"B\u00c9OUMI: LANCEMENT OFFICIEL DE LA 1\u00c8RE \u00c9DITION DU FESCAB : LES PEUPLES KOD\u00c8 ET MALINK\u00c9 SIGNENT LA PAIX D\u00c9FINITIVE"},"content":{"rendered":"<p>A l\u2019instar du Popo carnaval du Bonoua, de l\u2019Abissa de Grand-Bassam et de bien d\u2019autres r\u00e9gions du pays, la ville de B\u00e9oumi a d\u00e9sormais un festival\u00a0: le festival de la culture et des arts de B\u00e9oumi (FESCAB) Une initiative de la\u00a0 jeunesse de B\u00e9oumi. C\u2019est la place Goli de ladite localit\u00e9 qui a servi de cadre pour le lancement officiel le samedi 10 Ao\u00fbt 2019 en pr\u00e9sence des fils et filles de la r\u00e9gion. Ax\u00e9 sur le th\u00e8me \u2018\u2019\u00a0<em>Brassage culturel pour une coh\u00e9sion forte<\/em>\u2019\u2019 ce festival se tiendra du 28 Octobre au 03 Novembre 2019 \u00e0 la place Henri Konan Bedi\u00e9. Pour le commissaire g\u00e9n\u00e9ral, N\u2019gotta Claver le choix de ce th\u00e8me vient en effet effacer\u00a0 les s\u00e9quelles des tristes\u00a0 \u00e9v\u00e9nements qu\u2019a connu B\u00e9oumi en Mai dernier. \u00ab\u00a0<em><strong>Vu les malheureux \u00e9v\u00e8nements que nous avons connus, vous voulonsjouer notre partition \u00e0 la r\u00e9conciliation des fils et filles de B\u00e9oumi et consolider la coh\u00e9sion social \u00e0 l\u2019effet de permettre le d\u00e9veloppement de notre r\u00e9gion car aucun d\u00e9veloppement n\u2019est possible dans les troubles inter-ethniques<\/strong><\/em>\u00a0\u00bb a indiqu\u00e9 Claver N\u2019gotta. Une situation salu\u00e9e par les parrains dudit \u00e9v\u00e8nement qui n\u2019ont trouv\u00e9 aucun inconv\u00e9nient \u00e0 associer leur image \u00e0 ce festival. Prenant la parole monsieur Kouadio D\u00e9sir\u00e9, administrateur des services financiers, l\u2019un des parrains, s\u2019est convaincu du r\u00f4le que peut jouer ce festival dans la consolidation de la paix. \u00ab\u00a0<em><strong>Nous avons tous int\u00e9r\u00eat \u00e0 magnifier la paix et la coh\u00e9sion. C\u2019est dans la coh\u00e9sion que les grands peuples tirent leur force font \u00e9clore leur g\u00e9nie (\u2026) ce festival para\u00eet tout indiqu\u00e9 pour servir de canal apparent \u00e0 l\u2019effet de retrouver la coh\u00e9sion social \u00e0 B\u00e9oumi<\/strong><\/em>\u00a0\u00bb s\u2019est-il rassur\u00e9. Le succ\u00e9dant, monsieur Yua koffi, magistrat hors hi\u00e9rarchie, avocat g\u00e9n\u00e9ral pr\u00e8s la cour supr\u00eame, Co-parrain de festival a lui regrett\u00e9 ce qui est arriv\u00e9 \u00e0 B\u00e9oumi avant de fonder espoir \u00ab\u00a0<em><strong>C\u2019est avec beaucoup de tristesse que j\u2019ai v\u00e9cu particuli\u00e8rement cette crise\u2026 Dieu merci avec la contribution des uns et des autres, je puis dire aujourdhui que cette situation est derri\u00e8re. Mais c\u2019est maintenant que commence le difficile travail de coh\u00e9sion social. Lorsque le tissu social a \u00e9t\u00e9 fortement \u00e9branl\u00e9, il n\u2019est pas facile de le ressouder mais avec la d\u00e9termination et le courage qui nous habitent nous y parviendrons. C\u2019est pourquoi je salue fortement l\u2019initiative des jeunes. Ce festival pourra r\u00e9unir davantage les jeunes de tous les bords afin que reviennent l\u2019entente parfaite<\/strong><\/em>\u00a0\u00bb a-t-il soutenu. Marquant sa pr\u00e9sence effective \u00e0 cette c\u00e9r\u00e9monie l\u2019artiste Antoinette Konan fille de la r\u00e9gion s\u2019est dite heureuse de cette action et enti\u00e8rement disponible \u00e0 accompagner ce festival pour que rayonne la paix, la coh\u00e9sion \u00e0 B\u00e9oumi. Ce festival qui se tiendra du 28 octobre au 03 Novembre 2019 prochain sera marqu\u00e9 par une semaine commerciale, des concours de danses traditionnelles, d\u2019\u00e9lection miss FESCAB, r\u00e9compense des meilleurs producteurs de noix de cajou, concours de p\u00eache, d\u2019espace gastronomique, de concerts et bien d\u2019autres. Cette c\u00e9r\u00e9monie\u00a0 a enfin \u00e9t\u00e9 l&amp;r\u00a0<ins class=\"adsbygoogle\" data-ad-client=\"ca-pub-9730115030404183\" data-ad-slot=\"1208415755\" data-adsbygoogle-status=\"done\"><ins id=\"aswift_0_expand\"><ins id=\"aswift_0_anchor\"><\/ins><\/ins><\/ins>\u00a0squo;occasion pour les deux communaut\u00e9s kod\u00e8 et Malink\u00e9 de lancer une colombe pour marquer la paix et la coh\u00e9sion retrouv\u00e9e.<\/p>\n","protected":false},"excerpt":{"rendered":"<p>A l\u2019instar du Popo carnaval du Bonoua, de l\u2019Abissa de Grand-Bassam et de bien d\u2019autres r\u00e9gions du pays, la ville de B\u00e9oumi a d\u00e9sormais un festival\u00a0: le festival de la culture et des arts de B\u00e9oumi (FESCAB) Une initiative de la\u00a0 jeunesse de B\u00e9oumi. C\u2019est la place Goli de ladite localit\u00e9 qui a servi de [&hellip;]<\/p>\n","protected":false},"author":2,"featured_media":929,"comment_status":"open","ping_status":"open","sticky":false,"template":"","format":"standard","meta":{"_acf_changed":false,"footnotes":""},"categories":[],"tags":[],"class_list":["post-928","post","type-post","status-publish","format-standard","has-post-thumbnail","hentry"],"acf":[],"yoast_head":"<!-- This site is optimized with the Yoast SEO plugin v27.5 - https:\/\/yoast.com\/product\/yoast-seo-wordpress\/ -->\n<title>B\u00c9OUMI: LANCEMENT OFFICIEL DE LA 1\u00c8RE \u00c9DITION DU FESCAB : LES PEUPLES KOD\u00c8 ET MALINK\u00c9 SIGNENT LA PAIX D\u00c9FINITIVE - Amanien| L&#039;actualit\u00e9 Ivoirienne et Internationale<\/title>\n<meta name=\"robots\" content=\"index, follow, max-snippet:-1, max-image-preview:large, max-video-preview:-1\" \/>\n<link rel=\"canonical\" href=\"https:\/\/www.amanien.info\/news\/beoumi-lancement-officiel-de-la-1ere-edition-du-fescab-les-peuples-kode-et-malinke-signent-la-paix-definitive\/\" \/>\n<meta property=\"og:locale\" content=\"fr_FR\" \/>\n<meta property=\"og:type\" content=\"article\" \/>\n<meta property=\"og:title\" content=\"B\u00c9OUMI: LANCEMENT OFFICIEL DE LA 1\u00c8RE \u00c9DITION DU FESCAB : LES PEUPLES KOD\u00c8 ET MALINK\u00c9 SIGNENT LA PAIX D\u00c9FINITIVE - Amanien| L&#039;actualit\u00e9 Ivoirienne et Internationale\" \/>\n<meta property=\"og:description\" content=\"A l\u2019instar du Popo carnaval du Bonoua, de l\u2019Abissa de Grand-Bassam et de bien d\u2019autres r\u00e9gions du pays, la ville de B\u00e9oumi a d\u00e9sormais un festival\u00a0: le festival de la culture et des arts de B\u00e9oumi (FESCAB) Une initiative de la\u00a0 jeunesse de B\u00e9oumi. C\u2019est la place Goli de ladite localit\u00e9 qui a servi de [&hellip;]\" \/>\n<meta property=\"og:url\" content=\"https:\/\/www.amanien.info\/news\/beoumi-lancement-officiel-de-la-1ere-edition-du-fescab-les-peuples-kode-et-malinke-signent-la-paix-definitive\/\" \/>\n<meta property=\"og:site_name\" content=\"Amanien| L&#039;actualit\u00e9 Ivoirienne et Internationale\" \/>\n<meta property=\"article:published_time\" content=\"2020-05-15T22:34:57+00:00\" \/>\n<meta property=\"og:image\" content=\"https:\/\/www.amanien.info\/news\/wp-content\/uploads\/2020\/05\/669_360_0OE.jpg\" \/>\n\t<meta property=\"og:image:width\" content=\"669\" \/>\n\t<meta property=\"og:image:height\" content=\"360\" \/>\n\t<meta property=\"og:image:type\" content=\"image\/jpeg\" \/>\n<meta name=\"author\" content=\"Germain Ndri\" \/>\n<meta name=\"twitter:card\" content=\"summary_large_image\" \/>\n<meta name=\"twitter:label1\" content=\"\u00c9crit par\" \/>\n\t<meta name=\"twitter:data1\" content=\"Germain Ndri\" \/>\n\t<meta name=\"twitter:label2\" content=\"Dur\u00e9e de lecture estim\u00e9e\" \/>\n\t<meta name=\"twitter:data2\" content=\"3 minutes\" \/>\n<script type=\"application\/ld+json\" class=\"yoast-schema-graph\">{\"@context\":\"https:\\\/\\\/schema.org\",\"@graph\":[{\"@type\":\"Article\",\"@id\":\"https:\\\/\\\/www.amanien.info\\\/news\\\/beoumi-lancement-officiel-de-la-1ere-edition-du-fescab-les-peuples-kode-et-malinke-signent-la-paix-definitive\\\/#article\",\"isPartOf\":{\"@id\":\"https:\\\/\\\/www.amanien.info\\\/news\\\/beoumi-lancement-officiel-de-la-1ere-edition-du-fescab-les-peuples-kode-et-malinke-signent-la-paix-definitive\\\/\"},\"author\":{\"name\":\"Germain Ndri\",\"@id\":\"https:\\\/\\\/www.amanien.info\\\/news\\\/#\\\/schema\\\/person\\\/b21093345753a1a98242d505bd894f42\"},\"headline\":\"B\u00c9OUMI: LANCEMENT OFFICIEL DE LA 1\u00c8RE \u00c9DITION DU FESCAB : LES PEUPLES KOD\u00c8 ET MALINK\u00c9 SIGNENT LA PAIX D\u00c9FINITIVE\",\"datePublished\":\"2020-05-15T22:34:57+00:00\",\"mainEntityOfPage\":{\"@id\":\"https:\\\/\\\/www.amanien.info\\\/news\\\/beoumi-lancement-officiel-de-la-1ere-edition-du-fescab-les-peuples-kode-et-malinke-signent-la-paix-definitive\\\/\"},\"wordCount\":595,\"commentCount\":0,\"image\":{\"@id\":\"https:\\\/\\\/www.amanien.info\\\/news\\\/beoumi-lancement-officiel-de-la-1ere-edition-du-fescab-les-peuples-kode-et-malinke-signent-la-paix-definitive\\\/#primaryimage\"},\"thumbnailUrl\":\"https:\\\/\\\/www.amanien.info\\\/news\\\/wp-content\\\/uploads\\\/2020\\\/05\\\/669_360_0OE.jpg\",\"inLanguage\":\"fr-FR\"},{\"@type\":\"WebPage\",\"@id\":\"https:\\\/\\\/www.amanien.info\\\/news\\\/beoumi-lancement-officiel-de-la-1ere-edition-du-fescab-les-peuples-kode-et-malinke-signent-la-paix-definitive\\\/\",\"url\":\"https:\\\/\\\/www.amanien.info\\\/news\\\/beoumi-lancement-officiel-de-la-1ere-edition-du-fescab-les-peuples-kode-et-malinke-signent-la-paix-definitive\\\/\",\"name\":\"B\u00c9OUMI: LANCEMENT OFFICIEL DE LA 1\u00c8RE \u00c9DITION DU FESCAB : LES PEUPLES KOD\u00c8 ET MALINK\u00c9 SIGNENT LA PAIX D\u00c9FINITIVE - Amanien| L&#039;actualit\u00e9 Ivoirienne et Internationale\",\"isPartOf\":{\"@id\":\"https:\\\/\\\/www.amanien.info\\\/news\\\/#website\"},\"primaryImageOfPage\":{\"@id\":\"https:\\\/\\\/www.amanien.info\\\/news\\\/beoumi-lancement-officiel-de-la-1ere-edition-du-fescab-les-peuples-kode-et-malinke-signent-la-paix-definitive\\\/#primaryimage\"},\"image\":{\"@id\":\"https:\\\/\\\/www.amanien.info\\\/news\\\/beoumi-lancement-officiel-de-la-1ere-edition-du-fescab-les-peuples-kode-et-malinke-signent-la-paix-definitive\\\/#primaryimage\"},\"thumbnailUrl\":\"https:\\\/\\\/www.amanien.info\\\/news\\\/wp-content\\\/uploads\\\/2020\\\/05\\\/669_360_0OE.jpg\",\"datePublished\":\"2020-05-15T22:34:57+00:00\",\"author\":{\"@id\":\"https:\\\/\\\/www.amanien.info\\\/news\\\/#\\\/schema\\\/person\\\/b21093345753a1a98242d505bd894f42\"},\"breadcrumb\":{\"@id\":\"https:\\\/\\\/www.amanien.info\\\/news\\\/beoumi-lancement-officiel-de-la-1ere-edition-du-fescab-les-peuples-kode-et-malinke-signent-la-paix-definitive\\\/#breadcrumb\"},\"inLanguage\":\"fr-FR\",\"potentialAction\":[{\"@type\":\"ReadAction\",\"target\":[\"https:\\\/\\\/www.amanien.info\\\/news\\\/beoumi-lancement-officiel-de-la-1ere-edition-du-fescab-les-peuples-kode-et-malinke-signent-la-paix-definitive\\\/\"]}]},{\"@type\":\"ImageObject\",\"inLanguage\":\"fr-FR\",\"@id\":\"https:\\\/\\\/www.amanien.info\\\/news\\\/beoumi-lancement-officiel-de-la-1ere-edition-du-fescab-les-peuples-kode-et-malinke-signent-la-paix-definitive\\\/#primaryimage\",\"url\":\"https:\\\/\\\/www.amanien.info\\\/news\\\/wp-content\\\/uploads\\\/2020\\\/05\\\/669_360_0OE.jpg\",\"contentUrl\":\"https:\\\/\\\/www.amanien.info\\\/news\\\/wp-content\\\/uploads\\\/2020\\\/05\\\/669_360_0OE.jpg\",\"width\":669,\"height\":360},{\"@type\":\"BreadcrumbList\",\"@id\":\"https:\\\/\\\/www.amanien.info\\\/news\\\/beoumi-lancement-officiel-de-la-1ere-edition-du-fescab-les-peuples-kode-et-malinke-signent-la-paix-definitive\\\/#breadcrumb\",\"itemListElement\":[{\"@type\":\"ListItem\",\"position\":1,\"name\":\"Accueil\",\"item\":\"https:\\\/\\\/www.amanien.info\\\/news\\\/\"},{\"@type\":\"ListItem\",\"position\":2,\"name\":\"B\u00c9OUMI: LANCEMENT OFFICIEL DE LA 1\u00c8RE \u00c9DITION DU FESCAB : LES PEUPLES KOD\u00c8 ET MALINK\u00c9 SIGNENT LA PAIX D\u00c9FINITIVE\"}]},{\"@type\":\"WebSite\",\"@id\":\"https:\\\/\\\/www.amanien.info\\\/news\\\/#website\",\"url\":\"https:\\\/\\\/www.amanien.info\\\/news\\\/\",\"name\":\"Amanien| L&#039;actualit\u00e9 Ivoirienne et Internationale\",\"description\":\"L&#039;actualit\u00e9 Ivoirienne et Internationale\",\"potentialAction\":[{\"@type\":\"SearchAction\",\"target\":{\"@type\":\"EntryPoint\",\"urlTemplate\":\"https:\\\/\\\/www.amanien.info\\\/news\\\/?s={search_term_string}\"},\"query-input\":{\"@type\":\"PropertyValueSpecification\",\"valueRequired\":true,\"valueName\":\"search_term_string\"}}],\"inLanguage\":\"fr-FR\"},{\"@type\":\"Person\",\"@id\":\"https:\\\/\\\/www.amanien.info\\\/news\\\/#\\\/schema\\\/person\\\/b21093345753a1a98242d505bd894f42\",\"name\":\"Germain Ndri\",\"url\":\"https:\\\/\\\/www.amanien.info\\\/news\\\/author\\\/amanien-infos\\\/\"}]}<\/script>\n<!-- \/ Yoast SEO plugin. -->","yoast_head_json":{"title":"B\u00c9OUMI: LANCEMENT OFFICIEL DE LA 1\u00c8RE \u00c9DITION DU FESCAB : LES PEUPLES KOD\u00c8 ET MALINK\u00c9 SIGNENT LA PAIX D\u00c9FINITIVE - Amanien| L&#039;actualit\u00e9 Ivoirienne et Internationale","robots":{"index":"index","follow":"follow","max-snippet":"max-snippet:-1","max-image-preview":"max-image-preview:large","max-video-preview":"max-video-preview:-1"},"canonical":"https:\/\/www.amanien.info\/news\/beoumi-lancement-officiel-de-la-1ere-edition-du-fescab-les-peuples-kode-et-malinke-signent-la-paix-definitive\/","og_locale":"fr_FR","og_type":"article","og_title":"B\u00c9OUMI: LANCEMENT OFFICIEL DE LA 1\u00c8RE \u00c9DITION DU FESCAB : LES PEUPLES KOD\u00c8 ET MALINK\u00c9 SIGNENT LA PAIX D\u00c9FINITIVE - Amanien| L&#039;actualit\u00e9 Ivoirienne et Internationale","og_description":"A l\u2019instar du Popo carnaval du Bonoua, de l\u2019Abissa de Grand-Bassam et de bien d\u2019autres r\u00e9gions du pays, la ville de B\u00e9oumi a d\u00e9sormais un festival\u00a0: le festival de la culture et des arts de B\u00e9oumi (FESCAB) Une initiative de la\u00a0 jeunesse de B\u00e9oumi. C\u2019est la place Goli de ladite localit\u00e9 qui a servi de [&hellip;]","og_url":"https:\/\/www.amanien.info\/news\/beoumi-lancement-officiel-de-la-1ere-edition-du-fescab-les-peuples-kode-et-malinke-signent-la-paix-definitive\/","og_site_name":"Amanien| L&#039;actualit\u00e9 Ivoirienne et Internationale","article_published_time":"2020-05-15T22:34:57+00:00","og_image":[{"width":669,"height":360,"url":"https:\/\/www.amanien.info\/news\/wp-content\/uploads\/2020\/05\/669_360_0OE.jpg","type":"image\/jpeg"}],"author":"Germain Ndri","twitter_card":"summary_large_image","twitter_misc":{"\u00c9crit par":"Germain Ndri","Dur\u00e9e de lecture estim\u00e9e":"3 minutes"},"schema":{"@context":"https:\/\/schema.org","@graph":[{"@type":"Article","@id":"https:\/\/www.amanien.info\/news\/beoumi-lancement-officiel-de-la-1ere-edition-du-fescab-les-peuples-kode-et-malinke-signent-la-paix-definitive\/#article","isPartOf":{"@id":"https:\/\/www.amanien.info\/news\/beoumi-lancement-officiel-de-la-1ere-edition-du-fescab-les-peuples-kode-et-malinke-signent-la-paix-definitive\/"},"author":{"name":"Germain Ndri","@id":"https:\/\/www.amanien.info\/news\/#\/schema\/person\/b21093345753a1a98242d505bd894f42"},"headline":"B\u00c9OUMI: LANCEMENT OFFICIEL DE LA 1\u00c8RE \u00c9DITION DU FESCAB : LES PEUPLES KOD\u00c8 ET MALINK\u00c9 SIGNENT LA PAIX D\u00c9FINITIVE","datePublished":"2020-05-15T22:34:57+00:00","mainEntityOfPage":{"@id":"https:\/\/www.amanien.info\/news\/beoumi-lancement-officiel-de-la-1ere-edition-du-fescab-les-peuples-kode-et-malinke-signent-la-paix-definitive\/"},"wordCount":595,"commentCount":0,"image":{"@id":"https:\/\/www.amanien.info\/news\/beoumi-lancement-officiel-de-la-1ere-edition-du-fescab-les-peuples-kode-et-malinke-signent-la-paix-definitive\/#primaryimage"},"thumbnailUrl":"https:\/\/www.amanien.info\/news\/wp-content\/uploads\/2020\/05\/669_360_0OE.jpg","inLanguage":"fr-FR"},{"@type":"WebPage","@id":"https:\/\/www.amanien.info\/news\/beoumi-lancement-officiel-de-la-1ere-edition-du-fescab-les-peuples-kode-et-malinke-signent-la-paix-definitive\/","url":"https:\/\/www.amanien.info\/news\/beoumi-lancement-officiel-de-la-1ere-edition-du-fescab-les-peuples-kode-et-malinke-signent-la-paix-definitive\/","name":"B\u00c9OUMI: LANCEMENT OFFICIEL DE LA 1\u00c8RE \u00c9DITION DU FESCAB : LES PEUPLES KOD\u00c8 ET MALINK\u00c9 SIGNENT LA PAIX D\u00c9FINITIVE - Amanien| L&#039;actualit\u00e9 Ivoirienne et Internationale","isPartOf":{"@id":"https:\/\/www.amanien.info\/news\/#website"},"primaryImageOfPage":{"@id":"https:\/\/www.amanien.info\/news\/beoumi-lancement-officiel-de-la-1ere-edition-du-fescab-les-peuples-kode-et-malinke-signent-la-paix-definitive\/#primaryimage"},"image":{"@id":"https:\/\/www.amanien.info\/news\/beoumi-lancement-officiel-de-la-1ere-edition-du-fescab-les-peuples-kode-et-malinke-signent-la-paix-definitive\/#primaryimage"},"thumbnailUrl":"https:\/\/www.amanien.info\/news\/wp-content\/uploads\/2020\/05\/669_360_0OE.jpg","datePublished":"2020-05-15T22:34:57+00:00","author":{"@id":"https:\/\/www.amanien.info\/news\/#\/schema\/person\/b21093345753a1a98242d505bd894f42"},"breadcrumb":{"@id":"https:\/\/www.amanien.info\/news\/beoumi-lancement-officiel-de-la-1ere-edition-du-fescab-les-peuples-kode-et-malinke-signent-la-paix-definitive\/#breadcrumb"},"inLanguage":"fr-FR","potentialAction":[{"@type":"ReadAction","target":["https:\/\/www.amanien.info\/news\/beoumi-lancement-officiel-de-la-1ere-edition-du-fescab-les-peuples-kode-et-malinke-signent-la-paix-definitive\/"]}]},{"@type":"ImageObject","inLanguage":"fr-FR","@id":"https:\/\/www.amanien.info\/news\/beoumi-lancement-officiel-de-la-1ere-edition-du-fescab-les-peuples-kode-et-malinke-signent-la-paix-definitive\/#primaryimage","url":"https:\/\/www.amanien.info\/news\/wp-content\/uploads\/2020\/05\/669_360_0OE.jpg","contentUrl":"https:\/\/www.amanien.info\/news\/wp-content\/uploads\/2020\/05\/669_360_0OE.jpg","width":669,"height":360},{"@type":"BreadcrumbList","@id":"https:\/\/www.amanien.info\/news\/beoumi-lancement-officiel-de-la-1ere-edition-du-fescab-les-peuples-kode-et-malinke-signent-la-paix-definitive\/#breadcrumb","itemListElement":[{"@type":"ListItem","position":1,"name":"Accueil","item":"https:\/\/www.amanien.info\/news\/"},{"@type":"ListItem","position":2,"name":"B\u00c9OUMI: LANCEMENT OFFICIEL DE LA 1\u00c8RE \u00c9DITION DU FESCAB : LES PEUPLES KOD\u00c8 ET MALINK\u00c9 SIGNENT LA PAIX D\u00c9FINITIVE"}]},{"@type":"WebSite","@id":"https:\/\/www.amanien.info\/news\/#website","url":"https:\/\/www.amanien.info\/news\/","name":"Amanien| L&#039;actualit\u00e9 Ivoirienne et Internationale","description":"L&#039;actualit\u00e9 Ivoirienne et Internationale","potentialAction":[{"@type":"SearchAction","target":{"@type":"EntryPoint","urlTemplate":"https:\/\/www.amanien.info\/news\/?s={search_term_string}"},"query-input":{"@type":"PropertyValueSpecification","valueRequired":true,"valueName":"search_term_string"}}],"inLanguage":"fr-FR"},{"@type":"Person","@id":"https:\/\/www.amanien.info\/news\/#\/schema\/person\/b21093345753a1a98242d505bd894f42","name":"Germain Ndri","url":"https:\/\/www.amanien.info\/news\/author\/amanien-infos\/"}]}},"_links":{"self":[{"href":"https:\/\/www.amanien.info\/news\/wp-json\/wp\/v2\/posts\/928","targetHints":{"allow":["GET"]}}],"collection":[{"href":"https:\/\/www.amanien.info\/news\/wp-json\/wp\/v2\/posts"}],"about":[{"href":"https:\/\/www.amanien.info\/news\/wp-json\/wp\/v2\/types\/post"}],"author":[{"embeddable":true,"href":"https:\/\/www.amanien.info\/news\/wp-json\/wp\/v2\/users\/2"}],"replies":[{"embeddable":true,"href":"https:\/\/www.amanien.info\/news\/wp-json\/wp\/v2\/comments?post=928"}],"version-history":[{"count":0,"href":"https:\/\/www.amanien.info\/news\/wp-json\/wp\/v2\/posts\/928\/revisions"}],"wp:featuredmedia":[{"embeddable":true,"href":"https:\/\/www.amanien.info\/news\/wp-json\/wp\/v2\/media\/929"}],"wp:attachment":[{"href":"https:\/\/www.amanien.info\/news\/wp-json\/wp\/v2\/media?parent=928"}],"wp:term":[{"taxonomy":"category","embeddable":true,"href":"https:\/\/www.amanien.info\/news\/wp-json\/wp\/v2\/categories?post=928"},{"taxonomy":"post_tag","embeddable":true,"href":"https:\/\/www.amanien.info\/news\/wp-json\/wp\/v2\/tags?post=928"}],"curies":[{"name":"wp","href":"https:\/\/api.w.org\/{rel}","templated":true}]}}