{"id":7937,"date":"2026-04-30T12:22:02","date_gmt":"2026-04-30T12:22:02","guid":{"rendered":"https:\/\/www.amanien.info\/news\/?p=7937"},"modified":"2026-04-30T12:22:02","modified_gmt":"2026-04-30T12:22:02","slug":"mobilite-urbaine-et-amelioration-de-la-circulation-des-personnes-le-premier-vice-gouverneur-du-daa-danho-paulin-inaugure-les-gares-multimodales-et-les-espaces-commerciaux-dadjame-liberte","status":"publish","type":"post","link":"https:\/\/www.amanien.info\/news\/mobilite-urbaine-et-amelioration-de-la-circulation-des-personnes-le-premier-vice-gouverneur-du-daa-danho-paulin-inaugure-les-gares-multimodales-et-les-espaces-commerciaux-dadjame-liberte\/","title":{"rendered":"Mobilit\u00e9 urbaine et am\u00e9lioration de la circulation des personnes : le premier Vice-gouverneur du DAA, Danho Paulin inaugure les gares multimodales et les espaces commerciaux d&rsquo;Adjam\u00e9-Libert\u00e9\u00a0"},"content":{"rendered":"<div><span style=\"text-transform: initial;\">Le premier Vice-gouverneur du District Autonome d&rsquo;Abidjan (DAA),\u00a0 Danho Claude Paulin, a proc\u00e9d\u00e9, le mardi 28 avril 2026, \u00e0 l&rsquo;inauguration du rond point, des gares multimodales et des espaces commerciaux d&rsquo;Adjam\u00e9-Libert\u00e9 220 logements.\u00a0<\/span><\/div>\n<div><\/div>\n<div>C&rsquo;\u00e9tait en pr\u00e9sence du 4\u00e8 adjoint au maire de la Mairie d&rsquo;Adjam\u00e9, en charge de l&rsquo;hygi\u00e8ne, de la salubrit\u00e9 et de l&rsquo;environnement, Diebkil\u00e9 Aboubacar, du Porte-parole des transporteurs, Ouattara Blandine et de la porte-parole des Commer\u00e7ants, Sadia Blandine.<\/div>\n<div><\/div>\n<div><\/div>\n<div>Dans son intervention, le Directeur G\u00e9n\u00e9ral des Services Techniques du DAA, BOA Val\u00e9ry, a d&#8217;embl\u00e9e, pr\u00e9sent\u00e9 les infrastructures r\u00e9alis\u00e9es, qui\u00a0 comprennent une nouvelle gare de la Sotra s&rsquo;\u00e9tendant sur une surface de 4 200 M2(avec deux blocs sanitaires), une gare des mini-cars de transport en commun commun\u00e9ment appel\u00e9s Gbaka, b\u00e2tie sur une superficie de 2 000 M2, avec un bureau des responsables de la gare,\u00a0 un hangar destin\u00e9 \u00e0 l&rsquo;accueil des passagers ainsi qu&rsquo;un bloc sanitaire de 6 cabines.<\/div>\n<div><\/div>\n<div>Il y a eu \u00e9galement la r\u00e9habilitation de la cl\u00f4ture des immeubles de la cit\u00e9 des 220 lgts, la construction de gu\u00e9rites \u00e0 l&rsquo;entr\u00e9e de la cit\u00e9, la construction de la gare moderne multimodale couvrant une surface b\u00e2tie sur 1ha et demi, comprenant un march\u00e9 int\u00e9gr\u00e9 de 60 magasins \u00e0 usage commercial, trois blocs sanitaires totalisant 24 cabines, une aire de stationnement en b\u00e9ton arm\u00e9 de 8 000 M2 pour des v\u00e9hicules de transport intercommunal, et l&rsquo;am\u00e9nagement des \u00eelots de circulation autour de la fontaine.<\/div>\n<div><\/div>\n<div><\/div>\n<div>Pour le premier Vice-gouverneur, Danho Paulin, repr\u00e9sentant le Ministre-Gouverneur\u00a0 Ciss\u00e9 Bacongo, ces am\u00e9nagements s&rsquo;inscrivent dans les chantiers \u00e0 \u00ab\u00a0impact imm\u00e9diat\u00a0\u00bb, destin\u00e9s \u00e0 am\u00e9liorer la circulation des personnes et des biens en favorisant la mobilit\u00e9 urbaine. Cela s&rsquo;inscrit dans la dynamique de la commune d&rsquo;Adjam\u00e9 dans laquelle, a-t-il pr\u00e9cis\u00e9, transitent chaque jour pr\u00e8s de 3 millions de visiteurs pour des activit\u00e9s commerciales multiples.<\/div>\n<div><\/div>\n<div><\/div>\n<div>&lt;&lt; Ces r\u00e9alisations que vous voyez aujourd&rsquo;hui sont le fruit d&rsquo;une approche participative et d&rsquo;un travail d&rsquo;\u00e9quipe&gt;&gt;, a-t-il indiqu\u00e9. Ce site, hier repoussant, est devenu aujourd&rsquo;hui un joyau qui fera la fiert\u00e9 des Abidjanais et surtout des populations d&rsquo;Adjam\u00e9, a-t-il poursuivi.<\/div>\n<div><\/div>\n<div>Avant d&rsquo;appeler \u00e0 la responsabilit\u00e9 de tous.<\/div>\n<div><\/div>\n<div>&lt;&lt;Faisons en sorte que ce lieu soit utilis\u00e9 \u00e0 bon escient. Faites en sorte que le Ministre-Gouverneur, Ciss\u00e9 Bacongo, le Bureau du District, ainsi que le D\u00e9put\u00e9-maire d&rsquo;Adjam\u00e9, Farikou Soumahoro, soient fiers de ce que nous allons laisser aux futures g\u00e9n\u00e9rations&gt;&gt;,\u00a0 a insist\u00e9\u00a0 le Maire de la Commune d&rsquo;Attecoub\u00e9.<\/div>\n<div><\/div>\n<div>Pour sa part, le Directeur g\u00e9n\u00e9ral de la SOTRA, M\u00e9it\u00e9 Bouak\u00e9, a r\u00e9v\u00e9l\u00e9 que la nouvelle gare de bus verra transiter, chaque jour, plus de 4 000 v\u00e9hicules de la SOTRA, transportant pr\u00e8s de 100 000 passagers et d&rsquo;assurer l&rsquo;exploitation de pr\u00e8s de 400 v\u00e9hicules sur le site.<\/div>\n<div><\/div>\n<div><\/div>\n<div>Au nom des riverains, le Porte-parole et Pr\u00e9sident des Conseils Syndicaux des Propri\u00e9taires du Grand 220 lgts, Doumbia Lassina, a indiqu\u00e9 que la r\u00e9alisation de ces infrastructures a soulign\u00e9 l&rsquo;importance de la r\u00e9alisation de ces infrastructures.<\/div>\n<div><\/div>\n<div>&lt;&lt;Ces ouvrages modernes permettront non seulement d&rsquo;am\u00e9liorer l&rsquo;organisation des transports, mais aussi de fluidifier la circulation, de r\u00e9duire des embouteillages et d&rsquo;offrir de meilleures conditions de d\u00e9placement aux usagers&gt;&gt;, a-t-il d\u00e9clar\u00e9.<\/div>\n<div><\/div>\n<div>Puis de rassurer les autorit\u00e9s que les populations d&rsquo;Adjam\u00e9 feront bon usage de ces infrastructures et oeuvreront pour leur pr\u00e9servation.<\/div>\n<div><\/div>\n<div><\/div>\n<div><\/div>\n<div><\/div>\n<div><b>S.A.\u00a0<\/b><\/div>\n","protected":false},"excerpt":{"rendered":"<p>Le premier Vice-gouverneur du District Autonome d&rsquo;Abidjan (DAA),\u00a0 Danho Claude Paulin, a proc\u00e9d\u00e9, le mardi 28 avril 2026, \u00e0 l&rsquo;inauguration du rond point, des gares multimodales et des espaces commerciaux d&rsquo;Adjam\u00e9-Libert\u00e9 220 logements.\u00a0 C&rsquo;\u00e9tait en pr\u00e9sence du 4\u00e8 adjoint au maire de la Mairie d&rsquo;Adjam\u00e9, en charge de l&rsquo;hygi\u00e8ne, de la salubrit\u00e9 et de l&rsquo;environnement, [&hellip;]<\/p>\n","protected":false},"author":2,"featured_media":7938,"comment_status":"closed","ping_status":"closed","sticky":false,"template":"","format":"standard","meta":{"_acf_changed":false,"footnotes":""},"categories":[],"tags":[],"class_list":["post-7937","post","type-post","status-publish","format-standard","has-post-thumbnail","hentry"],"acf":[],"yoast_head":"<!-- This site is optimized with the Yoast SEO plugin v27.5 - https:\/\/yoast.com\/product\/yoast-seo-wordpress\/ -->\n<title>Mobilit\u00e9 urbaine et am\u00e9lioration de la circulation des personnes : le premier Vice-gouverneur du DAA, Danho Paulin inaugure les gares multimodales et les espaces commerciaux d&#039;Adjam\u00e9-Libert\u00e9\u00a0 - Amanien| L&#039;actualit\u00e9 Ivoirienne et Internationale<\/title>\n<meta name=\"robots\" content=\"index, follow, max-snippet:-1, max-image-preview:large, max-video-preview:-1\" \/>\n<link rel=\"canonical\" href=\"https:\/\/www.amanien.info\/news\/mobilite-urbaine-et-amelioration-de-la-circulation-des-personnes-le-premier-vice-gouverneur-du-daa-danho-paulin-inaugure-les-gares-multimodales-et-les-espaces-commerciaux-dadjame-liberte\/\" \/>\n<meta property=\"og:locale\" content=\"fr_FR\" \/>\n<meta property=\"og:type\" content=\"article\" \/>\n<meta property=\"og:title\" content=\"Mobilit\u00e9 urbaine et am\u00e9lioration de la circulation des personnes : le premier Vice-gouverneur du DAA, Danho Paulin inaugure les gares multimodales et les espaces commerciaux d&#039;Adjam\u00e9-Libert\u00e9\u00a0 - Amanien| L&#039;actualit\u00e9 Ivoirienne et Internationale\" \/>\n<meta property=\"og:description\" content=\"Le premier Vice-gouverneur du District Autonome d&rsquo;Abidjan (DAA),\u00a0 Danho Claude Paulin, a proc\u00e9d\u00e9, le mardi 28 avril 2026, \u00e0 l&rsquo;inauguration du rond point, des gares multimodales et des espaces commerciaux d&rsquo;Adjam\u00e9-Libert\u00e9 220 logements.\u00a0 C&rsquo;\u00e9tait en pr\u00e9sence du 4\u00e8 adjoint au maire de la Mairie d&rsquo;Adjam\u00e9, en charge de l&rsquo;hygi\u00e8ne, de la salubrit\u00e9 et de l&rsquo;environnement, [&hellip;]\" \/>\n<meta property=\"og:url\" content=\"https:\/\/www.amanien.info\/news\/mobilite-urbaine-et-amelioration-de-la-circulation-des-personnes-le-premier-vice-gouverneur-du-daa-danho-paulin-inaugure-les-gares-multimodales-et-les-espaces-commerciaux-dadjame-liberte\/\" \/>\n<meta property=\"og:site_name\" content=\"Amanien| L&#039;actualit\u00e9 Ivoirienne et Internationale\" \/>\n<meta property=\"article:published_time\" content=\"2026-04-30T12:22:02+00:00\" \/>\n<meta property=\"og:image\" content=\"https:\/\/www.amanien.info\/news\/wp-content\/uploads\/2026\/04\/IMG-20260429-WA0025.jpg\" \/>\n\t<meta property=\"og:image:width\" content=\"1280\" \/>\n\t<meta property=\"og:image:height\" content=\"853\" \/>\n\t<meta property=\"og:image:type\" content=\"image\/jpeg\" \/>\n<meta name=\"author\" content=\"Germain Ndri\" \/>\n<meta name=\"twitter:card\" content=\"summary_large_image\" \/>\n<meta name=\"twitter:label1\" content=\"\u00c9crit par\" \/>\n\t<meta name=\"twitter:data1\" content=\"Germain Ndri\" \/>\n\t<meta name=\"twitter:label2\" content=\"Dur\u00e9e de lecture estim\u00e9e\" \/>\n\t<meta name=\"twitter:data2\" content=\"3 minutes\" \/>\n<script type=\"application\/ld+json\" class=\"yoast-schema-graph\">{\"@context\":\"https:\\\/\\\/schema.org\",\"@graph\":[{\"@type\":\"Article\",\"@id\":\"https:\\\/\\\/www.amanien.info\\\/news\\\/mobilite-urbaine-et-amelioration-de-la-circulation-des-personnes-le-premier-vice-gouverneur-du-daa-danho-paulin-inaugure-les-gares-multimodales-et-les-espaces-commerciaux-dadjame-liberte\\\/#article\",\"isPartOf\":{\"@id\":\"https:\\\/\\\/www.amanien.info\\\/news\\\/mobilite-urbaine-et-amelioration-de-la-circulation-des-personnes-le-premier-vice-gouverneur-du-daa-danho-paulin-inaugure-les-gares-multimodales-et-les-espaces-commerciaux-dadjame-liberte\\\/\"},\"author\":{\"name\":\"Germain Ndri\",\"@id\":\"https:\\\/\\\/www.amanien.info\\\/news\\\/#\\\/schema\\\/person\\\/b21093345753a1a98242d505bd894f42\"},\"headline\":\"Mobilit\u00e9 urbaine et am\u00e9lioration de la circulation des personnes : le premier Vice-gouverneur du DAA, Danho Paulin inaugure les gares multimodales et les espaces commerciaux d&rsquo;Adjam\u00e9-Libert\u00e9\u00a0\",\"datePublished\":\"2026-04-30T12:22:02+00:00\",\"mainEntityOfPage\":{\"@id\":\"https:\\\/\\\/www.amanien.info\\\/news\\\/mobilite-urbaine-et-amelioration-de-la-circulation-des-personnes-le-premier-vice-gouverneur-du-daa-danho-paulin-inaugure-les-gares-multimodales-et-les-espaces-commerciaux-dadjame-liberte\\\/\"},\"wordCount\":630,\"image\":{\"@id\":\"https:\\\/\\\/www.amanien.info\\\/news\\\/mobilite-urbaine-et-amelioration-de-la-circulation-des-personnes-le-premier-vice-gouverneur-du-daa-danho-paulin-inaugure-les-gares-multimodales-et-les-espaces-commerciaux-dadjame-liberte\\\/#primaryimage\"},\"thumbnailUrl\":\"https:\\\/\\\/www.amanien.info\\\/news\\\/wp-content\\\/uploads\\\/2026\\\/04\\\/IMG-20260429-WA0025.jpg\",\"inLanguage\":\"fr-FR\"},{\"@type\":\"WebPage\",\"@id\":\"https:\\\/\\\/www.amanien.info\\\/news\\\/mobilite-urbaine-et-amelioration-de-la-circulation-des-personnes-le-premier-vice-gouverneur-du-daa-danho-paulin-inaugure-les-gares-multimodales-et-les-espaces-commerciaux-dadjame-liberte\\\/\",\"url\":\"https:\\\/\\\/www.amanien.info\\\/news\\\/mobilite-urbaine-et-amelioration-de-la-circulation-des-personnes-le-premier-vice-gouverneur-du-daa-danho-paulin-inaugure-les-gares-multimodales-et-les-espaces-commerciaux-dadjame-liberte\\\/\",\"name\":\"Mobilit\u00e9 urbaine et am\u00e9lioration de la circulation des personnes : le premier Vice-gouverneur du DAA, Danho Paulin inaugure les gares multimodales et les espaces commerciaux d'Adjam\u00e9-Libert\u00e9\u00a0 - Amanien| L&#039;actualit\u00e9 Ivoirienne et Internationale\",\"isPartOf\":{\"@id\":\"https:\\\/\\\/www.amanien.info\\\/news\\\/#website\"},\"primaryImageOfPage\":{\"@id\":\"https:\\\/\\\/www.amanien.info\\\/news\\\/mobilite-urbaine-et-amelioration-de-la-circulation-des-personnes-le-premier-vice-gouverneur-du-daa-danho-paulin-inaugure-les-gares-multimodales-et-les-espaces-commerciaux-dadjame-liberte\\\/#primaryimage\"},\"image\":{\"@id\":\"https:\\\/\\\/www.amanien.info\\\/news\\\/mobilite-urbaine-et-amelioration-de-la-circulation-des-personnes-le-premier-vice-gouverneur-du-daa-danho-paulin-inaugure-les-gares-multimodales-et-les-espaces-commerciaux-dadjame-liberte\\\/#primaryimage\"},\"thumbnailUrl\":\"https:\\\/\\\/www.amanien.info\\\/news\\\/wp-content\\\/uploads\\\/2026\\\/04\\\/IMG-20260429-WA0025.jpg\",\"datePublished\":\"2026-04-30T12:22:02+00:00\",\"author\":{\"@id\":\"https:\\\/\\\/www.amanien.info\\\/news\\\/#\\\/schema\\\/person\\\/b21093345753a1a98242d505bd894f42\"},\"breadcrumb\":{\"@id\":\"https:\\\/\\\/www.amanien.info\\\/news\\\/mobilite-urbaine-et-amelioration-de-la-circulation-des-personnes-le-premier-vice-gouverneur-du-daa-danho-paulin-inaugure-les-gares-multimodales-et-les-espaces-commerciaux-dadjame-liberte\\\/#breadcrumb\"},\"inLanguage\":\"fr-FR\",\"potentialAction\":[{\"@type\":\"ReadAction\",\"target\":[\"https:\\\/\\\/www.amanien.info\\\/news\\\/mobilite-urbaine-et-amelioration-de-la-circulation-des-personnes-le-premier-vice-gouverneur-du-daa-danho-paulin-inaugure-les-gares-multimodales-et-les-espaces-commerciaux-dadjame-liberte\\\/\"]}]},{\"@type\":\"ImageObject\",\"inLanguage\":\"fr-FR\",\"@id\":\"https:\\\/\\\/www.amanien.info\\\/news\\\/mobilite-urbaine-et-amelioration-de-la-circulation-des-personnes-le-premier-vice-gouverneur-du-daa-danho-paulin-inaugure-les-gares-multimodales-et-les-espaces-commerciaux-dadjame-liberte\\\/#primaryimage\",\"url\":\"https:\\\/\\\/www.amanien.info\\\/news\\\/wp-content\\\/uploads\\\/2026\\\/04\\\/IMG-20260429-WA0025.jpg\",\"contentUrl\":\"https:\\\/\\\/www.amanien.info\\\/news\\\/wp-content\\\/uploads\\\/2026\\\/04\\\/IMG-20260429-WA0025.jpg\",\"width\":1280,\"height\":853},{\"@type\":\"BreadcrumbList\",\"@id\":\"https:\\\/\\\/www.amanien.info\\\/news\\\/mobilite-urbaine-et-amelioration-de-la-circulation-des-personnes-le-premier-vice-gouverneur-du-daa-danho-paulin-inaugure-les-gares-multimodales-et-les-espaces-commerciaux-dadjame-liberte\\\/#breadcrumb\",\"itemListElement\":[{\"@type\":\"ListItem\",\"position\":1,\"name\":\"Accueil\",\"item\":\"https:\\\/\\\/www.amanien.info\\\/news\\\/\"},{\"@type\":\"ListItem\",\"position\":2,\"name\":\"Mobilit\u00e9 urbaine et am\u00e9lioration de la circulation des personnes : le premier Vice-gouverneur du DAA, Danho Paulin inaugure les gares multimodales et les espaces commerciaux d&rsquo;Adjam\u00e9-Libert\u00e9\u00a0\"}]},{\"@type\":\"WebSite\",\"@id\":\"https:\\\/\\\/www.amanien.info\\\/news\\\/#website\",\"url\":\"https:\\\/\\\/www.amanien.info\\\/news\\\/\",\"name\":\"Amanien| L&#039;actualit\u00e9 Ivoirienne et Internationale\",\"description\":\"L&#039;actualit\u00e9 Ivoirienne et Internationale\",\"potentialAction\":[{\"@type\":\"SearchAction\",\"target\":{\"@type\":\"EntryPoint\",\"urlTemplate\":\"https:\\\/\\\/www.amanien.info\\\/news\\\/?s={search_term_string}\"},\"query-input\":{\"@type\":\"PropertyValueSpecification\",\"valueRequired\":true,\"valueName\":\"search_term_string\"}}],\"inLanguage\":\"fr-FR\"},{\"@type\":\"Person\",\"@id\":\"https:\\\/\\\/www.amanien.info\\\/news\\\/#\\\/schema\\\/person\\\/b21093345753a1a98242d505bd894f42\",\"name\":\"Germain Ndri\",\"url\":\"https:\\\/\\\/www.amanien.info\\\/news\\\/author\\\/amanien-infos\\\/\"}]}<\/script>\n<!-- \/ Yoast SEO plugin. -->","yoast_head_json":{"title":"Mobilit\u00e9 urbaine et am\u00e9lioration de la circulation des personnes : le premier Vice-gouverneur du DAA, Danho Paulin inaugure les gares multimodales et les espaces commerciaux d'Adjam\u00e9-Libert\u00e9\u00a0 - Amanien| L&#039;actualit\u00e9 Ivoirienne et Internationale","robots":{"index":"index","follow":"follow","max-snippet":"max-snippet:-1","max-image-preview":"max-image-preview:large","max-video-preview":"max-video-preview:-1"},"canonical":"https:\/\/www.amanien.info\/news\/mobilite-urbaine-et-amelioration-de-la-circulation-des-personnes-le-premier-vice-gouverneur-du-daa-danho-paulin-inaugure-les-gares-multimodales-et-les-espaces-commerciaux-dadjame-liberte\/","og_locale":"fr_FR","og_type":"article","og_title":"Mobilit\u00e9 urbaine et am\u00e9lioration de la circulation des personnes : le premier Vice-gouverneur du DAA, Danho Paulin inaugure les gares multimodales et les espaces commerciaux d'Adjam\u00e9-Libert\u00e9\u00a0 - Amanien| L&#039;actualit\u00e9 Ivoirienne et Internationale","og_description":"Le premier Vice-gouverneur du District Autonome d&rsquo;Abidjan (DAA),\u00a0 Danho Claude Paulin, a proc\u00e9d\u00e9, le mardi 28 avril 2026, \u00e0 l&rsquo;inauguration du rond point, des gares multimodales et des espaces commerciaux d&rsquo;Adjam\u00e9-Libert\u00e9 220 logements.\u00a0 C&rsquo;\u00e9tait en pr\u00e9sence du 4\u00e8 adjoint au maire de la Mairie d&rsquo;Adjam\u00e9, en charge de l&rsquo;hygi\u00e8ne, de la salubrit\u00e9 et de l&rsquo;environnement, [&hellip;]","og_url":"https:\/\/www.amanien.info\/news\/mobilite-urbaine-et-amelioration-de-la-circulation-des-personnes-le-premier-vice-gouverneur-du-daa-danho-paulin-inaugure-les-gares-multimodales-et-les-espaces-commerciaux-dadjame-liberte\/","og_site_name":"Amanien| L&#039;actualit\u00e9 Ivoirienne et Internationale","article_published_time":"2026-04-30T12:22:02+00:00","og_image":[{"width":1280,"height":853,"url":"https:\/\/www.amanien.info\/news\/wp-content\/uploads\/2026\/04\/IMG-20260429-WA0025.jpg","type":"image\/jpeg"}],"author":"Germain Ndri","twitter_card":"summary_large_image","twitter_misc":{"\u00c9crit par":"Germain Ndri","Dur\u00e9e de lecture estim\u00e9e":"3 minutes"},"schema":{"@context":"https:\/\/schema.org","@graph":[{"@type":"Article","@id":"https:\/\/www.amanien.info\/news\/mobilite-urbaine-et-amelioration-de-la-circulation-des-personnes-le-premier-vice-gouverneur-du-daa-danho-paulin-inaugure-les-gares-multimodales-et-les-espaces-commerciaux-dadjame-liberte\/#article","isPartOf":{"@id":"https:\/\/www.amanien.info\/news\/mobilite-urbaine-et-amelioration-de-la-circulation-des-personnes-le-premier-vice-gouverneur-du-daa-danho-paulin-inaugure-les-gares-multimodales-et-les-espaces-commerciaux-dadjame-liberte\/"},"author":{"name":"Germain Ndri","@id":"https:\/\/www.amanien.info\/news\/#\/schema\/person\/b21093345753a1a98242d505bd894f42"},"headline":"Mobilit\u00e9 urbaine et am\u00e9lioration de la circulation des personnes : le premier Vice-gouverneur du DAA, Danho Paulin inaugure les gares multimodales et les espaces commerciaux d&rsquo;Adjam\u00e9-Libert\u00e9\u00a0","datePublished":"2026-04-30T12:22:02+00:00","mainEntityOfPage":{"@id":"https:\/\/www.amanien.info\/news\/mobilite-urbaine-et-amelioration-de-la-circulation-des-personnes-le-premier-vice-gouverneur-du-daa-danho-paulin-inaugure-les-gares-multimodales-et-les-espaces-commerciaux-dadjame-liberte\/"},"wordCount":630,"image":{"@id":"https:\/\/www.amanien.info\/news\/mobilite-urbaine-et-amelioration-de-la-circulation-des-personnes-le-premier-vice-gouverneur-du-daa-danho-paulin-inaugure-les-gares-multimodales-et-les-espaces-commerciaux-dadjame-liberte\/#primaryimage"},"thumbnailUrl":"https:\/\/www.amanien.info\/news\/wp-content\/uploads\/2026\/04\/IMG-20260429-WA0025.jpg","inLanguage":"fr-FR"},{"@type":"WebPage","@id":"https:\/\/www.amanien.info\/news\/mobilite-urbaine-et-amelioration-de-la-circulation-des-personnes-le-premier-vice-gouverneur-du-daa-danho-paulin-inaugure-les-gares-multimodales-et-les-espaces-commerciaux-dadjame-liberte\/","url":"https:\/\/www.amanien.info\/news\/mobilite-urbaine-et-amelioration-de-la-circulation-des-personnes-le-premier-vice-gouverneur-du-daa-danho-paulin-inaugure-les-gares-multimodales-et-les-espaces-commerciaux-dadjame-liberte\/","name":"Mobilit\u00e9 urbaine et am\u00e9lioration de la circulation des personnes : le premier Vice-gouverneur du DAA, Danho Paulin inaugure les gares multimodales et les espaces commerciaux d'Adjam\u00e9-Libert\u00e9\u00a0 - Amanien| L&#039;actualit\u00e9 Ivoirienne et Internationale","isPartOf":{"@id":"https:\/\/www.amanien.info\/news\/#website"},"primaryImageOfPage":{"@id":"https:\/\/www.amanien.info\/news\/mobilite-urbaine-et-amelioration-de-la-circulation-des-personnes-le-premier-vice-gouverneur-du-daa-danho-paulin-inaugure-les-gares-multimodales-et-les-espaces-commerciaux-dadjame-liberte\/#primaryimage"},"image":{"@id":"https:\/\/www.amanien.info\/news\/mobilite-urbaine-et-amelioration-de-la-circulation-des-personnes-le-premier-vice-gouverneur-du-daa-danho-paulin-inaugure-les-gares-multimodales-et-les-espaces-commerciaux-dadjame-liberte\/#primaryimage"},"thumbnailUrl":"https:\/\/www.amanien.info\/news\/wp-content\/uploads\/2026\/04\/IMG-20260429-WA0025.jpg","datePublished":"2026-04-30T12:22:02+00:00","author":{"@id":"https:\/\/www.amanien.info\/news\/#\/schema\/person\/b21093345753a1a98242d505bd894f42"},"breadcrumb":{"@id":"https:\/\/www.amanien.info\/news\/mobilite-urbaine-et-amelioration-de-la-circulation-des-personnes-le-premier-vice-gouverneur-du-daa-danho-paulin-inaugure-les-gares-multimodales-et-les-espaces-commerciaux-dadjame-liberte\/#breadcrumb"},"inLanguage":"fr-FR","potentialAction":[{"@type":"ReadAction","target":["https:\/\/www.amanien.info\/news\/mobilite-urbaine-et-amelioration-de-la-circulation-des-personnes-le-premier-vice-gouverneur-du-daa-danho-paulin-inaugure-les-gares-multimodales-et-les-espaces-commerciaux-dadjame-liberte\/"]}]},{"@type":"ImageObject","inLanguage":"fr-FR","@id":"https:\/\/www.amanien.info\/news\/mobilite-urbaine-et-amelioration-de-la-circulation-des-personnes-le-premier-vice-gouverneur-du-daa-danho-paulin-inaugure-les-gares-multimodales-et-les-espaces-commerciaux-dadjame-liberte\/#primaryimage","url":"https:\/\/www.amanien.info\/news\/wp-content\/uploads\/2026\/04\/IMG-20260429-WA0025.jpg","contentUrl":"https:\/\/www.amanien.info\/news\/wp-content\/uploads\/2026\/04\/IMG-20260429-WA0025.jpg","width":1280,"height":853},{"@type":"BreadcrumbList","@id":"https:\/\/www.amanien.info\/news\/mobilite-urbaine-et-amelioration-de-la-circulation-des-personnes-le-premier-vice-gouverneur-du-daa-danho-paulin-inaugure-les-gares-multimodales-et-les-espaces-commerciaux-dadjame-liberte\/#breadcrumb","itemListElement":[{"@type":"ListItem","position":1,"name":"Accueil","item":"https:\/\/www.amanien.info\/news\/"},{"@type":"ListItem","position":2,"name":"Mobilit\u00e9 urbaine et am\u00e9lioration de la circulation des personnes : le premier Vice-gouverneur du DAA, Danho Paulin inaugure les gares multimodales et les espaces commerciaux d&rsquo;Adjam\u00e9-Libert\u00e9\u00a0"}]},{"@type":"WebSite","@id":"https:\/\/www.amanien.info\/news\/#website","url":"https:\/\/www.amanien.info\/news\/","name":"Amanien| L&#039;actualit\u00e9 Ivoirienne et Internationale","description":"L&#039;actualit\u00e9 Ivoirienne et Internationale","potentialAction":[{"@type":"SearchAction","target":{"@type":"EntryPoint","urlTemplate":"https:\/\/www.amanien.info\/news\/?s={search_term_string}"},"query-input":{"@type":"PropertyValueSpecification","valueRequired":true,"valueName":"search_term_string"}}],"inLanguage":"fr-FR"},{"@type":"Person","@id":"https:\/\/www.amanien.info\/news\/#\/schema\/person\/b21093345753a1a98242d505bd894f42","name":"Germain Ndri","url":"https:\/\/www.amanien.info\/news\/author\/amanien-infos\/"}]}},"_links":{"self":[{"href":"https:\/\/www.amanien.info\/news\/wp-json\/wp\/v2\/posts\/7937","targetHints":{"allow":["GET"]}}],"collection":[{"href":"https:\/\/www.amanien.info\/news\/wp-json\/wp\/v2\/posts"}],"about":[{"href":"https:\/\/www.amanien.info\/news\/wp-json\/wp\/v2\/types\/post"}],"author":[{"embeddable":true,"href":"https:\/\/www.amanien.info\/news\/wp-json\/wp\/v2\/users\/2"}],"replies":[{"embeddable":true,"href":"https:\/\/www.amanien.info\/news\/wp-json\/wp\/v2\/comments?post=7937"}],"version-history":[{"count":1,"href":"https:\/\/www.amanien.info\/news\/wp-json\/wp\/v2\/posts\/7937\/revisions"}],"predecessor-version":[{"id":7939,"href":"https:\/\/www.amanien.info\/news\/wp-json\/wp\/v2\/posts\/7937\/revisions\/7939"}],"wp:featuredmedia":[{"embeddable":true,"href":"https:\/\/www.amanien.info\/news\/wp-json\/wp\/v2\/media\/7938"}],"wp:attachment":[{"href":"https:\/\/www.amanien.info\/news\/wp-json\/wp\/v2\/media?parent=7937"}],"wp:term":[{"taxonomy":"category","embeddable":true,"href":"https:\/\/www.amanien.info\/news\/wp-json\/wp\/v2\/categories?post=7937"},{"taxonomy":"post_tag","embeddable":true,"href":"https:\/\/www.amanien.info\/news\/wp-json\/wp\/v2\/tags?post=7937"}],"curies":[{"name":"wp","href":"https:\/\/api.w.org\/{rel}","templated":true}]}}