{"id":7934,"date":"2026-04-25T10:54:50","date_gmt":"2026-04-25T10:54:50","guid":{"rendered":"https:\/\/www.amanien.info\/news\/?p=7934"},"modified":"2026-04-25T10:54:50","modified_gmt":"2026-04-25T10:54:50","slug":"lutte-contre-le-tabagisme-et-lalcoolisme-en-milieu-scolaire-et-universitaire-ouverture-a-abidjan-du-simpa-2026","status":"publish","type":"post","link":"https:\/\/www.amanien.info\/news\/lutte-contre-le-tabagisme-et-lalcoolisme-en-milieu-scolaire-et-universitaire-ouverture-a-abidjan-du-simpa-2026\/","title":{"rendered":"Lutte contre le tabagisme et l&rsquo;alcoolisme en milieu scolaire et universitaire : ouverture \u00e0 Abidjan du SIMPA 2026"},"content":{"rendered":"<div><span style=\"text-transform: initial;\">La premi\u00e8re \u00e9dition du Salon international des m\u00e9dias sur la pr\u00e9vention de l\u2019addiction (SIMPA 2026) a ouvert ses portes, le jeudi 23 avril 2026, au Centre ivoiro-cor\u00e9en d\u2019Adjam\u00e9 Abidjan, en pr\u00e9sence des officiels, partenaires et hommes de m\u00e9dias sur les diff\u00e9rentes addictions, ph\u00e9nom\u00e8nes qui gangr\u00e8nent la jeunesse ivoirienne. Ainsi, le Simpa vient r\u00e9pondre \u00e0 ce d\u00e9fi, qui inqui\u00e8te les autorit\u00e9s et les parents aujourd\u2019hui.<\/span><\/div>\n<div><\/div>\n<div>A l&rsquo;ouverture dudit salon, Dimitri Agoutsi, responsable du R\u00e9seau des communicateurs pour la lutte contre le tabagisme et l\u2019alcoolisme en milieu scolaire et universitaire (Recltasu), par ailleurs initiateur du SIMPA, a indiqu\u00e9 que ce salon vise \u00e0 \u00ab unir les efforts, parce que la lutte contre les addictions est un ph\u00e9nom\u00e8ne alarmant \u00bb. A l&rsquo;en croire, ce ph\u00e9nom\u00e8ne d\u00e9truit de plus en plus la jeunesse ivoirienne.<\/div>\n<div><\/div>\n<div><\/div>\n<div>Pour sa part, Eric Dogbo Gnanaka, pr\u00e9sident du R\u00e9seau de la soci\u00e9t\u00e9 civile africaine, a rappel\u00e9 la responsabilit\u00e9 sociale des communicateurs. Pour lui, les m\u00e9dias doivent imp\u00e9rativement devenir des relais d\u2019\u00e9ducation efficaces pour pr\u00e9venir les risques li\u00e9s aux substances psychoactives.<\/div>\n<div><\/div>\n<div><\/div>\n<div>Repr\u00e9sentant le ministre de la Sant\u00e9, de l\u2019Hygi\u00e8ne publique et de la Couverture maladie universelle, Pierre N\u2019gou Dimba, le Pr Soro Kountete Gona, a exhort\u00e9 les participants \u00e0 s\u2019approprier les outils de cette formation.<\/div>\n<div><\/div>\n<div>\u00ab Le gouvernement place la pr\u00e9vention des addictions, surtout chez les jeunes, au c\u0153ur de ses priorit\u00e9s. Il est crucial que les journalistes diffusent des informations fiables pour prot\u00e9ger notre jeunesse \u00bb, a-t-il d\u00e9clar\u00e9.<\/div>\n<div><\/div>\n<div>Au cours de ce Simpa, des personnalit\u00e9s ont \u00e9t\u00e9 distingu\u00e9es pr\u00e9sidents d\u2019honneur, notamment Benjamin T\u00e9h\u00e9 et Eric Dogbo pour leurs appuis aux activit\u00e9s du Recltasu. Sans oublier Eunice Kouadio qui fut d\u00e9sign\u00e9e meilleure slameuse 2026.<\/div>\n<div><\/div>\n<div><\/div>\n<div>Cette c\u00e9r\u00e9monie d&rsquo;ouverture a \u00e9t\u00e9 marqu\u00e9e par une formation technique\u00a0 sur : \u00ab\u00a0L&rsquo;analyse des causes et des cons\u00e9quences du tabagisme et de la drogue\u00a0\u00bb et le partage des techniques de communication adapt\u00e9es au public jeune.<\/div>\n<div><\/div>\n<div><\/div>\n<div><b>S.A.<\/b><\/div>\n","protected":false},"excerpt":{"rendered":"<p>La premi\u00e8re \u00e9dition du Salon international des m\u00e9dias sur la pr\u00e9vention de l\u2019addiction (SIMPA 2026) a ouvert ses portes, le jeudi 23 avril 2026, au Centre ivoiro-cor\u00e9en d\u2019Adjam\u00e9 Abidjan, en pr\u00e9sence des officiels, partenaires et hommes de m\u00e9dias sur les diff\u00e9rentes addictions, ph\u00e9nom\u00e8nes qui gangr\u00e8nent la jeunesse ivoirienne. Ainsi, le Simpa vient r\u00e9pondre \u00e0 ce [&hellip;]<\/p>\n","protected":false},"author":2,"featured_media":7935,"comment_status":"closed","ping_status":"closed","sticky":false,"template":"","format":"standard","meta":{"_acf_changed":false,"footnotes":""},"categories":[],"tags":[],"class_list":["post-7934","post","type-post","status-publish","format-standard","has-post-thumbnail","hentry"],"acf":[],"yoast_head":"<!-- This site is optimized with the Yoast SEO plugin v27.4 - https:\/\/yoast.com\/product\/yoast-seo-wordpress\/ -->\n<title>Lutte contre le tabagisme et l&#039;alcoolisme en milieu scolaire et universitaire : ouverture \u00e0 Abidjan du SIMPA 2026 - Amanien| L&#039;actualit\u00e9 Ivoirienne et Internationale<\/title>\n<meta name=\"robots\" content=\"index, follow, max-snippet:-1, max-image-preview:large, max-video-preview:-1\" \/>\n<link rel=\"canonical\" href=\"https:\/\/www.amanien.info\/news\/lutte-contre-le-tabagisme-et-lalcoolisme-en-milieu-scolaire-et-universitaire-ouverture-a-abidjan-du-simpa-2026\/\" \/>\n<meta property=\"og:locale\" content=\"fr_FR\" \/>\n<meta property=\"og:type\" content=\"article\" \/>\n<meta property=\"og:title\" content=\"Lutte contre le tabagisme et l&#039;alcoolisme en milieu scolaire et universitaire : ouverture \u00e0 Abidjan du SIMPA 2026 - Amanien| L&#039;actualit\u00e9 Ivoirienne et Internationale\" \/>\n<meta property=\"og:description\" content=\"La premi\u00e8re \u00e9dition du Salon international des m\u00e9dias sur la pr\u00e9vention de l\u2019addiction (SIMPA 2026) a ouvert ses portes, le jeudi 23 avril 2026, au Centre ivoiro-cor\u00e9en d\u2019Adjam\u00e9 Abidjan, en pr\u00e9sence des officiels, partenaires et hommes de m\u00e9dias sur les diff\u00e9rentes addictions, ph\u00e9nom\u00e8nes qui gangr\u00e8nent la jeunesse ivoirienne. Ainsi, le Simpa vient r\u00e9pondre \u00e0 ce [&hellip;]\" \/>\n<meta property=\"og:url\" content=\"https:\/\/www.amanien.info\/news\/lutte-contre-le-tabagisme-et-lalcoolisme-en-milieu-scolaire-et-universitaire-ouverture-a-abidjan-du-simpa-2026\/\" \/>\n<meta property=\"og:site_name\" content=\"Amanien| L&#039;actualit\u00e9 Ivoirienne et Internationale\" \/>\n<meta property=\"article:published_time\" content=\"2026-04-25T10:54:50+00:00\" \/>\n<meta property=\"og:image\" content=\"https:\/\/www.amanien.info\/news\/wp-content\/uploads\/2026\/04\/image_870x_69eb38dc32d76.jpg\" \/>\n\t<meta property=\"og:image:width\" content=\"870\" \/>\n\t<meta property=\"og:image:height\" content=\"489\" \/>\n\t<meta property=\"og:image:type\" content=\"image\/jpeg\" \/>\n<meta name=\"author\" content=\"Germain Ndri\" \/>\n<meta name=\"twitter:card\" content=\"summary_large_image\" \/>\n<meta name=\"twitter:label1\" content=\"\u00c9crit par\" \/>\n\t<meta name=\"twitter:data1\" content=\"Germain Ndri\" \/>\n\t<meta name=\"twitter:label2\" content=\"Dur\u00e9e de lecture estim\u00e9e\" \/>\n\t<meta name=\"twitter:data2\" content=\"2 minutes\" \/>\n<script type=\"application\/ld+json\" class=\"yoast-schema-graph\">{\"@context\":\"https:\\\/\\\/schema.org\",\"@graph\":[{\"@type\":\"Article\",\"@id\":\"https:\\\/\\\/www.amanien.info\\\/news\\\/lutte-contre-le-tabagisme-et-lalcoolisme-en-milieu-scolaire-et-universitaire-ouverture-a-abidjan-du-simpa-2026\\\/#article\",\"isPartOf\":{\"@id\":\"https:\\\/\\\/www.amanien.info\\\/news\\\/lutte-contre-le-tabagisme-et-lalcoolisme-en-milieu-scolaire-et-universitaire-ouverture-a-abidjan-du-simpa-2026\\\/\"},\"author\":{\"name\":\"Germain Ndri\",\"@id\":\"https:\\\/\\\/www.amanien.info\\\/news\\\/#\\\/schema\\\/person\\\/b21093345753a1a98242d505bd894f42\"},\"headline\":\"Lutte contre le tabagisme et l&rsquo;alcoolisme en milieu scolaire et universitaire : ouverture \u00e0 Abidjan du SIMPA 2026\",\"datePublished\":\"2026-04-25T10:54:50+00:00\",\"mainEntityOfPage\":{\"@id\":\"https:\\\/\\\/www.amanien.info\\\/news\\\/lutte-contre-le-tabagisme-et-lalcoolisme-en-milieu-scolaire-et-universitaire-ouverture-a-abidjan-du-simpa-2026\\\/\"},\"wordCount\":373,\"image\":{\"@id\":\"https:\\\/\\\/www.amanien.info\\\/news\\\/lutte-contre-le-tabagisme-et-lalcoolisme-en-milieu-scolaire-et-universitaire-ouverture-a-abidjan-du-simpa-2026\\\/#primaryimage\"},\"thumbnailUrl\":\"https:\\\/\\\/www.amanien.info\\\/news\\\/wp-content\\\/uploads\\\/2026\\\/04\\\/image_870x_69eb38dc32d76.jpg\",\"inLanguage\":\"fr-FR\"},{\"@type\":\"WebPage\",\"@id\":\"https:\\\/\\\/www.amanien.info\\\/news\\\/lutte-contre-le-tabagisme-et-lalcoolisme-en-milieu-scolaire-et-universitaire-ouverture-a-abidjan-du-simpa-2026\\\/\",\"url\":\"https:\\\/\\\/www.amanien.info\\\/news\\\/lutte-contre-le-tabagisme-et-lalcoolisme-en-milieu-scolaire-et-universitaire-ouverture-a-abidjan-du-simpa-2026\\\/\",\"name\":\"Lutte contre le tabagisme et l'alcoolisme en milieu scolaire et universitaire : ouverture \u00e0 Abidjan du SIMPA 2026 - Amanien| L&#039;actualit\u00e9 Ivoirienne et Internationale\",\"isPartOf\":{\"@id\":\"https:\\\/\\\/www.amanien.info\\\/news\\\/#website\"},\"primaryImageOfPage\":{\"@id\":\"https:\\\/\\\/www.amanien.info\\\/news\\\/lutte-contre-le-tabagisme-et-lalcoolisme-en-milieu-scolaire-et-universitaire-ouverture-a-abidjan-du-simpa-2026\\\/#primaryimage\"},\"image\":{\"@id\":\"https:\\\/\\\/www.amanien.info\\\/news\\\/lutte-contre-le-tabagisme-et-lalcoolisme-en-milieu-scolaire-et-universitaire-ouverture-a-abidjan-du-simpa-2026\\\/#primaryimage\"},\"thumbnailUrl\":\"https:\\\/\\\/www.amanien.info\\\/news\\\/wp-content\\\/uploads\\\/2026\\\/04\\\/image_870x_69eb38dc32d76.jpg\",\"datePublished\":\"2026-04-25T10:54:50+00:00\",\"author\":{\"@id\":\"https:\\\/\\\/www.amanien.info\\\/news\\\/#\\\/schema\\\/person\\\/b21093345753a1a98242d505bd894f42\"},\"breadcrumb\":{\"@id\":\"https:\\\/\\\/www.amanien.info\\\/news\\\/lutte-contre-le-tabagisme-et-lalcoolisme-en-milieu-scolaire-et-universitaire-ouverture-a-abidjan-du-simpa-2026\\\/#breadcrumb\"},\"inLanguage\":\"fr-FR\",\"potentialAction\":[{\"@type\":\"ReadAction\",\"target\":[\"https:\\\/\\\/www.amanien.info\\\/news\\\/lutte-contre-le-tabagisme-et-lalcoolisme-en-milieu-scolaire-et-universitaire-ouverture-a-abidjan-du-simpa-2026\\\/\"]}]},{\"@type\":\"ImageObject\",\"inLanguage\":\"fr-FR\",\"@id\":\"https:\\\/\\\/www.amanien.info\\\/news\\\/lutte-contre-le-tabagisme-et-lalcoolisme-en-milieu-scolaire-et-universitaire-ouverture-a-abidjan-du-simpa-2026\\\/#primaryimage\",\"url\":\"https:\\\/\\\/www.amanien.info\\\/news\\\/wp-content\\\/uploads\\\/2026\\\/04\\\/image_870x_69eb38dc32d76.jpg\",\"contentUrl\":\"https:\\\/\\\/www.amanien.info\\\/news\\\/wp-content\\\/uploads\\\/2026\\\/04\\\/image_870x_69eb38dc32d76.jpg\",\"width\":870,\"height\":489},{\"@type\":\"BreadcrumbList\",\"@id\":\"https:\\\/\\\/www.amanien.info\\\/news\\\/lutte-contre-le-tabagisme-et-lalcoolisme-en-milieu-scolaire-et-universitaire-ouverture-a-abidjan-du-simpa-2026\\\/#breadcrumb\",\"itemListElement\":[{\"@type\":\"ListItem\",\"position\":1,\"name\":\"Accueil\",\"item\":\"https:\\\/\\\/www.amanien.info\\\/news\\\/\"},{\"@type\":\"ListItem\",\"position\":2,\"name\":\"Lutte contre le tabagisme et l&rsquo;alcoolisme en milieu scolaire et universitaire : ouverture \u00e0 Abidjan du SIMPA 2026\"}]},{\"@type\":\"WebSite\",\"@id\":\"https:\\\/\\\/www.amanien.info\\\/news\\\/#website\",\"url\":\"https:\\\/\\\/www.amanien.info\\\/news\\\/\",\"name\":\"Amanien| L&#039;actualit\u00e9 Ivoirienne et Internationale\",\"description\":\"L&#039;actualit\u00e9 Ivoirienne et Internationale\",\"potentialAction\":[{\"@type\":\"SearchAction\",\"target\":{\"@type\":\"EntryPoint\",\"urlTemplate\":\"https:\\\/\\\/www.amanien.info\\\/news\\\/?s={search_term_string}\"},\"query-input\":{\"@type\":\"PropertyValueSpecification\",\"valueRequired\":true,\"valueName\":\"search_term_string\"}}],\"inLanguage\":\"fr-FR\"},{\"@type\":\"Person\",\"@id\":\"https:\\\/\\\/www.amanien.info\\\/news\\\/#\\\/schema\\\/person\\\/b21093345753a1a98242d505bd894f42\",\"name\":\"Germain Ndri\",\"url\":\"https:\\\/\\\/www.amanien.info\\\/news\\\/author\\\/amanien-infos\\\/\"}]}<\/script>\n<!-- \/ Yoast SEO plugin. -->","yoast_head_json":{"title":"Lutte contre le tabagisme et l'alcoolisme en milieu scolaire et universitaire : ouverture \u00e0 Abidjan du SIMPA 2026 - Amanien| L&#039;actualit\u00e9 Ivoirienne et Internationale","robots":{"index":"index","follow":"follow","max-snippet":"max-snippet:-1","max-image-preview":"max-image-preview:large","max-video-preview":"max-video-preview:-1"},"canonical":"https:\/\/www.amanien.info\/news\/lutte-contre-le-tabagisme-et-lalcoolisme-en-milieu-scolaire-et-universitaire-ouverture-a-abidjan-du-simpa-2026\/","og_locale":"fr_FR","og_type":"article","og_title":"Lutte contre le tabagisme et l'alcoolisme en milieu scolaire et universitaire : ouverture \u00e0 Abidjan du SIMPA 2026 - Amanien| L&#039;actualit\u00e9 Ivoirienne et Internationale","og_description":"La premi\u00e8re \u00e9dition du Salon international des m\u00e9dias sur la pr\u00e9vention de l\u2019addiction (SIMPA 2026) a ouvert ses portes, le jeudi 23 avril 2026, au Centre ivoiro-cor\u00e9en d\u2019Adjam\u00e9 Abidjan, en pr\u00e9sence des officiels, partenaires et hommes de m\u00e9dias sur les diff\u00e9rentes addictions, ph\u00e9nom\u00e8nes qui gangr\u00e8nent la jeunesse ivoirienne. Ainsi, le Simpa vient r\u00e9pondre \u00e0 ce [&hellip;]","og_url":"https:\/\/www.amanien.info\/news\/lutte-contre-le-tabagisme-et-lalcoolisme-en-milieu-scolaire-et-universitaire-ouverture-a-abidjan-du-simpa-2026\/","og_site_name":"Amanien| L&#039;actualit\u00e9 Ivoirienne et Internationale","article_published_time":"2026-04-25T10:54:50+00:00","og_image":[{"width":870,"height":489,"url":"https:\/\/www.amanien.info\/news\/wp-content\/uploads\/2026\/04\/image_870x_69eb38dc32d76.jpg","type":"image\/jpeg"}],"author":"Germain Ndri","twitter_card":"summary_large_image","twitter_misc":{"\u00c9crit par":"Germain Ndri","Dur\u00e9e de lecture estim\u00e9e":"2 minutes"},"schema":{"@context":"https:\/\/schema.org","@graph":[{"@type":"Article","@id":"https:\/\/www.amanien.info\/news\/lutte-contre-le-tabagisme-et-lalcoolisme-en-milieu-scolaire-et-universitaire-ouverture-a-abidjan-du-simpa-2026\/#article","isPartOf":{"@id":"https:\/\/www.amanien.info\/news\/lutte-contre-le-tabagisme-et-lalcoolisme-en-milieu-scolaire-et-universitaire-ouverture-a-abidjan-du-simpa-2026\/"},"author":{"name":"Germain Ndri","@id":"https:\/\/www.amanien.info\/news\/#\/schema\/person\/b21093345753a1a98242d505bd894f42"},"headline":"Lutte contre le tabagisme et l&rsquo;alcoolisme en milieu scolaire et universitaire : ouverture \u00e0 Abidjan du SIMPA 2026","datePublished":"2026-04-25T10:54:50+00:00","mainEntityOfPage":{"@id":"https:\/\/www.amanien.info\/news\/lutte-contre-le-tabagisme-et-lalcoolisme-en-milieu-scolaire-et-universitaire-ouverture-a-abidjan-du-simpa-2026\/"},"wordCount":373,"image":{"@id":"https:\/\/www.amanien.info\/news\/lutte-contre-le-tabagisme-et-lalcoolisme-en-milieu-scolaire-et-universitaire-ouverture-a-abidjan-du-simpa-2026\/#primaryimage"},"thumbnailUrl":"https:\/\/www.amanien.info\/news\/wp-content\/uploads\/2026\/04\/image_870x_69eb38dc32d76.jpg","inLanguage":"fr-FR"},{"@type":"WebPage","@id":"https:\/\/www.amanien.info\/news\/lutte-contre-le-tabagisme-et-lalcoolisme-en-milieu-scolaire-et-universitaire-ouverture-a-abidjan-du-simpa-2026\/","url":"https:\/\/www.amanien.info\/news\/lutte-contre-le-tabagisme-et-lalcoolisme-en-milieu-scolaire-et-universitaire-ouverture-a-abidjan-du-simpa-2026\/","name":"Lutte contre le tabagisme et l'alcoolisme en milieu scolaire et universitaire : ouverture \u00e0 Abidjan du SIMPA 2026 - Amanien| L&#039;actualit\u00e9 Ivoirienne et Internationale","isPartOf":{"@id":"https:\/\/www.amanien.info\/news\/#website"},"primaryImageOfPage":{"@id":"https:\/\/www.amanien.info\/news\/lutte-contre-le-tabagisme-et-lalcoolisme-en-milieu-scolaire-et-universitaire-ouverture-a-abidjan-du-simpa-2026\/#primaryimage"},"image":{"@id":"https:\/\/www.amanien.info\/news\/lutte-contre-le-tabagisme-et-lalcoolisme-en-milieu-scolaire-et-universitaire-ouverture-a-abidjan-du-simpa-2026\/#primaryimage"},"thumbnailUrl":"https:\/\/www.amanien.info\/news\/wp-content\/uploads\/2026\/04\/image_870x_69eb38dc32d76.jpg","datePublished":"2026-04-25T10:54:50+00:00","author":{"@id":"https:\/\/www.amanien.info\/news\/#\/schema\/person\/b21093345753a1a98242d505bd894f42"},"breadcrumb":{"@id":"https:\/\/www.amanien.info\/news\/lutte-contre-le-tabagisme-et-lalcoolisme-en-milieu-scolaire-et-universitaire-ouverture-a-abidjan-du-simpa-2026\/#breadcrumb"},"inLanguage":"fr-FR","potentialAction":[{"@type":"ReadAction","target":["https:\/\/www.amanien.info\/news\/lutte-contre-le-tabagisme-et-lalcoolisme-en-milieu-scolaire-et-universitaire-ouverture-a-abidjan-du-simpa-2026\/"]}]},{"@type":"ImageObject","inLanguage":"fr-FR","@id":"https:\/\/www.amanien.info\/news\/lutte-contre-le-tabagisme-et-lalcoolisme-en-milieu-scolaire-et-universitaire-ouverture-a-abidjan-du-simpa-2026\/#primaryimage","url":"https:\/\/www.amanien.info\/news\/wp-content\/uploads\/2026\/04\/image_870x_69eb38dc32d76.jpg","contentUrl":"https:\/\/www.amanien.info\/news\/wp-content\/uploads\/2026\/04\/image_870x_69eb38dc32d76.jpg","width":870,"height":489},{"@type":"BreadcrumbList","@id":"https:\/\/www.amanien.info\/news\/lutte-contre-le-tabagisme-et-lalcoolisme-en-milieu-scolaire-et-universitaire-ouverture-a-abidjan-du-simpa-2026\/#breadcrumb","itemListElement":[{"@type":"ListItem","position":1,"name":"Accueil","item":"https:\/\/www.amanien.info\/news\/"},{"@type":"ListItem","position":2,"name":"Lutte contre le tabagisme et l&rsquo;alcoolisme en milieu scolaire et universitaire : ouverture \u00e0 Abidjan du SIMPA 2026"}]},{"@type":"WebSite","@id":"https:\/\/www.amanien.info\/news\/#website","url":"https:\/\/www.amanien.info\/news\/","name":"Amanien| L&#039;actualit\u00e9 Ivoirienne et Internationale","description":"L&#039;actualit\u00e9 Ivoirienne et Internationale","potentialAction":[{"@type":"SearchAction","target":{"@type":"EntryPoint","urlTemplate":"https:\/\/www.amanien.info\/news\/?s={search_term_string}"},"query-input":{"@type":"PropertyValueSpecification","valueRequired":true,"valueName":"search_term_string"}}],"inLanguage":"fr-FR"},{"@type":"Person","@id":"https:\/\/www.amanien.info\/news\/#\/schema\/person\/b21093345753a1a98242d505bd894f42","name":"Germain Ndri","url":"https:\/\/www.amanien.info\/news\/author\/amanien-infos\/"}]}},"_links":{"self":[{"href":"https:\/\/www.amanien.info\/news\/wp-json\/wp\/v2\/posts\/7934","targetHints":{"allow":["GET"]}}],"collection":[{"href":"https:\/\/www.amanien.info\/news\/wp-json\/wp\/v2\/posts"}],"about":[{"href":"https:\/\/www.amanien.info\/news\/wp-json\/wp\/v2\/types\/post"}],"author":[{"embeddable":true,"href":"https:\/\/www.amanien.info\/news\/wp-json\/wp\/v2\/users\/2"}],"replies":[{"embeddable":true,"href":"https:\/\/www.amanien.info\/news\/wp-json\/wp\/v2\/comments?post=7934"}],"version-history":[{"count":1,"href":"https:\/\/www.amanien.info\/news\/wp-json\/wp\/v2\/posts\/7934\/revisions"}],"predecessor-version":[{"id":7936,"href":"https:\/\/www.amanien.info\/news\/wp-json\/wp\/v2\/posts\/7934\/revisions\/7936"}],"wp:featuredmedia":[{"embeddable":true,"href":"https:\/\/www.amanien.info\/news\/wp-json\/wp\/v2\/media\/7935"}],"wp:attachment":[{"href":"https:\/\/www.amanien.info\/news\/wp-json\/wp\/v2\/media?parent=7934"}],"wp:term":[{"taxonomy":"category","embeddable":true,"href":"https:\/\/www.amanien.info\/news\/wp-json\/wp\/v2\/categories?post=7934"},{"taxonomy":"post_tag","embeddable":true,"href":"https:\/\/www.amanien.info\/news\/wp-json\/wp\/v2\/tags?post=7934"}],"curies":[{"name":"wp","href":"https:\/\/api.w.org\/{rel}","templated":true}]}}