{"id":7857,"date":"2026-03-16T16:32:47","date_gmt":"2026-03-16T16:32:47","guid":{"rendered":"https:\/\/www.amanien.info\/news\/?p=7857"},"modified":"2026-03-16T16:32:47","modified_gmt":"2026-03-16T16:32:47","slug":"abobo-7eme-edition-de-la-rupture-collective-du-jeune-de-la-famaj-ci-meite-daouda-appelle-a-lunion-des-populations-de-la-commune-dabobo","status":"publish","type":"post","link":"https:\/\/www.amanien.info\/news\/abobo-7eme-edition-de-la-rupture-collective-du-jeune-de-la-famaj-ci-meite-daouda-appelle-a-lunion-des-populations-de-la-commune-dabobo\/","title":{"rendered":"Abobo\/ 7\u00e8me \u00e9dition de la rupture collective du je\u00fbne de la FAMAJ-CI : M\u00e9it\u00e9 Daouda appelle \u00e0 l&rsquo;union des populations de la commune d&rsquo;Abobo"},"content":{"rendered":"<div>\u00a0<span style=\"text-transform: initial;\">La F\u00e9d\u00e9ration des Associations et Mouvements Actifs de Jeunesse de C\u00f4te d&rsquo;Ivoire (FAMAJ-CI) a organis\u00e9, le samedi 14 mars 2026, \u00e0 Abobo, la septi\u00e8me \u00e9dition de sa rupture collective de je\u00fbne, en pr\u00e9sence du Conseiller Charg\u00e9 de la jeunesse aupr\u00e8s de la Pr\u00e9sidente du S\u00e9nat, Ciss\u00e9 Likane M., du D\u00e9put\u00e9 SOUMAHORO Lassin\u00e9, de plusieurs guides religieux, musulmans, chr\u00e9tiens, femmes et jeunes.<\/span><\/div>\n<div><\/div>\n<div>A cette occasion, le Pr\u00e9sident de la FAMAJ-CI, M\u00e9it\u00e9 Daouda a invit\u00e9 tous les fils e filles de la commune d&rsquo;Abobo, \u00e0 l&rsquo;union, \u00e0 l&rsquo;inclusion sociale ainsi qu&rsquo;au vivre-ensemble.<\/div>\n<div><\/div>\n<div>\u00ab\u00a0Pour la construction, le d\u00e9veloppement et le bien-\u00eatre de notre commune, c&rsquo;est dans la paix, l&rsquo;inclusion sociale et le vivre-ensemble que nous pourrons r\u00e9ellement b\u00e9n\u00e9ficier des actions du gouvernement et du d\u00e9veloppement de notre pays\u00a0\u00bb, a-t-il expliqu\u00e9.<\/div>\n<div><\/div>\n<div>Pour lui, sans la paix, poursuit-il, \u00ab\u00a0nous ne pouvons pas construire notre belle commune (Abobo), qui est en plein chantier\u00a0\u00bb.<\/div>\n<div><\/div>\n<div>Il a \u00e9galement soulign\u00e9 que cette initiative de la FAMAJ-CI est une opportunit\u00e9 de partage. Selon le Pr\u00e9sident M\u00e9it\u00e9 Daouda, les membres de la FAMAJ-CI ont\u00a0 re\u00e7u des dons de la part de la Mairie d&rsquo;Abobo. La FAMAJ-CI a aussi fait des dons aux communaut\u00e9s musulmanes et chr\u00e9tiennes depuis le d\u00e9but du je\u00fbne.<\/div>\n<div><\/div>\n<div>M\u00e9it\u00e9 Daouda n&rsquo;a pas manqu\u00e9 de traduire sa reconnaissance \u00e0 Mme le Maire d&rsquo;Abobo, Kandia Camara qui a \u00e9norm\u00e9ment contribu\u00e9 \u00e0 ces dons.<\/div>\n<div><\/div>\n<div>De son c\u00f4t\u00e9, le Conseiller Charg\u00e9 de la jeunesse aupr\u00e8s de la Pr\u00e9sidente du S\u00e9nat, Ciss\u00e9 Likane M., repr\u00e9sentant la Pr\u00e9sidente du S\u00e9nat pour la circonstance, a rappel\u00e9 sa mission : soutenir et accompagner tous les responsables et leaders de jeunes dans les diff\u00e9rentes initiatives.<\/div>\n<div><\/div>\n<div>Aussi a-t-il exhort\u00e9 les jeunes au vivre-ensemble. Car, \u00ab\u00a0quand ils sont ensemble, ils sont plus forts\u00a0\u00bb, a-t-il expliqu\u00e9.<\/div>\n<div><\/div>\n<div>Dirigeant la pri\u00e8re, l&rsquo;Iman K\u00e9ita a exprim\u00e9 sa gratitude \u00e0 Allah pour ce moment de partage entre les diff\u00e9rentes communaut\u00e9s.<\/div>\n<div>Il a, ensuite, formul\u00e9 des pri\u00e8res pour la paix et la stabilit\u00e9 en C\u00f4te d&rsquo;Ivoire.<\/div>\n<div><\/div>\n<div>Pour sa part, le Pasteur Mathias Ehoussou, Secr\u00e9taire G\u00e9n\u00e9ral de la fraternit\u00e9 des guides religieux chr\u00e9tiens d&rsquo;Abobo, a exhort\u00e9 les jeunes \u00e0 continuer \u00e0 promouvoir la fraternit\u00e9 entre les diff\u00e9rentes confessions religieuses. Selon l&rsquo;homme de Dieu, ce genre d&rsquo;initiative renforce le dialogue interreligieux et contribue \u00e0 la consolidation de la paix.<\/div>\n<div><\/div>\n<div><\/div>\n<div>Cette rupture collective a \u00e9t\u00e9 marqu\u00e9e par des pri\u00e8res et le partage d&rsquo;un repas sous le sceau de la paix et la coh\u00e9sion sociale. Ce, dans une ambiance conviviale et fraternelle.<\/div>\n<div><\/div>\n<div><\/div>\n<div><\/div>\n<div><b>S.A.\u00a0<\/b><\/div>\n","protected":false},"excerpt":{"rendered":"<p>\u00a0La F\u00e9d\u00e9ration des Associations et Mouvements Actifs de Jeunesse de C\u00f4te d&rsquo;Ivoire (FAMAJ-CI) a organis\u00e9, le samedi 14 mars 2026, \u00e0 Abobo, la septi\u00e8me \u00e9dition de sa rupture collective de je\u00fbne, en pr\u00e9sence du Conseiller Charg\u00e9 de la jeunesse aupr\u00e8s de la Pr\u00e9sidente du S\u00e9nat, Ciss\u00e9 Likane M., du D\u00e9put\u00e9 SOUMAHORO Lassin\u00e9, de plusieurs guides [&hellip;]<\/p>\n","protected":false},"author":2,"featured_media":7858,"comment_status":"closed","ping_status":"closed","sticky":false,"template":"","format":"standard","meta":{"_acf_changed":false,"footnotes":""},"categories":[6],"tags":[],"class_list":["post-7857","post","type-post","status-publish","format-standard","has-post-thumbnail","hentry","category-religion"],"acf":[],"yoast_head":"<!-- This site is optimized with the Yoast SEO plugin v27.5 - https:\/\/yoast.com\/product\/yoast-seo-wordpress\/ -->\n<title>Abobo\/ 7\u00e8me \u00e9dition de la rupture collective du je\u00fbne de la FAMAJ-CI : M\u00e9it\u00e9 Daouda appelle \u00e0 l&#039;union des populations de la commune d&#039;Abobo - Amanien| L&#039;actualit\u00e9 Ivoirienne et Internationale<\/title>\n<meta name=\"robots\" content=\"index, follow, max-snippet:-1, max-image-preview:large, max-video-preview:-1\" \/>\n<link rel=\"canonical\" href=\"https:\/\/www.amanien.info\/news\/abobo-7eme-edition-de-la-rupture-collective-du-jeune-de-la-famaj-ci-meite-daouda-appelle-a-lunion-des-populations-de-la-commune-dabobo\/\" \/>\n<meta property=\"og:locale\" content=\"fr_FR\" \/>\n<meta property=\"og:type\" content=\"article\" \/>\n<meta property=\"og:title\" content=\"Abobo\/ 7\u00e8me \u00e9dition de la rupture collective du je\u00fbne de la FAMAJ-CI : M\u00e9it\u00e9 Daouda appelle \u00e0 l&#039;union des populations de la commune d&#039;Abobo - Amanien| L&#039;actualit\u00e9 Ivoirienne et Internationale\" \/>\n<meta property=\"og:description\" content=\"\u00a0La F\u00e9d\u00e9ration des Associations et Mouvements Actifs de Jeunesse de C\u00f4te d&rsquo;Ivoire (FAMAJ-CI) a organis\u00e9, le samedi 14 mars 2026, \u00e0 Abobo, la septi\u00e8me \u00e9dition de sa rupture collective de je\u00fbne, en pr\u00e9sence du Conseiller Charg\u00e9 de la jeunesse aupr\u00e8s de la Pr\u00e9sidente du S\u00e9nat, Ciss\u00e9 Likane M., du D\u00e9put\u00e9 SOUMAHORO Lassin\u00e9, de plusieurs guides [&hellip;]\" \/>\n<meta property=\"og:url\" content=\"https:\/\/www.amanien.info\/news\/abobo-7eme-edition-de-la-rupture-collective-du-jeune-de-la-famaj-ci-meite-daouda-appelle-a-lunion-des-populations-de-la-commune-dabobo\/\" \/>\n<meta property=\"og:site_name\" content=\"Amanien| L&#039;actualit\u00e9 Ivoirienne et Internationale\" \/>\n<meta property=\"article:published_time\" content=\"2026-03-16T16:32:47+00:00\" \/>\n<meta property=\"og:image\" content=\"https:\/\/www.amanien.info\/news\/wp-content\/uploads\/2026\/03\/IMG-20260316-WA0017.jpg\" \/>\n\t<meta property=\"og:image:width\" content=\"1040\" \/>\n\t<meta property=\"og:image:height\" content=\"780\" \/>\n\t<meta property=\"og:image:type\" content=\"image\/jpeg\" \/>\n<meta name=\"author\" content=\"Germain Ndri\" \/>\n<meta name=\"twitter:card\" content=\"summary_large_image\" \/>\n<meta name=\"twitter:label1\" content=\"\u00c9crit par\" \/>\n\t<meta name=\"twitter:data1\" content=\"Germain Ndri\" \/>\n\t<meta name=\"twitter:label2\" content=\"Dur\u00e9e de lecture estim\u00e9e\" \/>\n\t<meta name=\"twitter:data2\" content=\"3 minutes\" \/>\n<script type=\"application\/ld+json\" class=\"yoast-schema-graph\">{\"@context\":\"https:\\\/\\\/schema.org\",\"@graph\":[{\"@type\":\"Article\",\"@id\":\"https:\\\/\\\/www.amanien.info\\\/news\\\/abobo-7eme-edition-de-la-rupture-collective-du-jeune-de-la-famaj-ci-meite-daouda-appelle-a-lunion-des-populations-de-la-commune-dabobo\\\/#article\",\"isPartOf\":{\"@id\":\"https:\\\/\\\/www.amanien.info\\\/news\\\/abobo-7eme-edition-de-la-rupture-collective-du-jeune-de-la-famaj-ci-meite-daouda-appelle-a-lunion-des-populations-de-la-commune-dabobo\\\/\"},\"author\":{\"name\":\"Germain Ndri\",\"@id\":\"https:\\\/\\\/www.amanien.info\\\/news\\\/#\\\/schema\\\/person\\\/b21093345753a1a98242d505bd894f42\"},\"headline\":\"Abobo\\\/ 7\u00e8me \u00e9dition de la rupture collective du je\u00fbne de la FAMAJ-CI : M\u00e9it\u00e9 Daouda appelle \u00e0 l&rsquo;union des populations de la commune d&rsquo;Abobo\",\"datePublished\":\"2026-03-16T16:32:47+00:00\",\"mainEntityOfPage\":{\"@id\":\"https:\\\/\\\/www.amanien.info\\\/news\\\/abobo-7eme-edition-de-la-rupture-collective-du-jeune-de-la-famaj-ci-meite-daouda-appelle-a-lunion-des-populations-de-la-commune-dabobo\\\/\"},\"wordCount\":485,\"image\":{\"@id\":\"https:\\\/\\\/www.amanien.info\\\/news\\\/abobo-7eme-edition-de-la-rupture-collective-du-jeune-de-la-famaj-ci-meite-daouda-appelle-a-lunion-des-populations-de-la-commune-dabobo\\\/#primaryimage\"},\"thumbnailUrl\":\"https:\\\/\\\/www.amanien.info\\\/news\\\/wp-content\\\/uploads\\\/2026\\\/03\\\/IMG-20260316-WA0017.jpg\",\"articleSection\":[\"Religion\"],\"inLanguage\":\"fr-FR\"},{\"@type\":\"WebPage\",\"@id\":\"https:\\\/\\\/www.amanien.info\\\/news\\\/abobo-7eme-edition-de-la-rupture-collective-du-jeune-de-la-famaj-ci-meite-daouda-appelle-a-lunion-des-populations-de-la-commune-dabobo\\\/\",\"url\":\"https:\\\/\\\/www.amanien.info\\\/news\\\/abobo-7eme-edition-de-la-rupture-collective-du-jeune-de-la-famaj-ci-meite-daouda-appelle-a-lunion-des-populations-de-la-commune-dabobo\\\/\",\"name\":\"Abobo\\\/ 7\u00e8me \u00e9dition de la rupture collective du je\u00fbne de la FAMAJ-CI : M\u00e9it\u00e9 Daouda appelle \u00e0 l'union des populations de la commune d'Abobo - Amanien| L&#039;actualit\u00e9 Ivoirienne et Internationale\",\"isPartOf\":{\"@id\":\"https:\\\/\\\/www.amanien.info\\\/news\\\/#website\"},\"primaryImageOfPage\":{\"@id\":\"https:\\\/\\\/www.amanien.info\\\/news\\\/abobo-7eme-edition-de-la-rupture-collective-du-jeune-de-la-famaj-ci-meite-daouda-appelle-a-lunion-des-populations-de-la-commune-dabobo\\\/#primaryimage\"},\"image\":{\"@id\":\"https:\\\/\\\/www.amanien.info\\\/news\\\/abobo-7eme-edition-de-la-rupture-collective-du-jeune-de-la-famaj-ci-meite-daouda-appelle-a-lunion-des-populations-de-la-commune-dabobo\\\/#primaryimage\"},\"thumbnailUrl\":\"https:\\\/\\\/www.amanien.info\\\/news\\\/wp-content\\\/uploads\\\/2026\\\/03\\\/IMG-20260316-WA0017.jpg\",\"datePublished\":\"2026-03-16T16:32:47+00:00\",\"author\":{\"@id\":\"https:\\\/\\\/www.amanien.info\\\/news\\\/#\\\/schema\\\/person\\\/b21093345753a1a98242d505bd894f42\"},\"breadcrumb\":{\"@id\":\"https:\\\/\\\/www.amanien.info\\\/news\\\/abobo-7eme-edition-de-la-rupture-collective-du-jeune-de-la-famaj-ci-meite-daouda-appelle-a-lunion-des-populations-de-la-commune-dabobo\\\/#breadcrumb\"},\"inLanguage\":\"fr-FR\",\"potentialAction\":[{\"@type\":\"ReadAction\",\"target\":[\"https:\\\/\\\/www.amanien.info\\\/news\\\/abobo-7eme-edition-de-la-rupture-collective-du-jeune-de-la-famaj-ci-meite-daouda-appelle-a-lunion-des-populations-de-la-commune-dabobo\\\/\"]}]},{\"@type\":\"ImageObject\",\"inLanguage\":\"fr-FR\",\"@id\":\"https:\\\/\\\/www.amanien.info\\\/news\\\/abobo-7eme-edition-de-la-rupture-collective-du-jeune-de-la-famaj-ci-meite-daouda-appelle-a-lunion-des-populations-de-la-commune-dabobo\\\/#primaryimage\",\"url\":\"https:\\\/\\\/www.amanien.info\\\/news\\\/wp-content\\\/uploads\\\/2026\\\/03\\\/IMG-20260316-WA0017.jpg\",\"contentUrl\":\"https:\\\/\\\/www.amanien.info\\\/news\\\/wp-content\\\/uploads\\\/2026\\\/03\\\/IMG-20260316-WA0017.jpg\",\"width\":1040,\"height\":780},{\"@type\":\"BreadcrumbList\",\"@id\":\"https:\\\/\\\/www.amanien.info\\\/news\\\/abobo-7eme-edition-de-la-rupture-collective-du-jeune-de-la-famaj-ci-meite-daouda-appelle-a-lunion-des-populations-de-la-commune-dabobo\\\/#breadcrumb\",\"itemListElement\":[{\"@type\":\"ListItem\",\"position\":1,\"name\":\"Accueil\",\"item\":\"https:\\\/\\\/www.amanien.info\\\/news\\\/\"},{\"@type\":\"ListItem\",\"position\":2,\"name\":\"Abobo\\\/ 7\u00e8me \u00e9dition de la rupture collective du je\u00fbne de la FAMAJ-CI : M\u00e9it\u00e9 Daouda appelle \u00e0 l&rsquo;union des populations de la commune d&rsquo;Abobo\"}]},{\"@type\":\"WebSite\",\"@id\":\"https:\\\/\\\/www.amanien.info\\\/news\\\/#website\",\"url\":\"https:\\\/\\\/www.amanien.info\\\/news\\\/\",\"name\":\"Amanien| L&#039;actualit\u00e9 Ivoirienne et Internationale\",\"description\":\"L&#039;actualit\u00e9 Ivoirienne et Internationale\",\"potentialAction\":[{\"@type\":\"SearchAction\",\"target\":{\"@type\":\"EntryPoint\",\"urlTemplate\":\"https:\\\/\\\/www.amanien.info\\\/news\\\/?s={search_term_string}\"},\"query-input\":{\"@type\":\"PropertyValueSpecification\",\"valueRequired\":true,\"valueName\":\"search_term_string\"}}],\"inLanguage\":\"fr-FR\"},{\"@type\":\"Person\",\"@id\":\"https:\\\/\\\/www.amanien.info\\\/news\\\/#\\\/schema\\\/person\\\/b21093345753a1a98242d505bd894f42\",\"name\":\"Germain Ndri\",\"url\":\"https:\\\/\\\/www.amanien.info\\\/news\\\/author\\\/amanien-infos\\\/\"}]}<\/script>\n<!-- \/ Yoast SEO plugin. -->","yoast_head_json":{"title":"Abobo\/ 7\u00e8me \u00e9dition de la rupture collective du je\u00fbne de la FAMAJ-CI : M\u00e9it\u00e9 Daouda appelle \u00e0 l'union des populations de la commune d'Abobo - Amanien| L&#039;actualit\u00e9 Ivoirienne et Internationale","robots":{"index":"index","follow":"follow","max-snippet":"max-snippet:-1","max-image-preview":"max-image-preview:large","max-video-preview":"max-video-preview:-1"},"canonical":"https:\/\/www.amanien.info\/news\/abobo-7eme-edition-de-la-rupture-collective-du-jeune-de-la-famaj-ci-meite-daouda-appelle-a-lunion-des-populations-de-la-commune-dabobo\/","og_locale":"fr_FR","og_type":"article","og_title":"Abobo\/ 7\u00e8me \u00e9dition de la rupture collective du je\u00fbne de la FAMAJ-CI : M\u00e9it\u00e9 Daouda appelle \u00e0 l'union des populations de la commune d'Abobo - Amanien| L&#039;actualit\u00e9 Ivoirienne et Internationale","og_description":"\u00a0La F\u00e9d\u00e9ration des Associations et Mouvements Actifs de Jeunesse de C\u00f4te d&rsquo;Ivoire (FAMAJ-CI) a organis\u00e9, le samedi 14 mars 2026, \u00e0 Abobo, la septi\u00e8me \u00e9dition de sa rupture collective de je\u00fbne, en pr\u00e9sence du Conseiller Charg\u00e9 de la jeunesse aupr\u00e8s de la Pr\u00e9sidente du S\u00e9nat, Ciss\u00e9 Likane M., du D\u00e9put\u00e9 SOUMAHORO Lassin\u00e9, de plusieurs guides [&hellip;]","og_url":"https:\/\/www.amanien.info\/news\/abobo-7eme-edition-de-la-rupture-collective-du-jeune-de-la-famaj-ci-meite-daouda-appelle-a-lunion-des-populations-de-la-commune-dabobo\/","og_site_name":"Amanien| L&#039;actualit\u00e9 Ivoirienne et Internationale","article_published_time":"2026-03-16T16:32:47+00:00","og_image":[{"width":1040,"height":780,"url":"https:\/\/www.amanien.info\/news\/wp-content\/uploads\/2026\/03\/IMG-20260316-WA0017.jpg","type":"image\/jpeg"}],"author":"Germain Ndri","twitter_card":"summary_large_image","twitter_misc":{"\u00c9crit par":"Germain Ndri","Dur\u00e9e de lecture estim\u00e9e":"3 minutes"},"schema":{"@context":"https:\/\/schema.org","@graph":[{"@type":"Article","@id":"https:\/\/www.amanien.info\/news\/abobo-7eme-edition-de-la-rupture-collective-du-jeune-de-la-famaj-ci-meite-daouda-appelle-a-lunion-des-populations-de-la-commune-dabobo\/#article","isPartOf":{"@id":"https:\/\/www.amanien.info\/news\/abobo-7eme-edition-de-la-rupture-collective-du-jeune-de-la-famaj-ci-meite-daouda-appelle-a-lunion-des-populations-de-la-commune-dabobo\/"},"author":{"name":"Germain Ndri","@id":"https:\/\/www.amanien.info\/news\/#\/schema\/person\/b21093345753a1a98242d505bd894f42"},"headline":"Abobo\/ 7\u00e8me \u00e9dition de la rupture collective du je\u00fbne de la FAMAJ-CI : M\u00e9it\u00e9 Daouda appelle \u00e0 l&rsquo;union des populations de la commune d&rsquo;Abobo","datePublished":"2026-03-16T16:32:47+00:00","mainEntityOfPage":{"@id":"https:\/\/www.amanien.info\/news\/abobo-7eme-edition-de-la-rupture-collective-du-jeune-de-la-famaj-ci-meite-daouda-appelle-a-lunion-des-populations-de-la-commune-dabobo\/"},"wordCount":485,"image":{"@id":"https:\/\/www.amanien.info\/news\/abobo-7eme-edition-de-la-rupture-collective-du-jeune-de-la-famaj-ci-meite-daouda-appelle-a-lunion-des-populations-de-la-commune-dabobo\/#primaryimage"},"thumbnailUrl":"https:\/\/www.amanien.info\/news\/wp-content\/uploads\/2026\/03\/IMG-20260316-WA0017.jpg","articleSection":["Religion"],"inLanguage":"fr-FR"},{"@type":"WebPage","@id":"https:\/\/www.amanien.info\/news\/abobo-7eme-edition-de-la-rupture-collective-du-jeune-de-la-famaj-ci-meite-daouda-appelle-a-lunion-des-populations-de-la-commune-dabobo\/","url":"https:\/\/www.amanien.info\/news\/abobo-7eme-edition-de-la-rupture-collective-du-jeune-de-la-famaj-ci-meite-daouda-appelle-a-lunion-des-populations-de-la-commune-dabobo\/","name":"Abobo\/ 7\u00e8me \u00e9dition de la rupture collective du je\u00fbne de la FAMAJ-CI : M\u00e9it\u00e9 Daouda appelle \u00e0 l'union des populations de la commune d'Abobo - Amanien| L&#039;actualit\u00e9 Ivoirienne et Internationale","isPartOf":{"@id":"https:\/\/www.amanien.info\/news\/#website"},"primaryImageOfPage":{"@id":"https:\/\/www.amanien.info\/news\/abobo-7eme-edition-de-la-rupture-collective-du-jeune-de-la-famaj-ci-meite-daouda-appelle-a-lunion-des-populations-de-la-commune-dabobo\/#primaryimage"},"image":{"@id":"https:\/\/www.amanien.info\/news\/abobo-7eme-edition-de-la-rupture-collective-du-jeune-de-la-famaj-ci-meite-daouda-appelle-a-lunion-des-populations-de-la-commune-dabobo\/#primaryimage"},"thumbnailUrl":"https:\/\/www.amanien.info\/news\/wp-content\/uploads\/2026\/03\/IMG-20260316-WA0017.jpg","datePublished":"2026-03-16T16:32:47+00:00","author":{"@id":"https:\/\/www.amanien.info\/news\/#\/schema\/person\/b21093345753a1a98242d505bd894f42"},"breadcrumb":{"@id":"https:\/\/www.amanien.info\/news\/abobo-7eme-edition-de-la-rupture-collective-du-jeune-de-la-famaj-ci-meite-daouda-appelle-a-lunion-des-populations-de-la-commune-dabobo\/#breadcrumb"},"inLanguage":"fr-FR","potentialAction":[{"@type":"ReadAction","target":["https:\/\/www.amanien.info\/news\/abobo-7eme-edition-de-la-rupture-collective-du-jeune-de-la-famaj-ci-meite-daouda-appelle-a-lunion-des-populations-de-la-commune-dabobo\/"]}]},{"@type":"ImageObject","inLanguage":"fr-FR","@id":"https:\/\/www.amanien.info\/news\/abobo-7eme-edition-de-la-rupture-collective-du-jeune-de-la-famaj-ci-meite-daouda-appelle-a-lunion-des-populations-de-la-commune-dabobo\/#primaryimage","url":"https:\/\/www.amanien.info\/news\/wp-content\/uploads\/2026\/03\/IMG-20260316-WA0017.jpg","contentUrl":"https:\/\/www.amanien.info\/news\/wp-content\/uploads\/2026\/03\/IMG-20260316-WA0017.jpg","width":1040,"height":780},{"@type":"BreadcrumbList","@id":"https:\/\/www.amanien.info\/news\/abobo-7eme-edition-de-la-rupture-collective-du-jeune-de-la-famaj-ci-meite-daouda-appelle-a-lunion-des-populations-de-la-commune-dabobo\/#breadcrumb","itemListElement":[{"@type":"ListItem","position":1,"name":"Accueil","item":"https:\/\/www.amanien.info\/news\/"},{"@type":"ListItem","position":2,"name":"Abobo\/ 7\u00e8me \u00e9dition de la rupture collective du je\u00fbne de la FAMAJ-CI : M\u00e9it\u00e9 Daouda appelle \u00e0 l&rsquo;union des populations de la commune d&rsquo;Abobo"}]},{"@type":"WebSite","@id":"https:\/\/www.amanien.info\/news\/#website","url":"https:\/\/www.amanien.info\/news\/","name":"Amanien| L&#039;actualit\u00e9 Ivoirienne et Internationale","description":"L&#039;actualit\u00e9 Ivoirienne et Internationale","potentialAction":[{"@type":"SearchAction","target":{"@type":"EntryPoint","urlTemplate":"https:\/\/www.amanien.info\/news\/?s={search_term_string}"},"query-input":{"@type":"PropertyValueSpecification","valueRequired":true,"valueName":"search_term_string"}}],"inLanguage":"fr-FR"},{"@type":"Person","@id":"https:\/\/www.amanien.info\/news\/#\/schema\/person\/b21093345753a1a98242d505bd894f42","name":"Germain Ndri","url":"https:\/\/www.amanien.info\/news\/author\/amanien-infos\/"}]}},"_links":{"self":[{"href":"https:\/\/www.amanien.info\/news\/wp-json\/wp\/v2\/posts\/7857","targetHints":{"allow":["GET"]}}],"collection":[{"href":"https:\/\/www.amanien.info\/news\/wp-json\/wp\/v2\/posts"}],"about":[{"href":"https:\/\/www.amanien.info\/news\/wp-json\/wp\/v2\/types\/post"}],"author":[{"embeddable":true,"href":"https:\/\/www.amanien.info\/news\/wp-json\/wp\/v2\/users\/2"}],"replies":[{"embeddable":true,"href":"https:\/\/www.amanien.info\/news\/wp-json\/wp\/v2\/comments?post=7857"}],"version-history":[{"count":1,"href":"https:\/\/www.amanien.info\/news\/wp-json\/wp\/v2\/posts\/7857\/revisions"}],"predecessor-version":[{"id":7859,"href":"https:\/\/www.amanien.info\/news\/wp-json\/wp\/v2\/posts\/7857\/revisions\/7859"}],"wp:featuredmedia":[{"embeddable":true,"href":"https:\/\/www.amanien.info\/news\/wp-json\/wp\/v2\/media\/7858"}],"wp:attachment":[{"href":"https:\/\/www.amanien.info\/news\/wp-json\/wp\/v2\/media?parent=7857"}],"wp:term":[{"taxonomy":"category","embeddable":true,"href":"https:\/\/www.amanien.info\/news\/wp-json\/wp\/v2\/categories?post=7857"},{"taxonomy":"post_tag","embeddable":true,"href":"https:\/\/www.amanien.info\/news\/wp-json\/wp\/v2\/tags?post=7857"}],"curies":[{"name":"wp","href":"https:\/\/api.w.org\/{rel}","templated":true}]}}