{"id":7854,"date":"2026-03-16T15:35:30","date_gmt":"2026-03-16T15:35:30","guid":{"rendered":"https:\/\/www.amanien.info\/news\/?p=7854"},"modified":"2026-03-16T15:35:30","modified_gmt":"2026-03-16T15:35:30","slug":"gbeke-developpement-du-gblole-ministre-assahore-prone-lunite-et-relance-lassociation-des-cadres","status":"publish","type":"post","link":"https:\/\/www.amanien.info\/news\/gbeke-developpement-du-gblole-ministre-assahore-prone-lunite-et-relance-lassociation-des-cadres\/","title":{"rendered":"Gb\u00eak\u00ea\/ D\u00e9veloppement du Gblo*Le ministre Assahor\u00e9 pr\u00f4ne l\u2019unit\u00e9 et relance l\u2019association des cadres*"},"content":{"rendered":"<p>&nbsp;<\/p>\n<p>Le ministre Assahor\u00e9 Konan Jacques, pr\u00e9sident du Conseil r\u00e9gional du Gb\u00eak\u00ea et cadre Gblo, a r\u00e9uni, ce dimanche 15 mars, les ressortissants de Diabo-Languibonou, \u00e0 la salle de conf\u00e9rence du minist\u00e8re des Affaires \u00e9trang\u00e8res.<\/p>\n<p>Au c\u0153ur de cette rencontre figurait l\u2019id\u00e9al d\u2019un d\u00e9veloppement concert\u00e9 de cette localit\u00e9 du Gb\u00eak\u00ea. Partant du principe que l\u2019union fait la force, le ministre Assahor\u00e9 Konan Jacques a appel\u00e9 la communaut\u00e9 \u00e0 une v\u00e9ritable synergie d\u2019action dans la coh\u00e9sion.<\/p>\n<p>Dans cette optique, il a mis en garde ses parents Gblo contre les divisions fond\u00e9es sur des consid\u00e9rations politiques. \u00ab La politique a pour but d\u2019am\u00e9liorer le d\u00e9veloppement dans nos communaut\u00e9s et non le contraire \u00bb, a-t-il d\u00e9clar\u00e9.<\/p>\n<p>Le ministre a \u00e9galement exprim\u00e9 son ambition de redynamiser l\u2019Association pour le d\u00e9veloppement du Gblo (ADRB), rest\u00e9e quelque temps en sommeil. Les jeunes cadres sont appel\u00e9s \u00e0 jouer un r\u00f4le pr\u00e9pond\u00e9rant dans la relance de cette structure, qui devra contribuer \u00e0 booster le d\u00e9veloppement du canton.<\/p>\n<p>Les participant ont salu\u00e9 l\u2019initiative du ministre, marqu\u00e9e par cet appel en faveur du d\u00e9veloppement du canton Gblo. En retour, ils ont pris l\u2019engagement de se rassembler pour r\u00e9activer l\u2019ancienne association, afin d\u2019en faire un levier de d\u00e9veloppement pour la localit\u00e9.<\/p>\n<p>Cette rencontre a \u00e9galement mis en lumi\u00e8re le leadership du ministre Assahor\u00e9, illustr\u00e9 par la mobilisation massive des ressortissants de Diabo-Languibonou. Les 113 chefs coutumiers Gblo \u00e9taient pr\u00e9sents, aux c\u00f4t\u00e9s du chef de canton, Nana Thomas Bateh.<\/p>\n<p>\u00ab La salle \u00e9tait archi-comble. L\u2019affluence a d\u00e9pass\u00e9 les 300 places assises. Aujourd\u2019hui, nous reconnaissons tous que notre leader est le ministre Assahor\u00e9. Il est au-del\u00e0 de nos divergences \u00bb, a confi\u00e9 Christophe Konan, cadre du Gblo.<\/p>\n<p>Au cours de la rencontre, le ministre a \u00e9galement annonc\u00e9 l\u2019organisation, cette ann\u00e9e dans la r\u00e9gion, de la c\u00e9l\u00e9bration culturelle de Paquinou, la f\u00eate traditionnelle de P\u00e2ques en pays baoul\u00e9. L\u2019\u00e9v\u00e9nement sera pilot\u00e9 par le Conseil r\u00e9gional du Gb\u00eak\u00ea.<\/p>\n<p>Apr\u00e8s le lancement officiel pr\u00e9vu le samedi 21 mars \u00e0 Bouak\u00e9, les festivit\u00e9s se poursuivront \u00e0 Botro, l\u2019un des d\u00e9partements de la r\u00e9gion du Gb\u00eak\u00ea. La c\u00e9r\u00e9monie sera plac\u00e9e sous le haut patronage du Vice-Premier ministre T\u00e9n\u00e9 Birahima Ouattara.<\/p>\n<p>Plusieurs personnalit\u00e9s politiques sont \u00e9galement attendues, notamment les ministres Am\u00e9d\u00e9e Kouakou, Kobenan Kouassi Adjoumani, Fran\u00e7oise Remarck et Siandou Fofana.<\/p>\n<p>Le ministre Assahor\u00e9 Konan Jacques a invit\u00e9 toutes les filles et tous les fils du Gb\u00eak\u00ea \u00e0 prendre une part active \u00e0 l\u2019organisation de cet \u00e9v\u00e9nement, appel\u00e9 \u00e0 devenir le principal point de ralliement pour la c\u00e9l\u00e9bration de la f\u00eate de P\u00e2ques dans la r\u00e9gion.<\/p>\n","protected":false},"excerpt":{"rendered":"<p>&nbsp; Le ministre Assahor\u00e9 Konan Jacques, pr\u00e9sident du Conseil r\u00e9gional du Gb\u00eak\u00ea et cadre Gblo, a r\u00e9uni, ce dimanche 15 mars, les ressortissants de Diabo-Languibonou, \u00e0 la salle de conf\u00e9rence du minist\u00e8re des Affaires \u00e9trang\u00e8res. Au c\u0153ur de cette rencontre figurait l\u2019id\u00e9al d\u2019un d\u00e9veloppement concert\u00e9 de cette localit\u00e9 du Gb\u00eak\u00ea. Partant du principe que l\u2019union [&hellip;]<\/p>\n","protected":false},"author":2,"featured_media":7855,"comment_status":"closed","ping_status":"closed","sticky":false,"template":"","format":"standard","meta":{"_acf_changed":false,"footnotes":""},"categories":[],"tags":[],"class_list":["post-7854","post","type-post","status-publish","format-standard","has-post-thumbnail","hentry"],"acf":[],"yoast_head":"<!-- This site is optimized with the Yoast SEO plugin v27.5 - https:\/\/yoast.com\/product\/yoast-seo-wordpress\/ -->\n<title>Gb\u00eak\u00ea\/ D\u00e9veloppement du Gblo*Le ministre Assahor\u00e9 pr\u00f4ne l\u2019unit\u00e9 et relance l\u2019association des cadres* - Amanien| L&#039;actualit\u00e9 Ivoirienne et Internationale<\/title>\n<meta name=\"robots\" content=\"index, follow, max-snippet:-1, max-image-preview:large, max-video-preview:-1\" \/>\n<link rel=\"canonical\" href=\"https:\/\/www.amanien.info\/news\/gbeke-developpement-du-gblole-ministre-assahore-prone-lunite-et-relance-lassociation-des-cadres\/\" \/>\n<meta property=\"og:locale\" content=\"fr_FR\" \/>\n<meta property=\"og:type\" content=\"article\" \/>\n<meta property=\"og:title\" content=\"Gb\u00eak\u00ea\/ D\u00e9veloppement du Gblo*Le ministre Assahor\u00e9 pr\u00f4ne l\u2019unit\u00e9 et relance l\u2019association des cadres* - Amanien| L&#039;actualit\u00e9 Ivoirienne et Internationale\" \/>\n<meta property=\"og:description\" content=\"&nbsp; Le ministre Assahor\u00e9 Konan Jacques, pr\u00e9sident du Conseil r\u00e9gional du Gb\u00eak\u00ea et cadre Gblo, a r\u00e9uni, ce dimanche 15 mars, les ressortissants de Diabo-Languibonou, \u00e0 la salle de conf\u00e9rence du minist\u00e8re des Affaires \u00e9trang\u00e8res. Au c\u0153ur de cette rencontre figurait l\u2019id\u00e9al d\u2019un d\u00e9veloppement concert\u00e9 de cette localit\u00e9 du Gb\u00eak\u00ea. Partant du principe que l\u2019union [&hellip;]\" \/>\n<meta property=\"og:url\" content=\"https:\/\/www.amanien.info\/news\/gbeke-developpement-du-gblole-ministre-assahore-prone-lunite-et-relance-lassociation-des-cadres\/\" \/>\n<meta property=\"og:site_name\" content=\"Amanien| L&#039;actualit\u00e9 Ivoirienne et Internationale\" \/>\n<meta property=\"article:published_time\" content=\"2026-03-16T15:35:30+00:00\" \/>\n<meta property=\"og:image\" content=\"https:\/\/www.amanien.info\/news\/wp-content\/uploads\/2026\/03\/IMG-20260316-WA0069.jpg\" \/>\n\t<meta property=\"og:image:width\" content=\"1280\" \/>\n\t<meta property=\"og:image:height\" content=\"853\" \/>\n\t<meta property=\"og:image:type\" content=\"image\/jpeg\" \/>\n<meta name=\"author\" content=\"Germain Ndri\" \/>\n<meta name=\"twitter:card\" content=\"summary_large_image\" \/>\n<meta name=\"twitter:label1\" content=\"\u00c9crit par\" \/>\n\t<meta name=\"twitter:data1\" content=\"Germain Ndri\" \/>\n\t<meta name=\"twitter:label2\" content=\"Dur\u00e9e de lecture estim\u00e9e\" \/>\n\t<meta name=\"twitter:data2\" content=\"3 minutes\" \/>\n<script type=\"application\/ld+json\" class=\"yoast-schema-graph\">{\"@context\":\"https:\\\/\\\/schema.org\",\"@graph\":[{\"@type\":\"Article\",\"@id\":\"https:\\\/\\\/www.amanien.info\\\/news\\\/gbeke-developpement-du-gblole-ministre-assahore-prone-lunite-et-relance-lassociation-des-cadres\\\/#article\",\"isPartOf\":{\"@id\":\"https:\\\/\\\/www.amanien.info\\\/news\\\/gbeke-developpement-du-gblole-ministre-assahore-prone-lunite-et-relance-lassociation-des-cadres\\\/\"},\"author\":{\"name\":\"Germain Ndri\",\"@id\":\"https:\\\/\\\/www.amanien.info\\\/news\\\/#\\\/schema\\\/person\\\/b21093345753a1a98242d505bd894f42\"},\"headline\":\"Gb\u00eak\u00ea\\\/ D\u00e9veloppement du Gblo*Le ministre Assahor\u00e9 pr\u00f4ne l\u2019unit\u00e9 et relance l\u2019association des cadres*\",\"datePublished\":\"2026-03-16T15:35:30+00:00\",\"mainEntityOfPage\":{\"@id\":\"https:\\\/\\\/www.amanien.info\\\/news\\\/gbeke-developpement-du-gblole-ministre-assahore-prone-lunite-et-relance-lassociation-des-cadres\\\/\"},\"wordCount\":499,\"image\":{\"@id\":\"https:\\\/\\\/www.amanien.info\\\/news\\\/gbeke-developpement-du-gblole-ministre-assahore-prone-lunite-et-relance-lassociation-des-cadres\\\/#primaryimage\"},\"thumbnailUrl\":\"https:\\\/\\\/www.amanien.info\\\/news\\\/wp-content\\\/uploads\\\/2026\\\/03\\\/IMG-20260316-WA0069.jpg\",\"inLanguage\":\"fr-FR\"},{\"@type\":\"WebPage\",\"@id\":\"https:\\\/\\\/www.amanien.info\\\/news\\\/gbeke-developpement-du-gblole-ministre-assahore-prone-lunite-et-relance-lassociation-des-cadres\\\/\",\"url\":\"https:\\\/\\\/www.amanien.info\\\/news\\\/gbeke-developpement-du-gblole-ministre-assahore-prone-lunite-et-relance-lassociation-des-cadres\\\/\",\"name\":\"Gb\u00eak\u00ea\\\/ D\u00e9veloppement du Gblo*Le ministre Assahor\u00e9 pr\u00f4ne l\u2019unit\u00e9 et relance l\u2019association des cadres* - Amanien| L&#039;actualit\u00e9 Ivoirienne et Internationale\",\"isPartOf\":{\"@id\":\"https:\\\/\\\/www.amanien.info\\\/news\\\/#website\"},\"primaryImageOfPage\":{\"@id\":\"https:\\\/\\\/www.amanien.info\\\/news\\\/gbeke-developpement-du-gblole-ministre-assahore-prone-lunite-et-relance-lassociation-des-cadres\\\/#primaryimage\"},\"image\":{\"@id\":\"https:\\\/\\\/www.amanien.info\\\/news\\\/gbeke-developpement-du-gblole-ministre-assahore-prone-lunite-et-relance-lassociation-des-cadres\\\/#primaryimage\"},\"thumbnailUrl\":\"https:\\\/\\\/www.amanien.info\\\/news\\\/wp-content\\\/uploads\\\/2026\\\/03\\\/IMG-20260316-WA0069.jpg\",\"datePublished\":\"2026-03-16T15:35:30+00:00\",\"author\":{\"@id\":\"https:\\\/\\\/www.amanien.info\\\/news\\\/#\\\/schema\\\/person\\\/b21093345753a1a98242d505bd894f42\"},\"breadcrumb\":{\"@id\":\"https:\\\/\\\/www.amanien.info\\\/news\\\/gbeke-developpement-du-gblole-ministre-assahore-prone-lunite-et-relance-lassociation-des-cadres\\\/#breadcrumb\"},\"inLanguage\":\"fr-FR\",\"potentialAction\":[{\"@type\":\"ReadAction\",\"target\":[\"https:\\\/\\\/www.amanien.info\\\/news\\\/gbeke-developpement-du-gblole-ministre-assahore-prone-lunite-et-relance-lassociation-des-cadres\\\/\"]}]},{\"@type\":\"ImageObject\",\"inLanguage\":\"fr-FR\",\"@id\":\"https:\\\/\\\/www.amanien.info\\\/news\\\/gbeke-developpement-du-gblole-ministre-assahore-prone-lunite-et-relance-lassociation-des-cadres\\\/#primaryimage\",\"url\":\"https:\\\/\\\/www.amanien.info\\\/news\\\/wp-content\\\/uploads\\\/2026\\\/03\\\/IMG-20260316-WA0069.jpg\",\"contentUrl\":\"https:\\\/\\\/www.amanien.info\\\/news\\\/wp-content\\\/uploads\\\/2026\\\/03\\\/IMG-20260316-WA0069.jpg\",\"width\":1280,\"height\":853},{\"@type\":\"BreadcrumbList\",\"@id\":\"https:\\\/\\\/www.amanien.info\\\/news\\\/gbeke-developpement-du-gblole-ministre-assahore-prone-lunite-et-relance-lassociation-des-cadres\\\/#breadcrumb\",\"itemListElement\":[{\"@type\":\"ListItem\",\"position\":1,\"name\":\"Accueil\",\"item\":\"https:\\\/\\\/www.amanien.info\\\/news\\\/\"},{\"@type\":\"ListItem\",\"position\":2,\"name\":\"Gb\u00eak\u00ea\\\/ D\u00e9veloppement du Gblo*Le ministre Assahor\u00e9 pr\u00f4ne l\u2019unit\u00e9 et relance l\u2019association des cadres*\"}]},{\"@type\":\"WebSite\",\"@id\":\"https:\\\/\\\/www.amanien.info\\\/news\\\/#website\",\"url\":\"https:\\\/\\\/www.amanien.info\\\/news\\\/\",\"name\":\"Amanien| L&#039;actualit\u00e9 Ivoirienne et Internationale\",\"description\":\"L&#039;actualit\u00e9 Ivoirienne et Internationale\",\"potentialAction\":[{\"@type\":\"SearchAction\",\"target\":{\"@type\":\"EntryPoint\",\"urlTemplate\":\"https:\\\/\\\/www.amanien.info\\\/news\\\/?s={search_term_string}\"},\"query-input\":{\"@type\":\"PropertyValueSpecification\",\"valueRequired\":true,\"valueName\":\"search_term_string\"}}],\"inLanguage\":\"fr-FR\"},{\"@type\":\"Person\",\"@id\":\"https:\\\/\\\/www.amanien.info\\\/news\\\/#\\\/schema\\\/person\\\/b21093345753a1a98242d505bd894f42\",\"name\":\"Germain Ndri\",\"url\":\"https:\\\/\\\/www.amanien.info\\\/news\\\/author\\\/amanien-infos\\\/\"}]}<\/script>\n<!-- \/ Yoast SEO plugin. -->","yoast_head_json":{"title":"Gb\u00eak\u00ea\/ D\u00e9veloppement du Gblo*Le ministre Assahor\u00e9 pr\u00f4ne l\u2019unit\u00e9 et relance l\u2019association des cadres* - Amanien| L&#039;actualit\u00e9 Ivoirienne et Internationale","robots":{"index":"index","follow":"follow","max-snippet":"max-snippet:-1","max-image-preview":"max-image-preview:large","max-video-preview":"max-video-preview:-1"},"canonical":"https:\/\/www.amanien.info\/news\/gbeke-developpement-du-gblole-ministre-assahore-prone-lunite-et-relance-lassociation-des-cadres\/","og_locale":"fr_FR","og_type":"article","og_title":"Gb\u00eak\u00ea\/ D\u00e9veloppement du Gblo*Le ministre Assahor\u00e9 pr\u00f4ne l\u2019unit\u00e9 et relance l\u2019association des cadres* - Amanien| L&#039;actualit\u00e9 Ivoirienne et Internationale","og_description":"&nbsp; Le ministre Assahor\u00e9 Konan Jacques, pr\u00e9sident du Conseil r\u00e9gional du Gb\u00eak\u00ea et cadre Gblo, a r\u00e9uni, ce dimanche 15 mars, les ressortissants de Diabo-Languibonou, \u00e0 la salle de conf\u00e9rence du minist\u00e8re des Affaires \u00e9trang\u00e8res. Au c\u0153ur de cette rencontre figurait l\u2019id\u00e9al d\u2019un d\u00e9veloppement concert\u00e9 de cette localit\u00e9 du Gb\u00eak\u00ea. Partant du principe que l\u2019union [&hellip;]","og_url":"https:\/\/www.amanien.info\/news\/gbeke-developpement-du-gblole-ministre-assahore-prone-lunite-et-relance-lassociation-des-cadres\/","og_site_name":"Amanien| L&#039;actualit\u00e9 Ivoirienne et Internationale","article_published_time":"2026-03-16T15:35:30+00:00","og_image":[{"width":1280,"height":853,"url":"https:\/\/www.amanien.info\/news\/wp-content\/uploads\/2026\/03\/IMG-20260316-WA0069.jpg","type":"image\/jpeg"}],"author":"Germain Ndri","twitter_card":"summary_large_image","twitter_misc":{"\u00c9crit par":"Germain Ndri","Dur\u00e9e de lecture estim\u00e9e":"3 minutes"},"schema":{"@context":"https:\/\/schema.org","@graph":[{"@type":"Article","@id":"https:\/\/www.amanien.info\/news\/gbeke-developpement-du-gblole-ministre-assahore-prone-lunite-et-relance-lassociation-des-cadres\/#article","isPartOf":{"@id":"https:\/\/www.amanien.info\/news\/gbeke-developpement-du-gblole-ministre-assahore-prone-lunite-et-relance-lassociation-des-cadres\/"},"author":{"name":"Germain Ndri","@id":"https:\/\/www.amanien.info\/news\/#\/schema\/person\/b21093345753a1a98242d505bd894f42"},"headline":"Gb\u00eak\u00ea\/ D\u00e9veloppement du Gblo*Le ministre Assahor\u00e9 pr\u00f4ne l\u2019unit\u00e9 et relance l\u2019association des cadres*","datePublished":"2026-03-16T15:35:30+00:00","mainEntityOfPage":{"@id":"https:\/\/www.amanien.info\/news\/gbeke-developpement-du-gblole-ministre-assahore-prone-lunite-et-relance-lassociation-des-cadres\/"},"wordCount":499,"image":{"@id":"https:\/\/www.amanien.info\/news\/gbeke-developpement-du-gblole-ministre-assahore-prone-lunite-et-relance-lassociation-des-cadres\/#primaryimage"},"thumbnailUrl":"https:\/\/www.amanien.info\/news\/wp-content\/uploads\/2026\/03\/IMG-20260316-WA0069.jpg","inLanguage":"fr-FR"},{"@type":"WebPage","@id":"https:\/\/www.amanien.info\/news\/gbeke-developpement-du-gblole-ministre-assahore-prone-lunite-et-relance-lassociation-des-cadres\/","url":"https:\/\/www.amanien.info\/news\/gbeke-developpement-du-gblole-ministre-assahore-prone-lunite-et-relance-lassociation-des-cadres\/","name":"Gb\u00eak\u00ea\/ D\u00e9veloppement du Gblo*Le ministre Assahor\u00e9 pr\u00f4ne l\u2019unit\u00e9 et relance l\u2019association des cadres* - Amanien| L&#039;actualit\u00e9 Ivoirienne et Internationale","isPartOf":{"@id":"https:\/\/www.amanien.info\/news\/#website"},"primaryImageOfPage":{"@id":"https:\/\/www.amanien.info\/news\/gbeke-developpement-du-gblole-ministre-assahore-prone-lunite-et-relance-lassociation-des-cadres\/#primaryimage"},"image":{"@id":"https:\/\/www.amanien.info\/news\/gbeke-developpement-du-gblole-ministre-assahore-prone-lunite-et-relance-lassociation-des-cadres\/#primaryimage"},"thumbnailUrl":"https:\/\/www.amanien.info\/news\/wp-content\/uploads\/2026\/03\/IMG-20260316-WA0069.jpg","datePublished":"2026-03-16T15:35:30+00:00","author":{"@id":"https:\/\/www.amanien.info\/news\/#\/schema\/person\/b21093345753a1a98242d505bd894f42"},"breadcrumb":{"@id":"https:\/\/www.amanien.info\/news\/gbeke-developpement-du-gblole-ministre-assahore-prone-lunite-et-relance-lassociation-des-cadres\/#breadcrumb"},"inLanguage":"fr-FR","potentialAction":[{"@type":"ReadAction","target":["https:\/\/www.amanien.info\/news\/gbeke-developpement-du-gblole-ministre-assahore-prone-lunite-et-relance-lassociation-des-cadres\/"]}]},{"@type":"ImageObject","inLanguage":"fr-FR","@id":"https:\/\/www.amanien.info\/news\/gbeke-developpement-du-gblole-ministre-assahore-prone-lunite-et-relance-lassociation-des-cadres\/#primaryimage","url":"https:\/\/www.amanien.info\/news\/wp-content\/uploads\/2026\/03\/IMG-20260316-WA0069.jpg","contentUrl":"https:\/\/www.amanien.info\/news\/wp-content\/uploads\/2026\/03\/IMG-20260316-WA0069.jpg","width":1280,"height":853},{"@type":"BreadcrumbList","@id":"https:\/\/www.amanien.info\/news\/gbeke-developpement-du-gblole-ministre-assahore-prone-lunite-et-relance-lassociation-des-cadres\/#breadcrumb","itemListElement":[{"@type":"ListItem","position":1,"name":"Accueil","item":"https:\/\/www.amanien.info\/news\/"},{"@type":"ListItem","position":2,"name":"Gb\u00eak\u00ea\/ D\u00e9veloppement du Gblo*Le ministre Assahor\u00e9 pr\u00f4ne l\u2019unit\u00e9 et relance l\u2019association des cadres*"}]},{"@type":"WebSite","@id":"https:\/\/www.amanien.info\/news\/#website","url":"https:\/\/www.amanien.info\/news\/","name":"Amanien| L&#039;actualit\u00e9 Ivoirienne et Internationale","description":"L&#039;actualit\u00e9 Ivoirienne et Internationale","potentialAction":[{"@type":"SearchAction","target":{"@type":"EntryPoint","urlTemplate":"https:\/\/www.amanien.info\/news\/?s={search_term_string}"},"query-input":{"@type":"PropertyValueSpecification","valueRequired":true,"valueName":"search_term_string"}}],"inLanguage":"fr-FR"},{"@type":"Person","@id":"https:\/\/www.amanien.info\/news\/#\/schema\/person\/b21093345753a1a98242d505bd894f42","name":"Germain Ndri","url":"https:\/\/www.amanien.info\/news\/author\/amanien-infos\/"}]}},"_links":{"self":[{"href":"https:\/\/www.amanien.info\/news\/wp-json\/wp\/v2\/posts\/7854","targetHints":{"allow":["GET"]}}],"collection":[{"href":"https:\/\/www.amanien.info\/news\/wp-json\/wp\/v2\/posts"}],"about":[{"href":"https:\/\/www.amanien.info\/news\/wp-json\/wp\/v2\/types\/post"}],"author":[{"embeddable":true,"href":"https:\/\/www.amanien.info\/news\/wp-json\/wp\/v2\/users\/2"}],"replies":[{"embeddable":true,"href":"https:\/\/www.amanien.info\/news\/wp-json\/wp\/v2\/comments?post=7854"}],"version-history":[{"count":1,"href":"https:\/\/www.amanien.info\/news\/wp-json\/wp\/v2\/posts\/7854\/revisions"}],"predecessor-version":[{"id":7856,"href":"https:\/\/www.amanien.info\/news\/wp-json\/wp\/v2\/posts\/7854\/revisions\/7856"}],"wp:featuredmedia":[{"embeddable":true,"href":"https:\/\/www.amanien.info\/news\/wp-json\/wp\/v2\/media\/7855"}],"wp:attachment":[{"href":"https:\/\/www.amanien.info\/news\/wp-json\/wp\/v2\/media?parent=7854"}],"wp:term":[{"taxonomy":"category","embeddable":true,"href":"https:\/\/www.amanien.info\/news\/wp-json\/wp\/v2\/categories?post=7854"},{"taxonomy":"post_tag","embeddable":true,"href":"https:\/\/www.amanien.info\/news\/wp-json\/wp\/v2\/tags?post=7854"}],"curies":[{"name":"wp","href":"https:\/\/api.w.org\/{rel}","templated":true}]}}