{"id":7851,"date":"2026-03-13T08:55:15","date_gmt":"2026-03-13T08:55:15","guid":{"rendered":"https:\/\/www.amanien.info\/news\/?p=7851"},"modified":"2026-03-13T08:55:15","modified_gmt":"2026-03-13T08:55:15","slug":"stocks-des-tonnes-de-cacao-dans-les-entrepots-les-producteurs-lancent-un-appel-pressant-au-chef-de-letat","status":"publish","type":"post","link":"https:\/\/www.amanien.info\/news\/stocks-des-tonnes-de-cacao-dans-les-entrepots-les-producteurs-lancent-un-appel-pressant-au-chef-de-letat\/","title":{"rendered":"Stocks des tonnes de cacao dans les entrep\u00f4ts : les producteurs lancent un appel pressant au Chef de l&rsquo;Etat"},"content":{"rendered":"<div><span style=\"text-transform: initial;\">L&rsquo; Association des Producteurs de caf\u00e9 et de cacao de C\u00f4te d&rsquo;Ivoire (AS.P.CA.C.C) a organis\u00e9, le mercredi 11 mars 2026, \u00e0 Abidjan-Plateau, un point-presse au cours duquel, son Pr\u00e9sident Serm\u00e9 Karim, a indiqu\u00e9 que des stocks de tonnes de cacao sont encore dans les entrep\u00f4ts. \u00ab\u00a0Sur 100 000 tonnes de cacao, entre 40 000 et 45 000 tonnes sont encore stock\u00e9es dans les magasins de producteurs r\u00e9partis dans treize (13) d\u00e9l\u00e9gations\u00a0\u00bb, a-t-il r\u00e9v\u00e9l\u00e9.<\/span><\/div>\n<div><\/div>\n<div>Pour lui, cette situation cr\u00e9e de fortes tensions dans plusieurs localit\u00e9s rurales, o\u00f9 les producteurs affirment avoir des difficult\u00e9s financi\u00e8res.<\/div>\n<div><\/div>\n<div>\u00a0\u00ab\u00a0Le Chef planteur qui a vendu son cacao depuis mi-novembre jusqu&rsquo;\u00e0 aujourd&rsquo;hui n&rsquo;a pas d&rsquo;argent\u00a0\u00bb, a d\u00e9clar\u00e9 le Pr\u00e9sident de l&rsquo;AS.P.CA.C.C.<\/div>\n<div><\/div>\n<div>Puis d&rsquo;ajouter que \u00ab\u00a0certains producteurs se retrouvent sous pression de leurs man\u0153uvres en raison des retards de paiement de leurs d\u00fbs.<\/div>\n<div><\/div>\n<div><\/div>\n<div>A en croire le premier responsable de l&rsquo;Association, la vente du cacao et du caf\u00e9 constitue la principale source de revenus.<\/div>\n<div><\/div>\n<div>\u00ab\u00a0Nous, les producteurs, n&rsquo;avons qu&rsquo;une seule entr\u00e9e (de revenus): la vente de nos produits (le cacao et le caf\u00e9), a insist\u00e9 Serm\u00e9 Karim.<\/div>\n<div><\/div>\n<div>Avant de lancer un appel pressant aux autorit\u00e9s ivoiriennes, notamment le Chef de l&rsquo;Etat, Alassane Ouattara, afin d&rsquo;acc\u00e9der l&rsquo;\u00e9vacuation des tonnes de cacao encore stock\u00e9es dans les magasins dans les zones de production.<\/div>\n<div><\/div>\n<div>\u00ab\u00a0Nous demandons au Chef de l&rsquo;Etat de faire encore des efforts pour que tout ce cacao (encore stock\u00e9 dans les magasins) soit enlev\u00e9 \u00ab\u00a0, a-t-il plaid\u00e9.<\/div>\n<div><\/div>\n<div><\/div>\n<div>Toutefois, Serm\u00e9 Karim a salu\u00e9 les efforts des autorit\u00e9s ivoiriennes, avec \u00e0 leur t\u00eate le Pr\u00e9sident Ouattara, et les institutions de la fili\u00e8re telles que le Conseil caf\u00e9 cacao (CCC) pour des mesures prises en faveur des producteurs.<\/div>\n<div>Il s&rsquo;agit, entre autres, de la fixation du prix bord champ du cacao \u00e0 2800 FCFA pour la grande campagne 2025-2026, la campagne interm\u00e9diaire dont le prix bord champ a \u00e9t\u00e9 fix\u00e9 \u00e0 1200 FCFA et l&rsquo;application du m\u00e9canisme qui garantit 60% du prix CAF aux producteurs.<\/div>\n<div><\/div>\n<div><\/div>\n<div>Pour rappel, l&rsquo;AS.P.CA.C.C. a \u00e9t\u00e9 cr\u00e9\u00e9e le 06 f\u00e9vrier 2021 \u00e0 Yamoussoukro, de la volont\u00e9 des producteurs, par la voix de leur Pr\u00e9sident du conseil d&rsquo;administration et du Comit\u00e9 de gestion. Elle ambitionne d&rsquo;organiser les coop\u00e9ratives, les acteurs cl\u00e9s dans la production, la collecte, et la commercialisation du cacao afin d&rsquo;en faire de v\u00e9ritables instruments de d\u00e9veloppement participatif. Elle compte plus de 400 000 producteurs, 430 coop\u00e9ratives, 500 000 tonnes de caf\u00e9 et de cacao produites, 10 coop\u00e9ratives exportatrices, 06 coop\u00e9ratives transformatrices et 13 d\u00e9l\u00e9gations r\u00e9gionales.<\/div>\n<div><\/div>\n<div><\/div>\n<div><b>S.A.<\/b><\/div>\n<div><\/div>\n","protected":false},"excerpt":{"rendered":"<p>L&rsquo; Association des Producteurs de caf\u00e9 et de cacao de C\u00f4te d&rsquo;Ivoire (AS.P.CA.C.C) a organis\u00e9, le mercredi 11 mars 2026, \u00e0 Abidjan-Plateau, un point-presse au cours duquel, son Pr\u00e9sident Serm\u00e9 Karim, a indiqu\u00e9 que des stocks de tonnes de cacao sont encore dans les entrep\u00f4ts. \u00ab\u00a0Sur 100 000 tonnes de cacao, entre 40 000 et [&hellip;]<\/p>\n","protected":false},"author":2,"featured_media":7852,"comment_status":"closed","ping_status":"closed","sticky":false,"template":"","format":"standard","meta":{"_acf_changed":false,"footnotes":""},"categories":[],"tags":[],"class_list":["post-7851","post","type-post","status-publish","format-standard","has-post-thumbnail","hentry"],"acf":[],"yoast_head":"<!-- This site is optimized with the Yoast SEO plugin v27.5 - https:\/\/yoast.com\/product\/yoast-seo-wordpress\/ -->\n<title>Stocks des tonnes de cacao dans les entrep\u00f4ts : les producteurs lancent un appel pressant au Chef de l&#039;Etat - Amanien| L&#039;actualit\u00e9 Ivoirienne et Internationale<\/title>\n<meta name=\"robots\" content=\"index, follow, max-snippet:-1, max-image-preview:large, max-video-preview:-1\" \/>\n<link rel=\"canonical\" href=\"https:\/\/www.amanien.info\/news\/stocks-des-tonnes-de-cacao-dans-les-entrepots-les-producteurs-lancent-un-appel-pressant-au-chef-de-letat\/\" \/>\n<meta property=\"og:locale\" content=\"fr_FR\" \/>\n<meta property=\"og:type\" content=\"article\" \/>\n<meta property=\"og:title\" content=\"Stocks des tonnes de cacao dans les entrep\u00f4ts : les producteurs lancent un appel pressant au Chef de l&#039;Etat - Amanien| L&#039;actualit\u00e9 Ivoirienne et Internationale\" \/>\n<meta property=\"og:description\" content=\"L&rsquo; Association des Producteurs de caf\u00e9 et de cacao de C\u00f4te d&rsquo;Ivoire (AS.P.CA.C.C) a organis\u00e9, le mercredi 11 mars 2026, \u00e0 Abidjan-Plateau, un point-presse au cours duquel, son Pr\u00e9sident Serm\u00e9 Karim, a indiqu\u00e9 que des stocks de tonnes de cacao sont encore dans les entrep\u00f4ts. \u00ab\u00a0Sur 100 000 tonnes de cacao, entre 40 000 et [&hellip;]\" \/>\n<meta property=\"og:url\" content=\"https:\/\/www.amanien.info\/news\/stocks-des-tonnes-de-cacao-dans-les-entrepots-les-producteurs-lancent-un-appel-pressant-au-chef-de-letat\/\" \/>\n<meta property=\"og:site_name\" content=\"Amanien| L&#039;actualit\u00e9 Ivoirienne et Internationale\" \/>\n<meta property=\"article:published_time\" content=\"2026-03-13T08:55:15+00:00\" \/>\n<meta property=\"og:image\" content=\"https:\/\/www.amanien.info\/news\/wp-content\/uploads\/2026\/03\/IMG-20260311-WA0127.jpg\" \/>\n\t<meta property=\"og:image:width\" content=\"1040\" \/>\n\t<meta property=\"og:image:height\" content=\"780\" \/>\n\t<meta property=\"og:image:type\" content=\"image\/jpeg\" \/>\n<meta name=\"author\" content=\"Germain Ndri\" \/>\n<meta name=\"twitter:card\" content=\"summary_large_image\" \/>\n<meta name=\"twitter:label1\" content=\"\u00c9crit par\" \/>\n\t<meta name=\"twitter:data1\" content=\"Germain Ndri\" \/>\n\t<meta name=\"twitter:label2\" content=\"Dur\u00e9e de lecture estim\u00e9e\" \/>\n\t<meta name=\"twitter:data2\" content=\"3 minutes\" \/>\n<script type=\"application\/ld+json\" class=\"yoast-schema-graph\">{\"@context\":\"https:\\\/\\\/schema.org\",\"@graph\":[{\"@type\":\"Article\",\"@id\":\"https:\\\/\\\/www.amanien.info\\\/news\\\/stocks-des-tonnes-de-cacao-dans-les-entrepots-les-producteurs-lancent-un-appel-pressant-au-chef-de-letat\\\/#article\",\"isPartOf\":{\"@id\":\"https:\\\/\\\/www.amanien.info\\\/news\\\/stocks-des-tonnes-de-cacao-dans-les-entrepots-les-producteurs-lancent-un-appel-pressant-au-chef-de-letat\\\/\"},\"author\":{\"name\":\"Germain Ndri\",\"@id\":\"https:\\\/\\\/www.amanien.info\\\/news\\\/#\\\/schema\\\/person\\\/b21093345753a1a98242d505bd894f42\"},\"headline\":\"Stocks des tonnes de cacao dans les entrep\u00f4ts : les producteurs lancent un appel pressant au Chef de l&rsquo;Etat\",\"datePublished\":\"2026-03-13T08:55:15+00:00\",\"mainEntityOfPage\":{\"@id\":\"https:\\\/\\\/www.amanien.info\\\/news\\\/stocks-des-tonnes-de-cacao-dans-les-entrepots-les-producteurs-lancent-un-appel-pressant-au-chef-de-letat\\\/\"},\"wordCount\":474,\"image\":{\"@id\":\"https:\\\/\\\/www.amanien.info\\\/news\\\/stocks-des-tonnes-de-cacao-dans-les-entrepots-les-producteurs-lancent-un-appel-pressant-au-chef-de-letat\\\/#primaryimage\"},\"thumbnailUrl\":\"https:\\\/\\\/www.amanien.info\\\/news\\\/wp-content\\\/uploads\\\/2026\\\/03\\\/IMG-20260311-WA0127.jpg\",\"inLanguage\":\"fr-FR\"},{\"@type\":\"WebPage\",\"@id\":\"https:\\\/\\\/www.amanien.info\\\/news\\\/stocks-des-tonnes-de-cacao-dans-les-entrepots-les-producteurs-lancent-un-appel-pressant-au-chef-de-letat\\\/\",\"url\":\"https:\\\/\\\/www.amanien.info\\\/news\\\/stocks-des-tonnes-de-cacao-dans-les-entrepots-les-producteurs-lancent-un-appel-pressant-au-chef-de-letat\\\/\",\"name\":\"Stocks des tonnes de cacao dans les entrep\u00f4ts : les producteurs lancent un appel pressant au Chef de l'Etat - Amanien| L&#039;actualit\u00e9 Ivoirienne et Internationale\",\"isPartOf\":{\"@id\":\"https:\\\/\\\/www.amanien.info\\\/news\\\/#website\"},\"primaryImageOfPage\":{\"@id\":\"https:\\\/\\\/www.amanien.info\\\/news\\\/stocks-des-tonnes-de-cacao-dans-les-entrepots-les-producteurs-lancent-un-appel-pressant-au-chef-de-letat\\\/#primaryimage\"},\"image\":{\"@id\":\"https:\\\/\\\/www.amanien.info\\\/news\\\/stocks-des-tonnes-de-cacao-dans-les-entrepots-les-producteurs-lancent-un-appel-pressant-au-chef-de-letat\\\/#primaryimage\"},\"thumbnailUrl\":\"https:\\\/\\\/www.amanien.info\\\/news\\\/wp-content\\\/uploads\\\/2026\\\/03\\\/IMG-20260311-WA0127.jpg\",\"datePublished\":\"2026-03-13T08:55:15+00:00\",\"author\":{\"@id\":\"https:\\\/\\\/www.amanien.info\\\/news\\\/#\\\/schema\\\/person\\\/b21093345753a1a98242d505bd894f42\"},\"breadcrumb\":{\"@id\":\"https:\\\/\\\/www.amanien.info\\\/news\\\/stocks-des-tonnes-de-cacao-dans-les-entrepots-les-producteurs-lancent-un-appel-pressant-au-chef-de-letat\\\/#breadcrumb\"},\"inLanguage\":\"fr-FR\",\"potentialAction\":[{\"@type\":\"ReadAction\",\"target\":[\"https:\\\/\\\/www.amanien.info\\\/news\\\/stocks-des-tonnes-de-cacao-dans-les-entrepots-les-producteurs-lancent-un-appel-pressant-au-chef-de-letat\\\/\"]}]},{\"@type\":\"ImageObject\",\"inLanguage\":\"fr-FR\",\"@id\":\"https:\\\/\\\/www.amanien.info\\\/news\\\/stocks-des-tonnes-de-cacao-dans-les-entrepots-les-producteurs-lancent-un-appel-pressant-au-chef-de-letat\\\/#primaryimage\",\"url\":\"https:\\\/\\\/www.amanien.info\\\/news\\\/wp-content\\\/uploads\\\/2026\\\/03\\\/IMG-20260311-WA0127.jpg\",\"contentUrl\":\"https:\\\/\\\/www.amanien.info\\\/news\\\/wp-content\\\/uploads\\\/2026\\\/03\\\/IMG-20260311-WA0127.jpg\",\"width\":1040,\"height\":780},{\"@type\":\"BreadcrumbList\",\"@id\":\"https:\\\/\\\/www.amanien.info\\\/news\\\/stocks-des-tonnes-de-cacao-dans-les-entrepots-les-producteurs-lancent-un-appel-pressant-au-chef-de-letat\\\/#breadcrumb\",\"itemListElement\":[{\"@type\":\"ListItem\",\"position\":1,\"name\":\"Accueil\",\"item\":\"https:\\\/\\\/www.amanien.info\\\/news\\\/\"},{\"@type\":\"ListItem\",\"position\":2,\"name\":\"Stocks des tonnes de cacao dans les entrep\u00f4ts : les producteurs lancent un appel pressant au Chef de l&rsquo;Etat\"}]},{\"@type\":\"WebSite\",\"@id\":\"https:\\\/\\\/www.amanien.info\\\/news\\\/#website\",\"url\":\"https:\\\/\\\/www.amanien.info\\\/news\\\/\",\"name\":\"Amanien| L&#039;actualit\u00e9 Ivoirienne et Internationale\",\"description\":\"L&#039;actualit\u00e9 Ivoirienne et Internationale\",\"potentialAction\":[{\"@type\":\"SearchAction\",\"target\":{\"@type\":\"EntryPoint\",\"urlTemplate\":\"https:\\\/\\\/www.amanien.info\\\/news\\\/?s={search_term_string}\"},\"query-input\":{\"@type\":\"PropertyValueSpecification\",\"valueRequired\":true,\"valueName\":\"search_term_string\"}}],\"inLanguage\":\"fr-FR\"},{\"@type\":\"Person\",\"@id\":\"https:\\\/\\\/www.amanien.info\\\/news\\\/#\\\/schema\\\/person\\\/b21093345753a1a98242d505bd894f42\",\"name\":\"Germain Ndri\",\"url\":\"https:\\\/\\\/www.amanien.info\\\/news\\\/author\\\/amanien-infos\\\/\"}]}<\/script>\n<!-- \/ Yoast SEO plugin. -->","yoast_head_json":{"title":"Stocks des tonnes de cacao dans les entrep\u00f4ts : les producteurs lancent un appel pressant au Chef de l'Etat - Amanien| L&#039;actualit\u00e9 Ivoirienne et Internationale","robots":{"index":"index","follow":"follow","max-snippet":"max-snippet:-1","max-image-preview":"max-image-preview:large","max-video-preview":"max-video-preview:-1"},"canonical":"https:\/\/www.amanien.info\/news\/stocks-des-tonnes-de-cacao-dans-les-entrepots-les-producteurs-lancent-un-appel-pressant-au-chef-de-letat\/","og_locale":"fr_FR","og_type":"article","og_title":"Stocks des tonnes de cacao dans les entrep\u00f4ts : les producteurs lancent un appel pressant au Chef de l'Etat - Amanien| L&#039;actualit\u00e9 Ivoirienne et Internationale","og_description":"L&rsquo; Association des Producteurs de caf\u00e9 et de cacao de C\u00f4te d&rsquo;Ivoire (AS.P.CA.C.C) a organis\u00e9, le mercredi 11 mars 2026, \u00e0 Abidjan-Plateau, un point-presse au cours duquel, son Pr\u00e9sident Serm\u00e9 Karim, a indiqu\u00e9 que des stocks de tonnes de cacao sont encore dans les entrep\u00f4ts. \u00ab\u00a0Sur 100 000 tonnes de cacao, entre 40 000 et [&hellip;]","og_url":"https:\/\/www.amanien.info\/news\/stocks-des-tonnes-de-cacao-dans-les-entrepots-les-producteurs-lancent-un-appel-pressant-au-chef-de-letat\/","og_site_name":"Amanien| L&#039;actualit\u00e9 Ivoirienne et Internationale","article_published_time":"2026-03-13T08:55:15+00:00","og_image":[{"width":1040,"height":780,"url":"https:\/\/www.amanien.info\/news\/wp-content\/uploads\/2026\/03\/IMG-20260311-WA0127.jpg","type":"image\/jpeg"}],"author":"Germain Ndri","twitter_card":"summary_large_image","twitter_misc":{"\u00c9crit par":"Germain Ndri","Dur\u00e9e de lecture estim\u00e9e":"3 minutes"},"schema":{"@context":"https:\/\/schema.org","@graph":[{"@type":"Article","@id":"https:\/\/www.amanien.info\/news\/stocks-des-tonnes-de-cacao-dans-les-entrepots-les-producteurs-lancent-un-appel-pressant-au-chef-de-letat\/#article","isPartOf":{"@id":"https:\/\/www.amanien.info\/news\/stocks-des-tonnes-de-cacao-dans-les-entrepots-les-producteurs-lancent-un-appel-pressant-au-chef-de-letat\/"},"author":{"name":"Germain Ndri","@id":"https:\/\/www.amanien.info\/news\/#\/schema\/person\/b21093345753a1a98242d505bd894f42"},"headline":"Stocks des tonnes de cacao dans les entrep\u00f4ts : les producteurs lancent un appel pressant au Chef de l&rsquo;Etat","datePublished":"2026-03-13T08:55:15+00:00","mainEntityOfPage":{"@id":"https:\/\/www.amanien.info\/news\/stocks-des-tonnes-de-cacao-dans-les-entrepots-les-producteurs-lancent-un-appel-pressant-au-chef-de-letat\/"},"wordCount":474,"image":{"@id":"https:\/\/www.amanien.info\/news\/stocks-des-tonnes-de-cacao-dans-les-entrepots-les-producteurs-lancent-un-appel-pressant-au-chef-de-letat\/#primaryimage"},"thumbnailUrl":"https:\/\/www.amanien.info\/news\/wp-content\/uploads\/2026\/03\/IMG-20260311-WA0127.jpg","inLanguage":"fr-FR"},{"@type":"WebPage","@id":"https:\/\/www.amanien.info\/news\/stocks-des-tonnes-de-cacao-dans-les-entrepots-les-producteurs-lancent-un-appel-pressant-au-chef-de-letat\/","url":"https:\/\/www.amanien.info\/news\/stocks-des-tonnes-de-cacao-dans-les-entrepots-les-producteurs-lancent-un-appel-pressant-au-chef-de-letat\/","name":"Stocks des tonnes de cacao dans les entrep\u00f4ts : les producteurs lancent un appel pressant au Chef de l'Etat - Amanien| L&#039;actualit\u00e9 Ivoirienne et Internationale","isPartOf":{"@id":"https:\/\/www.amanien.info\/news\/#website"},"primaryImageOfPage":{"@id":"https:\/\/www.amanien.info\/news\/stocks-des-tonnes-de-cacao-dans-les-entrepots-les-producteurs-lancent-un-appel-pressant-au-chef-de-letat\/#primaryimage"},"image":{"@id":"https:\/\/www.amanien.info\/news\/stocks-des-tonnes-de-cacao-dans-les-entrepots-les-producteurs-lancent-un-appel-pressant-au-chef-de-letat\/#primaryimage"},"thumbnailUrl":"https:\/\/www.amanien.info\/news\/wp-content\/uploads\/2026\/03\/IMG-20260311-WA0127.jpg","datePublished":"2026-03-13T08:55:15+00:00","author":{"@id":"https:\/\/www.amanien.info\/news\/#\/schema\/person\/b21093345753a1a98242d505bd894f42"},"breadcrumb":{"@id":"https:\/\/www.amanien.info\/news\/stocks-des-tonnes-de-cacao-dans-les-entrepots-les-producteurs-lancent-un-appel-pressant-au-chef-de-letat\/#breadcrumb"},"inLanguage":"fr-FR","potentialAction":[{"@type":"ReadAction","target":["https:\/\/www.amanien.info\/news\/stocks-des-tonnes-de-cacao-dans-les-entrepots-les-producteurs-lancent-un-appel-pressant-au-chef-de-letat\/"]}]},{"@type":"ImageObject","inLanguage":"fr-FR","@id":"https:\/\/www.amanien.info\/news\/stocks-des-tonnes-de-cacao-dans-les-entrepots-les-producteurs-lancent-un-appel-pressant-au-chef-de-letat\/#primaryimage","url":"https:\/\/www.amanien.info\/news\/wp-content\/uploads\/2026\/03\/IMG-20260311-WA0127.jpg","contentUrl":"https:\/\/www.amanien.info\/news\/wp-content\/uploads\/2026\/03\/IMG-20260311-WA0127.jpg","width":1040,"height":780},{"@type":"BreadcrumbList","@id":"https:\/\/www.amanien.info\/news\/stocks-des-tonnes-de-cacao-dans-les-entrepots-les-producteurs-lancent-un-appel-pressant-au-chef-de-letat\/#breadcrumb","itemListElement":[{"@type":"ListItem","position":1,"name":"Accueil","item":"https:\/\/www.amanien.info\/news\/"},{"@type":"ListItem","position":2,"name":"Stocks des tonnes de cacao dans les entrep\u00f4ts : les producteurs lancent un appel pressant au Chef de l&rsquo;Etat"}]},{"@type":"WebSite","@id":"https:\/\/www.amanien.info\/news\/#website","url":"https:\/\/www.amanien.info\/news\/","name":"Amanien| L&#039;actualit\u00e9 Ivoirienne et Internationale","description":"L&#039;actualit\u00e9 Ivoirienne et Internationale","potentialAction":[{"@type":"SearchAction","target":{"@type":"EntryPoint","urlTemplate":"https:\/\/www.amanien.info\/news\/?s={search_term_string}"},"query-input":{"@type":"PropertyValueSpecification","valueRequired":true,"valueName":"search_term_string"}}],"inLanguage":"fr-FR"},{"@type":"Person","@id":"https:\/\/www.amanien.info\/news\/#\/schema\/person\/b21093345753a1a98242d505bd894f42","name":"Germain Ndri","url":"https:\/\/www.amanien.info\/news\/author\/amanien-infos\/"}]}},"_links":{"self":[{"href":"https:\/\/www.amanien.info\/news\/wp-json\/wp\/v2\/posts\/7851","targetHints":{"allow":["GET"]}}],"collection":[{"href":"https:\/\/www.amanien.info\/news\/wp-json\/wp\/v2\/posts"}],"about":[{"href":"https:\/\/www.amanien.info\/news\/wp-json\/wp\/v2\/types\/post"}],"author":[{"embeddable":true,"href":"https:\/\/www.amanien.info\/news\/wp-json\/wp\/v2\/users\/2"}],"replies":[{"embeddable":true,"href":"https:\/\/www.amanien.info\/news\/wp-json\/wp\/v2\/comments?post=7851"}],"version-history":[{"count":1,"href":"https:\/\/www.amanien.info\/news\/wp-json\/wp\/v2\/posts\/7851\/revisions"}],"predecessor-version":[{"id":7853,"href":"https:\/\/www.amanien.info\/news\/wp-json\/wp\/v2\/posts\/7851\/revisions\/7853"}],"wp:featuredmedia":[{"embeddable":true,"href":"https:\/\/www.amanien.info\/news\/wp-json\/wp\/v2\/media\/7852"}],"wp:attachment":[{"href":"https:\/\/www.amanien.info\/news\/wp-json\/wp\/v2\/media?parent=7851"}],"wp:term":[{"taxonomy":"category","embeddable":true,"href":"https:\/\/www.amanien.info\/news\/wp-json\/wp\/v2\/categories?post=7851"},{"taxonomy":"post_tag","embeddable":true,"href":"https:\/\/www.amanien.info\/news\/wp-json\/wp\/v2\/tags?post=7851"}],"curies":[{"name":"wp","href":"https:\/\/api.w.org\/{rel}","templated":true}]}}