{"id":7793,"date":"2026-01-29T15:54:51","date_gmt":"2026-01-29T15:54:51","guid":{"rendered":"https:\/\/www.amanien.info\/news\/?p=7793"},"modified":"2026-01-29T15:54:51","modified_gmt":"2026-01-29T15:54:51","slug":"27eme-edition-du-week-end-des-ebony-le-president-de-lunjci-jean-claude-coulibaly-devoile-le-chronogramme-de-levenement","status":"publish","type":"post","link":"https:\/\/www.amanien.info\/news\/27eme-edition-du-week-end-des-ebony-le-president-de-lunjci-jean-claude-coulibaly-devoile-le-chronogramme-de-levenement\/","title":{"rendered":"27\u00e8me \u00e9dition du Week-end des Ebony : Le Pr\u00e9sident de l&rsquo;UNJCI, Jean-Claude Coulibaly d\u00e9voile le chronogramme de l&rsquo;\u00e9v\u00e9nement"},"content":{"rendered":"<div>Le Pr\u00e9sident de l&rsquo;Union nationale des Journalistes de C\u00f4te d&rsquo;Ivoire (UNJCI), Jean-Claude Coulibaly, a officiellement lanc\u00e9 la 27\u00e8 \u00e9dition du Week-end des Ebony, pr\u00e9vue du 06 au 08 f\u00e9vrier \u00e0 la Fondation FHB de Yamoussoukro, autour du th\u00e8me : \u00ab\u00a0Un journaliste responsable pour une nation forte\u00a0\u00bb.<\/div>\n<div><\/div>\n<div><\/div>\n<div>C&rsquo;\u00e9tait au cours d&rsquo;une conf\u00e9rence de presse qu&rsquo;il a anim\u00e9e le mercredi 28 janvier 2026, \u00e0 Abidjan-Marcory.<\/div>\n<div><\/div>\n<div>A en croire le Pr\u00e9sident de l&rsquo;UNJCI, les activit\u00e9s d\u00e9buteront le jeudi 6 f\u00e9vrier avec le d\u00e9part des journalistes depuis la Maison de la Presse d\u2019Abidjan-Plateau \u00e0 partir de 7 heures, gr\u00e2ce \u00e0 l\u2019appui des partenaires UTB et SOTRA. \u00c0 leur arriv\u00e9e \u00e0 Yamoussoukro, l\u2019ouverture officielle et l\u2019inauguration des stands auront lieu au village Ebony.<\/div>\n<div><\/div>\n<div>Dans l\u2019apr\u00e8s-midi, un panel de haut niveau se tiendra \u00e0 la Fondation F\u00e9lix Houphou\u00ebt-Boigny.<\/div>\n<div><\/div>\n<div>\u00c0 cette occasion, le directeur g\u00e9n\u00e9ral de la Caisse nationale de pr\u00e9voyance sociale (CNPS), invit\u00e9 sp\u00e9cial de cette \u00e9dition, interviendra sur le nouveau mod\u00e8le \u00e9conomique des entreprises de presse.<\/div>\n<div><\/div>\n<div>Le programme pr\u00e9voit \u00e9galement un cross populaire, la finale du tournoi de la confraternit\u00e9, ainsi que la traditionnelle Nuit de la communication, consacr\u00e9e \u00e0 la distinction des meilleurs journalistes de l\u2019ann\u00e9e.<\/div>\n<div><\/div>\n<div><\/div>\n<div>Le programme pr\u00e9voit \u00e9galement, samedi, un cross populaire \u00e0 travers les rues de Yamoussoukro et la finale du tournoi de la confraternit\u00e9, avant la grande Nuit de la communication, consacr\u00e9e \u00e0 la distinction des meilleurs journalistes de l\u2019annee..<\/div>\n<div><\/div>\n<div>\u00a0Le patron de l\u2019UNJCI a aussi rappel\u00e9 que le Week-end des Ebony constitue l\u2019\u00e9v\u00e9nement phare de l\u2019organisation. Il est d\u00e9di\u00e9 \u00e0 la promotion de l\u2019excellence, de la rigueur et de la responsabilit\u00e9 dans l\u2019exercice du journalisme.<\/div>\n<div><\/div>\n<div>\u00ab\u00a0C\u2019est un moment de rassemblement, de r\u00e9flexion et de valorisation de notre m\u00e9tier\u00a0\u00bb, a-t-il soulign\u00e9<\/div>\n<div><\/div>\n<div><\/div>\n<div>Il a, par ailleurs, lanc\u00e9 un appel \u00e0 une forte mobilisation de la corporation autour de la 27\u1d49 \u00e9dition du Week-end des Ebony.<\/div>\n<div><\/div>\n<div><\/div>\n<div><b>S.A.<\/b><\/div>\n","protected":false},"excerpt":{"rendered":"<p>Le Pr\u00e9sident de l&rsquo;Union nationale des Journalistes de C\u00f4te d&rsquo;Ivoire (UNJCI), Jean-Claude Coulibaly, a officiellement lanc\u00e9 la 27\u00e8 \u00e9dition du Week-end des Ebony, pr\u00e9vue du 06 au 08 f\u00e9vrier \u00e0 la Fondation FHB de Yamoussoukro, autour du th\u00e8me : \u00ab\u00a0Un journaliste responsable pour une nation forte\u00a0\u00bb. C&rsquo;\u00e9tait au cours d&rsquo;une conf\u00e9rence de presse qu&rsquo;il a [&hellip;]<\/p>\n","protected":false},"author":2,"featured_media":7794,"comment_status":"closed","ping_status":"closed","sticky":false,"template":"","format":"standard","meta":{"_acf_changed":false,"footnotes":""},"categories":[],"tags":[12],"class_list":["post-7793","post","type-post","status-publish","format-standard","has-post-thumbnail","hentry","tag-societe"],"acf":[],"yoast_head":"<!-- This site is optimized with the Yoast SEO plugin v27.5 - https:\/\/yoast.com\/product\/yoast-seo-wordpress\/ -->\n<title>27\u00e8me \u00e9dition du Week-end des Ebony : Le Pr\u00e9sident de l&#039;UNJCI, Jean-Claude Coulibaly d\u00e9voile le chronogramme de l&#039;\u00e9v\u00e9nement - Amanien| L&#039;actualit\u00e9 Ivoirienne et Internationale<\/title>\n<meta name=\"robots\" content=\"index, follow, max-snippet:-1, max-image-preview:large, max-video-preview:-1\" \/>\n<link rel=\"canonical\" href=\"https:\/\/www.amanien.info\/news\/27eme-edition-du-week-end-des-ebony-le-president-de-lunjci-jean-claude-coulibaly-devoile-le-chronogramme-de-levenement\/\" \/>\n<meta property=\"og:locale\" content=\"fr_FR\" \/>\n<meta property=\"og:type\" content=\"article\" \/>\n<meta property=\"og:title\" content=\"27\u00e8me \u00e9dition du Week-end des Ebony : Le Pr\u00e9sident de l&#039;UNJCI, Jean-Claude Coulibaly d\u00e9voile le chronogramme de l&#039;\u00e9v\u00e9nement - Amanien| L&#039;actualit\u00e9 Ivoirienne et Internationale\" \/>\n<meta property=\"og:description\" content=\"Le Pr\u00e9sident de l&rsquo;Union nationale des Journalistes de C\u00f4te d&rsquo;Ivoire (UNJCI), Jean-Claude Coulibaly, a officiellement lanc\u00e9 la 27\u00e8 \u00e9dition du Week-end des Ebony, pr\u00e9vue du 06 au 08 f\u00e9vrier \u00e0 la Fondation FHB de Yamoussoukro, autour du th\u00e8me : \u00ab\u00a0Un journaliste responsable pour une nation forte\u00a0\u00bb. C&rsquo;\u00e9tait au cours d&rsquo;une conf\u00e9rence de presse qu&rsquo;il a [&hellip;]\" \/>\n<meta property=\"og:url\" content=\"https:\/\/www.amanien.info\/news\/27eme-edition-du-week-end-des-ebony-le-president-de-lunjci-jean-claude-coulibaly-devoile-le-chronogramme-de-levenement\/\" \/>\n<meta property=\"og:site_name\" content=\"Amanien| L&#039;actualit\u00e9 Ivoirienne et Internationale\" \/>\n<meta property=\"article:published_time\" content=\"2026-01-29T15:54:51+00:00\" \/>\n<meta property=\"og:image\" content=\"https:\/\/www.amanien.info\/news\/wp-content\/uploads\/2026\/01\/IMG-20260128-WA0056-1024x451-1.jpg\" \/>\n\t<meta property=\"og:image:width\" content=\"1024\" \/>\n\t<meta property=\"og:image:height\" content=\"451\" \/>\n\t<meta property=\"og:image:type\" content=\"image\/jpeg\" \/>\n<meta name=\"author\" content=\"Germain Ndri\" \/>\n<meta name=\"twitter:card\" content=\"summary_large_image\" \/>\n<meta name=\"twitter:label1\" content=\"\u00c9crit par\" \/>\n\t<meta name=\"twitter:data1\" content=\"Germain Ndri\" \/>\n\t<meta name=\"twitter:label2\" content=\"Dur\u00e9e de lecture estim\u00e9e\" \/>\n\t<meta name=\"twitter:data2\" content=\"2 minutes\" \/>\n<script type=\"application\/ld+json\" class=\"yoast-schema-graph\">{\"@context\":\"https:\\\/\\\/schema.org\",\"@graph\":[{\"@type\":\"Article\",\"@id\":\"https:\\\/\\\/www.amanien.info\\\/news\\\/27eme-edition-du-week-end-des-ebony-le-president-de-lunjci-jean-claude-coulibaly-devoile-le-chronogramme-de-levenement\\\/#article\",\"isPartOf\":{\"@id\":\"https:\\\/\\\/www.amanien.info\\\/news\\\/27eme-edition-du-week-end-des-ebony-le-president-de-lunjci-jean-claude-coulibaly-devoile-le-chronogramme-de-levenement\\\/\"},\"author\":{\"name\":\"Germain Ndri\",\"@id\":\"https:\\\/\\\/www.amanien.info\\\/news\\\/#\\\/schema\\\/person\\\/b21093345753a1a98242d505bd894f42\"},\"headline\":\"27\u00e8me \u00e9dition du Week-end des Ebony : Le Pr\u00e9sident de l&rsquo;UNJCI, Jean-Claude Coulibaly d\u00e9voile le chronogramme de l&rsquo;\u00e9v\u00e9nement\",\"datePublished\":\"2026-01-29T15:54:51+00:00\",\"mainEntityOfPage\":{\"@id\":\"https:\\\/\\\/www.amanien.info\\\/news\\\/27eme-edition-du-week-end-des-ebony-le-president-de-lunjci-jean-claude-coulibaly-devoile-le-chronogramme-de-levenement\\\/\"},\"wordCount\":356,\"image\":{\"@id\":\"https:\\\/\\\/www.amanien.info\\\/news\\\/27eme-edition-du-week-end-des-ebony-le-president-de-lunjci-jean-claude-coulibaly-devoile-le-chronogramme-de-levenement\\\/#primaryimage\"},\"thumbnailUrl\":\"https:\\\/\\\/www.amanien.info\\\/news\\\/wp-content\\\/uploads\\\/2026\\\/01\\\/IMG-20260128-WA0056-1024x451-1.jpg\",\"keywords\":[\"Soci\u00e9t\u00e9\"],\"inLanguage\":\"fr-FR\"},{\"@type\":\"WebPage\",\"@id\":\"https:\\\/\\\/www.amanien.info\\\/news\\\/27eme-edition-du-week-end-des-ebony-le-president-de-lunjci-jean-claude-coulibaly-devoile-le-chronogramme-de-levenement\\\/\",\"url\":\"https:\\\/\\\/www.amanien.info\\\/news\\\/27eme-edition-du-week-end-des-ebony-le-president-de-lunjci-jean-claude-coulibaly-devoile-le-chronogramme-de-levenement\\\/\",\"name\":\"27\u00e8me \u00e9dition du Week-end des Ebony : Le Pr\u00e9sident de l'UNJCI, Jean-Claude Coulibaly d\u00e9voile le chronogramme de l'\u00e9v\u00e9nement - Amanien| L&#039;actualit\u00e9 Ivoirienne et Internationale\",\"isPartOf\":{\"@id\":\"https:\\\/\\\/www.amanien.info\\\/news\\\/#website\"},\"primaryImageOfPage\":{\"@id\":\"https:\\\/\\\/www.amanien.info\\\/news\\\/27eme-edition-du-week-end-des-ebony-le-president-de-lunjci-jean-claude-coulibaly-devoile-le-chronogramme-de-levenement\\\/#primaryimage\"},\"image\":{\"@id\":\"https:\\\/\\\/www.amanien.info\\\/news\\\/27eme-edition-du-week-end-des-ebony-le-president-de-lunjci-jean-claude-coulibaly-devoile-le-chronogramme-de-levenement\\\/#primaryimage\"},\"thumbnailUrl\":\"https:\\\/\\\/www.amanien.info\\\/news\\\/wp-content\\\/uploads\\\/2026\\\/01\\\/IMG-20260128-WA0056-1024x451-1.jpg\",\"datePublished\":\"2026-01-29T15:54:51+00:00\",\"author\":{\"@id\":\"https:\\\/\\\/www.amanien.info\\\/news\\\/#\\\/schema\\\/person\\\/b21093345753a1a98242d505bd894f42\"},\"breadcrumb\":{\"@id\":\"https:\\\/\\\/www.amanien.info\\\/news\\\/27eme-edition-du-week-end-des-ebony-le-president-de-lunjci-jean-claude-coulibaly-devoile-le-chronogramme-de-levenement\\\/#breadcrumb\"},\"inLanguage\":\"fr-FR\",\"potentialAction\":[{\"@type\":\"ReadAction\",\"target\":[\"https:\\\/\\\/www.amanien.info\\\/news\\\/27eme-edition-du-week-end-des-ebony-le-president-de-lunjci-jean-claude-coulibaly-devoile-le-chronogramme-de-levenement\\\/\"]}]},{\"@type\":\"ImageObject\",\"inLanguage\":\"fr-FR\",\"@id\":\"https:\\\/\\\/www.amanien.info\\\/news\\\/27eme-edition-du-week-end-des-ebony-le-president-de-lunjci-jean-claude-coulibaly-devoile-le-chronogramme-de-levenement\\\/#primaryimage\",\"url\":\"https:\\\/\\\/www.amanien.info\\\/news\\\/wp-content\\\/uploads\\\/2026\\\/01\\\/IMG-20260128-WA0056-1024x451-1.jpg\",\"contentUrl\":\"https:\\\/\\\/www.amanien.info\\\/news\\\/wp-content\\\/uploads\\\/2026\\\/01\\\/IMG-20260128-WA0056-1024x451-1.jpg\",\"width\":1024,\"height\":451},{\"@type\":\"BreadcrumbList\",\"@id\":\"https:\\\/\\\/www.amanien.info\\\/news\\\/27eme-edition-du-week-end-des-ebony-le-president-de-lunjci-jean-claude-coulibaly-devoile-le-chronogramme-de-levenement\\\/#breadcrumb\",\"itemListElement\":[{\"@type\":\"ListItem\",\"position\":1,\"name\":\"Accueil\",\"item\":\"https:\\\/\\\/www.amanien.info\\\/news\\\/\"},{\"@type\":\"ListItem\",\"position\":2,\"name\":\"27\u00e8me \u00e9dition du Week-end des Ebony : Le Pr\u00e9sident de l&rsquo;UNJCI, Jean-Claude Coulibaly d\u00e9voile le chronogramme de l&rsquo;\u00e9v\u00e9nement\"}]},{\"@type\":\"WebSite\",\"@id\":\"https:\\\/\\\/www.amanien.info\\\/news\\\/#website\",\"url\":\"https:\\\/\\\/www.amanien.info\\\/news\\\/\",\"name\":\"Amanien| L&#039;actualit\u00e9 Ivoirienne et Internationale\",\"description\":\"L&#039;actualit\u00e9 Ivoirienne et Internationale\",\"potentialAction\":[{\"@type\":\"SearchAction\",\"target\":{\"@type\":\"EntryPoint\",\"urlTemplate\":\"https:\\\/\\\/www.amanien.info\\\/news\\\/?s={search_term_string}\"},\"query-input\":{\"@type\":\"PropertyValueSpecification\",\"valueRequired\":true,\"valueName\":\"search_term_string\"}}],\"inLanguage\":\"fr-FR\"},{\"@type\":\"Person\",\"@id\":\"https:\\\/\\\/www.amanien.info\\\/news\\\/#\\\/schema\\\/person\\\/b21093345753a1a98242d505bd894f42\",\"name\":\"Germain Ndri\",\"url\":\"https:\\\/\\\/www.amanien.info\\\/news\\\/author\\\/amanien-infos\\\/\"}]}<\/script>\n<!-- \/ Yoast SEO plugin. -->","yoast_head_json":{"title":"27\u00e8me \u00e9dition du Week-end des Ebony : Le Pr\u00e9sident de l'UNJCI, Jean-Claude Coulibaly d\u00e9voile le chronogramme de l'\u00e9v\u00e9nement - Amanien| L&#039;actualit\u00e9 Ivoirienne et Internationale","robots":{"index":"index","follow":"follow","max-snippet":"max-snippet:-1","max-image-preview":"max-image-preview:large","max-video-preview":"max-video-preview:-1"},"canonical":"https:\/\/www.amanien.info\/news\/27eme-edition-du-week-end-des-ebony-le-president-de-lunjci-jean-claude-coulibaly-devoile-le-chronogramme-de-levenement\/","og_locale":"fr_FR","og_type":"article","og_title":"27\u00e8me \u00e9dition du Week-end des Ebony : Le Pr\u00e9sident de l'UNJCI, Jean-Claude Coulibaly d\u00e9voile le chronogramme de l'\u00e9v\u00e9nement - Amanien| L&#039;actualit\u00e9 Ivoirienne et Internationale","og_description":"Le Pr\u00e9sident de l&rsquo;Union nationale des Journalistes de C\u00f4te d&rsquo;Ivoire (UNJCI), Jean-Claude Coulibaly, a officiellement lanc\u00e9 la 27\u00e8 \u00e9dition du Week-end des Ebony, pr\u00e9vue du 06 au 08 f\u00e9vrier \u00e0 la Fondation FHB de Yamoussoukro, autour du th\u00e8me : \u00ab\u00a0Un journaliste responsable pour une nation forte\u00a0\u00bb. C&rsquo;\u00e9tait au cours d&rsquo;une conf\u00e9rence de presse qu&rsquo;il a [&hellip;]","og_url":"https:\/\/www.amanien.info\/news\/27eme-edition-du-week-end-des-ebony-le-president-de-lunjci-jean-claude-coulibaly-devoile-le-chronogramme-de-levenement\/","og_site_name":"Amanien| L&#039;actualit\u00e9 Ivoirienne et Internationale","article_published_time":"2026-01-29T15:54:51+00:00","og_image":[{"width":1024,"height":451,"url":"https:\/\/www.amanien.info\/news\/wp-content\/uploads\/2026\/01\/IMG-20260128-WA0056-1024x451-1.jpg","type":"image\/jpeg"}],"author":"Germain Ndri","twitter_card":"summary_large_image","twitter_misc":{"\u00c9crit par":"Germain Ndri","Dur\u00e9e de lecture estim\u00e9e":"2 minutes"},"schema":{"@context":"https:\/\/schema.org","@graph":[{"@type":"Article","@id":"https:\/\/www.amanien.info\/news\/27eme-edition-du-week-end-des-ebony-le-president-de-lunjci-jean-claude-coulibaly-devoile-le-chronogramme-de-levenement\/#article","isPartOf":{"@id":"https:\/\/www.amanien.info\/news\/27eme-edition-du-week-end-des-ebony-le-president-de-lunjci-jean-claude-coulibaly-devoile-le-chronogramme-de-levenement\/"},"author":{"name":"Germain Ndri","@id":"https:\/\/www.amanien.info\/news\/#\/schema\/person\/b21093345753a1a98242d505bd894f42"},"headline":"27\u00e8me \u00e9dition du Week-end des Ebony : Le Pr\u00e9sident de l&rsquo;UNJCI, Jean-Claude Coulibaly d\u00e9voile le chronogramme de l&rsquo;\u00e9v\u00e9nement","datePublished":"2026-01-29T15:54:51+00:00","mainEntityOfPage":{"@id":"https:\/\/www.amanien.info\/news\/27eme-edition-du-week-end-des-ebony-le-president-de-lunjci-jean-claude-coulibaly-devoile-le-chronogramme-de-levenement\/"},"wordCount":356,"image":{"@id":"https:\/\/www.amanien.info\/news\/27eme-edition-du-week-end-des-ebony-le-president-de-lunjci-jean-claude-coulibaly-devoile-le-chronogramme-de-levenement\/#primaryimage"},"thumbnailUrl":"https:\/\/www.amanien.info\/news\/wp-content\/uploads\/2026\/01\/IMG-20260128-WA0056-1024x451-1.jpg","keywords":["Soci\u00e9t\u00e9"],"inLanguage":"fr-FR"},{"@type":"WebPage","@id":"https:\/\/www.amanien.info\/news\/27eme-edition-du-week-end-des-ebony-le-president-de-lunjci-jean-claude-coulibaly-devoile-le-chronogramme-de-levenement\/","url":"https:\/\/www.amanien.info\/news\/27eme-edition-du-week-end-des-ebony-le-president-de-lunjci-jean-claude-coulibaly-devoile-le-chronogramme-de-levenement\/","name":"27\u00e8me \u00e9dition du Week-end des Ebony : Le Pr\u00e9sident de l'UNJCI, Jean-Claude Coulibaly d\u00e9voile le chronogramme de l'\u00e9v\u00e9nement - Amanien| L&#039;actualit\u00e9 Ivoirienne et Internationale","isPartOf":{"@id":"https:\/\/www.amanien.info\/news\/#website"},"primaryImageOfPage":{"@id":"https:\/\/www.amanien.info\/news\/27eme-edition-du-week-end-des-ebony-le-president-de-lunjci-jean-claude-coulibaly-devoile-le-chronogramme-de-levenement\/#primaryimage"},"image":{"@id":"https:\/\/www.amanien.info\/news\/27eme-edition-du-week-end-des-ebony-le-president-de-lunjci-jean-claude-coulibaly-devoile-le-chronogramme-de-levenement\/#primaryimage"},"thumbnailUrl":"https:\/\/www.amanien.info\/news\/wp-content\/uploads\/2026\/01\/IMG-20260128-WA0056-1024x451-1.jpg","datePublished":"2026-01-29T15:54:51+00:00","author":{"@id":"https:\/\/www.amanien.info\/news\/#\/schema\/person\/b21093345753a1a98242d505bd894f42"},"breadcrumb":{"@id":"https:\/\/www.amanien.info\/news\/27eme-edition-du-week-end-des-ebony-le-president-de-lunjci-jean-claude-coulibaly-devoile-le-chronogramme-de-levenement\/#breadcrumb"},"inLanguage":"fr-FR","potentialAction":[{"@type":"ReadAction","target":["https:\/\/www.amanien.info\/news\/27eme-edition-du-week-end-des-ebony-le-president-de-lunjci-jean-claude-coulibaly-devoile-le-chronogramme-de-levenement\/"]}]},{"@type":"ImageObject","inLanguage":"fr-FR","@id":"https:\/\/www.amanien.info\/news\/27eme-edition-du-week-end-des-ebony-le-president-de-lunjci-jean-claude-coulibaly-devoile-le-chronogramme-de-levenement\/#primaryimage","url":"https:\/\/www.amanien.info\/news\/wp-content\/uploads\/2026\/01\/IMG-20260128-WA0056-1024x451-1.jpg","contentUrl":"https:\/\/www.amanien.info\/news\/wp-content\/uploads\/2026\/01\/IMG-20260128-WA0056-1024x451-1.jpg","width":1024,"height":451},{"@type":"BreadcrumbList","@id":"https:\/\/www.amanien.info\/news\/27eme-edition-du-week-end-des-ebony-le-president-de-lunjci-jean-claude-coulibaly-devoile-le-chronogramme-de-levenement\/#breadcrumb","itemListElement":[{"@type":"ListItem","position":1,"name":"Accueil","item":"https:\/\/www.amanien.info\/news\/"},{"@type":"ListItem","position":2,"name":"27\u00e8me \u00e9dition du Week-end des Ebony : Le Pr\u00e9sident de l&rsquo;UNJCI, Jean-Claude Coulibaly d\u00e9voile le chronogramme de l&rsquo;\u00e9v\u00e9nement"}]},{"@type":"WebSite","@id":"https:\/\/www.amanien.info\/news\/#website","url":"https:\/\/www.amanien.info\/news\/","name":"Amanien| L&#039;actualit\u00e9 Ivoirienne et Internationale","description":"L&#039;actualit\u00e9 Ivoirienne et Internationale","potentialAction":[{"@type":"SearchAction","target":{"@type":"EntryPoint","urlTemplate":"https:\/\/www.amanien.info\/news\/?s={search_term_string}"},"query-input":{"@type":"PropertyValueSpecification","valueRequired":true,"valueName":"search_term_string"}}],"inLanguage":"fr-FR"},{"@type":"Person","@id":"https:\/\/www.amanien.info\/news\/#\/schema\/person\/b21093345753a1a98242d505bd894f42","name":"Germain Ndri","url":"https:\/\/www.amanien.info\/news\/author\/amanien-infos\/"}]}},"_links":{"self":[{"href":"https:\/\/www.amanien.info\/news\/wp-json\/wp\/v2\/posts\/7793","targetHints":{"allow":["GET"]}}],"collection":[{"href":"https:\/\/www.amanien.info\/news\/wp-json\/wp\/v2\/posts"}],"about":[{"href":"https:\/\/www.amanien.info\/news\/wp-json\/wp\/v2\/types\/post"}],"author":[{"embeddable":true,"href":"https:\/\/www.amanien.info\/news\/wp-json\/wp\/v2\/users\/2"}],"replies":[{"embeddable":true,"href":"https:\/\/www.amanien.info\/news\/wp-json\/wp\/v2\/comments?post=7793"}],"version-history":[{"count":1,"href":"https:\/\/www.amanien.info\/news\/wp-json\/wp\/v2\/posts\/7793\/revisions"}],"predecessor-version":[{"id":7795,"href":"https:\/\/www.amanien.info\/news\/wp-json\/wp\/v2\/posts\/7793\/revisions\/7795"}],"wp:featuredmedia":[{"embeddable":true,"href":"https:\/\/www.amanien.info\/news\/wp-json\/wp\/v2\/media\/7794"}],"wp:attachment":[{"href":"https:\/\/www.amanien.info\/news\/wp-json\/wp\/v2\/media?parent=7793"}],"wp:term":[{"taxonomy":"category","embeddable":true,"href":"https:\/\/www.amanien.info\/news\/wp-json\/wp\/v2\/categories?post=7793"},{"taxonomy":"post_tag","embeddable":true,"href":"https:\/\/www.amanien.info\/news\/wp-json\/wp\/v2\/tags?post=7793"}],"curies":[{"name":"wp","href":"https:\/\/api.w.org\/{rel}","templated":true}]}}