{"id":7789,"date":"2026-01-28T12:21:59","date_gmt":"2026-01-28T12:21:59","guid":{"rendered":"https:\/\/www.amanien.info\/news\/?p=7789"},"modified":"2026-01-28T12:21:59","modified_gmt":"2026-01-28T12:21:59","slug":"ministere-des-eaux-et-forets-laurent-tchagba-passe-officiellement-le-temoin-a-assahore-konan-jacques","status":"publish","type":"post","link":"https:\/\/www.amanien.info\/news\/ministere-des-eaux-et-forets-laurent-tchagba-passe-officiellement-le-temoin-a-assahore-konan-jacques\/","title":{"rendered":"Minist\u00e8re des Eaux et For\u00eats : Laurent Tchagba passe officiellement le t\u00e9moin \u00e0 Assahor\u00e9 Konan Jacques"},"content":{"rendered":"<div>Le Ministre ivoirien sortant des Eaux et For\u00eats, Laurent Tchagba a officiellement pass\u00e9 le t\u00e9moin au Ministre entrant, Jacques Assahor\u00e9 Konan, au cours d&rsquo;une c\u00e9r\u00e9monie qui s\u2019est d\u00e9roul\u00e9e le mardi 27 janvier 2026 \u00e0 son cabinet , \u00e0 Abidjan-Plateau.<\/div>\n<div><\/div>\n<div>Cette belle c\u00e9r\u00e9monie \u00e9tait pr\u00e9sid\u00e9e par Roger Charlemagne, Secr\u00e9taire g\u00e9n\u00e9ral du gouvernement, repr\u00e9sentant le Premier Ministre et Chef du gouvernement.<\/div>\n<div><\/div>\n<div>Dans sa brillante intervention, le Ministre sortant des Eaux et For\u00eats, Laurent Tchagba a d&rsquo;abord exprim\u00e9 sa reconnaissance au Pr\u00e9sident de la R\u00e9publique, Alassane Ouattara, pour la confiance qu\u2019il lui a accord\u00e9e depuis avril 2022.<\/div>\n<div><\/div>\n<div>Il a rappel\u00e9 que, sous l\u2019impulsion du Chef de l\u2019\u00c9tat et avec l\u2019appui des Premiers ministres Patrick Achi puis Robert Beugr\u00e9 Mamb\u00e9, son d\u00e9partement a engag\u00e9 d\u2019importantes r\u00e9formes, malgr\u00e9 les d\u00e9fis li\u00e9s \u00e0 la d\u00e9forestation et \u00e0 la disparition de certaines esp\u00e8ces animales.<\/div>\n<div><\/div>\n<div>Saluant la nomination de son successeur, qu\u2019il a qualifi\u00e9 de \u00ab\u00a0jumeau\u00a0\u00bb, Laurent Tchagba s&rsquo;est r\u00e9joui de la continuit\u00e9 de l\u2019action gouvernementale en faveur de la protection de l\u2019environnement. Il a pr\u00e9sent\u00e9 un bilan marqu\u00e9 par l\u2019adoption de plusieurs lois et d\u00e9crets encadrant la gestion de la faune, la protection des esp\u00e8ces menac\u00e9es et la gouvernance foresti\u00e8re. \u00c0 cela s\u2019ajoute la mise en service effective de l\u2019\u00c9cole nationale des Eaux et For\u00eats, avec le recrutement de milliers de nouveaux agents.<\/div>\n<div><\/div>\n<div><\/div>\n<div>Il a \u00e9galement insist\u00e9 sur la n\u00e9cessit\u00e9 de traiter en priorit\u00e9, au cours du premier trimestre de l\u2019ann\u00e9e 2026, un certain nombre de dossiers urgents.<\/div>\n<div><\/div>\n<div>Il s\u2019agit notamment de la mise en \u0153uvre des r\u00e9formes inscrites dans le cadre des appuis budg\u00e9taires de la Banque mondiale et de l\u2019Union europ\u00e9enne, de l\u2019organisation de l\u2019atelier de bilan des activit\u00e9s de l\u2019ann\u00e9e 2025 et de programmation des actions 2026 du minist\u00e8re, de la participation au Salon international de l\u2019agriculture de Paris en f\u00e9vrier 2026, ainsi que de la participation aux consultations bilat\u00e9rales ivoiro-allemandes pr\u00e9vues pour mars 2026.<\/div>\n<div><\/div>\n<div><\/div>\n<div>Poursuivant, Laurent Tchagba a \u00e9voqu\u00e9 les progr\u00e8s enregistr\u00e9s dans la gestion durable des for\u00eats, notamment la mise en \u0153uvre des accords FLEGT avec l\u2019Union europ\u00e9enne, la signature de nombreuses conventions foresti\u00e8res et agroforesti\u00e8res, ainsi que le lancement de projets structurants d\u2019un co\u00fbt global de plus de 240 milliards de FCFA. Il a, par ailleurs, soulign\u00e9 l\u2019augmentation significative du budget du minist\u00e8re, pass\u00e9 de 39 milliards de FCFA en 2022 \u00e0 103 milliards en 2026.<\/div>\n<div><\/div>\n<div>Pour sa part, le nouveau ministre des Eaux et For\u00eats, Jacques Assahor\u00e9 Konan, a exprim\u00e9 sa gratitude au chef de l\u2019\u00c9tat pour la confiance renouvel\u00e9e plac\u00e9e en sa personne.<\/div>\n<div><\/div>\n<div>Aussi a-t-il rendu un hommage appuy\u00e9 \u00e0 son pr\u00e9d\u00e9cesseur et a soulign\u00e9 que les acquis engrang\u00e9s constituent une base solide pour renforcer l\u2019action publique dans ce secteur strat\u00e9gique.<\/div>\n<div><\/div>\n<div><\/div>\n<div>Conscient des enjeux li\u00e9s \u00e0 la pr\u00e9servation du capital naturel, \u00e0 la biodiversit\u00e9, \u00e0 la gestion durable des ressources foresti\u00e8res et hydriques, l&rsquo;ancien Ministre de l&rsquo;environnement, du d\u00e9veloppement durable et de la transition \u00e9cologique, a affirm\u00e9 aborder sa mission avec humilit\u00e9, d\u00e9termination et sens \u00e9lev\u00e9 de responsabilit\u00e9.<\/div>\n<div><\/div>\n<div>Il n&rsquo;a manqu\u00e9 de rassurer l\u2019ensemble des agents du minist\u00e8re de sa disponibilit\u00e9 \u00e0 travailler dans un esprit de continuit\u00e9, de rigueur et de collaboration.<\/div>\n<div><\/div>\n<div><\/div>\n<div>Notons que Laurent Tchagba a transmis \u00e0 son successeur plusieurs dossiers strat\u00e9giques, notamment ceux relatifs au renforcement de la gouvernance du secteur, \u00e0 la gestion durable des ressources foresti\u00e8res et fauniques, \u00e0 la gestion int\u00e9gr\u00e9e des ressources en eau, ainsi qu\u2019au Fonds forestier national, en particulier l\u2019op\u00e9rationnalisation de ce fonds cr\u00e9\u00e9 en 2021 et le financement de certaines activit\u00e9s du minist\u00e8re des Eaux et For\u00eats par celui-ci.<\/div>\n<div><\/div>\n<div><\/div>\n<div><\/div>\n<div><b>S.A.\u00a0<\/b><\/div>\n","protected":false},"excerpt":{"rendered":"<p>Le Ministre ivoirien sortant des Eaux et For\u00eats, Laurent Tchagba a officiellement pass\u00e9 le t\u00e9moin au Ministre entrant, Jacques Assahor\u00e9 Konan, au cours d&rsquo;une c\u00e9r\u00e9monie qui s\u2019est d\u00e9roul\u00e9e le mardi 27 janvier 2026 \u00e0 son cabinet , \u00e0 Abidjan-Plateau. Cette belle c\u00e9r\u00e9monie \u00e9tait pr\u00e9sid\u00e9e par Roger Charlemagne, Secr\u00e9taire g\u00e9n\u00e9ral du gouvernement, repr\u00e9sentant le Premier Ministre [&hellip;]<\/p>\n","protected":false},"author":2,"featured_media":7791,"comment_status":"closed","ping_status":"closed","sticky":false,"template":"","format":"standard","meta":{"_acf_changed":false,"footnotes":""},"categories":[],"tags":[],"class_list":["post-7789","post","type-post","status-publish","format-standard","has-post-thumbnail","hentry"],"acf":[],"yoast_head":"<!-- This site is optimized with the Yoast SEO plugin v27.5 - https:\/\/yoast.com\/product\/yoast-seo-wordpress\/ -->\n<title>Minist\u00e8re des Eaux et For\u00eats : Laurent Tchagba passe officiellement le t\u00e9moin \u00e0 Assahor\u00e9 Konan Jacques - Amanien| L&#039;actualit\u00e9 Ivoirienne et Internationale<\/title>\n<meta name=\"robots\" content=\"index, follow, max-snippet:-1, max-image-preview:large, max-video-preview:-1\" \/>\n<link rel=\"canonical\" href=\"https:\/\/www.amanien.info\/news\/ministere-des-eaux-et-forets-laurent-tchagba-passe-officiellement-le-temoin-a-assahore-konan-jacques\/\" \/>\n<meta property=\"og:locale\" content=\"fr_FR\" \/>\n<meta property=\"og:type\" content=\"article\" \/>\n<meta property=\"og:title\" content=\"Minist\u00e8re des Eaux et For\u00eats : Laurent Tchagba passe officiellement le t\u00e9moin \u00e0 Assahor\u00e9 Konan Jacques - Amanien| L&#039;actualit\u00e9 Ivoirienne et Internationale\" \/>\n<meta property=\"og:description\" content=\"Le Ministre ivoirien sortant des Eaux et For\u00eats, Laurent Tchagba a officiellement pass\u00e9 le t\u00e9moin au Ministre entrant, Jacques Assahor\u00e9 Konan, au cours d&rsquo;une c\u00e9r\u00e9monie qui s\u2019est d\u00e9roul\u00e9e le mardi 27 janvier 2026 \u00e0 son cabinet , \u00e0 Abidjan-Plateau. Cette belle c\u00e9r\u00e9monie \u00e9tait pr\u00e9sid\u00e9e par Roger Charlemagne, Secr\u00e9taire g\u00e9n\u00e9ral du gouvernement, repr\u00e9sentant le Premier Ministre [&hellip;]\" \/>\n<meta property=\"og:url\" content=\"https:\/\/www.amanien.info\/news\/ministere-des-eaux-et-forets-laurent-tchagba-passe-officiellement-le-temoin-a-assahore-konan-jacques\/\" \/>\n<meta property=\"og:site_name\" content=\"Amanien| L&#039;actualit\u00e9 Ivoirienne et Internationale\" \/>\n<meta property=\"article:published_time\" content=\"2026-01-28T12:21:59+00:00\" \/>\n<meta property=\"og:image\" content=\"https:\/\/www.amanien.info\/news\/wp-content\/uploads\/2026\/01\/IMG-20260127-WA0163.jpg\" \/>\n\t<meta property=\"og:image:width\" content=\"1080\" \/>\n\t<meta property=\"og:image:height\" content=\"608\" \/>\n\t<meta property=\"og:image:type\" content=\"image\/jpeg\" \/>\n<meta name=\"author\" content=\"Germain Ndri\" \/>\n<meta name=\"twitter:card\" content=\"summary_large_image\" \/>\n<meta name=\"twitter:label1\" content=\"\u00c9crit par\" \/>\n\t<meta name=\"twitter:data1\" content=\"Germain Ndri\" \/>\n\t<meta name=\"twitter:label2\" content=\"Dur\u00e9e de lecture estim\u00e9e\" \/>\n\t<meta name=\"twitter:data2\" content=\"4 minutes\" \/>\n<script type=\"application\/ld+json\" class=\"yoast-schema-graph\">{\"@context\":\"https:\\\/\\\/schema.org\",\"@graph\":[{\"@type\":\"Article\",\"@id\":\"https:\\\/\\\/www.amanien.info\\\/news\\\/ministere-des-eaux-et-forets-laurent-tchagba-passe-officiellement-le-temoin-a-assahore-konan-jacques\\\/#article\",\"isPartOf\":{\"@id\":\"https:\\\/\\\/www.amanien.info\\\/news\\\/ministere-des-eaux-et-forets-laurent-tchagba-passe-officiellement-le-temoin-a-assahore-konan-jacques\\\/\"},\"author\":{\"name\":\"Germain Ndri\",\"@id\":\"https:\\\/\\\/www.amanien.info\\\/news\\\/#\\\/schema\\\/person\\\/b21093345753a1a98242d505bd894f42\"},\"headline\":\"Minist\u00e8re des Eaux et For\u00eats : Laurent Tchagba passe officiellement le t\u00e9moin \u00e0 Assahor\u00e9 Konan Jacques\",\"datePublished\":\"2026-01-28T12:21:59+00:00\",\"mainEntityOfPage\":{\"@id\":\"https:\\\/\\\/www.amanien.info\\\/news\\\/ministere-des-eaux-et-forets-laurent-tchagba-passe-officiellement-le-temoin-a-assahore-konan-jacques\\\/\"},\"wordCount\":675,\"image\":{\"@id\":\"https:\\\/\\\/www.amanien.info\\\/news\\\/ministere-des-eaux-et-forets-laurent-tchagba-passe-officiellement-le-temoin-a-assahore-konan-jacques\\\/#primaryimage\"},\"thumbnailUrl\":\"https:\\\/\\\/www.amanien.info\\\/news\\\/wp-content\\\/uploads\\\/2026\\\/01\\\/IMG-20260127-WA0163.jpg\",\"inLanguage\":\"fr-FR\"},{\"@type\":\"WebPage\",\"@id\":\"https:\\\/\\\/www.amanien.info\\\/news\\\/ministere-des-eaux-et-forets-laurent-tchagba-passe-officiellement-le-temoin-a-assahore-konan-jacques\\\/\",\"url\":\"https:\\\/\\\/www.amanien.info\\\/news\\\/ministere-des-eaux-et-forets-laurent-tchagba-passe-officiellement-le-temoin-a-assahore-konan-jacques\\\/\",\"name\":\"Minist\u00e8re des Eaux et For\u00eats : Laurent Tchagba passe officiellement le t\u00e9moin \u00e0 Assahor\u00e9 Konan Jacques - Amanien| L&#039;actualit\u00e9 Ivoirienne et Internationale\",\"isPartOf\":{\"@id\":\"https:\\\/\\\/www.amanien.info\\\/news\\\/#website\"},\"primaryImageOfPage\":{\"@id\":\"https:\\\/\\\/www.amanien.info\\\/news\\\/ministere-des-eaux-et-forets-laurent-tchagba-passe-officiellement-le-temoin-a-assahore-konan-jacques\\\/#primaryimage\"},\"image\":{\"@id\":\"https:\\\/\\\/www.amanien.info\\\/news\\\/ministere-des-eaux-et-forets-laurent-tchagba-passe-officiellement-le-temoin-a-assahore-konan-jacques\\\/#primaryimage\"},\"thumbnailUrl\":\"https:\\\/\\\/www.amanien.info\\\/news\\\/wp-content\\\/uploads\\\/2026\\\/01\\\/IMG-20260127-WA0163.jpg\",\"datePublished\":\"2026-01-28T12:21:59+00:00\",\"author\":{\"@id\":\"https:\\\/\\\/www.amanien.info\\\/news\\\/#\\\/schema\\\/person\\\/b21093345753a1a98242d505bd894f42\"},\"breadcrumb\":{\"@id\":\"https:\\\/\\\/www.amanien.info\\\/news\\\/ministere-des-eaux-et-forets-laurent-tchagba-passe-officiellement-le-temoin-a-assahore-konan-jacques\\\/#breadcrumb\"},\"inLanguage\":\"fr-FR\",\"potentialAction\":[{\"@type\":\"ReadAction\",\"target\":[\"https:\\\/\\\/www.amanien.info\\\/news\\\/ministere-des-eaux-et-forets-laurent-tchagba-passe-officiellement-le-temoin-a-assahore-konan-jacques\\\/\"]}]},{\"@type\":\"ImageObject\",\"inLanguage\":\"fr-FR\",\"@id\":\"https:\\\/\\\/www.amanien.info\\\/news\\\/ministere-des-eaux-et-forets-laurent-tchagba-passe-officiellement-le-temoin-a-assahore-konan-jacques\\\/#primaryimage\",\"url\":\"https:\\\/\\\/www.amanien.info\\\/news\\\/wp-content\\\/uploads\\\/2026\\\/01\\\/IMG-20260127-WA0163.jpg\",\"contentUrl\":\"https:\\\/\\\/www.amanien.info\\\/news\\\/wp-content\\\/uploads\\\/2026\\\/01\\\/IMG-20260127-WA0163.jpg\",\"width\":1080,\"height\":608},{\"@type\":\"BreadcrumbList\",\"@id\":\"https:\\\/\\\/www.amanien.info\\\/news\\\/ministere-des-eaux-et-forets-laurent-tchagba-passe-officiellement-le-temoin-a-assahore-konan-jacques\\\/#breadcrumb\",\"itemListElement\":[{\"@type\":\"ListItem\",\"position\":1,\"name\":\"Accueil\",\"item\":\"https:\\\/\\\/www.amanien.info\\\/news\\\/\"},{\"@type\":\"ListItem\",\"position\":2,\"name\":\"Minist\u00e8re des Eaux et For\u00eats : Laurent Tchagba passe officiellement le t\u00e9moin \u00e0 Assahor\u00e9 Konan Jacques\"}]},{\"@type\":\"WebSite\",\"@id\":\"https:\\\/\\\/www.amanien.info\\\/news\\\/#website\",\"url\":\"https:\\\/\\\/www.amanien.info\\\/news\\\/\",\"name\":\"Amanien| L&#039;actualit\u00e9 Ivoirienne et Internationale\",\"description\":\"L&#039;actualit\u00e9 Ivoirienne et Internationale\",\"potentialAction\":[{\"@type\":\"SearchAction\",\"target\":{\"@type\":\"EntryPoint\",\"urlTemplate\":\"https:\\\/\\\/www.amanien.info\\\/news\\\/?s={search_term_string}\"},\"query-input\":{\"@type\":\"PropertyValueSpecification\",\"valueRequired\":true,\"valueName\":\"search_term_string\"}}],\"inLanguage\":\"fr-FR\"},{\"@type\":\"Person\",\"@id\":\"https:\\\/\\\/www.amanien.info\\\/news\\\/#\\\/schema\\\/person\\\/b21093345753a1a98242d505bd894f42\",\"name\":\"Germain Ndri\",\"url\":\"https:\\\/\\\/www.amanien.info\\\/news\\\/author\\\/amanien-infos\\\/\"}]}<\/script>\n<!-- \/ Yoast SEO plugin. -->","yoast_head_json":{"title":"Minist\u00e8re des Eaux et For\u00eats : Laurent Tchagba passe officiellement le t\u00e9moin \u00e0 Assahor\u00e9 Konan Jacques - Amanien| L&#039;actualit\u00e9 Ivoirienne et Internationale","robots":{"index":"index","follow":"follow","max-snippet":"max-snippet:-1","max-image-preview":"max-image-preview:large","max-video-preview":"max-video-preview:-1"},"canonical":"https:\/\/www.amanien.info\/news\/ministere-des-eaux-et-forets-laurent-tchagba-passe-officiellement-le-temoin-a-assahore-konan-jacques\/","og_locale":"fr_FR","og_type":"article","og_title":"Minist\u00e8re des Eaux et For\u00eats : Laurent Tchagba passe officiellement le t\u00e9moin \u00e0 Assahor\u00e9 Konan Jacques - Amanien| L&#039;actualit\u00e9 Ivoirienne et Internationale","og_description":"Le Ministre ivoirien sortant des Eaux et For\u00eats, Laurent Tchagba a officiellement pass\u00e9 le t\u00e9moin au Ministre entrant, Jacques Assahor\u00e9 Konan, au cours d&rsquo;une c\u00e9r\u00e9monie qui s\u2019est d\u00e9roul\u00e9e le mardi 27 janvier 2026 \u00e0 son cabinet , \u00e0 Abidjan-Plateau. Cette belle c\u00e9r\u00e9monie \u00e9tait pr\u00e9sid\u00e9e par Roger Charlemagne, Secr\u00e9taire g\u00e9n\u00e9ral du gouvernement, repr\u00e9sentant le Premier Ministre [&hellip;]","og_url":"https:\/\/www.amanien.info\/news\/ministere-des-eaux-et-forets-laurent-tchagba-passe-officiellement-le-temoin-a-assahore-konan-jacques\/","og_site_name":"Amanien| L&#039;actualit\u00e9 Ivoirienne et Internationale","article_published_time":"2026-01-28T12:21:59+00:00","og_image":[{"width":1080,"height":608,"url":"https:\/\/www.amanien.info\/news\/wp-content\/uploads\/2026\/01\/IMG-20260127-WA0163.jpg","type":"image\/jpeg"}],"author":"Germain Ndri","twitter_card":"summary_large_image","twitter_misc":{"\u00c9crit par":"Germain Ndri","Dur\u00e9e de lecture estim\u00e9e":"4 minutes"},"schema":{"@context":"https:\/\/schema.org","@graph":[{"@type":"Article","@id":"https:\/\/www.amanien.info\/news\/ministere-des-eaux-et-forets-laurent-tchagba-passe-officiellement-le-temoin-a-assahore-konan-jacques\/#article","isPartOf":{"@id":"https:\/\/www.amanien.info\/news\/ministere-des-eaux-et-forets-laurent-tchagba-passe-officiellement-le-temoin-a-assahore-konan-jacques\/"},"author":{"name":"Germain Ndri","@id":"https:\/\/www.amanien.info\/news\/#\/schema\/person\/b21093345753a1a98242d505bd894f42"},"headline":"Minist\u00e8re des Eaux et For\u00eats : Laurent Tchagba passe officiellement le t\u00e9moin \u00e0 Assahor\u00e9 Konan Jacques","datePublished":"2026-01-28T12:21:59+00:00","mainEntityOfPage":{"@id":"https:\/\/www.amanien.info\/news\/ministere-des-eaux-et-forets-laurent-tchagba-passe-officiellement-le-temoin-a-assahore-konan-jacques\/"},"wordCount":675,"image":{"@id":"https:\/\/www.amanien.info\/news\/ministere-des-eaux-et-forets-laurent-tchagba-passe-officiellement-le-temoin-a-assahore-konan-jacques\/#primaryimage"},"thumbnailUrl":"https:\/\/www.amanien.info\/news\/wp-content\/uploads\/2026\/01\/IMG-20260127-WA0163.jpg","inLanguage":"fr-FR"},{"@type":"WebPage","@id":"https:\/\/www.amanien.info\/news\/ministere-des-eaux-et-forets-laurent-tchagba-passe-officiellement-le-temoin-a-assahore-konan-jacques\/","url":"https:\/\/www.amanien.info\/news\/ministere-des-eaux-et-forets-laurent-tchagba-passe-officiellement-le-temoin-a-assahore-konan-jacques\/","name":"Minist\u00e8re des Eaux et For\u00eats : Laurent Tchagba passe officiellement le t\u00e9moin \u00e0 Assahor\u00e9 Konan Jacques - Amanien| L&#039;actualit\u00e9 Ivoirienne et Internationale","isPartOf":{"@id":"https:\/\/www.amanien.info\/news\/#website"},"primaryImageOfPage":{"@id":"https:\/\/www.amanien.info\/news\/ministere-des-eaux-et-forets-laurent-tchagba-passe-officiellement-le-temoin-a-assahore-konan-jacques\/#primaryimage"},"image":{"@id":"https:\/\/www.amanien.info\/news\/ministere-des-eaux-et-forets-laurent-tchagba-passe-officiellement-le-temoin-a-assahore-konan-jacques\/#primaryimage"},"thumbnailUrl":"https:\/\/www.amanien.info\/news\/wp-content\/uploads\/2026\/01\/IMG-20260127-WA0163.jpg","datePublished":"2026-01-28T12:21:59+00:00","author":{"@id":"https:\/\/www.amanien.info\/news\/#\/schema\/person\/b21093345753a1a98242d505bd894f42"},"breadcrumb":{"@id":"https:\/\/www.amanien.info\/news\/ministere-des-eaux-et-forets-laurent-tchagba-passe-officiellement-le-temoin-a-assahore-konan-jacques\/#breadcrumb"},"inLanguage":"fr-FR","potentialAction":[{"@type":"ReadAction","target":["https:\/\/www.amanien.info\/news\/ministere-des-eaux-et-forets-laurent-tchagba-passe-officiellement-le-temoin-a-assahore-konan-jacques\/"]}]},{"@type":"ImageObject","inLanguage":"fr-FR","@id":"https:\/\/www.amanien.info\/news\/ministere-des-eaux-et-forets-laurent-tchagba-passe-officiellement-le-temoin-a-assahore-konan-jacques\/#primaryimage","url":"https:\/\/www.amanien.info\/news\/wp-content\/uploads\/2026\/01\/IMG-20260127-WA0163.jpg","contentUrl":"https:\/\/www.amanien.info\/news\/wp-content\/uploads\/2026\/01\/IMG-20260127-WA0163.jpg","width":1080,"height":608},{"@type":"BreadcrumbList","@id":"https:\/\/www.amanien.info\/news\/ministere-des-eaux-et-forets-laurent-tchagba-passe-officiellement-le-temoin-a-assahore-konan-jacques\/#breadcrumb","itemListElement":[{"@type":"ListItem","position":1,"name":"Accueil","item":"https:\/\/www.amanien.info\/news\/"},{"@type":"ListItem","position":2,"name":"Minist\u00e8re des Eaux et For\u00eats : Laurent Tchagba passe officiellement le t\u00e9moin \u00e0 Assahor\u00e9 Konan Jacques"}]},{"@type":"WebSite","@id":"https:\/\/www.amanien.info\/news\/#website","url":"https:\/\/www.amanien.info\/news\/","name":"Amanien| L&#039;actualit\u00e9 Ivoirienne et Internationale","description":"L&#039;actualit\u00e9 Ivoirienne et Internationale","potentialAction":[{"@type":"SearchAction","target":{"@type":"EntryPoint","urlTemplate":"https:\/\/www.amanien.info\/news\/?s={search_term_string}"},"query-input":{"@type":"PropertyValueSpecification","valueRequired":true,"valueName":"search_term_string"}}],"inLanguage":"fr-FR"},{"@type":"Person","@id":"https:\/\/www.amanien.info\/news\/#\/schema\/person\/b21093345753a1a98242d505bd894f42","name":"Germain Ndri","url":"https:\/\/www.amanien.info\/news\/author\/amanien-infos\/"}]}},"_links":{"self":[{"href":"https:\/\/www.amanien.info\/news\/wp-json\/wp\/v2\/posts\/7789","targetHints":{"allow":["GET"]}}],"collection":[{"href":"https:\/\/www.amanien.info\/news\/wp-json\/wp\/v2\/posts"}],"about":[{"href":"https:\/\/www.amanien.info\/news\/wp-json\/wp\/v2\/types\/post"}],"author":[{"embeddable":true,"href":"https:\/\/www.amanien.info\/news\/wp-json\/wp\/v2\/users\/2"}],"replies":[{"embeddable":true,"href":"https:\/\/www.amanien.info\/news\/wp-json\/wp\/v2\/comments?post=7789"}],"version-history":[{"count":1,"href":"https:\/\/www.amanien.info\/news\/wp-json\/wp\/v2\/posts\/7789\/revisions"}],"predecessor-version":[{"id":7792,"href":"https:\/\/www.amanien.info\/news\/wp-json\/wp\/v2\/posts\/7789\/revisions\/7792"}],"wp:featuredmedia":[{"embeddable":true,"href":"https:\/\/www.amanien.info\/news\/wp-json\/wp\/v2\/media\/7791"}],"wp:attachment":[{"href":"https:\/\/www.amanien.info\/news\/wp-json\/wp\/v2\/media?parent=7789"}],"wp:term":[{"taxonomy":"category","embeddable":true,"href":"https:\/\/www.amanien.info\/news\/wp-json\/wp\/v2\/categories?post=7789"},{"taxonomy":"post_tag","embeddable":true,"href":"https:\/\/www.amanien.info\/news\/wp-json\/wp\/v2\/tags?post=7789"}],"curies":[{"name":"wp","href":"https:\/\/api.w.org\/{rel}","templated":true}]}}