{"id":7727,"date":"2025-12-15T14:28:02","date_gmt":"2025-12-15T14:28:02","guid":{"rendered":"https:\/\/www.amanien.info\/news\/?p=7727"},"modified":"2025-12-15T14:28:02","modified_gmt":"2025-12-15T14:28:02","slug":"8eme-edition-des-journees-du-financier-du-ministere-de-la-defense-le-sergent-chef-yao-ruffin-louis-francois-sacre-meilleur-agent-de-la-direction-des-finances","status":"publish","type":"post","link":"https:\/\/www.amanien.info\/news\/8eme-edition-des-journees-du-financier-du-ministere-de-la-defense-le-sergent-chef-yao-ruffin-louis-francois-sacre-meilleur-agent-de-la-direction-des-finances\/","title":{"rendered":"8\u00e8me \u00e9dition des Journ\u00e9es du Financier du Minist\u00e8re de la D\u00e9fense : Le Sergent-Chef Yao Ruffin Louis-Fran\u00e7ois, sacr\u00e9 meilleur agent de la Direction des finances"},"content":{"rendered":"<div>La 8\u00e8me \u00e9dition du Prix d&rsquo;excellence de la Direction des finances du Minist\u00e8re de la d\u00e9fense s&rsquo;est tenue, le vendredi 12 d\u00e9cembre 2025, \u00e0 Abidjan-Plateau.<\/div>\n<div><\/div>\n<div>Cette \u00e9dition vise la recherche de l&rsquo;efficience par l&rsquo;instauration de la culture du r\u00e9sultat pour une meilleure gestion des ressources financi\u00e8res du minist\u00e8re de la d\u00e9fense, d&rsquo;une part, et d&rsquo;autre part, la r\u00e9compense des meilleurs collaborateurs. Et ce, dans un esprit de saine \u00e9mulation.<\/div>\n<div><\/div>\n<div>Pour cette huiti\u00e8me \u00e9dition, qui a mis en comp\u00e9tition 78 agents de la Direction Financi\u00e8re, le\u00a0 Sergent-Chef Yao Ruphin Louis-Francis du Service des Comptes sp\u00e9ciaux a \u00e9t\u00e9 sacr\u00e9 Meilleur agent de la Direction des finances(DF).<\/div>\n<div><\/div>\n<div>Il a re\u00e7u un dipl\u00f4me, un troph\u00e9e, des bons d&rsquo;achat, une enveloppe d&rsquo;un million de francs CFA et son portrait sera affich\u00e9 sur tous les supports de la communication de la DF.<\/div>\n<div><\/div>\n<div>Outre ce Prix, d&rsquo;autres distinctions ont \u00e9t\u00e9 \u00e9galement remises aux meilleurs responsables de sous-directions et aux meilleurs agents de chaque entit\u00e9, dont le lieutenant Sidib\u00e9 Dival pour la DIRCA, l&rsquo;Adjudant-chef Major DJEDRO Lat-No\u00e9 pour la gendarmerie et le Sergent Ouattara Ahmed pour l&rsquo;Arm\u00e9e de Terre.<\/div>\n<div><\/div>\n<div><\/div>\n<div>Dans son allocution, le G\u00e9n\u00e9ral de Brigade Issa Sacko, Repr\u00e9sentant du Ministre d&rsquo;Etat, Ministre de la D\u00e9fense, a f\u00e9licit\u00e9 l\u2019ensemble des organisateurs, le Comit\u00e9 de Vote ainsi que les laur\u00e9ats de la huiti\u00e8me \u00e9dition.<\/div>\n<div><\/div>\n<div>Il a rappel\u00e9 que ces distinctions symbolisent la reconnaissance des efforts, des sacrifices et d\u2019un professionnalisme exemplaire.\u00a0 \u00ab\u00a0L\u2019excellence est une dynamique continue, jamais un acquis d\u00e9finitif\u00a0\u00bba-t-il soulign\u00e9.<\/div>\n<div><\/div>\n<div><\/div>\n<div><\/div>\n<div>Il a \u00e9galement exhort\u00e9 le personnel financier \u00e0 rester \u00ab\u00a0innovant, rigoureux et uni pour soutenir la mission strat\u00e9gique de d\u00e9fense nationale\u00a0\u00bb.<\/div>\n<div><\/div>\n<div><\/div>\n<div>Bien avant, le Commissaire-Colonel-Major Coulibaly Christophe, Directeur des Finances, a soulign\u00e9, dans son discours d&rsquo;ouverture,\u00a0 l\u2019importance du capital humain pour la bonne gestion des cr\u00e9dits budg\u00e9taires \u00e9valu\u00e9s \u00e0 environ 441 milliards de FCFA pour 2025.<\/div>\n<div><\/div>\n<div>Aussi a-t-il salu\u00e9 la promotion r\u00e9cente de l\u2019Intendant G\u00e9n\u00e9ral Soulama et rappel\u00e9 les valeurs de travail, de conscience professionnelle et d\u2019esprit d\u2019\u00e9quipe pr\u00f4n\u00e9es par le Pr\u00e9sident de la R\u00e9publique, Son Excellence Alassane Ouattara.<\/div>\n<div><\/div>\n<div>Pour sa part, le porte-parole des r\u00e9cipiendaires, le Commandant DIAZ\u00c9 Jo\u00ebl,\u00a0 Sous-directeur du Budget et de la Comptabilit\u00e9, a traduit ses remerciements \u00e0 la hi\u00e9rarchie, notamment le Directeur des Finances, initiateur de ce Prix d&rsquo;excellence, pour sa vision et sa rigueur.<\/div>\n<div><\/div>\n<div>Il a \u00e9galement exprim\u00e9 sa satisfaction apr\u00e8s avoir re\u00e7u ce Prix. \u00ab\u00a0Nous recevons cette distinction avec humilit\u00e9 et sens du devoir, et elle nous engage \u00e0 plus de rigueur\u00a0\u00bb, a-t-il d\u00e9clar\u00e9, invitant l&rsquo;ensemble des r\u00e9cipiendaires \u00e0 continuer \u00e0 servir \u00ab\u00a0avec discipline\u00a0\u00bb et \u00ab\u00a0exemplarit\u00e9\u00a0\u00bb.<\/div>\n<div><\/div>\n<div><\/div>\n<div>Ces journ\u00e9es, rappelle-t-ton, ont d\u00e9but\u00e9 le jeudi 11 d\u00e9cembre par un tournoi de Maracana au complexe sportif du cercle Mixte des Arm\u00e9es sis au Camp Gallieni d&rsquo;Abidjan.<\/div>\n<div><\/div>\n<div><\/div>\n<div><b>S.A.<\/b><\/div>\n<div><\/div>\n","protected":false},"excerpt":{"rendered":"<p>La 8\u00e8me \u00e9dition du Prix d&rsquo;excellence de la Direction des finances du Minist\u00e8re de la d\u00e9fense s&rsquo;est tenue, le vendredi 12 d\u00e9cembre 2025, \u00e0 Abidjan-Plateau. Cette \u00e9dition vise la recherche de l&rsquo;efficience par l&rsquo;instauration de la culture du r\u00e9sultat pour une meilleure gestion des ressources financi\u00e8res du minist\u00e8re de la d\u00e9fense, d&rsquo;une part, et d&rsquo;autre [&hellip;]<\/p>\n","protected":false},"author":2,"featured_media":7730,"comment_status":"closed","ping_status":"closed","sticky":false,"template":"","format":"standard","meta":{"_acf_changed":false,"footnotes":""},"categories":[],"tags":[12],"class_list":["post-7727","post","type-post","status-publish","format-standard","has-post-thumbnail","hentry","tag-societe"],"acf":[],"yoast_head":"<!-- This site is optimized with the Yoast SEO plugin v27.5 - https:\/\/yoast.com\/product\/yoast-seo-wordpress\/ -->\n<title>8\u00e8me \u00e9dition des Journ\u00e9es du Financier du Minist\u00e8re de la D\u00e9fense : Le Sergent-Chef Yao Ruffin Louis-Fran\u00e7ois, sacr\u00e9 meilleur agent de la Direction des finances - Amanien| L&#039;actualit\u00e9 Ivoirienne et Internationale<\/title>\n<meta name=\"robots\" content=\"index, follow, max-snippet:-1, max-image-preview:large, max-video-preview:-1\" \/>\n<link rel=\"canonical\" href=\"https:\/\/www.amanien.info\/news\/8eme-edition-des-journees-du-financier-du-ministere-de-la-defense-le-sergent-chef-yao-ruffin-louis-francois-sacre-meilleur-agent-de-la-direction-des-finances\/\" \/>\n<meta property=\"og:locale\" content=\"fr_FR\" \/>\n<meta property=\"og:type\" content=\"article\" \/>\n<meta property=\"og:title\" content=\"8\u00e8me \u00e9dition des Journ\u00e9es du Financier du Minist\u00e8re de la D\u00e9fense : Le Sergent-Chef Yao Ruffin Louis-Fran\u00e7ois, sacr\u00e9 meilleur agent de la Direction des finances - Amanien| L&#039;actualit\u00e9 Ivoirienne et Internationale\" \/>\n<meta property=\"og:description\" content=\"La 8\u00e8me \u00e9dition du Prix d&rsquo;excellence de la Direction des finances du Minist\u00e8re de la d\u00e9fense s&rsquo;est tenue, le vendredi 12 d\u00e9cembre 2025, \u00e0 Abidjan-Plateau. Cette \u00e9dition vise la recherche de l&rsquo;efficience par l&rsquo;instauration de la culture du r\u00e9sultat pour une meilleure gestion des ressources financi\u00e8res du minist\u00e8re de la d\u00e9fense, d&rsquo;une part, et d&rsquo;autre [&hellip;]\" \/>\n<meta property=\"og:url\" content=\"https:\/\/www.amanien.info\/news\/8eme-edition-des-journees-du-financier-du-ministere-de-la-defense-le-sergent-chef-yao-ruffin-louis-francois-sacre-meilleur-agent-de-la-direction-des-finances\/\" \/>\n<meta property=\"og:site_name\" content=\"Amanien| L&#039;actualit\u00e9 Ivoirienne et Internationale\" \/>\n<meta property=\"article:published_time\" content=\"2025-12-15T14:28:02+00:00\" \/>\n<meta property=\"og:image\" content=\"https:\/\/www.amanien.info\/news\/wp-content\/uploads\/2025\/12\/la-8eme-edition-des-journees-du-financier-au-ministere-de-la-defense-la-dir_poyvqvw5l09.jpg\" \/>\n\t<meta property=\"og:image:width\" content=\"1000\" \/>\n\t<meta property=\"og:image:height\" content=\"596\" \/>\n\t<meta property=\"og:image:type\" content=\"image\/jpeg\" \/>\n<meta name=\"author\" content=\"Germain Ndri\" \/>\n<meta name=\"twitter:card\" content=\"summary_large_image\" \/>\n<meta name=\"twitter:label1\" content=\"\u00c9crit par\" \/>\n\t<meta name=\"twitter:data1\" content=\"Germain Ndri\" \/>\n\t<meta name=\"twitter:label2\" content=\"Dur\u00e9e de lecture estim\u00e9e\" \/>\n\t<meta name=\"twitter:data2\" content=\"3 minutes\" \/>\n<script type=\"application\/ld+json\" class=\"yoast-schema-graph\">{\"@context\":\"https:\\\/\\\/schema.org\",\"@graph\":[{\"@type\":\"Article\",\"@id\":\"https:\\\/\\\/www.amanien.info\\\/news\\\/8eme-edition-des-journees-du-financier-du-ministere-de-la-defense-le-sergent-chef-yao-ruffin-louis-francois-sacre-meilleur-agent-de-la-direction-des-finances\\\/#article\",\"isPartOf\":{\"@id\":\"https:\\\/\\\/www.amanien.info\\\/news\\\/8eme-edition-des-journees-du-financier-du-ministere-de-la-defense-le-sergent-chef-yao-ruffin-louis-francois-sacre-meilleur-agent-de-la-direction-des-finances\\\/\"},\"author\":{\"name\":\"Germain Ndri\",\"@id\":\"https:\\\/\\\/www.amanien.info\\\/news\\\/#\\\/schema\\\/person\\\/b21093345753a1a98242d505bd894f42\"},\"headline\":\"8\u00e8me \u00e9dition des Journ\u00e9es du Financier du Minist\u00e8re de la D\u00e9fense : Le Sergent-Chef Yao Ruffin Louis-Fran\u00e7ois, sacr\u00e9 meilleur agent de la Direction des finances\",\"datePublished\":\"2025-12-15T14:28:02+00:00\",\"mainEntityOfPage\":{\"@id\":\"https:\\\/\\\/www.amanien.info\\\/news\\\/8eme-edition-des-journees-du-financier-du-ministere-de-la-defense-le-sergent-chef-yao-ruffin-louis-francois-sacre-meilleur-agent-de-la-direction-des-finances\\\/\"},\"wordCount\":531,\"image\":{\"@id\":\"https:\\\/\\\/www.amanien.info\\\/news\\\/8eme-edition-des-journees-du-financier-du-ministere-de-la-defense-le-sergent-chef-yao-ruffin-louis-francois-sacre-meilleur-agent-de-la-direction-des-finances\\\/#primaryimage\"},\"thumbnailUrl\":\"https:\\\/\\\/www.amanien.info\\\/news\\\/wp-content\\\/uploads\\\/2025\\\/12\\\/la-8eme-edition-des-journees-du-financier-au-ministere-de-la-defense-la-dir_poyvqvw5l09.jpg\",\"keywords\":[\"Soci\u00e9t\u00e9\"],\"inLanguage\":\"fr-FR\"},{\"@type\":\"WebPage\",\"@id\":\"https:\\\/\\\/www.amanien.info\\\/news\\\/8eme-edition-des-journees-du-financier-du-ministere-de-la-defense-le-sergent-chef-yao-ruffin-louis-francois-sacre-meilleur-agent-de-la-direction-des-finances\\\/\",\"url\":\"https:\\\/\\\/www.amanien.info\\\/news\\\/8eme-edition-des-journees-du-financier-du-ministere-de-la-defense-le-sergent-chef-yao-ruffin-louis-francois-sacre-meilleur-agent-de-la-direction-des-finances\\\/\",\"name\":\"8\u00e8me \u00e9dition des Journ\u00e9es du Financier du Minist\u00e8re de la D\u00e9fense : Le Sergent-Chef Yao Ruffin Louis-Fran\u00e7ois, sacr\u00e9 meilleur agent de la Direction des finances - Amanien| L&#039;actualit\u00e9 Ivoirienne et Internationale\",\"isPartOf\":{\"@id\":\"https:\\\/\\\/www.amanien.info\\\/news\\\/#website\"},\"primaryImageOfPage\":{\"@id\":\"https:\\\/\\\/www.amanien.info\\\/news\\\/8eme-edition-des-journees-du-financier-du-ministere-de-la-defense-le-sergent-chef-yao-ruffin-louis-francois-sacre-meilleur-agent-de-la-direction-des-finances\\\/#primaryimage\"},\"image\":{\"@id\":\"https:\\\/\\\/www.amanien.info\\\/news\\\/8eme-edition-des-journees-du-financier-du-ministere-de-la-defense-le-sergent-chef-yao-ruffin-louis-francois-sacre-meilleur-agent-de-la-direction-des-finances\\\/#primaryimage\"},\"thumbnailUrl\":\"https:\\\/\\\/www.amanien.info\\\/news\\\/wp-content\\\/uploads\\\/2025\\\/12\\\/la-8eme-edition-des-journees-du-financier-au-ministere-de-la-defense-la-dir_poyvqvw5l09.jpg\",\"datePublished\":\"2025-12-15T14:28:02+00:00\",\"author\":{\"@id\":\"https:\\\/\\\/www.amanien.info\\\/news\\\/#\\\/schema\\\/person\\\/b21093345753a1a98242d505bd894f42\"},\"breadcrumb\":{\"@id\":\"https:\\\/\\\/www.amanien.info\\\/news\\\/8eme-edition-des-journees-du-financier-du-ministere-de-la-defense-le-sergent-chef-yao-ruffin-louis-francois-sacre-meilleur-agent-de-la-direction-des-finances\\\/#breadcrumb\"},\"inLanguage\":\"fr-FR\",\"potentialAction\":[{\"@type\":\"ReadAction\",\"target\":[\"https:\\\/\\\/www.amanien.info\\\/news\\\/8eme-edition-des-journees-du-financier-du-ministere-de-la-defense-le-sergent-chef-yao-ruffin-louis-francois-sacre-meilleur-agent-de-la-direction-des-finances\\\/\"]}]},{\"@type\":\"ImageObject\",\"inLanguage\":\"fr-FR\",\"@id\":\"https:\\\/\\\/www.amanien.info\\\/news\\\/8eme-edition-des-journees-du-financier-du-ministere-de-la-defense-le-sergent-chef-yao-ruffin-louis-francois-sacre-meilleur-agent-de-la-direction-des-finances\\\/#primaryimage\",\"url\":\"https:\\\/\\\/www.amanien.info\\\/news\\\/wp-content\\\/uploads\\\/2025\\\/12\\\/la-8eme-edition-des-journees-du-financier-au-ministere-de-la-defense-la-dir_poyvqvw5l09.jpg\",\"contentUrl\":\"https:\\\/\\\/www.amanien.info\\\/news\\\/wp-content\\\/uploads\\\/2025\\\/12\\\/la-8eme-edition-des-journees-du-financier-au-ministere-de-la-defense-la-dir_poyvqvw5l09.jpg\",\"width\":1000,\"height\":596},{\"@type\":\"BreadcrumbList\",\"@id\":\"https:\\\/\\\/www.amanien.info\\\/news\\\/8eme-edition-des-journees-du-financier-du-ministere-de-la-defense-le-sergent-chef-yao-ruffin-louis-francois-sacre-meilleur-agent-de-la-direction-des-finances\\\/#breadcrumb\",\"itemListElement\":[{\"@type\":\"ListItem\",\"position\":1,\"name\":\"Accueil\",\"item\":\"https:\\\/\\\/www.amanien.info\\\/news\\\/\"},{\"@type\":\"ListItem\",\"position\":2,\"name\":\"8\u00e8me \u00e9dition des Journ\u00e9es du Financier du Minist\u00e8re de la D\u00e9fense : Le Sergent-Chef Yao Ruffin Louis-Fran\u00e7ois, sacr\u00e9 meilleur agent de la Direction des finances\"}]},{\"@type\":\"WebSite\",\"@id\":\"https:\\\/\\\/www.amanien.info\\\/news\\\/#website\",\"url\":\"https:\\\/\\\/www.amanien.info\\\/news\\\/\",\"name\":\"Amanien| L&#039;actualit\u00e9 Ivoirienne et Internationale\",\"description\":\"L&#039;actualit\u00e9 Ivoirienne et Internationale\",\"potentialAction\":[{\"@type\":\"SearchAction\",\"target\":{\"@type\":\"EntryPoint\",\"urlTemplate\":\"https:\\\/\\\/www.amanien.info\\\/news\\\/?s={search_term_string}\"},\"query-input\":{\"@type\":\"PropertyValueSpecification\",\"valueRequired\":true,\"valueName\":\"search_term_string\"}}],\"inLanguage\":\"fr-FR\"},{\"@type\":\"Person\",\"@id\":\"https:\\\/\\\/www.amanien.info\\\/news\\\/#\\\/schema\\\/person\\\/b21093345753a1a98242d505bd894f42\",\"name\":\"Germain Ndri\",\"url\":\"https:\\\/\\\/www.amanien.info\\\/news\\\/author\\\/amanien-infos\\\/\"}]}<\/script>\n<!-- \/ Yoast SEO plugin. -->","yoast_head_json":{"title":"8\u00e8me \u00e9dition des Journ\u00e9es du Financier du Minist\u00e8re de la D\u00e9fense : Le Sergent-Chef Yao Ruffin Louis-Fran\u00e7ois, sacr\u00e9 meilleur agent de la Direction des finances - Amanien| L&#039;actualit\u00e9 Ivoirienne et Internationale","robots":{"index":"index","follow":"follow","max-snippet":"max-snippet:-1","max-image-preview":"max-image-preview:large","max-video-preview":"max-video-preview:-1"},"canonical":"https:\/\/www.amanien.info\/news\/8eme-edition-des-journees-du-financier-du-ministere-de-la-defense-le-sergent-chef-yao-ruffin-louis-francois-sacre-meilleur-agent-de-la-direction-des-finances\/","og_locale":"fr_FR","og_type":"article","og_title":"8\u00e8me \u00e9dition des Journ\u00e9es du Financier du Minist\u00e8re de la D\u00e9fense : Le Sergent-Chef Yao Ruffin Louis-Fran\u00e7ois, sacr\u00e9 meilleur agent de la Direction des finances - Amanien| L&#039;actualit\u00e9 Ivoirienne et Internationale","og_description":"La 8\u00e8me \u00e9dition du Prix d&rsquo;excellence de la Direction des finances du Minist\u00e8re de la d\u00e9fense s&rsquo;est tenue, le vendredi 12 d\u00e9cembre 2025, \u00e0 Abidjan-Plateau. Cette \u00e9dition vise la recherche de l&rsquo;efficience par l&rsquo;instauration de la culture du r\u00e9sultat pour une meilleure gestion des ressources financi\u00e8res du minist\u00e8re de la d\u00e9fense, d&rsquo;une part, et d&rsquo;autre [&hellip;]","og_url":"https:\/\/www.amanien.info\/news\/8eme-edition-des-journees-du-financier-du-ministere-de-la-defense-le-sergent-chef-yao-ruffin-louis-francois-sacre-meilleur-agent-de-la-direction-des-finances\/","og_site_name":"Amanien| L&#039;actualit\u00e9 Ivoirienne et Internationale","article_published_time":"2025-12-15T14:28:02+00:00","og_image":[{"width":1000,"height":596,"url":"https:\/\/www.amanien.info\/news\/wp-content\/uploads\/2025\/12\/la-8eme-edition-des-journees-du-financier-au-ministere-de-la-defense-la-dir_poyvqvw5l09.jpg","type":"image\/jpeg"}],"author":"Germain Ndri","twitter_card":"summary_large_image","twitter_misc":{"\u00c9crit par":"Germain Ndri","Dur\u00e9e de lecture estim\u00e9e":"3 minutes"},"schema":{"@context":"https:\/\/schema.org","@graph":[{"@type":"Article","@id":"https:\/\/www.amanien.info\/news\/8eme-edition-des-journees-du-financier-du-ministere-de-la-defense-le-sergent-chef-yao-ruffin-louis-francois-sacre-meilleur-agent-de-la-direction-des-finances\/#article","isPartOf":{"@id":"https:\/\/www.amanien.info\/news\/8eme-edition-des-journees-du-financier-du-ministere-de-la-defense-le-sergent-chef-yao-ruffin-louis-francois-sacre-meilleur-agent-de-la-direction-des-finances\/"},"author":{"name":"Germain Ndri","@id":"https:\/\/www.amanien.info\/news\/#\/schema\/person\/b21093345753a1a98242d505bd894f42"},"headline":"8\u00e8me \u00e9dition des Journ\u00e9es du Financier du Minist\u00e8re de la D\u00e9fense : Le Sergent-Chef Yao Ruffin Louis-Fran\u00e7ois, sacr\u00e9 meilleur agent de la Direction des finances","datePublished":"2025-12-15T14:28:02+00:00","mainEntityOfPage":{"@id":"https:\/\/www.amanien.info\/news\/8eme-edition-des-journees-du-financier-du-ministere-de-la-defense-le-sergent-chef-yao-ruffin-louis-francois-sacre-meilleur-agent-de-la-direction-des-finances\/"},"wordCount":531,"image":{"@id":"https:\/\/www.amanien.info\/news\/8eme-edition-des-journees-du-financier-du-ministere-de-la-defense-le-sergent-chef-yao-ruffin-louis-francois-sacre-meilleur-agent-de-la-direction-des-finances\/#primaryimage"},"thumbnailUrl":"https:\/\/www.amanien.info\/news\/wp-content\/uploads\/2025\/12\/la-8eme-edition-des-journees-du-financier-au-ministere-de-la-defense-la-dir_poyvqvw5l09.jpg","keywords":["Soci\u00e9t\u00e9"],"inLanguage":"fr-FR"},{"@type":"WebPage","@id":"https:\/\/www.amanien.info\/news\/8eme-edition-des-journees-du-financier-du-ministere-de-la-defense-le-sergent-chef-yao-ruffin-louis-francois-sacre-meilleur-agent-de-la-direction-des-finances\/","url":"https:\/\/www.amanien.info\/news\/8eme-edition-des-journees-du-financier-du-ministere-de-la-defense-le-sergent-chef-yao-ruffin-louis-francois-sacre-meilleur-agent-de-la-direction-des-finances\/","name":"8\u00e8me \u00e9dition des Journ\u00e9es du Financier du Minist\u00e8re de la D\u00e9fense : Le Sergent-Chef Yao Ruffin Louis-Fran\u00e7ois, sacr\u00e9 meilleur agent de la Direction des finances - Amanien| L&#039;actualit\u00e9 Ivoirienne et Internationale","isPartOf":{"@id":"https:\/\/www.amanien.info\/news\/#website"},"primaryImageOfPage":{"@id":"https:\/\/www.amanien.info\/news\/8eme-edition-des-journees-du-financier-du-ministere-de-la-defense-le-sergent-chef-yao-ruffin-louis-francois-sacre-meilleur-agent-de-la-direction-des-finances\/#primaryimage"},"image":{"@id":"https:\/\/www.amanien.info\/news\/8eme-edition-des-journees-du-financier-du-ministere-de-la-defense-le-sergent-chef-yao-ruffin-louis-francois-sacre-meilleur-agent-de-la-direction-des-finances\/#primaryimage"},"thumbnailUrl":"https:\/\/www.amanien.info\/news\/wp-content\/uploads\/2025\/12\/la-8eme-edition-des-journees-du-financier-au-ministere-de-la-defense-la-dir_poyvqvw5l09.jpg","datePublished":"2025-12-15T14:28:02+00:00","author":{"@id":"https:\/\/www.amanien.info\/news\/#\/schema\/person\/b21093345753a1a98242d505bd894f42"},"breadcrumb":{"@id":"https:\/\/www.amanien.info\/news\/8eme-edition-des-journees-du-financier-du-ministere-de-la-defense-le-sergent-chef-yao-ruffin-louis-francois-sacre-meilleur-agent-de-la-direction-des-finances\/#breadcrumb"},"inLanguage":"fr-FR","potentialAction":[{"@type":"ReadAction","target":["https:\/\/www.amanien.info\/news\/8eme-edition-des-journees-du-financier-du-ministere-de-la-defense-le-sergent-chef-yao-ruffin-louis-francois-sacre-meilleur-agent-de-la-direction-des-finances\/"]}]},{"@type":"ImageObject","inLanguage":"fr-FR","@id":"https:\/\/www.amanien.info\/news\/8eme-edition-des-journees-du-financier-du-ministere-de-la-defense-le-sergent-chef-yao-ruffin-louis-francois-sacre-meilleur-agent-de-la-direction-des-finances\/#primaryimage","url":"https:\/\/www.amanien.info\/news\/wp-content\/uploads\/2025\/12\/la-8eme-edition-des-journees-du-financier-au-ministere-de-la-defense-la-dir_poyvqvw5l09.jpg","contentUrl":"https:\/\/www.amanien.info\/news\/wp-content\/uploads\/2025\/12\/la-8eme-edition-des-journees-du-financier-au-ministere-de-la-defense-la-dir_poyvqvw5l09.jpg","width":1000,"height":596},{"@type":"BreadcrumbList","@id":"https:\/\/www.amanien.info\/news\/8eme-edition-des-journees-du-financier-du-ministere-de-la-defense-le-sergent-chef-yao-ruffin-louis-francois-sacre-meilleur-agent-de-la-direction-des-finances\/#breadcrumb","itemListElement":[{"@type":"ListItem","position":1,"name":"Accueil","item":"https:\/\/www.amanien.info\/news\/"},{"@type":"ListItem","position":2,"name":"8\u00e8me \u00e9dition des Journ\u00e9es du Financier du Minist\u00e8re de la D\u00e9fense : Le Sergent-Chef Yao Ruffin Louis-Fran\u00e7ois, sacr\u00e9 meilleur agent de la Direction des finances"}]},{"@type":"WebSite","@id":"https:\/\/www.amanien.info\/news\/#website","url":"https:\/\/www.amanien.info\/news\/","name":"Amanien| L&#039;actualit\u00e9 Ivoirienne et Internationale","description":"L&#039;actualit\u00e9 Ivoirienne et Internationale","potentialAction":[{"@type":"SearchAction","target":{"@type":"EntryPoint","urlTemplate":"https:\/\/www.amanien.info\/news\/?s={search_term_string}"},"query-input":{"@type":"PropertyValueSpecification","valueRequired":true,"valueName":"search_term_string"}}],"inLanguage":"fr-FR"},{"@type":"Person","@id":"https:\/\/www.amanien.info\/news\/#\/schema\/person\/b21093345753a1a98242d505bd894f42","name":"Germain Ndri","url":"https:\/\/www.amanien.info\/news\/author\/amanien-infos\/"}]}},"_links":{"self":[{"href":"https:\/\/www.amanien.info\/news\/wp-json\/wp\/v2\/posts\/7727","targetHints":{"allow":["GET"]}}],"collection":[{"href":"https:\/\/www.amanien.info\/news\/wp-json\/wp\/v2\/posts"}],"about":[{"href":"https:\/\/www.amanien.info\/news\/wp-json\/wp\/v2\/types\/post"}],"author":[{"embeddable":true,"href":"https:\/\/www.amanien.info\/news\/wp-json\/wp\/v2\/users\/2"}],"replies":[{"embeddable":true,"href":"https:\/\/www.amanien.info\/news\/wp-json\/wp\/v2\/comments?post=7727"}],"version-history":[{"count":1,"href":"https:\/\/www.amanien.info\/news\/wp-json\/wp\/v2\/posts\/7727\/revisions"}],"predecessor-version":[{"id":7731,"href":"https:\/\/www.amanien.info\/news\/wp-json\/wp\/v2\/posts\/7727\/revisions\/7731"}],"wp:featuredmedia":[{"embeddable":true,"href":"https:\/\/www.amanien.info\/news\/wp-json\/wp\/v2\/media\/7730"}],"wp:attachment":[{"href":"https:\/\/www.amanien.info\/news\/wp-json\/wp\/v2\/media?parent=7727"}],"wp:term":[{"taxonomy":"category","embeddable":true,"href":"https:\/\/www.amanien.info\/news\/wp-json\/wp\/v2\/categories?post=7727"},{"taxonomy":"post_tag","embeddable":true,"href":"https:\/\/www.amanien.info\/news\/wp-json\/wp\/v2\/tags?post=7727"}],"curies":[{"name":"wp","href":"https:\/\/api.w.org\/{rel}","templated":true}]}}