{"id":7722,"date":"2025-12-15T07:51:04","date_gmt":"2025-12-15T07:51:04","guid":{"rendered":"https:\/\/www.amanien.info\/news\/?p=7722"},"modified":"2025-12-15T07:51:04","modified_gmt":"2025-12-15T07:51:04","slug":"8eme-promotion-dexperts-en-ingenierie-du-genre-de-la-cuefpod-58-apprenants-recoivent-leurs-parchemins","status":"publish","type":"post","link":"https:\/\/www.amanien.info\/news\/8eme-promotion-dexperts-en-ingenierie-du-genre-de-la-cuefpod-58-apprenants-recoivent-leurs-parchemins\/","title":{"rendered":"8\u00e8me promotion d&rsquo;Experts en Ing\u00e9nierie du Genre de la CUEFPOD : 58 apprenants re\u00e7oivent leurs parchemins\u00a0"},"content":{"rendered":"<div>La Chaire UNESCO \u00ab Eau, Femmes et Pouvoir de D\u00e9cisions \u00bb (CUEFPOD), dirig\u00e9e par la ministre Euphrasie Kouassi Yao, a c\u00e9l\u00e9br\u00e9, le samedi 13 d\u00e9cembre 2025, \u00e0 Abidjan-Cocody, la graduation de sa huiti\u00e8me promotion de la formation en ing\u00e9nierie du genre (FIG).<\/div>\n<div>Cet \u00e9v\u00e9nement a consacr\u00e9 58 nouveaux experts, dont 48 femmes, et 10 hommes issus des secteurs public, priv\u00e9 et de la soci\u00e9t\u00e9 civile.<\/div>\n<div><\/div>\n<div><\/div>\n<div>La FIG, programme valid\u00e9 par l\u2019UNESCO, l\u2019\u00c9tat ivoirien et des organismes de d\u00e9veloppement tels que le PNUD, l\u2019UNFPA et ONU Femmes, vise \u00e0 former des experts capables d\u2019int\u00e9grer le genre dans les politiques publiques, les institutions et les communaut\u00e9s afin de corriger les in\u00e9galit\u00e9s structurelles. Dispens\u00e9e \u00e0 80 % en ligne et 20 % en pr\u00e9sentiel, elle allie innovation et pragmatisme.<\/div>\n<div><\/div>\n<div>Dans son allocution, la Ministre Euphrasie Kouassi Yao, Titulaire de la CUEFPOD, a exprim\u00e9 sa satisfaction\u00a0 et a adress\u00e9 ses remerciements au pr\u00e9sident Alassane Ouattara pour son\u00a0 \u00ab\u00a0soutien ind\u00e9fectible\u00a0\u00bb, \u00e0 la Premi\u00e8re Dame Dominique Ouattara pour ses actions men\u00e9es en faveur des femmes, et au vice-pr\u00e9sident Robert Beugr\u00e9 Mamb\u00e9 pour sa sollicitude.<\/div>\n<div><\/div>\n<div><\/div>\n<div>Elle a rappel\u00e9 r\u00e9cipiendaires qu\u2019ils doivent d\u00e9sormais jouer le r\u00f4le d\u2019acteurs du changement social et de g\u00e9n\u00e9rateurs de transformation, dot\u00e9s d\u2019outils pour cultiver la fraternit\u00e9, l\u2019\u00e9galit\u00e9 des chances et une paix durable. \u00ab\u00a0Aujourd\u2019hui n\u2019est donc pas seulement l\u2019aboutissement d\u2019un parcours acad\u00e9mique : c\u2019est le commencement d\u2019une responsabilit\u00e9 nouvelle\u00a0\u00bb, a-t-elle martel\u00e9.<\/div>\n<div><\/div>\n<div>Poursuivant, la Ministre Euphrasie Yao Kouassi a\u00a0 mis en relief l\u2019impact profond de la formation, citant des \u00e9valuations selon lesquelles 100 % des participants estiment avoir \u00e9t\u00e9 transform\u00e9s, apr\u00e8s avoir acquis une meilleure compr\u00e9hension du genre comme outil d\u2019analyse, une sensibilit\u00e9 accrue aux discriminations et une conscience \u00e9clair\u00e9e de leur r\u00f4le.<\/div>\n<div><\/div>\n<div>\u00ab\u00a0Vous n\u2019\u00eates plus les m\u00eames personnes que vous \u00e9tiez au d\u00e9but de la formation. Et cette transformation int\u00e9rieure est la source m\u00eame du ruissellement social. Car lorsque vous changez, vous changez vos foyers. Lorsque plusieurs foyers changent, c\u2019est toute une communaut\u00e9 qui se transforme. Et lorsque les communaut\u00e9s \u00e9voluent, la nation enti\u00e8re se met en mouvement. Lorsque l\u2019\u00e9ducation des enfants int\u00e8gre le respect mutuel, l\u2019\u00e9galit\u00e9 filles-gar\u00e7ons et la dignit\u00e9, la soci\u00e9t\u00e9 de demain en est profond\u00e9ment fa\u00e7onn\u00e9e\u00a0\u00bb, a fait savoir la Titulaire de la CUEFPOD.<\/div>\n<div><\/div>\n<div>Et d&rsquo;ajouter : \u00ab\u00a0Votre expertise est d\u00e9sormais le pouvoir d\u2019influencer, de f\u00e9conder et de transformer les mentalit\u00e9s, les pratiques, les politiques et les syst\u00e8mes. Vous \u00eates outill\u00e9s pour d\u00e9construire les st\u00e9r\u00e9otypes, r\u00e9duire les in\u00e9galit\u00e9s d\u2019acc\u00e8s au pouvoir de d\u00e9cision, promouvoir le leadership f\u00e9minin, institutionnaliser le genre dans les politiques publiques et les entreprises, faire du genre un v\u00e9ritable levier de d\u00e9veloppement durable\u00a0\u00bb.<\/div>\n<div><\/div>\n<div>Toutefois, a-t-elle pr\u00e9cis\u00e9, \u00ab\u00a0votre plus grande force n\u2019est pas technique : votre force r\u00e9side dans votre capacit\u00e9 \u00e0 inspirer\u00a0\u00bb, a-t-il indiqu\u00e9.<\/div>\n<div><\/div>\n<div><\/div>\n<div>La Chaire de l&rsquo;UNESC a, par ailleurs, invit\u00e9 les dipl\u00f4m\u00e9s de cette huiti\u00e8me \u00e9dition \u00e0 rejoindre le r\u00e9seau des alumni, le REAL-IG (FIG), dont les membres ont contribu\u00e9 \u00e0 faire de la C\u00f4te d\u2019Ivoire le \u00ab\u00a0champion d\u2019Afrique\u00a0\u00bb en mati\u00e8re de lutte contre les in\u00e9galit\u00e9s de genre en 2023, selon le rapport SIGI de l\u2019OCDE.<\/div>\n<div><\/div>\n<div><\/div>\n<div>Pour sa part, la Marraine de la 8e \u00e9dition, Mme Marie-Chantal Uwanyiligira, Directrice des op\u00e9rations pour la Banque Mondiale pour la C\u00f4te d&rsquo;Ivoire, le B\u00e9nin, la Guin\u00e9e et le Togo, a salu\u00e9 cette initiative et f\u00e9licit\u00e9 la Chaire de l&rsquo;UNESCO, la Ministre Euphrasie Yao Kouassi pour son leadership.<\/div>\n<div><\/div>\n<div><\/div>\n<div>Elle a aussi exhort\u00e9 les r\u00e9cipiendaires \u00e0 \u00eatre des \u00ab\u00a0facteurs de transformation de la soci\u00e9t\u00e9, de leur famille et d&rsquo;eux-m\u00eames pour que ce paradigme change\u00a0\u00bb, a-t-elle dit.<\/div>\n<div><\/div>\n<div>La Directrice des op\u00e9rations de la Banque Mondiale a, par ailleurs, lanc\u00e9 un appel \u00e0 ses filleuls :\u00a0 \u00ab\u00a0vous avez la responsabilit\u00e9 de transformer cette connaissance en changement. Cette connaissance re\u00e7ue doit avoir un impact positif sur la femme\u00a0\u00bb, a-t-il exhort\u00e9.<\/div>\n<div><\/div>\n<div><\/div>\n<div>Notons que le lancement officiel de la neuvi\u00e8me promotion (FIG 9) est pr\u00e9vu pour la rentr\u00e9e 2026, confirmant ainsi l&rsquo;engagement de la CUEFPOD \u00e0 former les acteurs et actrices cl\u00e9s du d\u00e9veloppement \u00e9quitable et durable.<\/div>\n<div><\/div>\n<div>La c\u00e9l\u00e9bration des 20 ans de la Chaire UNESCO \u00ab Eau, Femmes et Pouvoir de D\u00e9cisions \u00bb (CUEFPOD) a \u00e9t\u00e9 annonc\u00e9e au cours de cette c\u00e9r\u00e9monie. Cet \u00e9v\u00e9nement est plac\u00e9 sous le th\u00e8me :\u00a0 \u00ab\u00a020 ans d\u2019innovations et d\u2019impact\u00a0\u00bb. Cette c\u00e9l\u00e9bration se d\u00e9roulera sur toute l\u2019\u00e9tendue du territoire national.<\/div>\n<div><\/div>\n<div><\/div>\n<div><\/div>\n<div><b>S.A<\/b>.<\/div>\n<div><\/div>\n","protected":false},"excerpt":{"rendered":"<p>La Chaire UNESCO \u00ab Eau, Femmes et Pouvoir de D\u00e9cisions \u00bb (CUEFPOD), dirig\u00e9e par la ministre Euphrasie Kouassi Yao, a c\u00e9l\u00e9br\u00e9, le samedi 13 d\u00e9cembre 2025, \u00e0 Abidjan-Cocody, la graduation de sa huiti\u00e8me promotion de la formation en ing\u00e9nierie du genre (FIG). Cet \u00e9v\u00e9nement a consacr\u00e9 58 nouveaux experts, dont 48 femmes, et 10 hommes [&hellip;]<\/p>\n","protected":false},"author":2,"featured_media":7725,"comment_status":"closed","ping_status":"closed","sticky":false,"template":"","format":"standard","meta":{"_acf_changed":false,"footnotes":""},"categories":[1],"tags":[],"class_list":["post-7722","post","type-post","status-publish","format-standard","has-post-thumbnail","hentry","category-national"],"acf":[],"yoast_head":"<!-- This site is optimized with the Yoast SEO plugin v27.5 - https:\/\/yoast.com\/product\/yoast-seo-wordpress\/ -->\n<title>8\u00e8me promotion d&#039;Experts en Ing\u00e9nierie du Genre de la CUEFPOD : 58 apprenants re\u00e7oivent leurs parchemins\u00a0 - Amanien| L&#039;actualit\u00e9 Ivoirienne et Internationale<\/title>\n<meta name=\"robots\" content=\"index, follow, max-snippet:-1, max-image-preview:large, max-video-preview:-1\" \/>\n<link rel=\"canonical\" href=\"https:\/\/www.amanien.info\/news\/8eme-promotion-dexperts-en-ingenierie-du-genre-de-la-cuefpod-58-apprenants-recoivent-leurs-parchemins\/\" \/>\n<meta property=\"og:locale\" content=\"fr_FR\" \/>\n<meta property=\"og:type\" content=\"article\" \/>\n<meta property=\"og:title\" content=\"8\u00e8me promotion d&#039;Experts en Ing\u00e9nierie du Genre de la CUEFPOD : 58 apprenants re\u00e7oivent leurs parchemins\u00a0 - Amanien| L&#039;actualit\u00e9 Ivoirienne et Internationale\" \/>\n<meta property=\"og:description\" content=\"La Chaire UNESCO \u00ab Eau, Femmes et Pouvoir de D\u00e9cisions \u00bb (CUEFPOD), dirig\u00e9e par la ministre Euphrasie Kouassi Yao, a c\u00e9l\u00e9br\u00e9, le samedi 13 d\u00e9cembre 2025, \u00e0 Abidjan-Cocody, la graduation de sa huiti\u00e8me promotion de la formation en ing\u00e9nierie du genre (FIG). Cet \u00e9v\u00e9nement a consacr\u00e9 58 nouveaux experts, dont 48 femmes, et 10 hommes [&hellip;]\" \/>\n<meta property=\"og:url\" content=\"https:\/\/www.amanien.info\/news\/8eme-promotion-dexperts-en-ingenierie-du-genre-de-la-cuefpod-58-apprenants-recoivent-leurs-parchemins\/\" \/>\n<meta property=\"og:site_name\" content=\"Amanien| L&#039;actualit\u00e9 Ivoirienne et Internationale\" \/>\n<meta property=\"article:published_time\" content=\"2025-12-15T07:51:04+00:00\" \/>\n<meta property=\"og:image\" content=\"https:\/\/www.amanien.info\/news\/wp-content\/uploads\/2025\/12\/IMG-20251214-WA0007.jpg\" \/>\n\t<meta property=\"og:image:width\" content=\"2560\" \/>\n\t<meta property=\"og:image:height\" content=\"1706\" \/>\n\t<meta property=\"og:image:type\" content=\"image\/jpeg\" \/>\n<meta name=\"author\" content=\"Germain Ndri\" \/>\n<meta name=\"twitter:card\" content=\"summary_large_image\" \/>\n<meta name=\"twitter:label1\" content=\"\u00c9crit par\" \/>\n\t<meta name=\"twitter:data1\" content=\"Germain Ndri\" \/>\n\t<meta name=\"twitter:label2\" content=\"Dur\u00e9e de lecture estim\u00e9e\" \/>\n\t<meta name=\"twitter:data2\" content=\"4 minutes\" \/>\n<script type=\"application\/ld+json\" class=\"yoast-schema-graph\">{\"@context\":\"https:\\\/\\\/schema.org\",\"@graph\":[{\"@type\":\"Article\",\"@id\":\"https:\\\/\\\/www.amanien.info\\\/news\\\/8eme-promotion-dexperts-en-ingenierie-du-genre-de-la-cuefpod-58-apprenants-recoivent-leurs-parchemins\\\/#article\",\"isPartOf\":{\"@id\":\"https:\\\/\\\/www.amanien.info\\\/news\\\/8eme-promotion-dexperts-en-ingenierie-du-genre-de-la-cuefpod-58-apprenants-recoivent-leurs-parchemins\\\/\"},\"author\":{\"name\":\"Germain Ndri\",\"@id\":\"https:\\\/\\\/www.amanien.info\\\/news\\\/#\\\/schema\\\/person\\\/b21093345753a1a98242d505bd894f42\"},\"headline\":\"8\u00e8me promotion d&rsquo;Experts en Ing\u00e9nierie du Genre de la CUEFPOD : 58 apprenants re\u00e7oivent leurs parchemins\u00a0\",\"datePublished\":\"2025-12-15T07:51:04+00:00\",\"mainEntityOfPage\":{\"@id\":\"https:\\\/\\\/www.amanien.info\\\/news\\\/8eme-promotion-dexperts-en-ingenierie-du-genre-de-la-cuefpod-58-apprenants-recoivent-leurs-parchemins\\\/\"},\"wordCount\":817,\"image\":{\"@id\":\"https:\\\/\\\/www.amanien.info\\\/news\\\/8eme-promotion-dexperts-en-ingenierie-du-genre-de-la-cuefpod-58-apprenants-recoivent-leurs-parchemins\\\/#primaryimage\"},\"thumbnailUrl\":\"https:\\\/\\\/www.amanien.info\\\/news\\\/wp-content\\\/uploads\\\/2025\\\/12\\\/IMG-20251214-WA0007.jpg\",\"articleSection\":[\"National\"],\"inLanguage\":\"fr-FR\"},{\"@type\":\"WebPage\",\"@id\":\"https:\\\/\\\/www.amanien.info\\\/news\\\/8eme-promotion-dexperts-en-ingenierie-du-genre-de-la-cuefpod-58-apprenants-recoivent-leurs-parchemins\\\/\",\"url\":\"https:\\\/\\\/www.amanien.info\\\/news\\\/8eme-promotion-dexperts-en-ingenierie-du-genre-de-la-cuefpod-58-apprenants-recoivent-leurs-parchemins\\\/\",\"name\":\"8\u00e8me promotion d'Experts en Ing\u00e9nierie du Genre de la CUEFPOD : 58 apprenants re\u00e7oivent leurs parchemins\u00a0 - Amanien| L&#039;actualit\u00e9 Ivoirienne et Internationale\",\"isPartOf\":{\"@id\":\"https:\\\/\\\/www.amanien.info\\\/news\\\/#website\"},\"primaryImageOfPage\":{\"@id\":\"https:\\\/\\\/www.amanien.info\\\/news\\\/8eme-promotion-dexperts-en-ingenierie-du-genre-de-la-cuefpod-58-apprenants-recoivent-leurs-parchemins\\\/#primaryimage\"},\"image\":{\"@id\":\"https:\\\/\\\/www.amanien.info\\\/news\\\/8eme-promotion-dexperts-en-ingenierie-du-genre-de-la-cuefpod-58-apprenants-recoivent-leurs-parchemins\\\/#primaryimage\"},\"thumbnailUrl\":\"https:\\\/\\\/www.amanien.info\\\/news\\\/wp-content\\\/uploads\\\/2025\\\/12\\\/IMG-20251214-WA0007.jpg\",\"datePublished\":\"2025-12-15T07:51:04+00:00\",\"author\":{\"@id\":\"https:\\\/\\\/www.amanien.info\\\/news\\\/#\\\/schema\\\/person\\\/b21093345753a1a98242d505bd894f42\"},\"breadcrumb\":{\"@id\":\"https:\\\/\\\/www.amanien.info\\\/news\\\/8eme-promotion-dexperts-en-ingenierie-du-genre-de-la-cuefpod-58-apprenants-recoivent-leurs-parchemins\\\/#breadcrumb\"},\"inLanguage\":\"fr-FR\",\"potentialAction\":[{\"@type\":\"ReadAction\",\"target\":[\"https:\\\/\\\/www.amanien.info\\\/news\\\/8eme-promotion-dexperts-en-ingenierie-du-genre-de-la-cuefpod-58-apprenants-recoivent-leurs-parchemins\\\/\"]}]},{\"@type\":\"ImageObject\",\"inLanguage\":\"fr-FR\",\"@id\":\"https:\\\/\\\/www.amanien.info\\\/news\\\/8eme-promotion-dexperts-en-ingenierie-du-genre-de-la-cuefpod-58-apprenants-recoivent-leurs-parchemins\\\/#primaryimage\",\"url\":\"https:\\\/\\\/www.amanien.info\\\/news\\\/wp-content\\\/uploads\\\/2025\\\/12\\\/IMG-20251214-WA0007.jpg\",\"contentUrl\":\"https:\\\/\\\/www.amanien.info\\\/news\\\/wp-content\\\/uploads\\\/2025\\\/12\\\/IMG-20251214-WA0007.jpg\",\"width\":2560,\"height\":1706},{\"@type\":\"BreadcrumbList\",\"@id\":\"https:\\\/\\\/www.amanien.info\\\/news\\\/8eme-promotion-dexperts-en-ingenierie-du-genre-de-la-cuefpod-58-apprenants-recoivent-leurs-parchemins\\\/#breadcrumb\",\"itemListElement\":[{\"@type\":\"ListItem\",\"position\":1,\"name\":\"Accueil\",\"item\":\"https:\\\/\\\/www.amanien.info\\\/news\\\/\"},{\"@type\":\"ListItem\",\"position\":2,\"name\":\"8\u00e8me promotion d&rsquo;Experts en Ing\u00e9nierie du Genre de la CUEFPOD : 58 apprenants re\u00e7oivent leurs parchemins\u00a0\"}]},{\"@type\":\"WebSite\",\"@id\":\"https:\\\/\\\/www.amanien.info\\\/news\\\/#website\",\"url\":\"https:\\\/\\\/www.amanien.info\\\/news\\\/\",\"name\":\"Amanien| L&#039;actualit\u00e9 Ivoirienne et Internationale\",\"description\":\"L&#039;actualit\u00e9 Ivoirienne et Internationale\",\"potentialAction\":[{\"@type\":\"SearchAction\",\"target\":{\"@type\":\"EntryPoint\",\"urlTemplate\":\"https:\\\/\\\/www.amanien.info\\\/news\\\/?s={search_term_string}\"},\"query-input\":{\"@type\":\"PropertyValueSpecification\",\"valueRequired\":true,\"valueName\":\"search_term_string\"}}],\"inLanguage\":\"fr-FR\"},{\"@type\":\"Person\",\"@id\":\"https:\\\/\\\/www.amanien.info\\\/news\\\/#\\\/schema\\\/person\\\/b21093345753a1a98242d505bd894f42\",\"name\":\"Germain Ndri\",\"url\":\"https:\\\/\\\/www.amanien.info\\\/news\\\/author\\\/amanien-infos\\\/\"}]}<\/script>\n<!-- \/ Yoast SEO plugin. -->","yoast_head_json":{"title":"8\u00e8me promotion d'Experts en Ing\u00e9nierie du Genre de la CUEFPOD : 58 apprenants re\u00e7oivent leurs parchemins\u00a0 - Amanien| L&#039;actualit\u00e9 Ivoirienne et Internationale","robots":{"index":"index","follow":"follow","max-snippet":"max-snippet:-1","max-image-preview":"max-image-preview:large","max-video-preview":"max-video-preview:-1"},"canonical":"https:\/\/www.amanien.info\/news\/8eme-promotion-dexperts-en-ingenierie-du-genre-de-la-cuefpod-58-apprenants-recoivent-leurs-parchemins\/","og_locale":"fr_FR","og_type":"article","og_title":"8\u00e8me promotion d'Experts en Ing\u00e9nierie du Genre de la CUEFPOD : 58 apprenants re\u00e7oivent leurs parchemins\u00a0 - Amanien| L&#039;actualit\u00e9 Ivoirienne et Internationale","og_description":"La Chaire UNESCO \u00ab Eau, Femmes et Pouvoir de D\u00e9cisions \u00bb (CUEFPOD), dirig\u00e9e par la ministre Euphrasie Kouassi Yao, a c\u00e9l\u00e9br\u00e9, le samedi 13 d\u00e9cembre 2025, \u00e0 Abidjan-Cocody, la graduation de sa huiti\u00e8me promotion de la formation en ing\u00e9nierie du genre (FIG). Cet \u00e9v\u00e9nement a consacr\u00e9 58 nouveaux experts, dont 48 femmes, et 10 hommes [&hellip;]","og_url":"https:\/\/www.amanien.info\/news\/8eme-promotion-dexperts-en-ingenierie-du-genre-de-la-cuefpod-58-apprenants-recoivent-leurs-parchemins\/","og_site_name":"Amanien| L&#039;actualit\u00e9 Ivoirienne et Internationale","article_published_time":"2025-12-15T07:51:04+00:00","og_image":[{"width":2560,"height":1706,"url":"https:\/\/www.amanien.info\/news\/wp-content\/uploads\/2025\/12\/IMG-20251214-WA0007.jpg","type":"image\/jpeg"}],"author":"Germain Ndri","twitter_card":"summary_large_image","twitter_misc":{"\u00c9crit par":"Germain Ndri","Dur\u00e9e de lecture estim\u00e9e":"4 minutes"},"schema":{"@context":"https:\/\/schema.org","@graph":[{"@type":"Article","@id":"https:\/\/www.amanien.info\/news\/8eme-promotion-dexperts-en-ingenierie-du-genre-de-la-cuefpod-58-apprenants-recoivent-leurs-parchemins\/#article","isPartOf":{"@id":"https:\/\/www.amanien.info\/news\/8eme-promotion-dexperts-en-ingenierie-du-genre-de-la-cuefpod-58-apprenants-recoivent-leurs-parchemins\/"},"author":{"name":"Germain Ndri","@id":"https:\/\/www.amanien.info\/news\/#\/schema\/person\/b21093345753a1a98242d505bd894f42"},"headline":"8\u00e8me promotion d&rsquo;Experts en Ing\u00e9nierie du Genre de la CUEFPOD : 58 apprenants re\u00e7oivent leurs parchemins\u00a0","datePublished":"2025-12-15T07:51:04+00:00","mainEntityOfPage":{"@id":"https:\/\/www.amanien.info\/news\/8eme-promotion-dexperts-en-ingenierie-du-genre-de-la-cuefpod-58-apprenants-recoivent-leurs-parchemins\/"},"wordCount":817,"image":{"@id":"https:\/\/www.amanien.info\/news\/8eme-promotion-dexperts-en-ingenierie-du-genre-de-la-cuefpod-58-apprenants-recoivent-leurs-parchemins\/#primaryimage"},"thumbnailUrl":"https:\/\/www.amanien.info\/news\/wp-content\/uploads\/2025\/12\/IMG-20251214-WA0007.jpg","articleSection":["National"],"inLanguage":"fr-FR"},{"@type":"WebPage","@id":"https:\/\/www.amanien.info\/news\/8eme-promotion-dexperts-en-ingenierie-du-genre-de-la-cuefpod-58-apprenants-recoivent-leurs-parchemins\/","url":"https:\/\/www.amanien.info\/news\/8eme-promotion-dexperts-en-ingenierie-du-genre-de-la-cuefpod-58-apprenants-recoivent-leurs-parchemins\/","name":"8\u00e8me promotion d'Experts en Ing\u00e9nierie du Genre de la CUEFPOD : 58 apprenants re\u00e7oivent leurs parchemins\u00a0 - Amanien| L&#039;actualit\u00e9 Ivoirienne et Internationale","isPartOf":{"@id":"https:\/\/www.amanien.info\/news\/#website"},"primaryImageOfPage":{"@id":"https:\/\/www.amanien.info\/news\/8eme-promotion-dexperts-en-ingenierie-du-genre-de-la-cuefpod-58-apprenants-recoivent-leurs-parchemins\/#primaryimage"},"image":{"@id":"https:\/\/www.amanien.info\/news\/8eme-promotion-dexperts-en-ingenierie-du-genre-de-la-cuefpod-58-apprenants-recoivent-leurs-parchemins\/#primaryimage"},"thumbnailUrl":"https:\/\/www.amanien.info\/news\/wp-content\/uploads\/2025\/12\/IMG-20251214-WA0007.jpg","datePublished":"2025-12-15T07:51:04+00:00","author":{"@id":"https:\/\/www.amanien.info\/news\/#\/schema\/person\/b21093345753a1a98242d505bd894f42"},"breadcrumb":{"@id":"https:\/\/www.amanien.info\/news\/8eme-promotion-dexperts-en-ingenierie-du-genre-de-la-cuefpod-58-apprenants-recoivent-leurs-parchemins\/#breadcrumb"},"inLanguage":"fr-FR","potentialAction":[{"@type":"ReadAction","target":["https:\/\/www.amanien.info\/news\/8eme-promotion-dexperts-en-ingenierie-du-genre-de-la-cuefpod-58-apprenants-recoivent-leurs-parchemins\/"]}]},{"@type":"ImageObject","inLanguage":"fr-FR","@id":"https:\/\/www.amanien.info\/news\/8eme-promotion-dexperts-en-ingenierie-du-genre-de-la-cuefpod-58-apprenants-recoivent-leurs-parchemins\/#primaryimage","url":"https:\/\/www.amanien.info\/news\/wp-content\/uploads\/2025\/12\/IMG-20251214-WA0007.jpg","contentUrl":"https:\/\/www.amanien.info\/news\/wp-content\/uploads\/2025\/12\/IMG-20251214-WA0007.jpg","width":2560,"height":1706},{"@type":"BreadcrumbList","@id":"https:\/\/www.amanien.info\/news\/8eme-promotion-dexperts-en-ingenierie-du-genre-de-la-cuefpod-58-apprenants-recoivent-leurs-parchemins\/#breadcrumb","itemListElement":[{"@type":"ListItem","position":1,"name":"Accueil","item":"https:\/\/www.amanien.info\/news\/"},{"@type":"ListItem","position":2,"name":"8\u00e8me promotion d&rsquo;Experts en Ing\u00e9nierie du Genre de la CUEFPOD : 58 apprenants re\u00e7oivent leurs parchemins\u00a0"}]},{"@type":"WebSite","@id":"https:\/\/www.amanien.info\/news\/#website","url":"https:\/\/www.amanien.info\/news\/","name":"Amanien| L&#039;actualit\u00e9 Ivoirienne et Internationale","description":"L&#039;actualit\u00e9 Ivoirienne et Internationale","potentialAction":[{"@type":"SearchAction","target":{"@type":"EntryPoint","urlTemplate":"https:\/\/www.amanien.info\/news\/?s={search_term_string}"},"query-input":{"@type":"PropertyValueSpecification","valueRequired":true,"valueName":"search_term_string"}}],"inLanguage":"fr-FR"},{"@type":"Person","@id":"https:\/\/www.amanien.info\/news\/#\/schema\/person\/b21093345753a1a98242d505bd894f42","name":"Germain Ndri","url":"https:\/\/www.amanien.info\/news\/author\/amanien-infos\/"}]}},"_links":{"self":[{"href":"https:\/\/www.amanien.info\/news\/wp-json\/wp\/v2\/posts\/7722","targetHints":{"allow":["GET"]}}],"collection":[{"href":"https:\/\/www.amanien.info\/news\/wp-json\/wp\/v2\/posts"}],"about":[{"href":"https:\/\/www.amanien.info\/news\/wp-json\/wp\/v2\/types\/post"}],"author":[{"embeddable":true,"href":"https:\/\/www.amanien.info\/news\/wp-json\/wp\/v2\/users\/2"}],"replies":[{"embeddable":true,"href":"https:\/\/www.amanien.info\/news\/wp-json\/wp\/v2\/comments?post=7722"}],"version-history":[{"count":1,"href":"https:\/\/www.amanien.info\/news\/wp-json\/wp\/v2\/posts\/7722\/revisions"}],"predecessor-version":[{"id":7726,"href":"https:\/\/www.amanien.info\/news\/wp-json\/wp\/v2\/posts\/7722\/revisions\/7726"}],"wp:featuredmedia":[{"embeddable":true,"href":"https:\/\/www.amanien.info\/news\/wp-json\/wp\/v2\/media\/7725"}],"wp:attachment":[{"href":"https:\/\/www.amanien.info\/news\/wp-json\/wp\/v2\/media?parent=7722"}],"wp:term":[{"taxonomy":"category","embeddable":true,"href":"https:\/\/www.amanien.info\/news\/wp-json\/wp\/v2\/categories?post=7722"},{"taxonomy":"post_tag","embeddable":true,"href":"https:\/\/www.amanien.info\/news\/wp-json\/wp\/v2\/tags?post=7722"}],"curies":[{"name":"wp","href":"https:\/\/api.w.org\/{rel}","templated":true}]}}