{"id":7718,"date":"2025-12-14T17:20:44","date_gmt":"2025-12-14T17:20:44","guid":{"rendered":"https:\/\/www.amanien.info\/news\/?p=7718"},"modified":"2025-12-14T17:20:44","modified_gmt":"2025-12-14T17:20:44","slug":"litterature-lassina-diarra-dedicace-son-nouvel-ouvrage-intitule-terrorisme-ouest-africain-du-proselytisme-islamique-au-jihad-arme","status":"publish","type":"post","link":"https:\/\/www.amanien.info\/news\/litterature-lassina-diarra-dedicace-son-nouvel-ouvrage-intitule-terrorisme-ouest-africain-du-proselytisme-islamique-au-jihad-arme\/","title":{"rendered":"Litt\u00e9rature : Lassina Diarra d\u00e9dicace son nouvel ouvrage intitul\u00e9 \u00ab\u00a0Terrorisme ouest-africain : du pros\u00e9lytisme islamique au jihad arm\u00e9\u00a0\u00bb"},"content":{"rendered":"<div>Le Directeur de l\u2019Institut de Recherche Strat\u00e9gique de l\u2019Acad\u00e9mie Internationale de Lutte contre le Terrorisme (AILCT), Dr Lassina Diarra, a pr\u00e9sent\u00e9 le mardi 09 d\u00e9cembre 2025, \u00e0 Abidjan-Cocody, son nouvel ouvrage intitul\u00e9 \u00ab\u00a0Terrorisme ouest-africain : du pros\u00e9lytisme islamique au jihad arm\u00e9\u00a0\u00bb.<\/div>\n<div><\/div>\n<div>C&rsquo;\u00e9tait au cours d&rsquo;une c\u00e9r\u00e9monie de d\u00e9dicace qui a r\u00e9uni un parterre de personnalit\u00e9s civiles et militaires, dont le grand chancelier de l\u2019Ordre national, Aly Coulibaly, le commandant sup\u00e9rieur de la Gendarmerie nationale, le g\u00e9n\u00e9ral de corps d\u2019arm\u00e9e Apalo Alexandre Tour\u00e9 et le Directeur G\u00e9n\u00e9ral de l\u2019AILCT, le g\u00e9n\u00e9ral de brigade Kouam\u00e9 Joseph Allah.<\/div>\n<div><\/div>\n<div><\/div>\n<div><\/div>\n<div>Publi\u00e9 aux \u00e9ditions Diano\u00efa, l\u2019ouvrage de 244 pages retrace les transformations qui ont conduit certains mouvements religieux \u00e0 adopter des pratiques violentes dans plusieurs \u00c9tats ouest-africains. L\u2019auteur y analyse les logiques politiques, sociales et id\u00e9ologiques qui alimentent ces \u00e9volutions.<\/div>\n<div>S\u2019appuyant sur des donn\u00e9es collect\u00e9es au cours des travaux men\u00e9s sur le terrain, dont des entretiens en milieu carc\u00e9ral, le Dr Diarra d\u00e9crit les m\u00e9canismes de diffusion de doctrines radicales et les parcours de rupture menant \u00e0 l\u2019engagement arm\u00e9.<\/div>\n<div><\/div>\n<div><\/div>\n<div>Scind\u00e9 en neuf chapitres, \u00ab\u00a0Terrorisme ouest-africain : du pros\u00e9lytisme islamique au jihad arm\u00e9\u00a0\u00bb revient \u00e9galement sur la construction id\u00e9ologique du jihadisme, son \u00e9volution historique, les strat\u00e9gies de recrutement, les erreurs de gestion du Sahel et les sc\u00e9narii envisageables pour l\u2019Afrique de l\u2019Ouest au cours des vingt prochaines ann\u00e9es.<\/div>\n<div><\/div>\n<div>Fruit d\u2019un long travail de terrain, il se veut un outil d\u2019analyse et d\u2019anticipation au service des d\u00e9cideurs, des forces de s\u00e9curit\u00e9 et des chercheurs engag\u00e9s dans la lutte contre l\u2019extr\u00e9misme violent.<\/div>\n<div><\/div>\n<div><\/div>\n<div>Dans son intervention, l&rsquo;auteur\u00a0 Diarra a exprim\u00e9 sa gratitude envers les personnalit\u00e9s pr\u00e9sentes, soulignant le caract\u00e8re collectif de la lutte contre le terrorisme.<\/div>\n<div><\/div>\n<div>Aussi a-t-il expliqu\u00e9 la d\u00e9marche intellectuelle ayant guid\u00e9 la r\u00e9daction de son ouvrage et appel\u00e9 \u00e0 consid\u00e9rer la menace jihadiste comme un ph\u00e9nom\u00e8ne politique \u00e0 part enti\u00e8re, bien au-del\u00e0 du simple prisme criminel.<\/div>\n<div><\/div>\n<div>A l&rsquo;en croire, l\u2019extr\u00e9misme violent, autrefois localis\u00e9 aux zones frontali\u00e8res du Mali, de l\u2019Alg\u00e9rie et de la Mauritanie, s\u2019est aujourd\u2019hui profond\u00e9ment enracin\u00e9 au Mali et au Burkina Faso, au point de menacer d\u00e9sormais les \u00c9tats c\u00f4tiers.<\/div>\n<div><\/div>\n<div><\/div>\n<div>Cette belle c\u00e9r\u00e9monie de d\u00e9dicace a \u00e9t\u00e9 \u00e9galement ponctu\u00e9e par un panel d\u2019experts tr\u00e8s enrichissant portant sur le th\u00e8me : \u00ab \u00c9tat djihadiste en Afrique de l\u2019Ouest : mythe ou \u00e9ventualit\u00e9 ? \u00bb, r\u00e9unissant le Dr Kama Tap\u00e9 B\u00e9renger, Abdel Nasser et le Journaliste Serge Daniel.<\/div>\n<div>Les \u00e9changes ont permis de dresser un \u00e9tat des lieux des risques d\u2019enracinement durable du jihadisme dans la r\u00e9gion.<\/div>\n<div><\/div>\n<div>Chercheur reconnu et titulaire d\u2019un doctorat en science politique, sp\u00e9cialis\u00e9 en \u00e9tudes strat\u00e9giques, Dr Diarra consacre depuis plus de quinze ans ses recherches aux dynamiques terroristes en Afrique. Il est \u00e9galement auteur de \u00ab La CEDEAO face au terrorisme transnational \u00bb, publi\u00e9 en 2016.<\/div>\n<div><\/div>\n<div><\/div>\n<div><\/div>\n<div><b>S.A.\u00a0<\/b><\/div>\n","protected":false},"excerpt":{"rendered":"<p>Le Directeur de l\u2019Institut de Recherche Strat\u00e9gique de l\u2019Acad\u00e9mie Internationale de Lutte contre le Terrorisme (AILCT), Dr Lassina Diarra, a pr\u00e9sent\u00e9 le mardi 09 d\u00e9cembre 2025, \u00e0 Abidjan-Cocody, son nouvel ouvrage intitul\u00e9 \u00ab\u00a0Terrorisme ouest-africain : du pros\u00e9lytisme islamique au jihad arm\u00e9\u00a0\u00bb. C&rsquo;\u00e9tait au cours d&rsquo;une c\u00e9r\u00e9monie de d\u00e9dicace qui a r\u00e9uni un parterre de personnalit\u00e9s [&hellip;]<\/p>\n","protected":false},"author":2,"featured_media":7720,"comment_status":"closed","ping_status":"closed","sticky":false,"template":"","format":"standard","meta":{"_acf_changed":false,"footnotes":""},"categories":[3],"tags":[],"class_list":["post-7718","post","type-post","status-publish","format-standard","has-post-thumbnail","hentry","category-culture"],"acf":[],"yoast_head":"<!-- This site is optimized with the Yoast SEO plugin v27.5 - https:\/\/yoast.com\/product\/yoast-seo-wordpress\/ -->\n<title>Litt\u00e9rature : Lassina Diarra d\u00e9dicace son nouvel ouvrage intitul\u00e9 &quot;Terrorisme ouest-africain : du pros\u00e9lytisme islamique au jihad arm\u00e9&quot; - Amanien| L&#039;actualit\u00e9 Ivoirienne et Internationale<\/title>\n<meta name=\"robots\" content=\"index, follow, max-snippet:-1, max-image-preview:large, max-video-preview:-1\" \/>\n<link rel=\"canonical\" href=\"https:\/\/www.amanien.info\/news\/litterature-lassina-diarra-dedicace-son-nouvel-ouvrage-intitule-terrorisme-ouest-africain-du-proselytisme-islamique-au-jihad-arme\/\" \/>\n<meta property=\"og:locale\" content=\"fr_FR\" \/>\n<meta property=\"og:type\" content=\"article\" \/>\n<meta property=\"og:title\" content=\"Litt\u00e9rature : Lassina Diarra d\u00e9dicace son nouvel ouvrage intitul\u00e9 &quot;Terrorisme ouest-africain : du pros\u00e9lytisme islamique au jihad arm\u00e9&quot; - Amanien| L&#039;actualit\u00e9 Ivoirienne et Internationale\" \/>\n<meta property=\"og:description\" content=\"Le Directeur de l\u2019Institut de Recherche Strat\u00e9gique de l\u2019Acad\u00e9mie Internationale de Lutte contre le Terrorisme (AILCT), Dr Lassina Diarra, a pr\u00e9sent\u00e9 le mardi 09 d\u00e9cembre 2025, \u00e0 Abidjan-Cocody, son nouvel ouvrage intitul\u00e9 \u00ab\u00a0Terrorisme ouest-africain : du pros\u00e9lytisme islamique au jihad arm\u00e9\u00a0\u00bb. C&rsquo;\u00e9tait au cours d&rsquo;une c\u00e9r\u00e9monie de d\u00e9dicace qui a r\u00e9uni un parterre de personnalit\u00e9s [&hellip;]\" \/>\n<meta property=\"og:url\" content=\"https:\/\/www.amanien.info\/news\/litterature-lassina-diarra-dedicace-son-nouvel-ouvrage-intitule-terrorisme-ouest-africain-du-proselytisme-islamique-au-jihad-arme\/\" \/>\n<meta property=\"og:site_name\" content=\"Amanien| L&#039;actualit\u00e9 Ivoirienne et Internationale\" \/>\n<meta property=\"article:published_time\" content=\"2025-12-14T17:20:44+00:00\" \/>\n<meta property=\"og:image\" content=\"https:\/\/www.amanien.info\/news\/wp-content\/uploads\/2025\/12\/image_870x_693a912e22271.jpg\" \/>\n\t<meta property=\"og:image:width\" content=\"870\" \/>\n\t<meta property=\"og:image:height\" content=\"653\" \/>\n\t<meta property=\"og:image:type\" content=\"image\/jpeg\" \/>\n<meta name=\"author\" content=\"Germain Ndri\" \/>\n<meta name=\"twitter:card\" content=\"summary_large_image\" \/>\n<meta name=\"twitter:label1\" content=\"\u00c9crit par\" \/>\n\t<meta name=\"twitter:data1\" content=\"Germain Ndri\" \/>\n\t<meta name=\"twitter:label2\" content=\"Dur\u00e9e de lecture estim\u00e9e\" \/>\n\t<meta name=\"twitter:data2\" content=\"3 minutes\" \/>\n<script type=\"application\/ld+json\" class=\"yoast-schema-graph\">{\"@context\":\"https:\\\/\\\/schema.org\",\"@graph\":[{\"@type\":\"Article\",\"@id\":\"https:\\\/\\\/www.amanien.info\\\/news\\\/litterature-lassina-diarra-dedicace-son-nouvel-ouvrage-intitule-terrorisme-ouest-africain-du-proselytisme-islamique-au-jihad-arme\\\/#article\",\"isPartOf\":{\"@id\":\"https:\\\/\\\/www.amanien.info\\\/news\\\/litterature-lassina-diarra-dedicace-son-nouvel-ouvrage-intitule-terrorisme-ouest-africain-du-proselytisme-islamique-au-jihad-arme\\\/\"},\"author\":{\"name\":\"Germain Ndri\",\"@id\":\"https:\\\/\\\/www.amanien.info\\\/news\\\/#\\\/schema\\\/person\\\/b21093345753a1a98242d505bd894f42\"},\"headline\":\"Litt\u00e9rature : Lassina Diarra d\u00e9dicace son nouvel ouvrage intitul\u00e9 \u00ab\u00a0Terrorisme ouest-africain : du pros\u00e9lytisme islamique au jihad arm\u00e9\u00a0\u00bb\",\"datePublished\":\"2025-12-14T17:20:44+00:00\",\"mainEntityOfPage\":{\"@id\":\"https:\\\/\\\/www.amanien.info\\\/news\\\/litterature-lassina-diarra-dedicace-son-nouvel-ouvrage-intitule-terrorisme-ouest-africain-du-proselytisme-islamique-au-jihad-arme\\\/\"},\"wordCount\":545,\"image\":{\"@id\":\"https:\\\/\\\/www.amanien.info\\\/news\\\/litterature-lassina-diarra-dedicace-son-nouvel-ouvrage-intitule-terrorisme-ouest-africain-du-proselytisme-islamique-au-jihad-arme\\\/#primaryimage\"},\"thumbnailUrl\":\"https:\\\/\\\/www.amanien.info\\\/news\\\/wp-content\\\/uploads\\\/2025\\\/12\\\/image_870x_693a912e22271.jpg\",\"articleSection\":[\"Culture\"],\"inLanguage\":\"fr-FR\"},{\"@type\":\"WebPage\",\"@id\":\"https:\\\/\\\/www.amanien.info\\\/news\\\/litterature-lassina-diarra-dedicace-son-nouvel-ouvrage-intitule-terrorisme-ouest-africain-du-proselytisme-islamique-au-jihad-arme\\\/\",\"url\":\"https:\\\/\\\/www.amanien.info\\\/news\\\/litterature-lassina-diarra-dedicace-son-nouvel-ouvrage-intitule-terrorisme-ouest-africain-du-proselytisme-islamique-au-jihad-arme\\\/\",\"name\":\"Litt\u00e9rature : Lassina Diarra d\u00e9dicace son nouvel ouvrage intitul\u00e9 \\\"Terrorisme ouest-africain : du pros\u00e9lytisme islamique au jihad arm\u00e9\\\" - Amanien| L&#039;actualit\u00e9 Ivoirienne et Internationale\",\"isPartOf\":{\"@id\":\"https:\\\/\\\/www.amanien.info\\\/news\\\/#website\"},\"primaryImageOfPage\":{\"@id\":\"https:\\\/\\\/www.amanien.info\\\/news\\\/litterature-lassina-diarra-dedicace-son-nouvel-ouvrage-intitule-terrorisme-ouest-africain-du-proselytisme-islamique-au-jihad-arme\\\/#primaryimage\"},\"image\":{\"@id\":\"https:\\\/\\\/www.amanien.info\\\/news\\\/litterature-lassina-diarra-dedicace-son-nouvel-ouvrage-intitule-terrorisme-ouest-africain-du-proselytisme-islamique-au-jihad-arme\\\/#primaryimage\"},\"thumbnailUrl\":\"https:\\\/\\\/www.amanien.info\\\/news\\\/wp-content\\\/uploads\\\/2025\\\/12\\\/image_870x_693a912e22271.jpg\",\"datePublished\":\"2025-12-14T17:20:44+00:00\",\"author\":{\"@id\":\"https:\\\/\\\/www.amanien.info\\\/news\\\/#\\\/schema\\\/person\\\/b21093345753a1a98242d505bd894f42\"},\"breadcrumb\":{\"@id\":\"https:\\\/\\\/www.amanien.info\\\/news\\\/litterature-lassina-diarra-dedicace-son-nouvel-ouvrage-intitule-terrorisme-ouest-africain-du-proselytisme-islamique-au-jihad-arme\\\/#breadcrumb\"},\"inLanguage\":\"fr-FR\",\"potentialAction\":[{\"@type\":\"ReadAction\",\"target\":[\"https:\\\/\\\/www.amanien.info\\\/news\\\/litterature-lassina-diarra-dedicace-son-nouvel-ouvrage-intitule-terrorisme-ouest-africain-du-proselytisme-islamique-au-jihad-arme\\\/\"]}]},{\"@type\":\"ImageObject\",\"inLanguage\":\"fr-FR\",\"@id\":\"https:\\\/\\\/www.amanien.info\\\/news\\\/litterature-lassina-diarra-dedicace-son-nouvel-ouvrage-intitule-terrorisme-ouest-africain-du-proselytisme-islamique-au-jihad-arme\\\/#primaryimage\",\"url\":\"https:\\\/\\\/www.amanien.info\\\/news\\\/wp-content\\\/uploads\\\/2025\\\/12\\\/image_870x_693a912e22271.jpg\",\"contentUrl\":\"https:\\\/\\\/www.amanien.info\\\/news\\\/wp-content\\\/uploads\\\/2025\\\/12\\\/image_870x_693a912e22271.jpg\",\"width\":870,\"height\":653},{\"@type\":\"BreadcrumbList\",\"@id\":\"https:\\\/\\\/www.amanien.info\\\/news\\\/litterature-lassina-diarra-dedicace-son-nouvel-ouvrage-intitule-terrorisme-ouest-africain-du-proselytisme-islamique-au-jihad-arme\\\/#breadcrumb\",\"itemListElement\":[{\"@type\":\"ListItem\",\"position\":1,\"name\":\"Accueil\",\"item\":\"https:\\\/\\\/www.amanien.info\\\/news\\\/\"},{\"@type\":\"ListItem\",\"position\":2,\"name\":\"Litt\u00e9rature : Lassina Diarra d\u00e9dicace son nouvel ouvrage intitul\u00e9 \u00ab\u00a0Terrorisme ouest-africain : du pros\u00e9lytisme islamique au jihad arm\u00e9\u00a0\u00bb\"}]},{\"@type\":\"WebSite\",\"@id\":\"https:\\\/\\\/www.amanien.info\\\/news\\\/#website\",\"url\":\"https:\\\/\\\/www.amanien.info\\\/news\\\/\",\"name\":\"Amanien| L&#039;actualit\u00e9 Ivoirienne et Internationale\",\"description\":\"L&#039;actualit\u00e9 Ivoirienne et Internationale\",\"potentialAction\":[{\"@type\":\"SearchAction\",\"target\":{\"@type\":\"EntryPoint\",\"urlTemplate\":\"https:\\\/\\\/www.amanien.info\\\/news\\\/?s={search_term_string}\"},\"query-input\":{\"@type\":\"PropertyValueSpecification\",\"valueRequired\":true,\"valueName\":\"search_term_string\"}}],\"inLanguage\":\"fr-FR\"},{\"@type\":\"Person\",\"@id\":\"https:\\\/\\\/www.amanien.info\\\/news\\\/#\\\/schema\\\/person\\\/b21093345753a1a98242d505bd894f42\",\"name\":\"Germain Ndri\",\"url\":\"https:\\\/\\\/www.amanien.info\\\/news\\\/author\\\/amanien-infos\\\/\"}]}<\/script>\n<!-- \/ Yoast SEO plugin. -->","yoast_head_json":{"title":"Litt\u00e9rature : Lassina Diarra d\u00e9dicace son nouvel ouvrage intitul\u00e9 \"Terrorisme ouest-africain : du pros\u00e9lytisme islamique au jihad arm\u00e9\" - Amanien| L&#039;actualit\u00e9 Ivoirienne et Internationale","robots":{"index":"index","follow":"follow","max-snippet":"max-snippet:-1","max-image-preview":"max-image-preview:large","max-video-preview":"max-video-preview:-1"},"canonical":"https:\/\/www.amanien.info\/news\/litterature-lassina-diarra-dedicace-son-nouvel-ouvrage-intitule-terrorisme-ouest-africain-du-proselytisme-islamique-au-jihad-arme\/","og_locale":"fr_FR","og_type":"article","og_title":"Litt\u00e9rature : Lassina Diarra d\u00e9dicace son nouvel ouvrage intitul\u00e9 \"Terrorisme ouest-africain : du pros\u00e9lytisme islamique au jihad arm\u00e9\" - Amanien| L&#039;actualit\u00e9 Ivoirienne et Internationale","og_description":"Le Directeur de l\u2019Institut de Recherche Strat\u00e9gique de l\u2019Acad\u00e9mie Internationale de Lutte contre le Terrorisme (AILCT), Dr Lassina Diarra, a pr\u00e9sent\u00e9 le mardi 09 d\u00e9cembre 2025, \u00e0 Abidjan-Cocody, son nouvel ouvrage intitul\u00e9 \u00ab\u00a0Terrorisme ouest-africain : du pros\u00e9lytisme islamique au jihad arm\u00e9\u00a0\u00bb. C&rsquo;\u00e9tait au cours d&rsquo;une c\u00e9r\u00e9monie de d\u00e9dicace qui a r\u00e9uni un parterre de personnalit\u00e9s [&hellip;]","og_url":"https:\/\/www.amanien.info\/news\/litterature-lassina-diarra-dedicace-son-nouvel-ouvrage-intitule-terrorisme-ouest-africain-du-proselytisme-islamique-au-jihad-arme\/","og_site_name":"Amanien| L&#039;actualit\u00e9 Ivoirienne et Internationale","article_published_time":"2025-12-14T17:20:44+00:00","og_image":[{"width":870,"height":653,"url":"https:\/\/www.amanien.info\/news\/wp-content\/uploads\/2025\/12\/image_870x_693a912e22271.jpg","type":"image\/jpeg"}],"author":"Germain Ndri","twitter_card":"summary_large_image","twitter_misc":{"\u00c9crit par":"Germain Ndri","Dur\u00e9e de lecture estim\u00e9e":"3 minutes"},"schema":{"@context":"https:\/\/schema.org","@graph":[{"@type":"Article","@id":"https:\/\/www.amanien.info\/news\/litterature-lassina-diarra-dedicace-son-nouvel-ouvrage-intitule-terrorisme-ouest-africain-du-proselytisme-islamique-au-jihad-arme\/#article","isPartOf":{"@id":"https:\/\/www.amanien.info\/news\/litterature-lassina-diarra-dedicace-son-nouvel-ouvrage-intitule-terrorisme-ouest-africain-du-proselytisme-islamique-au-jihad-arme\/"},"author":{"name":"Germain Ndri","@id":"https:\/\/www.amanien.info\/news\/#\/schema\/person\/b21093345753a1a98242d505bd894f42"},"headline":"Litt\u00e9rature : Lassina Diarra d\u00e9dicace son nouvel ouvrage intitul\u00e9 \u00ab\u00a0Terrorisme ouest-africain : du pros\u00e9lytisme islamique au jihad arm\u00e9\u00a0\u00bb","datePublished":"2025-12-14T17:20:44+00:00","mainEntityOfPage":{"@id":"https:\/\/www.amanien.info\/news\/litterature-lassina-diarra-dedicace-son-nouvel-ouvrage-intitule-terrorisme-ouest-africain-du-proselytisme-islamique-au-jihad-arme\/"},"wordCount":545,"image":{"@id":"https:\/\/www.amanien.info\/news\/litterature-lassina-diarra-dedicace-son-nouvel-ouvrage-intitule-terrorisme-ouest-africain-du-proselytisme-islamique-au-jihad-arme\/#primaryimage"},"thumbnailUrl":"https:\/\/www.amanien.info\/news\/wp-content\/uploads\/2025\/12\/image_870x_693a912e22271.jpg","articleSection":["Culture"],"inLanguage":"fr-FR"},{"@type":"WebPage","@id":"https:\/\/www.amanien.info\/news\/litterature-lassina-diarra-dedicace-son-nouvel-ouvrage-intitule-terrorisme-ouest-africain-du-proselytisme-islamique-au-jihad-arme\/","url":"https:\/\/www.amanien.info\/news\/litterature-lassina-diarra-dedicace-son-nouvel-ouvrage-intitule-terrorisme-ouest-africain-du-proselytisme-islamique-au-jihad-arme\/","name":"Litt\u00e9rature : Lassina Diarra d\u00e9dicace son nouvel ouvrage intitul\u00e9 \"Terrorisme ouest-africain : du pros\u00e9lytisme islamique au jihad arm\u00e9\" - Amanien| L&#039;actualit\u00e9 Ivoirienne et Internationale","isPartOf":{"@id":"https:\/\/www.amanien.info\/news\/#website"},"primaryImageOfPage":{"@id":"https:\/\/www.amanien.info\/news\/litterature-lassina-diarra-dedicace-son-nouvel-ouvrage-intitule-terrorisme-ouest-africain-du-proselytisme-islamique-au-jihad-arme\/#primaryimage"},"image":{"@id":"https:\/\/www.amanien.info\/news\/litterature-lassina-diarra-dedicace-son-nouvel-ouvrage-intitule-terrorisme-ouest-africain-du-proselytisme-islamique-au-jihad-arme\/#primaryimage"},"thumbnailUrl":"https:\/\/www.amanien.info\/news\/wp-content\/uploads\/2025\/12\/image_870x_693a912e22271.jpg","datePublished":"2025-12-14T17:20:44+00:00","author":{"@id":"https:\/\/www.amanien.info\/news\/#\/schema\/person\/b21093345753a1a98242d505bd894f42"},"breadcrumb":{"@id":"https:\/\/www.amanien.info\/news\/litterature-lassina-diarra-dedicace-son-nouvel-ouvrage-intitule-terrorisme-ouest-africain-du-proselytisme-islamique-au-jihad-arme\/#breadcrumb"},"inLanguage":"fr-FR","potentialAction":[{"@type":"ReadAction","target":["https:\/\/www.amanien.info\/news\/litterature-lassina-diarra-dedicace-son-nouvel-ouvrage-intitule-terrorisme-ouest-africain-du-proselytisme-islamique-au-jihad-arme\/"]}]},{"@type":"ImageObject","inLanguage":"fr-FR","@id":"https:\/\/www.amanien.info\/news\/litterature-lassina-diarra-dedicace-son-nouvel-ouvrage-intitule-terrorisme-ouest-africain-du-proselytisme-islamique-au-jihad-arme\/#primaryimage","url":"https:\/\/www.amanien.info\/news\/wp-content\/uploads\/2025\/12\/image_870x_693a912e22271.jpg","contentUrl":"https:\/\/www.amanien.info\/news\/wp-content\/uploads\/2025\/12\/image_870x_693a912e22271.jpg","width":870,"height":653},{"@type":"BreadcrumbList","@id":"https:\/\/www.amanien.info\/news\/litterature-lassina-diarra-dedicace-son-nouvel-ouvrage-intitule-terrorisme-ouest-africain-du-proselytisme-islamique-au-jihad-arme\/#breadcrumb","itemListElement":[{"@type":"ListItem","position":1,"name":"Accueil","item":"https:\/\/www.amanien.info\/news\/"},{"@type":"ListItem","position":2,"name":"Litt\u00e9rature : Lassina Diarra d\u00e9dicace son nouvel ouvrage intitul\u00e9 \u00ab\u00a0Terrorisme ouest-africain : du pros\u00e9lytisme islamique au jihad arm\u00e9\u00a0\u00bb"}]},{"@type":"WebSite","@id":"https:\/\/www.amanien.info\/news\/#website","url":"https:\/\/www.amanien.info\/news\/","name":"Amanien| L&#039;actualit\u00e9 Ivoirienne et Internationale","description":"L&#039;actualit\u00e9 Ivoirienne et Internationale","potentialAction":[{"@type":"SearchAction","target":{"@type":"EntryPoint","urlTemplate":"https:\/\/www.amanien.info\/news\/?s={search_term_string}"},"query-input":{"@type":"PropertyValueSpecification","valueRequired":true,"valueName":"search_term_string"}}],"inLanguage":"fr-FR"},{"@type":"Person","@id":"https:\/\/www.amanien.info\/news\/#\/schema\/person\/b21093345753a1a98242d505bd894f42","name":"Germain Ndri","url":"https:\/\/www.amanien.info\/news\/author\/amanien-infos\/"}]}},"_links":{"self":[{"href":"https:\/\/www.amanien.info\/news\/wp-json\/wp\/v2\/posts\/7718","targetHints":{"allow":["GET"]}}],"collection":[{"href":"https:\/\/www.amanien.info\/news\/wp-json\/wp\/v2\/posts"}],"about":[{"href":"https:\/\/www.amanien.info\/news\/wp-json\/wp\/v2\/types\/post"}],"author":[{"embeddable":true,"href":"https:\/\/www.amanien.info\/news\/wp-json\/wp\/v2\/users\/2"}],"replies":[{"embeddable":true,"href":"https:\/\/www.amanien.info\/news\/wp-json\/wp\/v2\/comments?post=7718"}],"version-history":[{"count":1,"href":"https:\/\/www.amanien.info\/news\/wp-json\/wp\/v2\/posts\/7718\/revisions"}],"predecessor-version":[{"id":7721,"href":"https:\/\/www.amanien.info\/news\/wp-json\/wp\/v2\/posts\/7718\/revisions\/7721"}],"wp:featuredmedia":[{"embeddable":true,"href":"https:\/\/www.amanien.info\/news\/wp-json\/wp\/v2\/media\/7720"}],"wp:attachment":[{"href":"https:\/\/www.amanien.info\/news\/wp-json\/wp\/v2\/media?parent=7718"}],"wp:term":[{"taxonomy":"category","embeddable":true,"href":"https:\/\/www.amanien.info\/news\/wp-json\/wp\/v2\/categories?post=7718"},{"taxonomy":"post_tag","embeddable":true,"href":"https:\/\/www.amanien.info\/news\/wp-json\/wp\/v2\/tags?post=7718"}],"curies":[{"name":"wp","href":"https:\/\/api.w.org\/{rel}","templated":true}]}}