{"id":7713,"date":"2025-12-12T12:27:13","date_gmt":"2025-12-12T12:27:13","guid":{"rendered":"https:\/\/www.amanien.info\/news\/?p=7713"},"modified":"2025-12-12T12:27:13","modified_gmt":"2025-12-12T12:27:13","slug":"enseignement-technique-et-formation-professionnelle-le-vice-president-tiemoko-meyliet-kone-inaugure-le-lycee-technique-et-professionnel-debimpe","status":"publish","type":"post","link":"https:\/\/www.amanien.info\/news\/enseignement-technique-et-formation-professionnelle-le-vice-president-tiemoko-meyliet-kone-inaugure-le-lycee-technique-et-professionnel-debimpe\/","title":{"rendered":"Enseignement technique et formation professionnelle : le Vice-pr\u00e9sident Ti\u00e9moko Meyliet Kon\u00e9 inaugure le lyc\u00e9e technique et professionnel d&rsquo;Ebimp\u00e9\u00a0"},"content":{"rendered":"<div>Le Vice-Pr\u00e9sident de la R\u00e9publique, Ti\u00e9moko Meyliet Kon\u00e9, a proc\u00e9d\u00e9,\u00a0 le jeudi 11 d\u00e9cembre 2025, \u00e0 l\u2019inauguration du Lyc\u00e9e Technique et Professionnel d\u2019Ebimp\u00e9, \u00e0 Anyama.<\/div>\n<div><\/div>\n<div>C&rsquo;\u00e9tait en pr\u00e9sence de plusieurs autres personnalit\u00e9s dont le Premier Ministre Robert Beugr\u00e9 Mamb\u00e9, la Pr\u00e9sidente du S\u00e9nat, Kandia Camara, de plusieurs membres du gouvernement et de l&rsquo;ambassadeur de la Chine en C\u00f4te d&rsquo;Ivoire, Wu Jie.<\/div>\n<div><\/div>\n<div>\u00c9rig\u00e9 sur un site de 20 hectares, avec une capacit\u00e9 d\u2019accueil de 2 000 apprenants et un internat mixte de 1 600 lits, le lyc\u00e9e constitue le plus vaste du premier lot des sept lyc\u00e9es professionnels construits dans le cadre du programme de coop\u00e9ration entre la C\u00f4te d\u2019Ivoire et la R\u00e9publique populaire de Chine.<\/div>\n<div><\/div>\n<div>\u00ab\u00a0Le lyc\u00e9e technique et professionnel d&rsquo;Ebimp\u00e9 symbolise la promesse d&rsquo;une jeunesse mieux form\u00e9e plac\u00e9e au c\u0153ur du d\u00e9veloppement \u00e9conomique. En inaugurant cet \u00e9tablissement, nous apportons une pierre suppl\u00e9mentaire \u00e0 l&rsquo;\u00e9dification d&rsquo;une grande C\u00f4te d&rsquo;Ivoire ambitieuse et solidaire, comme le souhaite le Pr\u00e9sident de la R\u00e9publique\u00a0\u00bb, a d\u00e9clar\u00e9 le Vice-pr\u00e9sident Ti\u00e9moko Meyliet Kon\u00e9.<\/div>\n<div><\/div>\n<div>Aux c\u00f4t\u00e9s des autres \u00e9tablissements d\u00e9j\u00e0 ouverts ou en construction, a-t-il poursuivi, ce lyc\u00e9e constitue un maillon important d&rsquo;une politique coh\u00e9rente de d\u00e9veloppement des comp\u00e9tences con\u00e7ue pour offrir un d\u00e9ploiement strat\u00e9gique sur l&rsquo;ensemble du territoire, afin que chaque r\u00e9gion dispose d&rsquo;une offre de formation moderne et adapt\u00e9e aux besoins exprim\u00e9s.<\/div>\n<div><\/div>\n<div>Ti\u00e9moko Meyliet Kon\u00e9 a \u00e9galement indiqu\u00e9 dans la marche r\u00e9solue de notre pays vers une \u00e9conomie plus moderne, plus diversifi\u00e9e et par cons\u00e9quent plus exigeante en comp\u00e9tences, le Chef de l&rsquo;Etat a fait le choix strat\u00e9gique de placer la formation technique et professionnelle au c\u0153ur du d\u00e9veloppement du capital humain, en particulier celui de notre jeunesse.<\/div>\n<div><\/div>\n<div>\u00ab\u00a0Ce choix est d\u00e9terminant, car aucun pays au monde n&rsquo;a pu b\u00e2tir une prosp\u00e9rit\u00e9 durable sans investir massivement dans les comp\u00e9tences des jeunes. Aucun pays n&rsquo;a \u00e9t\u00e9 non plus en mesure de relever les d\u00e9fis de comp\u00e9titivit\u00e9 sans offrir \u00e0 ses techniciens, ing\u00e9nieurs, artisans, les moyens d&rsquo;\u00eatre parmi les meilleurs par la ma\u00eetrise des technologies de pointe et par l&rsquo;innovation dans les secteurs d&rsquo;activit\u00e9. Enfin, aucune \u00e9conomie \u00e9mergente n&rsquo;a r\u00e9ussi sa transformation structurelle durable, sans un tissu de PME et PMI anim\u00e9 par des acteurs bien form\u00e9s et capables d&rsquo;innover\u00a0\u00bb, a-t-il expliqu\u00e9.<\/div>\n<div><\/div>\n<div>A en croire le Vice-pr\u00e9sident de la R\u00e9publique, l&rsquo;enseignement technique et professionnel \u00ab\u00a0n&rsquo;est pas une branche marginale du syst\u00e8me \u00e9ducatif, ni une option subsidiaire \u00ab\u00a0: \u00ab\u00a0Il est le pilier strat\u00e9gique du d\u00e9veloppement national, un levier de productivit\u00e9 et un moteur essentiel pour faire \u00e9voluer l&rsquo;\u00e9conomie informelle vers un mod\u00e8le plus structur\u00e9 et plus performant \u00ab\u00a0, a-t-il indiqu\u00e9.<\/div>\n<div><\/div>\n<div><\/div>\n<div>Par sa part, le Ministre ivoirien de l&rsquo;enseignement technique, de la formation professionnelle et de l&rsquo;apprentissage, Koffi N&rsquo;Guessan a annonc\u00e9 que le Lyc\u00e9e technique et professionnel d&rsquo;Ebimp\u00e9 propose les dipl\u00f4mes de Brevet de Technicien (BT) en trois ann\u00e9es, Certificat d&rsquo;Aptitude professionnelle (CAP) en deux ann\u00e9es et Certificat de Qualification professionnelle (CQP) pour favoriser les reconversions.<\/div>\n<div><\/div>\n<div>Il offre aux apprenants plusieurs fili\u00e8res de formation. A savoir M\u00e9canique g\u00e9n\u00e9rale, \u00c9lectricit\u00e9 d&rsquo;\u00e9quipement, \u00c9lectronique, Maintenance V\u00e9hicules et Engins, Maintenance m\u00e9canique, Chaudronnerie-Soudure, Imprimerie, R\u00e9frig\u00e9ration et conditionnement de l&rsquo;air, Conducteur d&rsquo;engins de travaux publics, Transformation et contr\u00f4le qualit\u00e9 en industrie agro-alimentaire.<\/div>\n<div><\/div>\n<div><\/div>\n<div>\u00ab\u00a0Le Lyc\u00e9e Technique et Professionnel d&rsquo;Ebimp\u00e9, de par ses capacit\u00e9s et la diversit\u00e9 de ses fili\u00e8res, contribuera efficacement \u00e0 mettre \u00e0 la disposition du Secteur Productif notamment le Secteur Priv\u00e9, les comp\u00e9tences n\u00e9cessaires \u00e0 son d\u00e9veloppement\u00a0\u00bb, a fait savoir le Ministre Koffi N&rsquo;Guessan.<\/div>\n<div><\/div>\n<div>Avant de rappeler que le Lyc\u00e9e technique et professionnel, inaugur\u00e9 ce jour, repr\u00e9sente, avec les Lyc\u00e9es construits \u00e0 Yamoussoukro, Diabo, Dabakala, Kong, Korhogo et Gb\u00e9l\u00e9ban, le r\u00e9seau des sept Lyc\u00e9es AVIC (Conception, Construction, \u00c9quipement, Assistance \u00e0 l&rsquo;Exploitation et Maintenance), fruits de la coop\u00e9ration sino-ivoirienne.<\/div>\n<div><\/div>\n<div><\/div>\n<div>Aussi a-t-il soulign\u00e9 que la formation des formateurs est une composante importante du projet AVIC : \u00ab\u00a0Ainsi 182 formateurs et encadreurs p\u00e9dagogiques ivoiriens ont effectu\u00e9 des s\u00e9jours de renforcement de capacit\u00e9s en Chine durant quatre mois sur les \u00e9quipements des sp\u00e9cialit\u00e9s. De m\u00eame, 16 gestionnaires d&rsquo;\u00e9tablissements ont suivi des formations dans ce domaine durant un mois en Chine. Pour garantir la ma\u00eetrise de l&rsquo;utilisation des \u00e9quipements, les formations se sont poursuivies en C\u00f4te d&rsquo;Ivoire pour les m\u00eames formateurs afin qu&rsquo;ils puissent transmettre la passion des m\u00e9tiers aux jeunes apprenants\u00a0\u00bb, a d\u00e9clar\u00e9 le Ministre de l&rsquo;enseignement technique, de la formation professionnelle et de l&rsquo;apprentissage.<\/div>\n<div><\/div>\n<div><\/div>\n<div><\/div>\n<div>Quant \u00e0 lui, l&rsquo;ambassadeur de la Chine en C\u00f4te d&rsquo;Ivoire, Wu Jie, a assur\u00e9 que la partie chinoise s&rsquo;engage \u00e0 \u00ab\u00a0renforcer la synergie entre les strat\u00e9gies nationales de d\u00e9veloppement des deux pays, approfondir sans cesse la coop\u00e9ration pragmatique dans divers domaines, y compris la formation professionnelle, afin d&rsquo;enrichir le partenariat strat\u00e9gique sino-ivoirien dans toutes ses dimensions sur la voie de la r\u00e9alisation conjoint e de la modernisation\u00a0\u00bb, a-t-il affirm\u00e9.<\/div>\n<div><\/div>\n<div>Notons que la c\u00e9r\u00e9monie a \u00e9galement \u00e9t\u00e9 ponctu\u00e9e par la d\u00e9coration de 31 personnalit\u00e9s dans l\u2019Ordre du M\u00e9rite de l\u2019\u00c9ducation nationale. Parmi les r\u00e9cipiendaires, le Ministre d\u2019\u00c9tat Patrick Achi, plusieurs membres du gouvernement ainsi que l\u2019Ambassadeur de Chine, Wu Jie, \u00e9lev\u00e9s au grade de Commandeur.<\/div>\n<div><\/div>\n<div><\/div>\n<div><\/div>\n<div><b>S.A.\u00a0<\/b><\/div>\n","protected":false},"excerpt":{"rendered":"<p>Le Vice-Pr\u00e9sident de la R\u00e9publique, Ti\u00e9moko Meyliet Kon\u00e9, a proc\u00e9d\u00e9,\u00a0 le jeudi 11 d\u00e9cembre 2025, \u00e0 l\u2019inauguration du Lyc\u00e9e Technique et Professionnel d\u2019Ebimp\u00e9, \u00e0 Anyama. C&rsquo;\u00e9tait en pr\u00e9sence de plusieurs autres personnalit\u00e9s dont le Premier Ministre Robert Beugr\u00e9 Mamb\u00e9, la Pr\u00e9sidente du S\u00e9nat, Kandia Camara, de plusieurs membres du gouvernement et de l&rsquo;ambassadeur de la [&hellip;]<\/p>\n","protected":false},"author":2,"featured_media":7716,"comment_status":"closed","ping_status":"closed","sticky":false,"template":"","format":"standard","meta":{"_acf_changed":false,"footnotes":""},"categories":[],"tags":[13],"class_list":["post-7713","post","type-post","status-publish","format-standard","has-post-thumbnail","hentry","tag-education"],"acf":[],"yoast_head":"<!-- This site is optimized with the Yoast SEO plugin v27.5 - https:\/\/yoast.com\/product\/yoast-seo-wordpress\/ -->\n<title>Enseignement technique et formation professionnelle : le Vice-pr\u00e9sident Ti\u00e9moko Meyliet Kon\u00e9 inaugure le lyc\u00e9e technique et professionnel d&#039;Ebimp\u00e9\u00a0 - Amanien| L&#039;actualit\u00e9 Ivoirienne et Internationale<\/title>\n<meta name=\"robots\" content=\"index, follow, max-snippet:-1, max-image-preview:large, max-video-preview:-1\" \/>\n<link rel=\"canonical\" href=\"https:\/\/www.amanien.info\/news\/enseignement-technique-et-formation-professionnelle-le-vice-president-tiemoko-meyliet-kone-inaugure-le-lycee-technique-et-professionnel-debimpe\/\" \/>\n<meta property=\"og:locale\" content=\"fr_FR\" \/>\n<meta property=\"og:type\" content=\"article\" \/>\n<meta property=\"og:title\" content=\"Enseignement technique et formation professionnelle : le Vice-pr\u00e9sident Ti\u00e9moko Meyliet Kon\u00e9 inaugure le lyc\u00e9e technique et professionnel d&#039;Ebimp\u00e9\u00a0 - Amanien| L&#039;actualit\u00e9 Ivoirienne et Internationale\" \/>\n<meta property=\"og:description\" content=\"Le Vice-Pr\u00e9sident de la R\u00e9publique, Ti\u00e9moko Meyliet Kon\u00e9, a proc\u00e9d\u00e9,\u00a0 le jeudi 11 d\u00e9cembre 2025, \u00e0 l\u2019inauguration du Lyc\u00e9e Technique et Professionnel d\u2019Ebimp\u00e9, \u00e0 Anyama. C&rsquo;\u00e9tait en pr\u00e9sence de plusieurs autres personnalit\u00e9s dont le Premier Ministre Robert Beugr\u00e9 Mamb\u00e9, la Pr\u00e9sidente du S\u00e9nat, Kandia Camara, de plusieurs membres du gouvernement et de l&rsquo;ambassadeur de la [&hellip;]\" \/>\n<meta property=\"og:url\" content=\"https:\/\/www.amanien.info\/news\/enseignement-technique-et-formation-professionnelle-le-vice-president-tiemoko-meyliet-kone-inaugure-le-lycee-technique-et-professionnel-debimpe\/\" \/>\n<meta property=\"og:site_name\" content=\"Amanien| L&#039;actualit\u00e9 Ivoirienne et Internationale\" \/>\n<meta property=\"article:published_time\" content=\"2025-12-12T12:27:13+00:00\" \/>\n<meta property=\"og:image\" content=\"https:\/\/www.amanien.info\/news\/wp-content\/uploads\/2025\/12\/IMG-20251212-WA0094.jpg\" \/>\n\t<meta property=\"og:image:width\" content=\"1080\" \/>\n\t<meta property=\"og:image:height\" content=\"1080\" \/>\n\t<meta property=\"og:image:type\" content=\"image\/jpeg\" \/>\n<meta name=\"author\" content=\"Germain Ndri\" \/>\n<meta name=\"twitter:card\" content=\"summary_large_image\" \/>\n<meta name=\"twitter:label1\" content=\"\u00c9crit par\" \/>\n\t<meta name=\"twitter:data1\" content=\"Germain Ndri\" \/>\n\t<meta name=\"twitter:label2\" content=\"Dur\u00e9e de lecture estim\u00e9e\" \/>\n\t<meta name=\"twitter:data2\" content=\"5 minutes\" \/>\n<script type=\"application\/ld+json\" class=\"yoast-schema-graph\">{\"@context\":\"https:\\\/\\\/schema.org\",\"@graph\":[{\"@type\":\"Article\",\"@id\":\"https:\\\/\\\/www.amanien.info\\\/news\\\/enseignement-technique-et-formation-professionnelle-le-vice-president-tiemoko-meyliet-kone-inaugure-le-lycee-technique-et-professionnel-debimpe\\\/#article\",\"isPartOf\":{\"@id\":\"https:\\\/\\\/www.amanien.info\\\/news\\\/enseignement-technique-et-formation-professionnelle-le-vice-president-tiemoko-meyliet-kone-inaugure-le-lycee-technique-et-professionnel-debimpe\\\/\"},\"author\":{\"name\":\"Germain Ndri\",\"@id\":\"https:\\\/\\\/www.amanien.info\\\/news\\\/#\\\/schema\\\/person\\\/b21093345753a1a98242d505bd894f42\"},\"headline\":\"Enseignement technique et formation professionnelle : le Vice-pr\u00e9sident Ti\u00e9moko Meyliet Kon\u00e9 inaugure le lyc\u00e9e technique et professionnel d&rsquo;Ebimp\u00e9\u00a0\",\"datePublished\":\"2025-12-12T12:27:13+00:00\",\"mainEntityOfPage\":{\"@id\":\"https:\\\/\\\/www.amanien.info\\\/news\\\/enseignement-technique-et-formation-professionnelle-le-vice-president-tiemoko-meyliet-kone-inaugure-le-lycee-technique-et-professionnel-debimpe\\\/\"},\"wordCount\":988,\"image\":{\"@id\":\"https:\\\/\\\/www.amanien.info\\\/news\\\/enseignement-technique-et-formation-professionnelle-le-vice-president-tiemoko-meyliet-kone-inaugure-le-lycee-technique-et-professionnel-debimpe\\\/#primaryimage\"},\"thumbnailUrl\":\"https:\\\/\\\/www.amanien.info\\\/news\\\/wp-content\\\/uploads\\\/2025\\\/12\\\/IMG-20251212-WA0094.jpg\",\"keywords\":[\"Education\"],\"inLanguage\":\"fr-FR\"},{\"@type\":\"WebPage\",\"@id\":\"https:\\\/\\\/www.amanien.info\\\/news\\\/enseignement-technique-et-formation-professionnelle-le-vice-president-tiemoko-meyliet-kone-inaugure-le-lycee-technique-et-professionnel-debimpe\\\/\",\"url\":\"https:\\\/\\\/www.amanien.info\\\/news\\\/enseignement-technique-et-formation-professionnelle-le-vice-president-tiemoko-meyliet-kone-inaugure-le-lycee-technique-et-professionnel-debimpe\\\/\",\"name\":\"Enseignement technique et formation professionnelle : le Vice-pr\u00e9sident Ti\u00e9moko Meyliet Kon\u00e9 inaugure le lyc\u00e9e technique et professionnel d'Ebimp\u00e9\u00a0 - Amanien| L&#039;actualit\u00e9 Ivoirienne et Internationale\",\"isPartOf\":{\"@id\":\"https:\\\/\\\/www.amanien.info\\\/news\\\/#website\"},\"primaryImageOfPage\":{\"@id\":\"https:\\\/\\\/www.amanien.info\\\/news\\\/enseignement-technique-et-formation-professionnelle-le-vice-president-tiemoko-meyliet-kone-inaugure-le-lycee-technique-et-professionnel-debimpe\\\/#primaryimage\"},\"image\":{\"@id\":\"https:\\\/\\\/www.amanien.info\\\/news\\\/enseignement-technique-et-formation-professionnelle-le-vice-president-tiemoko-meyliet-kone-inaugure-le-lycee-technique-et-professionnel-debimpe\\\/#primaryimage\"},\"thumbnailUrl\":\"https:\\\/\\\/www.amanien.info\\\/news\\\/wp-content\\\/uploads\\\/2025\\\/12\\\/IMG-20251212-WA0094.jpg\",\"datePublished\":\"2025-12-12T12:27:13+00:00\",\"author\":{\"@id\":\"https:\\\/\\\/www.amanien.info\\\/news\\\/#\\\/schema\\\/person\\\/b21093345753a1a98242d505bd894f42\"},\"breadcrumb\":{\"@id\":\"https:\\\/\\\/www.amanien.info\\\/news\\\/enseignement-technique-et-formation-professionnelle-le-vice-president-tiemoko-meyliet-kone-inaugure-le-lycee-technique-et-professionnel-debimpe\\\/#breadcrumb\"},\"inLanguage\":\"fr-FR\",\"potentialAction\":[{\"@type\":\"ReadAction\",\"target\":[\"https:\\\/\\\/www.amanien.info\\\/news\\\/enseignement-technique-et-formation-professionnelle-le-vice-president-tiemoko-meyliet-kone-inaugure-le-lycee-technique-et-professionnel-debimpe\\\/\"]}]},{\"@type\":\"ImageObject\",\"inLanguage\":\"fr-FR\",\"@id\":\"https:\\\/\\\/www.amanien.info\\\/news\\\/enseignement-technique-et-formation-professionnelle-le-vice-president-tiemoko-meyliet-kone-inaugure-le-lycee-technique-et-professionnel-debimpe\\\/#primaryimage\",\"url\":\"https:\\\/\\\/www.amanien.info\\\/news\\\/wp-content\\\/uploads\\\/2025\\\/12\\\/IMG-20251212-WA0094.jpg\",\"contentUrl\":\"https:\\\/\\\/www.amanien.info\\\/news\\\/wp-content\\\/uploads\\\/2025\\\/12\\\/IMG-20251212-WA0094.jpg\",\"width\":1080,\"height\":1080},{\"@type\":\"BreadcrumbList\",\"@id\":\"https:\\\/\\\/www.amanien.info\\\/news\\\/enseignement-technique-et-formation-professionnelle-le-vice-president-tiemoko-meyliet-kone-inaugure-le-lycee-technique-et-professionnel-debimpe\\\/#breadcrumb\",\"itemListElement\":[{\"@type\":\"ListItem\",\"position\":1,\"name\":\"Accueil\",\"item\":\"https:\\\/\\\/www.amanien.info\\\/news\\\/\"},{\"@type\":\"ListItem\",\"position\":2,\"name\":\"Enseignement technique et formation professionnelle : le Vice-pr\u00e9sident Ti\u00e9moko Meyliet Kon\u00e9 inaugure le lyc\u00e9e technique et professionnel d&rsquo;Ebimp\u00e9\u00a0\"}]},{\"@type\":\"WebSite\",\"@id\":\"https:\\\/\\\/www.amanien.info\\\/news\\\/#website\",\"url\":\"https:\\\/\\\/www.amanien.info\\\/news\\\/\",\"name\":\"Amanien| L&#039;actualit\u00e9 Ivoirienne et Internationale\",\"description\":\"L&#039;actualit\u00e9 Ivoirienne et Internationale\",\"potentialAction\":[{\"@type\":\"SearchAction\",\"target\":{\"@type\":\"EntryPoint\",\"urlTemplate\":\"https:\\\/\\\/www.amanien.info\\\/news\\\/?s={search_term_string}\"},\"query-input\":{\"@type\":\"PropertyValueSpecification\",\"valueRequired\":true,\"valueName\":\"search_term_string\"}}],\"inLanguage\":\"fr-FR\"},{\"@type\":\"Person\",\"@id\":\"https:\\\/\\\/www.amanien.info\\\/news\\\/#\\\/schema\\\/person\\\/b21093345753a1a98242d505bd894f42\",\"name\":\"Germain Ndri\",\"url\":\"https:\\\/\\\/www.amanien.info\\\/news\\\/author\\\/amanien-infos\\\/\"}]}<\/script>\n<!-- \/ Yoast SEO plugin. -->","yoast_head_json":{"title":"Enseignement technique et formation professionnelle : le Vice-pr\u00e9sident Ti\u00e9moko Meyliet Kon\u00e9 inaugure le lyc\u00e9e technique et professionnel d'Ebimp\u00e9\u00a0 - Amanien| L&#039;actualit\u00e9 Ivoirienne et Internationale","robots":{"index":"index","follow":"follow","max-snippet":"max-snippet:-1","max-image-preview":"max-image-preview:large","max-video-preview":"max-video-preview:-1"},"canonical":"https:\/\/www.amanien.info\/news\/enseignement-technique-et-formation-professionnelle-le-vice-president-tiemoko-meyliet-kone-inaugure-le-lycee-technique-et-professionnel-debimpe\/","og_locale":"fr_FR","og_type":"article","og_title":"Enseignement technique et formation professionnelle : le Vice-pr\u00e9sident Ti\u00e9moko Meyliet Kon\u00e9 inaugure le lyc\u00e9e technique et professionnel d'Ebimp\u00e9\u00a0 - Amanien| L&#039;actualit\u00e9 Ivoirienne et Internationale","og_description":"Le Vice-Pr\u00e9sident de la R\u00e9publique, Ti\u00e9moko Meyliet Kon\u00e9, a proc\u00e9d\u00e9,\u00a0 le jeudi 11 d\u00e9cembre 2025, \u00e0 l\u2019inauguration du Lyc\u00e9e Technique et Professionnel d\u2019Ebimp\u00e9, \u00e0 Anyama. C&rsquo;\u00e9tait en pr\u00e9sence de plusieurs autres personnalit\u00e9s dont le Premier Ministre Robert Beugr\u00e9 Mamb\u00e9, la Pr\u00e9sidente du S\u00e9nat, Kandia Camara, de plusieurs membres du gouvernement et de l&rsquo;ambassadeur de la [&hellip;]","og_url":"https:\/\/www.amanien.info\/news\/enseignement-technique-et-formation-professionnelle-le-vice-president-tiemoko-meyliet-kone-inaugure-le-lycee-technique-et-professionnel-debimpe\/","og_site_name":"Amanien| L&#039;actualit\u00e9 Ivoirienne et Internationale","article_published_time":"2025-12-12T12:27:13+00:00","og_image":[{"width":1080,"height":1080,"url":"https:\/\/www.amanien.info\/news\/wp-content\/uploads\/2025\/12\/IMG-20251212-WA0094.jpg","type":"image\/jpeg"}],"author":"Germain Ndri","twitter_card":"summary_large_image","twitter_misc":{"\u00c9crit par":"Germain Ndri","Dur\u00e9e de lecture estim\u00e9e":"5 minutes"},"schema":{"@context":"https:\/\/schema.org","@graph":[{"@type":"Article","@id":"https:\/\/www.amanien.info\/news\/enseignement-technique-et-formation-professionnelle-le-vice-president-tiemoko-meyliet-kone-inaugure-le-lycee-technique-et-professionnel-debimpe\/#article","isPartOf":{"@id":"https:\/\/www.amanien.info\/news\/enseignement-technique-et-formation-professionnelle-le-vice-president-tiemoko-meyliet-kone-inaugure-le-lycee-technique-et-professionnel-debimpe\/"},"author":{"name":"Germain Ndri","@id":"https:\/\/www.amanien.info\/news\/#\/schema\/person\/b21093345753a1a98242d505bd894f42"},"headline":"Enseignement technique et formation professionnelle : le Vice-pr\u00e9sident Ti\u00e9moko Meyliet Kon\u00e9 inaugure le lyc\u00e9e technique et professionnel d&rsquo;Ebimp\u00e9\u00a0","datePublished":"2025-12-12T12:27:13+00:00","mainEntityOfPage":{"@id":"https:\/\/www.amanien.info\/news\/enseignement-technique-et-formation-professionnelle-le-vice-president-tiemoko-meyliet-kone-inaugure-le-lycee-technique-et-professionnel-debimpe\/"},"wordCount":988,"image":{"@id":"https:\/\/www.amanien.info\/news\/enseignement-technique-et-formation-professionnelle-le-vice-president-tiemoko-meyliet-kone-inaugure-le-lycee-technique-et-professionnel-debimpe\/#primaryimage"},"thumbnailUrl":"https:\/\/www.amanien.info\/news\/wp-content\/uploads\/2025\/12\/IMG-20251212-WA0094.jpg","keywords":["Education"],"inLanguage":"fr-FR"},{"@type":"WebPage","@id":"https:\/\/www.amanien.info\/news\/enseignement-technique-et-formation-professionnelle-le-vice-president-tiemoko-meyliet-kone-inaugure-le-lycee-technique-et-professionnel-debimpe\/","url":"https:\/\/www.amanien.info\/news\/enseignement-technique-et-formation-professionnelle-le-vice-president-tiemoko-meyliet-kone-inaugure-le-lycee-technique-et-professionnel-debimpe\/","name":"Enseignement technique et formation professionnelle : le Vice-pr\u00e9sident Ti\u00e9moko Meyliet Kon\u00e9 inaugure le lyc\u00e9e technique et professionnel d'Ebimp\u00e9\u00a0 - Amanien| L&#039;actualit\u00e9 Ivoirienne et Internationale","isPartOf":{"@id":"https:\/\/www.amanien.info\/news\/#website"},"primaryImageOfPage":{"@id":"https:\/\/www.amanien.info\/news\/enseignement-technique-et-formation-professionnelle-le-vice-president-tiemoko-meyliet-kone-inaugure-le-lycee-technique-et-professionnel-debimpe\/#primaryimage"},"image":{"@id":"https:\/\/www.amanien.info\/news\/enseignement-technique-et-formation-professionnelle-le-vice-president-tiemoko-meyliet-kone-inaugure-le-lycee-technique-et-professionnel-debimpe\/#primaryimage"},"thumbnailUrl":"https:\/\/www.amanien.info\/news\/wp-content\/uploads\/2025\/12\/IMG-20251212-WA0094.jpg","datePublished":"2025-12-12T12:27:13+00:00","author":{"@id":"https:\/\/www.amanien.info\/news\/#\/schema\/person\/b21093345753a1a98242d505bd894f42"},"breadcrumb":{"@id":"https:\/\/www.amanien.info\/news\/enseignement-technique-et-formation-professionnelle-le-vice-president-tiemoko-meyliet-kone-inaugure-le-lycee-technique-et-professionnel-debimpe\/#breadcrumb"},"inLanguage":"fr-FR","potentialAction":[{"@type":"ReadAction","target":["https:\/\/www.amanien.info\/news\/enseignement-technique-et-formation-professionnelle-le-vice-president-tiemoko-meyliet-kone-inaugure-le-lycee-technique-et-professionnel-debimpe\/"]}]},{"@type":"ImageObject","inLanguage":"fr-FR","@id":"https:\/\/www.amanien.info\/news\/enseignement-technique-et-formation-professionnelle-le-vice-president-tiemoko-meyliet-kone-inaugure-le-lycee-technique-et-professionnel-debimpe\/#primaryimage","url":"https:\/\/www.amanien.info\/news\/wp-content\/uploads\/2025\/12\/IMG-20251212-WA0094.jpg","contentUrl":"https:\/\/www.amanien.info\/news\/wp-content\/uploads\/2025\/12\/IMG-20251212-WA0094.jpg","width":1080,"height":1080},{"@type":"BreadcrumbList","@id":"https:\/\/www.amanien.info\/news\/enseignement-technique-et-formation-professionnelle-le-vice-president-tiemoko-meyliet-kone-inaugure-le-lycee-technique-et-professionnel-debimpe\/#breadcrumb","itemListElement":[{"@type":"ListItem","position":1,"name":"Accueil","item":"https:\/\/www.amanien.info\/news\/"},{"@type":"ListItem","position":2,"name":"Enseignement technique et formation professionnelle : le Vice-pr\u00e9sident Ti\u00e9moko Meyliet Kon\u00e9 inaugure le lyc\u00e9e technique et professionnel d&rsquo;Ebimp\u00e9\u00a0"}]},{"@type":"WebSite","@id":"https:\/\/www.amanien.info\/news\/#website","url":"https:\/\/www.amanien.info\/news\/","name":"Amanien| L&#039;actualit\u00e9 Ivoirienne et Internationale","description":"L&#039;actualit\u00e9 Ivoirienne et Internationale","potentialAction":[{"@type":"SearchAction","target":{"@type":"EntryPoint","urlTemplate":"https:\/\/www.amanien.info\/news\/?s={search_term_string}"},"query-input":{"@type":"PropertyValueSpecification","valueRequired":true,"valueName":"search_term_string"}}],"inLanguage":"fr-FR"},{"@type":"Person","@id":"https:\/\/www.amanien.info\/news\/#\/schema\/person\/b21093345753a1a98242d505bd894f42","name":"Germain Ndri","url":"https:\/\/www.amanien.info\/news\/author\/amanien-infos\/"}]}},"_links":{"self":[{"href":"https:\/\/www.amanien.info\/news\/wp-json\/wp\/v2\/posts\/7713","targetHints":{"allow":["GET"]}}],"collection":[{"href":"https:\/\/www.amanien.info\/news\/wp-json\/wp\/v2\/posts"}],"about":[{"href":"https:\/\/www.amanien.info\/news\/wp-json\/wp\/v2\/types\/post"}],"author":[{"embeddable":true,"href":"https:\/\/www.amanien.info\/news\/wp-json\/wp\/v2\/users\/2"}],"replies":[{"embeddable":true,"href":"https:\/\/www.amanien.info\/news\/wp-json\/wp\/v2\/comments?post=7713"}],"version-history":[{"count":1,"href":"https:\/\/www.amanien.info\/news\/wp-json\/wp\/v2\/posts\/7713\/revisions"}],"predecessor-version":[{"id":7717,"href":"https:\/\/www.amanien.info\/news\/wp-json\/wp\/v2\/posts\/7713\/revisions\/7717"}],"wp:featuredmedia":[{"embeddable":true,"href":"https:\/\/www.amanien.info\/news\/wp-json\/wp\/v2\/media\/7716"}],"wp:attachment":[{"href":"https:\/\/www.amanien.info\/news\/wp-json\/wp\/v2\/media?parent=7713"}],"wp:term":[{"taxonomy":"category","embeddable":true,"href":"https:\/\/www.amanien.info\/news\/wp-json\/wp\/v2\/categories?post=7713"},{"taxonomy":"post_tag","embeddable":true,"href":"https:\/\/www.amanien.info\/news\/wp-json\/wp\/v2\/tags?post=7713"}],"curies":[{"name":"wp","href":"https:\/\/api.w.org\/{rel}","templated":true}]}}