{"id":7705,"date":"2025-12-09T14:54:32","date_gmt":"2025-12-09T14:54:32","guid":{"rendered":"https:\/\/www.amanien.info\/news\/?p=7705"},"modified":"2025-12-09T14:54:32","modified_gmt":"2025-12-09T14:54:32","slug":"can-maroc-2025-fae-emerse-devoile-une-liste-de-26-elephants-dont-wilfried-zaha","status":"publish","type":"post","link":"https:\/\/www.amanien.info\/news\/can-maroc-2025-fae-emerse-devoile-une-liste-de-26-elephants-dont-wilfried-zaha\/","title":{"rendered":"CAN Maroc 2025 : Fa\u00e9 Emerse d\u00e9voile une liste de 26 \u00e9l\u00e9phants dont Wilfried Zaha"},"content":{"rendered":"<div>A 12 jours du coup d&rsquo;envoi de l&rsquo;\u00e9dition 2025 de la Coupe d&rsquo;Afrique des nations(CAN), qui se d\u00e9roulera du 21 d\u00e9cembre 2025 au 18 janvier 2026 au Maroc, le S\u00e9lectionneur de la C\u00f4te d&rsquo;Ivoire, Emerse FAE a d\u00e9voil\u00e9 la liste des \u00e9l\u00e9phants de C\u00f4te d&rsquo;Ivoire(26 joueus au total).<\/div>\n<div><\/div>\n<div>Compos\u00e9e de 03 gardiens de buts, 09 d\u00e9fenseurs, 06 milieux de terrain et 08 attaquants, cette liste enregistre quelques surprises, notamment le retour de Wilfried Zaha, attaquant ivoirien \u00e9voluant \u00e0 Charlotte FC, aux \u00c9tats-Unis d&rsquo;Am\u00e9rique. Lui qui avait manqu\u00e9 la CAN 2023, en C\u00f4te d&rsquo;Ivoire.<\/div>\n<div><\/div>\n<div>Dans cette liste, on enregistre \u00e9galement le retour du milieu de terrain, Jean-Michael S\u00e9ri, \u00e9voluant \u00e0 NK Maribor FC, en Slov\u00e9nie.<\/div>\n<div><\/div>\n<div>Il faut aussi noter la non s\u00e9lection de Nicolas P\u00e9p\u00e9, l&rsquo;attaquant de Villarreal (en Espagne) et de Simon Adingra, attaquant de Sunderland (en Angleterre).<\/div>\n<div><\/div>\n<div>Nous vous proposons l&rsquo;int\u00e9gralit\u00e9 de la liste des 26 \u00e9l\u00e9phants convoqu\u00e9s par Fa\u00e9 pour d\u00e9fendre les couleurs de la C\u00f4te d&rsquo;Ivoire, dans les semaines \u00e0 venir.<\/div>\n<div><\/div>\n<div>Fa\u00e9 Emerse a, par ailleurs, appel\u00e9 deux joueurs en r\u00e9servistes : Ivan Guessand, attaquant ivoirien \u00e9voluant \u00e0 Aston Villa (Angleterre) et Guiagon Parfait, milieu de terrain ivoirien \u00e9voluant \u00e0 Charleroi S.C. (Belgique).<\/div>\n<div><\/div>\n<div><b>Gardiens<\/b>\u00a0<b>de<\/b>\u00a0<b>but<\/b>\u00a0<b>(03):\u00a0<\/b><\/div>\n<div><\/div>\n<div>Yahia Fofana<\/div>\n<div>Alban Lafont<\/div>\n<div>Mohamed Kon\u00e9<\/div>\n<div><\/div>\n<div><\/div>\n<div><b>D\u00e9fenseurs(09) :\u00a0<\/b><\/div>\n<div><\/div>\n<div>Emmanuel Agbadou<\/div>\n<div>Willy Boly<\/div>\n<div>Ivan NDicka<\/div>\n<div>Ousmane Diomand\u00e9<\/div>\n<div>Guela Dou\u00e9<\/div>\n<div>Armel Zohouri<\/div>\n<div>Ghislain Konan<\/div>\n<div>Odilon Kossonou<\/div>\n<div>Christopher Op\u00e9ri<\/div>\n<div><\/div>\n<div><\/div>\n<div><b>Milieux(06):\u00a0<\/b><\/div>\n<div><\/div>\n<div>Seko Fofana<\/div>\n<div>Jean-Philippe Gbamin<\/div>\n<div>Franck Kessi\u00e9 (C)<\/div>\n<div>Ibrahim Sangar\u00e9<\/div>\n<div>Jean-Michael S\u00e9ri<\/div>\n<div>Inao Oula\u00ef<\/div>\n<div><\/div>\n<div><b>Attaquants(08):\u00a0<\/b><\/div>\n<div><\/div>\n<div>Vakoun Bayo<\/div>\n<div>Oumar Diakit\u00e9<\/div>\n<div>Ahmad Diallo<\/div>\n<div>Yan Diomand\u00e9<\/div>\n<div>S\u00e9bastien Haller<\/div>\n<div>Jean-Philippe Krasso<\/div>\n<div>Wilfried Zaha<\/div>\n<div>Bazoumana Tour\u00e9.<\/div>\n<div><\/div>\n<div>Pour rappel, les \u00e9l\u00e9phants de C\u00f4te d&rsquo;Ivoire entreront en lice le\u00a0<b>24 d\u00e9cembre<\/b>\u00a0prochain face au Mozambique pour d\u00e9fendre leur titre.<\/div>\n<div><\/div>\n<div><\/div>\n<div><\/div>\n<div><b>Sunday<\/b>\u00a0<b>Alain<\/b><\/div>\n","protected":false},"excerpt":{"rendered":"<p>A 12 jours du coup d&rsquo;envoi de l&rsquo;\u00e9dition 2025 de la Coupe d&rsquo;Afrique des nations(CAN), qui se d\u00e9roulera du 21 d\u00e9cembre 2025 au 18 janvier 2026 au Maroc, le S\u00e9lectionneur de la C\u00f4te d&rsquo;Ivoire, Emerse FAE a d\u00e9voil\u00e9 la liste des \u00e9l\u00e9phants de C\u00f4te d&rsquo;Ivoire(26 joueus au total). Compos\u00e9e de 03 gardiens de buts, 09 [&hellip;]<\/p>\n","protected":false},"author":2,"featured_media":7707,"comment_status":"closed","ping_status":"closed","sticky":false,"template":"","format":"standard","meta":{"_acf_changed":false,"footnotes":""},"categories":[4],"tags":[],"class_list":["post-7705","post","type-post","status-publish","format-standard","has-post-thumbnail","hentry","category-sport"],"acf":[],"yoast_head":"<!-- This site is optimized with the Yoast SEO plugin v27.5 - https:\/\/yoast.com\/product\/yoast-seo-wordpress\/ -->\n<title>CAN Maroc 2025 : Fa\u00e9 Emerse d\u00e9voile une liste de 26 \u00e9l\u00e9phants dont Wilfried Zaha - Amanien| L&#039;actualit\u00e9 Ivoirienne et Internationale<\/title>\n<meta name=\"robots\" content=\"index, follow, max-snippet:-1, max-image-preview:large, max-video-preview:-1\" \/>\n<link rel=\"canonical\" href=\"https:\/\/www.amanien.info\/news\/can-maroc-2025-fae-emerse-devoile-une-liste-de-26-elephants-dont-wilfried-zaha\/\" \/>\n<meta property=\"og:locale\" content=\"fr_FR\" \/>\n<meta property=\"og:type\" content=\"article\" \/>\n<meta property=\"og:title\" content=\"CAN Maroc 2025 : Fa\u00e9 Emerse d\u00e9voile une liste de 26 \u00e9l\u00e9phants dont Wilfried Zaha - Amanien| L&#039;actualit\u00e9 Ivoirienne et Internationale\" \/>\n<meta property=\"og:description\" content=\"A 12 jours du coup d&rsquo;envoi de l&rsquo;\u00e9dition 2025 de la Coupe d&rsquo;Afrique des nations(CAN), qui se d\u00e9roulera du 21 d\u00e9cembre 2025 au 18 janvier 2026 au Maroc, le S\u00e9lectionneur de la C\u00f4te d&rsquo;Ivoire, Emerse FAE a d\u00e9voil\u00e9 la liste des \u00e9l\u00e9phants de C\u00f4te d&rsquo;Ivoire(26 joueus au total). Compos\u00e9e de 03 gardiens de buts, 09 [&hellip;]\" \/>\n<meta property=\"og:url\" content=\"https:\/\/www.amanien.info\/news\/can-maroc-2025-fae-emerse-devoile-une-liste-de-26-elephants-dont-wilfried-zaha\/\" \/>\n<meta property=\"og:site_name\" content=\"Amanien| L&#039;actualit\u00e9 Ivoirienne et Internationale\" \/>\n<meta property=\"article:published_time\" content=\"2025-12-09T14:54:32+00:00\" \/>\n<meta property=\"og:image\" content=\"https:\/\/www.amanien.info\/news\/wp-content\/uploads\/2025\/12\/football-5e-et-6e-journees-eliminatoires-can-2025-emerse-fae-devoile-une-li_a3rtbjh98yc.jpg\" \/>\n\t<meta property=\"og:image:width\" content=\"900\" \/>\n\t<meta property=\"og:image:height\" content=\"628\" \/>\n\t<meta property=\"og:image:type\" content=\"image\/jpeg\" \/>\n<meta name=\"author\" content=\"Germain Ndri\" \/>\n<meta name=\"twitter:card\" content=\"summary_large_image\" \/>\n<meta name=\"twitter:label1\" content=\"\u00c9crit par\" \/>\n\t<meta name=\"twitter:data1\" content=\"Germain Ndri\" \/>\n\t<meta name=\"twitter:label2\" content=\"Dur\u00e9e de lecture estim\u00e9e\" \/>\n\t<meta name=\"twitter:data2\" content=\"2 minutes\" \/>\n<script type=\"application\/ld+json\" class=\"yoast-schema-graph\">{\"@context\":\"https:\\\/\\\/schema.org\",\"@graph\":[{\"@type\":\"Article\",\"@id\":\"https:\\\/\\\/www.amanien.info\\\/news\\\/can-maroc-2025-fae-emerse-devoile-une-liste-de-26-elephants-dont-wilfried-zaha\\\/#article\",\"isPartOf\":{\"@id\":\"https:\\\/\\\/www.amanien.info\\\/news\\\/can-maroc-2025-fae-emerse-devoile-une-liste-de-26-elephants-dont-wilfried-zaha\\\/\"},\"author\":{\"name\":\"Germain Ndri\",\"@id\":\"https:\\\/\\\/www.amanien.info\\\/news\\\/#\\\/schema\\\/person\\\/b21093345753a1a98242d505bd894f42\"},\"headline\":\"CAN Maroc 2025 : Fa\u00e9 Emerse d\u00e9voile une liste de 26 \u00e9l\u00e9phants dont Wilfried Zaha\",\"datePublished\":\"2025-12-09T14:54:32+00:00\",\"mainEntityOfPage\":{\"@id\":\"https:\\\/\\\/www.amanien.info\\\/news\\\/can-maroc-2025-fae-emerse-devoile-une-liste-de-26-elephants-dont-wilfried-zaha\\\/\"},\"wordCount\":315,\"image\":{\"@id\":\"https:\\\/\\\/www.amanien.info\\\/news\\\/can-maroc-2025-fae-emerse-devoile-une-liste-de-26-elephants-dont-wilfried-zaha\\\/#primaryimage\"},\"thumbnailUrl\":\"https:\\\/\\\/www.amanien.info\\\/news\\\/wp-content\\\/uploads\\\/2025\\\/12\\\/football-5e-et-6e-journees-eliminatoires-can-2025-emerse-fae-devoile-une-li_a3rtbjh98yc.jpg\",\"articleSection\":[\"Sport\"],\"inLanguage\":\"fr-FR\"},{\"@type\":\"WebPage\",\"@id\":\"https:\\\/\\\/www.amanien.info\\\/news\\\/can-maroc-2025-fae-emerse-devoile-une-liste-de-26-elephants-dont-wilfried-zaha\\\/\",\"url\":\"https:\\\/\\\/www.amanien.info\\\/news\\\/can-maroc-2025-fae-emerse-devoile-une-liste-de-26-elephants-dont-wilfried-zaha\\\/\",\"name\":\"CAN Maroc 2025 : Fa\u00e9 Emerse d\u00e9voile une liste de 26 \u00e9l\u00e9phants dont Wilfried Zaha - Amanien| L&#039;actualit\u00e9 Ivoirienne et Internationale\",\"isPartOf\":{\"@id\":\"https:\\\/\\\/www.amanien.info\\\/news\\\/#website\"},\"primaryImageOfPage\":{\"@id\":\"https:\\\/\\\/www.amanien.info\\\/news\\\/can-maroc-2025-fae-emerse-devoile-une-liste-de-26-elephants-dont-wilfried-zaha\\\/#primaryimage\"},\"image\":{\"@id\":\"https:\\\/\\\/www.amanien.info\\\/news\\\/can-maroc-2025-fae-emerse-devoile-une-liste-de-26-elephants-dont-wilfried-zaha\\\/#primaryimage\"},\"thumbnailUrl\":\"https:\\\/\\\/www.amanien.info\\\/news\\\/wp-content\\\/uploads\\\/2025\\\/12\\\/football-5e-et-6e-journees-eliminatoires-can-2025-emerse-fae-devoile-une-li_a3rtbjh98yc.jpg\",\"datePublished\":\"2025-12-09T14:54:32+00:00\",\"author\":{\"@id\":\"https:\\\/\\\/www.amanien.info\\\/news\\\/#\\\/schema\\\/person\\\/b21093345753a1a98242d505bd894f42\"},\"breadcrumb\":{\"@id\":\"https:\\\/\\\/www.amanien.info\\\/news\\\/can-maroc-2025-fae-emerse-devoile-une-liste-de-26-elephants-dont-wilfried-zaha\\\/#breadcrumb\"},\"inLanguage\":\"fr-FR\",\"potentialAction\":[{\"@type\":\"ReadAction\",\"target\":[\"https:\\\/\\\/www.amanien.info\\\/news\\\/can-maroc-2025-fae-emerse-devoile-une-liste-de-26-elephants-dont-wilfried-zaha\\\/\"]}]},{\"@type\":\"ImageObject\",\"inLanguage\":\"fr-FR\",\"@id\":\"https:\\\/\\\/www.amanien.info\\\/news\\\/can-maroc-2025-fae-emerse-devoile-une-liste-de-26-elephants-dont-wilfried-zaha\\\/#primaryimage\",\"url\":\"https:\\\/\\\/www.amanien.info\\\/news\\\/wp-content\\\/uploads\\\/2025\\\/12\\\/football-5e-et-6e-journees-eliminatoires-can-2025-emerse-fae-devoile-une-li_a3rtbjh98yc.jpg\",\"contentUrl\":\"https:\\\/\\\/www.amanien.info\\\/news\\\/wp-content\\\/uploads\\\/2025\\\/12\\\/football-5e-et-6e-journees-eliminatoires-can-2025-emerse-fae-devoile-une-li_a3rtbjh98yc.jpg\",\"width\":900,\"height\":628},{\"@type\":\"BreadcrumbList\",\"@id\":\"https:\\\/\\\/www.amanien.info\\\/news\\\/can-maroc-2025-fae-emerse-devoile-une-liste-de-26-elephants-dont-wilfried-zaha\\\/#breadcrumb\",\"itemListElement\":[{\"@type\":\"ListItem\",\"position\":1,\"name\":\"Accueil\",\"item\":\"https:\\\/\\\/www.amanien.info\\\/news\\\/\"},{\"@type\":\"ListItem\",\"position\":2,\"name\":\"CAN Maroc 2025 : Fa\u00e9 Emerse d\u00e9voile une liste de 26 \u00e9l\u00e9phants dont Wilfried Zaha\"}]},{\"@type\":\"WebSite\",\"@id\":\"https:\\\/\\\/www.amanien.info\\\/news\\\/#website\",\"url\":\"https:\\\/\\\/www.amanien.info\\\/news\\\/\",\"name\":\"Amanien| L&#039;actualit\u00e9 Ivoirienne et Internationale\",\"description\":\"L&#039;actualit\u00e9 Ivoirienne et Internationale\",\"potentialAction\":[{\"@type\":\"SearchAction\",\"target\":{\"@type\":\"EntryPoint\",\"urlTemplate\":\"https:\\\/\\\/www.amanien.info\\\/news\\\/?s={search_term_string}\"},\"query-input\":{\"@type\":\"PropertyValueSpecification\",\"valueRequired\":true,\"valueName\":\"search_term_string\"}}],\"inLanguage\":\"fr-FR\"},{\"@type\":\"Person\",\"@id\":\"https:\\\/\\\/www.amanien.info\\\/news\\\/#\\\/schema\\\/person\\\/b21093345753a1a98242d505bd894f42\",\"name\":\"Germain Ndri\",\"url\":\"https:\\\/\\\/www.amanien.info\\\/news\\\/author\\\/amanien-infos\\\/\"}]}<\/script>\n<!-- \/ Yoast SEO plugin. -->","yoast_head_json":{"title":"CAN Maroc 2025 : Fa\u00e9 Emerse d\u00e9voile une liste de 26 \u00e9l\u00e9phants dont Wilfried Zaha - Amanien| L&#039;actualit\u00e9 Ivoirienne et Internationale","robots":{"index":"index","follow":"follow","max-snippet":"max-snippet:-1","max-image-preview":"max-image-preview:large","max-video-preview":"max-video-preview:-1"},"canonical":"https:\/\/www.amanien.info\/news\/can-maroc-2025-fae-emerse-devoile-une-liste-de-26-elephants-dont-wilfried-zaha\/","og_locale":"fr_FR","og_type":"article","og_title":"CAN Maroc 2025 : Fa\u00e9 Emerse d\u00e9voile une liste de 26 \u00e9l\u00e9phants dont Wilfried Zaha - Amanien| L&#039;actualit\u00e9 Ivoirienne et Internationale","og_description":"A 12 jours du coup d&rsquo;envoi de l&rsquo;\u00e9dition 2025 de la Coupe d&rsquo;Afrique des nations(CAN), qui se d\u00e9roulera du 21 d\u00e9cembre 2025 au 18 janvier 2026 au Maroc, le S\u00e9lectionneur de la C\u00f4te d&rsquo;Ivoire, Emerse FAE a d\u00e9voil\u00e9 la liste des \u00e9l\u00e9phants de C\u00f4te d&rsquo;Ivoire(26 joueus au total). Compos\u00e9e de 03 gardiens de buts, 09 [&hellip;]","og_url":"https:\/\/www.amanien.info\/news\/can-maroc-2025-fae-emerse-devoile-une-liste-de-26-elephants-dont-wilfried-zaha\/","og_site_name":"Amanien| L&#039;actualit\u00e9 Ivoirienne et Internationale","article_published_time":"2025-12-09T14:54:32+00:00","og_image":[{"width":900,"height":628,"url":"https:\/\/www.amanien.info\/news\/wp-content\/uploads\/2025\/12\/football-5e-et-6e-journees-eliminatoires-can-2025-emerse-fae-devoile-une-li_a3rtbjh98yc.jpg","type":"image\/jpeg"}],"author":"Germain Ndri","twitter_card":"summary_large_image","twitter_misc":{"\u00c9crit par":"Germain Ndri","Dur\u00e9e de lecture estim\u00e9e":"2 minutes"},"schema":{"@context":"https:\/\/schema.org","@graph":[{"@type":"Article","@id":"https:\/\/www.amanien.info\/news\/can-maroc-2025-fae-emerse-devoile-une-liste-de-26-elephants-dont-wilfried-zaha\/#article","isPartOf":{"@id":"https:\/\/www.amanien.info\/news\/can-maroc-2025-fae-emerse-devoile-une-liste-de-26-elephants-dont-wilfried-zaha\/"},"author":{"name":"Germain Ndri","@id":"https:\/\/www.amanien.info\/news\/#\/schema\/person\/b21093345753a1a98242d505bd894f42"},"headline":"CAN Maroc 2025 : Fa\u00e9 Emerse d\u00e9voile une liste de 26 \u00e9l\u00e9phants dont Wilfried Zaha","datePublished":"2025-12-09T14:54:32+00:00","mainEntityOfPage":{"@id":"https:\/\/www.amanien.info\/news\/can-maroc-2025-fae-emerse-devoile-une-liste-de-26-elephants-dont-wilfried-zaha\/"},"wordCount":315,"image":{"@id":"https:\/\/www.amanien.info\/news\/can-maroc-2025-fae-emerse-devoile-une-liste-de-26-elephants-dont-wilfried-zaha\/#primaryimage"},"thumbnailUrl":"https:\/\/www.amanien.info\/news\/wp-content\/uploads\/2025\/12\/football-5e-et-6e-journees-eliminatoires-can-2025-emerse-fae-devoile-une-li_a3rtbjh98yc.jpg","articleSection":["Sport"],"inLanguage":"fr-FR"},{"@type":"WebPage","@id":"https:\/\/www.amanien.info\/news\/can-maroc-2025-fae-emerse-devoile-une-liste-de-26-elephants-dont-wilfried-zaha\/","url":"https:\/\/www.amanien.info\/news\/can-maroc-2025-fae-emerse-devoile-une-liste-de-26-elephants-dont-wilfried-zaha\/","name":"CAN Maroc 2025 : Fa\u00e9 Emerse d\u00e9voile une liste de 26 \u00e9l\u00e9phants dont Wilfried Zaha - Amanien| L&#039;actualit\u00e9 Ivoirienne et Internationale","isPartOf":{"@id":"https:\/\/www.amanien.info\/news\/#website"},"primaryImageOfPage":{"@id":"https:\/\/www.amanien.info\/news\/can-maroc-2025-fae-emerse-devoile-une-liste-de-26-elephants-dont-wilfried-zaha\/#primaryimage"},"image":{"@id":"https:\/\/www.amanien.info\/news\/can-maroc-2025-fae-emerse-devoile-une-liste-de-26-elephants-dont-wilfried-zaha\/#primaryimage"},"thumbnailUrl":"https:\/\/www.amanien.info\/news\/wp-content\/uploads\/2025\/12\/football-5e-et-6e-journees-eliminatoires-can-2025-emerse-fae-devoile-une-li_a3rtbjh98yc.jpg","datePublished":"2025-12-09T14:54:32+00:00","author":{"@id":"https:\/\/www.amanien.info\/news\/#\/schema\/person\/b21093345753a1a98242d505bd894f42"},"breadcrumb":{"@id":"https:\/\/www.amanien.info\/news\/can-maroc-2025-fae-emerse-devoile-une-liste-de-26-elephants-dont-wilfried-zaha\/#breadcrumb"},"inLanguage":"fr-FR","potentialAction":[{"@type":"ReadAction","target":["https:\/\/www.amanien.info\/news\/can-maroc-2025-fae-emerse-devoile-une-liste-de-26-elephants-dont-wilfried-zaha\/"]}]},{"@type":"ImageObject","inLanguage":"fr-FR","@id":"https:\/\/www.amanien.info\/news\/can-maroc-2025-fae-emerse-devoile-une-liste-de-26-elephants-dont-wilfried-zaha\/#primaryimage","url":"https:\/\/www.amanien.info\/news\/wp-content\/uploads\/2025\/12\/football-5e-et-6e-journees-eliminatoires-can-2025-emerse-fae-devoile-une-li_a3rtbjh98yc.jpg","contentUrl":"https:\/\/www.amanien.info\/news\/wp-content\/uploads\/2025\/12\/football-5e-et-6e-journees-eliminatoires-can-2025-emerse-fae-devoile-une-li_a3rtbjh98yc.jpg","width":900,"height":628},{"@type":"BreadcrumbList","@id":"https:\/\/www.amanien.info\/news\/can-maroc-2025-fae-emerse-devoile-une-liste-de-26-elephants-dont-wilfried-zaha\/#breadcrumb","itemListElement":[{"@type":"ListItem","position":1,"name":"Accueil","item":"https:\/\/www.amanien.info\/news\/"},{"@type":"ListItem","position":2,"name":"CAN Maroc 2025 : Fa\u00e9 Emerse d\u00e9voile une liste de 26 \u00e9l\u00e9phants dont Wilfried Zaha"}]},{"@type":"WebSite","@id":"https:\/\/www.amanien.info\/news\/#website","url":"https:\/\/www.amanien.info\/news\/","name":"Amanien| L&#039;actualit\u00e9 Ivoirienne et Internationale","description":"L&#039;actualit\u00e9 Ivoirienne et Internationale","potentialAction":[{"@type":"SearchAction","target":{"@type":"EntryPoint","urlTemplate":"https:\/\/www.amanien.info\/news\/?s={search_term_string}"},"query-input":{"@type":"PropertyValueSpecification","valueRequired":true,"valueName":"search_term_string"}}],"inLanguage":"fr-FR"},{"@type":"Person","@id":"https:\/\/www.amanien.info\/news\/#\/schema\/person\/b21093345753a1a98242d505bd894f42","name":"Germain Ndri","url":"https:\/\/www.amanien.info\/news\/author\/amanien-infos\/"}]}},"_links":{"self":[{"href":"https:\/\/www.amanien.info\/news\/wp-json\/wp\/v2\/posts\/7705","targetHints":{"allow":["GET"]}}],"collection":[{"href":"https:\/\/www.amanien.info\/news\/wp-json\/wp\/v2\/posts"}],"about":[{"href":"https:\/\/www.amanien.info\/news\/wp-json\/wp\/v2\/types\/post"}],"author":[{"embeddable":true,"href":"https:\/\/www.amanien.info\/news\/wp-json\/wp\/v2\/users\/2"}],"replies":[{"embeddable":true,"href":"https:\/\/www.amanien.info\/news\/wp-json\/wp\/v2\/comments?post=7705"}],"version-history":[{"count":1,"href":"https:\/\/www.amanien.info\/news\/wp-json\/wp\/v2\/posts\/7705\/revisions"}],"predecessor-version":[{"id":7708,"href":"https:\/\/www.amanien.info\/news\/wp-json\/wp\/v2\/posts\/7705\/revisions\/7708"}],"wp:featuredmedia":[{"embeddable":true,"href":"https:\/\/www.amanien.info\/news\/wp-json\/wp\/v2\/media\/7707"}],"wp:attachment":[{"href":"https:\/\/www.amanien.info\/news\/wp-json\/wp\/v2\/media?parent=7705"}],"wp:term":[{"taxonomy":"category","embeddable":true,"href":"https:\/\/www.amanien.info\/news\/wp-json\/wp\/v2\/categories?post=7705"},{"taxonomy":"post_tag","embeddable":true,"href":"https:\/\/www.amanien.info\/news\/wp-json\/wp\/v2\/tags?post=7705"}],"curies":[{"name":"wp","href":"https:\/\/api.w.org\/{rel}","templated":true}]}}