{"id":7702,"date":"2025-12-08T13:00:05","date_gmt":"2025-12-08T13:00:05","guid":{"rendered":"https:\/\/www.amanien.info\/news\/?p=7702"},"modified":"2025-12-08T13:00:05","modified_gmt":"2025-12-08T13:00:05","slug":"mondial-2026-voici-le-calendrier-complet-des-elephants-de-cote-divoire-en-phase-de-poules","status":"publish","type":"post","link":"https:\/\/www.amanien.info\/news\/mondial-2026-voici-le-calendrier-complet-des-elephants-de-cote-divoire-en-phase-de-poules\/","title":{"rendered":"Mondial 2026 : voici le calendrier complet des \u00c9l\u00e9phants de C\u00f4te d&rsquo;Ivoire en phase de poules\u00a0"},"content":{"rendered":"<div>La F\u00e9d\u00e9ration Internationale de Football Associations (FIFA) a d\u00e9voil\u00e9, le samedi 06 d\u00e9cembre 2025, le calendrier complet de la coupe du monde 2026 qui se disputera aux \u00c9tats-Unis-Mexique-Canada du 11 juin au 19 juillet prochain, une \u00e9dition \u00e0 48 \u00e9quipes reparties en 12 groupes (une premi\u00e8re depuis la premi\u00e8re \u00e9dition de la comp\u00e9tition en 1930).<\/div>\n<div><\/div>\n<div><\/div>\n<div>Log\u00e9s dans le groupe E en compagnie de l&rsquo;Allemagne, l&rsquo;\u00c9quateur et le Cura\u00e7ao, les \u00e9l\u00e9phants de C\u00f4te d&rsquo;Ivoire \u00e9volueront en Am\u00e9rique du Nord dans trois grandes villes.<\/div>\n<div><\/div>\n<div><\/div>\n<div>En effet, Emerse FAE et ses hommes feront d&rsquo;abord leur entr\u00e9e en lice le 14 juin 2026, \u00e0 Philadelphie \u00e0 19h, heure locale, face \u00e0 l&rsquo;Equateur de William Pacho du PSG (un adversaire sud-am\u00e9ricain).<\/div>\n<div><\/div>\n<div><\/div>\n<div><\/div>\n<div>Ensuite, ils affronteront la Nationale Manschaft, l&rsquo;Allemagne, le 20 juin \u00e0 16h00, \u00e0 Toronto, une ville du Canada pour leur deuxi\u00e8me match qui s&rsquo;annonce tr\u00e8s d\u00e9cisif pour la qualification en 16\u00e8s de finale.<\/div>\n<div><\/div>\n<div><\/div>\n<div>Enfin, le Champion d&rsquo;Afrique 2023(C\u00f4te d&rsquo;Ivoire) ach\u00e8vera la phase de poules avec le Cura\u00e7ao, le 25 juin \u00e0 19h00, \u00e0 Philadelphie.<\/div>\n<div><\/div>\n<div>\u00a0Pour rappel, la C\u00f4te d&rsquo;Ivoire est \u00e0 sa quatri\u00e8me participation \u00e0 la coupe du monde de football, apr\u00e8s celles de 2006(en Allemagne), 2010(en Afrique du Sud) et 2014(au Br\u00e9sil).<\/div>\n<div><\/div>\n<div><\/div>\n<div><b>Sunday<\/b>\u00a0<b>Alain<\/b><\/div>\n","protected":false},"excerpt":{"rendered":"<p>La F\u00e9d\u00e9ration Internationale de Football Associations (FIFA) a d\u00e9voil\u00e9, le samedi 06 d\u00e9cembre 2025, le calendrier complet de la coupe du monde 2026 qui se disputera aux \u00c9tats-Unis-Mexique-Canada du 11 juin au 19 juillet prochain, une \u00e9dition \u00e0 48 \u00e9quipes reparties en 12 groupes (une premi\u00e8re depuis la premi\u00e8re \u00e9dition de la comp\u00e9tition en 1930). [&hellip;]<\/p>\n","protected":false},"author":2,"featured_media":7703,"comment_status":"closed","ping_status":"closed","sticky":false,"template":"","format":"standard","meta":{"_acf_changed":false,"footnotes":""},"categories":[4],"tags":[],"class_list":["post-7702","post","type-post","status-publish","format-standard","has-post-thumbnail","hentry","category-sport"],"acf":[],"yoast_head":"<!-- This site is optimized with the Yoast SEO plugin v27.5 - https:\/\/yoast.com\/product\/yoast-seo-wordpress\/ -->\n<title>Mondial 2026 : voici le calendrier complet des \u00c9l\u00e9phants de C\u00f4te d&#039;Ivoire en phase de poules\u00a0 - Amanien| L&#039;actualit\u00e9 Ivoirienne et Internationale<\/title>\n<meta name=\"robots\" content=\"index, follow, max-snippet:-1, max-image-preview:large, max-video-preview:-1\" \/>\n<link rel=\"canonical\" href=\"https:\/\/www.amanien.info\/news\/mondial-2026-voici-le-calendrier-complet-des-elephants-de-cote-divoire-en-phase-de-poules\/\" \/>\n<meta property=\"og:locale\" content=\"fr_FR\" \/>\n<meta property=\"og:type\" content=\"article\" \/>\n<meta property=\"og:title\" content=\"Mondial 2026 : voici le calendrier complet des \u00c9l\u00e9phants de C\u00f4te d&#039;Ivoire en phase de poules\u00a0 - Amanien| L&#039;actualit\u00e9 Ivoirienne et Internationale\" \/>\n<meta property=\"og:description\" content=\"La F\u00e9d\u00e9ration Internationale de Football Associations (FIFA) a d\u00e9voil\u00e9, le samedi 06 d\u00e9cembre 2025, le calendrier complet de la coupe du monde 2026 qui se disputera aux \u00c9tats-Unis-Mexique-Canada du 11 juin au 19 juillet prochain, une \u00e9dition \u00e0 48 \u00e9quipes reparties en 12 groupes (une premi\u00e8re depuis la premi\u00e8re \u00e9dition de la comp\u00e9tition en 1930). [&hellip;]\" \/>\n<meta property=\"og:url\" content=\"https:\/\/www.amanien.info\/news\/mondial-2026-voici-le-calendrier-complet-des-elephants-de-cote-divoire-en-phase-de-poules\/\" \/>\n<meta property=\"og:site_name\" content=\"Amanien| L&#039;actualit\u00e9 Ivoirienne et Internationale\" \/>\n<meta property=\"article:published_time\" content=\"2025-12-08T13:00:05+00:00\" \/>\n<meta property=\"og:image\" content=\"https:\/\/www.amanien.info\/news\/wp-content\/uploads\/2025\/12\/cote-d-ivoire-football-92-34-des-internautes-optimistes-pour-la-victoire-de_w0j2jao61y.jpg\" \/>\n\t<meta property=\"og:image:width\" content=\"900\" \/>\n\t<meta property=\"og:image:height\" content=\"537\" \/>\n\t<meta property=\"og:image:type\" content=\"image\/jpeg\" \/>\n<meta name=\"author\" content=\"Germain Ndri\" \/>\n<meta name=\"twitter:card\" content=\"summary_large_image\" \/>\n<meta name=\"twitter:label1\" content=\"\u00c9crit par\" \/>\n\t<meta name=\"twitter:data1\" content=\"Germain Ndri\" \/>\n\t<meta name=\"twitter:label2\" content=\"Dur\u00e9e de lecture estim\u00e9e\" \/>\n\t<meta name=\"twitter:data2\" content=\"2 minutes\" \/>\n<script type=\"application\/ld+json\" class=\"yoast-schema-graph\">{\"@context\":\"https:\\\/\\\/schema.org\",\"@graph\":[{\"@type\":\"Article\",\"@id\":\"https:\\\/\\\/www.amanien.info\\\/news\\\/mondial-2026-voici-le-calendrier-complet-des-elephants-de-cote-divoire-en-phase-de-poules\\\/#article\",\"isPartOf\":{\"@id\":\"https:\\\/\\\/www.amanien.info\\\/news\\\/mondial-2026-voici-le-calendrier-complet-des-elephants-de-cote-divoire-en-phase-de-poules\\\/\"},\"author\":{\"name\":\"Germain Ndri\",\"@id\":\"https:\\\/\\\/www.amanien.info\\\/news\\\/#\\\/schema\\\/person\\\/b21093345753a1a98242d505bd894f42\"},\"headline\":\"Mondial 2026 : voici le calendrier complet des \u00c9l\u00e9phants de C\u00f4te d&rsquo;Ivoire en phase de poules\u00a0\",\"datePublished\":\"2025-12-08T13:00:05+00:00\",\"mainEntityOfPage\":{\"@id\":\"https:\\\/\\\/www.amanien.info\\\/news\\\/mondial-2026-voici-le-calendrier-complet-des-elephants-de-cote-divoire-en-phase-de-poules\\\/\"},\"wordCount\":230,\"image\":{\"@id\":\"https:\\\/\\\/www.amanien.info\\\/news\\\/mondial-2026-voici-le-calendrier-complet-des-elephants-de-cote-divoire-en-phase-de-poules\\\/#primaryimage\"},\"thumbnailUrl\":\"https:\\\/\\\/www.amanien.info\\\/news\\\/wp-content\\\/uploads\\\/2025\\\/12\\\/cote-d-ivoire-football-92-34-des-internautes-optimistes-pour-la-victoire-de_w0j2jao61y.jpg\",\"articleSection\":[\"Sport\"],\"inLanguage\":\"fr-FR\"},{\"@type\":\"WebPage\",\"@id\":\"https:\\\/\\\/www.amanien.info\\\/news\\\/mondial-2026-voici-le-calendrier-complet-des-elephants-de-cote-divoire-en-phase-de-poules\\\/\",\"url\":\"https:\\\/\\\/www.amanien.info\\\/news\\\/mondial-2026-voici-le-calendrier-complet-des-elephants-de-cote-divoire-en-phase-de-poules\\\/\",\"name\":\"Mondial 2026 : voici le calendrier complet des \u00c9l\u00e9phants de C\u00f4te d'Ivoire en phase de poules\u00a0 - Amanien| L&#039;actualit\u00e9 Ivoirienne et Internationale\",\"isPartOf\":{\"@id\":\"https:\\\/\\\/www.amanien.info\\\/news\\\/#website\"},\"primaryImageOfPage\":{\"@id\":\"https:\\\/\\\/www.amanien.info\\\/news\\\/mondial-2026-voici-le-calendrier-complet-des-elephants-de-cote-divoire-en-phase-de-poules\\\/#primaryimage\"},\"image\":{\"@id\":\"https:\\\/\\\/www.amanien.info\\\/news\\\/mondial-2026-voici-le-calendrier-complet-des-elephants-de-cote-divoire-en-phase-de-poules\\\/#primaryimage\"},\"thumbnailUrl\":\"https:\\\/\\\/www.amanien.info\\\/news\\\/wp-content\\\/uploads\\\/2025\\\/12\\\/cote-d-ivoire-football-92-34-des-internautes-optimistes-pour-la-victoire-de_w0j2jao61y.jpg\",\"datePublished\":\"2025-12-08T13:00:05+00:00\",\"author\":{\"@id\":\"https:\\\/\\\/www.amanien.info\\\/news\\\/#\\\/schema\\\/person\\\/b21093345753a1a98242d505bd894f42\"},\"breadcrumb\":{\"@id\":\"https:\\\/\\\/www.amanien.info\\\/news\\\/mondial-2026-voici-le-calendrier-complet-des-elephants-de-cote-divoire-en-phase-de-poules\\\/#breadcrumb\"},\"inLanguage\":\"fr-FR\",\"potentialAction\":[{\"@type\":\"ReadAction\",\"target\":[\"https:\\\/\\\/www.amanien.info\\\/news\\\/mondial-2026-voici-le-calendrier-complet-des-elephants-de-cote-divoire-en-phase-de-poules\\\/\"]}]},{\"@type\":\"ImageObject\",\"inLanguage\":\"fr-FR\",\"@id\":\"https:\\\/\\\/www.amanien.info\\\/news\\\/mondial-2026-voici-le-calendrier-complet-des-elephants-de-cote-divoire-en-phase-de-poules\\\/#primaryimage\",\"url\":\"https:\\\/\\\/www.amanien.info\\\/news\\\/wp-content\\\/uploads\\\/2025\\\/12\\\/cote-d-ivoire-football-92-34-des-internautes-optimistes-pour-la-victoire-de_w0j2jao61y.jpg\",\"contentUrl\":\"https:\\\/\\\/www.amanien.info\\\/news\\\/wp-content\\\/uploads\\\/2025\\\/12\\\/cote-d-ivoire-football-92-34-des-internautes-optimistes-pour-la-victoire-de_w0j2jao61y.jpg\",\"width\":900,\"height\":537},{\"@type\":\"BreadcrumbList\",\"@id\":\"https:\\\/\\\/www.amanien.info\\\/news\\\/mondial-2026-voici-le-calendrier-complet-des-elephants-de-cote-divoire-en-phase-de-poules\\\/#breadcrumb\",\"itemListElement\":[{\"@type\":\"ListItem\",\"position\":1,\"name\":\"Accueil\",\"item\":\"https:\\\/\\\/www.amanien.info\\\/news\\\/\"},{\"@type\":\"ListItem\",\"position\":2,\"name\":\"Mondial 2026 : voici le calendrier complet des \u00c9l\u00e9phants de C\u00f4te d&rsquo;Ivoire en phase de poules\u00a0\"}]},{\"@type\":\"WebSite\",\"@id\":\"https:\\\/\\\/www.amanien.info\\\/news\\\/#website\",\"url\":\"https:\\\/\\\/www.amanien.info\\\/news\\\/\",\"name\":\"Amanien| L&#039;actualit\u00e9 Ivoirienne et Internationale\",\"description\":\"L&#039;actualit\u00e9 Ivoirienne et Internationale\",\"potentialAction\":[{\"@type\":\"SearchAction\",\"target\":{\"@type\":\"EntryPoint\",\"urlTemplate\":\"https:\\\/\\\/www.amanien.info\\\/news\\\/?s={search_term_string}\"},\"query-input\":{\"@type\":\"PropertyValueSpecification\",\"valueRequired\":true,\"valueName\":\"search_term_string\"}}],\"inLanguage\":\"fr-FR\"},{\"@type\":\"Person\",\"@id\":\"https:\\\/\\\/www.amanien.info\\\/news\\\/#\\\/schema\\\/person\\\/b21093345753a1a98242d505bd894f42\",\"name\":\"Germain Ndri\",\"url\":\"https:\\\/\\\/www.amanien.info\\\/news\\\/author\\\/amanien-infos\\\/\"}]}<\/script>\n<!-- \/ Yoast SEO plugin. -->","yoast_head_json":{"title":"Mondial 2026 : voici le calendrier complet des \u00c9l\u00e9phants de C\u00f4te d'Ivoire en phase de poules\u00a0 - Amanien| L&#039;actualit\u00e9 Ivoirienne et Internationale","robots":{"index":"index","follow":"follow","max-snippet":"max-snippet:-1","max-image-preview":"max-image-preview:large","max-video-preview":"max-video-preview:-1"},"canonical":"https:\/\/www.amanien.info\/news\/mondial-2026-voici-le-calendrier-complet-des-elephants-de-cote-divoire-en-phase-de-poules\/","og_locale":"fr_FR","og_type":"article","og_title":"Mondial 2026 : voici le calendrier complet des \u00c9l\u00e9phants de C\u00f4te d'Ivoire en phase de poules\u00a0 - Amanien| L&#039;actualit\u00e9 Ivoirienne et Internationale","og_description":"La F\u00e9d\u00e9ration Internationale de Football Associations (FIFA) a d\u00e9voil\u00e9, le samedi 06 d\u00e9cembre 2025, le calendrier complet de la coupe du monde 2026 qui se disputera aux \u00c9tats-Unis-Mexique-Canada du 11 juin au 19 juillet prochain, une \u00e9dition \u00e0 48 \u00e9quipes reparties en 12 groupes (une premi\u00e8re depuis la premi\u00e8re \u00e9dition de la comp\u00e9tition en 1930). [&hellip;]","og_url":"https:\/\/www.amanien.info\/news\/mondial-2026-voici-le-calendrier-complet-des-elephants-de-cote-divoire-en-phase-de-poules\/","og_site_name":"Amanien| L&#039;actualit\u00e9 Ivoirienne et Internationale","article_published_time":"2025-12-08T13:00:05+00:00","og_image":[{"width":900,"height":537,"url":"https:\/\/www.amanien.info\/news\/wp-content\/uploads\/2025\/12\/cote-d-ivoire-football-92-34-des-internautes-optimistes-pour-la-victoire-de_w0j2jao61y.jpg","type":"image\/jpeg"}],"author":"Germain Ndri","twitter_card":"summary_large_image","twitter_misc":{"\u00c9crit par":"Germain Ndri","Dur\u00e9e de lecture estim\u00e9e":"2 minutes"},"schema":{"@context":"https:\/\/schema.org","@graph":[{"@type":"Article","@id":"https:\/\/www.amanien.info\/news\/mondial-2026-voici-le-calendrier-complet-des-elephants-de-cote-divoire-en-phase-de-poules\/#article","isPartOf":{"@id":"https:\/\/www.amanien.info\/news\/mondial-2026-voici-le-calendrier-complet-des-elephants-de-cote-divoire-en-phase-de-poules\/"},"author":{"name":"Germain Ndri","@id":"https:\/\/www.amanien.info\/news\/#\/schema\/person\/b21093345753a1a98242d505bd894f42"},"headline":"Mondial 2026 : voici le calendrier complet des \u00c9l\u00e9phants de C\u00f4te d&rsquo;Ivoire en phase de poules\u00a0","datePublished":"2025-12-08T13:00:05+00:00","mainEntityOfPage":{"@id":"https:\/\/www.amanien.info\/news\/mondial-2026-voici-le-calendrier-complet-des-elephants-de-cote-divoire-en-phase-de-poules\/"},"wordCount":230,"image":{"@id":"https:\/\/www.amanien.info\/news\/mondial-2026-voici-le-calendrier-complet-des-elephants-de-cote-divoire-en-phase-de-poules\/#primaryimage"},"thumbnailUrl":"https:\/\/www.amanien.info\/news\/wp-content\/uploads\/2025\/12\/cote-d-ivoire-football-92-34-des-internautes-optimistes-pour-la-victoire-de_w0j2jao61y.jpg","articleSection":["Sport"],"inLanguage":"fr-FR"},{"@type":"WebPage","@id":"https:\/\/www.amanien.info\/news\/mondial-2026-voici-le-calendrier-complet-des-elephants-de-cote-divoire-en-phase-de-poules\/","url":"https:\/\/www.amanien.info\/news\/mondial-2026-voici-le-calendrier-complet-des-elephants-de-cote-divoire-en-phase-de-poules\/","name":"Mondial 2026 : voici le calendrier complet des \u00c9l\u00e9phants de C\u00f4te d'Ivoire en phase de poules\u00a0 - Amanien| L&#039;actualit\u00e9 Ivoirienne et Internationale","isPartOf":{"@id":"https:\/\/www.amanien.info\/news\/#website"},"primaryImageOfPage":{"@id":"https:\/\/www.amanien.info\/news\/mondial-2026-voici-le-calendrier-complet-des-elephants-de-cote-divoire-en-phase-de-poules\/#primaryimage"},"image":{"@id":"https:\/\/www.amanien.info\/news\/mondial-2026-voici-le-calendrier-complet-des-elephants-de-cote-divoire-en-phase-de-poules\/#primaryimage"},"thumbnailUrl":"https:\/\/www.amanien.info\/news\/wp-content\/uploads\/2025\/12\/cote-d-ivoire-football-92-34-des-internautes-optimistes-pour-la-victoire-de_w0j2jao61y.jpg","datePublished":"2025-12-08T13:00:05+00:00","author":{"@id":"https:\/\/www.amanien.info\/news\/#\/schema\/person\/b21093345753a1a98242d505bd894f42"},"breadcrumb":{"@id":"https:\/\/www.amanien.info\/news\/mondial-2026-voici-le-calendrier-complet-des-elephants-de-cote-divoire-en-phase-de-poules\/#breadcrumb"},"inLanguage":"fr-FR","potentialAction":[{"@type":"ReadAction","target":["https:\/\/www.amanien.info\/news\/mondial-2026-voici-le-calendrier-complet-des-elephants-de-cote-divoire-en-phase-de-poules\/"]}]},{"@type":"ImageObject","inLanguage":"fr-FR","@id":"https:\/\/www.amanien.info\/news\/mondial-2026-voici-le-calendrier-complet-des-elephants-de-cote-divoire-en-phase-de-poules\/#primaryimage","url":"https:\/\/www.amanien.info\/news\/wp-content\/uploads\/2025\/12\/cote-d-ivoire-football-92-34-des-internautes-optimistes-pour-la-victoire-de_w0j2jao61y.jpg","contentUrl":"https:\/\/www.amanien.info\/news\/wp-content\/uploads\/2025\/12\/cote-d-ivoire-football-92-34-des-internautes-optimistes-pour-la-victoire-de_w0j2jao61y.jpg","width":900,"height":537},{"@type":"BreadcrumbList","@id":"https:\/\/www.amanien.info\/news\/mondial-2026-voici-le-calendrier-complet-des-elephants-de-cote-divoire-en-phase-de-poules\/#breadcrumb","itemListElement":[{"@type":"ListItem","position":1,"name":"Accueil","item":"https:\/\/www.amanien.info\/news\/"},{"@type":"ListItem","position":2,"name":"Mondial 2026 : voici le calendrier complet des \u00c9l\u00e9phants de C\u00f4te d&rsquo;Ivoire en phase de poules\u00a0"}]},{"@type":"WebSite","@id":"https:\/\/www.amanien.info\/news\/#website","url":"https:\/\/www.amanien.info\/news\/","name":"Amanien| L&#039;actualit\u00e9 Ivoirienne et Internationale","description":"L&#039;actualit\u00e9 Ivoirienne et Internationale","potentialAction":[{"@type":"SearchAction","target":{"@type":"EntryPoint","urlTemplate":"https:\/\/www.amanien.info\/news\/?s={search_term_string}"},"query-input":{"@type":"PropertyValueSpecification","valueRequired":true,"valueName":"search_term_string"}}],"inLanguage":"fr-FR"},{"@type":"Person","@id":"https:\/\/www.amanien.info\/news\/#\/schema\/person\/b21093345753a1a98242d505bd894f42","name":"Germain Ndri","url":"https:\/\/www.amanien.info\/news\/author\/amanien-infos\/"}]}},"_links":{"self":[{"href":"https:\/\/www.amanien.info\/news\/wp-json\/wp\/v2\/posts\/7702","targetHints":{"allow":["GET"]}}],"collection":[{"href":"https:\/\/www.amanien.info\/news\/wp-json\/wp\/v2\/posts"}],"about":[{"href":"https:\/\/www.amanien.info\/news\/wp-json\/wp\/v2\/types\/post"}],"author":[{"embeddable":true,"href":"https:\/\/www.amanien.info\/news\/wp-json\/wp\/v2\/users\/2"}],"replies":[{"embeddable":true,"href":"https:\/\/www.amanien.info\/news\/wp-json\/wp\/v2\/comments?post=7702"}],"version-history":[{"count":1,"href":"https:\/\/www.amanien.info\/news\/wp-json\/wp\/v2\/posts\/7702\/revisions"}],"predecessor-version":[{"id":7704,"href":"https:\/\/www.amanien.info\/news\/wp-json\/wp\/v2\/posts\/7702\/revisions\/7704"}],"wp:featuredmedia":[{"embeddable":true,"href":"https:\/\/www.amanien.info\/news\/wp-json\/wp\/v2\/media\/7703"}],"wp:attachment":[{"href":"https:\/\/www.amanien.info\/news\/wp-json\/wp\/v2\/media?parent=7702"}],"wp:term":[{"taxonomy":"category","embeddable":true,"href":"https:\/\/www.amanien.info\/news\/wp-json\/wp\/v2\/categories?post=7702"},{"taxonomy":"post_tag","embeddable":true,"href":"https:\/\/www.amanien.info\/news\/wp-json\/wp\/v2\/tags?post=7702"}],"curies":[{"name":"wp","href":"https:\/\/api.w.org\/{rel}","templated":true}]}}