{"id":7696,"date":"2025-12-08T11:23:21","date_gmt":"2025-12-08T11:23:21","guid":{"rendered":"https:\/\/www.amanien.info\/news\/?p=7696"},"modified":"2025-12-08T11:23:21","modified_gmt":"2025-12-08T11:23:21","slug":"le-depute-de-guiglo-emile-kohou-guirieoulou-dresse-le-bilan-de-son-mandat-parlementaire-2021-2025","status":"publish","type":"post","link":"https:\/\/www.amanien.info\/news\/le-depute-de-guiglo-emile-kohou-guirieoulou-dresse-le-bilan-de-son-mandat-parlementaire-2021-2025\/","title":{"rendered":"Le D\u00e9put\u00e9 de Guiglo, \u00c9mile Kohou Guiri\u00e9oulou  dresse le bilan de son mandat parlementaire 2021-2025"},"content":{"rendered":"<div><\/div>\n<div>Quatre (4) ans apr\u00e8s son \u00e9lection dans la circonscription de Guiglo commune en mars 2021,\u00a0 l&rsquo;honorable \u00c9mile Kohou Guiri\u00e9oulou,\u00a0 Pr\u00e9sident de la Commission de la Recherche, de la Science, de la technologie et de l&rsquo;environnement (CRSTE) de l&rsquo;assembl\u00e9e nationale ivoirienne, a fait son bilan parlementaire, le samedi 06 d\u00e9cembre 2025, \u00e0 l&rsquo;h\u00f4tel Palm Club d&rsquo;Abidjan-Cocody, au cours d&rsquo;une conf\u00e9rence qui presse qui a enregistr\u00e9 la pr\u00e9sence de plusieurs cadres de son parti, le PPA-CI, Chefs de village, etc. Un mandat parlementaire qui s&rsquo;est d\u00e9roul\u00e9, selon lui, dans un contexte politique et socio-\u00e9conomique en \u00ab\u00a0profonde mutation\u00a0\u00bb.<\/div>\n<div><\/div>\n<div><\/div>\n<div><\/div>\n<div>Face \u00e0 un parterre de journalistes, l&rsquo;honorable \u00c9mile Kohou Guiri\u00e9oulou, a pr\u00e9sent\u00e9 un bilan jug\u00e9 \u00ab\u00a0satisfaisant\u00a0\u00bb.<\/div>\n<div><\/div>\n<div>En effet, il a indiqu\u00e9 que son mandat parlementaire est structur\u00e9 autour de trois axes : un travail l\u00e9gislatif rigoureux, une diplomatie parlementaire active ax\u00e9e sur la lutte contre le changement climatique et un engagement constant aupr\u00e8s des populations de Guiglo.<\/div>\n<div><\/div>\n<div><\/div>\n<div>Au niveau du bilan l\u00e9gislatif, a-t-il dit, la Repr\u00e9sentation nationale a enregistr\u00e9 l&rsquo;examen et le vote de 168 lois, dont 23 lois en 2021, 64 en 2022, 31 en 2023, 25 en 2024 et 25 en 2025.<\/div>\n<div><\/div>\n<div>A l&rsquo;en croire, le groupe parlementaire auquel il appartient, en l&rsquo;occurrence le PPA-CI, a vot\u00e9 \u00ab\u00a0pour\u00a0\u00bb 150 projets de lois, \u00ab\u00a0contre\u00a0\u00bb 16 projets de lois et 2 projets de lois (d&rsquo;abstention).<\/div>\n<div><\/div>\n<div>Sous ma pr\u00e9sidence, a-t-il poursuivi, la CNSTE a examin\u00e9 et adopt\u00e9 15 projets de lois de 2022 \u00e0 2025.<\/div>\n<div><\/div>\n<div>Au niveau de la diplomatie parlementaire, l&rsquo;honorable \u00c9mile Guiri\u00e9oulou a pris part \u00e0 15 r\u00e9unions internationales en tant que repr\u00e9sentant du parlement ivoirien.<\/div>\n<div><\/div>\n<div><\/div>\n<div>Sur le plan local, le Pr\u00e9sident de la CNSTE a men\u00e9 plusieurs actions aupr\u00e8s des des populations de sa circonscription, notamment l&rsquo;organisation des tourn\u00e9es de sensibilisation et de\u00a0 restitution des travaux parlementaires, la prise d&rsquo;initiatives visant \u00e0 organiser les populations autour des objectifs, l&rsquo;intensification des activit\u00e9s territoriales, l&rsquo;institution des \u00e9tats g\u00e9n\u00e9raux.<\/div>\n<div><\/div>\n<div><\/div>\n<div>Dans son bilan, le D\u00e9put\u00e9 de Guiglo commune a, par ailleurs, fait une analyse critique du fonctionnement du parlement ivoirien : un bicam\u00e9ralisme sans r\u00e9elle valeur ajout\u00e9e significative, un parlement sans r\u00e9elle capacit\u00e9 de contr\u00f4le de l&rsquo;action gouvernementale, un recours excessif aux ordonnances, un pluralisme affaibli par l&rsquo;esprit partisan, des conditions mat\u00e9rielles pr\u00e9caires et une d\u00e9pendance administrative structurelle, l&rsquo;absent\u00e9isme de certains d\u00e9put\u00e9s lors des travaux parlementaires, un d\u00e9ficit de communication sur les travaux parlementaires, a-t-il relev\u00e9, soulignant \u00e9galement \u00ab\u00a0une moisson maigre\u00a0\u00bb du bilan du contr\u00f4le de l&rsquo;action gouvernementale pour des raisons budg\u00e9taires et politiques.<\/div>\n<div><\/div>\n<div>S&rsquo;agissant des l\u00e9gislatives 2025, le Pr\u00e9sident de la CNSTE dit ne \u00ab\u00a0plus se repr\u00e9senter dans sa circonscription\u00a0\u00bb. Une d\u00e9cision qui, selon lui, \u00ab\u00a0n&rsquo;est pas li\u00e9e \u00a0\u00bb \u00e0 la Direction de son parti de ne pas prendre part aux \u00e9lections l\u00e9gislatives du 27 d\u00e9cembre prochain.<\/div>\n<div><\/div>\n<div>\u00ab\u00a0Je ne veux pas briguer un autre mandat parlementaire. Je pars mais je reste aupr\u00e8s des populations (de Guiglo) pour relever des d\u00e9fis dans d&rsquo;autres domaines\u00a0\u00bb , a-t-il d\u00e9clar\u00e9.<\/div>\n<div>Il entend poursuivre, avec constance, les \u00e9changes et travaux relatifs au foncier rural, un dossier qu&rsquo;il consid\u00e8re comme \u00ab\u00a0prioritaire\u00a0\u00bb et \u00ab\u00a0vital\u00a0\u00bb pour la survie, la stabilit\u00e9 ainsi que le d\u00e9veloppement des communaut\u00e9s locales.<\/div>\n<div><\/div>\n<div><\/div>\n<div>Pour rappel, \u00c9mile Kohou Guiri\u00e9oulou a \u00e9t\u00e9 \u00e9galement d\u00e9put\u00e9 la nation de\u00a0 2001 \u00e0 2010, sous le Pr\u00e9sident Laurent Gbagbo.<\/div>\n<div><\/div>\n<div><\/div>\n<div><\/div>\n<div><b>Sunday<\/b>\u00a0<b>Alain<\/b><\/div>\n","protected":false},"excerpt":{"rendered":"<p>Quatre (4) ans apr\u00e8s son \u00e9lection dans la circonscription de Guiglo commune en mars 2021,\u00a0 l&rsquo;honorable \u00c9mile Kohou Guiri\u00e9oulou,\u00a0 Pr\u00e9sident de la Commission de la Recherche, de la Science, de la technologie et de l&rsquo;environnement (CRSTE) de l&rsquo;assembl\u00e9e nationale ivoirienne, a fait son bilan parlementaire, le samedi 06 d\u00e9cembre 2025, \u00e0 l&rsquo;h\u00f4tel Palm Club d&rsquo;Abidjan-Cocody, [&hellip;]<\/p>\n","protected":false},"author":2,"featured_media":7698,"comment_status":"closed","ping_status":"closed","sticky":false,"template":"","format":"standard","meta":{"_acf_changed":false,"footnotes":""},"categories":[],"tags":[16],"class_list":["post-7696","post","type-post","status-publish","format-standard","has-post-thumbnail","hentry","tag-politique"],"acf":[],"yoast_head":"<!-- This site is optimized with the Yoast SEO plugin v27.5 - https:\/\/yoast.com\/product\/yoast-seo-wordpress\/ -->\n<title>Le D\u00e9put\u00e9 de Guiglo, \u00c9mile Kohou Guiri\u00e9oulou dresse le bilan de son mandat parlementaire 2021-2025 - Amanien| L&#039;actualit\u00e9 Ivoirienne et Internationale<\/title>\n<meta name=\"robots\" content=\"index, follow, max-snippet:-1, max-image-preview:large, max-video-preview:-1\" \/>\n<link rel=\"canonical\" href=\"https:\/\/www.amanien.info\/news\/le-depute-de-guiglo-emile-kohou-guirieoulou-dresse-le-bilan-de-son-mandat-parlementaire-2021-2025\/\" \/>\n<meta property=\"og:locale\" content=\"fr_FR\" \/>\n<meta property=\"og:type\" content=\"article\" \/>\n<meta property=\"og:title\" content=\"Le D\u00e9put\u00e9 de Guiglo, \u00c9mile Kohou Guiri\u00e9oulou dresse le bilan de son mandat parlementaire 2021-2025 - Amanien| L&#039;actualit\u00e9 Ivoirienne et Internationale\" \/>\n<meta property=\"og:description\" content=\"Quatre (4) ans apr\u00e8s son \u00e9lection dans la circonscription de Guiglo commune en mars 2021,\u00a0 l&rsquo;honorable \u00c9mile Kohou Guiri\u00e9oulou,\u00a0 Pr\u00e9sident de la Commission de la Recherche, de la Science, de la technologie et de l&rsquo;environnement (CRSTE) de l&rsquo;assembl\u00e9e nationale ivoirienne, a fait son bilan parlementaire, le samedi 06 d\u00e9cembre 2025, \u00e0 l&rsquo;h\u00f4tel Palm Club d&rsquo;Abidjan-Cocody, [&hellip;]\" \/>\n<meta property=\"og:url\" content=\"https:\/\/www.amanien.info\/news\/le-depute-de-guiglo-emile-kohou-guirieoulou-dresse-le-bilan-de-son-mandat-parlementaire-2021-2025\/\" \/>\n<meta property=\"og:site_name\" content=\"Amanien| L&#039;actualit\u00e9 Ivoirienne et Internationale\" \/>\n<meta property=\"article:published_time\" content=\"2025-12-08T11:23:21+00:00\" \/>\n<meta property=\"og:image\" content=\"https:\/\/www.amanien.info\/news\/wp-content\/uploads\/2025\/12\/IMG_20251206_133657_267-scaled.jpg\" \/>\n\t<meta property=\"og:image:width\" content=\"2560\" \/>\n\t<meta property=\"og:image:height\" content=\"1920\" \/>\n\t<meta property=\"og:image:type\" content=\"image\/jpeg\" \/>\n<meta name=\"author\" content=\"Germain Ndri\" \/>\n<meta name=\"twitter:card\" content=\"summary_large_image\" \/>\n<meta name=\"twitter:label1\" content=\"\u00c9crit par\" \/>\n\t<meta name=\"twitter:data1\" content=\"Germain Ndri\" \/>\n\t<meta name=\"twitter:label2\" content=\"Dur\u00e9e de lecture estim\u00e9e\" \/>\n\t<meta name=\"twitter:data2\" content=\"3 minutes\" \/>\n<script type=\"application\/ld+json\" class=\"yoast-schema-graph\">{\"@context\":\"https:\\\/\\\/schema.org\",\"@graph\":[{\"@type\":\"Article\",\"@id\":\"https:\\\/\\\/www.amanien.info\\\/news\\\/le-depute-de-guiglo-emile-kohou-guirieoulou-dresse-le-bilan-de-son-mandat-parlementaire-2021-2025\\\/#article\",\"isPartOf\":{\"@id\":\"https:\\\/\\\/www.amanien.info\\\/news\\\/le-depute-de-guiglo-emile-kohou-guirieoulou-dresse-le-bilan-de-son-mandat-parlementaire-2021-2025\\\/\"},\"author\":{\"name\":\"Germain Ndri\",\"@id\":\"https:\\\/\\\/www.amanien.info\\\/news\\\/#\\\/schema\\\/person\\\/b21093345753a1a98242d505bd894f42\"},\"headline\":\"Le D\u00e9put\u00e9 de Guiglo, \u00c9mile Kohou Guiri\u00e9oulou dresse le bilan de son mandat parlementaire 2021-2025\",\"datePublished\":\"2025-12-08T11:23:21+00:00\",\"mainEntityOfPage\":{\"@id\":\"https:\\\/\\\/www.amanien.info\\\/news\\\/le-depute-de-guiglo-emile-kohou-guirieoulou-dresse-le-bilan-de-son-mandat-parlementaire-2021-2025\\\/\"},\"wordCount\":598,\"image\":{\"@id\":\"https:\\\/\\\/www.amanien.info\\\/news\\\/le-depute-de-guiglo-emile-kohou-guirieoulou-dresse-le-bilan-de-son-mandat-parlementaire-2021-2025\\\/#primaryimage\"},\"thumbnailUrl\":\"https:\\\/\\\/www.amanien.info\\\/news\\\/wp-content\\\/uploads\\\/2025\\\/12\\\/IMG_20251206_133657_267-scaled.jpg\",\"keywords\":[\"Politique\"],\"inLanguage\":\"fr-FR\"},{\"@type\":\"WebPage\",\"@id\":\"https:\\\/\\\/www.amanien.info\\\/news\\\/le-depute-de-guiglo-emile-kohou-guirieoulou-dresse-le-bilan-de-son-mandat-parlementaire-2021-2025\\\/\",\"url\":\"https:\\\/\\\/www.amanien.info\\\/news\\\/le-depute-de-guiglo-emile-kohou-guirieoulou-dresse-le-bilan-de-son-mandat-parlementaire-2021-2025\\\/\",\"name\":\"Le D\u00e9put\u00e9 de Guiglo, \u00c9mile Kohou Guiri\u00e9oulou dresse le bilan de son mandat parlementaire 2021-2025 - Amanien| L&#039;actualit\u00e9 Ivoirienne et Internationale\",\"isPartOf\":{\"@id\":\"https:\\\/\\\/www.amanien.info\\\/news\\\/#website\"},\"primaryImageOfPage\":{\"@id\":\"https:\\\/\\\/www.amanien.info\\\/news\\\/le-depute-de-guiglo-emile-kohou-guirieoulou-dresse-le-bilan-de-son-mandat-parlementaire-2021-2025\\\/#primaryimage\"},\"image\":{\"@id\":\"https:\\\/\\\/www.amanien.info\\\/news\\\/le-depute-de-guiglo-emile-kohou-guirieoulou-dresse-le-bilan-de-son-mandat-parlementaire-2021-2025\\\/#primaryimage\"},\"thumbnailUrl\":\"https:\\\/\\\/www.amanien.info\\\/news\\\/wp-content\\\/uploads\\\/2025\\\/12\\\/IMG_20251206_133657_267-scaled.jpg\",\"datePublished\":\"2025-12-08T11:23:21+00:00\",\"author\":{\"@id\":\"https:\\\/\\\/www.amanien.info\\\/news\\\/#\\\/schema\\\/person\\\/b21093345753a1a98242d505bd894f42\"},\"breadcrumb\":{\"@id\":\"https:\\\/\\\/www.amanien.info\\\/news\\\/le-depute-de-guiglo-emile-kohou-guirieoulou-dresse-le-bilan-de-son-mandat-parlementaire-2021-2025\\\/#breadcrumb\"},\"inLanguage\":\"fr-FR\",\"potentialAction\":[{\"@type\":\"ReadAction\",\"target\":[\"https:\\\/\\\/www.amanien.info\\\/news\\\/le-depute-de-guiglo-emile-kohou-guirieoulou-dresse-le-bilan-de-son-mandat-parlementaire-2021-2025\\\/\"]}]},{\"@type\":\"ImageObject\",\"inLanguage\":\"fr-FR\",\"@id\":\"https:\\\/\\\/www.amanien.info\\\/news\\\/le-depute-de-guiglo-emile-kohou-guirieoulou-dresse-le-bilan-de-son-mandat-parlementaire-2021-2025\\\/#primaryimage\",\"url\":\"https:\\\/\\\/www.amanien.info\\\/news\\\/wp-content\\\/uploads\\\/2025\\\/12\\\/IMG_20251206_133657_267-scaled.jpg\",\"contentUrl\":\"https:\\\/\\\/www.amanien.info\\\/news\\\/wp-content\\\/uploads\\\/2025\\\/12\\\/IMG_20251206_133657_267-scaled.jpg\",\"width\":2560,\"height\":1920},{\"@type\":\"BreadcrumbList\",\"@id\":\"https:\\\/\\\/www.amanien.info\\\/news\\\/le-depute-de-guiglo-emile-kohou-guirieoulou-dresse-le-bilan-de-son-mandat-parlementaire-2021-2025\\\/#breadcrumb\",\"itemListElement\":[{\"@type\":\"ListItem\",\"position\":1,\"name\":\"Accueil\",\"item\":\"https:\\\/\\\/www.amanien.info\\\/news\\\/\"},{\"@type\":\"ListItem\",\"position\":2,\"name\":\"Le D\u00e9put\u00e9 de Guiglo, \u00c9mile Kohou Guiri\u00e9oulou dresse le bilan de son mandat parlementaire 2021-2025\"}]},{\"@type\":\"WebSite\",\"@id\":\"https:\\\/\\\/www.amanien.info\\\/news\\\/#website\",\"url\":\"https:\\\/\\\/www.amanien.info\\\/news\\\/\",\"name\":\"Amanien| L&#039;actualit\u00e9 Ivoirienne et Internationale\",\"description\":\"L&#039;actualit\u00e9 Ivoirienne et Internationale\",\"potentialAction\":[{\"@type\":\"SearchAction\",\"target\":{\"@type\":\"EntryPoint\",\"urlTemplate\":\"https:\\\/\\\/www.amanien.info\\\/news\\\/?s={search_term_string}\"},\"query-input\":{\"@type\":\"PropertyValueSpecification\",\"valueRequired\":true,\"valueName\":\"search_term_string\"}}],\"inLanguage\":\"fr-FR\"},{\"@type\":\"Person\",\"@id\":\"https:\\\/\\\/www.amanien.info\\\/news\\\/#\\\/schema\\\/person\\\/b21093345753a1a98242d505bd894f42\",\"name\":\"Germain Ndri\",\"url\":\"https:\\\/\\\/www.amanien.info\\\/news\\\/author\\\/amanien-infos\\\/\"}]}<\/script>\n<!-- \/ Yoast SEO plugin. -->","yoast_head_json":{"title":"Le D\u00e9put\u00e9 de Guiglo, \u00c9mile Kohou Guiri\u00e9oulou dresse le bilan de son mandat parlementaire 2021-2025 - Amanien| L&#039;actualit\u00e9 Ivoirienne et Internationale","robots":{"index":"index","follow":"follow","max-snippet":"max-snippet:-1","max-image-preview":"max-image-preview:large","max-video-preview":"max-video-preview:-1"},"canonical":"https:\/\/www.amanien.info\/news\/le-depute-de-guiglo-emile-kohou-guirieoulou-dresse-le-bilan-de-son-mandat-parlementaire-2021-2025\/","og_locale":"fr_FR","og_type":"article","og_title":"Le D\u00e9put\u00e9 de Guiglo, \u00c9mile Kohou Guiri\u00e9oulou dresse le bilan de son mandat parlementaire 2021-2025 - Amanien| L&#039;actualit\u00e9 Ivoirienne et Internationale","og_description":"Quatre (4) ans apr\u00e8s son \u00e9lection dans la circonscription de Guiglo commune en mars 2021,\u00a0 l&rsquo;honorable \u00c9mile Kohou Guiri\u00e9oulou,\u00a0 Pr\u00e9sident de la Commission de la Recherche, de la Science, de la technologie et de l&rsquo;environnement (CRSTE) de l&rsquo;assembl\u00e9e nationale ivoirienne, a fait son bilan parlementaire, le samedi 06 d\u00e9cembre 2025, \u00e0 l&rsquo;h\u00f4tel Palm Club d&rsquo;Abidjan-Cocody, [&hellip;]","og_url":"https:\/\/www.amanien.info\/news\/le-depute-de-guiglo-emile-kohou-guirieoulou-dresse-le-bilan-de-son-mandat-parlementaire-2021-2025\/","og_site_name":"Amanien| L&#039;actualit\u00e9 Ivoirienne et Internationale","article_published_time":"2025-12-08T11:23:21+00:00","og_image":[{"width":2560,"height":1920,"url":"https:\/\/www.amanien.info\/news\/wp-content\/uploads\/2025\/12\/IMG_20251206_133657_267-scaled.jpg","type":"image\/jpeg"}],"author":"Germain Ndri","twitter_card":"summary_large_image","twitter_misc":{"\u00c9crit par":"Germain Ndri","Dur\u00e9e de lecture estim\u00e9e":"3 minutes"},"schema":{"@context":"https:\/\/schema.org","@graph":[{"@type":"Article","@id":"https:\/\/www.amanien.info\/news\/le-depute-de-guiglo-emile-kohou-guirieoulou-dresse-le-bilan-de-son-mandat-parlementaire-2021-2025\/#article","isPartOf":{"@id":"https:\/\/www.amanien.info\/news\/le-depute-de-guiglo-emile-kohou-guirieoulou-dresse-le-bilan-de-son-mandat-parlementaire-2021-2025\/"},"author":{"name":"Germain Ndri","@id":"https:\/\/www.amanien.info\/news\/#\/schema\/person\/b21093345753a1a98242d505bd894f42"},"headline":"Le D\u00e9put\u00e9 de Guiglo, \u00c9mile Kohou Guiri\u00e9oulou dresse le bilan de son mandat parlementaire 2021-2025","datePublished":"2025-12-08T11:23:21+00:00","mainEntityOfPage":{"@id":"https:\/\/www.amanien.info\/news\/le-depute-de-guiglo-emile-kohou-guirieoulou-dresse-le-bilan-de-son-mandat-parlementaire-2021-2025\/"},"wordCount":598,"image":{"@id":"https:\/\/www.amanien.info\/news\/le-depute-de-guiglo-emile-kohou-guirieoulou-dresse-le-bilan-de-son-mandat-parlementaire-2021-2025\/#primaryimage"},"thumbnailUrl":"https:\/\/www.amanien.info\/news\/wp-content\/uploads\/2025\/12\/IMG_20251206_133657_267-scaled.jpg","keywords":["Politique"],"inLanguage":"fr-FR"},{"@type":"WebPage","@id":"https:\/\/www.amanien.info\/news\/le-depute-de-guiglo-emile-kohou-guirieoulou-dresse-le-bilan-de-son-mandat-parlementaire-2021-2025\/","url":"https:\/\/www.amanien.info\/news\/le-depute-de-guiglo-emile-kohou-guirieoulou-dresse-le-bilan-de-son-mandat-parlementaire-2021-2025\/","name":"Le D\u00e9put\u00e9 de Guiglo, \u00c9mile Kohou Guiri\u00e9oulou dresse le bilan de son mandat parlementaire 2021-2025 - Amanien| L&#039;actualit\u00e9 Ivoirienne et Internationale","isPartOf":{"@id":"https:\/\/www.amanien.info\/news\/#website"},"primaryImageOfPage":{"@id":"https:\/\/www.amanien.info\/news\/le-depute-de-guiglo-emile-kohou-guirieoulou-dresse-le-bilan-de-son-mandat-parlementaire-2021-2025\/#primaryimage"},"image":{"@id":"https:\/\/www.amanien.info\/news\/le-depute-de-guiglo-emile-kohou-guirieoulou-dresse-le-bilan-de-son-mandat-parlementaire-2021-2025\/#primaryimage"},"thumbnailUrl":"https:\/\/www.amanien.info\/news\/wp-content\/uploads\/2025\/12\/IMG_20251206_133657_267-scaled.jpg","datePublished":"2025-12-08T11:23:21+00:00","author":{"@id":"https:\/\/www.amanien.info\/news\/#\/schema\/person\/b21093345753a1a98242d505bd894f42"},"breadcrumb":{"@id":"https:\/\/www.amanien.info\/news\/le-depute-de-guiglo-emile-kohou-guirieoulou-dresse-le-bilan-de-son-mandat-parlementaire-2021-2025\/#breadcrumb"},"inLanguage":"fr-FR","potentialAction":[{"@type":"ReadAction","target":["https:\/\/www.amanien.info\/news\/le-depute-de-guiglo-emile-kohou-guirieoulou-dresse-le-bilan-de-son-mandat-parlementaire-2021-2025\/"]}]},{"@type":"ImageObject","inLanguage":"fr-FR","@id":"https:\/\/www.amanien.info\/news\/le-depute-de-guiglo-emile-kohou-guirieoulou-dresse-le-bilan-de-son-mandat-parlementaire-2021-2025\/#primaryimage","url":"https:\/\/www.amanien.info\/news\/wp-content\/uploads\/2025\/12\/IMG_20251206_133657_267-scaled.jpg","contentUrl":"https:\/\/www.amanien.info\/news\/wp-content\/uploads\/2025\/12\/IMG_20251206_133657_267-scaled.jpg","width":2560,"height":1920},{"@type":"BreadcrumbList","@id":"https:\/\/www.amanien.info\/news\/le-depute-de-guiglo-emile-kohou-guirieoulou-dresse-le-bilan-de-son-mandat-parlementaire-2021-2025\/#breadcrumb","itemListElement":[{"@type":"ListItem","position":1,"name":"Accueil","item":"https:\/\/www.amanien.info\/news\/"},{"@type":"ListItem","position":2,"name":"Le D\u00e9put\u00e9 de Guiglo, \u00c9mile Kohou Guiri\u00e9oulou dresse le bilan de son mandat parlementaire 2021-2025"}]},{"@type":"WebSite","@id":"https:\/\/www.amanien.info\/news\/#website","url":"https:\/\/www.amanien.info\/news\/","name":"Amanien| L&#039;actualit\u00e9 Ivoirienne et Internationale","description":"L&#039;actualit\u00e9 Ivoirienne et Internationale","potentialAction":[{"@type":"SearchAction","target":{"@type":"EntryPoint","urlTemplate":"https:\/\/www.amanien.info\/news\/?s={search_term_string}"},"query-input":{"@type":"PropertyValueSpecification","valueRequired":true,"valueName":"search_term_string"}}],"inLanguage":"fr-FR"},{"@type":"Person","@id":"https:\/\/www.amanien.info\/news\/#\/schema\/person\/b21093345753a1a98242d505bd894f42","name":"Germain Ndri","url":"https:\/\/www.amanien.info\/news\/author\/amanien-infos\/"}]}},"_links":{"self":[{"href":"https:\/\/www.amanien.info\/news\/wp-json\/wp\/v2\/posts\/7696","targetHints":{"allow":["GET"]}}],"collection":[{"href":"https:\/\/www.amanien.info\/news\/wp-json\/wp\/v2\/posts"}],"about":[{"href":"https:\/\/www.amanien.info\/news\/wp-json\/wp\/v2\/types\/post"}],"author":[{"embeddable":true,"href":"https:\/\/www.amanien.info\/news\/wp-json\/wp\/v2\/users\/2"}],"replies":[{"embeddable":true,"href":"https:\/\/www.amanien.info\/news\/wp-json\/wp\/v2\/comments?post=7696"}],"version-history":[{"count":1,"href":"https:\/\/www.amanien.info\/news\/wp-json\/wp\/v2\/posts\/7696\/revisions"}],"predecessor-version":[{"id":7699,"href":"https:\/\/www.amanien.info\/news\/wp-json\/wp\/v2\/posts\/7696\/revisions\/7699"}],"wp:featuredmedia":[{"embeddable":true,"href":"https:\/\/www.amanien.info\/news\/wp-json\/wp\/v2\/media\/7698"}],"wp:attachment":[{"href":"https:\/\/www.amanien.info\/news\/wp-json\/wp\/v2\/media?parent=7696"}],"wp:term":[{"taxonomy":"category","embeddable":true,"href":"https:\/\/www.amanien.info\/news\/wp-json\/wp\/v2\/categories?post=7696"},{"taxonomy":"post_tag","embeddable":true,"href":"https:\/\/www.amanien.info\/news\/wp-json\/wp\/v2\/tags?post=7696"}],"curies":[{"name":"wp","href":"https:\/\/api.w.org\/{rel}","templated":true}]}}