{"id":7691,"date":"2025-12-06T08:03:56","date_gmt":"2025-12-06T08:03:56","guid":{"rendered":"https:\/\/www.amanien.info\/news\/?p=7691"},"modified":"2025-12-06T08:03:56","modified_gmt":"2025-12-06T08:03:56","slug":"abobo-legislatives-2025-mamadou-jacob-coulibaly-presente-sa-candidature","status":"publish","type":"post","link":"https:\/\/www.amanien.info\/news\/abobo-legislatives-2025-mamadou-jacob-coulibaly-presente-sa-candidature\/","title":{"rendered":"Abobo \/ L\u00e9gislatives\u00a0 2025 : Mamadou Jacob Coulibaly pr\u00e9sente sa candidature\u00a0"},"content":{"rendered":"<div>Le Pr\u00e9sident du Parti pour l&rsquo;int\u00e9gration africaine (PIA), Mamadou Jacob Coulibaly, a officiellement pr\u00e9sent\u00e9 sa candidature aux \u00e9lections l\u00e9gislatives 2025, le samedi, \u00e0 Abobo, au cours d&rsquo;une conf\u00e9rence de presse.<\/div>\n<div><\/div>\n<div>\u00ab\u00a0Nous sommes candidats parce que nous connaissons les r\u00e9alit\u00e9s, les luttes et les espoirs des populations d\u2019Abobo, en particulier et des ivoiriens en g\u00e9n\u00e9ral\u00a0\u00bb, a expliqu\u00e9 Jacob Mamadou Coulibaly alias JMC.<\/div>\n<div><\/div>\n<div>\u00a0Il dit \u00eatre confiant\u00a0 pour gagner ces \u00e9lections cette fois-ci, avec le soutien des populations.<\/div>\n<div><\/div>\n<div>\u00ab\u00a0Nous repartons satisfaits, parce que la population a r\u00e9pondu \u00e0 notre appel. Nous avons donn\u00e9 l&rsquo;information \u00e0 la population et nous avons obtenu une r\u00e9action qui est positive. Nous pensons que cette fois-ci sera la bonne et allons essayer de gagner ces \u00e9lections-l\u00e0, avec l&rsquo;appui de la population qui est d\u00e9termin\u00e9e \u00e0 nous accompagner \u00ab\u00a0, a-t-il assur\u00e9.<\/div>\n<div><\/div>\n<div><\/div>\n<div>Le candidat du PIA a \u00e9galement<\/div>\n<div>\u00a0lanc\u00e9 un appel aux\u00a0 populations de la commune d&rsquo;Abobo.<\/div>\n<div><\/div>\n<div>\u00ab\u00a0Chers populations d&rsquo;Abobo, chers fr\u00e8res et s\u0153urs, le moment est venu de prendre vos responsabilit\u00e9s, car le changement ne viendra pas d&rsquo;ailleurs. Le changement, c&rsquo;est nous. Osez le changement, c&rsquo;est choisir sa dignit\u00e9, l&rsquo;action. Oser le changement, c&rsquo;est choisir l&rsquo;avenir. Et l&rsquo;avenir, c&rsquo;est nous et vous \u00ab\u00a0, a-t-il d\u00e9clar\u00e9.<\/div>\n<div><\/div>\n<div><\/div>\n<div>Il faut noter que des partis politiques membres de la liste Osons le changement, compos\u00e9e du PIA, le Parti pour la Renaissance Ivoirienne (PRI), a \u00e9t\u00e9 pr\u00e9sent\u00e9e \u00e0 cette occasion.<\/div>\n<div><\/div>\n<div>Pour rappel, les \u00e9lections l\u00e9gislatives se d\u00e9rouleront les 27 d\u00e9cembre prochain.<\/div>\n<div><\/div>\n<div><\/div>\n<div><b>S.A<\/b>.<\/div>\n<div><\/div>\n","protected":false},"excerpt":{"rendered":"<p>Le Pr\u00e9sident du Parti pour l&rsquo;int\u00e9gration africaine (PIA), Mamadou Jacob Coulibaly, a officiellement pr\u00e9sent\u00e9 sa candidature aux \u00e9lections l\u00e9gislatives 2025, le samedi, \u00e0 Abobo, au cours d&rsquo;une conf\u00e9rence de presse. \u00ab\u00a0Nous sommes candidats parce que nous connaissons les r\u00e9alit\u00e9s, les luttes et les espoirs des populations d\u2019Abobo, en particulier et des ivoiriens en g\u00e9n\u00e9ral\u00a0\u00bb, a [&hellip;]<\/p>\n","protected":false},"author":2,"featured_media":7693,"comment_status":"closed","ping_status":"closed","sticky":false,"template":"","format":"standard","meta":{"_acf_changed":false,"footnotes":""},"categories":[],"tags":[16],"class_list":["post-7691","post","type-post","status-publish","format-standard","has-post-thumbnail","hentry","tag-politique"],"acf":[],"yoast_head":"<!-- This site is optimized with the Yoast SEO plugin v27.5 - https:\/\/yoast.com\/product\/yoast-seo-wordpress\/ -->\n<title>Abobo \/ L\u00e9gislatives\u00a0 2025 : Mamadou Jacob Coulibaly pr\u00e9sente sa candidature\u00a0 - Amanien| L&#039;actualit\u00e9 Ivoirienne et Internationale<\/title>\n<meta name=\"robots\" content=\"index, follow, max-snippet:-1, max-image-preview:large, max-video-preview:-1\" \/>\n<link rel=\"canonical\" href=\"https:\/\/www.amanien.info\/news\/abobo-legislatives-2025-mamadou-jacob-coulibaly-presente-sa-candidature\/\" \/>\n<meta property=\"og:locale\" content=\"fr_FR\" \/>\n<meta property=\"og:type\" content=\"article\" \/>\n<meta property=\"og:title\" content=\"Abobo \/ L\u00e9gislatives\u00a0 2025 : Mamadou Jacob Coulibaly pr\u00e9sente sa candidature\u00a0 - Amanien| L&#039;actualit\u00e9 Ivoirienne et Internationale\" \/>\n<meta property=\"og:description\" content=\"Le Pr\u00e9sident du Parti pour l&rsquo;int\u00e9gration africaine (PIA), Mamadou Jacob Coulibaly, a officiellement pr\u00e9sent\u00e9 sa candidature aux \u00e9lections l\u00e9gislatives 2025, le samedi, \u00e0 Abobo, au cours d&rsquo;une conf\u00e9rence de presse. \u00ab\u00a0Nous sommes candidats parce que nous connaissons les r\u00e9alit\u00e9s, les luttes et les espoirs des populations d\u2019Abobo, en particulier et des ivoiriens en g\u00e9n\u00e9ral\u00a0\u00bb, a [&hellip;]\" \/>\n<meta property=\"og:url\" content=\"https:\/\/www.amanien.info\/news\/abobo-legislatives-2025-mamadou-jacob-coulibaly-presente-sa-candidature\/\" \/>\n<meta property=\"og:site_name\" content=\"Amanien| L&#039;actualit\u00e9 Ivoirienne et Internationale\" \/>\n<meta property=\"article:published_time\" content=\"2025-12-06T08:03:56+00:00\" \/>\n<meta property=\"og:image\" content=\"https:\/\/www.amanien.info\/news\/wp-content\/uploads\/2025\/12\/IMG-20251129-WA0021.jpg\" \/>\n\t<meta property=\"og:image:width\" content=\"1020\" \/>\n\t<meta property=\"og:image:height\" content=\"768\" \/>\n\t<meta property=\"og:image:type\" content=\"image\/jpeg\" \/>\n<meta name=\"author\" content=\"Germain Ndri\" \/>\n<meta name=\"twitter:card\" content=\"summary_large_image\" \/>\n<meta name=\"twitter:label1\" content=\"\u00c9crit par\" \/>\n\t<meta name=\"twitter:data1\" content=\"Germain Ndri\" \/>\n\t<meta name=\"twitter:label2\" content=\"Dur\u00e9e de lecture estim\u00e9e\" \/>\n\t<meta name=\"twitter:data2\" content=\"2 minutes\" \/>\n<script type=\"application\/ld+json\" class=\"yoast-schema-graph\">{\"@context\":\"https:\\\/\\\/schema.org\",\"@graph\":[{\"@type\":\"Article\",\"@id\":\"https:\\\/\\\/www.amanien.info\\\/news\\\/abobo-legislatives-2025-mamadou-jacob-coulibaly-presente-sa-candidature\\\/#article\",\"isPartOf\":{\"@id\":\"https:\\\/\\\/www.amanien.info\\\/news\\\/abobo-legislatives-2025-mamadou-jacob-coulibaly-presente-sa-candidature\\\/\"},\"author\":{\"name\":\"Germain Ndri\",\"@id\":\"https:\\\/\\\/www.amanien.info\\\/news\\\/#\\\/schema\\\/person\\\/b21093345753a1a98242d505bd894f42\"},\"headline\":\"Abobo \\\/ L\u00e9gislatives\u00a0 2025 : Mamadou Jacob Coulibaly pr\u00e9sente sa candidature\u00a0\",\"datePublished\":\"2025-12-06T08:03:56+00:00\",\"mainEntityOfPage\":{\"@id\":\"https:\\\/\\\/www.amanien.info\\\/news\\\/abobo-legislatives-2025-mamadou-jacob-coulibaly-presente-sa-candidature\\\/\"},\"wordCount\":279,\"image\":{\"@id\":\"https:\\\/\\\/www.amanien.info\\\/news\\\/abobo-legislatives-2025-mamadou-jacob-coulibaly-presente-sa-candidature\\\/#primaryimage\"},\"thumbnailUrl\":\"https:\\\/\\\/www.amanien.info\\\/news\\\/wp-content\\\/uploads\\\/2025\\\/12\\\/IMG-20251129-WA0021.jpg\",\"keywords\":[\"Politique\"],\"inLanguage\":\"fr-FR\"},{\"@type\":\"WebPage\",\"@id\":\"https:\\\/\\\/www.amanien.info\\\/news\\\/abobo-legislatives-2025-mamadou-jacob-coulibaly-presente-sa-candidature\\\/\",\"url\":\"https:\\\/\\\/www.amanien.info\\\/news\\\/abobo-legislatives-2025-mamadou-jacob-coulibaly-presente-sa-candidature\\\/\",\"name\":\"Abobo \\\/ L\u00e9gislatives\u00a0 2025 : Mamadou Jacob Coulibaly pr\u00e9sente sa candidature\u00a0 - Amanien| L&#039;actualit\u00e9 Ivoirienne et Internationale\",\"isPartOf\":{\"@id\":\"https:\\\/\\\/www.amanien.info\\\/news\\\/#website\"},\"primaryImageOfPage\":{\"@id\":\"https:\\\/\\\/www.amanien.info\\\/news\\\/abobo-legislatives-2025-mamadou-jacob-coulibaly-presente-sa-candidature\\\/#primaryimage\"},\"image\":{\"@id\":\"https:\\\/\\\/www.amanien.info\\\/news\\\/abobo-legislatives-2025-mamadou-jacob-coulibaly-presente-sa-candidature\\\/#primaryimage\"},\"thumbnailUrl\":\"https:\\\/\\\/www.amanien.info\\\/news\\\/wp-content\\\/uploads\\\/2025\\\/12\\\/IMG-20251129-WA0021.jpg\",\"datePublished\":\"2025-12-06T08:03:56+00:00\",\"author\":{\"@id\":\"https:\\\/\\\/www.amanien.info\\\/news\\\/#\\\/schema\\\/person\\\/b21093345753a1a98242d505bd894f42\"},\"breadcrumb\":{\"@id\":\"https:\\\/\\\/www.amanien.info\\\/news\\\/abobo-legislatives-2025-mamadou-jacob-coulibaly-presente-sa-candidature\\\/#breadcrumb\"},\"inLanguage\":\"fr-FR\",\"potentialAction\":[{\"@type\":\"ReadAction\",\"target\":[\"https:\\\/\\\/www.amanien.info\\\/news\\\/abobo-legislatives-2025-mamadou-jacob-coulibaly-presente-sa-candidature\\\/\"]}]},{\"@type\":\"ImageObject\",\"inLanguage\":\"fr-FR\",\"@id\":\"https:\\\/\\\/www.amanien.info\\\/news\\\/abobo-legislatives-2025-mamadou-jacob-coulibaly-presente-sa-candidature\\\/#primaryimage\",\"url\":\"https:\\\/\\\/www.amanien.info\\\/news\\\/wp-content\\\/uploads\\\/2025\\\/12\\\/IMG-20251129-WA0021.jpg\",\"contentUrl\":\"https:\\\/\\\/www.amanien.info\\\/news\\\/wp-content\\\/uploads\\\/2025\\\/12\\\/IMG-20251129-WA0021.jpg\",\"width\":1020,\"height\":768},{\"@type\":\"BreadcrumbList\",\"@id\":\"https:\\\/\\\/www.amanien.info\\\/news\\\/abobo-legislatives-2025-mamadou-jacob-coulibaly-presente-sa-candidature\\\/#breadcrumb\",\"itemListElement\":[{\"@type\":\"ListItem\",\"position\":1,\"name\":\"Accueil\",\"item\":\"https:\\\/\\\/www.amanien.info\\\/news\\\/\"},{\"@type\":\"ListItem\",\"position\":2,\"name\":\"Abobo \\\/ L\u00e9gislatives\u00a0 2025 : Mamadou Jacob Coulibaly pr\u00e9sente sa candidature\u00a0\"}]},{\"@type\":\"WebSite\",\"@id\":\"https:\\\/\\\/www.amanien.info\\\/news\\\/#website\",\"url\":\"https:\\\/\\\/www.amanien.info\\\/news\\\/\",\"name\":\"Amanien| L&#039;actualit\u00e9 Ivoirienne et Internationale\",\"description\":\"L&#039;actualit\u00e9 Ivoirienne et Internationale\",\"potentialAction\":[{\"@type\":\"SearchAction\",\"target\":{\"@type\":\"EntryPoint\",\"urlTemplate\":\"https:\\\/\\\/www.amanien.info\\\/news\\\/?s={search_term_string}\"},\"query-input\":{\"@type\":\"PropertyValueSpecification\",\"valueRequired\":true,\"valueName\":\"search_term_string\"}}],\"inLanguage\":\"fr-FR\"},{\"@type\":\"Person\",\"@id\":\"https:\\\/\\\/www.amanien.info\\\/news\\\/#\\\/schema\\\/person\\\/b21093345753a1a98242d505bd894f42\",\"name\":\"Germain Ndri\",\"url\":\"https:\\\/\\\/www.amanien.info\\\/news\\\/author\\\/amanien-infos\\\/\"}]}<\/script>\n<!-- \/ Yoast SEO plugin. -->","yoast_head_json":{"title":"Abobo \/ L\u00e9gislatives\u00a0 2025 : Mamadou Jacob Coulibaly pr\u00e9sente sa candidature\u00a0 - Amanien| L&#039;actualit\u00e9 Ivoirienne et Internationale","robots":{"index":"index","follow":"follow","max-snippet":"max-snippet:-1","max-image-preview":"max-image-preview:large","max-video-preview":"max-video-preview:-1"},"canonical":"https:\/\/www.amanien.info\/news\/abobo-legislatives-2025-mamadou-jacob-coulibaly-presente-sa-candidature\/","og_locale":"fr_FR","og_type":"article","og_title":"Abobo \/ L\u00e9gislatives\u00a0 2025 : Mamadou Jacob Coulibaly pr\u00e9sente sa candidature\u00a0 - Amanien| L&#039;actualit\u00e9 Ivoirienne et Internationale","og_description":"Le Pr\u00e9sident du Parti pour l&rsquo;int\u00e9gration africaine (PIA), Mamadou Jacob Coulibaly, a officiellement pr\u00e9sent\u00e9 sa candidature aux \u00e9lections l\u00e9gislatives 2025, le samedi, \u00e0 Abobo, au cours d&rsquo;une conf\u00e9rence de presse. \u00ab\u00a0Nous sommes candidats parce que nous connaissons les r\u00e9alit\u00e9s, les luttes et les espoirs des populations d\u2019Abobo, en particulier et des ivoiriens en g\u00e9n\u00e9ral\u00a0\u00bb, a [&hellip;]","og_url":"https:\/\/www.amanien.info\/news\/abobo-legislatives-2025-mamadou-jacob-coulibaly-presente-sa-candidature\/","og_site_name":"Amanien| L&#039;actualit\u00e9 Ivoirienne et Internationale","article_published_time":"2025-12-06T08:03:56+00:00","og_image":[{"width":1020,"height":768,"url":"https:\/\/www.amanien.info\/news\/wp-content\/uploads\/2025\/12\/IMG-20251129-WA0021.jpg","type":"image\/jpeg"}],"author":"Germain Ndri","twitter_card":"summary_large_image","twitter_misc":{"\u00c9crit par":"Germain Ndri","Dur\u00e9e de lecture estim\u00e9e":"2 minutes"},"schema":{"@context":"https:\/\/schema.org","@graph":[{"@type":"Article","@id":"https:\/\/www.amanien.info\/news\/abobo-legislatives-2025-mamadou-jacob-coulibaly-presente-sa-candidature\/#article","isPartOf":{"@id":"https:\/\/www.amanien.info\/news\/abobo-legislatives-2025-mamadou-jacob-coulibaly-presente-sa-candidature\/"},"author":{"name":"Germain Ndri","@id":"https:\/\/www.amanien.info\/news\/#\/schema\/person\/b21093345753a1a98242d505bd894f42"},"headline":"Abobo \/ L\u00e9gislatives\u00a0 2025 : Mamadou Jacob Coulibaly pr\u00e9sente sa candidature\u00a0","datePublished":"2025-12-06T08:03:56+00:00","mainEntityOfPage":{"@id":"https:\/\/www.amanien.info\/news\/abobo-legislatives-2025-mamadou-jacob-coulibaly-presente-sa-candidature\/"},"wordCount":279,"image":{"@id":"https:\/\/www.amanien.info\/news\/abobo-legislatives-2025-mamadou-jacob-coulibaly-presente-sa-candidature\/#primaryimage"},"thumbnailUrl":"https:\/\/www.amanien.info\/news\/wp-content\/uploads\/2025\/12\/IMG-20251129-WA0021.jpg","keywords":["Politique"],"inLanguage":"fr-FR"},{"@type":"WebPage","@id":"https:\/\/www.amanien.info\/news\/abobo-legislatives-2025-mamadou-jacob-coulibaly-presente-sa-candidature\/","url":"https:\/\/www.amanien.info\/news\/abobo-legislatives-2025-mamadou-jacob-coulibaly-presente-sa-candidature\/","name":"Abobo \/ L\u00e9gislatives\u00a0 2025 : Mamadou Jacob Coulibaly pr\u00e9sente sa candidature\u00a0 - Amanien| L&#039;actualit\u00e9 Ivoirienne et Internationale","isPartOf":{"@id":"https:\/\/www.amanien.info\/news\/#website"},"primaryImageOfPage":{"@id":"https:\/\/www.amanien.info\/news\/abobo-legislatives-2025-mamadou-jacob-coulibaly-presente-sa-candidature\/#primaryimage"},"image":{"@id":"https:\/\/www.amanien.info\/news\/abobo-legislatives-2025-mamadou-jacob-coulibaly-presente-sa-candidature\/#primaryimage"},"thumbnailUrl":"https:\/\/www.amanien.info\/news\/wp-content\/uploads\/2025\/12\/IMG-20251129-WA0021.jpg","datePublished":"2025-12-06T08:03:56+00:00","author":{"@id":"https:\/\/www.amanien.info\/news\/#\/schema\/person\/b21093345753a1a98242d505bd894f42"},"breadcrumb":{"@id":"https:\/\/www.amanien.info\/news\/abobo-legislatives-2025-mamadou-jacob-coulibaly-presente-sa-candidature\/#breadcrumb"},"inLanguage":"fr-FR","potentialAction":[{"@type":"ReadAction","target":["https:\/\/www.amanien.info\/news\/abobo-legislatives-2025-mamadou-jacob-coulibaly-presente-sa-candidature\/"]}]},{"@type":"ImageObject","inLanguage":"fr-FR","@id":"https:\/\/www.amanien.info\/news\/abobo-legislatives-2025-mamadou-jacob-coulibaly-presente-sa-candidature\/#primaryimage","url":"https:\/\/www.amanien.info\/news\/wp-content\/uploads\/2025\/12\/IMG-20251129-WA0021.jpg","contentUrl":"https:\/\/www.amanien.info\/news\/wp-content\/uploads\/2025\/12\/IMG-20251129-WA0021.jpg","width":1020,"height":768},{"@type":"BreadcrumbList","@id":"https:\/\/www.amanien.info\/news\/abobo-legislatives-2025-mamadou-jacob-coulibaly-presente-sa-candidature\/#breadcrumb","itemListElement":[{"@type":"ListItem","position":1,"name":"Accueil","item":"https:\/\/www.amanien.info\/news\/"},{"@type":"ListItem","position":2,"name":"Abobo \/ L\u00e9gislatives\u00a0 2025 : Mamadou Jacob Coulibaly pr\u00e9sente sa candidature\u00a0"}]},{"@type":"WebSite","@id":"https:\/\/www.amanien.info\/news\/#website","url":"https:\/\/www.amanien.info\/news\/","name":"Amanien| L&#039;actualit\u00e9 Ivoirienne et Internationale","description":"L&#039;actualit\u00e9 Ivoirienne et Internationale","potentialAction":[{"@type":"SearchAction","target":{"@type":"EntryPoint","urlTemplate":"https:\/\/www.amanien.info\/news\/?s={search_term_string}"},"query-input":{"@type":"PropertyValueSpecification","valueRequired":true,"valueName":"search_term_string"}}],"inLanguage":"fr-FR"},{"@type":"Person","@id":"https:\/\/www.amanien.info\/news\/#\/schema\/person\/b21093345753a1a98242d505bd894f42","name":"Germain Ndri","url":"https:\/\/www.amanien.info\/news\/author\/amanien-infos\/"}]}},"_links":{"self":[{"href":"https:\/\/www.amanien.info\/news\/wp-json\/wp\/v2\/posts\/7691","targetHints":{"allow":["GET"]}}],"collection":[{"href":"https:\/\/www.amanien.info\/news\/wp-json\/wp\/v2\/posts"}],"about":[{"href":"https:\/\/www.amanien.info\/news\/wp-json\/wp\/v2\/types\/post"}],"author":[{"embeddable":true,"href":"https:\/\/www.amanien.info\/news\/wp-json\/wp\/v2\/users\/2"}],"replies":[{"embeddable":true,"href":"https:\/\/www.amanien.info\/news\/wp-json\/wp\/v2\/comments?post=7691"}],"version-history":[{"count":1,"href":"https:\/\/www.amanien.info\/news\/wp-json\/wp\/v2\/posts\/7691\/revisions"}],"predecessor-version":[{"id":7694,"href":"https:\/\/www.amanien.info\/news\/wp-json\/wp\/v2\/posts\/7691\/revisions\/7694"}],"wp:featuredmedia":[{"embeddable":true,"href":"https:\/\/www.amanien.info\/news\/wp-json\/wp\/v2\/media\/7693"}],"wp:attachment":[{"href":"https:\/\/www.amanien.info\/news\/wp-json\/wp\/v2\/media?parent=7691"}],"wp:term":[{"taxonomy":"category","embeddable":true,"href":"https:\/\/www.amanien.info\/news\/wp-json\/wp\/v2\/categories?post=7691"},{"taxonomy":"post_tag","embeddable":true,"href":"https:\/\/www.amanien.info\/news\/wp-json\/wp\/v2\/tags?post=7691"}],"curies":[{"name":"wp","href":"https:\/\/api.w.org\/{rel}","templated":true}]}}