{"id":7687,"date":"2025-12-05T20:20:13","date_gmt":"2025-12-05T20:20:13","guid":{"rendered":"https:\/\/www.amanien.info\/news\/?p=7687"},"modified":"2025-12-05T20:20:13","modified_gmt":"2025-12-05T20:20:13","slug":"mondial-2026-la-cote-divoire-herite-du-groupe-e-en-compagnie-de-lallemagne-lequateur-et-le-curacao","status":"publish","type":"post","link":"https:\/\/www.amanien.info\/news\/mondial-2026-la-cote-divoire-herite-du-groupe-e-en-compagnie-de-lallemagne-lequateur-et-le-curacao\/","title":{"rendered":"Mondial 2026 : la C\u00f4te d&rsquo;Ivoire h\u00e9rite du groupe E en compagnie de l&rsquo;Allemagne, l&rsquo;\u00c9quateur et le Cura\u00e7ao"},"content":{"rendered":"<div>Le tirage au sort de la Coupe du monde, \u00e9dition 2026, s&rsquo;est d\u00e9roul\u00e9, ce vendredi 05 d\u00e9cembre 2026, \u00e0 Washington DC (\u00c9tats-Unis d&rsquo;Am\u00e9rique).<\/div>\n<div><\/div>\n<div><\/div>\n<div>Pr\u00e9sente dans le chapeau 3, la C\u00f4te d&rsquo;Ivoire a h\u00e9rit\u00e9 du groupe E, en compagnie de l&rsquo;Allemagne, l&rsquo;\u00c9quateur et le Cura\u00e7ao (le novice du groupe qui est \u00e0 sa premi\u00e8re participation de la phase finale de la coupe du monde).<\/div>\n<div><\/div>\n<div><\/div>\n<div>Avec cette poule E plus ou moins abordable, le Champion d&rsquo;Afrique \u00e9vite le pire tirage et pourra obtenir son s\u00e9same pour le tour suivant, c&rsquo;est-\u00e0-dire la phase \u00e0 \u00e9limination directe (16\u00e8mes\u00a0 de finale). Il faut souligner que les 8 meilleurs troisi\u00e8mes seront qualifi\u00e9s pour les 16\u00e8mes de finale.<\/div>\n<div><\/div>\n<div>Pour rappel, la Coupe du monde 2026 se d\u00e9roulera aux \u00c9tats-Unis-Mexique-Canada avec 48 \u00e9quipes reparties en 12 groupes.<\/div>\n<div><\/div>\n<div>La FIFA d\u00e9voilera le calendrier complet, avec les dates et les horaires des rencontres, ce samedi 06 d\u00e9cembre \u00e0 18h, heure locale.<\/div>\n<div><\/div>\n<div><b>Sunday<\/b>\u00a0<b>Alain<\/b><\/div>\n<div><\/div>\n","protected":false},"excerpt":{"rendered":"<p>Le tirage au sort de la Coupe du monde, \u00e9dition 2026, s&rsquo;est d\u00e9roul\u00e9, ce vendredi 05 d\u00e9cembre 2026, \u00e0 Washington DC (\u00c9tats-Unis d&rsquo;Am\u00e9rique). Pr\u00e9sente dans le chapeau 3, la C\u00f4te d&rsquo;Ivoire a h\u00e9rit\u00e9 du groupe E, en compagnie de l&rsquo;Allemagne, l&rsquo;\u00c9quateur et le Cura\u00e7ao (le novice du groupe qui est \u00e0 sa premi\u00e8re participation de [&hellip;]<\/p>\n","protected":false},"author":2,"featured_media":7689,"comment_status":"closed","ping_status":"closed","sticky":false,"template":"","format":"standard","meta":{"_acf_changed":false,"footnotes":""},"categories":[4],"tags":[],"class_list":["post-7687","post","type-post","status-publish","format-standard","has-post-thumbnail","hentry","category-sport"],"acf":[],"yoast_head":"<!-- This site is optimized with the Yoast SEO plugin v27.5 - https:\/\/yoast.com\/product\/yoast-seo-wordpress\/ -->\n<title>Mondial 2026 : la C\u00f4te d&#039;Ivoire h\u00e9rite du groupe E en compagnie de l&#039;Allemagne, l&#039;\u00c9quateur et le Cura\u00e7ao - Amanien| L&#039;actualit\u00e9 Ivoirienne et Internationale<\/title>\n<meta name=\"robots\" content=\"index, follow, max-snippet:-1, max-image-preview:large, max-video-preview:-1\" \/>\n<link rel=\"canonical\" href=\"https:\/\/www.amanien.info\/news\/mondial-2026-la-cote-divoire-herite-du-groupe-e-en-compagnie-de-lallemagne-lequateur-et-le-curacao\/\" \/>\n<meta property=\"og:locale\" content=\"fr_FR\" \/>\n<meta property=\"og:type\" content=\"article\" \/>\n<meta property=\"og:title\" content=\"Mondial 2026 : la C\u00f4te d&#039;Ivoire h\u00e9rite du groupe E en compagnie de l&#039;Allemagne, l&#039;\u00c9quateur et le Cura\u00e7ao - Amanien| L&#039;actualit\u00e9 Ivoirienne et Internationale\" \/>\n<meta property=\"og:description\" content=\"Le tirage au sort de la Coupe du monde, \u00e9dition 2026, s&rsquo;est d\u00e9roul\u00e9, ce vendredi 05 d\u00e9cembre 2026, \u00e0 Washington DC (\u00c9tats-Unis d&rsquo;Am\u00e9rique). Pr\u00e9sente dans le chapeau 3, la C\u00f4te d&rsquo;Ivoire a h\u00e9rit\u00e9 du groupe E, en compagnie de l&rsquo;Allemagne, l&rsquo;\u00c9quateur et le Cura\u00e7ao (le novice du groupe qui est \u00e0 sa premi\u00e8re participation de [&hellip;]\" \/>\n<meta property=\"og:url\" content=\"https:\/\/www.amanien.info\/news\/mondial-2026-la-cote-divoire-herite-du-groupe-e-en-compagnie-de-lallemagne-lequateur-et-le-curacao\/\" \/>\n<meta property=\"og:site_name\" content=\"Amanien| L&#039;actualit\u00e9 Ivoirienne et Internationale\" \/>\n<meta property=\"article:published_time\" content=\"2025-12-05T20:20:13+00:00\" \/>\n<meta property=\"og:image\" content=\"https:\/\/www.amanien.info\/news\/wp-content\/uploads\/2025\/12\/l-equipe-nationale-de-la-cote-d-ivoire_msadx0dowe-1-768x512-1.jpg\" \/>\n\t<meta property=\"og:image:width\" content=\"768\" \/>\n\t<meta property=\"og:image:height\" content=\"512\" \/>\n\t<meta property=\"og:image:type\" content=\"image\/jpeg\" \/>\n<meta name=\"author\" content=\"Germain Ndri\" \/>\n<meta name=\"twitter:card\" content=\"summary_large_image\" \/>\n<meta name=\"twitter:label1\" content=\"\u00c9crit par\" \/>\n\t<meta name=\"twitter:data1\" content=\"Germain Ndri\" \/>\n\t<meta name=\"twitter:label2\" content=\"Dur\u00e9e de lecture estim\u00e9e\" \/>\n\t<meta name=\"twitter:data2\" content=\"1 minute\" \/>\n<script type=\"application\/ld+json\" class=\"yoast-schema-graph\">{\"@context\":\"https:\\\/\\\/schema.org\",\"@graph\":[{\"@type\":\"Article\",\"@id\":\"https:\\\/\\\/www.amanien.info\\\/news\\\/mondial-2026-la-cote-divoire-herite-du-groupe-e-en-compagnie-de-lallemagne-lequateur-et-le-curacao\\\/#article\",\"isPartOf\":{\"@id\":\"https:\\\/\\\/www.amanien.info\\\/news\\\/mondial-2026-la-cote-divoire-herite-du-groupe-e-en-compagnie-de-lallemagne-lequateur-et-le-curacao\\\/\"},\"author\":{\"name\":\"Germain Ndri\",\"@id\":\"https:\\\/\\\/www.amanien.info\\\/news\\\/#\\\/schema\\\/person\\\/b21093345753a1a98242d505bd894f42\"},\"headline\":\"Mondial 2026 : la C\u00f4te d&rsquo;Ivoire h\u00e9rite du groupe E en compagnie de l&rsquo;Allemagne, l&rsquo;\u00c9quateur et le Cura\u00e7ao\",\"datePublished\":\"2025-12-05T20:20:13+00:00\",\"mainEntityOfPage\":{\"@id\":\"https:\\\/\\\/www.amanien.info\\\/news\\\/mondial-2026-la-cote-divoire-herite-du-groupe-e-en-compagnie-de-lallemagne-lequateur-et-le-curacao\\\/\"},\"wordCount\":184,\"image\":{\"@id\":\"https:\\\/\\\/www.amanien.info\\\/news\\\/mondial-2026-la-cote-divoire-herite-du-groupe-e-en-compagnie-de-lallemagne-lequateur-et-le-curacao\\\/#primaryimage\"},\"thumbnailUrl\":\"https:\\\/\\\/www.amanien.info\\\/news\\\/wp-content\\\/uploads\\\/2025\\\/12\\\/l-equipe-nationale-de-la-cote-d-ivoire_msadx0dowe-1-768x512-1.jpg\",\"articleSection\":[\"Sport\"],\"inLanguage\":\"fr-FR\"},{\"@type\":\"WebPage\",\"@id\":\"https:\\\/\\\/www.amanien.info\\\/news\\\/mondial-2026-la-cote-divoire-herite-du-groupe-e-en-compagnie-de-lallemagne-lequateur-et-le-curacao\\\/\",\"url\":\"https:\\\/\\\/www.amanien.info\\\/news\\\/mondial-2026-la-cote-divoire-herite-du-groupe-e-en-compagnie-de-lallemagne-lequateur-et-le-curacao\\\/\",\"name\":\"Mondial 2026 : la C\u00f4te d'Ivoire h\u00e9rite du groupe E en compagnie de l'Allemagne, l'\u00c9quateur et le Cura\u00e7ao - Amanien| L&#039;actualit\u00e9 Ivoirienne et Internationale\",\"isPartOf\":{\"@id\":\"https:\\\/\\\/www.amanien.info\\\/news\\\/#website\"},\"primaryImageOfPage\":{\"@id\":\"https:\\\/\\\/www.amanien.info\\\/news\\\/mondial-2026-la-cote-divoire-herite-du-groupe-e-en-compagnie-de-lallemagne-lequateur-et-le-curacao\\\/#primaryimage\"},\"image\":{\"@id\":\"https:\\\/\\\/www.amanien.info\\\/news\\\/mondial-2026-la-cote-divoire-herite-du-groupe-e-en-compagnie-de-lallemagne-lequateur-et-le-curacao\\\/#primaryimage\"},\"thumbnailUrl\":\"https:\\\/\\\/www.amanien.info\\\/news\\\/wp-content\\\/uploads\\\/2025\\\/12\\\/l-equipe-nationale-de-la-cote-d-ivoire_msadx0dowe-1-768x512-1.jpg\",\"datePublished\":\"2025-12-05T20:20:13+00:00\",\"author\":{\"@id\":\"https:\\\/\\\/www.amanien.info\\\/news\\\/#\\\/schema\\\/person\\\/b21093345753a1a98242d505bd894f42\"},\"breadcrumb\":{\"@id\":\"https:\\\/\\\/www.amanien.info\\\/news\\\/mondial-2026-la-cote-divoire-herite-du-groupe-e-en-compagnie-de-lallemagne-lequateur-et-le-curacao\\\/#breadcrumb\"},\"inLanguage\":\"fr-FR\",\"potentialAction\":[{\"@type\":\"ReadAction\",\"target\":[\"https:\\\/\\\/www.amanien.info\\\/news\\\/mondial-2026-la-cote-divoire-herite-du-groupe-e-en-compagnie-de-lallemagne-lequateur-et-le-curacao\\\/\"]}]},{\"@type\":\"ImageObject\",\"inLanguage\":\"fr-FR\",\"@id\":\"https:\\\/\\\/www.amanien.info\\\/news\\\/mondial-2026-la-cote-divoire-herite-du-groupe-e-en-compagnie-de-lallemagne-lequateur-et-le-curacao\\\/#primaryimage\",\"url\":\"https:\\\/\\\/www.amanien.info\\\/news\\\/wp-content\\\/uploads\\\/2025\\\/12\\\/l-equipe-nationale-de-la-cote-d-ivoire_msadx0dowe-1-768x512-1.jpg\",\"contentUrl\":\"https:\\\/\\\/www.amanien.info\\\/news\\\/wp-content\\\/uploads\\\/2025\\\/12\\\/l-equipe-nationale-de-la-cote-d-ivoire_msadx0dowe-1-768x512-1.jpg\",\"width\":768,\"height\":512,\"caption\":\"Ivory Coast players pose for a team photo during the FIFA World Cup 2026 Africa qualifiers group F football match between Ivory Coast and Gabon at the Amadou Gon Coulibaly stadium in Korhogo on June 7, 2024. (Photo by Issouf SANOGO \\\/ AFP)\"},{\"@type\":\"BreadcrumbList\",\"@id\":\"https:\\\/\\\/www.amanien.info\\\/news\\\/mondial-2026-la-cote-divoire-herite-du-groupe-e-en-compagnie-de-lallemagne-lequateur-et-le-curacao\\\/#breadcrumb\",\"itemListElement\":[{\"@type\":\"ListItem\",\"position\":1,\"name\":\"Accueil\",\"item\":\"https:\\\/\\\/www.amanien.info\\\/news\\\/\"},{\"@type\":\"ListItem\",\"position\":2,\"name\":\"Mondial 2026 : la C\u00f4te d&rsquo;Ivoire h\u00e9rite du groupe E en compagnie de l&rsquo;Allemagne, l&rsquo;\u00c9quateur et le Cura\u00e7ao\"}]},{\"@type\":\"WebSite\",\"@id\":\"https:\\\/\\\/www.amanien.info\\\/news\\\/#website\",\"url\":\"https:\\\/\\\/www.amanien.info\\\/news\\\/\",\"name\":\"Amanien| L&#039;actualit\u00e9 Ivoirienne et Internationale\",\"description\":\"L&#039;actualit\u00e9 Ivoirienne et Internationale\",\"potentialAction\":[{\"@type\":\"SearchAction\",\"target\":{\"@type\":\"EntryPoint\",\"urlTemplate\":\"https:\\\/\\\/www.amanien.info\\\/news\\\/?s={search_term_string}\"},\"query-input\":{\"@type\":\"PropertyValueSpecification\",\"valueRequired\":true,\"valueName\":\"search_term_string\"}}],\"inLanguage\":\"fr-FR\"},{\"@type\":\"Person\",\"@id\":\"https:\\\/\\\/www.amanien.info\\\/news\\\/#\\\/schema\\\/person\\\/b21093345753a1a98242d505bd894f42\",\"name\":\"Germain Ndri\",\"url\":\"https:\\\/\\\/www.amanien.info\\\/news\\\/author\\\/amanien-infos\\\/\"}]}<\/script>\n<!-- \/ Yoast SEO plugin. -->","yoast_head_json":{"title":"Mondial 2026 : la C\u00f4te d'Ivoire h\u00e9rite du groupe E en compagnie de l'Allemagne, l'\u00c9quateur et le Cura\u00e7ao - Amanien| L&#039;actualit\u00e9 Ivoirienne et Internationale","robots":{"index":"index","follow":"follow","max-snippet":"max-snippet:-1","max-image-preview":"max-image-preview:large","max-video-preview":"max-video-preview:-1"},"canonical":"https:\/\/www.amanien.info\/news\/mondial-2026-la-cote-divoire-herite-du-groupe-e-en-compagnie-de-lallemagne-lequateur-et-le-curacao\/","og_locale":"fr_FR","og_type":"article","og_title":"Mondial 2026 : la C\u00f4te d'Ivoire h\u00e9rite du groupe E en compagnie de l'Allemagne, l'\u00c9quateur et le Cura\u00e7ao - Amanien| L&#039;actualit\u00e9 Ivoirienne et Internationale","og_description":"Le tirage au sort de la Coupe du monde, \u00e9dition 2026, s&rsquo;est d\u00e9roul\u00e9, ce vendredi 05 d\u00e9cembre 2026, \u00e0 Washington DC (\u00c9tats-Unis d&rsquo;Am\u00e9rique). Pr\u00e9sente dans le chapeau 3, la C\u00f4te d&rsquo;Ivoire a h\u00e9rit\u00e9 du groupe E, en compagnie de l&rsquo;Allemagne, l&rsquo;\u00c9quateur et le Cura\u00e7ao (le novice du groupe qui est \u00e0 sa premi\u00e8re participation de [&hellip;]","og_url":"https:\/\/www.amanien.info\/news\/mondial-2026-la-cote-divoire-herite-du-groupe-e-en-compagnie-de-lallemagne-lequateur-et-le-curacao\/","og_site_name":"Amanien| L&#039;actualit\u00e9 Ivoirienne et Internationale","article_published_time":"2025-12-05T20:20:13+00:00","og_image":[{"width":768,"height":512,"url":"https:\/\/www.amanien.info\/news\/wp-content\/uploads\/2025\/12\/l-equipe-nationale-de-la-cote-d-ivoire_msadx0dowe-1-768x512-1.jpg","type":"image\/jpeg"}],"author":"Germain Ndri","twitter_card":"summary_large_image","twitter_misc":{"\u00c9crit par":"Germain Ndri","Dur\u00e9e de lecture estim\u00e9e":"1 minute"},"schema":{"@context":"https:\/\/schema.org","@graph":[{"@type":"Article","@id":"https:\/\/www.amanien.info\/news\/mondial-2026-la-cote-divoire-herite-du-groupe-e-en-compagnie-de-lallemagne-lequateur-et-le-curacao\/#article","isPartOf":{"@id":"https:\/\/www.amanien.info\/news\/mondial-2026-la-cote-divoire-herite-du-groupe-e-en-compagnie-de-lallemagne-lequateur-et-le-curacao\/"},"author":{"name":"Germain Ndri","@id":"https:\/\/www.amanien.info\/news\/#\/schema\/person\/b21093345753a1a98242d505bd894f42"},"headline":"Mondial 2026 : la C\u00f4te d&rsquo;Ivoire h\u00e9rite du groupe E en compagnie de l&rsquo;Allemagne, l&rsquo;\u00c9quateur et le Cura\u00e7ao","datePublished":"2025-12-05T20:20:13+00:00","mainEntityOfPage":{"@id":"https:\/\/www.amanien.info\/news\/mondial-2026-la-cote-divoire-herite-du-groupe-e-en-compagnie-de-lallemagne-lequateur-et-le-curacao\/"},"wordCount":184,"image":{"@id":"https:\/\/www.amanien.info\/news\/mondial-2026-la-cote-divoire-herite-du-groupe-e-en-compagnie-de-lallemagne-lequateur-et-le-curacao\/#primaryimage"},"thumbnailUrl":"https:\/\/www.amanien.info\/news\/wp-content\/uploads\/2025\/12\/l-equipe-nationale-de-la-cote-d-ivoire_msadx0dowe-1-768x512-1.jpg","articleSection":["Sport"],"inLanguage":"fr-FR"},{"@type":"WebPage","@id":"https:\/\/www.amanien.info\/news\/mondial-2026-la-cote-divoire-herite-du-groupe-e-en-compagnie-de-lallemagne-lequateur-et-le-curacao\/","url":"https:\/\/www.amanien.info\/news\/mondial-2026-la-cote-divoire-herite-du-groupe-e-en-compagnie-de-lallemagne-lequateur-et-le-curacao\/","name":"Mondial 2026 : la C\u00f4te d'Ivoire h\u00e9rite du groupe E en compagnie de l'Allemagne, l'\u00c9quateur et le Cura\u00e7ao - Amanien| L&#039;actualit\u00e9 Ivoirienne et Internationale","isPartOf":{"@id":"https:\/\/www.amanien.info\/news\/#website"},"primaryImageOfPage":{"@id":"https:\/\/www.amanien.info\/news\/mondial-2026-la-cote-divoire-herite-du-groupe-e-en-compagnie-de-lallemagne-lequateur-et-le-curacao\/#primaryimage"},"image":{"@id":"https:\/\/www.amanien.info\/news\/mondial-2026-la-cote-divoire-herite-du-groupe-e-en-compagnie-de-lallemagne-lequateur-et-le-curacao\/#primaryimage"},"thumbnailUrl":"https:\/\/www.amanien.info\/news\/wp-content\/uploads\/2025\/12\/l-equipe-nationale-de-la-cote-d-ivoire_msadx0dowe-1-768x512-1.jpg","datePublished":"2025-12-05T20:20:13+00:00","author":{"@id":"https:\/\/www.amanien.info\/news\/#\/schema\/person\/b21093345753a1a98242d505bd894f42"},"breadcrumb":{"@id":"https:\/\/www.amanien.info\/news\/mondial-2026-la-cote-divoire-herite-du-groupe-e-en-compagnie-de-lallemagne-lequateur-et-le-curacao\/#breadcrumb"},"inLanguage":"fr-FR","potentialAction":[{"@type":"ReadAction","target":["https:\/\/www.amanien.info\/news\/mondial-2026-la-cote-divoire-herite-du-groupe-e-en-compagnie-de-lallemagne-lequateur-et-le-curacao\/"]}]},{"@type":"ImageObject","inLanguage":"fr-FR","@id":"https:\/\/www.amanien.info\/news\/mondial-2026-la-cote-divoire-herite-du-groupe-e-en-compagnie-de-lallemagne-lequateur-et-le-curacao\/#primaryimage","url":"https:\/\/www.amanien.info\/news\/wp-content\/uploads\/2025\/12\/l-equipe-nationale-de-la-cote-d-ivoire_msadx0dowe-1-768x512-1.jpg","contentUrl":"https:\/\/www.amanien.info\/news\/wp-content\/uploads\/2025\/12\/l-equipe-nationale-de-la-cote-d-ivoire_msadx0dowe-1-768x512-1.jpg","width":768,"height":512,"caption":"Ivory Coast players pose for a team photo during the FIFA World Cup 2026 Africa qualifiers group F football match between Ivory Coast and Gabon at the Amadou Gon Coulibaly stadium in Korhogo on June 7, 2024. (Photo by Issouf SANOGO \/ AFP)"},{"@type":"BreadcrumbList","@id":"https:\/\/www.amanien.info\/news\/mondial-2026-la-cote-divoire-herite-du-groupe-e-en-compagnie-de-lallemagne-lequateur-et-le-curacao\/#breadcrumb","itemListElement":[{"@type":"ListItem","position":1,"name":"Accueil","item":"https:\/\/www.amanien.info\/news\/"},{"@type":"ListItem","position":2,"name":"Mondial 2026 : la C\u00f4te d&rsquo;Ivoire h\u00e9rite du groupe E en compagnie de l&rsquo;Allemagne, l&rsquo;\u00c9quateur et le Cura\u00e7ao"}]},{"@type":"WebSite","@id":"https:\/\/www.amanien.info\/news\/#website","url":"https:\/\/www.amanien.info\/news\/","name":"Amanien| L&#039;actualit\u00e9 Ivoirienne et Internationale","description":"L&#039;actualit\u00e9 Ivoirienne et Internationale","potentialAction":[{"@type":"SearchAction","target":{"@type":"EntryPoint","urlTemplate":"https:\/\/www.amanien.info\/news\/?s={search_term_string}"},"query-input":{"@type":"PropertyValueSpecification","valueRequired":true,"valueName":"search_term_string"}}],"inLanguage":"fr-FR"},{"@type":"Person","@id":"https:\/\/www.amanien.info\/news\/#\/schema\/person\/b21093345753a1a98242d505bd894f42","name":"Germain Ndri","url":"https:\/\/www.amanien.info\/news\/author\/amanien-infos\/"}]}},"_links":{"self":[{"href":"https:\/\/www.amanien.info\/news\/wp-json\/wp\/v2\/posts\/7687","targetHints":{"allow":["GET"]}}],"collection":[{"href":"https:\/\/www.amanien.info\/news\/wp-json\/wp\/v2\/posts"}],"about":[{"href":"https:\/\/www.amanien.info\/news\/wp-json\/wp\/v2\/types\/post"}],"author":[{"embeddable":true,"href":"https:\/\/www.amanien.info\/news\/wp-json\/wp\/v2\/users\/2"}],"replies":[{"embeddable":true,"href":"https:\/\/www.amanien.info\/news\/wp-json\/wp\/v2\/comments?post=7687"}],"version-history":[{"count":1,"href":"https:\/\/www.amanien.info\/news\/wp-json\/wp\/v2\/posts\/7687\/revisions"}],"predecessor-version":[{"id":7690,"href":"https:\/\/www.amanien.info\/news\/wp-json\/wp\/v2\/posts\/7687\/revisions\/7690"}],"wp:featuredmedia":[{"embeddable":true,"href":"https:\/\/www.amanien.info\/news\/wp-json\/wp\/v2\/media\/7689"}],"wp:attachment":[{"href":"https:\/\/www.amanien.info\/news\/wp-json\/wp\/v2\/media?parent=7687"}],"wp:term":[{"taxonomy":"category","embeddable":true,"href":"https:\/\/www.amanien.info\/news\/wp-json\/wp\/v2\/categories?post=7687"},{"taxonomy":"post_tag","embeddable":true,"href":"https:\/\/www.amanien.info\/news\/wp-json\/wp\/v2\/tags?post=7687"}],"curies":[{"name":"wp","href":"https:\/\/api.w.org\/{rel}","templated":true}]}}