{"id":7682,"date":"2025-12-05T13:00:29","date_gmt":"2025-12-05T13:00:29","guid":{"rendered":"https:\/\/www.amanien.info\/news\/?p=7682"},"modified":"2025-12-05T13:00:29","modified_gmt":"2025-12-05T13:00:29","slug":"preservation-et-valorisation-du-patrimoine-culturel-ivoirien-le-mcci-presente-la-journee-heritage-vivant","status":"publish","type":"post","link":"https:\/\/www.amanien.info\/news\/preservation-et-valorisation-du-patrimoine-culturel-ivoirien-le-mcci-presente-la-journee-heritage-vivant\/","title":{"rendered":"Pr\u00e9servation et valorisation du patrimoine culturel ivoirien : le MCCI pr\u00e9sente la Journ\u00e9e H\u00e9ritage Vivant\u00a0"},"content":{"rendered":"<div>Le Mus\u00e9e des Civilisations de C\u00f4te d\u2019Ivoire (MCCI), en partenariat avec le Mus\u00e9e Rietberg de Zurich et le Mus\u00e9e des Civilisations Adama Tounkara d\u2019Abobo(MuCAT)\u00a0 a officiellement pr\u00e9sent\u00e9, le\u00a0 jeudi 4 d\u00e9cembre 2025,q la Journ\u00e9e H\u00e9ritage Vivant, au cours d&rsquo;une conf\u00e9rence de presse tenue au MuCAT d&rsquo;Abobo.<\/div>\n<div><\/div>\n<div>Pr\u00e9vue ce samedi 6 d\u00e9cembre au Mus\u00e9e des Civilisations d&rsquo;Abidjan-Plateau, la Journ\u00e9e H\u00e9ritage vivant vise \u00e0 valoriser le patrimoine vivant ivoirien \u00e0 travers les savoir-faire, traditions, gestes et expressions culturelles transmis de g\u00e9n\u00e9ration en g\u00e9n\u00e9ration.<\/div>\n<div><\/div>\n<div>Ce projet de coop\u00e9ration et d&rsquo;exposition s&rsquo;inscrit dans le cadre d&rsquo;un accord bilat\u00e9ral historique sur la protection des biens culturels, sign\u00e9 en 2025 entre la C\u00f4te d&rsquo;Ivoire et la Suisse-le premier du genre en Afrique subsaharienne. Il se concr\u00e9tise par une exposition collective au MuCAT (Murmures d&rsquo;archives sur les traces de Hans Himmelheber), des ateliers participatifs, des performances artistiques et l&rsquo;ouverture d&rsquo;un nouveau Centre de Savoir Dan \u00e0 Man.<\/div>\n<div><\/div>\n<div>A cette occasion, la Repr\u00e9sentante et Directrice de Cabinet de la Ministre de la culture et de la Francophonie, Adeline Gnahoua Touali a rappel\u00e9 l\u2019importance de ce partenariat de coop\u00e9ration.<\/div>\n<div><\/div>\n<div>\u00ab\u00a0Ces derni\u00e8res ann\u00e9es, notre coop\u00e9ration culturelle avec la Suisse s\u2019est consid\u00e9rablement renforc\u00e9e, donnant naissance \u00e0 des projets structurants comme la construction du mus\u00e9e de Sing Robot et la signature d\u2019un accord de coop\u00e9ration culturelle\u00a0\u00bb, a-t-elle d\u00e9clar\u00e9.<\/div>\n<div><\/div>\n<div>Avant de pr\u00e9ciser que cet \u00e9v\u00e9nement \u00ab\u00a0n\u2019est pas seulement une exposition; elle comprend \u00e9galement une donation de 107 objets et plusieurs archives importantes pour la C\u00f4te d\u2019Ivoire\u00a0\u00bb. Une partie sera expos\u00e9e, le reste rejoindra les collections nationales d\u00e8s la r\u00e9ouverture du mus\u00e9e.<\/div>\n<div><\/div>\n<div>S&rsquo;agissant des archives pr\u00e9sent\u00e9es, l&rsquo;\u00e9missaire de la Ministre de la culture et de la francophonie a rappel\u00e9 que \u00ab\u00a0ces images proviennent du travail d\u2019un chercheur ayant v\u00e9cu en C\u00f4te d\u2019Ivoire durant plusieurs d\u00e9cennies et dont la famille a fait don des archives au Mus\u00e9e Rietberg, qui souhaite aujourd\u2019hui les restituer symboliquement\u00a0\u00bb a-t-elle indiqu\u00e9.<\/div>\n<div><\/div>\n<div>Pour sa part, l\u2019ambassadeur de Suisse en C\u00f4te d\u2019Ivoire, Dominique Favre, a salu\u00e9 la qualit\u00e9 de la collaboration entre les deux pays. \u00ab\u00a0Cette exposition s\u2019inscrit pleinement dans la dynamique renforc\u00e9e entre nos deux pays. Nous avons r\u00e9cemment sign\u00e9 des accords importants, notamment sur la restitution et la protection des biens culturels\u00a0\u00bb, a-t-il indiqu\u00e9.<\/div>\n<div><\/div>\n<div><\/div>\n<div>Il a \u00e9galement affirm\u00e9 que l&rsquo;ambassade est engag\u00e9e \u00e0 intensifier les \u00e9changes culturels. \u00ab\u00a0Cette exposition, qui durera trois mois, sera accompagn\u00e9e de plusieurs activit\u00e9s pour renforcer cette relation culturelle entre la Suisse et la C\u00f4te d\u2019Ivoire\u00a0\u00bb, a-t-il dit.<\/div>\n<div><\/div>\n<div>De son c\u00f4t\u00e9, la curatrice pour l\u2019Afrique au Mus\u00e9e Rietberg, Michaela Oberhofer, est revenue sur le r\u00f4le majeur de l\u2019ethnologue allemande Anne B\u00e9atrice Hiba.\u00a0 \u00ab\u00a0Lorsque j\u2019ai commenc\u00e9 \u00e0 Zurich, la collection ivoirienne ne comptait que cinq objets acquis par Anne Hiba, qui a voyag\u00e9 douze fois en C\u00f4te d\u2019Ivoire et au Lib\u00e9ria entre 1953 et 1976 pour documenter la cr\u00e9ation artistique\u00a0\u00bb, a-t-elle expliqu\u00e9.<\/div>\n<div><\/div>\n<div>Et de poursuivre : \u00ab\u00a0Elle rencontrait les sculpteurs, photographiait leurs techniques et leurs villages. Elle a r\u00e9uni plus de 15 000 images, des films, des notes et plusieurs objets\u00a0\u00bb, a-t-elle rappel\u00e9.<\/div>\n<div><\/div>\n<div><\/div>\n<div>Notons que plusieurs artistes traditionnels et contemporains ayant pris part \u00e0 l&rsquo;exposition au MuCAT pr\u00e9senteront leurs savoir-faire et leurs connaissances lors de grand \u00e9v\u00e9nement culturel. Il s&rsquo;agit, entre autres, des doreurs, sculpteurs, tisserands et danseurs provenant des r\u00e9gions artistiques Baoul\u00e9, Dan, Gouro et S\u00e9noufo. Ce programme sera \u00e9galement enrichi par une performance de D\u00e9sir\u00e9 Amani, artiste form\u00e9 \u00e0 la Haute \u00e9cole des Arts de Berne.<\/div>\n<div><\/div>\n<div><\/div>\n<div><b>S.A.\u00a0<\/b><\/div>\n","protected":false},"excerpt":{"rendered":"<p>Le Mus\u00e9e des Civilisations de C\u00f4te d\u2019Ivoire (MCCI), en partenariat avec le Mus\u00e9e Rietberg de Zurich et le Mus\u00e9e des Civilisations Adama Tounkara d\u2019Abobo(MuCAT)\u00a0 a officiellement pr\u00e9sent\u00e9, le\u00a0 jeudi 4 d\u00e9cembre 2025,q la Journ\u00e9e H\u00e9ritage Vivant, au cours d&rsquo;une conf\u00e9rence de presse tenue au MuCAT d&rsquo;Abobo. Pr\u00e9vue ce samedi 6 d\u00e9cembre au Mus\u00e9e des Civilisations [&hellip;]<\/p>\n","protected":false},"author":2,"featured_media":7685,"comment_status":"closed","ping_status":"closed","sticky":false,"template":"","format":"standard","meta":{"_acf_changed":false,"footnotes":""},"categories":[3],"tags":[],"class_list":["post-7682","post","type-post","status-publish","format-standard","has-post-thumbnail","hentry","category-culture"],"acf":[],"yoast_head":"<!-- This site is optimized with the Yoast SEO plugin v27.5 - https:\/\/yoast.com\/product\/yoast-seo-wordpress\/ -->\n<title>Pr\u00e9servation et valorisation du patrimoine culturel ivoirien : le MCCI pr\u00e9sente la Journ\u00e9e H\u00e9ritage Vivant\u00a0 - Amanien| L&#039;actualit\u00e9 Ivoirienne et Internationale<\/title>\n<meta name=\"robots\" content=\"index, follow, max-snippet:-1, max-image-preview:large, max-video-preview:-1\" \/>\n<link rel=\"canonical\" href=\"https:\/\/www.amanien.info\/news\/preservation-et-valorisation-du-patrimoine-culturel-ivoirien-le-mcci-presente-la-journee-heritage-vivant\/\" \/>\n<meta property=\"og:locale\" content=\"fr_FR\" \/>\n<meta property=\"og:type\" content=\"article\" \/>\n<meta property=\"og:title\" content=\"Pr\u00e9servation et valorisation du patrimoine culturel ivoirien : le MCCI pr\u00e9sente la Journ\u00e9e H\u00e9ritage Vivant\u00a0 - Amanien| L&#039;actualit\u00e9 Ivoirienne et Internationale\" \/>\n<meta property=\"og:description\" content=\"Le Mus\u00e9e des Civilisations de C\u00f4te d\u2019Ivoire (MCCI), en partenariat avec le Mus\u00e9e Rietberg de Zurich et le Mus\u00e9e des Civilisations Adama Tounkara d\u2019Abobo(MuCAT)\u00a0 a officiellement pr\u00e9sent\u00e9, le\u00a0 jeudi 4 d\u00e9cembre 2025,q la Journ\u00e9e H\u00e9ritage Vivant, au cours d&rsquo;une conf\u00e9rence de presse tenue au MuCAT d&rsquo;Abobo. Pr\u00e9vue ce samedi 6 d\u00e9cembre au Mus\u00e9e des Civilisations [&hellip;]\" \/>\n<meta property=\"og:url\" content=\"https:\/\/www.amanien.info\/news\/preservation-et-valorisation-du-patrimoine-culturel-ivoirien-le-mcci-presente-la-journee-heritage-vivant\/\" \/>\n<meta property=\"og:site_name\" content=\"Amanien| L&#039;actualit\u00e9 Ivoirienne et Internationale\" \/>\n<meta property=\"article:published_time\" content=\"2025-12-05T13:00:29+00:00\" \/>\n<meta property=\"og:image\" content=\"https:\/\/www.amanien.info\/news\/wp-content\/uploads\/2025\/12\/IMG-20251205-WA0015.jpg\" \/>\n\t<meta property=\"og:image:width\" content=\"1080\" \/>\n\t<meta property=\"og:image:height\" content=\"810\" \/>\n\t<meta property=\"og:image:type\" content=\"image\/jpeg\" \/>\n<meta name=\"author\" content=\"Germain Ndri\" \/>\n<meta name=\"twitter:card\" content=\"summary_large_image\" \/>\n<meta name=\"twitter:label1\" content=\"\u00c9crit par\" \/>\n\t<meta name=\"twitter:data1\" content=\"Germain Ndri\" \/>\n\t<meta name=\"twitter:label2\" content=\"Dur\u00e9e de lecture estim\u00e9e\" \/>\n\t<meta name=\"twitter:data2\" content=\"3 minutes\" \/>\n<script type=\"application\/ld+json\" class=\"yoast-schema-graph\">{\"@context\":\"https:\\\/\\\/schema.org\",\"@graph\":[{\"@type\":\"Article\",\"@id\":\"https:\\\/\\\/www.amanien.info\\\/news\\\/preservation-et-valorisation-du-patrimoine-culturel-ivoirien-le-mcci-presente-la-journee-heritage-vivant\\\/#article\",\"isPartOf\":{\"@id\":\"https:\\\/\\\/www.amanien.info\\\/news\\\/preservation-et-valorisation-du-patrimoine-culturel-ivoirien-le-mcci-presente-la-journee-heritage-vivant\\\/\"},\"author\":{\"name\":\"Germain Ndri\",\"@id\":\"https:\\\/\\\/www.amanien.info\\\/news\\\/#\\\/schema\\\/person\\\/b21093345753a1a98242d505bd894f42\"},\"headline\":\"Pr\u00e9servation et valorisation du patrimoine culturel ivoirien : le MCCI pr\u00e9sente la Journ\u00e9e H\u00e9ritage Vivant\u00a0\",\"datePublished\":\"2025-12-05T13:00:29+00:00\",\"mainEntityOfPage\":{\"@id\":\"https:\\\/\\\/www.amanien.info\\\/news\\\/preservation-et-valorisation-du-patrimoine-culturel-ivoirien-le-mcci-presente-la-journee-heritage-vivant\\\/\"},\"wordCount\":663,\"image\":{\"@id\":\"https:\\\/\\\/www.amanien.info\\\/news\\\/preservation-et-valorisation-du-patrimoine-culturel-ivoirien-le-mcci-presente-la-journee-heritage-vivant\\\/#primaryimage\"},\"thumbnailUrl\":\"https:\\\/\\\/www.amanien.info\\\/news\\\/wp-content\\\/uploads\\\/2025\\\/12\\\/IMG-20251205-WA0015.jpg\",\"articleSection\":[\"Culture\"],\"inLanguage\":\"fr-FR\"},{\"@type\":\"WebPage\",\"@id\":\"https:\\\/\\\/www.amanien.info\\\/news\\\/preservation-et-valorisation-du-patrimoine-culturel-ivoirien-le-mcci-presente-la-journee-heritage-vivant\\\/\",\"url\":\"https:\\\/\\\/www.amanien.info\\\/news\\\/preservation-et-valorisation-du-patrimoine-culturel-ivoirien-le-mcci-presente-la-journee-heritage-vivant\\\/\",\"name\":\"Pr\u00e9servation et valorisation du patrimoine culturel ivoirien : le MCCI pr\u00e9sente la Journ\u00e9e H\u00e9ritage Vivant\u00a0 - Amanien| L&#039;actualit\u00e9 Ivoirienne et Internationale\",\"isPartOf\":{\"@id\":\"https:\\\/\\\/www.amanien.info\\\/news\\\/#website\"},\"primaryImageOfPage\":{\"@id\":\"https:\\\/\\\/www.amanien.info\\\/news\\\/preservation-et-valorisation-du-patrimoine-culturel-ivoirien-le-mcci-presente-la-journee-heritage-vivant\\\/#primaryimage\"},\"image\":{\"@id\":\"https:\\\/\\\/www.amanien.info\\\/news\\\/preservation-et-valorisation-du-patrimoine-culturel-ivoirien-le-mcci-presente-la-journee-heritage-vivant\\\/#primaryimage\"},\"thumbnailUrl\":\"https:\\\/\\\/www.amanien.info\\\/news\\\/wp-content\\\/uploads\\\/2025\\\/12\\\/IMG-20251205-WA0015.jpg\",\"datePublished\":\"2025-12-05T13:00:29+00:00\",\"author\":{\"@id\":\"https:\\\/\\\/www.amanien.info\\\/news\\\/#\\\/schema\\\/person\\\/b21093345753a1a98242d505bd894f42\"},\"breadcrumb\":{\"@id\":\"https:\\\/\\\/www.amanien.info\\\/news\\\/preservation-et-valorisation-du-patrimoine-culturel-ivoirien-le-mcci-presente-la-journee-heritage-vivant\\\/#breadcrumb\"},\"inLanguage\":\"fr-FR\",\"potentialAction\":[{\"@type\":\"ReadAction\",\"target\":[\"https:\\\/\\\/www.amanien.info\\\/news\\\/preservation-et-valorisation-du-patrimoine-culturel-ivoirien-le-mcci-presente-la-journee-heritage-vivant\\\/\"]}]},{\"@type\":\"ImageObject\",\"inLanguage\":\"fr-FR\",\"@id\":\"https:\\\/\\\/www.amanien.info\\\/news\\\/preservation-et-valorisation-du-patrimoine-culturel-ivoirien-le-mcci-presente-la-journee-heritage-vivant\\\/#primaryimage\",\"url\":\"https:\\\/\\\/www.amanien.info\\\/news\\\/wp-content\\\/uploads\\\/2025\\\/12\\\/IMG-20251205-WA0015.jpg\",\"contentUrl\":\"https:\\\/\\\/www.amanien.info\\\/news\\\/wp-content\\\/uploads\\\/2025\\\/12\\\/IMG-20251205-WA0015.jpg\",\"width\":1080,\"height\":810},{\"@type\":\"BreadcrumbList\",\"@id\":\"https:\\\/\\\/www.amanien.info\\\/news\\\/preservation-et-valorisation-du-patrimoine-culturel-ivoirien-le-mcci-presente-la-journee-heritage-vivant\\\/#breadcrumb\",\"itemListElement\":[{\"@type\":\"ListItem\",\"position\":1,\"name\":\"Accueil\",\"item\":\"https:\\\/\\\/www.amanien.info\\\/news\\\/\"},{\"@type\":\"ListItem\",\"position\":2,\"name\":\"Pr\u00e9servation et valorisation du patrimoine culturel ivoirien : le MCCI pr\u00e9sente la Journ\u00e9e H\u00e9ritage Vivant\u00a0\"}]},{\"@type\":\"WebSite\",\"@id\":\"https:\\\/\\\/www.amanien.info\\\/news\\\/#website\",\"url\":\"https:\\\/\\\/www.amanien.info\\\/news\\\/\",\"name\":\"Amanien| L&#039;actualit\u00e9 Ivoirienne et Internationale\",\"description\":\"L&#039;actualit\u00e9 Ivoirienne et Internationale\",\"potentialAction\":[{\"@type\":\"SearchAction\",\"target\":{\"@type\":\"EntryPoint\",\"urlTemplate\":\"https:\\\/\\\/www.amanien.info\\\/news\\\/?s={search_term_string}\"},\"query-input\":{\"@type\":\"PropertyValueSpecification\",\"valueRequired\":true,\"valueName\":\"search_term_string\"}}],\"inLanguage\":\"fr-FR\"},{\"@type\":\"Person\",\"@id\":\"https:\\\/\\\/www.amanien.info\\\/news\\\/#\\\/schema\\\/person\\\/b21093345753a1a98242d505bd894f42\",\"name\":\"Germain Ndri\",\"url\":\"https:\\\/\\\/www.amanien.info\\\/news\\\/author\\\/amanien-infos\\\/\"}]}<\/script>\n<!-- \/ Yoast SEO plugin. -->","yoast_head_json":{"title":"Pr\u00e9servation et valorisation du patrimoine culturel ivoirien : le MCCI pr\u00e9sente la Journ\u00e9e H\u00e9ritage Vivant\u00a0 - Amanien| L&#039;actualit\u00e9 Ivoirienne et Internationale","robots":{"index":"index","follow":"follow","max-snippet":"max-snippet:-1","max-image-preview":"max-image-preview:large","max-video-preview":"max-video-preview:-1"},"canonical":"https:\/\/www.amanien.info\/news\/preservation-et-valorisation-du-patrimoine-culturel-ivoirien-le-mcci-presente-la-journee-heritage-vivant\/","og_locale":"fr_FR","og_type":"article","og_title":"Pr\u00e9servation et valorisation du patrimoine culturel ivoirien : le MCCI pr\u00e9sente la Journ\u00e9e H\u00e9ritage Vivant\u00a0 - Amanien| L&#039;actualit\u00e9 Ivoirienne et Internationale","og_description":"Le Mus\u00e9e des Civilisations de C\u00f4te d\u2019Ivoire (MCCI), en partenariat avec le Mus\u00e9e Rietberg de Zurich et le Mus\u00e9e des Civilisations Adama Tounkara d\u2019Abobo(MuCAT)\u00a0 a officiellement pr\u00e9sent\u00e9, le\u00a0 jeudi 4 d\u00e9cembre 2025,q la Journ\u00e9e H\u00e9ritage Vivant, au cours d&rsquo;une conf\u00e9rence de presse tenue au MuCAT d&rsquo;Abobo. Pr\u00e9vue ce samedi 6 d\u00e9cembre au Mus\u00e9e des Civilisations [&hellip;]","og_url":"https:\/\/www.amanien.info\/news\/preservation-et-valorisation-du-patrimoine-culturel-ivoirien-le-mcci-presente-la-journee-heritage-vivant\/","og_site_name":"Amanien| L&#039;actualit\u00e9 Ivoirienne et Internationale","article_published_time":"2025-12-05T13:00:29+00:00","og_image":[{"width":1080,"height":810,"url":"https:\/\/www.amanien.info\/news\/wp-content\/uploads\/2025\/12\/IMG-20251205-WA0015.jpg","type":"image\/jpeg"}],"author":"Germain Ndri","twitter_card":"summary_large_image","twitter_misc":{"\u00c9crit par":"Germain Ndri","Dur\u00e9e de lecture estim\u00e9e":"3 minutes"},"schema":{"@context":"https:\/\/schema.org","@graph":[{"@type":"Article","@id":"https:\/\/www.amanien.info\/news\/preservation-et-valorisation-du-patrimoine-culturel-ivoirien-le-mcci-presente-la-journee-heritage-vivant\/#article","isPartOf":{"@id":"https:\/\/www.amanien.info\/news\/preservation-et-valorisation-du-patrimoine-culturel-ivoirien-le-mcci-presente-la-journee-heritage-vivant\/"},"author":{"name":"Germain Ndri","@id":"https:\/\/www.amanien.info\/news\/#\/schema\/person\/b21093345753a1a98242d505bd894f42"},"headline":"Pr\u00e9servation et valorisation du patrimoine culturel ivoirien : le MCCI pr\u00e9sente la Journ\u00e9e H\u00e9ritage Vivant\u00a0","datePublished":"2025-12-05T13:00:29+00:00","mainEntityOfPage":{"@id":"https:\/\/www.amanien.info\/news\/preservation-et-valorisation-du-patrimoine-culturel-ivoirien-le-mcci-presente-la-journee-heritage-vivant\/"},"wordCount":663,"image":{"@id":"https:\/\/www.amanien.info\/news\/preservation-et-valorisation-du-patrimoine-culturel-ivoirien-le-mcci-presente-la-journee-heritage-vivant\/#primaryimage"},"thumbnailUrl":"https:\/\/www.amanien.info\/news\/wp-content\/uploads\/2025\/12\/IMG-20251205-WA0015.jpg","articleSection":["Culture"],"inLanguage":"fr-FR"},{"@type":"WebPage","@id":"https:\/\/www.amanien.info\/news\/preservation-et-valorisation-du-patrimoine-culturel-ivoirien-le-mcci-presente-la-journee-heritage-vivant\/","url":"https:\/\/www.amanien.info\/news\/preservation-et-valorisation-du-patrimoine-culturel-ivoirien-le-mcci-presente-la-journee-heritage-vivant\/","name":"Pr\u00e9servation et valorisation du patrimoine culturel ivoirien : le MCCI pr\u00e9sente la Journ\u00e9e H\u00e9ritage Vivant\u00a0 - Amanien| L&#039;actualit\u00e9 Ivoirienne et Internationale","isPartOf":{"@id":"https:\/\/www.amanien.info\/news\/#website"},"primaryImageOfPage":{"@id":"https:\/\/www.amanien.info\/news\/preservation-et-valorisation-du-patrimoine-culturel-ivoirien-le-mcci-presente-la-journee-heritage-vivant\/#primaryimage"},"image":{"@id":"https:\/\/www.amanien.info\/news\/preservation-et-valorisation-du-patrimoine-culturel-ivoirien-le-mcci-presente-la-journee-heritage-vivant\/#primaryimage"},"thumbnailUrl":"https:\/\/www.amanien.info\/news\/wp-content\/uploads\/2025\/12\/IMG-20251205-WA0015.jpg","datePublished":"2025-12-05T13:00:29+00:00","author":{"@id":"https:\/\/www.amanien.info\/news\/#\/schema\/person\/b21093345753a1a98242d505bd894f42"},"breadcrumb":{"@id":"https:\/\/www.amanien.info\/news\/preservation-et-valorisation-du-patrimoine-culturel-ivoirien-le-mcci-presente-la-journee-heritage-vivant\/#breadcrumb"},"inLanguage":"fr-FR","potentialAction":[{"@type":"ReadAction","target":["https:\/\/www.amanien.info\/news\/preservation-et-valorisation-du-patrimoine-culturel-ivoirien-le-mcci-presente-la-journee-heritage-vivant\/"]}]},{"@type":"ImageObject","inLanguage":"fr-FR","@id":"https:\/\/www.amanien.info\/news\/preservation-et-valorisation-du-patrimoine-culturel-ivoirien-le-mcci-presente-la-journee-heritage-vivant\/#primaryimage","url":"https:\/\/www.amanien.info\/news\/wp-content\/uploads\/2025\/12\/IMG-20251205-WA0015.jpg","contentUrl":"https:\/\/www.amanien.info\/news\/wp-content\/uploads\/2025\/12\/IMG-20251205-WA0015.jpg","width":1080,"height":810},{"@type":"BreadcrumbList","@id":"https:\/\/www.amanien.info\/news\/preservation-et-valorisation-du-patrimoine-culturel-ivoirien-le-mcci-presente-la-journee-heritage-vivant\/#breadcrumb","itemListElement":[{"@type":"ListItem","position":1,"name":"Accueil","item":"https:\/\/www.amanien.info\/news\/"},{"@type":"ListItem","position":2,"name":"Pr\u00e9servation et valorisation du patrimoine culturel ivoirien : le MCCI pr\u00e9sente la Journ\u00e9e H\u00e9ritage Vivant\u00a0"}]},{"@type":"WebSite","@id":"https:\/\/www.amanien.info\/news\/#website","url":"https:\/\/www.amanien.info\/news\/","name":"Amanien| L&#039;actualit\u00e9 Ivoirienne et Internationale","description":"L&#039;actualit\u00e9 Ivoirienne et Internationale","potentialAction":[{"@type":"SearchAction","target":{"@type":"EntryPoint","urlTemplate":"https:\/\/www.amanien.info\/news\/?s={search_term_string}"},"query-input":{"@type":"PropertyValueSpecification","valueRequired":true,"valueName":"search_term_string"}}],"inLanguage":"fr-FR"},{"@type":"Person","@id":"https:\/\/www.amanien.info\/news\/#\/schema\/person\/b21093345753a1a98242d505bd894f42","name":"Germain Ndri","url":"https:\/\/www.amanien.info\/news\/author\/amanien-infos\/"}]}},"_links":{"self":[{"href":"https:\/\/www.amanien.info\/news\/wp-json\/wp\/v2\/posts\/7682","targetHints":{"allow":["GET"]}}],"collection":[{"href":"https:\/\/www.amanien.info\/news\/wp-json\/wp\/v2\/posts"}],"about":[{"href":"https:\/\/www.amanien.info\/news\/wp-json\/wp\/v2\/types\/post"}],"author":[{"embeddable":true,"href":"https:\/\/www.amanien.info\/news\/wp-json\/wp\/v2\/users\/2"}],"replies":[{"embeddable":true,"href":"https:\/\/www.amanien.info\/news\/wp-json\/wp\/v2\/comments?post=7682"}],"version-history":[{"count":1,"href":"https:\/\/www.amanien.info\/news\/wp-json\/wp\/v2\/posts\/7682\/revisions"}],"predecessor-version":[{"id":7686,"href":"https:\/\/www.amanien.info\/news\/wp-json\/wp\/v2\/posts\/7682\/revisions\/7686"}],"wp:featuredmedia":[{"embeddable":true,"href":"https:\/\/www.amanien.info\/news\/wp-json\/wp\/v2\/media\/7685"}],"wp:attachment":[{"href":"https:\/\/www.amanien.info\/news\/wp-json\/wp\/v2\/media?parent=7682"}],"wp:term":[{"taxonomy":"category","embeddable":true,"href":"https:\/\/www.amanien.info\/news\/wp-json\/wp\/v2\/categories?post=7682"},{"taxonomy":"post_tag","embeddable":true,"href":"https:\/\/www.amanien.info\/news\/wp-json\/wp\/v2\/tags?post=7682"}],"curies":[{"name":"wp","href":"https:\/\/api.w.org\/{rel}","templated":true}]}}