{"id":7677,"date":"2025-12-04T16:17:24","date_gmt":"2025-12-04T16:17:24","guid":{"rendered":"https:\/\/www.amanien.info\/news\/?p=7677"},"modified":"2025-12-04T16:17:24","modified_gmt":"2025-12-04T16:17:24","slug":"difficultes-de-la-commercialisation-du-cacao-le-president-du-synap-ci-kone-moussa-annonce-le-lancement-dune-action-denvergure-nationale-a-partir-de-ce-lundi","status":"publish","type":"post","link":"https:\/\/www.amanien.info\/news\/difficultes-de-la-commercialisation-du-cacao-le-president-du-synap-ci-kone-moussa-annonce-le-lancement-dune-action-denvergure-nationale-a-partir-de-ce-lundi\/","title":{"rendered":"Difficult\u00e9s de la commercialisation du cacao : le Pr\u00e9sident du SYNAP-CI, Kon\u00e9 Moussa annonce le lancement d&rsquo;une action d&rsquo;envergure nationale \u00e0 partir de ce lundi"},"content":{"rendered":"<div>Face aux difficult\u00e9s ou blocage de la commercialisation du cacao ivoirien, le Pr\u00e9sident du Syndicat national agricole pour le progr\u00e8s en C\u00f4te d&rsquo;Ivoire (SYNAP-CI), Kon\u00e9 Moussa, a anim\u00e9, une importante conf\u00e9rence de presse, le mercredi 03 d\u00e9cembre 2025, \u00e0 Abidjan-Plateau.<\/div>\n<div><\/div>\n<div>A cette occasion, Kon\u00e9 Moussa a d&rsquo;abord expliqu\u00e9 les raisons des difficult\u00e9s actuelles li\u00e9es \u00e0 la commercialisation du cacao \u00ab\u00a0depuis un certain temps\u00a0\u00bb.<\/div>\n<div><\/div>\n<div>A l&rsquo;en croire, le syst\u00e8me mis en place par le r\u00e9gulateur, en l&rsquo;occurrence le Conseil caf\u00e9-cacao, \u00ab\u00a0bloque les messageries pour emp\u00eacher les coop\u00e9ratives et les exportations de tirer les connaissements\u00a0\u00bb,\u00a0 a-t-il d\u00e9nonc\u00e9, ajoutant que la situation est observ\u00e9e \u00e0 Abidjan, San-Pedro et dans les principales zones de production.<\/div>\n<div><\/div>\n<div><\/div>\n<div>Aux dires du Pr\u00e9sident Kon\u00e9 Moussa, le cacao\u00a0 de la grande campagne, pay\u00e9 \u00e0 2800 FCFA, est en train d&rsquo;\u00eatre trait\u00e9 comme celui de la campagne interm\u00e9diaire, ce qui entra\u00eenera d&rsquo;\u00e9normes pertes pour les producteurs, a-t-il dit.<\/div>\n<div><\/div>\n<div>Ces pertes qui pourraient \u00eatre \u00e9valu\u00e9es \u00e0 des milliards si rien n&rsquo;est fait, a pr\u00e9venu le premier responsable du SYNAP-CI.<\/div>\n<div><\/div>\n<div>Afin d&rsquo;\u00e9viter une telle situation (comme celle de la m\u00e9vente du cacao en 2016-2017), laissant les producteurs fragilis\u00e9s, Kon\u00e9 Moussa a annonc\u00e9, le lancement d&rsquo;une action d&rsquo;envergure visant \u00e0 documenter le blocage, exposer les difficult\u00e9s rencontr\u00e9es par les producteurs et alerter l&rsquo;opinion nationale et internationale.<\/div>\n<div><\/div>\n<div>A cet effet, des \u00e9quipes du SYNAP-CI, accompagn\u00e9s de commissaires de justice, seront d\u00e9ploy\u00e9s sur plusieurs sites o\u00f9 sont stock\u00e9es des quantit\u00e9s de cacao destin\u00e9es \u00e0 la campagne principale, qui a d\u00e9but\u00e9 depuis le 1er octobre dernier et s&rsquo;ach\u00e8vera en mars prochain.<\/div>\n<div><\/div>\n<div><\/div>\n<div>Cette action d&rsquo;envergure se poursuivra pendant tout le mois de d\u00e9cembre, jusqu&rsquo;\u00e0 obtenir des solutions concr\u00e8tes de la part des autorit\u00e9s comp\u00e9tentes et principaux acteurs de la fili\u00e8re, dira le Pr\u00e9sident du SYNAP-CI, qui a invit\u00e9 les producteurs \u00e0 se mobiliser et collaborer avec les repr\u00e9sentants du SYNAP-CI pour \u00ab\u00a0les constats d&rsquo;usages sur le terrain\u00a0\u00bb.<\/div>\n<div><\/div>\n<div><\/div>\n<div><b>S.A.<\/b><\/div>\n<div><\/div>\n","protected":false},"excerpt":{"rendered":"<p>Face aux difficult\u00e9s ou blocage de la commercialisation du cacao ivoirien, le Pr\u00e9sident du Syndicat national agricole pour le progr\u00e8s en C\u00f4te d&rsquo;Ivoire (SYNAP-CI), Kon\u00e9 Moussa, a anim\u00e9, une importante conf\u00e9rence de presse, le mercredi 03 d\u00e9cembre 2025, \u00e0 Abidjan-Plateau. A cette occasion, Kon\u00e9 Moussa a d&rsquo;abord expliqu\u00e9 les raisons des difficult\u00e9s actuelles li\u00e9es \u00e0 [&hellip;]<\/p>\n","protected":false},"author":2,"featured_media":7680,"comment_status":"closed","ping_status":"closed","sticky":false,"template":"","format":"standard","meta":{"_acf_changed":false,"footnotes":""},"categories":[5],"tags":[],"class_list":["post-7677","post","type-post","status-publish","format-standard","has-post-thumbnail","hentry","category-economie"],"acf":[],"yoast_head":"<!-- This site is optimized with the Yoast SEO plugin v27.5 - https:\/\/yoast.com\/product\/yoast-seo-wordpress\/ -->\n<title>Difficult\u00e9s de la commercialisation du cacao : le Pr\u00e9sident du SYNAP-CI, Kon\u00e9 Moussa annonce le lancement d&#039;une action d&#039;envergure nationale \u00e0 partir de ce lundi - Amanien| L&#039;actualit\u00e9 Ivoirienne et Internationale<\/title>\n<meta name=\"robots\" content=\"index, follow, max-snippet:-1, max-image-preview:large, max-video-preview:-1\" \/>\n<link rel=\"canonical\" href=\"https:\/\/www.amanien.info\/news\/difficultes-de-la-commercialisation-du-cacao-le-president-du-synap-ci-kone-moussa-annonce-le-lancement-dune-action-denvergure-nationale-a-partir-de-ce-lundi\/\" \/>\n<meta property=\"og:locale\" content=\"fr_FR\" \/>\n<meta property=\"og:type\" content=\"article\" \/>\n<meta property=\"og:title\" content=\"Difficult\u00e9s de la commercialisation du cacao : le Pr\u00e9sident du SYNAP-CI, Kon\u00e9 Moussa annonce le lancement d&#039;une action d&#039;envergure nationale \u00e0 partir de ce lundi - Amanien| L&#039;actualit\u00e9 Ivoirienne et Internationale\" \/>\n<meta property=\"og:description\" content=\"Face aux difficult\u00e9s ou blocage de la commercialisation du cacao ivoirien, le Pr\u00e9sident du Syndicat national agricole pour le progr\u00e8s en C\u00f4te d&rsquo;Ivoire (SYNAP-CI), Kon\u00e9 Moussa, a anim\u00e9, une importante conf\u00e9rence de presse, le mercredi 03 d\u00e9cembre 2025, \u00e0 Abidjan-Plateau. A cette occasion, Kon\u00e9 Moussa a d&rsquo;abord expliqu\u00e9 les raisons des difficult\u00e9s actuelles li\u00e9es \u00e0 [&hellip;]\" \/>\n<meta property=\"og:url\" content=\"https:\/\/www.amanien.info\/news\/difficultes-de-la-commercialisation-du-cacao-le-president-du-synap-ci-kone-moussa-annonce-le-lancement-dune-action-denvergure-nationale-a-partir-de-ce-lundi\/\" \/>\n<meta property=\"og:site_name\" content=\"Amanien| L&#039;actualit\u00e9 Ivoirienne et Internationale\" \/>\n<meta property=\"article:published_time\" content=\"2025-12-04T16:17:24+00:00\" \/>\n<meta property=\"og:image\" content=\"https:\/\/www.amanien.info\/news\/wp-content\/uploads\/2025\/12\/IMG-20251204-WA0006.jpg\" \/>\n\t<meta property=\"og:image:width\" content=\"810\" \/>\n\t<meta property=\"og:image:height\" content=\"1080\" \/>\n\t<meta property=\"og:image:type\" content=\"image\/jpeg\" \/>\n<meta name=\"author\" content=\"Germain Ndri\" \/>\n<meta name=\"twitter:card\" content=\"summary_large_image\" \/>\n<meta name=\"twitter:label1\" content=\"\u00c9crit par\" \/>\n\t<meta name=\"twitter:data1\" content=\"Germain Ndri\" \/>\n\t<meta name=\"twitter:label2\" content=\"Dur\u00e9e de lecture estim\u00e9e\" \/>\n\t<meta name=\"twitter:data2\" content=\"2 minutes\" \/>\n<script type=\"application\/ld+json\" class=\"yoast-schema-graph\">{\"@context\":\"https:\\\/\\\/schema.org\",\"@graph\":[{\"@type\":\"Article\",\"@id\":\"https:\\\/\\\/www.amanien.info\\\/news\\\/difficultes-de-la-commercialisation-du-cacao-le-president-du-synap-ci-kone-moussa-annonce-le-lancement-dune-action-denvergure-nationale-a-partir-de-ce-lundi\\\/#article\",\"isPartOf\":{\"@id\":\"https:\\\/\\\/www.amanien.info\\\/news\\\/difficultes-de-la-commercialisation-du-cacao-le-president-du-synap-ci-kone-moussa-annonce-le-lancement-dune-action-denvergure-nationale-a-partir-de-ce-lundi\\\/\"},\"author\":{\"name\":\"Germain Ndri\",\"@id\":\"https:\\\/\\\/www.amanien.info\\\/news\\\/#\\\/schema\\\/person\\\/b21093345753a1a98242d505bd894f42\"},\"headline\":\"Difficult\u00e9s de la commercialisation du cacao : le Pr\u00e9sident du SYNAP-CI, Kon\u00e9 Moussa annonce le lancement d&rsquo;une action d&rsquo;envergure nationale \u00e0 partir de ce lundi\",\"datePublished\":\"2025-12-04T16:17:24+00:00\",\"mainEntityOfPage\":{\"@id\":\"https:\\\/\\\/www.amanien.info\\\/news\\\/difficultes-de-la-commercialisation-du-cacao-le-president-du-synap-ci-kone-moussa-annonce-le-lancement-dune-action-denvergure-nationale-a-partir-de-ce-lundi\\\/\"},\"wordCount\":381,\"image\":{\"@id\":\"https:\\\/\\\/www.amanien.info\\\/news\\\/difficultes-de-la-commercialisation-du-cacao-le-president-du-synap-ci-kone-moussa-annonce-le-lancement-dune-action-denvergure-nationale-a-partir-de-ce-lundi\\\/#primaryimage\"},\"thumbnailUrl\":\"https:\\\/\\\/www.amanien.info\\\/news\\\/wp-content\\\/uploads\\\/2025\\\/12\\\/IMG-20251204-WA0006.jpg\",\"articleSection\":[\"Economie\"],\"inLanguage\":\"fr-FR\"},{\"@type\":\"WebPage\",\"@id\":\"https:\\\/\\\/www.amanien.info\\\/news\\\/difficultes-de-la-commercialisation-du-cacao-le-president-du-synap-ci-kone-moussa-annonce-le-lancement-dune-action-denvergure-nationale-a-partir-de-ce-lundi\\\/\",\"url\":\"https:\\\/\\\/www.amanien.info\\\/news\\\/difficultes-de-la-commercialisation-du-cacao-le-president-du-synap-ci-kone-moussa-annonce-le-lancement-dune-action-denvergure-nationale-a-partir-de-ce-lundi\\\/\",\"name\":\"Difficult\u00e9s de la commercialisation du cacao : le Pr\u00e9sident du SYNAP-CI, Kon\u00e9 Moussa annonce le lancement d'une action d'envergure nationale \u00e0 partir de ce lundi - Amanien| L&#039;actualit\u00e9 Ivoirienne et Internationale\",\"isPartOf\":{\"@id\":\"https:\\\/\\\/www.amanien.info\\\/news\\\/#website\"},\"primaryImageOfPage\":{\"@id\":\"https:\\\/\\\/www.amanien.info\\\/news\\\/difficultes-de-la-commercialisation-du-cacao-le-president-du-synap-ci-kone-moussa-annonce-le-lancement-dune-action-denvergure-nationale-a-partir-de-ce-lundi\\\/#primaryimage\"},\"image\":{\"@id\":\"https:\\\/\\\/www.amanien.info\\\/news\\\/difficultes-de-la-commercialisation-du-cacao-le-president-du-synap-ci-kone-moussa-annonce-le-lancement-dune-action-denvergure-nationale-a-partir-de-ce-lundi\\\/#primaryimage\"},\"thumbnailUrl\":\"https:\\\/\\\/www.amanien.info\\\/news\\\/wp-content\\\/uploads\\\/2025\\\/12\\\/IMG-20251204-WA0006.jpg\",\"datePublished\":\"2025-12-04T16:17:24+00:00\",\"author\":{\"@id\":\"https:\\\/\\\/www.amanien.info\\\/news\\\/#\\\/schema\\\/person\\\/b21093345753a1a98242d505bd894f42\"},\"breadcrumb\":{\"@id\":\"https:\\\/\\\/www.amanien.info\\\/news\\\/difficultes-de-la-commercialisation-du-cacao-le-president-du-synap-ci-kone-moussa-annonce-le-lancement-dune-action-denvergure-nationale-a-partir-de-ce-lundi\\\/#breadcrumb\"},\"inLanguage\":\"fr-FR\",\"potentialAction\":[{\"@type\":\"ReadAction\",\"target\":[\"https:\\\/\\\/www.amanien.info\\\/news\\\/difficultes-de-la-commercialisation-du-cacao-le-president-du-synap-ci-kone-moussa-annonce-le-lancement-dune-action-denvergure-nationale-a-partir-de-ce-lundi\\\/\"]}]},{\"@type\":\"ImageObject\",\"inLanguage\":\"fr-FR\",\"@id\":\"https:\\\/\\\/www.amanien.info\\\/news\\\/difficultes-de-la-commercialisation-du-cacao-le-president-du-synap-ci-kone-moussa-annonce-le-lancement-dune-action-denvergure-nationale-a-partir-de-ce-lundi\\\/#primaryimage\",\"url\":\"https:\\\/\\\/www.amanien.info\\\/news\\\/wp-content\\\/uploads\\\/2025\\\/12\\\/IMG-20251204-WA0006.jpg\",\"contentUrl\":\"https:\\\/\\\/www.amanien.info\\\/news\\\/wp-content\\\/uploads\\\/2025\\\/12\\\/IMG-20251204-WA0006.jpg\",\"width\":810,\"height\":1080},{\"@type\":\"BreadcrumbList\",\"@id\":\"https:\\\/\\\/www.amanien.info\\\/news\\\/difficultes-de-la-commercialisation-du-cacao-le-president-du-synap-ci-kone-moussa-annonce-le-lancement-dune-action-denvergure-nationale-a-partir-de-ce-lundi\\\/#breadcrumb\",\"itemListElement\":[{\"@type\":\"ListItem\",\"position\":1,\"name\":\"Accueil\",\"item\":\"https:\\\/\\\/www.amanien.info\\\/news\\\/\"},{\"@type\":\"ListItem\",\"position\":2,\"name\":\"Difficult\u00e9s de la commercialisation du cacao : le Pr\u00e9sident du SYNAP-CI, Kon\u00e9 Moussa annonce le lancement d&rsquo;une action d&rsquo;envergure nationale \u00e0 partir de ce lundi\"}]},{\"@type\":\"WebSite\",\"@id\":\"https:\\\/\\\/www.amanien.info\\\/news\\\/#website\",\"url\":\"https:\\\/\\\/www.amanien.info\\\/news\\\/\",\"name\":\"Amanien| L&#039;actualit\u00e9 Ivoirienne et Internationale\",\"description\":\"L&#039;actualit\u00e9 Ivoirienne et Internationale\",\"potentialAction\":[{\"@type\":\"SearchAction\",\"target\":{\"@type\":\"EntryPoint\",\"urlTemplate\":\"https:\\\/\\\/www.amanien.info\\\/news\\\/?s={search_term_string}\"},\"query-input\":{\"@type\":\"PropertyValueSpecification\",\"valueRequired\":true,\"valueName\":\"search_term_string\"}}],\"inLanguage\":\"fr-FR\"},{\"@type\":\"Person\",\"@id\":\"https:\\\/\\\/www.amanien.info\\\/news\\\/#\\\/schema\\\/person\\\/b21093345753a1a98242d505bd894f42\",\"name\":\"Germain Ndri\",\"url\":\"https:\\\/\\\/www.amanien.info\\\/news\\\/author\\\/amanien-infos\\\/\"}]}<\/script>\n<!-- \/ Yoast SEO plugin. -->","yoast_head_json":{"title":"Difficult\u00e9s de la commercialisation du cacao : le Pr\u00e9sident du SYNAP-CI, Kon\u00e9 Moussa annonce le lancement d'une action d'envergure nationale \u00e0 partir de ce lundi - Amanien| L&#039;actualit\u00e9 Ivoirienne et Internationale","robots":{"index":"index","follow":"follow","max-snippet":"max-snippet:-1","max-image-preview":"max-image-preview:large","max-video-preview":"max-video-preview:-1"},"canonical":"https:\/\/www.amanien.info\/news\/difficultes-de-la-commercialisation-du-cacao-le-president-du-synap-ci-kone-moussa-annonce-le-lancement-dune-action-denvergure-nationale-a-partir-de-ce-lundi\/","og_locale":"fr_FR","og_type":"article","og_title":"Difficult\u00e9s de la commercialisation du cacao : le Pr\u00e9sident du SYNAP-CI, Kon\u00e9 Moussa annonce le lancement d'une action d'envergure nationale \u00e0 partir de ce lundi - Amanien| L&#039;actualit\u00e9 Ivoirienne et Internationale","og_description":"Face aux difficult\u00e9s ou blocage de la commercialisation du cacao ivoirien, le Pr\u00e9sident du Syndicat national agricole pour le progr\u00e8s en C\u00f4te d&rsquo;Ivoire (SYNAP-CI), Kon\u00e9 Moussa, a anim\u00e9, une importante conf\u00e9rence de presse, le mercredi 03 d\u00e9cembre 2025, \u00e0 Abidjan-Plateau. A cette occasion, Kon\u00e9 Moussa a d&rsquo;abord expliqu\u00e9 les raisons des difficult\u00e9s actuelles li\u00e9es \u00e0 [&hellip;]","og_url":"https:\/\/www.amanien.info\/news\/difficultes-de-la-commercialisation-du-cacao-le-president-du-synap-ci-kone-moussa-annonce-le-lancement-dune-action-denvergure-nationale-a-partir-de-ce-lundi\/","og_site_name":"Amanien| L&#039;actualit\u00e9 Ivoirienne et Internationale","article_published_time":"2025-12-04T16:17:24+00:00","og_image":[{"width":810,"height":1080,"url":"https:\/\/www.amanien.info\/news\/wp-content\/uploads\/2025\/12\/IMG-20251204-WA0006.jpg","type":"image\/jpeg"}],"author":"Germain Ndri","twitter_card":"summary_large_image","twitter_misc":{"\u00c9crit par":"Germain Ndri","Dur\u00e9e de lecture estim\u00e9e":"2 minutes"},"schema":{"@context":"https:\/\/schema.org","@graph":[{"@type":"Article","@id":"https:\/\/www.amanien.info\/news\/difficultes-de-la-commercialisation-du-cacao-le-president-du-synap-ci-kone-moussa-annonce-le-lancement-dune-action-denvergure-nationale-a-partir-de-ce-lundi\/#article","isPartOf":{"@id":"https:\/\/www.amanien.info\/news\/difficultes-de-la-commercialisation-du-cacao-le-president-du-synap-ci-kone-moussa-annonce-le-lancement-dune-action-denvergure-nationale-a-partir-de-ce-lundi\/"},"author":{"name":"Germain Ndri","@id":"https:\/\/www.amanien.info\/news\/#\/schema\/person\/b21093345753a1a98242d505bd894f42"},"headline":"Difficult\u00e9s de la commercialisation du cacao : le Pr\u00e9sident du SYNAP-CI, Kon\u00e9 Moussa annonce le lancement d&rsquo;une action d&rsquo;envergure nationale \u00e0 partir de ce lundi","datePublished":"2025-12-04T16:17:24+00:00","mainEntityOfPage":{"@id":"https:\/\/www.amanien.info\/news\/difficultes-de-la-commercialisation-du-cacao-le-president-du-synap-ci-kone-moussa-annonce-le-lancement-dune-action-denvergure-nationale-a-partir-de-ce-lundi\/"},"wordCount":381,"image":{"@id":"https:\/\/www.amanien.info\/news\/difficultes-de-la-commercialisation-du-cacao-le-president-du-synap-ci-kone-moussa-annonce-le-lancement-dune-action-denvergure-nationale-a-partir-de-ce-lundi\/#primaryimage"},"thumbnailUrl":"https:\/\/www.amanien.info\/news\/wp-content\/uploads\/2025\/12\/IMG-20251204-WA0006.jpg","articleSection":["Economie"],"inLanguage":"fr-FR"},{"@type":"WebPage","@id":"https:\/\/www.amanien.info\/news\/difficultes-de-la-commercialisation-du-cacao-le-president-du-synap-ci-kone-moussa-annonce-le-lancement-dune-action-denvergure-nationale-a-partir-de-ce-lundi\/","url":"https:\/\/www.amanien.info\/news\/difficultes-de-la-commercialisation-du-cacao-le-president-du-synap-ci-kone-moussa-annonce-le-lancement-dune-action-denvergure-nationale-a-partir-de-ce-lundi\/","name":"Difficult\u00e9s de la commercialisation du cacao : le Pr\u00e9sident du SYNAP-CI, Kon\u00e9 Moussa annonce le lancement d'une action d'envergure nationale \u00e0 partir de ce lundi - Amanien| L&#039;actualit\u00e9 Ivoirienne et Internationale","isPartOf":{"@id":"https:\/\/www.amanien.info\/news\/#website"},"primaryImageOfPage":{"@id":"https:\/\/www.amanien.info\/news\/difficultes-de-la-commercialisation-du-cacao-le-president-du-synap-ci-kone-moussa-annonce-le-lancement-dune-action-denvergure-nationale-a-partir-de-ce-lundi\/#primaryimage"},"image":{"@id":"https:\/\/www.amanien.info\/news\/difficultes-de-la-commercialisation-du-cacao-le-president-du-synap-ci-kone-moussa-annonce-le-lancement-dune-action-denvergure-nationale-a-partir-de-ce-lundi\/#primaryimage"},"thumbnailUrl":"https:\/\/www.amanien.info\/news\/wp-content\/uploads\/2025\/12\/IMG-20251204-WA0006.jpg","datePublished":"2025-12-04T16:17:24+00:00","author":{"@id":"https:\/\/www.amanien.info\/news\/#\/schema\/person\/b21093345753a1a98242d505bd894f42"},"breadcrumb":{"@id":"https:\/\/www.amanien.info\/news\/difficultes-de-la-commercialisation-du-cacao-le-president-du-synap-ci-kone-moussa-annonce-le-lancement-dune-action-denvergure-nationale-a-partir-de-ce-lundi\/#breadcrumb"},"inLanguage":"fr-FR","potentialAction":[{"@type":"ReadAction","target":["https:\/\/www.amanien.info\/news\/difficultes-de-la-commercialisation-du-cacao-le-president-du-synap-ci-kone-moussa-annonce-le-lancement-dune-action-denvergure-nationale-a-partir-de-ce-lundi\/"]}]},{"@type":"ImageObject","inLanguage":"fr-FR","@id":"https:\/\/www.amanien.info\/news\/difficultes-de-la-commercialisation-du-cacao-le-president-du-synap-ci-kone-moussa-annonce-le-lancement-dune-action-denvergure-nationale-a-partir-de-ce-lundi\/#primaryimage","url":"https:\/\/www.amanien.info\/news\/wp-content\/uploads\/2025\/12\/IMG-20251204-WA0006.jpg","contentUrl":"https:\/\/www.amanien.info\/news\/wp-content\/uploads\/2025\/12\/IMG-20251204-WA0006.jpg","width":810,"height":1080},{"@type":"BreadcrumbList","@id":"https:\/\/www.amanien.info\/news\/difficultes-de-la-commercialisation-du-cacao-le-president-du-synap-ci-kone-moussa-annonce-le-lancement-dune-action-denvergure-nationale-a-partir-de-ce-lundi\/#breadcrumb","itemListElement":[{"@type":"ListItem","position":1,"name":"Accueil","item":"https:\/\/www.amanien.info\/news\/"},{"@type":"ListItem","position":2,"name":"Difficult\u00e9s de la commercialisation du cacao : le Pr\u00e9sident du SYNAP-CI, Kon\u00e9 Moussa annonce le lancement d&rsquo;une action d&rsquo;envergure nationale \u00e0 partir de ce lundi"}]},{"@type":"WebSite","@id":"https:\/\/www.amanien.info\/news\/#website","url":"https:\/\/www.amanien.info\/news\/","name":"Amanien| L&#039;actualit\u00e9 Ivoirienne et Internationale","description":"L&#039;actualit\u00e9 Ivoirienne et Internationale","potentialAction":[{"@type":"SearchAction","target":{"@type":"EntryPoint","urlTemplate":"https:\/\/www.amanien.info\/news\/?s={search_term_string}"},"query-input":{"@type":"PropertyValueSpecification","valueRequired":true,"valueName":"search_term_string"}}],"inLanguage":"fr-FR"},{"@type":"Person","@id":"https:\/\/www.amanien.info\/news\/#\/schema\/person\/b21093345753a1a98242d505bd894f42","name":"Germain Ndri","url":"https:\/\/www.amanien.info\/news\/author\/amanien-infos\/"}]}},"_links":{"self":[{"href":"https:\/\/www.amanien.info\/news\/wp-json\/wp\/v2\/posts\/7677","targetHints":{"allow":["GET"]}}],"collection":[{"href":"https:\/\/www.amanien.info\/news\/wp-json\/wp\/v2\/posts"}],"about":[{"href":"https:\/\/www.amanien.info\/news\/wp-json\/wp\/v2\/types\/post"}],"author":[{"embeddable":true,"href":"https:\/\/www.amanien.info\/news\/wp-json\/wp\/v2\/users\/2"}],"replies":[{"embeddable":true,"href":"https:\/\/www.amanien.info\/news\/wp-json\/wp\/v2\/comments?post=7677"}],"version-history":[{"count":1,"href":"https:\/\/www.amanien.info\/news\/wp-json\/wp\/v2\/posts\/7677\/revisions"}],"predecessor-version":[{"id":7681,"href":"https:\/\/www.amanien.info\/news\/wp-json\/wp\/v2\/posts\/7677\/revisions\/7681"}],"wp:featuredmedia":[{"embeddable":true,"href":"https:\/\/www.amanien.info\/news\/wp-json\/wp\/v2\/media\/7680"}],"wp:attachment":[{"href":"https:\/\/www.amanien.info\/news\/wp-json\/wp\/v2\/media?parent=7677"}],"wp:term":[{"taxonomy":"category","embeddable":true,"href":"https:\/\/www.amanien.info\/news\/wp-json\/wp\/v2\/categories?post=7677"},{"taxonomy":"post_tag","embeddable":true,"href":"https:\/\/www.amanien.info\/news\/wp-json\/wp\/v2\/tags?post=7677"}],"curies":[{"name":"wp","href":"https:\/\/api.w.org\/{rel}","templated":true}]}}