{"id":7616,"date":"2025-10-31T22:08:14","date_gmt":"2025-10-31T22:08:14","guid":{"rendered":"https:\/\/www.amanien.info\/news\/?p=7616"},"modified":"2025-10-31T22:08:14","modified_gmt":"2025-10-31T22:08:14","slug":"legislatives-2025-le-president-de-la-cei-ibrahime-kuibiert-coulibaly-presente-les-grandes-lignes-et-les-dispositions-pratiques-du-processus-electoral","status":"publish","type":"post","link":"https:\/\/www.amanien.info\/news\/legislatives-2025-le-president-de-la-cei-ibrahime-kuibiert-coulibaly-presente-les-grandes-lignes-et-les-dispositions-pratiques-du-processus-electoral\/","title":{"rendered":"L\u00e9gislatives 2025 : le Pr\u00e9sident de la CEI, Ibrahime Kuibiert Coulibaly  pr\u00e9sente les grandes lignes et les dispositions pratiques du processus \u00e9lectoral"},"content":{"rendered":"<p>Pr\u00e9senter les grandes lignes de l&rsquo;organisation des \u00e9lections l\u00e9gislatives et les dispositions pratiques relatives au d\u00e9p\u00f4t des dossiers de candidature ainsi qu&rsquo;\u00e0 la conduite du processus \u00e9lectoral. Tel est l&rsquo;objectif de la r\u00e9union d&rsquo;informations et d&rsquo;\u00e9changes qu&rsquo;a organis\u00e9e la Commission \u00e9lectorale ind\u00e9pendante (CEI), le jeudi 30 octobre 2025 \u00e0 Abidjan-Cocody, en pr\u00e9sence de plusieurs partis et groupements politiques et les potentiels candidats aux \u00e9lections l\u00e9gislatives du 27 d\u00e9cembre prochain.<\/p>\n<div><\/div>\n<div><\/div>\n<div><\/div>\n<div>Dans sa brillante intervention, le Pr\u00e9sident de la CEI, Ibrahime Kuibiert Coulibaly, a rappel\u00e9 que, conform\u00e9ment \u00e0 l&rsquo;article 90 de la constitution, \u00ab\u00a0les pouvoirs de l&rsquo;assembl\u00e9e nationale expirent \u00e0 la fin de la deuxi\u00e8me session ordinaire de la derni\u00e8re ann\u00e9e de la l\u00e9gislature. La CEI est donc tenue d&rsquo;organiser le scrutin avant cette \u00e9ch\u00e9ance \u00ab\u00a0, a-t-il d\u00e9clar\u00e9.<\/div>\n<div>C&rsquo;est sur cette base que le d\u00e9cret n\u00b02025-656 du 31 juillet 2025, sign\u00e9 par le Pr\u00e9sident de la R\u00e9publique, a convoqu\u00e9 le corps \u00e9lectoral le 27 d\u00e9cembre 2025, en vue du renouvellement des 255 si\u00e8ges de l&rsquo;assembl\u00e9e nationale, marquant ainsi le d\u00e9but de la 15e l\u00e9gislature, a-t-il poursuivi.<\/div>\n<div><\/div>\n<div>Avant de donner le chronogramme \u00e9lectoral s&rsquo;\u00e9tablissant comme suit:<\/div>\n<div>Le d\u00e9p\u00f4t des dossiers de candidature d\u00e9marre ce 31 octobre 2025 pour prendre fin le 12 novembre prochain, soit 13 jours.<\/div>\n<div><\/div>\n<div>Le contentieux d&rsquo;\u00e9ligibilit\u00e9 est pr\u00e9vu 13 au 19 novembre prochain.<\/div>\n<div><\/div>\n<div>Quant \u00e0 la campagne \u00e9lectorale, elle se d\u00e9roulera du 19 au 26 d\u00e9cembre 2025, soit 8 jours.<\/div>\n<div>Le 27 d\u00e9cembre 2025 se d\u00e9roulera le scrutin l\u00e9gislatif, dont la proclamation des r\u00e9sultats est pr\u00e9vu entre le 28 et le 30 d\u00e9cembre 2025.<\/div>\n<div>Pour ce qui est du contentieux post- \u00e9lectoral, il est pr\u00e9vu au plus tard, le 05 janvier 2026.<\/div>\n<div><\/div>\n<div>Enfin, la publication de la liste d\u00e9finitive des 255 d\u00e9put\u00e9s est pr\u00e9vue avant le 16 janvier 2026.<\/div>\n<div><\/div>\n<div>Le Pr\u00e9sident de la CEI a \u00e9galement insist\u00e9 sur le fait que la proclamation des r\u00e9sultats sera faite par la CEI. En cas de contestation, le Conseil constitutionnel reste la seule instance habilit\u00e9e \u00e0 statuer sur la r\u00e9gularit\u00e9 du scrutin.<\/div>\n<div><\/div>\n<div><\/div>\n<div>Il a, par la suite, assur\u00e9 que les minist\u00e8res de l&rsquo;int\u00e9rieur, de la justice et des finances ont \u00e9t\u00e9 saisies afin de faciliter la d\u00e9livrance des documents n\u00e9cessaires aux candidature et a invit\u00e9 les candidats \u00e0 d\u00e9poser leurs dossiers complets dans les d\u00e9lais impartis.<\/div>\n<div><\/div>\n<div><\/div>\n<div>Repr\u00e9sentant le Directeur G\u00e9n\u00e9ral la Caisse des D\u00e9p\u00f4ts et\u00a0 Consignations(CDC), M. Tour\u00e9 Karamoko, a,\u00a0 pour sa part, pr\u00e9sent\u00e9 la nouvelle plateforme de paiement du cautionnement mise en place en l&rsquo;occurrence la CDC, qui vise \u00e0 s\u00e9curiser et simplifier le paiement dudit cautionnement fix\u00e9 \u00e0 100 000 FCFA, \u00e0 travers un syst\u00e8me d\u00e9mat\u00e9rialis\u00e9 accessible via le site internet :\u00a0<a href=\"http:\/\/www.cdc.ci\/\" target=\"_blank\" rel=\"nofollow noopener noreferrer\">www.cdc.ci<\/a>\u00a0.<\/div>\n<div><\/div>\n<div><\/div>\n<div>Cette importante rencontre a \u00e9t\u00e9 \u00e9galement marqu\u00e9e par des s\u00e9ries d&rsquo;\u00e9changes entre le Pr\u00e9sident de la CEI et les partis et groupements politiques.<\/div>\n<div><\/div>\n<div><\/div>\n<div><b>S.A.<\/b><\/div>\n","protected":false},"excerpt":{"rendered":"<p>Pr\u00e9senter les grandes lignes de l&rsquo;organisation des \u00e9lections l\u00e9gislatives et les dispositions pratiques relatives au d\u00e9p\u00f4t des dossiers de candidature ainsi qu&rsquo;\u00e0 la conduite du processus \u00e9lectoral. Tel est l&rsquo;objectif de la r\u00e9union d&rsquo;informations et d&rsquo;\u00e9changes qu&rsquo;a organis\u00e9e la Commission \u00e9lectorale ind\u00e9pendante (CEI), le jeudi 30 octobre 2025 \u00e0 Abidjan-Cocody, en pr\u00e9sence de plusieurs partis [&hellip;]<\/p>\n","protected":false},"author":2,"featured_media":7618,"comment_status":"closed","ping_status":"closed","sticky":false,"template":"","format":"standard","meta":{"_acf_changed":false,"footnotes":""},"categories":[],"tags":[16],"class_list":["post-7616","post","type-post","status-publish","format-standard","has-post-thumbnail","hentry","tag-politique"],"acf":[],"yoast_head":"<!-- This site is optimized with the Yoast SEO plugin v27.5 - https:\/\/yoast.com\/product\/yoast-seo-wordpress\/ -->\n<title>L\u00e9gislatives 2025 : le Pr\u00e9sident de la CEI, Ibrahime Kuibiert Coulibaly pr\u00e9sente les grandes lignes et les dispositions pratiques du processus \u00e9lectoral - Amanien| L&#039;actualit\u00e9 Ivoirienne et Internationale<\/title>\n<meta name=\"robots\" content=\"index, follow, max-snippet:-1, max-image-preview:large, max-video-preview:-1\" \/>\n<link rel=\"canonical\" href=\"https:\/\/www.amanien.info\/news\/legislatives-2025-le-president-de-la-cei-ibrahime-kuibiert-coulibaly-presente-les-grandes-lignes-et-les-dispositions-pratiques-du-processus-electoral\/\" \/>\n<meta property=\"og:locale\" content=\"fr_FR\" \/>\n<meta property=\"og:type\" content=\"article\" \/>\n<meta property=\"og:title\" content=\"L\u00e9gislatives 2025 : le Pr\u00e9sident de la CEI, Ibrahime Kuibiert Coulibaly pr\u00e9sente les grandes lignes et les dispositions pratiques du processus \u00e9lectoral - Amanien| L&#039;actualit\u00e9 Ivoirienne et Internationale\" \/>\n<meta property=\"og:description\" content=\"Pr\u00e9senter les grandes lignes de l&rsquo;organisation des \u00e9lections l\u00e9gislatives et les dispositions pratiques relatives au d\u00e9p\u00f4t des dossiers de candidature ainsi qu&rsquo;\u00e0 la conduite du processus \u00e9lectoral. Tel est l&rsquo;objectif de la r\u00e9union d&rsquo;informations et d&rsquo;\u00e9changes qu&rsquo;a organis\u00e9e la Commission \u00e9lectorale ind\u00e9pendante (CEI), le jeudi 30 octobre 2025 \u00e0 Abidjan-Cocody, en pr\u00e9sence de plusieurs partis [&hellip;]\" \/>\n<meta property=\"og:url\" content=\"https:\/\/www.amanien.info\/news\/legislatives-2025-le-president-de-la-cei-ibrahime-kuibiert-coulibaly-presente-les-grandes-lignes-et-les-dispositions-pratiques-du-processus-electoral\/\" \/>\n<meta property=\"og:site_name\" content=\"Amanien| L&#039;actualit\u00e9 Ivoirienne et Internationale\" \/>\n<meta property=\"article:published_time\" content=\"2025-10-31T22:08:14+00:00\" \/>\n<meta property=\"og:image\" content=\"https:\/\/www.amanien.info\/news\/wp-content\/uploads\/2025\/10\/B05I3154.jpg\" \/>\n\t<meta property=\"og:image:width\" content=\"1024\" \/>\n\t<meta property=\"og:image:height\" content=\"683\" \/>\n\t<meta property=\"og:image:type\" content=\"image\/jpeg\" \/>\n<meta name=\"author\" content=\"Germain Ndri\" \/>\n<meta name=\"twitter:card\" content=\"summary_large_image\" \/>\n<meta name=\"twitter:label1\" content=\"\u00c9crit par\" \/>\n\t<meta name=\"twitter:data1\" content=\"Germain Ndri\" \/>\n\t<meta name=\"twitter:label2\" content=\"Dur\u00e9e de lecture estim\u00e9e\" \/>\n\t<meta name=\"twitter:data2\" content=\"3 minutes\" \/>\n<script type=\"application\/ld+json\" class=\"yoast-schema-graph\">{\"@context\":\"https:\\\/\\\/schema.org\",\"@graph\":[{\"@type\":\"Article\",\"@id\":\"https:\\\/\\\/www.amanien.info\\\/news\\\/legislatives-2025-le-president-de-la-cei-ibrahime-kuibiert-coulibaly-presente-les-grandes-lignes-et-les-dispositions-pratiques-du-processus-electoral\\\/#article\",\"isPartOf\":{\"@id\":\"https:\\\/\\\/www.amanien.info\\\/news\\\/legislatives-2025-le-president-de-la-cei-ibrahime-kuibiert-coulibaly-presente-les-grandes-lignes-et-les-dispositions-pratiques-du-processus-electoral\\\/\"},\"author\":{\"name\":\"Germain Ndri\",\"@id\":\"https:\\\/\\\/www.amanien.info\\\/news\\\/#\\\/schema\\\/person\\\/b21093345753a1a98242d505bd894f42\"},\"headline\":\"L\u00e9gislatives 2025 : le Pr\u00e9sident de la CEI, Ibrahime Kuibiert Coulibaly pr\u00e9sente les grandes lignes et les dispositions pratiques du processus \u00e9lectoral\",\"datePublished\":\"2025-10-31T22:08:14+00:00\",\"mainEntityOfPage\":{\"@id\":\"https:\\\/\\\/www.amanien.info\\\/news\\\/legislatives-2025-le-president-de-la-cei-ibrahime-kuibiert-coulibaly-presente-les-grandes-lignes-et-les-dispositions-pratiques-du-processus-electoral\\\/\"},\"wordCount\":525,\"image\":{\"@id\":\"https:\\\/\\\/www.amanien.info\\\/news\\\/legislatives-2025-le-president-de-la-cei-ibrahime-kuibiert-coulibaly-presente-les-grandes-lignes-et-les-dispositions-pratiques-du-processus-electoral\\\/#primaryimage\"},\"thumbnailUrl\":\"https:\\\/\\\/www.amanien.info\\\/news\\\/wp-content\\\/uploads\\\/2025\\\/10\\\/B05I3154.jpg\",\"keywords\":[\"Politique\"],\"inLanguage\":\"fr-FR\"},{\"@type\":\"WebPage\",\"@id\":\"https:\\\/\\\/www.amanien.info\\\/news\\\/legislatives-2025-le-president-de-la-cei-ibrahime-kuibiert-coulibaly-presente-les-grandes-lignes-et-les-dispositions-pratiques-du-processus-electoral\\\/\",\"url\":\"https:\\\/\\\/www.amanien.info\\\/news\\\/legislatives-2025-le-president-de-la-cei-ibrahime-kuibiert-coulibaly-presente-les-grandes-lignes-et-les-dispositions-pratiques-du-processus-electoral\\\/\",\"name\":\"L\u00e9gislatives 2025 : le Pr\u00e9sident de la CEI, Ibrahime Kuibiert Coulibaly pr\u00e9sente les grandes lignes et les dispositions pratiques du processus \u00e9lectoral - Amanien| L&#039;actualit\u00e9 Ivoirienne et Internationale\",\"isPartOf\":{\"@id\":\"https:\\\/\\\/www.amanien.info\\\/news\\\/#website\"},\"primaryImageOfPage\":{\"@id\":\"https:\\\/\\\/www.amanien.info\\\/news\\\/legislatives-2025-le-president-de-la-cei-ibrahime-kuibiert-coulibaly-presente-les-grandes-lignes-et-les-dispositions-pratiques-du-processus-electoral\\\/#primaryimage\"},\"image\":{\"@id\":\"https:\\\/\\\/www.amanien.info\\\/news\\\/legislatives-2025-le-president-de-la-cei-ibrahime-kuibiert-coulibaly-presente-les-grandes-lignes-et-les-dispositions-pratiques-du-processus-electoral\\\/#primaryimage\"},\"thumbnailUrl\":\"https:\\\/\\\/www.amanien.info\\\/news\\\/wp-content\\\/uploads\\\/2025\\\/10\\\/B05I3154.jpg\",\"datePublished\":\"2025-10-31T22:08:14+00:00\",\"author\":{\"@id\":\"https:\\\/\\\/www.amanien.info\\\/news\\\/#\\\/schema\\\/person\\\/b21093345753a1a98242d505bd894f42\"},\"breadcrumb\":{\"@id\":\"https:\\\/\\\/www.amanien.info\\\/news\\\/legislatives-2025-le-president-de-la-cei-ibrahime-kuibiert-coulibaly-presente-les-grandes-lignes-et-les-dispositions-pratiques-du-processus-electoral\\\/#breadcrumb\"},\"inLanguage\":\"fr-FR\",\"potentialAction\":[{\"@type\":\"ReadAction\",\"target\":[\"https:\\\/\\\/www.amanien.info\\\/news\\\/legislatives-2025-le-president-de-la-cei-ibrahime-kuibiert-coulibaly-presente-les-grandes-lignes-et-les-dispositions-pratiques-du-processus-electoral\\\/\"]}]},{\"@type\":\"ImageObject\",\"inLanguage\":\"fr-FR\",\"@id\":\"https:\\\/\\\/www.amanien.info\\\/news\\\/legislatives-2025-le-president-de-la-cei-ibrahime-kuibiert-coulibaly-presente-les-grandes-lignes-et-les-dispositions-pratiques-du-processus-electoral\\\/#primaryimage\",\"url\":\"https:\\\/\\\/www.amanien.info\\\/news\\\/wp-content\\\/uploads\\\/2025\\\/10\\\/B05I3154.jpg\",\"contentUrl\":\"https:\\\/\\\/www.amanien.info\\\/news\\\/wp-content\\\/uploads\\\/2025\\\/10\\\/B05I3154.jpg\",\"width\":1024,\"height\":683},{\"@type\":\"BreadcrumbList\",\"@id\":\"https:\\\/\\\/www.amanien.info\\\/news\\\/legislatives-2025-le-president-de-la-cei-ibrahime-kuibiert-coulibaly-presente-les-grandes-lignes-et-les-dispositions-pratiques-du-processus-electoral\\\/#breadcrumb\",\"itemListElement\":[{\"@type\":\"ListItem\",\"position\":1,\"name\":\"Accueil\",\"item\":\"https:\\\/\\\/www.amanien.info\\\/news\\\/\"},{\"@type\":\"ListItem\",\"position\":2,\"name\":\"L\u00e9gislatives 2025 : le Pr\u00e9sident de la CEI, Ibrahime Kuibiert Coulibaly pr\u00e9sente les grandes lignes et les dispositions pratiques du processus \u00e9lectoral\"}]},{\"@type\":\"WebSite\",\"@id\":\"https:\\\/\\\/www.amanien.info\\\/news\\\/#website\",\"url\":\"https:\\\/\\\/www.amanien.info\\\/news\\\/\",\"name\":\"Amanien| L&#039;actualit\u00e9 Ivoirienne et Internationale\",\"description\":\"L&#039;actualit\u00e9 Ivoirienne et Internationale\",\"potentialAction\":[{\"@type\":\"SearchAction\",\"target\":{\"@type\":\"EntryPoint\",\"urlTemplate\":\"https:\\\/\\\/www.amanien.info\\\/news\\\/?s={search_term_string}\"},\"query-input\":{\"@type\":\"PropertyValueSpecification\",\"valueRequired\":true,\"valueName\":\"search_term_string\"}}],\"inLanguage\":\"fr-FR\"},{\"@type\":\"Person\",\"@id\":\"https:\\\/\\\/www.amanien.info\\\/news\\\/#\\\/schema\\\/person\\\/b21093345753a1a98242d505bd894f42\",\"name\":\"Germain Ndri\",\"url\":\"https:\\\/\\\/www.amanien.info\\\/news\\\/author\\\/amanien-infos\\\/\"}]}<\/script>\n<!-- \/ Yoast SEO plugin. -->","yoast_head_json":{"title":"L\u00e9gislatives 2025 : le Pr\u00e9sident de la CEI, Ibrahime Kuibiert Coulibaly pr\u00e9sente les grandes lignes et les dispositions pratiques du processus \u00e9lectoral - Amanien| L&#039;actualit\u00e9 Ivoirienne et Internationale","robots":{"index":"index","follow":"follow","max-snippet":"max-snippet:-1","max-image-preview":"max-image-preview:large","max-video-preview":"max-video-preview:-1"},"canonical":"https:\/\/www.amanien.info\/news\/legislatives-2025-le-president-de-la-cei-ibrahime-kuibiert-coulibaly-presente-les-grandes-lignes-et-les-dispositions-pratiques-du-processus-electoral\/","og_locale":"fr_FR","og_type":"article","og_title":"L\u00e9gislatives 2025 : le Pr\u00e9sident de la CEI, Ibrahime Kuibiert Coulibaly pr\u00e9sente les grandes lignes et les dispositions pratiques du processus \u00e9lectoral - Amanien| L&#039;actualit\u00e9 Ivoirienne et Internationale","og_description":"Pr\u00e9senter les grandes lignes de l&rsquo;organisation des \u00e9lections l\u00e9gislatives et les dispositions pratiques relatives au d\u00e9p\u00f4t des dossiers de candidature ainsi qu&rsquo;\u00e0 la conduite du processus \u00e9lectoral. Tel est l&rsquo;objectif de la r\u00e9union d&rsquo;informations et d&rsquo;\u00e9changes qu&rsquo;a organis\u00e9e la Commission \u00e9lectorale ind\u00e9pendante (CEI), le jeudi 30 octobre 2025 \u00e0 Abidjan-Cocody, en pr\u00e9sence de plusieurs partis [&hellip;]","og_url":"https:\/\/www.amanien.info\/news\/legislatives-2025-le-president-de-la-cei-ibrahime-kuibiert-coulibaly-presente-les-grandes-lignes-et-les-dispositions-pratiques-du-processus-electoral\/","og_site_name":"Amanien| L&#039;actualit\u00e9 Ivoirienne et Internationale","article_published_time":"2025-10-31T22:08:14+00:00","og_image":[{"width":1024,"height":683,"url":"https:\/\/www.amanien.info\/news\/wp-content\/uploads\/2025\/10\/B05I3154.jpg","type":"image\/jpeg"}],"author":"Germain Ndri","twitter_card":"summary_large_image","twitter_misc":{"\u00c9crit par":"Germain Ndri","Dur\u00e9e de lecture estim\u00e9e":"3 minutes"},"schema":{"@context":"https:\/\/schema.org","@graph":[{"@type":"Article","@id":"https:\/\/www.amanien.info\/news\/legislatives-2025-le-president-de-la-cei-ibrahime-kuibiert-coulibaly-presente-les-grandes-lignes-et-les-dispositions-pratiques-du-processus-electoral\/#article","isPartOf":{"@id":"https:\/\/www.amanien.info\/news\/legislatives-2025-le-president-de-la-cei-ibrahime-kuibiert-coulibaly-presente-les-grandes-lignes-et-les-dispositions-pratiques-du-processus-electoral\/"},"author":{"name":"Germain Ndri","@id":"https:\/\/www.amanien.info\/news\/#\/schema\/person\/b21093345753a1a98242d505bd894f42"},"headline":"L\u00e9gislatives 2025 : le Pr\u00e9sident de la CEI, Ibrahime Kuibiert Coulibaly pr\u00e9sente les grandes lignes et les dispositions pratiques du processus \u00e9lectoral","datePublished":"2025-10-31T22:08:14+00:00","mainEntityOfPage":{"@id":"https:\/\/www.amanien.info\/news\/legislatives-2025-le-president-de-la-cei-ibrahime-kuibiert-coulibaly-presente-les-grandes-lignes-et-les-dispositions-pratiques-du-processus-electoral\/"},"wordCount":525,"image":{"@id":"https:\/\/www.amanien.info\/news\/legislatives-2025-le-president-de-la-cei-ibrahime-kuibiert-coulibaly-presente-les-grandes-lignes-et-les-dispositions-pratiques-du-processus-electoral\/#primaryimage"},"thumbnailUrl":"https:\/\/www.amanien.info\/news\/wp-content\/uploads\/2025\/10\/B05I3154.jpg","keywords":["Politique"],"inLanguage":"fr-FR"},{"@type":"WebPage","@id":"https:\/\/www.amanien.info\/news\/legislatives-2025-le-president-de-la-cei-ibrahime-kuibiert-coulibaly-presente-les-grandes-lignes-et-les-dispositions-pratiques-du-processus-electoral\/","url":"https:\/\/www.amanien.info\/news\/legislatives-2025-le-president-de-la-cei-ibrahime-kuibiert-coulibaly-presente-les-grandes-lignes-et-les-dispositions-pratiques-du-processus-electoral\/","name":"L\u00e9gislatives 2025 : le Pr\u00e9sident de la CEI, Ibrahime Kuibiert Coulibaly pr\u00e9sente les grandes lignes et les dispositions pratiques du processus \u00e9lectoral - Amanien| L&#039;actualit\u00e9 Ivoirienne et Internationale","isPartOf":{"@id":"https:\/\/www.amanien.info\/news\/#website"},"primaryImageOfPage":{"@id":"https:\/\/www.amanien.info\/news\/legislatives-2025-le-president-de-la-cei-ibrahime-kuibiert-coulibaly-presente-les-grandes-lignes-et-les-dispositions-pratiques-du-processus-electoral\/#primaryimage"},"image":{"@id":"https:\/\/www.amanien.info\/news\/legislatives-2025-le-president-de-la-cei-ibrahime-kuibiert-coulibaly-presente-les-grandes-lignes-et-les-dispositions-pratiques-du-processus-electoral\/#primaryimage"},"thumbnailUrl":"https:\/\/www.amanien.info\/news\/wp-content\/uploads\/2025\/10\/B05I3154.jpg","datePublished":"2025-10-31T22:08:14+00:00","author":{"@id":"https:\/\/www.amanien.info\/news\/#\/schema\/person\/b21093345753a1a98242d505bd894f42"},"breadcrumb":{"@id":"https:\/\/www.amanien.info\/news\/legislatives-2025-le-president-de-la-cei-ibrahime-kuibiert-coulibaly-presente-les-grandes-lignes-et-les-dispositions-pratiques-du-processus-electoral\/#breadcrumb"},"inLanguage":"fr-FR","potentialAction":[{"@type":"ReadAction","target":["https:\/\/www.amanien.info\/news\/legislatives-2025-le-president-de-la-cei-ibrahime-kuibiert-coulibaly-presente-les-grandes-lignes-et-les-dispositions-pratiques-du-processus-electoral\/"]}]},{"@type":"ImageObject","inLanguage":"fr-FR","@id":"https:\/\/www.amanien.info\/news\/legislatives-2025-le-president-de-la-cei-ibrahime-kuibiert-coulibaly-presente-les-grandes-lignes-et-les-dispositions-pratiques-du-processus-electoral\/#primaryimage","url":"https:\/\/www.amanien.info\/news\/wp-content\/uploads\/2025\/10\/B05I3154.jpg","contentUrl":"https:\/\/www.amanien.info\/news\/wp-content\/uploads\/2025\/10\/B05I3154.jpg","width":1024,"height":683},{"@type":"BreadcrumbList","@id":"https:\/\/www.amanien.info\/news\/legislatives-2025-le-president-de-la-cei-ibrahime-kuibiert-coulibaly-presente-les-grandes-lignes-et-les-dispositions-pratiques-du-processus-electoral\/#breadcrumb","itemListElement":[{"@type":"ListItem","position":1,"name":"Accueil","item":"https:\/\/www.amanien.info\/news\/"},{"@type":"ListItem","position":2,"name":"L\u00e9gislatives 2025 : le Pr\u00e9sident de la CEI, Ibrahime Kuibiert Coulibaly pr\u00e9sente les grandes lignes et les dispositions pratiques du processus \u00e9lectoral"}]},{"@type":"WebSite","@id":"https:\/\/www.amanien.info\/news\/#website","url":"https:\/\/www.amanien.info\/news\/","name":"Amanien| L&#039;actualit\u00e9 Ivoirienne et Internationale","description":"L&#039;actualit\u00e9 Ivoirienne et Internationale","potentialAction":[{"@type":"SearchAction","target":{"@type":"EntryPoint","urlTemplate":"https:\/\/www.amanien.info\/news\/?s={search_term_string}"},"query-input":{"@type":"PropertyValueSpecification","valueRequired":true,"valueName":"search_term_string"}}],"inLanguage":"fr-FR"},{"@type":"Person","@id":"https:\/\/www.amanien.info\/news\/#\/schema\/person\/b21093345753a1a98242d505bd894f42","name":"Germain Ndri","url":"https:\/\/www.amanien.info\/news\/author\/amanien-infos\/"}]}},"_links":{"self":[{"href":"https:\/\/www.amanien.info\/news\/wp-json\/wp\/v2\/posts\/7616","targetHints":{"allow":["GET"]}}],"collection":[{"href":"https:\/\/www.amanien.info\/news\/wp-json\/wp\/v2\/posts"}],"about":[{"href":"https:\/\/www.amanien.info\/news\/wp-json\/wp\/v2\/types\/post"}],"author":[{"embeddable":true,"href":"https:\/\/www.amanien.info\/news\/wp-json\/wp\/v2\/users\/2"}],"replies":[{"embeddable":true,"href":"https:\/\/www.amanien.info\/news\/wp-json\/wp\/v2\/comments?post=7616"}],"version-history":[{"count":1,"href":"https:\/\/www.amanien.info\/news\/wp-json\/wp\/v2\/posts\/7616\/revisions"}],"predecessor-version":[{"id":7619,"href":"https:\/\/www.amanien.info\/news\/wp-json\/wp\/v2\/posts\/7616\/revisions\/7619"}],"wp:featuredmedia":[{"embeddable":true,"href":"https:\/\/www.amanien.info\/news\/wp-json\/wp\/v2\/media\/7618"}],"wp:attachment":[{"href":"https:\/\/www.amanien.info\/news\/wp-json\/wp\/v2\/media?parent=7616"}],"wp:term":[{"taxonomy":"category","embeddable":true,"href":"https:\/\/www.amanien.info\/news\/wp-json\/wp\/v2\/categories?post=7616"},{"taxonomy":"post_tag","embeddable":true,"href":"https:\/\/www.amanien.info\/news\/wp-json\/wp\/v2\/tags?post=7616"}],"curies":[{"name":"wp","href":"https:\/\/api.w.org\/{rel}","templated":true}]}}