{"id":7611,"date":"2025-10-23T09:53:36","date_gmt":"2025-10-23T09:53:36","guid":{"rendered":"https:\/\/www.amanien.info\/news\/?p=7611"},"modified":"2025-10-23T09:53:36","modified_gmt":"2025-10-23T09:53:36","slug":"lutte-contre-la-desinformation-la-plateforme-vera-lassistant-de-fact-checking-officiellement-lancee","status":"publish","type":"post","link":"https:\/\/www.amanien.info\/news\/lutte-contre-la-desinformation-la-plateforme-vera-lassistant-de-fact-checking-officiellement-lancee\/","title":{"rendered":"Lutte contre la d\u00e9sinformation : la plateforme Vera, l&rsquo;assistant de fact-checking officiellement lanc\u00e9e"},"content":{"rendered":"<div>Dans le cadre de ses activit\u00e9s de promotion de l&rsquo;information fiable et la lutte contre la d\u00e9sinformation, le Directeur des Relations publiques de TNK, St\u00e9phane Soumahoro, a proc\u00e9d\u00e9, le mercredi 22 octobre 2025, \u00e0 la Maison de la presse d&rsquo;Abidjan-Plateau, au lancement officiel et \u00e0 la pr\u00e9sentation de Vera, une plateforme de fact-checking accessible \u00e0 tous.<\/div>\n<div><\/div>\n<div><\/div>\n<div>C&rsquo;\u00e9tait au cours d&rsquo;une conf\u00e9rence de presse qu&rsquo;il a anim\u00e9e conjointement avec le Vice-pr\u00e9sident du REPPRELCI (R\u00e9seau des Professionnels de la presse en ligne de C\u00f4te d&rsquo;Ivoire), Traor\u00e9 Mamadou, autour du th\u00e8me : \u00ab\u00a0Le fact-checking en p\u00e9riode \u00e9lectorale : enjeux de la technologie Vera\u00a0\u00bb.<\/div>\n<div><\/div>\n<div><\/div>\n<div>Face aux journalistes, St\u00e9phane Soumahoro, Sp\u00e9cialiste en relations publiques, a pr\u00e9sent\u00e9 la plateforme Vera comme une innovation majeure pour les m\u00e9dias africains, une intelligence artificielle citoyenne, accessible via WhatsApp permettant de v\u00e9rifier une information en temps r\u00e9el.<\/div>\n<div><\/div>\n<div>\u00ab\u00a0Il suffit d&rsquo;enregistrer le num\u00e9ro de Vera (+33 9 74 99 12 95) comme contact et de poser sa question : \u00ab\u00a0Bonjour Vera, il para\u00eet qu&rsquo;ils ont report\u00e9 les \u00e9lections de 2025. Vrai ou faux ?\u00a0\u00bb, a-t-il expliqu\u00e9, indiquant que Vera s&rsquo;appuie sur plus de 400 agr\u00e9gateurs certifi\u00e9s et garantit \u00ab\u00a099,99%\u00a0\u00bb d&rsquo;informations v\u00e9rifi\u00e9es.<\/div>\n<div><\/div>\n<div><\/div>\n<div>Aux dires de M. Soumahoro, cet outil d\u00e9j\u00e0 test\u00e9 en Europe et en Maghreb, arrive en C\u00f4te d&rsquo;Ivoire pour \u00ab\u00a0renforcer la cr\u00e9dibilit\u00e9 du journalisme face \u00e0 la prolif\u00e9ration des rumeurs \u00e9lectorales\u00a0\u00bb.<\/div>\n<div><\/div>\n<div><\/div>\n<div>Il a, par ailleurs, soulign\u00e9 que les journalistes jouent un r\u00f4le central dans la promotion de Vera.<\/div>\n<div><\/div>\n<div>\u00ab\u00a0Les journalistes sont les interm\u00e9diaires entre la source et le grand public. Ce sont eux qui doivent recommander Vera et encourager son utilisation \u00ab\u00a0, a pr\u00e9cis\u00e9 le Conf\u00e9rencier, qui a estim\u00e9 que la d\u00e9sinformation constitue une menace croissante pour les soci\u00e9t\u00e9s d\u00e9mocratiques.<\/div>\n<div><\/div>\n<div>Non sans manquer d&rsquo;appeler les hommes de m\u00e9dias \u00e0 s&rsquo;approprier cet outil. \u00ab\u00a0Le fact-checking est devenu\u00a0 essentiel face \u00e0 la mont\u00e9e de fausses nouvelles. Vera vient corriger cette tendance en donnant une bonne information aux populations \u00ab\u00a0, a-t-il affirm\u00e9.<\/div>\n<div><\/div>\n<div>Actuellement disponible en version textuelle sur WhatsApp, Vera proposera bient\u00f4t une fonction vocale d\u00e9j\u00e0 test\u00e9e sur d&rsquo;autres plateformes comme Instagram. Il a annonc\u00e9 le d\u00e9ploiement de la partie vocale tr\u00e8s prochainement. \u00ab\u00a0D&rsquo;ici les prochaines \u00e9lections l\u00e9gislatives, Vera offrira un visage encore plus pratique et accessible \u00ab\u00a0, a-t-il assur\u00e9.<\/div>\n<div><\/div>\n<div><\/div>\n<div>Pour sa part, le Vice-pr\u00e9sident du REPPRELCI, Traor\u00e9 Mamadou, a rappel\u00e9 que le fact-checking est une \u00ab\u00a0pratique historique du journalisme, aujourd&rsquo;hui plus que jamais n\u00e9cessaire \u00ab\u00a0.<\/div>\n<div><\/div>\n<div>Selon lui, la technologie Vera \u00ab\u00a0vient compl\u00e9ter les efforts d\u00e9j\u00e0 engag\u00e9s par les journalistes ivoiriens et facilitera le travail de v\u00e9rification, surtout dans un contexte o\u00f9 les r\u00e9seaux sociaux sont devenus des amplificateurs de fausses nouvelles\u00a0\u00bb, a-t-il dit.<\/div>\n<div><\/div>\n<div><\/div>\n<div><b>S.A<\/b>.<\/div>\n<div><\/div>\n<div><\/div>\n","protected":false},"excerpt":{"rendered":"<p>Dans le cadre de ses activit\u00e9s de promotion de l&rsquo;information fiable et la lutte contre la d\u00e9sinformation, le Directeur des Relations publiques de TNK, St\u00e9phane Soumahoro, a proc\u00e9d\u00e9, le mercredi 22 octobre 2025, \u00e0 la Maison de la presse d&rsquo;Abidjan-Plateau, au lancement officiel et \u00e0 la pr\u00e9sentation de Vera, une plateforme de fact-checking accessible \u00e0 [&hellip;]<\/p>\n","protected":false},"author":2,"featured_media":7613,"comment_status":"closed","ping_status":"closed","sticky":false,"template":"","format":"standard","meta":{"_acf_changed":false,"footnotes":""},"categories":[],"tags":[],"class_list":["post-7611","post","type-post","status-publish","format-standard","has-post-thumbnail","hentry"],"acf":[],"yoast_head":"<!-- This site is optimized with the Yoast SEO plugin v27.5 - https:\/\/yoast.com\/product\/yoast-seo-wordpress\/ -->\n<title>Lutte contre la d\u00e9sinformation : la plateforme Vera, l&#039;assistant de fact-checking officiellement lanc\u00e9e - Amanien| L&#039;actualit\u00e9 Ivoirienne et Internationale<\/title>\n<meta name=\"robots\" content=\"index, follow, max-snippet:-1, max-image-preview:large, max-video-preview:-1\" \/>\n<link rel=\"canonical\" href=\"https:\/\/www.amanien.info\/news\/lutte-contre-la-desinformation-la-plateforme-vera-lassistant-de-fact-checking-officiellement-lancee\/\" \/>\n<meta property=\"og:locale\" content=\"fr_FR\" \/>\n<meta property=\"og:type\" content=\"article\" \/>\n<meta property=\"og:title\" content=\"Lutte contre la d\u00e9sinformation : la plateforme Vera, l&#039;assistant de fact-checking officiellement lanc\u00e9e - Amanien| L&#039;actualit\u00e9 Ivoirienne et Internationale\" \/>\n<meta property=\"og:description\" content=\"Dans le cadre de ses activit\u00e9s de promotion de l&rsquo;information fiable et la lutte contre la d\u00e9sinformation, le Directeur des Relations publiques de TNK, St\u00e9phane Soumahoro, a proc\u00e9d\u00e9, le mercredi 22 octobre 2025, \u00e0 la Maison de la presse d&rsquo;Abidjan-Plateau, au lancement officiel et \u00e0 la pr\u00e9sentation de Vera, une plateforme de fact-checking accessible \u00e0 [&hellip;]\" \/>\n<meta property=\"og:url\" content=\"https:\/\/www.amanien.info\/news\/lutte-contre-la-desinformation-la-plateforme-vera-lassistant-de-fact-checking-officiellement-lancee\/\" \/>\n<meta property=\"og:site_name\" content=\"Amanien| L&#039;actualit\u00e9 Ivoirienne et Internationale\" \/>\n<meta property=\"article:published_time\" content=\"2025-10-23T09:53:36+00:00\" \/>\n<meta property=\"og:image\" content=\"https:\/\/www.amanien.info\/news\/wp-content\/uploads\/2025\/10\/IMG-20251022-WA0116.jpg\" \/>\n\t<meta property=\"og:image:width\" content=\"1008\" \/>\n\t<meta property=\"og:image:height\" content=\"756\" \/>\n\t<meta property=\"og:image:type\" content=\"image\/jpeg\" \/>\n<meta name=\"author\" content=\"Germain Ndri\" \/>\n<meta name=\"twitter:card\" content=\"summary_large_image\" \/>\n<meta name=\"twitter:label1\" content=\"\u00c9crit par\" \/>\n\t<meta name=\"twitter:data1\" content=\"Germain Ndri\" \/>\n\t<meta name=\"twitter:label2\" content=\"Dur\u00e9e de lecture estim\u00e9e\" \/>\n\t<meta name=\"twitter:data2\" content=\"3 minutes\" \/>\n<script type=\"application\/ld+json\" class=\"yoast-schema-graph\">{\"@context\":\"https:\\\/\\\/schema.org\",\"@graph\":[{\"@type\":\"Article\",\"@id\":\"https:\\\/\\\/www.amanien.info\\\/news\\\/lutte-contre-la-desinformation-la-plateforme-vera-lassistant-de-fact-checking-officiellement-lancee\\\/#article\",\"isPartOf\":{\"@id\":\"https:\\\/\\\/www.amanien.info\\\/news\\\/lutte-contre-la-desinformation-la-plateforme-vera-lassistant-de-fact-checking-officiellement-lancee\\\/\"},\"author\":{\"name\":\"Germain Ndri\",\"@id\":\"https:\\\/\\\/www.amanien.info\\\/news\\\/#\\\/schema\\\/person\\\/b21093345753a1a98242d505bd894f42\"},\"headline\":\"Lutte contre la d\u00e9sinformation : la plateforme Vera, l&rsquo;assistant de fact-checking officiellement lanc\u00e9e\",\"datePublished\":\"2025-10-23T09:53:36+00:00\",\"mainEntityOfPage\":{\"@id\":\"https:\\\/\\\/www.amanien.info\\\/news\\\/lutte-contre-la-desinformation-la-plateforme-vera-lassistant-de-fact-checking-officiellement-lancee\\\/\"},\"wordCount\":490,\"image\":{\"@id\":\"https:\\\/\\\/www.amanien.info\\\/news\\\/lutte-contre-la-desinformation-la-plateforme-vera-lassistant-de-fact-checking-officiellement-lancee\\\/#primaryimage\"},\"thumbnailUrl\":\"https:\\\/\\\/www.amanien.info\\\/news\\\/wp-content\\\/uploads\\\/2025\\\/10\\\/IMG-20251022-WA0116.jpg\",\"inLanguage\":\"fr-FR\"},{\"@type\":\"WebPage\",\"@id\":\"https:\\\/\\\/www.amanien.info\\\/news\\\/lutte-contre-la-desinformation-la-plateforme-vera-lassistant-de-fact-checking-officiellement-lancee\\\/\",\"url\":\"https:\\\/\\\/www.amanien.info\\\/news\\\/lutte-contre-la-desinformation-la-plateforme-vera-lassistant-de-fact-checking-officiellement-lancee\\\/\",\"name\":\"Lutte contre la d\u00e9sinformation : la plateforme Vera, l'assistant de fact-checking officiellement lanc\u00e9e - Amanien| L&#039;actualit\u00e9 Ivoirienne et Internationale\",\"isPartOf\":{\"@id\":\"https:\\\/\\\/www.amanien.info\\\/news\\\/#website\"},\"primaryImageOfPage\":{\"@id\":\"https:\\\/\\\/www.amanien.info\\\/news\\\/lutte-contre-la-desinformation-la-plateforme-vera-lassistant-de-fact-checking-officiellement-lancee\\\/#primaryimage\"},\"image\":{\"@id\":\"https:\\\/\\\/www.amanien.info\\\/news\\\/lutte-contre-la-desinformation-la-plateforme-vera-lassistant-de-fact-checking-officiellement-lancee\\\/#primaryimage\"},\"thumbnailUrl\":\"https:\\\/\\\/www.amanien.info\\\/news\\\/wp-content\\\/uploads\\\/2025\\\/10\\\/IMG-20251022-WA0116.jpg\",\"datePublished\":\"2025-10-23T09:53:36+00:00\",\"author\":{\"@id\":\"https:\\\/\\\/www.amanien.info\\\/news\\\/#\\\/schema\\\/person\\\/b21093345753a1a98242d505bd894f42\"},\"breadcrumb\":{\"@id\":\"https:\\\/\\\/www.amanien.info\\\/news\\\/lutte-contre-la-desinformation-la-plateforme-vera-lassistant-de-fact-checking-officiellement-lancee\\\/#breadcrumb\"},\"inLanguage\":\"fr-FR\",\"potentialAction\":[{\"@type\":\"ReadAction\",\"target\":[\"https:\\\/\\\/www.amanien.info\\\/news\\\/lutte-contre-la-desinformation-la-plateforme-vera-lassistant-de-fact-checking-officiellement-lancee\\\/\"]}]},{\"@type\":\"ImageObject\",\"inLanguage\":\"fr-FR\",\"@id\":\"https:\\\/\\\/www.amanien.info\\\/news\\\/lutte-contre-la-desinformation-la-plateforme-vera-lassistant-de-fact-checking-officiellement-lancee\\\/#primaryimage\",\"url\":\"https:\\\/\\\/www.amanien.info\\\/news\\\/wp-content\\\/uploads\\\/2025\\\/10\\\/IMG-20251022-WA0116.jpg\",\"contentUrl\":\"https:\\\/\\\/www.amanien.info\\\/news\\\/wp-content\\\/uploads\\\/2025\\\/10\\\/IMG-20251022-WA0116.jpg\",\"width\":1008,\"height\":756},{\"@type\":\"BreadcrumbList\",\"@id\":\"https:\\\/\\\/www.amanien.info\\\/news\\\/lutte-contre-la-desinformation-la-plateforme-vera-lassistant-de-fact-checking-officiellement-lancee\\\/#breadcrumb\",\"itemListElement\":[{\"@type\":\"ListItem\",\"position\":1,\"name\":\"Accueil\",\"item\":\"https:\\\/\\\/www.amanien.info\\\/news\\\/\"},{\"@type\":\"ListItem\",\"position\":2,\"name\":\"Lutte contre la d\u00e9sinformation : la plateforme Vera, l&rsquo;assistant de fact-checking officiellement lanc\u00e9e\"}]},{\"@type\":\"WebSite\",\"@id\":\"https:\\\/\\\/www.amanien.info\\\/news\\\/#website\",\"url\":\"https:\\\/\\\/www.amanien.info\\\/news\\\/\",\"name\":\"Amanien| L&#039;actualit\u00e9 Ivoirienne et Internationale\",\"description\":\"L&#039;actualit\u00e9 Ivoirienne et Internationale\",\"potentialAction\":[{\"@type\":\"SearchAction\",\"target\":{\"@type\":\"EntryPoint\",\"urlTemplate\":\"https:\\\/\\\/www.amanien.info\\\/news\\\/?s={search_term_string}\"},\"query-input\":{\"@type\":\"PropertyValueSpecification\",\"valueRequired\":true,\"valueName\":\"search_term_string\"}}],\"inLanguage\":\"fr-FR\"},{\"@type\":\"Person\",\"@id\":\"https:\\\/\\\/www.amanien.info\\\/news\\\/#\\\/schema\\\/person\\\/b21093345753a1a98242d505bd894f42\",\"name\":\"Germain Ndri\",\"url\":\"https:\\\/\\\/www.amanien.info\\\/news\\\/author\\\/amanien-infos\\\/\"}]}<\/script>\n<!-- \/ Yoast SEO plugin. -->","yoast_head_json":{"title":"Lutte contre la d\u00e9sinformation : la plateforme Vera, l'assistant de fact-checking officiellement lanc\u00e9e - Amanien| L&#039;actualit\u00e9 Ivoirienne et Internationale","robots":{"index":"index","follow":"follow","max-snippet":"max-snippet:-1","max-image-preview":"max-image-preview:large","max-video-preview":"max-video-preview:-1"},"canonical":"https:\/\/www.amanien.info\/news\/lutte-contre-la-desinformation-la-plateforme-vera-lassistant-de-fact-checking-officiellement-lancee\/","og_locale":"fr_FR","og_type":"article","og_title":"Lutte contre la d\u00e9sinformation : la plateforme Vera, l'assistant de fact-checking officiellement lanc\u00e9e - Amanien| L&#039;actualit\u00e9 Ivoirienne et Internationale","og_description":"Dans le cadre de ses activit\u00e9s de promotion de l&rsquo;information fiable et la lutte contre la d\u00e9sinformation, le Directeur des Relations publiques de TNK, St\u00e9phane Soumahoro, a proc\u00e9d\u00e9, le mercredi 22 octobre 2025, \u00e0 la Maison de la presse d&rsquo;Abidjan-Plateau, au lancement officiel et \u00e0 la pr\u00e9sentation de Vera, une plateforme de fact-checking accessible \u00e0 [&hellip;]","og_url":"https:\/\/www.amanien.info\/news\/lutte-contre-la-desinformation-la-plateforme-vera-lassistant-de-fact-checking-officiellement-lancee\/","og_site_name":"Amanien| L&#039;actualit\u00e9 Ivoirienne et Internationale","article_published_time":"2025-10-23T09:53:36+00:00","og_image":[{"width":1008,"height":756,"url":"https:\/\/www.amanien.info\/news\/wp-content\/uploads\/2025\/10\/IMG-20251022-WA0116.jpg","type":"image\/jpeg"}],"author":"Germain Ndri","twitter_card":"summary_large_image","twitter_misc":{"\u00c9crit par":"Germain Ndri","Dur\u00e9e de lecture estim\u00e9e":"3 minutes"},"schema":{"@context":"https:\/\/schema.org","@graph":[{"@type":"Article","@id":"https:\/\/www.amanien.info\/news\/lutte-contre-la-desinformation-la-plateforme-vera-lassistant-de-fact-checking-officiellement-lancee\/#article","isPartOf":{"@id":"https:\/\/www.amanien.info\/news\/lutte-contre-la-desinformation-la-plateforme-vera-lassistant-de-fact-checking-officiellement-lancee\/"},"author":{"name":"Germain Ndri","@id":"https:\/\/www.amanien.info\/news\/#\/schema\/person\/b21093345753a1a98242d505bd894f42"},"headline":"Lutte contre la d\u00e9sinformation : la plateforme Vera, l&rsquo;assistant de fact-checking officiellement lanc\u00e9e","datePublished":"2025-10-23T09:53:36+00:00","mainEntityOfPage":{"@id":"https:\/\/www.amanien.info\/news\/lutte-contre-la-desinformation-la-plateforme-vera-lassistant-de-fact-checking-officiellement-lancee\/"},"wordCount":490,"image":{"@id":"https:\/\/www.amanien.info\/news\/lutte-contre-la-desinformation-la-plateforme-vera-lassistant-de-fact-checking-officiellement-lancee\/#primaryimage"},"thumbnailUrl":"https:\/\/www.amanien.info\/news\/wp-content\/uploads\/2025\/10\/IMG-20251022-WA0116.jpg","inLanguage":"fr-FR"},{"@type":"WebPage","@id":"https:\/\/www.amanien.info\/news\/lutte-contre-la-desinformation-la-plateforme-vera-lassistant-de-fact-checking-officiellement-lancee\/","url":"https:\/\/www.amanien.info\/news\/lutte-contre-la-desinformation-la-plateforme-vera-lassistant-de-fact-checking-officiellement-lancee\/","name":"Lutte contre la d\u00e9sinformation : la plateforme Vera, l'assistant de fact-checking officiellement lanc\u00e9e - Amanien| L&#039;actualit\u00e9 Ivoirienne et Internationale","isPartOf":{"@id":"https:\/\/www.amanien.info\/news\/#website"},"primaryImageOfPage":{"@id":"https:\/\/www.amanien.info\/news\/lutte-contre-la-desinformation-la-plateforme-vera-lassistant-de-fact-checking-officiellement-lancee\/#primaryimage"},"image":{"@id":"https:\/\/www.amanien.info\/news\/lutte-contre-la-desinformation-la-plateforme-vera-lassistant-de-fact-checking-officiellement-lancee\/#primaryimage"},"thumbnailUrl":"https:\/\/www.amanien.info\/news\/wp-content\/uploads\/2025\/10\/IMG-20251022-WA0116.jpg","datePublished":"2025-10-23T09:53:36+00:00","author":{"@id":"https:\/\/www.amanien.info\/news\/#\/schema\/person\/b21093345753a1a98242d505bd894f42"},"breadcrumb":{"@id":"https:\/\/www.amanien.info\/news\/lutte-contre-la-desinformation-la-plateforme-vera-lassistant-de-fact-checking-officiellement-lancee\/#breadcrumb"},"inLanguage":"fr-FR","potentialAction":[{"@type":"ReadAction","target":["https:\/\/www.amanien.info\/news\/lutte-contre-la-desinformation-la-plateforme-vera-lassistant-de-fact-checking-officiellement-lancee\/"]}]},{"@type":"ImageObject","inLanguage":"fr-FR","@id":"https:\/\/www.amanien.info\/news\/lutte-contre-la-desinformation-la-plateforme-vera-lassistant-de-fact-checking-officiellement-lancee\/#primaryimage","url":"https:\/\/www.amanien.info\/news\/wp-content\/uploads\/2025\/10\/IMG-20251022-WA0116.jpg","contentUrl":"https:\/\/www.amanien.info\/news\/wp-content\/uploads\/2025\/10\/IMG-20251022-WA0116.jpg","width":1008,"height":756},{"@type":"BreadcrumbList","@id":"https:\/\/www.amanien.info\/news\/lutte-contre-la-desinformation-la-plateforme-vera-lassistant-de-fact-checking-officiellement-lancee\/#breadcrumb","itemListElement":[{"@type":"ListItem","position":1,"name":"Accueil","item":"https:\/\/www.amanien.info\/news\/"},{"@type":"ListItem","position":2,"name":"Lutte contre la d\u00e9sinformation : la plateforme Vera, l&rsquo;assistant de fact-checking officiellement lanc\u00e9e"}]},{"@type":"WebSite","@id":"https:\/\/www.amanien.info\/news\/#website","url":"https:\/\/www.amanien.info\/news\/","name":"Amanien| L&#039;actualit\u00e9 Ivoirienne et Internationale","description":"L&#039;actualit\u00e9 Ivoirienne et Internationale","potentialAction":[{"@type":"SearchAction","target":{"@type":"EntryPoint","urlTemplate":"https:\/\/www.amanien.info\/news\/?s={search_term_string}"},"query-input":{"@type":"PropertyValueSpecification","valueRequired":true,"valueName":"search_term_string"}}],"inLanguage":"fr-FR"},{"@type":"Person","@id":"https:\/\/www.amanien.info\/news\/#\/schema\/person\/b21093345753a1a98242d505bd894f42","name":"Germain Ndri","url":"https:\/\/www.amanien.info\/news\/author\/amanien-infos\/"}]}},"_links":{"self":[{"href":"https:\/\/www.amanien.info\/news\/wp-json\/wp\/v2\/posts\/7611","targetHints":{"allow":["GET"]}}],"collection":[{"href":"https:\/\/www.amanien.info\/news\/wp-json\/wp\/v2\/posts"}],"about":[{"href":"https:\/\/www.amanien.info\/news\/wp-json\/wp\/v2\/types\/post"}],"author":[{"embeddable":true,"href":"https:\/\/www.amanien.info\/news\/wp-json\/wp\/v2\/users\/2"}],"replies":[{"embeddable":true,"href":"https:\/\/www.amanien.info\/news\/wp-json\/wp\/v2\/comments?post=7611"}],"version-history":[{"count":1,"href":"https:\/\/www.amanien.info\/news\/wp-json\/wp\/v2\/posts\/7611\/revisions"}],"predecessor-version":[{"id":7614,"href":"https:\/\/www.amanien.info\/news\/wp-json\/wp\/v2\/posts\/7611\/revisions\/7614"}],"wp:featuredmedia":[{"embeddable":true,"href":"https:\/\/www.amanien.info\/news\/wp-json\/wp\/v2\/media\/7613"}],"wp:attachment":[{"href":"https:\/\/www.amanien.info\/news\/wp-json\/wp\/v2\/media?parent=7611"}],"wp:term":[{"taxonomy":"category","embeddable":true,"href":"https:\/\/www.amanien.info\/news\/wp-json\/wp\/v2\/categories?post=7611"},{"taxonomy":"post_tag","embeddable":true,"href":"https:\/\/www.amanien.info\/news\/wp-json\/wp\/v2\/tags?post=7611"}],"curies":[{"name":"wp","href":"https:\/\/api.w.org\/{rel}","templated":true}]}}