{"id":7607,"date":"2025-10-17T14:21:06","date_gmt":"2025-10-17T14:21:06","guid":{"rendered":"https:\/\/www.amanien.info\/news\/?p=7607"},"modified":"2025-10-17T14:21:06","modified_gmt":"2025-10-17T14:21:06","slug":"mobilite-urbaine-un-nouveau-scooter-urbain-officiellement-lancee-a-abidjan","status":"publish","type":"post","link":"https:\/\/www.amanien.info\/news\/mobilite-urbaine-un-nouveau-scooter-urbain-officiellement-lancee-a-abidjan\/","title":{"rendered":"Mobilit\u00e9 urbaine : un nouveau scooter urbain officiellement lanc\u00e9e \u00e0 Abidjan\u00a0"},"content":{"rendered":"<div>Dans le but de r\u00e9inventer la mobilit\u00e9 urbaine, compl\u00e9ter sa gamme, renforcer sa pr\u00e9sence dans le deux-roues et surtout r\u00e9pondre \u00e0 des usages r\u00e9el, un acteur majeur de distribution des engins \u00e0 deux-roues en C\u00f4te d&rsquo;Ivoire, a proc\u00e9d\u00e9, le jeudi 16 octobre 2025, \u00e0 son Showroom sis \u00e0 Abidjan-Treichville, au lancement officiel du RayZR 125,\u00a0 son nouveau scooter urbain qui allie confort, style et performance.<\/div>\n<div><\/div>\n<div>C&rsquo;\u00e9tait lors d&rsquo;une conf\u00e9rence de presse.<\/div>\n<div><\/div>\n<div>Con\u00e7u pour les trajets en ville, le RayZR 125 s\u00e9duit, par son design moderne et ses fonctionnalit\u00e9s pens\u00e9es pour le quotidien.<\/div>\n<div><\/div>\n<div><\/div>\n<div>C&rsquo;est un v\u00e9hicule tr\u00e8s bien \u00e9quip\u00e9 avec un tout nouveau syst\u00e8me de freinage USB c&rsquo;est-\u00e0-dire un freinage coupl\u00e9, a indiqu\u00e9 le Directeur des Op\u00e9rations du distributeur, Mathias GRENGUET.<\/div>\n<div><\/div>\n<div>A l&rsquo;en croire, le RayZR 125 est un scooter \u00ab\u00a0l\u00e9ger, facile \u00e0 manier dans la circulation dense\u00a0\u00bb, a-t-il assur\u00e9.<\/div>\n<div><\/div>\n<div>Il est \u00e9conomique, avec une consommation ma\u00eetris\u00e9e (1,8 L\/100 km) gr\u00e2ce \u00e0 son moteur Blue Core. Il est fiable, port\u00e9 par l&rsquo;expertise du distributeur.<\/div>\n<div><\/div>\n<div>A en croire le Directeur des op\u00e9rations, le syst\u00e8me de freinage coupl\u00e9 est plus s\u00e9curis\u00e9 au quotidien. Et son poids plume de 99 kg est une maniabilit\u00e9 qui fait la diff\u00e9rence en ville.<\/div>\n<div><\/div>\n<div>Aussi le RayZR 125 est-il soutenu par les huiles Yamalube, con\u00e7ues pour optimiser la performance moteur.<\/div>\n<div><\/div>\n<div>Il n&rsquo;a pas manqu\u00e9 d&rsquo;exprimer sa gratitude aux \u00e9quipes commerciales de la marque, \u00e0 ses partenaires, du service, et avec une vraie promesse : celle de la fiabilit\u00e9 du distributeur, du service et d&rsquo;un bon rapport Qualit\u00e9-prix.<\/div>\n<div><\/div>\n<div>Non sans manquer de rassurer les utilisateurs quant \u00e0 la garantie de ce scooter, qui est de 6 mois.<\/div>\n<div><\/div>\n<div><\/div>\n<div>Mathias GRENGUET a, par ailleurs, a invit\u00e9\u00a0 toute la communaut\u00e9 des motards au port de masque.<\/div>\n<div><\/div>\n<div>Il est \u00e0 noter que le co\u00fbt de ce scooter automatique est de 1 890 000 FCFA.<\/div>\n<div><\/div>\n<div>Ce nouveau mod\u00e8le marque ainsi le d\u00e9but d&rsquo;une nouvelle phase pour le concessionnaire, qui a une ambition claire : celle de transformer la mobilit\u00e9 urbaine en la rendant plus fluide, s\u00fbre et accessible \u00e0 tous.<\/div>\n<div><\/div>\n<div><\/div>\n<div><b>S.A.<\/b><\/div>\n","protected":false},"excerpt":{"rendered":"<p>Dans le but de r\u00e9inventer la mobilit\u00e9 urbaine, compl\u00e9ter sa gamme, renforcer sa pr\u00e9sence dans le deux-roues et surtout r\u00e9pondre \u00e0 des usages r\u00e9el, un acteur majeur de distribution des engins \u00e0 deux-roues en C\u00f4te d&rsquo;Ivoire, a proc\u00e9d\u00e9, le jeudi 16 octobre 2025, \u00e0 son Showroom sis \u00e0 Abidjan-Treichville, au lancement officiel du RayZR 125,\u00a0 [&hellip;]<\/p>\n","protected":false},"author":2,"featured_media":7608,"comment_status":"closed","ping_status":"closed","sticky":false,"template":"","format":"standard","meta":{"_acf_changed":false,"footnotes":""},"categories":[],"tags":[],"class_list":["post-7607","post","type-post","status-publish","format-standard","has-post-thumbnail","hentry"],"acf":[],"yoast_head":"<!-- This site is optimized with the Yoast SEO plugin v27.5 - https:\/\/yoast.com\/product\/yoast-seo-wordpress\/ -->\n<title>Mobilit\u00e9 urbaine : un nouveau scooter urbain officiellement lanc\u00e9e \u00e0 Abidjan\u00a0 - Amanien| L&#039;actualit\u00e9 Ivoirienne et Internationale<\/title>\n<meta name=\"robots\" content=\"index, follow, max-snippet:-1, max-image-preview:large, max-video-preview:-1\" \/>\n<link rel=\"canonical\" href=\"https:\/\/www.amanien.info\/news\/mobilite-urbaine-un-nouveau-scooter-urbain-officiellement-lancee-a-abidjan\/\" \/>\n<meta property=\"og:locale\" content=\"fr_FR\" \/>\n<meta property=\"og:type\" content=\"article\" \/>\n<meta property=\"og:title\" content=\"Mobilit\u00e9 urbaine : un nouveau scooter urbain officiellement lanc\u00e9e \u00e0 Abidjan\u00a0 - Amanien| L&#039;actualit\u00e9 Ivoirienne et Internationale\" \/>\n<meta property=\"og:description\" content=\"Dans le but de r\u00e9inventer la mobilit\u00e9 urbaine, compl\u00e9ter sa gamme, renforcer sa pr\u00e9sence dans le deux-roues et surtout r\u00e9pondre \u00e0 des usages r\u00e9el, un acteur majeur de distribution des engins \u00e0 deux-roues en C\u00f4te d&rsquo;Ivoire, a proc\u00e9d\u00e9, le jeudi 16 octobre 2025, \u00e0 son Showroom sis \u00e0 Abidjan-Treichville, au lancement officiel du RayZR 125,\u00a0 [&hellip;]\" \/>\n<meta property=\"og:url\" content=\"https:\/\/www.amanien.info\/news\/mobilite-urbaine-un-nouveau-scooter-urbain-officiellement-lancee-a-abidjan\/\" \/>\n<meta property=\"og:site_name\" content=\"Amanien| L&#039;actualit\u00e9 Ivoirienne et Internationale\" \/>\n<meta property=\"article:published_time\" content=\"2025-10-17T14:21:06+00:00\" \/>\n<meta property=\"og:image\" content=\"https:\/\/www.amanien.info\/news\/wp-content\/uploads\/2025\/10\/IMG_20251016_163144_799-scaled.jpg\" \/>\n\t<meta property=\"og:image:width\" content=\"2560\" \/>\n\t<meta property=\"og:image:height\" content=\"1920\" \/>\n\t<meta property=\"og:image:type\" content=\"image\/jpeg\" \/>\n<meta name=\"author\" content=\"Germain Ndri\" \/>\n<meta name=\"twitter:card\" content=\"summary_large_image\" \/>\n<meta name=\"twitter:label1\" content=\"\u00c9crit par\" \/>\n\t<meta name=\"twitter:data1\" content=\"Germain Ndri\" \/>\n\t<meta name=\"twitter:label2\" content=\"Dur\u00e9e de lecture estim\u00e9e\" \/>\n\t<meta name=\"twitter:data2\" content=\"2 minutes\" \/>\n<script type=\"application\/ld+json\" class=\"yoast-schema-graph\">{\"@context\":\"https:\\\/\\\/schema.org\",\"@graph\":[{\"@type\":\"Article\",\"@id\":\"https:\\\/\\\/www.amanien.info\\\/news\\\/mobilite-urbaine-un-nouveau-scooter-urbain-officiellement-lancee-a-abidjan\\\/#article\",\"isPartOf\":{\"@id\":\"https:\\\/\\\/www.amanien.info\\\/news\\\/mobilite-urbaine-un-nouveau-scooter-urbain-officiellement-lancee-a-abidjan\\\/\"},\"author\":{\"name\":\"Germain Ndri\",\"@id\":\"https:\\\/\\\/www.amanien.info\\\/news\\\/#\\\/schema\\\/person\\\/b21093345753a1a98242d505bd894f42\"},\"headline\":\"Mobilit\u00e9 urbaine : un nouveau scooter urbain officiellement lanc\u00e9e \u00e0 Abidjan\u00a0\",\"datePublished\":\"2025-10-17T14:21:06+00:00\",\"mainEntityOfPage\":{\"@id\":\"https:\\\/\\\/www.amanien.info\\\/news\\\/mobilite-urbaine-un-nouveau-scooter-urbain-officiellement-lancee-a-abidjan\\\/\"},\"wordCount\":366,\"image\":{\"@id\":\"https:\\\/\\\/www.amanien.info\\\/news\\\/mobilite-urbaine-un-nouveau-scooter-urbain-officiellement-lancee-a-abidjan\\\/#primaryimage\"},\"thumbnailUrl\":\"https:\\\/\\\/www.amanien.info\\\/news\\\/wp-content\\\/uploads\\\/2025\\\/10\\\/IMG_20251016_163144_799-scaled.jpg\",\"inLanguage\":\"fr-FR\"},{\"@type\":\"WebPage\",\"@id\":\"https:\\\/\\\/www.amanien.info\\\/news\\\/mobilite-urbaine-un-nouveau-scooter-urbain-officiellement-lancee-a-abidjan\\\/\",\"url\":\"https:\\\/\\\/www.amanien.info\\\/news\\\/mobilite-urbaine-un-nouveau-scooter-urbain-officiellement-lancee-a-abidjan\\\/\",\"name\":\"Mobilit\u00e9 urbaine : un nouveau scooter urbain officiellement lanc\u00e9e \u00e0 Abidjan\u00a0 - Amanien| L&#039;actualit\u00e9 Ivoirienne et Internationale\",\"isPartOf\":{\"@id\":\"https:\\\/\\\/www.amanien.info\\\/news\\\/#website\"},\"primaryImageOfPage\":{\"@id\":\"https:\\\/\\\/www.amanien.info\\\/news\\\/mobilite-urbaine-un-nouveau-scooter-urbain-officiellement-lancee-a-abidjan\\\/#primaryimage\"},\"image\":{\"@id\":\"https:\\\/\\\/www.amanien.info\\\/news\\\/mobilite-urbaine-un-nouveau-scooter-urbain-officiellement-lancee-a-abidjan\\\/#primaryimage\"},\"thumbnailUrl\":\"https:\\\/\\\/www.amanien.info\\\/news\\\/wp-content\\\/uploads\\\/2025\\\/10\\\/IMG_20251016_163144_799-scaled.jpg\",\"datePublished\":\"2025-10-17T14:21:06+00:00\",\"author\":{\"@id\":\"https:\\\/\\\/www.amanien.info\\\/news\\\/#\\\/schema\\\/person\\\/b21093345753a1a98242d505bd894f42\"},\"breadcrumb\":{\"@id\":\"https:\\\/\\\/www.amanien.info\\\/news\\\/mobilite-urbaine-un-nouveau-scooter-urbain-officiellement-lancee-a-abidjan\\\/#breadcrumb\"},\"inLanguage\":\"fr-FR\",\"potentialAction\":[{\"@type\":\"ReadAction\",\"target\":[\"https:\\\/\\\/www.amanien.info\\\/news\\\/mobilite-urbaine-un-nouveau-scooter-urbain-officiellement-lancee-a-abidjan\\\/\"]}]},{\"@type\":\"ImageObject\",\"inLanguage\":\"fr-FR\",\"@id\":\"https:\\\/\\\/www.amanien.info\\\/news\\\/mobilite-urbaine-un-nouveau-scooter-urbain-officiellement-lancee-a-abidjan\\\/#primaryimage\",\"url\":\"https:\\\/\\\/www.amanien.info\\\/news\\\/wp-content\\\/uploads\\\/2025\\\/10\\\/IMG_20251016_163144_799-scaled.jpg\",\"contentUrl\":\"https:\\\/\\\/www.amanien.info\\\/news\\\/wp-content\\\/uploads\\\/2025\\\/10\\\/IMG_20251016_163144_799-scaled.jpg\",\"width\":2560,\"height\":1920},{\"@type\":\"BreadcrumbList\",\"@id\":\"https:\\\/\\\/www.amanien.info\\\/news\\\/mobilite-urbaine-un-nouveau-scooter-urbain-officiellement-lancee-a-abidjan\\\/#breadcrumb\",\"itemListElement\":[{\"@type\":\"ListItem\",\"position\":1,\"name\":\"Accueil\",\"item\":\"https:\\\/\\\/www.amanien.info\\\/news\\\/\"},{\"@type\":\"ListItem\",\"position\":2,\"name\":\"Mobilit\u00e9 urbaine : un nouveau scooter urbain officiellement lanc\u00e9e \u00e0 Abidjan\u00a0\"}]},{\"@type\":\"WebSite\",\"@id\":\"https:\\\/\\\/www.amanien.info\\\/news\\\/#website\",\"url\":\"https:\\\/\\\/www.amanien.info\\\/news\\\/\",\"name\":\"Amanien| L&#039;actualit\u00e9 Ivoirienne et Internationale\",\"description\":\"L&#039;actualit\u00e9 Ivoirienne et Internationale\",\"potentialAction\":[{\"@type\":\"SearchAction\",\"target\":{\"@type\":\"EntryPoint\",\"urlTemplate\":\"https:\\\/\\\/www.amanien.info\\\/news\\\/?s={search_term_string}\"},\"query-input\":{\"@type\":\"PropertyValueSpecification\",\"valueRequired\":true,\"valueName\":\"search_term_string\"}}],\"inLanguage\":\"fr-FR\"},{\"@type\":\"Person\",\"@id\":\"https:\\\/\\\/www.amanien.info\\\/news\\\/#\\\/schema\\\/person\\\/b21093345753a1a98242d505bd894f42\",\"name\":\"Germain Ndri\",\"url\":\"https:\\\/\\\/www.amanien.info\\\/news\\\/author\\\/amanien-infos\\\/\"}]}<\/script>\n<!-- \/ Yoast SEO plugin. -->","yoast_head_json":{"title":"Mobilit\u00e9 urbaine : un nouveau scooter urbain officiellement lanc\u00e9e \u00e0 Abidjan\u00a0 - Amanien| L&#039;actualit\u00e9 Ivoirienne et Internationale","robots":{"index":"index","follow":"follow","max-snippet":"max-snippet:-1","max-image-preview":"max-image-preview:large","max-video-preview":"max-video-preview:-1"},"canonical":"https:\/\/www.amanien.info\/news\/mobilite-urbaine-un-nouveau-scooter-urbain-officiellement-lancee-a-abidjan\/","og_locale":"fr_FR","og_type":"article","og_title":"Mobilit\u00e9 urbaine : un nouveau scooter urbain officiellement lanc\u00e9e \u00e0 Abidjan\u00a0 - Amanien| L&#039;actualit\u00e9 Ivoirienne et Internationale","og_description":"Dans le but de r\u00e9inventer la mobilit\u00e9 urbaine, compl\u00e9ter sa gamme, renforcer sa pr\u00e9sence dans le deux-roues et surtout r\u00e9pondre \u00e0 des usages r\u00e9el, un acteur majeur de distribution des engins \u00e0 deux-roues en C\u00f4te d&rsquo;Ivoire, a proc\u00e9d\u00e9, le jeudi 16 octobre 2025, \u00e0 son Showroom sis \u00e0 Abidjan-Treichville, au lancement officiel du RayZR 125,\u00a0 [&hellip;]","og_url":"https:\/\/www.amanien.info\/news\/mobilite-urbaine-un-nouveau-scooter-urbain-officiellement-lancee-a-abidjan\/","og_site_name":"Amanien| L&#039;actualit\u00e9 Ivoirienne et Internationale","article_published_time":"2025-10-17T14:21:06+00:00","og_image":[{"width":2560,"height":1920,"url":"https:\/\/www.amanien.info\/news\/wp-content\/uploads\/2025\/10\/IMG_20251016_163144_799-scaled.jpg","type":"image\/jpeg"}],"author":"Germain Ndri","twitter_card":"summary_large_image","twitter_misc":{"\u00c9crit par":"Germain Ndri","Dur\u00e9e de lecture estim\u00e9e":"2 minutes"},"schema":{"@context":"https:\/\/schema.org","@graph":[{"@type":"Article","@id":"https:\/\/www.amanien.info\/news\/mobilite-urbaine-un-nouveau-scooter-urbain-officiellement-lancee-a-abidjan\/#article","isPartOf":{"@id":"https:\/\/www.amanien.info\/news\/mobilite-urbaine-un-nouveau-scooter-urbain-officiellement-lancee-a-abidjan\/"},"author":{"name":"Germain Ndri","@id":"https:\/\/www.amanien.info\/news\/#\/schema\/person\/b21093345753a1a98242d505bd894f42"},"headline":"Mobilit\u00e9 urbaine : un nouveau scooter urbain officiellement lanc\u00e9e \u00e0 Abidjan\u00a0","datePublished":"2025-10-17T14:21:06+00:00","mainEntityOfPage":{"@id":"https:\/\/www.amanien.info\/news\/mobilite-urbaine-un-nouveau-scooter-urbain-officiellement-lancee-a-abidjan\/"},"wordCount":366,"image":{"@id":"https:\/\/www.amanien.info\/news\/mobilite-urbaine-un-nouveau-scooter-urbain-officiellement-lancee-a-abidjan\/#primaryimage"},"thumbnailUrl":"https:\/\/www.amanien.info\/news\/wp-content\/uploads\/2025\/10\/IMG_20251016_163144_799-scaled.jpg","inLanguage":"fr-FR"},{"@type":"WebPage","@id":"https:\/\/www.amanien.info\/news\/mobilite-urbaine-un-nouveau-scooter-urbain-officiellement-lancee-a-abidjan\/","url":"https:\/\/www.amanien.info\/news\/mobilite-urbaine-un-nouveau-scooter-urbain-officiellement-lancee-a-abidjan\/","name":"Mobilit\u00e9 urbaine : un nouveau scooter urbain officiellement lanc\u00e9e \u00e0 Abidjan\u00a0 - Amanien| L&#039;actualit\u00e9 Ivoirienne et Internationale","isPartOf":{"@id":"https:\/\/www.amanien.info\/news\/#website"},"primaryImageOfPage":{"@id":"https:\/\/www.amanien.info\/news\/mobilite-urbaine-un-nouveau-scooter-urbain-officiellement-lancee-a-abidjan\/#primaryimage"},"image":{"@id":"https:\/\/www.amanien.info\/news\/mobilite-urbaine-un-nouveau-scooter-urbain-officiellement-lancee-a-abidjan\/#primaryimage"},"thumbnailUrl":"https:\/\/www.amanien.info\/news\/wp-content\/uploads\/2025\/10\/IMG_20251016_163144_799-scaled.jpg","datePublished":"2025-10-17T14:21:06+00:00","author":{"@id":"https:\/\/www.amanien.info\/news\/#\/schema\/person\/b21093345753a1a98242d505bd894f42"},"breadcrumb":{"@id":"https:\/\/www.amanien.info\/news\/mobilite-urbaine-un-nouveau-scooter-urbain-officiellement-lancee-a-abidjan\/#breadcrumb"},"inLanguage":"fr-FR","potentialAction":[{"@type":"ReadAction","target":["https:\/\/www.amanien.info\/news\/mobilite-urbaine-un-nouveau-scooter-urbain-officiellement-lancee-a-abidjan\/"]}]},{"@type":"ImageObject","inLanguage":"fr-FR","@id":"https:\/\/www.amanien.info\/news\/mobilite-urbaine-un-nouveau-scooter-urbain-officiellement-lancee-a-abidjan\/#primaryimage","url":"https:\/\/www.amanien.info\/news\/wp-content\/uploads\/2025\/10\/IMG_20251016_163144_799-scaled.jpg","contentUrl":"https:\/\/www.amanien.info\/news\/wp-content\/uploads\/2025\/10\/IMG_20251016_163144_799-scaled.jpg","width":2560,"height":1920},{"@type":"BreadcrumbList","@id":"https:\/\/www.amanien.info\/news\/mobilite-urbaine-un-nouveau-scooter-urbain-officiellement-lancee-a-abidjan\/#breadcrumb","itemListElement":[{"@type":"ListItem","position":1,"name":"Accueil","item":"https:\/\/www.amanien.info\/news\/"},{"@type":"ListItem","position":2,"name":"Mobilit\u00e9 urbaine : un nouveau scooter urbain officiellement lanc\u00e9e \u00e0 Abidjan\u00a0"}]},{"@type":"WebSite","@id":"https:\/\/www.amanien.info\/news\/#website","url":"https:\/\/www.amanien.info\/news\/","name":"Amanien| L&#039;actualit\u00e9 Ivoirienne et Internationale","description":"L&#039;actualit\u00e9 Ivoirienne et Internationale","potentialAction":[{"@type":"SearchAction","target":{"@type":"EntryPoint","urlTemplate":"https:\/\/www.amanien.info\/news\/?s={search_term_string}"},"query-input":{"@type":"PropertyValueSpecification","valueRequired":true,"valueName":"search_term_string"}}],"inLanguage":"fr-FR"},{"@type":"Person","@id":"https:\/\/www.amanien.info\/news\/#\/schema\/person\/b21093345753a1a98242d505bd894f42","name":"Germain Ndri","url":"https:\/\/www.amanien.info\/news\/author\/amanien-infos\/"}]}},"_links":{"self":[{"href":"https:\/\/www.amanien.info\/news\/wp-json\/wp\/v2\/posts\/7607","targetHints":{"allow":["GET"]}}],"collection":[{"href":"https:\/\/www.amanien.info\/news\/wp-json\/wp\/v2\/posts"}],"about":[{"href":"https:\/\/www.amanien.info\/news\/wp-json\/wp\/v2\/types\/post"}],"author":[{"embeddable":true,"href":"https:\/\/www.amanien.info\/news\/wp-json\/wp\/v2\/users\/2"}],"replies":[{"embeddable":true,"href":"https:\/\/www.amanien.info\/news\/wp-json\/wp\/v2\/comments?post=7607"}],"version-history":[{"count":1,"href":"https:\/\/www.amanien.info\/news\/wp-json\/wp\/v2\/posts\/7607\/revisions"}],"predecessor-version":[{"id":7609,"href":"https:\/\/www.amanien.info\/news\/wp-json\/wp\/v2\/posts\/7607\/revisions\/7609"}],"wp:featuredmedia":[{"embeddable":true,"href":"https:\/\/www.amanien.info\/news\/wp-json\/wp\/v2\/media\/7608"}],"wp:attachment":[{"href":"https:\/\/www.amanien.info\/news\/wp-json\/wp\/v2\/media?parent=7607"}],"wp:term":[{"taxonomy":"category","embeddable":true,"href":"https:\/\/www.amanien.info\/news\/wp-json\/wp\/v2\/categories?post=7607"},{"taxonomy":"post_tag","embeddable":true,"href":"https:\/\/www.amanien.info\/news\/wp-json\/wp\/v2\/tags?post=7607"}],"curies":[{"name":"wp","href":"https:\/\/api.w.org\/{rel}","templated":true}]}}