{"id":7557,"date":"2025-09-16T09:58:59","date_gmt":"2025-09-16T09:58:59","guid":{"rendered":"https:\/\/www.amanien.info\/news\/?p=7557"},"modified":"2025-09-16T09:58:59","modified_gmt":"2025-09-16T09:58:59","slug":"10e-edition-de-la-semaine-nationale-de-leau-en-cote-divoire-les-innovations-technologiques-pour-une-gestion-integree-des-ressources-en-eau-au-menu-des-echanges","status":"publish","type":"post","link":"https:\/\/www.amanien.info\/news\/10e-edition-de-la-semaine-nationale-de-leau-en-cote-divoire-les-innovations-technologiques-pour-une-gestion-integree-des-ressources-en-eau-au-menu-des-echanges\/","title":{"rendered":"10\u00e8 \u00e9dition de la Semaine Nationale de l&rsquo;Eau en C\u00f4te d&rsquo;Ivoire : les innovations technologiques pour une gestion int\u00e9gr\u00e9e des ressources en eau au menu des \u00e9changes"},"content":{"rendered":"<div>La dixi\u00e8me \u00e9dition de la Semaine Nationale de l&rsquo;Eau en C\u00f4te d&rsquo;Ivoire (SNE-CI 2025) s&rsquo;est ouverte, le lundi 15 septembre 2025, \u00e0 Abidjan-Plateau, par un d\u00e9jeuner de presse auquel ont pris part plusieurs journalistes et collaborateurs du Ministres des Eaux et For\u00eats.<\/div>\n<div><\/div>\n<div><\/div>\n<div>Cette dixi\u00e8me \u00e9dition, qui se tient du 15 au 21 septembre 2025, est plac\u00e9e sous le th\u00e8me : \u00ab\u00a0Innovations technologiques pour une gestion int\u00e9gr\u00e9e des ressources en eau r\u00e9ussie en C\u00f4te d&rsquo;Ivoire : enjeux et perspectives\u00a0\u00bb.<\/div>\n<div><\/div>\n<div>Elle a pour objectif g\u00e9n\u00e9ral, de favoriser une appropriation nationale des innovations technologiques au service de la gestion int\u00e9gr\u00e9e des ressources en eau, \u00e0 travers un dialogue multi-acteurs autour des enjeux, des bonnes pratiques et des opportunit\u00e9s concr\u00e8tes d&rsquo;action<\/div>\n<div><\/div>\n<div>Au nom du Ministre ivoirien des Eaux et For\u00eats, Laurent TCHAGBA, le Directeur G\u00e9n\u00e9ral des ressources en Eau, Dr YEO Wonnan Eug\u00e8ne a r\u00e9affirm\u00e9 la volont\u00e9 du gouvernement de mobiliser toutes les forces vives de la Nation autour d&rsquo;une ambition commune : faire de l&rsquo;innovation le moteur de la transformation durable du secteur de l&rsquo;eau.<\/div>\n<div><\/div>\n<div>\u00ab\u00a0L&rsquo;innovation technologique est un instrument de gouvernance et de performance qui permet d&rsquo;anticiper les s\u00e9cheresses et les inondations, d&rsquo;am\u00e9liorer la planification de nos infrastructures hydrauliques, de renforcer la transparence dans la gestion de nos ressources, d&rsquo;optimiser la distribution de l&rsquo;eau, de surveiller en temps r\u00e9el nos barrages, forages et r\u00e9seaux hydrauliques, et prot\u00e9ger nos rivi\u00e8res et nos lacs et d&rsquo;agir plus efficacement pour pr\u00e9server et partager l&rsquo;eau\u00a0\u00bb, indiquant que la C\u00f4te d&rsquo;Ivoire a, sous le leadership du Pr\u00e9sident Alassane Ouattara, d\u00e9velopp\u00e9 un cadre institutionnel et r\u00e8glementaire pour encourager et faciliter le d\u00e9veloppement de l&rsquo;innovation et de la technologie. C&rsquo;est pourquoi, il a lanc\u00e9 un appel \u00e0 tous les acteurs pour une appropriation de ces instruments technologiques pour en faire un \u00ab\u00a0levier de progr\u00e8s social et de justice environnementale\u00a0\u00bb.<\/div>\n<div><\/div>\n<div><\/div>\n<div><\/div>\n<div>Dr YEO Wonnan Eug\u00e8ne a \u00e9galement affirm\u00e9 que les d\u00e9fis restant sont \u00ab\u00a0\u00e9normes\u00a0\u00bb et \u00ab\u00a0urgents\u00a0\u00bb en d\u00e9pit des avanc\u00e9es enregistr\u00e9e.<\/div>\n<div><\/div>\n<div>Il s&rsquo;agit de la pression d\u00e9mographique avec une population ivoirienne sup\u00e9rieure \u00e0 28 millions d&rsquo;habitants, la pollution des ressources en Eau li\u00e9e \u00e0 l&rsquo;exploitation mini\u00e8re ill\u00e9gale, aux rejets industriels, \u00e0 l&rsquo;agriculture intensive et aux d\u00e9chets urbains.<\/div>\n<div><\/div>\n<div>A cela s&rsquo;ajoutent le changement climatique et le financement durable des projets innovants dans le secteur de l&rsquo;eau.<\/div>\n<div>Ces d\u00e9fis, selon lui, ne peuvent \u00eatre relev\u00e9s effectivement sans la presse. C&rsquo;est pourquoi, il\u00a0 a appel\u00e9 les hommes de m\u00e9dias \u00e0 s&rsquo;impliquer davantage\u00a0 en continuant \u00e0 relayer les messages de sensibilisation et de mobilisation, afin que chaque citoyen \u00ab\u00a0se sente\u00a0 concern\u00e9 par la pr\u00e9servation de l&rsquo;eau\u00a0\u00bb, a-t-il exhort\u00e9.<\/div>\n<div><\/div>\n<div>Un panel qui a r\u00e9uni les experts ivoiriens a permis de d\u00e9battre autour du th\u00e8me : \u00ab\u00a0Engagement de la C\u00f4te d&rsquo;Ivoire pour une gestion durable des ressources en eau : acquis et perspectives li\u00e9s \u00e0 l&rsquo;innovation\u00a0\u00bb.<\/div>\n<div><\/div>\n<div><\/div>\n<div>\n<div>Des s\u00e9ances de sensibilisation et d&rsquo;information, des panels et conf\u00e9rences scientifiques, des visites de sites meubleront cette \u00e9dition 2025 de la SNE-CI, dont la Tunisie est le pays invit\u00e9 d&rsquo;honneur.<\/div>\n<div><\/div>\n<\/div>\n<div><\/div>\n<div>Pour rappel, la Semaine Nationale de l&rsquo;Eau en C\u00f4te d&rsquo;Ivoire a \u00e9t\u00e9 instaur\u00e9e par d\u00e9cret n\u00b02013-44 du 30 janvier 2013, sous l&rsquo;\u00e9gide du Minist\u00e8re des eaux et for\u00eats. Cette semaine constitue une plateforme annuelle de concertation, de sensibilisation, de partage d&rsquo;exp\u00e9riences et d&rsquo;\u00e9valuation des engagements en mati\u00e8re de gestion int\u00e9gr\u00e9e des ressources en eau (GIRE).<\/div>\n<div><\/div>\n<div><\/div>\n<div><\/div>\n<div><b>S.A<\/b>.<\/div>\n<div><\/div>\n","protected":false},"excerpt":{"rendered":"<p>La dixi\u00e8me \u00e9dition de la Semaine Nationale de l&rsquo;Eau en C\u00f4te d&rsquo;Ivoire (SNE-CI 2025) s&rsquo;est ouverte, le lundi 15 septembre 2025, \u00e0 Abidjan-Plateau, par un d\u00e9jeuner de presse auquel ont pris part plusieurs journalistes et collaborateurs du Ministres des Eaux et For\u00eats. Cette dixi\u00e8me \u00e9dition, qui se tient du 15 au 21 septembre 2025, est [&hellip;]<\/p>\n","protected":false},"author":2,"featured_media":7558,"comment_status":"closed","ping_status":"closed","sticky":false,"template":"","format":"standard","meta":{"_acf_changed":false,"footnotes":""},"categories":[5],"tags":[],"class_list":["post-7557","post","type-post","status-publish","format-standard","has-post-thumbnail","hentry","category-economie"],"acf":[],"yoast_head":"<!-- This site is optimized with the Yoast SEO plugin v27.5 - https:\/\/yoast.com\/product\/yoast-seo-wordpress\/ -->\n<title>10\u00e8 \u00e9dition de la Semaine Nationale de l&#039;Eau en C\u00f4te d&#039;Ivoire : les innovations technologiques pour une gestion int\u00e9gr\u00e9e des ressources en eau au menu des \u00e9changes - Amanien| L&#039;actualit\u00e9 Ivoirienne et Internationale<\/title>\n<meta name=\"robots\" content=\"index, follow, max-snippet:-1, max-image-preview:large, max-video-preview:-1\" \/>\n<link rel=\"canonical\" href=\"https:\/\/www.amanien.info\/news\/10e-edition-de-la-semaine-nationale-de-leau-en-cote-divoire-les-innovations-technologiques-pour-une-gestion-integree-des-ressources-en-eau-au-menu-des-echanges\/\" \/>\n<meta property=\"og:locale\" content=\"fr_FR\" \/>\n<meta property=\"og:type\" content=\"article\" \/>\n<meta property=\"og:title\" content=\"10\u00e8 \u00e9dition de la Semaine Nationale de l&#039;Eau en C\u00f4te d&#039;Ivoire : les innovations technologiques pour une gestion int\u00e9gr\u00e9e des ressources en eau au menu des \u00e9changes - Amanien| L&#039;actualit\u00e9 Ivoirienne et Internationale\" \/>\n<meta property=\"og:description\" content=\"La dixi\u00e8me \u00e9dition de la Semaine Nationale de l&rsquo;Eau en C\u00f4te d&rsquo;Ivoire (SNE-CI 2025) s&rsquo;est ouverte, le lundi 15 septembre 2025, \u00e0 Abidjan-Plateau, par un d\u00e9jeuner de presse auquel ont pris part plusieurs journalistes et collaborateurs du Ministres des Eaux et For\u00eats. Cette dixi\u00e8me \u00e9dition, qui se tient du 15 au 21 septembre 2025, est [&hellip;]\" \/>\n<meta property=\"og:url\" content=\"https:\/\/www.amanien.info\/news\/10e-edition-de-la-semaine-nationale-de-leau-en-cote-divoire-les-innovations-technologiques-pour-une-gestion-integree-des-ressources-en-eau-au-menu-des-echanges\/\" \/>\n<meta property=\"og:site_name\" content=\"Amanien| L&#039;actualit\u00e9 Ivoirienne et Internationale\" \/>\n<meta property=\"article:published_time\" content=\"2025-09-16T09:58:59+00:00\" \/>\n<meta property=\"og:image\" content=\"https:\/\/www.amanien.info\/news\/wp-content\/uploads\/2025\/09\/IMG-20250915-WA0121-1.jpg\" \/>\n\t<meta property=\"og:image:width\" content=\"2560\" \/>\n\t<meta property=\"og:image:height\" content=\"1706\" \/>\n\t<meta property=\"og:image:type\" content=\"image\/jpeg\" \/>\n<meta name=\"author\" content=\"Germain Ndri\" \/>\n<meta name=\"twitter:card\" content=\"summary_large_image\" \/>\n<meta name=\"twitter:label1\" content=\"\u00c9crit par\" \/>\n\t<meta name=\"twitter:data1\" content=\"Germain Ndri\" \/>\n\t<meta name=\"twitter:label2\" content=\"Dur\u00e9e de lecture estim\u00e9e\" \/>\n\t<meta name=\"twitter:data2\" content=\"3 minutes\" \/>\n<script type=\"application\/ld+json\" class=\"yoast-schema-graph\">{\"@context\":\"https:\\\/\\\/schema.org\",\"@graph\":[{\"@type\":\"Article\",\"@id\":\"https:\\\/\\\/www.amanien.info\\\/news\\\/10e-edition-de-la-semaine-nationale-de-leau-en-cote-divoire-les-innovations-technologiques-pour-une-gestion-integree-des-ressources-en-eau-au-menu-des-echanges\\\/#article\",\"isPartOf\":{\"@id\":\"https:\\\/\\\/www.amanien.info\\\/news\\\/10e-edition-de-la-semaine-nationale-de-leau-en-cote-divoire-les-innovations-technologiques-pour-une-gestion-integree-des-ressources-en-eau-au-menu-des-echanges\\\/\"},\"author\":{\"name\":\"Germain Ndri\",\"@id\":\"https:\\\/\\\/www.amanien.info\\\/news\\\/#\\\/schema\\\/person\\\/b21093345753a1a98242d505bd894f42\"},\"headline\":\"10\u00e8 \u00e9dition de la Semaine Nationale de l&rsquo;Eau en C\u00f4te d&rsquo;Ivoire : les innovations technologiques pour une gestion int\u00e9gr\u00e9e des ressources en eau au menu des \u00e9changes\",\"datePublished\":\"2025-09-16T09:58:59+00:00\",\"mainEntityOfPage\":{\"@id\":\"https:\\\/\\\/www.amanien.info\\\/news\\\/10e-edition-de-la-semaine-nationale-de-leau-en-cote-divoire-les-innovations-technologiques-pour-une-gestion-integree-des-ressources-en-eau-au-menu-des-echanges\\\/\"},\"wordCount\":655,\"image\":{\"@id\":\"https:\\\/\\\/www.amanien.info\\\/news\\\/10e-edition-de-la-semaine-nationale-de-leau-en-cote-divoire-les-innovations-technologiques-pour-une-gestion-integree-des-ressources-en-eau-au-menu-des-echanges\\\/#primaryimage\"},\"thumbnailUrl\":\"https:\\\/\\\/www.amanien.info\\\/news\\\/wp-content\\\/uploads\\\/2025\\\/09\\\/IMG-20250915-WA0121-1.jpg\",\"articleSection\":[\"Economie\"],\"inLanguage\":\"fr-FR\"},{\"@type\":\"WebPage\",\"@id\":\"https:\\\/\\\/www.amanien.info\\\/news\\\/10e-edition-de-la-semaine-nationale-de-leau-en-cote-divoire-les-innovations-technologiques-pour-une-gestion-integree-des-ressources-en-eau-au-menu-des-echanges\\\/\",\"url\":\"https:\\\/\\\/www.amanien.info\\\/news\\\/10e-edition-de-la-semaine-nationale-de-leau-en-cote-divoire-les-innovations-technologiques-pour-une-gestion-integree-des-ressources-en-eau-au-menu-des-echanges\\\/\",\"name\":\"10\u00e8 \u00e9dition de la Semaine Nationale de l'Eau en C\u00f4te d'Ivoire : les innovations technologiques pour une gestion int\u00e9gr\u00e9e des ressources en eau au menu des \u00e9changes - Amanien| L&#039;actualit\u00e9 Ivoirienne et Internationale\",\"isPartOf\":{\"@id\":\"https:\\\/\\\/www.amanien.info\\\/news\\\/#website\"},\"primaryImageOfPage\":{\"@id\":\"https:\\\/\\\/www.amanien.info\\\/news\\\/10e-edition-de-la-semaine-nationale-de-leau-en-cote-divoire-les-innovations-technologiques-pour-une-gestion-integree-des-ressources-en-eau-au-menu-des-echanges\\\/#primaryimage\"},\"image\":{\"@id\":\"https:\\\/\\\/www.amanien.info\\\/news\\\/10e-edition-de-la-semaine-nationale-de-leau-en-cote-divoire-les-innovations-technologiques-pour-une-gestion-integree-des-ressources-en-eau-au-menu-des-echanges\\\/#primaryimage\"},\"thumbnailUrl\":\"https:\\\/\\\/www.amanien.info\\\/news\\\/wp-content\\\/uploads\\\/2025\\\/09\\\/IMG-20250915-WA0121-1.jpg\",\"datePublished\":\"2025-09-16T09:58:59+00:00\",\"author\":{\"@id\":\"https:\\\/\\\/www.amanien.info\\\/news\\\/#\\\/schema\\\/person\\\/b21093345753a1a98242d505bd894f42\"},\"breadcrumb\":{\"@id\":\"https:\\\/\\\/www.amanien.info\\\/news\\\/10e-edition-de-la-semaine-nationale-de-leau-en-cote-divoire-les-innovations-technologiques-pour-une-gestion-integree-des-ressources-en-eau-au-menu-des-echanges\\\/#breadcrumb\"},\"inLanguage\":\"fr-FR\",\"potentialAction\":[{\"@type\":\"ReadAction\",\"target\":[\"https:\\\/\\\/www.amanien.info\\\/news\\\/10e-edition-de-la-semaine-nationale-de-leau-en-cote-divoire-les-innovations-technologiques-pour-une-gestion-integree-des-ressources-en-eau-au-menu-des-echanges\\\/\"]}]},{\"@type\":\"ImageObject\",\"inLanguage\":\"fr-FR\",\"@id\":\"https:\\\/\\\/www.amanien.info\\\/news\\\/10e-edition-de-la-semaine-nationale-de-leau-en-cote-divoire-les-innovations-technologiques-pour-une-gestion-integree-des-ressources-en-eau-au-menu-des-echanges\\\/#primaryimage\",\"url\":\"https:\\\/\\\/www.amanien.info\\\/news\\\/wp-content\\\/uploads\\\/2025\\\/09\\\/IMG-20250915-WA0121-1.jpg\",\"contentUrl\":\"https:\\\/\\\/www.amanien.info\\\/news\\\/wp-content\\\/uploads\\\/2025\\\/09\\\/IMG-20250915-WA0121-1.jpg\",\"width\":2560,\"height\":1706},{\"@type\":\"BreadcrumbList\",\"@id\":\"https:\\\/\\\/www.amanien.info\\\/news\\\/10e-edition-de-la-semaine-nationale-de-leau-en-cote-divoire-les-innovations-technologiques-pour-une-gestion-integree-des-ressources-en-eau-au-menu-des-echanges\\\/#breadcrumb\",\"itemListElement\":[{\"@type\":\"ListItem\",\"position\":1,\"name\":\"Accueil\",\"item\":\"https:\\\/\\\/www.amanien.info\\\/news\\\/\"},{\"@type\":\"ListItem\",\"position\":2,\"name\":\"10\u00e8 \u00e9dition de la Semaine Nationale de l&rsquo;Eau en C\u00f4te d&rsquo;Ivoire : les innovations technologiques pour une gestion int\u00e9gr\u00e9e des ressources en eau au menu des \u00e9changes\"}]},{\"@type\":\"WebSite\",\"@id\":\"https:\\\/\\\/www.amanien.info\\\/news\\\/#website\",\"url\":\"https:\\\/\\\/www.amanien.info\\\/news\\\/\",\"name\":\"Amanien| L&#039;actualit\u00e9 Ivoirienne et Internationale\",\"description\":\"L&#039;actualit\u00e9 Ivoirienne et Internationale\",\"potentialAction\":[{\"@type\":\"SearchAction\",\"target\":{\"@type\":\"EntryPoint\",\"urlTemplate\":\"https:\\\/\\\/www.amanien.info\\\/news\\\/?s={search_term_string}\"},\"query-input\":{\"@type\":\"PropertyValueSpecification\",\"valueRequired\":true,\"valueName\":\"search_term_string\"}}],\"inLanguage\":\"fr-FR\"},{\"@type\":\"Person\",\"@id\":\"https:\\\/\\\/www.amanien.info\\\/news\\\/#\\\/schema\\\/person\\\/b21093345753a1a98242d505bd894f42\",\"name\":\"Germain Ndri\",\"url\":\"https:\\\/\\\/www.amanien.info\\\/news\\\/author\\\/amanien-infos\\\/\"}]}<\/script>\n<!-- \/ Yoast SEO plugin. -->","yoast_head_json":{"title":"10\u00e8 \u00e9dition de la Semaine Nationale de l'Eau en C\u00f4te d'Ivoire : les innovations technologiques pour une gestion int\u00e9gr\u00e9e des ressources en eau au menu des \u00e9changes - Amanien| L&#039;actualit\u00e9 Ivoirienne et Internationale","robots":{"index":"index","follow":"follow","max-snippet":"max-snippet:-1","max-image-preview":"max-image-preview:large","max-video-preview":"max-video-preview:-1"},"canonical":"https:\/\/www.amanien.info\/news\/10e-edition-de-la-semaine-nationale-de-leau-en-cote-divoire-les-innovations-technologiques-pour-une-gestion-integree-des-ressources-en-eau-au-menu-des-echanges\/","og_locale":"fr_FR","og_type":"article","og_title":"10\u00e8 \u00e9dition de la Semaine Nationale de l'Eau en C\u00f4te d'Ivoire : les innovations technologiques pour une gestion int\u00e9gr\u00e9e des ressources en eau au menu des \u00e9changes - Amanien| L&#039;actualit\u00e9 Ivoirienne et Internationale","og_description":"La dixi\u00e8me \u00e9dition de la Semaine Nationale de l&rsquo;Eau en C\u00f4te d&rsquo;Ivoire (SNE-CI 2025) s&rsquo;est ouverte, le lundi 15 septembre 2025, \u00e0 Abidjan-Plateau, par un d\u00e9jeuner de presse auquel ont pris part plusieurs journalistes et collaborateurs du Ministres des Eaux et For\u00eats. Cette dixi\u00e8me \u00e9dition, qui se tient du 15 au 21 septembre 2025, est [&hellip;]","og_url":"https:\/\/www.amanien.info\/news\/10e-edition-de-la-semaine-nationale-de-leau-en-cote-divoire-les-innovations-technologiques-pour-une-gestion-integree-des-ressources-en-eau-au-menu-des-echanges\/","og_site_name":"Amanien| L&#039;actualit\u00e9 Ivoirienne et Internationale","article_published_time":"2025-09-16T09:58:59+00:00","og_image":[{"width":2560,"height":1706,"url":"https:\/\/www.amanien.info\/news\/wp-content\/uploads\/2025\/09\/IMG-20250915-WA0121-1.jpg","type":"image\/jpeg"}],"author":"Germain Ndri","twitter_card":"summary_large_image","twitter_misc":{"\u00c9crit par":"Germain Ndri","Dur\u00e9e de lecture estim\u00e9e":"3 minutes"},"schema":{"@context":"https:\/\/schema.org","@graph":[{"@type":"Article","@id":"https:\/\/www.amanien.info\/news\/10e-edition-de-la-semaine-nationale-de-leau-en-cote-divoire-les-innovations-technologiques-pour-une-gestion-integree-des-ressources-en-eau-au-menu-des-echanges\/#article","isPartOf":{"@id":"https:\/\/www.amanien.info\/news\/10e-edition-de-la-semaine-nationale-de-leau-en-cote-divoire-les-innovations-technologiques-pour-une-gestion-integree-des-ressources-en-eau-au-menu-des-echanges\/"},"author":{"name":"Germain Ndri","@id":"https:\/\/www.amanien.info\/news\/#\/schema\/person\/b21093345753a1a98242d505bd894f42"},"headline":"10\u00e8 \u00e9dition de la Semaine Nationale de l&rsquo;Eau en C\u00f4te d&rsquo;Ivoire : les innovations technologiques pour une gestion int\u00e9gr\u00e9e des ressources en eau au menu des \u00e9changes","datePublished":"2025-09-16T09:58:59+00:00","mainEntityOfPage":{"@id":"https:\/\/www.amanien.info\/news\/10e-edition-de-la-semaine-nationale-de-leau-en-cote-divoire-les-innovations-technologiques-pour-une-gestion-integree-des-ressources-en-eau-au-menu-des-echanges\/"},"wordCount":655,"image":{"@id":"https:\/\/www.amanien.info\/news\/10e-edition-de-la-semaine-nationale-de-leau-en-cote-divoire-les-innovations-technologiques-pour-une-gestion-integree-des-ressources-en-eau-au-menu-des-echanges\/#primaryimage"},"thumbnailUrl":"https:\/\/www.amanien.info\/news\/wp-content\/uploads\/2025\/09\/IMG-20250915-WA0121-1.jpg","articleSection":["Economie"],"inLanguage":"fr-FR"},{"@type":"WebPage","@id":"https:\/\/www.amanien.info\/news\/10e-edition-de-la-semaine-nationale-de-leau-en-cote-divoire-les-innovations-technologiques-pour-une-gestion-integree-des-ressources-en-eau-au-menu-des-echanges\/","url":"https:\/\/www.amanien.info\/news\/10e-edition-de-la-semaine-nationale-de-leau-en-cote-divoire-les-innovations-technologiques-pour-une-gestion-integree-des-ressources-en-eau-au-menu-des-echanges\/","name":"10\u00e8 \u00e9dition de la Semaine Nationale de l'Eau en C\u00f4te d'Ivoire : les innovations technologiques pour une gestion int\u00e9gr\u00e9e des ressources en eau au menu des \u00e9changes - Amanien| L&#039;actualit\u00e9 Ivoirienne et Internationale","isPartOf":{"@id":"https:\/\/www.amanien.info\/news\/#website"},"primaryImageOfPage":{"@id":"https:\/\/www.amanien.info\/news\/10e-edition-de-la-semaine-nationale-de-leau-en-cote-divoire-les-innovations-technologiques-pour-une-gestion-integree-des-ressources-en-eau-au-menu-des-echanges\/#primaryimage"},"image":{"@id":"https:\/\/www.amanien.info\/news\/10e-edition-de-la-semaine-nationale-de-leau-en-cote-divoire-les-innovations-technologiques-pour-une-gestion-integree-des-ressources-en-eau-au-menu-des-echanges\/#primaryimage"},"thumbnailUrl":"https:\/\/www.amanien.info\/news\/wp-content\/uploads\/2025\/09\/IMG-20250915-WA0121-1.jpg","datePublished":"2025-09-16T09:58:59+00:00","author":{"@id":"https:\/\/www.amanien.info\/news\/#\/schema\/person\/b21093345753a1a98242d505bd894f42"},"breadcrumb":{"@id":"https:\/\/www.amanien.info\/news\/10e-edition-de-la-semaine-nationale-de-leau-en-cote-divoire-les-innovations-technologiques-pour-une-gestion-integree-des-ressources-en-eau-au-menu-des-echanges\/#breadcrumb"},"inLanguage":"fr-FR","potentialAction":[{"@type":"ReadAction","target":["https:\/\/www.amanien.info\/news\/10e-edition-de-la-semaine-nationale-de-leau-en-cote-divoire-les-innovations-technologiques-pour-une-gestion-integree-des-ressources-en-eau-au-menu-des-echanges\/"]}]},{"@type":"ImageObject","inLanguage":"fr-FR","@id":"https:\/\/www.amanien.info\/news\/10e-edition-de-la-semaine-nationale-de-leau-en-cote-divoire-les-innovations-technologiques-pour-une-gestion-integree-des-ressources-en-eau-au-menu-des-echanges\/#primaryimage","url":"https:\/\/www.amanien.info\/news\/wp-content\/uploads\/2025\/09\/IMG-20250915-WA0121-1.jpg","contentUrl":"https:\/\/www.amanien.info\/news\/wp-content\/uploads\/2025\/09\/IMG-20250915-WA0121-1.jpg","width":2560,"height":1706},{"@type":"BreadcrumbList","@id":"https:\/\/www.amanien.info\/news\/10e-edition-de-la-semaine-nationale-de-leau-en-cote-divoire-les-innovations-technologiques-pour-une-gestion-integree-des-ressources-en-eau-au-menu-des-echanges\/#breadcrumb","itemListElement":[{"@type":"ListItem","position":1,"name":"Accueil","item":"https:\/\/www.amanien.info\/news\/"},{"@type":"ListItem","position":2,"name":"10\u00e8 \u00e9dition de la Semaine Nationale de l&rsquo;Eau en C\u00f4te d&rsquo;Ivoire : les innovations technologiques pour une gestion int\u00e9gr\u00e9e des ressources en eau au menu des \u00e9changes"}]},{"@type":"WebSite","@id":"https:\/\/www.amanien.info\/news\/#website","url":"https:\/\/www.amanien.info\/news\/","name":"Amanien| L&#039;actualit\u00e9 Ivoirienne et Internationale","description":"L&#039;actualit\u00e9 Ivoirienne et Internationale","potentialAction":[{"@type":"SearchAction","target":{"@type":"EntryPoint","urlTemplate":"https:\/\/www.amanien.info\/news\/?s={search_term_string}"},"query-input":{"@type":"PropertyValueSpecification","valueRequired":true,"valueName":"search_term_string"}}],"inLanguage":"fr-FR"},{"@type":"Person","@id":"https:\/\/www.amanien.info\/news\/#\/schema\/person\/b21093345753a1a98242d505bd894f42","name":"Germain Ndri","url":"https:\/\/www.amanien.info\/news\/author\/amanien-infos\/"}]}},"_links":{"self":[{"href":"https:\/\/www.amanien.info\/news\/wp-json\/wp\/v2\/posts\/7557","targetHints":{"allow":["GET"]}}],"collection":[{"href":"https:\/\/www.amanien.info\/news\/wp-json\/wp\/v2\/posts"}],"about":[{"href":"https:\/\/www.amanien.info\/news\/wp-json\/wp\/v2\/types\/post"}],"author":[{"embeddable":true,"href":"https:\/\/www.amanien.info\/news\/wp-json\/wp\/v2\/users\/2"}],"replies":[{"embeddable":true,"href":"https:\/\/www.amanien.info\/news\/wp-json\/wp\/v2\/comments?post=7557"}],"version-history":[{"count":1,"href":"https:\/\/www.amanien.info\/news\/wp-json\/wp\/v2\/posts\/7557\/revisions"}],"predecessor-version":[{"id":7559,"href":"https:\/\/www.amanien.info\/news\/wp-json\/wp\/v2\/posts\/7557\/revisions\/7559"}],"wp:featuredmedia":[{"embeddable":true,"href":"https:\/\/www.amanien.info\/news\/wp-json\/wp\/v2\/media\/7558"}],"wp:attachment":[{"href":"https:\/\/www.amanien.info\/news\/wp-json\/wp\/v2\/media?parent=7557"}],"wp:term":[{"taxonomy":"category","embeddable":true,"href":"https:\/\/www.amanien.info\/news\/wp-json\/wp\/v2\/categories?post=7557"},{"taxonomy":"post_tag","embeddable":true,"href":"https:\/\/www.amanien.info\/news\/wp-json\/wp\/v2\/tags?post=7557"}],"curies":[{"name":"wp","href":"https:\/\/api.w.org\/{rel}","templated":true}]}}