{"id":7552,"date":"2025-09-15T20:38:04","date_gmt":"2025-09-15T20:38:04","guid":{"rendered":"https:\/\/www.amanien.info\/news\/?p=7552"},"modified":"2025-09-15T20:38:04","modified_gmt":"2025-09-15T20:38:04","slug":"prise-en-charge-du-cancer-le-cnrao-lance-le-premier-forum-hospitalier-sur-les-soins-daccompagnement-et-les-soins-palliatifs","status":"publish","type":"post","link":"https:\/\/www.amanien.info\/news\/prise-en-charge-du-cancer-le-cnrao-lance-le-premier-forum-hospitalier-sur-les-soins-daccompagnement-et-les-soins-palliatifs\/","title":{"rendered":"Prise en charge du cancer : le CNRAO lance le premier Forum Hospitalier sur les soins d&rsquo;accompagnement et les soins palliatifs\u00a0"},"content":{"rendered":"<div>Renforcer l&rsquo;int\u00e9gration des soins de support et des soins palliatifs dans la lutte contre le cancer en C\u00f4te d&rsquo;Ivoire. Tel est l&rsquo;objectif principal du premier Forum Hospitalier sur les soins d&rsquo;accompagnement et les soins palliatifs, qui se d\u00e9roulera, du 1er au 02 octobre prochain, au si\u00e8ge du CNRAO(Centre National d&rsquo;oncologie m\u00e9dicale et de radioth\u00e9rapie Alassane Ouattara ), \u00e0 Abidjan-Cocody.<\/div>\n<div><\/div>\n<div>L&rsquo;information a \u00e9t\u00e9 livr\u00e9e par la Directrice du CNRAO, Pr Judith Didi-Kouko Coulibaly, lors d&rsquo;une conf\u00e9rence de presse qui s&rsquo;est tenue, le vendredi 12 septembre 2025, au Cabinet du Minist\u00e8re de la Sant\u00e9, de l&rsquo;hygi\u00e8ne publique et de la couverture maladie universelle, au Plateau.<\/div>\n<div><\/div>\n<div><\/div>\n<div>Plac\u00e9e sous le th\u00e8me : \u00ab\u00a0Prendre soin autrement en canc\u00e9rologie : humaniser la prise en charge\u00a0\u00bb, cette premi\u00e8re \u00e9dition se veut un espace d&rsquo;\u00e9changes scientifiques, institutionnels et humains, o\u00f9 professionnels de sant\u00e9, chercheurs, d\u00e9cideurs, associations, patients et partenaires uniront leurs voix et expertises pour b\u00e2tir un mod\u00e8le de soins plus humain, plus global et plus innovant.<\/div>\n<div><\/div>\n<div>Ce grand rendez-vous est plac\u00e9 sous le parrainage du Minstre de la sant\u00e9, de l&rsquo;hygi\u00e8ne publique et de la couverture maladie universelle, Pierre N&rsquo;Gou DIMBA et sous la pr\u00e9sidence scientifique du Pr KOUASSI Beugr\u00e9, Professeur honoraire de Neurologie, par ailleurs Pr\u00e9sident du Groupe Technique de travail pour la mise en place des soins palliatifs en C\u00f4te d&rsquo;Ivoire (GTTSP), et la co-pr\u00e9sidence scientifique du Pr Philippe COLOMBAT, Professeur d&rsquo;h\u00e9matologie et Sp\u00e9cialiste des soins palliatifs et accompagnement.<\/div>\n<div><\/div>\n<div>Trois cents (300) participants sont attendus \u00e0 ce forum qui a, selon le Professeur Judith Didi-Kouko Coulibaly, pour but de pr\u00e9senter d&rsquo;une part, aux personnes atteintes du cancer et leurs proches, et d&rsquo;autre part, \u00e0 la communaut\u00e9 scientifique, nationale, r\u00e9gionale et internationale, un mod\u00e8le d&rsquo;int\u00e9gration des soins dans un centre public de lutte contre le cancer, de d\u00e9veloppement des soins d&rsquo;accompagnement et des soins palliatifs.<\/div>\n<div><\/div>\n<div>\u00ab\u00a0Le parcours de soins du cancer est difficile. Mais aujourd&rsquo;hui, on peut en gu\u00e9rir en passer par une phase de r\u00e9mission. (&#8230;) M\u00eame quand on ne peut pas gu\u00e9rir le cancer, on peut le transformer en une maladie chronique comme le diab\u00e8te et l&rsquo;hypertension. Et le patient peut vivre longtemps et bien avec la maladi. Mais cela passe aussi par les soins d&rsquo;accompagnement\u00a0\u00bb, a-t-elle expliqu\u00e9.<\/div>\n<div><\/div>\n<div><\/div>\n<div>Elle a, par ailleurs, plaid\u00e9 pour l&rsquo;int\u00e9gration des soins palliatifs dans un mod\u00e8le appuy\u00e9 par l&rsquo;Etat avec tous les moyens qu&rsquo;il faut pour le bien-\u00eatre des personnes atteintes du cancer et a souhait\u00e9 qu&rsquo;avec les diff\u00e9rents \u00e9changes qui se d\u00e9rouleront lors de ce forum, \u00ab\u00a0ce mod\u00e8le puisse \u00eatre r\u00e9pliqu\u00e9 au niveau national et Africain, pour que les soins d&rsquo;accompagnement et les soins palliatifs soient int\u00e9gr\u00e9 dans le syst\u00e8me des soins \u00ab\u00a0, a-t-elle dit.<\/div>\n<div><\/div>\n<div>Pendant cinq ann\u00e9es d&rsquo;existence, a-t-elle rappel\u00e9, le CNRAO a r\u00e9ussi le pari de r\u00e9duire le taux de mortalit\u00e9 en C\u00f4te d&rsquo;Ivoire. Le taux de survie des malades du cancer du sein d\u00e9pist\u00e9 au CNRAO est pass\u00e9 de 30% en 2017 \u00e0 85% ces derni\u00e8res ann\u00e9es.<\/div>\n<div><\/div>\n<div>Depuis sa cr\u00e9ation en 2017, le Centre s&rsquo;est impos\u00e9 comme un \u00e9tablissement pionnier en Afrique de l&rsquo;ouest. Il a \u00e9t\u00e9 le premier \u00e9tablissement public \u00e0 proposer, au-del\u00e0 des traitements m\u00e9dicaux, une offre compl\u00e8te de soins d&rsquo;accompagnement : psychologie, socio-esth\u00e9tique, groupe de parole, nutrition, activit\u00e9 physique adapt\u00e9e, kin\u00e9sith\u00e9rapie, service social.<\/div>\n<div><\/div>\n<div><\/div>\n<div><b>S.A<\/b>.<\/div>\n","protected":false},"excerpt":{"rendered":"<p>Renforcer l&rsquo;int\u00e9gration des soins de support et des soins palliatifs dans la lutte contre le cancer en C\u00f4te d&rsquo;Ivoire. Tel est l&rsquo;objectif principal du premier Forum Hospitalier sur les soins d&rsquo;accompagnement et les soins palliatifs, qui se d\u00e9roulera, du 1er au 02 octobre prochain, au si\u00e8ge du CNRAO(Centre National d&rsquo;oncologie m\u00e9dicale et de radioth\u00e9rapie Alassane [&hellip;]<\/p>\n","protected":false},"author":2,"featured_media":7555,"comment_status":"closed","ping_status":"closed","sticky":false,"template":"","format":"standard","meta":{"_acf_changed":false,"footnotes":""},"categories":[],"tags":[12],"class_list":["post-7552","post","type-post","status-publish","format-standard","has-post-thumbnail","hentry","tag-societe"],"acf":[],"yoast_head":"<!-- This site is optimized with the Yoast SEO plugin v27.5 - https:\/\/yoast.com\/product\/yoast-seo-wordpress\/ -->\n<title>Prise en charge du cancer : le CNRAO lance le premier Forum Hospitalier sur les soins d&#039;accompagnement et les soins palliatifs\u00a0 - Amanien| L&#039;actualit\u00e9 Ivoirienne et Internationale<\/title>\n<meta name=\"robots\" content=\"index, follow, max-snippet:-1, max-image-preview:large, max-video-preview:-1\" \/>\n<link rel=\"canonical\" href=\"https:\/\/www.amanien.info\/news\/prise-en-charge-du-cancer-le-cnrao-lance-le-premier-forum-hospitalier-sur-les-soins-daccompagnement-et-les-soins-palliatifs\/\" \/>\n<meta property=\"og:locale\" content=\"fr_FR\" \/>\n<meta property=\"og:type\" content=\"article\" \/>\n<meta property=\"og:title\" content=\"Prise en charge du cancer : le CNRAO lance le premier Forum Hospitalier sur les soins d&#039;accompagnement et les soins palliatifs\u00a0 - Amanien| L&#039;actualit\u00e9 Ivoirienne et Internationale\" \/>\n<meta property=\"og:description\" content=\"Renforcer l&rsquo;int\u00e9gration des soins de support et des soins palliatifs dans la lutte contre le cancer en C\u00f4te d&rsquo;Ivoire. Tel est l&rsquo;objectif principal du premier Forum Hospitalier sur les soins d&rsquo;accompagnement et les soins palliatifs, qui se d\u00e9roulera, du 1er au 02 octobre prochain, au si\u00e8ge du CNRAO(Centre National d&rsquo;oncologie m\u00e9dicale et de radioth\u00e9rapie Alassane [&hellip;]\" \/>\n<meta property=\"og:url\" content=\"https:\/\/www.amanien.info\/news\/prise-en-charge-du-cancer-le-cnrao-lance-le-premier-forum-hospitalier-sur-les-soins-daccompagnement-et-les-soins-palliatifs\/\" \/>\n<meta property=\"og:site_name\" content=\"Amanien| L&#039;actualit\u00e9 Ivoirienne et Internationale\" \/>\n<meta property=\"article:published_time\" content=\"2025-09-15T20:38:04+00:00\" \/>\n<meta property=\"og:image\" content=\"https:\/\/www.amanien.info\/news\/wp-content\/uploads\/2025\/09\/La-conference-de-presse-du-lancement-du-premier-Forum-sur-les-soins-palliatifs-en-cancerologie-du-CNRAO-1.jpg\" \/>\n\t<meta property=\"og:image:width\" content=\"720\" \/>\n\t<meta property=\"og:image:height\" content=\"405\" \/>\n\t<meta property=\"og:image:type\" content=\"image\/jpeg\" \/>\n<meta name=\"author\" content=\"Germain Ndri\" \/>\n<meta name=\"twitter:card\" content=\"summary_large_image\" \/>\n<meta name=\"twitter:label1\" content=\"\u00c9crit par\" \/>\n\t<meta name=\"twitter:data1\" content=\"Germain Ndri\" \/>\n\t<meta name=\"twitter:label2\" content=\"Dur\u00e9e de lecture estim\u00e9e\" \/>\n\t<meta name=\"twitter:data2\" content=\"3 minutes\" \/>\n<script type=\"application\/ld+json\" class=\"yoast-schema-graph\">{\"@context\":\"https:\\\/\\\/schema.org\",\"@graph\":[{\"@type\":\"Article\",\"@id\":\"https:\\\/\\\/www.amanien.info\\\/news\\\/prise-en-charge-du-cancer-le-cnrao-lance-le-premier-forum-hospitalier-sur-les-soins-daccompagnement-et-les-soins-palliatifs\\\/#article\",\"isPartOf\":{\"@id\":\"https:\\\/\\\/www.amanien.info\\\/news\\\/prise-en-charge-du-cancer-le-cnrao-lance-le-premier-forum-hospitalier-sur-les-soins-daccompagnement-et-les-soins-palliatifs\\\/\"},\"author\":{\"name\":\"Germain Ndri\",\"@id\":\"https:\\\/\\\/www.amanien.info\\\/news\\\/#\\\/schema\\\/person\\\/b21093345753a1a98242d505bd894f42\"},\"headline\":\"Prise en charge du cancer : le CNRAO lance le premier Forum Hospitalier sur les soins d&rsquo;accompagnement et les soins palliatifs\u00a0\",\"datePublished\":\"2025-09-15T20:38:04+00:00\",\"mainEntityOfPage\":{\"@id\":\"https:\\\/\\\/www.amanien.info\\\/news\\\/prise-en-charge-du-cancer-le-cnrao-lance-le-premier-forum-hospitalier-sur-les-soins-daccompagnement-et-les-soins-palliatifs\\\/\"},\"wordCount\":624,\"image\":{\"@id\":\"https:\\\/\\\/www.amanien.info\\\/news\\\/prise-en-charge-du-cancer-le-cnrao-lance-le-premier-forum-hospitalier-sur-les-soins-daccompagnement-et-les-soins-palliatifs\\\/#primaryimage\"},\"thumbnailUrl\":\"https:\\\/\\\/www.amanien.info\\\/news\\\/wp-content\\\/uploads\\\/2025\\\/09\\\/La-conference-de-presse-du-lancement-du-premier-Forum-sur-les-soins-palliatifs-en-cancerologie-du-CNRAO-1.jpg\",\"keywords\":[\"Soci\u00e9t\u00e9\"],\"inLanguage\":\"fr-FR\"},{\"@type\":\"WebPage\",\"@id\":\"https:\\\/\\\/www.amanien.info\\\/news\\\/prise-en-charge-du-cancer-le-cnrao-lance-le-premier-forum-hospitalier-sur-les-soins-daccompagnement-et-les-soins-palliatifs\\\/\",\"url\":\"https:\\\/\\\/www.amanien.info\\\/news\\\/prise-en-charge-du-cancer-le-cnrao-lance-le-premier-forum-hospitalier-sur-les-soins-daccompagnement-et-les-soins-palliatifs\\\/\",\"name\":\"Prise en charge du cancer : le CNRAO lance le premier Forum Hospitalier sur les soins d'accompagnement et les soins palliatifs\u00a0 - Amanien| L&#039;actualit\u00e9 Ivoirienne et Internationale\",\"isPartOf\":{\"@id\":\"https:\\\/\\\/www.amanien.info\\\/news\\\/#website\"},\"primaryImageOfPage\":{\"@id\":\"https:\\\/\\\/www.amanien.info\\\/news\\\/prise-en-charge-du-cancer-le-cnrao-lance-le-premier-forum-hospitalier-sur-les-soins-daccompagnement-et-les-soins-palliatifs\\\/#primaryimage\"},\"image\":{\"@id\":\"https:\\\/\\\/www.amanien.info\\\/news\\\/prise-en-charge-du-cancer-le-cnrao-lance-le-premier-forum-hospitalier-sur-les-soins-daccompagnement-et-les-soins-palliatifs\\\/#primaryimage\"},\"thumbnailUrl\":\"https:\\\/\\\/www.amanien.info\\\/news\\\/wp-content\\\/uploads\\\/2025\\\/09\\\/La-conference-de-presse-du-lancement-du-premier-Forum-sur-les-soins-palliatifs-en-cancerologie-du-CNRAO-1.jpg\",\"datePublished\":\"2025-09-15T20:38:04+00:00\",\"author\":{\"@id\":\"https:\\\/\\\/www.amanien.info\\\/news\\\/#\\\/schema\\\/person\\\/b21093345753a1a98242d505bd894f42\"},\"breadcrumb\":{\"@id\":\"https:\\\/\\\/www.amanien.info\\\/news\\\/prise-en-charge-du-cancer-le-cnrao-lance-le-premier-forum-hospitalier-sur-les-soins-daccompagnement-et-les-soins-palliatifs\\\/#breadcrumb\"},\"inLanguage\":\"fr-FR\",\"potentialAction\":[{\"@type\":\"ReadAction\",\"target\":[\"https:\\\/\\\/www.amanien.info\\\/news\\\/prise-en-charge-du-cancer-le-cnrao-lance-le-premier-forum-hospitalier-sur-les-soins-daccompagnement-et-les-soins-palliatifs\\\/\"]}]},{\"@type\":\"ImageObject\",\"inLanguage\":\"fr-FR\",\"@id\":\"https:\\\/\\\/www.amanien.info\\\/news\\\/prise-en-charge-du-cancer-le-cnrao-lance-le-premier-forum-hospitalier-sur-les-soins-daccompagnement-et-les-soins-palliatifs\\\/#primaryimage\",\"url\":\"https:\\\/\\\/www.amanien.info\\\/news\\\/wp-content\\\/uploads\\\/2025\\\/09\\\/La-conference-de-presse-du-lancement-du-premier-Forum-sur-les-soins-palliatifs-en-cancerologie-du-CNRAO-1.jpg\",\"contentUrl\":\"https:\\\/\\\/www.amanien.info\\\/news\\\/wp-content\\\/uploads\\\/2025\\\/09\\\/La-conference-de-presse-du-lancement-du-premier-Forum-sur-les-soins-palliatifs-en-cancerologie-du-CNRAO-1.jpg\",\"width\":720,\"height\":405},{\"@type\":\"BreadcrumbList\",\"@id\":\"https:\\\/\\\/www.amanien.info\\\/news\\\/prise-en-charge-du-cancer-le-cnrao-lance-le-premier-forum-hospitalier-sur-les-soins-daccompagnement-et-les-soins-palliatifs\\\/#breadcrumb\",\"itemListElement\":[{\"@type\":\"ListItem\",\"position\":1,\"name\":\"Accueil\",\"item\":\"https:\\\/\\\/www.amanien.info\\\/news\\\/\"},{\"@type\":\"ListItem\",\"position\":2,\"name\":\"Prise en charge du cancer : le CNRAO lance le premier Forum Hospitalier sur les soins d&rsquo;accompagnement et les soins palliatifs\u00a0\"}]},{\"@type\":\"WebSite\",\"@id\":\"https:\\\/\\\/www.amanien.info\\\/news\\\/#website\",\"url\":\"https:\\\/\\\/www.amanien.info\\\/news\\\/\",\"name\":\"Amanien| L&#039;actualit\u00e9 Ivoirienne et Internationale\",\"description\":\"L&#039;actualit\u00e9 Ivoirienne et Internationale\",\"potentialAction\":[{\"@type\":\"SearchAction\",\"target\":{\"@type\":\"EntryPoint\",\"urlTemplate\":\"https:\\\/\\\/www.amanien.info\\\/news\\\/?s={search_term_string}\"},\"query-input\":{\"@type\":\"PropertyValueSpecification\",\"valueRequired\":true,\"valueName\":\"search_term_string\"}}],\"inLanguage\":\"fr-FR\"},{\"@type\":\"Person\",\"@id\":\"https:\\\/\\\/www.amanien.info\\\/news\\\/#\\\/schema\\\/person\\\/b21093345753a1a98242d505bd894f42\",\"name\":\"Germain Ndri\",\"url\":\"https:\\\/\\\/www.amanien.info\\\/news\\\/author\\\/amanien-infos\\\/\"}]}<\/script>\n<!-- \/ Yoast SEO plugin. -->","yoast_head_json":{"title":"Prise en charge du cancer : le CNRAO lance le premier Forum Hospitalier sur les soins d'accompagnement et les soins palliatifs\u00a0 - Amanien| L&#039;actualit\u00e9 Ivoirienne et Internationale","robots":{"index":"index","follow":"follow","max-snippet":"max-snippet:-1","max-image-preview":"max-image-preview:large","max-video-preview":"max-video-preview:-1"},"canonical":"https:\/\/www.amanien.info\/news\/prise-en-charge-du-cancer-le-cnrao-lance-le-premier-forum-hospitalier-sur-les-soins-daccompagnement-et-les-soins-palliatifs\/","og_locale":"fr_FR","og_type":"article","og_title":"Prise en charge du cancer : le CNRAO lance le premier Forum Hospitalier sur les soins d'accompagnement et les soins palliatifs\u00a0 - Amanien| L&#039;actualit\u00e9 Ivoirienne et Internationale","og_description":"Renforcer l&rsquo;int\u00e9gration des soins de support et des soins palliatifs dans la lutte contre le cancer en C\u00f4te d&rsquo;Ivoire. Tel est l&rsquo;objectif principal du premier Forum Hospitalier sur les soins d&rsquo;accompagnement et les soins palliatifs, qui se d\u00e9roulera, du 1er au 02 octobre prochain, au si\u00e8ge du CNRAO(Centre National d&rsquo;oncologie m\u00e9dicale et de radioth\u00e9rapie Alassane [&hellip;]","og_url":"https:\/\/www.amanien.info\/news\/prise-en-charge-du-cancer-le-cnrao-lance-le-premier-forum-hospitalier-sur-les-soins-daccompagnement-et-les-soins-palliatifs\/","og_site_name":"Amanien| L&#039;actualit\u00e9 Ivoirienne et Internationale","article_published_time":"2025-09-15T20:38:04+00:00","og_image":[{"width":720,"height":405,"url":"https:\/\/www.amanien.info\/news\/wp-content\/uploads\/2025\/09\/La-conference-de-presse-du-lancement-du-premier-Forum-sur-les-soins-palliatifs-en-cancerologie-du-CNRAO-1.jpg","type":"image\/jpeg"}],"author":"Germain Ndri","twitter_card":"summary_large_image","twitter_misc":{"\u00c9crit par":"Germain Ndri","Dur\u00e9e de lecture estim\u00e9e":"3 minutes"},"schema":{"@context":"https:\/\/schema.org","@graph":[{"@type":"Article","@id":"https:\/\/www.amanien.info\/news\/prise-en-charge-du-cancer-le-cnrao-lance-le-premier-forum-hospitalier-sur-les-soins-daccompagnement-et-les-soins-palliatifs\/#article","isPartOf":{"@id":"https:\/\/www.amanien.info\/news\/prise-en-charge-du-cancer-le-cnrao-lance-le-premier-forum-hospitalier-sur-les-soins-daccompagnement-et-les-soins-palliatifs\/"},"author":{"name":"Germain Ndri","@id":"https:\/\/www.amanien.info\/news\/#\/schema\/person\/b21093345753a1a98242d505bd894f42"},"headline":"Prise en charge du cancer : le CNRAO lance le premier Forum Hospitalier sur les soins d&rsquo;accompagnement et les soins palliatifs\u00a0","datePublished":"2025-09-15T20:38:04+00:00","mainEntityOfPage":{"@id":"https:\/\/www.amanien.info\/news\/prise-en-charge-du-cancer-le-cnrao-lance-le-premier-forum-hospitalier-sur-les-soins-daccompagnement-et-les-soins-palliatifs\/"},"wordCount":624,"image":{"@id":"https:\/\/www.amanien.info\/news\/prise-en-charge-du-cancer-le-cnrao-lance-le-premier-forum-hospitalier-sur-les-soins-daccompagnement-et-les-soins-palliatifs\/#primaryimage"},"thumbnailUrl":"https:\/\/www.amanien.info\/news\/wp-content\/uploads\/2025\/09\/La-conference-de-presse-du-lancement-du-premier-Forum-sur-les-soins-palliatifs-en-cancerologie-du-CNRAO-1.jpg","keywords":["Soci\u00e9t\u00e9"],"inLanguage":"fr-FR"},{"@type":"WebPage","@id":"https:\/\/www.amanien.info\/news\/prise-en-charge-du-cancer-le-cnrao-lance-le-premier-forum-hospitalier-sur-les-soins-daccompagnement-et-les-soins-palliatifs\/","url":"https:\/\/www.amanien.info\/news\/prise-en-charge-du-cancer-le-cnrao-lance-le-premier-forum-hospitalier-sur-les-soins-daccompagnement-et-les-soins-palliatifs\/","name":"Prise en charge du cancer : le CNRAO lance le premier Forum Hospitalier sur les soins d'accompagnement et les soins palliatifs\u00a0 - Amanien| L&#039;actualit\u00e9 Ivoirienne et Internationale","isPartOf":{"@id":"https:\/\/www.amanien.info\/news\/#website"},"primaryImageOfPage":{"@id":"https:\/\/www.amanien.info\/news\/prise-en-charge-du-cancer-le-cnrao-lance-le-premier-forum-hospitalier-sur-les-soins-daccompagnement-et-les-soins-palliatifs\/#primaryimage"},"image":{"@id":"https:\/\/www.amanien.info\/news\/prise-en-charge-du-cancer-le-cnrao-lance-le-premier-forum-hospitalier-sur-les-soins-daccompagnement-et-les-soins-palliatifs\/#primaryimage"},"thumbnailUrl":"https:\/\/www.amanien.info\/news\/wp-content\/uploads\/2025\/09\/La-conference-de-presse-du-lancement-du-premier-Forum-sur-les-soins-palliatifs-en-cancerologie-du-CNRAO-1.jpg","datePublished":"2025-09-15T20:38:04+00:00","author":{"@id":"https:\/\/www.amanien.info\/news\/#\/schema\/person\/b21093345753a1a98242d505bd894f42"},"breadcrumb":{"@id":"https:\/\/www.amanien.info\/news\/prise-en-charge-du-cancer-le-cnrao-lance-le-premier-forum-hospitalier-sur-les-soins-daccompagnement-et-les-soins-palliatifs\/#breadcrumb"},"inLanguage":"fr-FR","potentialAction":[{"@type":"ReadAction","target":["https:\/\/www.amanien.info\/news\/prise-en-charge-du-cancer-le-cnrao-lance-le-premier-forum-hospitalier-sur-les-soins-daccompagnement-et-les-soins-palliatifs\/"]}]},{"@type":"ImageObject","inLanguage":"fr-FR","@id":"https:\/\/www.amanien.info\/news\/prise-en-charge-du-cancer-le-cnrao-lance-le-premier-forum-hospitalier-sur-les-soins-daccompagnement-et-les-soins-palliatifs\/#primaryimage","url":"https:\/\/www.amanien.info\/news\/wp-content\/uploads\/2025\/09\/La-conference-de-presse-du-lancement-du-premier-Forum-sur-les-soins-palliatifs-en-cancerologie-du-CNRAO-1.jpg","contentUrl":"https:\/\/www.amanien.info\/news\/wp-content\/uploads\/2025\/09\/La-conference-de-presse-du-lancement-du-premier-Forum-sur-les-soins-palliatifs-en-cancerologie-du-CNRAO-1.jpg","width":720,"height":405},{"@type":"BreadcrumbList","@id":"https:\/\/www.amanien.info\/news\/prise-en-charge-du-cancer-le-cnrao-lance-le-premier-forum-hospitalier-sur-les-soins-daccompagnement-et-les-soins-palliatifs\/#breadcrumb","itemListElement":[{"@type":"ListItem","position":1,"name":"Accueil","item":"https:\/\/www.amanien.info\/news\/"},{"@type":"ListItem","position":2,"name":"Prise en charge du cancer : le CNRAO lance le premier Forum Hospitalier sur les soins d&rsquo;accompagnement et les soins palliatifs\u00a0"}]},{"@type":"WebSite","@id":"https:\/\/www.amanien.info\/news\/#website","url":"https:\/\/www.amanien.info\/news\/","name":"Amanien| L&#039;actualit\u00e9 Ivoirienne et Internationale","description":"L&#039;actualit\u00e9 Ivoirienne et Internationale","potentialAction":[{"@type":"SearchAction","target":{"@type":"EntryPoint","urlTemplate":"https:\/\/www.amanien.info\/news\/?s={search_term_string}"},"query-input":{"@type":"PropertyValueSpecification","valueRequired":true,"valueName":"search_term_string"}}],"inLanguage":"fr-FR"},{"@type":"Person","@id":"https:\/\/www.amanien.info\/news\/#\/schema\/person\/b21093345753a1a98242d505bd894f42","name":"Germain Ndri","url":"https:\/\/www.amanien.info\/news\/author\/amanien-infos\/"}]}},"_links":{"self":[{"href":"https:\/\/www.amanien.info\/news\/wp-json\/wp\/v2\/posts\/7552","targetHints":{"allow":["GET"]}}],"collection":[{"href":"https:\/\/www.amanien.info\/news\/wp-json\/wp\/v2\/posts"}],"about":[{"href":"https:\/\/www.amanien.info\/news\/wp-json\/wp\/v2\/types\/post"}],"author":[{"embeddable":true,"href":"https:\/\/www.amanien.info\/news\/wp-json\/wp\/v2\/users\/2"}],"replies":[{"embeddable":true,"href":"https:\/\/www.amanien.info\/news\/wp-json\/wp\/v2\/comments?post=7552"}],"version-history":[{"count":1,"href":"https:\/\/www.amanien.info\/news\/wp-json\/wp\/v2\/posts\/7552\/revisions"}],"predecessor-version":[{"id":7556,"href":"https:\/\/www.amanien.info\/news\/wp-json\/wp\/v2\/posts\/7552\/revisions\/7556"}],"wp:featuredmedia":[{"embeddable":true,"href":"https:\/\/www.amanien.info\/news\/wp-json\/wp\/v2\/media\/7555"}],"wp:attachment":[{"href":"https:\/\/www.amanien.info\/news\/wp-json\/wp\/v2\/media?parent=7552"}],"wp:term":[{"taxonomy":"category","embeddable":true,"href":"https:\/\/www.amanien.info\/news\/wp-json\/wp\/v2\/categories?post=7552"},{"taxonomy":"post_tag","embeddable":true,"href":"https:\/\/www.amanien.info\/news\/wp-json\/wp\/v2\/tags?post=7552"}],"curies":[{"name":"wp","href":"https:\/\/api.w.org\/{rel}","templated":true}]}}