{"id":7546,"date":"2025-09-13T21:54:45","date_gmt":"2025-09-13T21:54:45","guid":{"rendered":"https:\/\/www.amanien.info\/news\/?p=7546"},"modified":"2025-09-13T21:54:45","modified_gmt":"2025-09-13T21:54:45","slug":"lancement-de-la-8eme-edition-dabidjan-innova-plusieurs-innovations-majeures-devoilees","status":"publish","type":"post","link":"https:\/\/www.amanien.info\/news\/lancement-de-la-8eme-edition-dabidjan-innova-plusieurs-innovations-majeures-devoilees\/","title":{"rendered":"Lancement de la 8\u00e8me \u00e9dition d\u2019Abidjan Innova : plusieurs innovations majeures d\u00e9voil\u00e9es"},"content":{"rendered":"<div>La 8e \u00e9dition du Salon International Annuel des inventions et de l\u2019innovation d&rsquo;Abidjan (Abidjan Innova 2026) se d\u00e9roulera du 23 au 25 avril 2026 au Palais de la Culture de Treichville, sous le sceau : \u00ab\u00a0La propri\u00e9t\u00e9 intellectuelle \u00e0 l&rsquo;\u00e8re de l&rsquo;intelligence artificielle\u00a0\u00bb.<\/div>\n<div><\/div>\n<div><\/div>\n<div>L\u2019 annonce a \u00e9t\u00e9 faite au cours de la conf\u00e9rence de presse de lancement, qui s&rsquo;est tenue, le vendredi 12 septembre 2025, \u00e0 la Chambre de commerce et d\u2019industrie (CCI-CI) \u00e0 Abidjan-Plateau, par Coulibaly Pierre Djibril, pr\u00e9sident de la Fondation Africa Innova, promotrice de l\u2019\u00e9v\u00e8nement.<\/div>\n<div><\/div>\n<div><\/div>\n<div>La c\u00e9r\u00e9monie de lancement a \u00e9t\u00e9 coupl\u00e9e \u00e0 la c\u00e9l\u00e9bration de la Journ\u00e9e africaine de la technologie et de la propri\u00e9t\u00e9 intellectuelle<\/div>\n<div><\/div>\n<div>Dans sa brillante intervention, le Pr\u00e9sident Coulibaly Pierre Djibril, a indiqu\u00e9 que l\u2019\u00e9dition 2026 connaitra des innovations dont le passage de cinq \u00e0 sept halls d\u2019exposition.<\/div>\n<div><\/div>\n<div><\/div>\n<div>Un espace est pr\u00e9vu pour la prise en main des jeunes d\u00e9sireux d\u2019\u00eatre initi\u00e9s \u00e0 l\u2019activit\u00e9 inventive.<\/div>\n<div><\/div>\n<div>Un super Grand Prix va \u00e9galement s\u2019affronter aux super laur\u00e9ats des sept premi\u00e8res \u00e9ditions.<\/div>\n<div><\/div>\n<div>L&rsquo; id\u00e9e derri\u00e8re cette autre comp\u00e9tition, c\u2019est de voir \u00e0 quel niveau du processus sont les diff\u00e9rentes inventions r\u00e9compens\u00e9es, a indiqu\u00e9 M. Coulibaly Pierre Djibril.<\/div>\n<div><\/div>\n<div><\/div>\n<div><\/div>\n<div>Le Prix du jeune culturel a \u00e9t\u00e9 aussi annonc\u00e9, \u00e0 cette occasion, pour r\u00e9compenser les cr\u00e9ateurs locaux qui ont cr\u00e9\u00e9 des concepts artistiques qui ont enregistr\u00e9 un succ\u00e8s international dans des domaines dans lesquels ils n\u2019ont pas de formation initiale.<\/div>\n<div><\/div>\n<div><\/div>\n<div>Comme autre innovation majeure, la cr\u00e9ation d&rsquo;un site web interactif d\u00e9di\u00e9 \u00e0 l\u2019\u00e9v\u00e8nement, qui vise \u00e0 faciliter la participation de la centaine d\u2019exposants et des milliers de visiteurs attendus dans le monde entier.<\/div>\n<div><\/div>\n<div>Le Maroc conserve son statut de Pays invit\u00e9 d\u2019honneur, a soulign\u00e9 Coulibaly Pierre Djibril.<\/div>\n<div><\/div>\n<div>Pour sa part, le Repr\u00e9sentant la ministre de la Culture et de la Francophonie et co-pr\u00e9sidente du Salon , David Kologo, chef du service juridique et de la coop\u00e9ration, a indiqu\u00e9 qu\u2019Abidjan Innova contribue \u00e0 donner au g\u00e9nie africain, la place qui lui revient. Ce, d\u2019autant que \u00ab\u00a0l\u2019Afrique n\u2019est pas condamn\u00e9e \u00e0 demeurer consommatrice d\u2019invention. Elle doit faire entendre sa voix et proposer ses inventions au monde\u00a0\u00bb, a-t-il soutenu.<\/div>\n<div><\/div>\n<div>Les partenaires traditionnelles de l\u2019\u00e9v\u00e8nement ont r\u00e9it\u00e9r\u00e9 leur appui pour la r\u00e9ussite de l\u2019\u00e9dition 2026. Ce, par les voix de Pr N\u2019Guessan Yao Thomas et Cath\u00e9rine Danho, repr\u00e9sentant respectivement l\u2019Acad\u00e9mie des sciences, des arts, des cultures d&rsquo;Afrique et des diasporas africaines (Ascad) et le District autonome d\u2019Abidjan.<\/div>\n<div><\/div>\n<div>Ils se sont engag\u00e9s \u00e0 faire de l&rsquo;\u00e9dition 2026 un franc succ\u00e8s.<\/div>\n<div><\/div>\n<div>Cette c\u00e9r\u00e9monie a \u00e9t\u00e9 aussi ponctu\u00e9e par des communications de Philippe Z\u00e9ya, Repr\u00e9sentant du Pr\u00e9sident du jury et Christian Kanigui, Coordonnateur g\u00e9n\u00e9ral du Salon.<\/div>\n<div><\/div>\n<div>Organis\u00e9, chaque ann\u00e9e, depuis 2018, Abidjan Innova est le Salon de r\u00e9f\u00e9rence mondiale consacr\u00e9 \u00e0 l&rsquo;invention en Afrique. C&rsquo;est le meilleur cadre pour faire conna\u00eetre les inventions et innovations, renforcer les investisseurs, valoriser et vulgariser les nouveaux produits.<\/div>\n<div><\/div>\n<div><\/div>\n<div><b>S.A<\/b>.<\/div>\n<div><\/div>\n<div><\/div>\n","protected":false},"excerpt":{"rendered":"<p>La 8e \u00e9dition du Salon International Annuel des inventions et de l\u2019innovation d&rsquo;Abidjan (Abidjan Innova 2026) se d\u00e9roulera du 23 au 25 avril 2026 au Palais de la Culture de Treichville, sous le sceau : \u00ab\u00a0La propri\u00e9t\u00e9 intellectuelle \u00e0 l&rsquo;\u00e8re de l&rsquo;intelligence artificielle\u00a0\u00bb. L\u2019 annonce a \u00e9t\u00e9 faite au cours de la conf\u00e9rence de presse [&hellip;]<\/p>\n","protected":false},"author":2,"featured_media":7548,"comment_status":"closed","ping_status":"closed","sticky":false,"template":"","format":"standard","meta":{"_acf_changed":false,"footnotes":""},"categories":[5],"tags":[],"class_list":["post-7546","post","type-post","status-publish","format-standard","has-post-thumbnail","hentry","category-economie"],"acf":[],"yoast_head":"<!-- This site is optimized with the Yoast SEO plugin v27.5 - https:\/\/yoast.com\/product\/yoast-seo-wordpress\/ -->\n<title>Lancement de la 8\u00e8me \u00e9dition d\u2019Abidjan Innova : plusieurs innovations majeures d\u00e9voil\u00e9es - Amanien| L&#039;actualit\u00e9 Ivoirienne et Internationale<\/title>\n<meta name=\"robots\" content=\"index, follow, max-snippet:-1, max-image-preview:large, max-video-preview:-1\" \/>\n<link rel=\"canonical\" href=\"https:\/\/www.amanien.info\/news\/lancement-de-la-8eme-edition-dabidjan-innova-plusieurs-innovations-majeures-devoilees\/\" \/>\n<meta property=\"og:locale\" content=\"fr_FR\" \/>\n<meta property=\"og:type\" content=\"article\" \/>\n<meta property=\"og:title\" content=\"Lancement de la 8\u00e8me \u00e9dition d\u2019Abidjan Innova : plusieurs innovations majeures d\u00e9voil\u00e9es - Amanien| L&#039;actualit\u00e9 Ivoirienne et Internationale\" \/>\n<meta property=\"og:description\" content=\"La 8e \u00e9dition du Salon International Annuel des inventions et de l\u2019innovation d&rsquo;Abidjan (Abidjan Innova 2026) se d\u00e9roulera du 23 au 25 avril 2026 au Palais de la Culture de Treichville, sous le sceau : \u00ab\u00a0La propri\u00e9t\u00e9 intellectuelle \u00e0 l&rsquo;\u00e8re de l&rsquo;intelligence artificielle\u00a0\u00bb. L\u2019 annonce a \u00e9t\u00e9 faite au cours de la conf\u00e9rence de presse [&hellip;]\" \/>\n<meta property=\"og:url\" content=\"https:\/\/www.amanien.info\/news\/lancement-de-la-8eme-edition-dabidjan-innova-plusieurs-innovations-majeures-devoilees\/\" \/>\n<meta property=\"og:site_name\" content=\"Amanien| L&#039;actualit\u00e9 Ivoirienne et Internationale\" \/>\n<meta property=\"article:published_time\" content=\"2025-09-13T21:54:45+00:00\" \/>\n<meta property=\"og:image\" content=\"https:\/\/www.amanien.info\/news\/wp-content\/uploads\/2025\/09\/IMG-20250912-WA0112.jpg\" \/>\n\t<meta property=\"og:image:width\" content=\"1040\" \/>\n\t<meta property=\"og:image:height\" content=\"780\" \/>\n\t<meta property=\"og:image:type\" content=\"image\/jpeg\" \/>\n<meta name=\"author\" content=\"Germain Ndri\" \/>\n<meta name=\"twitter:card\" content=\"summary_large_image\" \/>\n<meta name=\"twitter:label1\" content=\"\u00c9crit par\" \/>\n\t<meta name=\"twitter:data1\" content=\"Germain Ndri\" \/>\n\t<meta name=\"twitter:label2\" content=\"Dur\u00e9e de lecture estim\u00e9e\" \/>\n\t<meta name=\"twitter:data2\" content=\"3 minutes\" \/>\n<script type=\"application\/ld+json\" class=\"yoast-schema-graph\">{\"@context\":\"https:\\\/\\\/schema.org\",\"@graph\":[{\"@type\":\"Article\",\"@id\":\"https:\\\/\\\/www.amanien.info\\\/news\\\/lancement-de-la-8eme-edition-dabidjan-innova-plusieurs-innovations-majeures-devoilees\\\/#article\",\"isPartOf\":{\"@id\":\"https:\\\/\\\/www.amanien.info\\\/news\\\/lancement-de-la-8eme-edition-dabidjan-innova-plusieurs-innovations-majeures-devoilees\\\/\"},\"author\":{\"name\":\"Germain Ndri\",\"@id\":\"https:\\\/\\\/www.amanien.info\\\/news\\\/#\\\/schema\\\/person\\\/b21093345753a1a98242d505bd894f42\"},\"headline\":\"Lancement de la 8\u00e8me \u00e9dition d\u2019Abidjan Innova : plusieurs innovations majeures d\u00e9voil\u00e9es\",\"datePublished\":\"2025-09-13T21:54:45+00:00\",\"mainEntityOfPage\":{\"@id\":\"https:\\\/\\\/www.amanien.info\\\/news\\\/lancement-de-la-8eme-edition-dabidjan-innova-plusieurs-innovations-majeures-devoilees\\\/\"},\"wordCount\":547,\"image\":{\"@id\":\"https:\\\/\\\/www.amanien.info\\\/news\\\/lancement-de-la-8eme-edition-dabidjan-innova-plusieurs-innovations-majeures-devoilees\\\/#primaryimage\"},\"thumbnailUrl\":\"https:\\\/\\\/www.amanien.info\\\/news\\\/wp-content\\\/uploads\\\/2025\\\/09\\\/IMG-20250912-WA0112.jpg\",\"articleSection\":[\"Economie\"],\"inLanguage\":\"fr-FR\"},{\"@type\":\"WebPage\",\"@id\":\"https:\\\/\\\/www.amanien.info\\\/news\\\/lancement-de-la-8eme-edition-dabidjan-innova-plusieurs-innovations-majeures-devoilees\\\/\",\"url\":\"https:\\\/\\\/www.amanien.info\\\/news\\\/lancement-de-la-8eme-edition-dabidjan-innova-plusieurs-innovations-majeures-devoilees\\\/\",\"name\":\"Lancement de la 8\u00e8me \u00e9dition d\u2019Abidjan Innova : plusieurs innovations majeures d\u00e9voil\u00e9es - Amanien| L&#039;actualit\u00e9 Ivoirienne et Internationale\",\"isPartOf\":{\"@id\":\"https:\\\/\\\/www.amanien.info\\\/news\\\/#website\"},\"primaryImageOfPage\":{\"@id\":\"https:\\\/\\\/www.amanien.info\\\/news\\\/lancement-de-la-8eme-edition-dabidjan-innova-plusieurs-innovations-majeures-devoilees\\\/#primaryimage\"},\"image\":{\"@id\":\"https:\\\/\\\/www.amanien.info\\\/news\\\/lancement-de-la-8eme-edition-dabidjan-innova-plusieurs-innovations-majeures-devoilees\\\/#primaryimage\"},\"thumbnailUrl\":\"https:\\\/\\\/www.amanien.info\\\/news\\\/wp-content\\\/uploads\\\/2025\\\/09\\\/IMG-20250912-WA0112.jpg\",\"datePublished\":\"2025-09-13T21:54:45+00:00\",\"author\":{\"@id\":\"https:\\\/\\\/www.amanien.info\\\/news\\\/#\\\/schema\\\/person\\\/b21093345753a1a98242d505bd894f42\"},\"breadcrumb\":{\"@id\":\"https:\\\/\\\/www.amanien.info\\\/news\\\/lancement-de-la-8eme-edition-dabidjan-innova-plusieurs-innovations-majeures-devoilees\\\/#breadcrumb\"},\"inLanguage\":\"fr-FR\",\"potentialAction\":[{\"@type\":\"ReadAction\",\"target\":[\"https:\\\/\\\/www.amanien.info\\\/news\\\/lancement-de-la-8eme-edition-dabidjan-innova-plusieurs-innovations-majeures-devoilees\\\/\"]}]},{\"@type\":\"ImageObject\",\"inLanguage\":\"fr-FR\",\"@id\":\"https:\\\/\\\/www.amanien.info\\\/news\\\/lancement-de-la-8eme-edition-dabidjan-innova-plusieurs-innovations-majeures-devoilees\\\/#primaryimage\",\"url\":\"https:\\\/\\\/www.amanien.info\\\/news\\\/wp-content\\\/uploads\\\/2025\\\/09\\\/IMG-20250912-WA0112.jpg\",\"contentUrl\":\"https:\\\/\\\/www.amanien.info\\\/news\\\/wp-content\\\/uploads\\\/2025\\\/09\\\/IMG-20250912-WA0112.jpg\",\"width\":1040,\"height\":780},{\"@type\":\"BreadcrumbList\",\"@id\":\"https:\\\/\\\/www.amanien.info\\\/news\\\/lancement-de-la-8eme-edition-dabidjan-innova-plusieurs-innovations-majeures-devoilees\\\/#breadcrumb\",\"itemListElement\":[{\"@type\":\"ListItem\",\"position\":1,\"name\":\"Accueil\",\"item\":\"https:\\\/\\\/www.amanien.info\\\/news\\\/\"},{\"@type\":\"ListItem\",\"position\":2,\"name\":\"Lancement de la 8\u00e8me \u00e9dition d\u2019Abidjan Innova : plusieurs innovations majeures d\u00e9voil\u00e9es\"}]},{\"@type\":\"WebSite\",\"@id\":\"https:\\\/\\\/www.amanien.info\\\/news\\\/#website\",\"url\":\"https:\\\/\\\/www.amanien.info\\\/news\\\/\",\"name\":\"Amanien| L&#039;actualit\u00e9 Ivoirienne et Internationale\",\"description\":\"L&#039;actualit\u00e9 Ivoirienne et Internationale\",\"potentialAction\":[{\"@type\":\"SearchAction\",\"target\":{\"@type\":\"EntryPoint\",\"urlTemplate\":\"https:\\\/\\\/www.amanien.info\\\/news\\\/?s={search_term_string}\"},\"query-input\":{\"@type\":\"PropertyValueSpecification\",\"valueRequired\":true,\"valueName\":\"search_term_string\"}}],\"inLanguage\":\"fr-FR\"},{\"@type\":\"Person\",\"@id\":\"https:\\\/\\\/www.amanien.info\\\/news\\\/#\\\/schema\\\/person\\\/b21093345753a1a98242d505bd894f42\",\"name\":\"Germain Ndri\",\"url\":\"https:\\\/\\\/www.amanien.info\\\/news\\\/author\\\/amanien-infos\\\/\"}]}<\/script>\n<!-- \/ Yoast SEO plugin. -->","yoast_head_json":{"title":"Lancement de la 8\u00e8me \u00e9dition d\u2019Abidjan Innova : plusieurs innovations majeures d\u00e9voil\u00e9es - Amanien| L&#039;actualit\u00e9 Ivoirienne et Internationale","robots":{"index":"index","follow":"follow","max-snippet":"max-snippet:-1","max-image-preview":"max-image-preview:large","max-video-preview":"max-video-preview:-1"},"canonical":"https:\/\/www.amanien.info\/news\/lancement-de-la-8eme-edition-dabidjan-innova-plusieurs-innovations-majeures-devoilees\/","og_locale":"fr_FR","og_type":"article","og_title":"Lancement de la 8\u00e8me \u00e9dition d\u2019Abidjan Innova : plusieurs innovations majeures d\u00e9voil\u00e9es - Amanien| L&#039;actualit\u00e9 Ivoirienne et Internationale","og_description":"La 8e \u00e9dition du Salon International Annuel des inventions et de l\u2019innovation d&rsquo;Abidjan (Abidjan Innova 2026) se d\u00e9roulera du 23 au 25 avril 2026 au Palais de la Culture de Treichville, sous le sceau : \u00ab\u00a0La propri\u00e9t\u00e9 intellectuelle \u00e0 l&rsquo;\u00e8re de l&rsquo;intelligence artificielle\u00a0\u00bb. L\u2019 annonce a \u00e9t\u00e9 faite au cours de la conf\u00e9rence de presse [&hellip;]","og_url":"https:\/\/www.amanien.info\/news\/lancement-de-la-8eme-edition-dabidjan-innova-plusieurs-innovations-majeures-devoilees\/","og_site_name":"Amanien| L&#039;actualit\u00e9 Ivoirienne et Internationale","article_published_time":"2025-09-13T21:54:45+00:00","og_image":[{"width":1040,"height":780,"url":"https:\/\/www.amanien.info\/news\/wp-content\/uploads\/2025\/09\/IMG-20250912-WA0112.jpg","type":"image\/jpeg"}],"author":"Germain Ndri","twitter_card":"summary_large_image","twitter_misc":{"\u00c9crit par":"Germain Ndri","Dur\u00e9e de lecture estim\u00e9e":"3 minutes"},"schema":{"@context":"https:\/\/schema.org","@graph":[{"@type":"Article","@id":"https:\/\/www.amanien.info\/news\/lancement-de-la-8eme-edition-dabidjan-innova-plusieurs-innovations-majeures-devoilees\/#article","isPartOf":{"@id":"https:\/\/www.amanien.info\/news\/lancement-de-la-8eme-edition-dabidjan-innova-plusieurs-innovations-majeures-devoilees\/"},"author":{"name":"Germain Ndri","@id":"https:\/\/www.amanien.info\/news\/#\/schema\/person\/b21093345753a1a98242d505bd894f42"},"headline":"Lancement de la 8\u00e8me \u00e9dition d\u2019Abidjan Innova : plusieurs innovations majeures d\u00e9voil\u00e9es","datePublished":"2025-09-13T21:54:45+00:00","mainEntityOfPage":{"@id":"https:\/\/www.amanien.info\/news\/lancement-de-la-8eme-edition-dabidjan-innova-plusieurs-innovations-majeures-devoilees\/"},"wordCount":547,"image":{"@id":"https:\/\/www.amanien.info\/news\/lancement-de-la-8eme-edition-dabidjan-innova-plusieurs-innovations-majeures-devoilees\/#primaryimage"},"thumbnailUrl":"https:\/\/www.amanien.info\/news\/wp-content\/uploads\/2025\/09\/IMG-20250912-WA0112.jpg","articleSection":["Economie"],"inLanguage":"fr-FR"},{"@type":"WebPage","@id":"https:\/\/www.amanien.info\/news\/lancement-de-la-8eme-edition-dabidjan-innova-plusieurs-innovations-majeures-devoilees\/","url":"https:\/\/www.amanien.info\/news\/lancement-de-la-8eme-edition-dabidjan-innova-plusieurs-innovations-majeures-devoilees\/","name":"Lancement de la 8\u00e8me \u00e9dition d\u2019Abidjan Innova : plusieurs innovations majeures d\u00e9voil\u00e9es - Amanien| L&#039;actualit\u00e9 Ivoirienne et Internationale","isPartOf":{"@id":"https:\/\/www.amanien.info\/news\/#website"},"primaryImageOfPage":{"@id":"https:\/\/www.amanien.info\/news\/lancement-de-la-8eme-edition-dabidjan-innova-plusieurs-innovations-majeures-devoilees\/#primaryimage"},"image":{"@id":"https:\/\/www.amanien.info\/news\/lancement-de-la-8eme-edition-dabidjan-innova-plusieurs-innovations-majeures-devoilees\/#primaryimage"},"thumbnailUrl":"https:\/\/www.amanien.info\/news\/wp-content\/uploads\/2025\/09\/IMG-20250912-WA0112.jpg","datePublished":"2025-09-13T21:54:45+00:00","author":{"@id":"https:\/\/www.amanien.info\/news\/#\/schema\/person\/b21093345753a1a98242d505bd894f42"},"breadcrumb":{"@id":"https:\/\/www.amanien.info\/news\/lancement-de-la-8eme-edition-dabidjan-innova-plusieurs-innovations-majeures-devoilees\/#breadcrumb"},"inLanguage":"fr-FR","potentialAction":[{"@type":"ReadAction","target":["https:\/\/www.amanien.info\/news\/lancement-de-la-8eme-edition-dabidjan-innova-plusieurs-innovations-majeures-devoilees\/"]}]},{"@type":"ImageObject","inLanguage":"fr-FR","@id":"https:\/\/www.amanien.info\/news\/lancement-de-la-8eme-edition-dabidjan-innova-plusieurs-innovations-majeures-devoilees\/#primaryimage","url":"https:\/\/www.amanien.info\/news\/wp-content\/uploads\/2025\/09\/IMG-20250912-WA0112.jpg","contentUrl":"https:\/\/www.amanien.info\/news\/wp-content\/uploads\/2025\/09\/IMG-20250912-WA0112.jpg","width":1040,"height":780},{"@type":"BreadcrumbList","@id":"https:\/\/www.amanien.info\/news\/lancement-de-la-8eme-edition-dabidjan-innova-plusieurs-innovations-majeures-devoilees\/#breadcrumb","itemListElement":[{"@type":"ListItem","position":1,"name":"Accueil","item":"https:\/\/www.amanien.info\/news\/"},{"@type":"ListItem","position":2,"name":"Lancement de la 8\u00e8me \u00e9dition d\u2019Abidjan Innova : plusieurs innovations majeures d\u00e9voil\u00e9es"}]},{"@type":"WebSite","@id":"https:\/\/www.amanien.info\/news\/#website","url":"https:\/\/www.amanien.info\/news\/","name":"Amanien| L&#039;actualit\u00e9 Ivoirienne et Internationale","description":"L&#039;actualit\u00e9 Ivoirienne et Internationale","potentialAction":[{"@type":"SearchAction","target":{"@type":"EntryPoint","urlTemplate":"https:\/\/www.amanien.info\/news\/?s={search_term_string}"},"query-input":{"@type":"PropertyValueSpecification","valueRequired":true,"valueName":"search_term_string"}}],"inLanguage":"fr-FR"},{"@type":"Person","@id":"https:\/\/www.amanien.info\/news\/#\/schema\/person\/b21093345753a1a98242d505bd894f42","name":"Germain Ndri","url":"https:\/\/www.amanien.info\/news\/author\/amanien-infos\/"}]}},"_links":{"self":[{"href":"https:\/\/www.amanien.info\/news\/wp-json\/wp\/v2\/posts\/7546","targetHints":{"allow":["GET"]}}],"collection":[{"href":"https:\/\/www.amanien.info\/news\/wp-json\/wp\/v2\/posts"}],"about":[{"href":"https:\/\/www.amanien.info\/news\/wp-json\/wp\/v2\/types\/post"}],"author":[{"embeddable":true,"href":"https:\/\/www.amanien.info\/news\/wp-json\/wp\/v2\/users\/2"}],"replies":[{"embeddable":true,"href":"https:\/\/www.amanien.info\/news\/wp-json\/wp\/v2\/comments?post=7546"}],"version-history":[{"count":1,"href":"https:\/\/www.amanien.info\/news\/wp-json\/wp\/v2\/posts\/7546\/revisions"}],"predecessor-version":[{"id":7549,"href":"https:\/\/www.amanien.info\/news\/wp-json\/wp\/v2\/posts\/7546\/revisions\/7549"}],"wp:featuredmedia":[{"embeddable":true,"href":"https:\/\/www.amanien.info\/news\/wp-json\/wp\/v2\/media\/7548"}],"wp:attachment":[{"href":"https:\/\/www.amanien.info\/news\/wp-json\/wp\/v2\/media?parent=7546"}],"wp:term":[{"taxonomy":"category","embeddable":true,"href":"https:\/\/www.amanien.info\/news\/wp-json\/wp\/v2\/categories?post=7546"},{"taxonomy":"post_tag","embeddable":true,"href":"https:\/\/www.amanien.info\/news\/wp-json\/wp\/v2\/tags?post=7546"}],"curies":[{"name":"wp","href":"https:\/\/api.w.org\/{rel}","templated":true}]}}