{"id":7541,"date":"2025-09-12T16:04:49","date_gmt":"2025-09-12T16:04:49","guid":{"rendered":"https:\/\/www.amanien.info\/news\/?p=7541"},"modified":"2025-09-12T16:04:49","modified_gmt":"2025-09-12T16:04:49","slug":"enef-la-troisieme-promotion-des-agents-techniques-des-eaux-et-forets-presentee-au-drapeau","status":"publish","type":"post","link":"https:\/\/www.amanien.info\/news\/enef-la-troisieme-promotion-des-agents-techniques-des-eaux-et-forets-presentee-au-drapeau\/","title":{"rendered":"ENEF : la troisi\u00e8me promotion des agents techniques des eaux et for\u00eats pr\u00e9sent\u00e9e au Drapeau\u00a0"},"content":{"rendered":"<div>La troisi\u00e8me promotion des agents techniques des Eaux et For\u00eats ont \u00e9t\u00e9 officiellement pr\u00e9sent\u00e9es au Drapeau, le jeudi 11 septembre 2025 \u00e0 l&rsquo;\u00c9cole Nationale des Eaux et For\u00eats (ENEF) de S\u00e9broko, sise \u00e0 Abidjan-Attecoub\u00e9.<\/div>\n<div><\/div>\n<div>Baptis\u00e9e \u00ab\u00a0Promotion Fid\u00e8le Sarassoro\u00a0\u00bb, cette promotion est compos\u00e9e de 1000 \u00e9l\u00e8ves, dont 25 officiers et 975 sous-officiers issus du recrutement exceptionnel 2024, ainsi que 155 fonctionnaires.<\/div>\n<div><\/div>\n<div>Pr\u00e9sidant la c\u00e9r\u00e9monie, le Ministre des Eaux et For\u00eats, Laurent Tchagba, a salu\u00e9 l\u2019engagement et le m\u00e9rite des recrues :<\/div>\n<div><\/div>\n<div>\u00ab\u00a0Vous m\u00e9ritez d\u2019\u00eatre appel\u00e9s les soldats de la protection de la for\u00eat, de la faune et des ressources en eau\u00a0\u00bb, a-t-il d\u00e9clar\u00e9.<\/div>\n<div><\/div>\n<div>Il a \u00e9galement rappel\u00e9 que ce renforcement des effectifs est rendu possible gr\u00e2ce au programme triennal de recrutements exceptionnels (2022-2024), autoris\u00e9 par le pr\u00e9sident de la R\u00e9publique, Alassane Ouattara, via le Conseil national de s\u00e9curit\u00e9 (CNS).<\/div>\n<div><\/div>\n<div>Le Ministre Laurent Tchagba n&rsquo;a pas manqu\u00e9 de rendre un hommage au Ministre Fid\u00e8le Sarassoro, Directeur de cabinet du Pr\u00e9sident de la R\u00e9publique et secr\u00e9taire ex\u00e9cutif du CNS, parrain de la c\u00e9r\u00e9monie, pour son soutien \u00e0 la politique foresti\u00e8re nationale.<\/div>\n<div><\/div>\n<div>Il a, par ailleurs, exhort\u00e9 les recrues \u00e0 cultiver les valeurs inculqu\u00e9es \u00e0 l\u2019ENEF.<\/div>\n<div><\/div>\n<div>A savoir , le sens du devoir, la loyaut\u00e9, la responsabilit\u00e9, la solidarit\u00e9, l&rsquo;esprit civique ainsi que le patriotisme.<\/div>\n<div><\/div>\n<div>\u00ab\u00a0Demeurez unis et agissez avec discipline, d\u00e9termination et professionnalisme\u00a0\u00bb, a-t-il insist\u00e9.<\/div>\n<div><\/div>\n<div>Quant \u00e0 lui, le Ministre Fid\u00e8le Sarassoro a prodigu\u00e9 des conseils \u00e0 ses filleuls dans la d\u00e9fense des ressources naturelles.<\/div>\n<div><\/div>\n<div>\u00ab\u00a0Ne soyez jamais complices des destructeurs de la for\u00eat et des richesses de notre pays\u00a0\u00bb, a-t-il conseill\u00e9.<\/div>\n<div><\/div>\n<div>Avant de poursuivre : \u00ab\u00a0Vous devez des mod\u00e8les, des professionnels qui travaillent des cultivent des valeurs morales, physiques et intellectuelles, port\u00e9es par le don de soi pour la d\u00e9fense de notre pays et de ses ressources naturelles, conform\u00e9ment \u00e0 la prestation de serment que vous venez de faire devant le Drapeau de la R\u00e9publique \u00ab\u00a0, a exhort\u00e9 le Directeur de Cabinet du Pr\u00e9sident de la R\u00e9publique.<\/div>\n<div><\/div>\n<div>Bien avant, le colonel Coulibaly Kader Wilfried, commandant de l\u2019ENEF, a rappel\u00e9 que cette pr\u00e9sentation au drapeau marque une \u00e9tape d\u00e9cisive de l\u2019int\u00e9gration des recrues, en conformit\u00e9 avec la devise nationale qu&rsquo;est \u00ab\u00a0Union \u2013 Discipline \u2013 Travail\u00a0\u00bb.<\/div>\n<div><\/div>\n<div>Une prise d\u2019armes, un d\u00e9fil\u00e9 et des d\u00e9monstrations ont meubl\u00e9 cette double c\u00e9r\u00e9monie de pr\u00e9sentation au Drapeau et de Bapt\u00eame des recrues Eaux et For\u00eats session 2024.<\/div>\n<div><\/div>\n<div><\/div>\n<div><\/div>\n<div><b>S.A<\/b>.<\/div>\n<div><\/div>\n","protected":false},"excerpt":{"rendered":"<p>La troisi\u00e8me promotion des agents techniques des Eaux et For\u00eats ont \u00e9t\u00e9 officiellement pr\u00e9sent\u00e9es au Drapeau, le jeudi 11 septembre 2025 \u00e0 l&rsquo;\u00c9cole Nationale des Eaux et For\u00eats (ENEF) de S\u00e9broko, sise \u00e0 Abidjan-Attecoub\u00e9. Baptis\u00e9e \u00ab\u00a0Promotion Fid\u00e8le Sarassoro\u00a0\u00bb, cette promotion est compos\u00e9e de 1000 \u00e9l\u00e8ves, dont 25 officiers et 975 sous-officiers issus du recrutement exceptionnel [&hellip;]<\/p>\n","protected":false},"author":2,"featured_media":7543,"comment_status":"closed","ping_status":"closed","sticky":false,"template":"","format":"standard","meta":{"_acf_changed":false,"footnotes":""},"categories":[],"tags":[12],"class_list":["post-7541","post","type-post","status-publish","format-standard","has-post-thumbnail","hentry","tag-societe"],"acf":[],"yoast_head":"<!-- This site is optimized with the Yoast SEO plugin v27.5 - https:\/\/yoast.com\/product\/yoast-seo-wordpress\/ -->\n<title>ENEF : la troisi\u00e8me promotion des agents techniques des eaux et for\u00eats pr\u00e9sent\u00e9e au Drapeau\u00a0 - Amanien| L&#039;actualit\u00e9 Ivoirienne et Internationale<\/title>\n<meta name=\"robots\" content=\"index, follow, max-snippet:-1, max-image-preview:large, max-video-preview:-1\" \/>\n<link rel=\"canonical\" href=\"https:\/\/www.amanien.info\/news\/enef-la-troisieme-promotion-des-agents-techniques-des-eaux-et-forets-presentee-au-drapeau\/\" \/>\n<meta property=\"og:locale\" content=\"fr_FR\" \/>\n<meta property=\"og:type\" content=\"article\" \/>\n<meta property=\"og:title\" content=\"ENEF : la troisi\u00e8me promotion des agents techniques des eaux et for\u00eats pr\u00e9sent\u00e9e au Drapeau\u00a0 - Amanien| L&#039;actualit\u00e9 Ivoirienne et Internationale\" \/>\n<meta property=\"og:description\" content=\"La troisi\u00e8me promotion des agents techniques des Eaux et For\u00eats ont \u00e9t\u00e9 officiellement pr\u00e9sent\u00e9es au Drapeau, le jeudi 11 septembre 2025 \u00e0 l&rsquo;\u00c9cole Nationale des Eaux et For\u00eats (ENEF) de S\u00e9broko, sise \u00e0 Abidjan-Attecoub\u00e9. Baptis\u00e9e \u00ab\u00a0Promotion Fid\u00e8le Sarassoro\u00a0\u00bb, cette promotion est compos\u00e9e de 1000 \u00e9l\u00e8ves, dont 25 officiers et 975 sous-officiers issus du recrutement exceptionnel [&hellip;]\" \/>\n<meta property=\"og:url\" content=\"https:\/\/www.amanien.info\/news\/enef-la-troisieme-promotion-des-agents-techniques-des-eaux-et-forets-presentee-au-drapeau\/\" \/>\n<meta property=\"og:site_name\" content=\"Amanien| L&#039;actualit\u00e9 Ivoirienne et Internationale\" \/>\n<meta property=\"article:published_time\" content=\"2025-09-12T16:04:49+00:00\" \/>\n<meta property=\"og:image\" content=\"https:\/\/www.amanien.info\/news\/wp-content\/uploads\/2025\/09\/IMG-20250911-WA0113.jpg\" \/>\n\t<meta property=\"og:image:width\" content=\"1600\" \/>\n\t<meta property=\"og:image:height\" content=\"1067\" \/>\n\t<meta property=\"og:image:type\" content=\"image\/jpeg\" \/>\n<meta name=\"author\" content=\"Germain Ndri\" \/>\n<meta name=\"twitter:card\" content=\"summary_large_image\" \/>\n<meta name=\"twitter:label1\" content=\"\u00c9crit par\" \/>\n\t<meta name=\"twitter:data1\" content=\"Germain Ndri\" \/>\n\t<meta name=\"twitter:label2\" content=\"Dur\u00e9e de lecture estim\u00e9e\" \/>\n\t<meta name=\"twitter:data2\" content=\"3 minutes\" \/>\n<script type=\"application\/ld+json\" class=\"yoast-schema-graph\">{\"@context\":\"https:\\\/\\\/schema.org\",\"@graph\":[{\"@type\":\"Article\",\"@id\":\"https:\\\/\\\/www.amanien.info\\\/news\\\/enef-la-troisieme-promotion-des-agents-techniques-des-eaux-et-forets-presentee-au-drapeau\\\/#article\",\"isPartOf\":{\"@id\":\"https:\\\/\\\/www.amanien.info\\\/news\\\/enef-la-troisieme-promotion-des-agents-techniques-des-eaux-et-forets-presentee-au-drapeau\\\/\"},\"author\":{\"name\":\"Germain Ndri\",\"@id\":\"https:\\\/\\\/www.amanien.info\\\/news\\\/#\\\/schema\\\/person\\\/b21093345753a1a98242d505bd894f42\"},\"headline\":\"ENEF : la troisi\u00e8me promotion des agents techniques des eaux et for\u00eats pr\u00e9sent\u00e9e au Drapeau\u00a0\",\"datePublished\":\"2025-09-12T16:04:49+00:00\",\"mainEntityOfPage\":{\"@id\":\"https:\\\/\\\/www.amanien.info\\\/news\\\/enef-la-troisieme-promotion-des-agents-techniques-des-eaux-et-forets-presentee-au-drapeau\\\/\"},\"wordCount\":450,\"image\":{\"@id\":\"https:\\\/\\\/www.amanien.info\\\/news\\\/enef-la-troisieme-promotion-des-agents-techniques-des-eaux-et-forets-presentee-au-drapeau\\\/#primaryimage\"},\"thumbnailUrl\":\"https:\\\/\\\/www.amanien.info\\\/news\\\/wp-content\\\/uploads\\\/2025\\\/09\\\/IMG-20250911-WA0113.jpg\",\"keywords\":[\"Soci\u00e9t\u00e9\"],\"inLanguage\":\"fr-FR\"},{\"@type\":\"WebPage\",\"@id\":\"https:\\\/\\\/www.amanien.info\\\/news\\\/enef-la-troisieme-promotion-des-agents-techniques-des-eaux-et-forets-presentee-au-drapeau\\\/\",\"url\":\"https:\\\/\\\/www.amanien.info\\\/news\\\/enef-la-troisieme-promotion-des-agents-techniques-des-eaux-et-forets-presentee-au-drapeau\\\/\",\"name\":\"ENEF : la troisi\u00e8me promotion des agents techniques des eaux et for\u00eats pr\u00e9sent\u00e9e au Drapeau\u00a0 - Amanien| L&#039;actualit\u00e9 Ivoirienne et Internationale\",\"isPartOf\":{\"@id\":\"https:\\\/\\\/www.amanien.info\\\/news\\\/#website\"},\"primaryImageOfPage\":{\"@id\":\"https:\\\/\\\/www.amanien.info\\\/news\\\/enef-la-troisieme-promotion-des-agents-techniques-des-eaux-et-forets-presentee-au-drapeau\\\/#primaryimage\"},\"image\":{\"@id\":\"https:\\\/\\\/www.amanien.info\\\/news\\\/enef-la-troisieme-promotion-des-agents-techniques-des-eaux-et-forets-presentee-au-drapeau\\\/#primaryimage\"},\"thumbnailUrl\":\"https:\\\/\\\/www.amanien.info\\\/news\\\/wp-content\\\/uploads\\\/2025\\\/09\\\/IMG-20250911-WA0113.jpg\",\"datePublished\":\"2025-09-12T16:04:49+00:00\",\"author\":{\"@id\":\"https:\\\/\\\/www.amanien.info\\\/news\\\/#\\\/schema\\\/person\\\/b21093345753a1a98242d505bd894f42\"},\"breadcrumb\":{\"@id\":\"https:\\\/\\\/www.amanien.info\\\/news\\\/enef-la-troisieme-promotion-des-agents-techniques-des-eaux-et-forets-presentee-au-drapeau\\\/#breadcrumb\"},\"inLanguage\":\"fr-FR\",\"potentialAction\":[{\"@type\":\"ReadAction\",\"target\":[\"https:\\\/\\\/www.amanien.info\\\/news\\\/enef-la-troisieme-promotion-des-agents-techniques-des-eaux-et-forets-presentee-au-drapeau\\\/\"]}]},{\"@type\":\"ImageObject\",\"inLanguage\":\"fr-FR\",\"@id\":\"https:\\\/\\\/www.amanien.info\\\/news\\\/enef-la-troisieme-promotion-des-agents-techniques-des-eaux-et-forets-presentee-au-drapeau\\\/#primaryimage\",\"url\":\"https:\\\/\\\/www.amanien.info\\\/news\\\/wp-content\\\/uploads\\\/2025\\\/09\\\/IMG-20250911-WA0113.jpg\",\"contentUrl\":\"https:\\\/\\\/www.amanien.info\\\/news\\\/wp-content\\\/uploads\\\/2025\\\/09\\\/IMG-20250911-WA0113.jpg\",\"width\":1600,\"height\":1067},{\"@type\":\"BreadcrumbList\",\"@id\":\"https:\\\/\\\/www.amanien.info\\\/news\\\/enef-la-troisieme-promotion-des-agents-techniques-des-eaux-et-forets-presentee-au-drapeau\\\/#breadcrumb\",\"itemListElement\":[{\"@type\":\"ListItem\",\"position\":1,\"name\":\"Accueil\",\"item\":\"https:\\\/\\\/www.amanien.info\\\/news\\\/\"},{\"@type\":\"ListItem\",\"position\":2,\"name\":\"ENEF : la troisi\u00e8me promotion des agents techniques des eaux et for\u00eats pr\u00e9sent\u00e9e au Drapeau\u00a0\"}]},{\"@type\":\"WebSite\",\"@id\":\"https:\\\/\\\/www.amanien.info\\\/news\\\/#website\",\"url\":\"https:\\\/\\\/www.amanien.info\\\/news\\\/\",\"name\":\"Amanien| L&#039;actualit\u00e9 Ivoirienne et Internationale\",\"description\":\"L&#039;actualit\u00e9 Ivoirienne et Internationale\",\"potentialAction\":[{\"@type\":\"SearchAction\",\"target\":{\"@type\":\"EntryPoint\",\"urlTemplate\":\"https:\\\/\\\/www.amanien.info\\\/news\\\/?s={search_term_string}\"},\"query-input\":{\"@type\":\"PropertyValueSpecification\",\"valueRequired\":true,\"valueName\":\"search_term_string\"}}],\"inLanguage\":\"fr-FR\"},{\"@type\":\"Person\",\"@id\":\"https:\\\/\\\/www.amanien.info\\\/news\\\/#\\\/schema\\\/person\\\/b21093345753a1a98242d505bd894f42\",\"name\":\"Germain Ndri\",\"url\":\"https:\\\/\\\/www.amanien.info\\\/news\\\/author\\\/amanien-infos\\\/\"}]}<\/script>\n<!-- \/ Yoast SEO plugin. -->","yoast_head_json":{"title":"ENEF : la troisi\u00e8me promotion des agents techniques des eaux et for\u00eats pr\u00e9sent\u00e9e au Drapeau\u00a0 - Amanien| L&#039;actualit\u00e9 Ivoirienne et Internationale","robots":{"index":"index","follow":"follow","max-snippet":"max-snippet:-1","max-image-preview":"max-image-preview:large","max-video-preview":"max-video-preview:-1"},"canonical":"https:\/\/www.amanien.info\/news\/enef-la-troisieme-promotion-des-agents-techniques-des-eaux-et-forets-presentee-au-drapeau\/","og_locale":"fr_FR","og_type":"article","og_title":"ENEF : la troisi\u00e8me promotion des agents techniques des eaux et for\u00eats pr\u00e9sent\u00e9e au Drapeau\u00a0 - Amanien| L&#039;actualit\u00e9 Ivoirienne et Internationale","og_description":"La troisi\u00e8me promotion des agents techniques des Eaux et For\u00eats ont \u00e9t\u00e9 officiellement pr\u00e9sent\u00e9es au Drapeau, le jeudi 11 septembre 2025 \u00e0 l&rsquo;\u00c9cole Nationale des Eaux et For\u00eats (ENEF) de S\u00e9broko, sise \u00e0 Abidjan-Attecoub\u00e9. Baptis\u00e9e \u00ab\u00a0Promotion Fid\u00e8le Sarassoro\u00a0\u00bb, cette promotion est compos\u00e9e de 1000 \u00e9l\u00e8ves, dont 25 officiers et 975 sous-officiers issus du recrutement exceptionnel [&hellip;]","og_url":"https:\/\/www.amanien.info\/news\/enef-la-troisieme-promotion-des-agents-techniques-des-eaux-et-forets-presentee-au-drapeau\/","og_site_name":"Amanien| L&#039;actualit\u00e9 Ivoirienne et Internationale","article_published_time":"2025-09-12T16:04:49+00:00","og_image":[{"width":1600,"height":1067,"url":"https:\/\/www.amanien.info\/news\/wp-content\/uploads\/2025\/09\/IMG-20250911-WA0113.jpg","type":"image\/jpeg"}],"author":"Germain Ndri","twitter_card":"summary_large_image","twitter_misc":{"\u00c9crit par":"Germain Ndri","Dur\u00e9e de lecture estim\u00e9e":"3 minutes"},"schema":{"@context":"https:\/\/schema.org","@graph":[{"@type":"Article","@id":"https:\/\/www.amanien.info\/news\/enef-la-troisieme-promotion-des-agents-techniques-des-eaux-et-forets-presentee-au-drapeau\/#article","isPartOf":{"@id":"https:\/\/www.amanien.info\/news\/enef-la-troisieme-promotion-des-agents-techniques-des-eaux-et-forets-presentee-au-drapeau\/"},"author":{"name":"Germain Ndri","@id":"https:\/\/www.amanien.info\/news\/#\/schema\/person\/b21093345753a1a98242d505bd894f42"},"headline":"ENEF : la troisi\u00e8me promotion des agents techniques des eaux et for\u00eats pr\u00e9sent\u00e9e au Drapeau\u00a0","datePublished":"2025-09-12T16:04:49+00:00","mainEntityOfPage":{"@id":"https:\/\/www.amanien.info\/news\/enef-la-troisieme-promotion-des-agents-techniques-des-eaux-et-forets-presentee-au-drapeau\/"},"wordCount":450,"image":{"@id":"https:\/\/www.amanien.info\/news\/enef-la-troisieme-promotion-des-agents-techniques-des-eaux-et-forets-presentee-au-drapeau\/#primaryimage"},"thumbnailUrl":"https:\/\/www.amanien.info\/news\/wp-content\/uploads\/2025\/09\/IMG-20250911-WA0113.jpg","keywords":["Soci\u00e9t\u00e9"],"inLanguage":"fr-FR"},{"@type":"WebPage","@id":"https:\/\/www.amanien.info\/news\/enef-la-troisieme-promotion-des-agents-techniques-des-eaux-et-forets-presentee-au-drapeau\/","url":"https:\/\/www.amanien.info\/news\/enef-la-troisieme-promotion-des-agents-techniques-des-eaux-et-forets-presentee-au-drapeau\/","name":"ENEF : la troisi\u00e8me promotion des agents techniques des eaux et for\u00eats pr\u00e9sent\u00e9e au Drapeau\u00a0 - Amanien| L&#039;actualit\u00e9 Ivoirienne et Internationale","isPartOf":{"@id":"https:\/\/www.amanien.info\/news\/#website"},"primaryImageOfPage":{"@id":"https:\/\/www.amanien.info\/news\/enef-la-troisieme-promotion-des-agents-techniques-des-eaux-et-forets-presentee-au-drapeau\/#primaryimage"},"image":{"@id":"https:\/\/www.amanien.info\/news\/enef-la-troisieme-promotion-des-agents-techniques-des-eaux-et-forets-presentee-au-drapeau\/#primaryimage"},"thumbnailUrl":"https:\/\/www.amanien.info\/news\/wp-content\/uploads\/2025\/09\/IMG-20250911-WA0113.jpg","datePublished":"2025-09-12T16:04:49+00:00","author":{"@id":"https:\/\/www.amanien.info\/news\/#\/schema\/person\/b21093345753a1a98242d505bd894f42"},"breadcrumb":{"@id":"https:\/\/www.amanien.info\/news\/enef-la-troisieme-promotion-des-agents-techniques-des-eaux-et-forets-presentee-au-drapeau\/#breadcrumb"},"inLanguage":"fr-FR","potentialAction":[{"@type":"ReadAction","target":["https:\/\/www.amanien.info\/news\/enef-la-troisieme-promotion-des-agents-techniques-des-eaux-et-forets-presentee-au-drapeau\/"]}]},{"@type":"ImageObject","inLanguage":"fr-FR","@id":"https:\/\/www.amanien.info\/news\/enef-la-troisieme-promotion-des-agents-techniques-des-eaux-et-forets-presentee-au-drapeau\/#primaryimage","url":"https:\/\/www.amanien.info\/news\/wp-content\/uploads\/2025\/09\/IMG-20250911-WA0113.jpg","contentUrl":"https:\/\/www.amanien.info\/news\/wp-content\/uploads\/2025\/09\/IMG-20250911-WA0113.jpg","width":1600,"height":1067},{"@type":"BreadcrumbList","@id":"https:\/\/www.amanien.info\/news\/enef-la-troisieme-promotion-des-agents-techniques-des-eaux-et-forets-presentee-au-drapeau\/#breadcrumb","itemListElement":[{"@type":"ListItem","position":1,"name":"Accueil","item":"https:\/\/www.amanien.info\/news\/"},{"@type":"ListItem","position":2,"name":"ENEF : la troisi\u00e8me promotion des agents techniques des eaux et for\u00eats pr\u00e9sent\u00e9e au Drapeau\u00a0"}]},{"@type":"WebSite","@id":"https:\/\/www.amanien.info\/news\/#website","url":"https:\/\/www.amanien.info\/news\/","name":"Amanien| L&#039;actualit\u00e9 Ivoirienne et Internationale","description":"L&#039;actualit\u00e9 Ivoirienne et Internationale","potentialAction":[{"@type":"SearchAction","target":{"@type":"EntryPoint","urlTemplate":"https:\/\/www.amanien.info\/news\/?s={search_term_string}"},"query-input":{"@type":"PropertyValueSpecification","valueRequired":true,"valueName":"search_term_string"}}],"inLanguage":"fr-FR"},{"@type":"Person","@id":"https:\/\/www.amanien.info\/news\/#\/schema\/person\/b21093345753a1a98242d505bd894f42","name":"Germain Ndri","url":"https:\/\/www.amanien.info\/news\/author\/amanien-infos\/"}]}},"_links":{"self":[{"href":"https:\/\/www.amanien.info\/news\/wp-json\/wp\/v2\/posts\/7541","targetHints":{"allow":["GET"]}}],"collection":[{"href":"https:\/\/www.amanien.info\/news\/wp-json\/wp\/v2\/posts"}],"about":[{"href":"https:\/\/www.amanien.info\/news\/wp-json\/wp\/v2\/types\/post"}],"author":[{"embeddable":true,"href":"https:\/\/www.amanien.info\/news\/wp-json\/wp\/v2\/users\/2"}],"replies":[{"embeddable":true,"href":"https:\/\/www.amanien.info\/news\/wp-json\/wp\/v2\/comments?post=7541"}],"version-history":[{"count":1,"href":"https:\/\/www.amanien.info\/news\/wp-json\/wp\/v2\/posts\/7541\/revisions"}],"predecessor-version":[{"id":7544,"href":"https:\/\/www.amanien.info\/news\/wp-json\/wp\/v2\/posts\/7541\/revisions\/7544"}],"wp:featuredmedia":[{"embeddable":true,"href":"https:\/\/www.amanien.info\/news\/wp-json\/wp\/v2\/media\/7543"}],"wp:attachment":[{"href":"https:\/\/www.amanien.info\/news\/wp-json\/wp\/v2\/media?parent=7541"}],"wp:term":[{"taxonomy":"category","embeddable":true,"href":"https:\/\/www.amanien.info\/news\/wp-json\/wp\/v2\/categories?post=7541"},{"taxonomy":"post_tag","embeddable":true,"href":"https:\/\/www.amanien.info\/news\/wp-json\/wp\/v2\/tags?post=7541"}],"curies":[{"name":"wp","href":"https:\/\/api.w.org\/{rel}","templated":true}]}}