{"id":7445,"date":"2025-08-01T19:31:10","date_gmt":"2025-08-01T19:31:10","guid":{"rendered":"https:\/\/www.amanien.info\/news\/?p=7445"},"modified":"2025-08-01T19:31:10","modified_gmt":"2025-08-01T19:31:10","slug":"festivites-des-50-ans-de-l-eglise-protestante-baptiste-ouvre-et-mission-internationale-epbomi-plus-de-60-000-participants-attendus-a-abidjan","status":"publish","type":"post","link":"https:\/\/www.amanien.info\/news\/festivites-des-50-ans-de-l-eglise-protestante-baptiste-ouvre-et-mission-internationale-epbomi-plus-de-60-000-participants-attendus-a-abidjan\/","title":{"rendered":"Festivit\u00e9s des 50 ans de L&rsquo; \u00e9glise Protestante Baptiste Ouvre et Mission Internationale (EPBOMI) : plus de 60 000 participants attendus \u00e0 Abidjan\u00a0"},"content":{"rendered":"<div>Les festivit\u00e9s marquant le cinquanti\u00e8me anniversaire de L&rsquo; \u00e9glise Protestante Baptiste Ouvre et Mission Internationale (EPBOMI) se d\u00e9rouleront du 12 au 17 ao\u00fbt prochain \u00e0 Yopougon (si\u00e8ge de l&rsquo;Epbomi) et Ebimp\u00e9 (Anyama).<\/div>\n<div><\/div>\n<div><\/div>\n<div>L&rsquo;information a \u00e9t\u00e9 donn\u00e9e, le jeudi 31 juillet 2025, au si\u00e8ge de l&rsquo;Epbomi( Yopougon) au cours d&rsquo;une conf\u00e9rence de presse qu&rsquo;ont anim\u00e9e le R\u00e9v\u00e9rend Dr Dion Yay\u00e9 Robert, Pr\u00e9sident-Fondateur de l&rsquo;EPBOMI et le Pr\u00e9sident du comit\u00e9 d&rsquo;organisation, M. DOUZAN Franck.<\/div>\n<div><\/div>\n<div><\/div>\n<div>Plac\u00e9 sous le th\u00e8me : \u00ab\u00a0Actions de gr\u00e2ce\u00a0\u00bb, le jubil\u00e9 de l&rsquo;EPBOMI, verra la participation de plus de 60 000 personnes qui viendront de partout dans le monde(Burkina Faso, Mali, Madagascar, , Gabon, USA, Canada&#8230;), a annonc\u00e9\u00a0 le Pr\u00e9sident du comit\u00e9 d&rsquo;organisation, DOUZAN Franck.<\/div>\n<div><\/div>\n<div>A l&rsquo;en croire, ce jubil\u00e9, qui repose sur la parole, se d\u00e9roulera en deux grandes \u00e9tapes.<\/div>\n<div><\/div>\n<div>La premi\u00e8re \u00e9tape se d\u00e9roulera du mardi 12 au\u00a0 jeudi 14 ao\u00fbt 2025, au si\u00e8ge de l&rsquo;EPBOMI. Elle sera meubl\u00e9e par une journ\u00e9e du t\u00e9moignage et de cons\u00e9cration(c\u00e9r\u00e9monie d&rsquo;ouverture, t\u00e9moignages, projection de film institutionnel sur l&rsquo;EPBOMI, ordination des pasteurs), une journ\u00e9e des pr\u00e9mices et de discipolat (chor\u00e9graphie et bapt\u00eame international, animation musicale, sortie des disciples).<\/div>\n<div><\/div>\n<div><\/div>\n<div>Pour ce qui est de la deuxi\u00e8me partie du jubil\u00e9, qui se d\u00e9roulera du vendredi 15 au dimanche 17 ao\u00fbt 2025, au Stade d&rsquo;Ebimp\u00e9, elle sera consacr\u00e9e \u00e0 une journ\u00e9e de la paix (vendredi 15 ao\u00fbt), une journ\u00e9e de reconnaissance \u00e0 l&rsquo;\u00c9ternel(samedi 16 ao\u00fbt), des dons et semences du peuple, un concert musical ainsi qu&rsquo;une journ\u00e9e d&rsquo;adoration et de proclamation de l&rsquo;ann\u00e9e de gr\u00e2ce (dimanche 17 ao\u00fbt ).<\/div>\n<div>Un point d&rsquo;honneur sera mis sur la pr\u00e9sentation des cultures de la C\u00f4te d&rsquo;Ivoire et de l&rsquo;Afrique, un livre retra\u00e7ant l&rsquo;histoire de l&rsquo;\u00e9glise et un film documentaire.<\/div>\n<div><\/div>\n<div>Ce jubil\u00e9 sera, aux dires du Pr\u00e9sident-Fondateur de l&rsquo;EPBOMI, R\u00e9v-Dr Dion Yay\u00e9 Robert, un moment de r\u00e9jouissance et de joie.<\/div>\n<div><\/div>\n<div>\u00ab\u00a0Le jubil\u00e9 que nous c\u00e9l\u00e9brons cette ann\u00e9e marque bien plus qu&rsquo;un simple anniversaire. C&rsquo;est une pause spirituelle, un moment sacr\u00e9 pour manifester notre profonde reconnaissance \u00e0 Dieu pour tout ce qu&rsquo;il a accompli durant ces cinquante ann\u00e9es\u00a0\u00bb, a-t-il indiqu\u00e9.<\/div>\n<div><\/div>\n<div>C&rsquo;est aussi, poursuit-il, l&rsquo;occasion de \u00ab\u00a0renouveler notre engagement \u00e0 poursuivre l&rsquo;\u0153uvre, avec foi, unit\u00e9 et passion, pour les g\u00e9n\u00e9rations \u00e0 venir \u00ab\u00a0, a-t-il dit.<\/div>\n<div><\/div>\n<div>Il a, par ailleurs, invit\u00e9 toute la nation ivoirienne \u00e0 prendre part \u00e0 ces festivit\u00e9s pour \u00ab\u00a0c\u00e9l\u00e9brer ensemble le Seigneur \u00a0\u00bb et a souhait\u00e9 que cette p\u00e9riode soit r\u00e9serv\u00e9e \u00e0 Dieu.<\/div>\n<div><\/div>\n<div>Non sans manquer de b\u00e9nir la C\u00f4te d&rsquo;Ivoire \u00e0 travers ses pri\u00e8res et exhorter \u00e0 la paix.<\/div>\n<div><\/div>\n<div><\/div>\n<div>Cinquante ans apr\u00e8s sa naissance, le 09 septembre 1975, rappelle-t-on, l&rsquo;EPBOMI est aujourd&rsquo;hui une organisation vivante et dynamique, avec plus de 500 000 membres qui servent effectivement des d\u00e9partements et minist\u00e8res, 1 800 \u00e9glises locales reparties dans plusieurs r\u00e9gions du monde, 755 pasteurs et des centaines de leaders form\u00e9s, un centre m\u00e9dical pour les soins et le t\u00e9moignage, la construction des centaines de temples.<\/div>\n<div><\/div>\n<div><\/div>\n<div><b>Sunday Alain\u00a0<\/b><\/div>\n<div><\/div>\n","protected":false},"excerpt":{"rendered":"<p>Les festivit\u00e9s marquant le cinquanti\u00e8me anniversaire de L&rsquo; \u00e9glise Protestante Baptiste Ouvre et Mission Internationale (EPBOMI) se d\u00e9rouleront du 12 au 17 ao\u00fbt prochain \u00e0 Yopougon (si\u00e8ge de l&rsquo;Epbomi) et Ebimp\u00e9 (Anyama). L&rsquo;information a \u00e9t\u00e9 donn\u00e9e, le jeudi 31 juillet 2025, au si\u00e8ge de l&rsquo;Epbomi( Yopougon) au cours d&rsquo;une conf\u00e9rence de presse qu&rsquo;ont anim\u00e9e le [&hellip;]<\/p>\n","protected":false},"author":2,"featured_media":7447,"comment_status":"closed","ping_status":"closed","sticky":false,"template":"","format":"standard","meta":{"_acf_changed":false,"footnotes":""},"categories":[6],"tags":[],"class_list":["post-7445","post","type-post","status-publish","format-standard","has-post-thumbnail","hentry","category-religion"],"acf":[],"yoast_head":"<!-- This site is optimized with the Yoast SEO plugin v27.5 - https:\/\/yoast.com\/product\/yoast-seo-wordpress\/ -->\n<title>Festivit\u00e9s des 50 ans de L&#039; \u00e9glise Protestante Baptiste Ouvre et Mission Internationale (EPBOMI) : plus de 60 000 participants attendus \u00e0 Abidjan\u00a0 - Amanien| L&#039;actualit\u00e9 Ivoirienne et Internationale<\/title>\n<meta name=\"robots\" content=\"index, follow, max-snippet:-1, max-image-preview:large, max-video-preview:-1\" \/>\n<link rel=\"canonical\" href=\"https:\/\/www.amanien.info\/news\/festivites-des-50-ans-de-l-eglise-protestante-baptiste-ouvre-et-mission-internationale-epbomi-plus-de-60-000-participants-attendus-a-abidjan\/\" \/>\n<meta property=\"og:locale\" content=\"fr_FR\" \/>\n<meta property=\"og:type\" content=\"article\" \/>\n<meta property=\"og:title\" content=\"Festivit\u00e9s des 50 ans de L&#039; \u00e9glise Protestante Baptiste Ouvre et Mission Internationale (EPBOMI) : plus de 60 000 participants attendus \u00e0 Abidjan\u00a0 - Amanien| L&#039;actualit\u00e9 Ivoirienne et Internationale\" \/>\n<meta property=\"og:description\" content=\"Les festivit\u00e9s marquant le cinquanti\u00e8me anniversaire de L&rsquo; \u00e9glise Protestante Baptiste Ouvre et Mission Internationale (EPBOMI) se d\u00e9rouleront du 12 au 17 ao\u00fbt prochain \u00e0 Yopougon (si\u00e8ge de l&rsquo;Epbomi) et Ebimp\u00e9 (Anyama). L&rsquo;information a \u00e9t\u00e9 donn\u00e9e, le jeudi 31 juillet 2025, au si\u00e8ge de l&rsquo;Epbomi( Yopougon) au cours d&rsquo;une conf\u00e9rence de presse qu&rsquo;ont anim\u00e9e le [&hellip;]\" \/>\n<meta property=\"og:url\" content=\"https:\/\/www.amanien.info\/news\/festivites-des-50-ans-de-l-eglise-protestante-baptiste-ouvre-et-mission-internationale-epbomi-plus-de-60-000-participants-attendus-a-abidjan\/\" \/>\n<meta property=\"og:site_name\" content=\"Amanien| L&#039;actualit\u00e9 Ivoirienne et Internationale\" \/>\n<meta property=\"article:published_time\" content=\"2025-08-01T19:31:10+00:00\" \/>\n<meta property=\"og:image\" content=\"https:\/\/www.amanien.info\/news\/wp-content\/uploads\/2025\/08\/IMG-20250801-WA0068.jpg\" \/>\n\t<meta property=\"og:image:width\" content=\"1080\" \/>\n\t<meta property=\"og:image:height\" content=\"720\" \/>\n\t<meta property=\"og:image:type\" content=\"image\/jpeg\" \/>\n<meta name=\"author\" content=\"Germain Ndri\" \/>\n<meta name=\"twitter:card\" content=\"summary_large_image\" \/>\n<meta name=\"twitter:label1\" content=\"\u00c9crit par\" \/>\n\t<meta name=\"twitter:data1\" content=\"Germain Ndri\" \/>\n\t<meta name=\"twitter:label2\" content=\"Dur\u00e9e de lecture estim\u00e9e\" \/>\n\t<meta name=\"twitter:data2\" content=\"3 minutes\" \/>\n<script type=\"application\/ld+json\" class=\"yoast-schema-graph\">{\"@context\":\"https:\\\/\\\/schema.org\",\"@graph\":[{\"@type\":\"Article\",\"@id\":\"https:\\\/\\\/www.amanien.info\\\/news\\\/festivites-des-50-ans-de-l-eglise-protestante-baptiste-ouvre-et-mission-internationale-epbomi-plus-de-60-000-participants-attendus-a-abidjan\\\/#article\",\"isPartOf\":{\"@id\":\"https:\\\/\\\/www.amanien.info\\\/news\\\/festivites-des-50-ans-de-l-eglise-protestante-baptiste-ouvre-et-mission-internationale-epbomi-plus-de-60-000-participants-attendus-a-abidjan\\\/\"},\"author\":{\"name\":\"Germain Ndri\",\"@id\":\"https:\\\/\\\/www.amanien.info\\\/news\\\/#\\\/schema\\\/person\\\/b21093345753a1a98242d505bd894f42\"},\"headline\":\"Festivit\u00e9s des 50 ans de L&rsquo; \u00e9glise Protestante Baptiste Ouvre et Mission Internationale (EPBOMI) : plus de 60 000 participants attendus \u00e0 Abidjan\u00a0\",\"datePublished\":\"2025-08-01T19:31:10+00:00\",\"mainEntityOfPage\":{\"@id\":\"https:\\\/\\\/www.amanien.info\\\/news\\\/festivites-des-50-ans-de-l-eglise-protestante-baptiste-ouvre-et-mission-internationale-epbomi-plus-de-60-000-participants-attendus-a-abidjan\\\/\"},\"wordCount\":568,\"image\":{\"@id\":\"https:\\\/\\\/www.amanien.info\\\/news\\\/festivites-des-50-ans-de-l-eglise-protestante-baptiste-ouvre-et-mission-internationale-epbomi-plus-de-60-000-participants-attendus-a-abidjan\\\/#primaryimage\"},\"thumbnailUrl\":\"https:\\\/\\\/www.amanien.info\\\/news\\\/wp-content\\\/uploads\\\/2025\\\/08\\\/IMG-20250801-WA0068.jpg\",\"articleSection\":[\"Religion\"],\"inLanguage\":\"fr-FR\"},{\"@type\":\"WebPage\",\"@id\":\"https:\\\/\\\/www.amanien.info\\\/news\\\/festivites-des-50-ans-de-l-eglise-protestante-baptiste-ouvre-et-mission-internationale-epbomi-plus-de-60-000-participants-attendus-a-abidjan\\\/\",\"url\":\"https:\\\/\\\/www.amanien.info\\\/news\\\/festivites-des-50-ans-de-l-eglise-protestante-baptiste-ouvre-et-mission-internationale-epbomi-plus-de-60-000-participants-attendus-a-abidjan\\\/\",\"name\":\"Festivit\u00e9s des 50 ans de L' \u00e9glise Protestante Baptiste Ouvre et Mission Internationale (EPBOMI) : plus de 60 000 participants attendus \u00e0 Abidjan\u00a0 - Amanien| L&#039;actualit\u00e9 Ivoirienne et Internationale\",\"isPartOf\":{\"@id\":\"https:\\\/\\\/www.amanien.info\\\/news\\\/#website\"},\"primaryImageOfPage\":{\"@id\":\"https:\\\/\\\/www.amanien.info\\\/news\\\/festivites-des-50-ans-de-l-eglise-protestante-baptiste-ouvre-et-mission-internationale-epbomi-plus-de-60-000-participants-attendus-a-abidjan\\\/#primaryimage\"},\"image\":{\"@id\":\"https:\\\/\\\/www.amanien.info\\\/news\\\/festivites-des-50-ans-de-l-eglise-protestante-baptiste-ouvre-et-mission-internationale-epbomi-plus-de-60-000-participants-attendus-a-abidjan\\\/#primaryimage\"},\"thumbnailUrl\":\"https:\\\/\\\/www.amanien.info\\\/news\\\/wp-content\\\/uploads\\\/2025\\\/08\\\/IMG-20250801-WA0068.jpg\",\"datePublished\":\"2025-08-01T19:31:10+00:00\",\"author\":{\"@id\":\"https:\\\/\\\/www.amanien.info\\\/news\\\/#\\\/schema\\\/person\\\/b21093345753a1a98242d505bd894f42\"},\"breadcrumb\":{\"@id\":\"https:\\\/\\\/www.amanien.info\\\/news\\\/festivites-des-50-ans-de-l-eglise-protestante-baptiste-ouvre-et-mission-internationale-epbomi-plus-de-60-000-participants-attendus-a-abidjan\\\/#breadcrumb\"},\"inLanguage\":\"fr-FR\",\"potentialAction\":[{\"@type\":\"ReadAction\",\"target\":[\"https:\\\/\\\/www.amanien.info\\\/news\\\/festivites-des-50-ans-de-l-eglise-protestante-baptiste-ouvre-et-mission-internationale-epbomi-plus-de-60-000-participants-attendus-a-abidjan\\\/\"]}]},{\"@type\":\"ImageObject\",\"inLanguage\":\"fr-FR\",\"@id\":\"https:\\\/\\\/www.amanien.info\\\/news\\\/festivites-des-50-ans-de-l-eglise-protestante-baptiste-ouvre-et-mission-internationale-epbomi-plus-de-60-000-participants-attendus-a-abidjan\\\/#primaryimage\",\"url\":\"https:\\\/\\\/www.amanien.info\\\/news\\\/wp-content\\\/uploads\\\/2025\\\/08\\\/IMG-20250801-WA0068.jpg\",\"contentUrl\":\"https:\\\/\\\/www.amanien.info\\\/news\\\/wp-content\\\/uploads\\\/2025\\\/08\\\/IMG-20250801-WA0068.jpg\",\"width\":1080,\"height\":720},{\"@type\":\"BreadcrumbList\",\"@id\":\"https:\\\/\\\/www.amanien.info\\\/news\\\/festivites-des-50-ans-de-l-eglise-protestante-baptiste-ouvre-et-mission-internationale-epbomi-plus-de-60-000-participants-attendus-a-abidjan\\\/#breadcrumb\",\"itemListElement\":[{\"@type\":\"ListItem\",\"position\":1,\"name\":\"Accueil\",\"item\":\"https:\\\/\\\/www.amanien.info\\\/news\\\/\"},{\"@type\":\"ListItem\",\"position\":2,\"name\":\"Festivit\u00e9s des 50 ans de L&rsquo; \u00e9glise Protestante Baptiste Ouvre et Mission Internationale (EPBOMI) : plus de 60 000 participants attendus \u00e0 Abidjan\u00a0\"}]},{\"@type\":\"WebSite\",\"@id\":\"https:\\\/\\\/www.amanien.info\\\/news\\\/#website\",\"url\":\"https:\\\/\\\/www.amanien.info\\\/news\\\/\",\"name\":\"Amanien| L&#039;actualit\u00e9 Ivoirienne et Internationale\",\"description\":\"L&#039;actualit\u00e9 Ivoirienne et Internationale\",\"potentialAction\":[{\"@type\":\"SearchAction\",\"target\":{\"@type\":\"EntryPoint\",\"urlTemplate\":\"https:\\\/\\\/www.amanien.info\\\/news\\\/?s={search_term_string}\"},\"query-input\":{\"@type\":\"PropertyValueSpecification\",\"valueRequired\":true,\"valueName\":\"search_term_string\"}}],\"inLanguage\":\"fr-FR\"},{\"@type\":\"Person\",\"@id\":\"https:\\\/\\\/www.amanien.info\\\/news\\\/#\\\/schema\\\/person\\\/b21093345753a1a98242d505bd894f42\",\"name\":\"Germain Ndri\",\"url\":\"https:\\\/\\\/www.amanien.info\\\/news\\\/author\\\/amanien-infos\\\/\"}]}<\/script>\n<!-- \/ Yoast SEO plugin. -->","yoast_head_json":{"title":"Festivit\u00e9s des 50 ans de L' \u00e9glise Protestante Baptiste Ouvre et Mission Internationale (EPBOMI) : plus de 60 000 participants attendus \u00e0 Abidjan\u00a0 - Amanien| L&#039;actualit\u00e9 Ivoirienne et Internationale","robots":{"index":"index","follow":"follow","max-snippet":"max-snippet:-1","max-image-preview":"max-image-preview:large","max-video-preview":"max-video-preview:-1"},"canonical":"https:\/\/www.amanien.info\/news\/festivites-des-50-ans-de-l-eglise-protestante-baptiste-ouvre-et-mission-internationale-epbomi-plus-de-60-000-participants-attendus-a-abidjan\/","og_locale":"fr_FR","og_type":"article","og_title":"Festivit\u00e9s des 50 ans de L' \u00e9glise Protestante Baptiste Ouvre et Mission Internationale (EPBOMI) : plus de 60 000 participants attendus \u00e0 Abidjan\u00a0 - Amanien| L&#039;actualit\u00e9 Ivoirienne et Internationale","og_description":"Les festivit\u00e9s marquant le cinquanti\u00e8me anniversaire de L&rsquo; \u00e9glise Protestante Baptiste Ouvre et Mission Internationale (EPBOMI) se d\u00e9rouleront du 12 au 17 ao\u00fbt prochain \u00e0 Yopougon (si\u00e8ge de l&rsquo;Epbomi) et Ebimp\u00e9 (Anyama). L&rsquo;information a \u00e9t\u00e9 donn\u00e9e, le jeudi 31 juillet 2025, au si\u00e8ge de l&rsquo;Epbomi( Yopougon) au cours d&rsquo;une conf\u00e9rence de presse qu&rsquo;ont anim\u00e9e le [&hellip;]","og_url":"https:\/\/www.amanien.info\/news\/festivites-des-50-ans-de-l-eglise-protestante-baptiste-ouvre-et-mission-internationale-epbomi-plus-de-60-000-participants-attendus-a-abidjan\/","og_site_name":"Amanien| L&#039;actualit\u00e9 Ivoirienne et Internationale","article_published_time":"2025-08-01T19:31:10+00:00","og_image":[{"width":1080,"height":720,"url":"https:\/\/www.amanien.info\/news\/wp-content\/uploads\/2025\/08\/IMG-20250801-WA0068.jpg","type":"image\/jpeg"}],"author":"Germain Ndri","twitter_card":"summary_large_image","twitter_misc":{"\u00c9crit par":"Germain Ndri","Dur\u00e9e de lecture estim\u00e9e":"3 minutes"},"schema":{"@context":"https:\/\/schema.org","@graph":[{"@type":"Article","@id":"https:\/\/www.amanien.info\/news\/festivites-des-50-ans-de-l-eglise-protestante-baptiste-ouvre-et-mission-internationale-epbomi-plus-de-60-000-participants-attendus-a-abidjan\/#article","isPartOf":{"@id":"https:\/\/www.amanien.info\/news\/festivites-des-50-ans-de-l-eglise-protestante-baptiste-ouvre-et-mission-internationale-epbomi-plus-de-60-000-participants-attendus-a-abidjan\/"},"author":{"name":"Germain Ndri","@id":"https:\/\/www.amanien.info\/news\/#\/schema\/person\/b21093345753a1a98242d505bd894f42"},"headline":"Festivit\u00e9s des 50 ans de L&rsquo; \u00e9glise Protestante Baptiste Ouvre et Mission Internationale (EPBOMI) : plus de 60 000 participants attendus \u00e0 Abidjan\u00a0","datePublished":"2025-08-01T19:31:10+00:00","mainEntityOfPage":{"@id":"https:\/\/www.amanien.info\/news\/festivites-des-50-ans-de-l-eglise-protestante-baptiste-ouvre-et-mission-internationale-epbomi-plus-de-60-000-participants-attendus-a-abidjan\/"},"wordCount":568,"image":{"@id":"https:\/\/www.amanien.info\/news\/festivites-des-50-ans-de-l-eglise-protestante-baptiste-ouvre-et-mission-internationale-epbomi-plus-de-60-000-participants-attendus-a-abidjan\/#primaryimage"},"thumbnailUrl":"https:\/\/www.amanien.info\/news\/wp-content\/uploads\/2025\/08\/IMG-20250801-WA0068.jpg","articleSection":["Religion"],"inLanguage":"fr-FR"},{"@type":"WebPage","@id":"https:\/\/www.amanien.info\/news\/festivites-des-50-ans-de-l-eglise-protestante-baptiste-ouvre-et-mission-internationale-epbomi-plus-de-60-000-participants-attendus-a-abidjan\/","url":"https:\/\/www.amanien.info\/news\/festivites-des-50-ans-de-l-eglise-protestante-baptiste-ouvre-et-mission-internationale-epbomi-plus-de-60-000-participants-attendus-a-abidjan\/","name":"Festivit\u00e9s des 50 ans de L' \u00e9glise Protestante Baptiste Ouvre et Mission Internationale (EPBOMI) : plus de 60 000 participants attendus \u00e0 Abidjan\u00a0 - Amanien| L&#039;actualit\u00e9 Ivoirienne et Internationale","isPartOf":{"@id":"https:\/\/www.amanien.info\/news\/#website"},"primaryImageOfPage":{"@id":"https:\/\/www.amanien.info\/news\/festivites-des-50-ans-de-l-eglise-protestante-baptiste-ouvre-et-mission-internationale-epbomi-plus-de-60-000-participants-attendus-a-abidjan\/#primaryimage"},"image":{"@id":"https:\/\/www.amanien.info\/news\/festivites-des-50-ans-de-l-eglise-protestante-baptiste-ouvre-et-mission-internationale-epbomi-plus-de-60-000-participants-attendus-a-abidjan\/#primaryimage"},"thumbnailUrl":"https:\/\/www.amanien.info\/news\/wp-content\/uploads\/2025\/08\/IMG-20250801-WA0068.jpg","datePublished":"2025-08-01T19:31:10+00:00","author":{"@id":"https:\/\/www.amanien.info\/news\/#\/schema\/person\/b21093345753a1a98242d505bd894f42"},"breadcrumb":{"@id":"https:\/\/www.amanien.info\/news\/festivites-des-50-ans-de-l-eglise-protestante-baptiste-ouvre-et-mission-internationale-epbomi-plus-de-60-000-participants-attendus-a-abidjan\/#breadcrumb"},"inLanguage":"fr-FR","potentialAction":[{"@type":"ReadAction","target":["https:\/\/www.amanien.info\/news\/festivites-des-50-ans-de-l-eglise-protestante-baptiste-ouvre-et-mission-internationale-epbomi-plus-de-60-000-participants-attendus-a-abidjan\/"]}]},{"@type":"ImageObject","inLanguage":"fr-FR","@id":"https:\/\/www.amanien.info\/news\/festivites-des-50-ans-de-l-eglise-protestante-baptiste-ouvre-et-mission-internationale-epbomi-plus-de-60-000-participants-attendus-a-abidjan\/#primaryimage","url":"https:\/\/www.amanien.info\/news\/wp-content\/uploads\/2025\/08\/IMG-20250801-WA0068.jpg","contentUrl":"https:\/\/www.amanien.info\/news\/wp-content\/uploads\/2025\/08\/IMG-20250801-WA0068.jpg","width":1080,"height":720},{"@type":"BreadcrumbList","@id":"https:\/\/www.amanien.info\/news\/festivites-des-50-ans-de-l-eglise-protestante-baptiste-ouvre-et-mission-internationale-epbomi-plus-de-60-000-participants-attendus-a-abidjan\/#breadcrumb","itemListElement":[{"@type":"ListItem","position":1,"name":"Accueil","item":"https:\/\/www.amanien.info\/news\/"},{"@type":"ListItem","position":2,"name":"Festivit\u00e9s des 50 ans de L&rsquo; \u00e9glise Protestante Baptiste Ouvre et Mission Internationale (EPBOMI) : plus de 60 000 participants attendus \u00e0 Abidjan\u00a0"}]},{"@type":"WebSite","@id":"https:\/\/www.amanien.info\/news\/#website","url":"https:\/\/www.amanien.info\/news\/","name":"Amanien| L&#039;actualit\u00e9 Ivoirienne et Internationale","description":"L&#039;actualit\u00e9 Ivoirienne et Internationale","potentialAction":[{"@type":"SearchAction","target":{"@type":"EntryPoint","urlTemplate":"https:\/\/www.amanien.info\/news\/?s={search_term_string}"},"query-input":{"@type":"PropertyValueSpecification","valueRequired":true,"valueName":"search_term_string"}}],"inLanguage":"fr-FR"},{"@type":"Person","@id":"https:\/\/www.amanien.info\/news\/#\/schema\/person\/b21093345753a1a98242d505bd894f42","name":"Germain Ndri","url":"https:\/\/www.amanien.info\/news\/author\/amanien-infos\/"}]}},"_links":{"self":[{"href":"https:\/\/www.amanien.info\/news\/wp-json\/wp\/v2\/posts\/7445","targetHints":{"allow":["GET"]}}],"collection":[{"href":"https:\/\/www.amanien.info\/news\/wp-json\/wp\/v2\/posts"}],"about":[{"href":"https:\/\/www.amanien.info\/news\/wp-json\/wp\/v2\/types\/post"}],"author":[{"embeddable":true,"href":"https:\/\/www.amanien.info\/news\/wp-json\/wp\/v2\/users\/2"}],"replies":[{"embeddable":true,"href":"https:\/\/www.amanien.info\/news\/wp-json\/wp\/v2\/comments?post=7445"}],"version-history":[{"count":1,"href":"https:\/\/www.amanien.info\/news\/wp-json\/wp\/v2\/posts\/7445\/revisions"}],"predecessor-version":[{"id":7448,"href":"https:\/\/www.amanien.info\/news\/wp-json\/wp\/v2\/posts\/7445\/revisions\/7448"}],"wp:featuredmedia":[{"embeddable":true,"href":"https:\/\/www.amanien.info\/news\/wp-json\/wp\/v2\/media\/7447"}],"wp:attachment":[{"href":"https:\/\/www.amanien.info\/news\/wp-json\/wp\/v2\/media?parent=7445"}],"wp:term":[{"taxonomy":"category","embeddable":true,"href":"https:\/\/www.amanien.info\/news\/wp-json\/wp\/v2\/categories?post=7445"},{"taxonomy":"post_tag","embeddable":true,"href":"https:\/\/www.amanien.info\/news\/wp-json\/wp\/v2\/tags?post=7445"}],"curies":[{"name":"wp","href":"https:\/\/api.w.org\/{rel}","templated":true}]}}