{"id":7437,"date":"2025-07-29T16:05:45","date_gmt":"2025-07-29T16:05:45","guid":{"rendered":"https:\/\/www.amanien.info\/news\/?p=7437"},"modified":"2025-07-29T16:05:45","modified_gmt":"2025-07-29T16:05:45","slug":"presidentielle-du-25-octobre-2025-alassane-ouattara-annonce-sa-candidature-pour-un-nouveau-mandat","status":"publish","type":"post","link":"https:\/\/www.amanien.info\/news\/presidentielle-du-25-octobre-2025-alassane-ouattara-annonce-sa-candidature-pour-un-nouveau-mandat\/","title":{"rendered":"Pr\u00e9sidentielle du 25 octobre 2025 : Alassane Ouattara annonce sa candidature pour un nouveau mandat\u00a0"},"content":{"rendered":"<div>Le Pr\u00e9sident de la R\u00e9publique de C\u00f4te d&rsquo;Ivoire, Alassane Ouattara a annonc\u00e9, ce mardi 29 juillet 2025, \u00e0 Abidjan, sa candidature \u00e0 la prochaine pr\u00e9sidentielle pour briguer un nouveau mandat.\u00a0Dans une d\u00e9claration, le Pr\u00e9sident ivoirien Alassane Ouattara a pr\u00e9cis\u00e9 que sa candidature est \u00ab\u00a0l\u00e9gitime, tant sur le plan constitutionnel que sur celui de sa sant\u00e9 physique\u00a0\u00bb, a-t-il soutenu.<\/div>\n<div><\/div>\n<div>Avant d&rsquo;affirmer \u00eatre apte \u00e0 assumer un nouveau mandat.<\/div>\n<div><\/div>\n<div><\/div>\n<div>Le Pr\u00e9sident du Rassemblement des Houphouetistes pour la D\u00e9mocratie et la Paix(RHDP) se pr\u00e9sente comme le garant de la stabilit\u00e9, de la paix et du progr\u00e8s, insistant sur son engagement \u00e0 pr\u00e9parer l&rsquo;avenir.<\/div>\n<div><\/div>\n<div>Ce mandat (qui repr\u00e9sente son deuxi\u00e8me mandat de la troisi\u00e8me r\u00e9publique) sera celui de la transmission, avec une \u00e9quipe renouvel\u00e9e et tourn\u00e9e vers les jeunes g\u00e9n\u00e9rations, a-t-il promis.<\/div>\n<div><\/div>\n<div><\/div>\n<div><b>S.A<\/b>.<\/div>\n<div><\/div>\n","protected":false},"excerpt":{"rendered":"<p>Le Pr\u00e9sident de la R\u00e9publique de C\u00f4te d&rsquo;Ivoire, Alassane Ouattara a annonc\u00e9, ce mardi 29 juillet 2025, \u00e0 Abidjan, sa candidature \u00e0 la prochaine pr\u00e9sidentielle pour briguer un nouveau mandat.\u00a0Dans une d\u00e9claration, le Pr\u00e9sident ivoirien Alassane Ouattara a pr\u00e9cis\u00e9 que sa candidature est \u00ab\u00a0l\u00e9gitime, tant sur le plan constitutionnel que sur celui de sa sant\u00e9 [&hellip;]<\/p>\n","protected":false},"author":2,"featured_media":7439,"comment_status":"closed","ping_status":"closed","sticky":false,"template":"","format":"standard","meta":{"_acf_changed":false,"footnotes":""},"categories":[],"tags":[16],"class_list":["post-7437","post","type-post","status-publish","format-standard","has-post-thumbnail","hentry","tag-politique"],"acf":[],"yoast_head":"<!-- This site is optimized with the Yoast SEO plugin v27.5 - https:\/\/yoast.com\/product\/yoast-seo-wordpress\/ -->\n<title>Pr\u00e9sidentielle du 25 octobre 2025 : Alassane Ouattara annonce sa candidature pour un nouveau mandat\u00a0 - Amanien| L&#039;actualit\u00e9 Ivoirienne et Internationale<\/title>\n<meta name=\"robots\" content=\"index, follow, max-snippet:-1, max-image-preview:large, max-video-preview:-1\" \/>\n<link rel=\"canonical\" href=\"https:\/\/www.amanien.info\/news\/presidentielle-du-25-octobre-2025-alassane-ouattara-annonce-sa-candidature-pour-un-nouveau-mandat\/\" \/>\n<meta property=\"og:locale\" content=\"fr_FR\" \/>\n<meta property=\"og:type\" content=\"article\" \/>\n<meta property=\"og:title\" content=\"Pr\u00e9sidentielle du 25 octobre 2025 : Alassane Ouattara annonce sa candidature pour un nouveau mandat\u00a0 - Amanien| L&#039;actualit\u00e9 Ivoirienne et Internationale\" \/>\n<meta property=\"og:description\" content=\"Le Pr\u00e9sident de la R\u00e9publique de C\u00f4te d&rsquo;Ivoire, Alassane Ouattara a annonc\u00e9, ce mardi 29 juillet 2025, \u00e0 Abidjan, sa candidature \u00e0 la prochaine pr\u00e9sidentielle pour briguer un nouveau mandat.\u00a0Dans une d\u00e9claration, le Pr\u00e9sident ivoirien Alassane Ouattara a pr\u00e9cis\u00e9 que sa candidature est \u00ab\u00a0l\u00e9gitime, tant sur le plan constitutionnel que sur celui de sa sant\u00e9 [&hellip;]\" \/>\n<meta property=\"og:url\" content=\"https:\/\/www.amanien.info\/news\/presidentielle-du-25-octobre-2025-alassane-ouattara-annonce-sa-candidature-pour-un-nouveau-mandat\/\" \/>\n<meta property=\"og:site_name\" content=\"Amanien| L&#039;actualit\u00e9 Ivoirienne et Internationale\" \/>\n<meta property=\"article:published_time\" content=\"2025-07-29T16:05:45+00:00\" \/>\n<meta property=\"og:image\" content=\"https:\/\/www.amanien.info\/news\/wp-content\/uploads\/2025\/07\/AG9I4991-1.jpg\" \/>\n\t<meta property=\"og:image:width\" content=\"720\" \/>\n\t<meta property=\"og:image:height\" content=\"480\" \/>\n\t<meta property=\"og:image:type\" content=\"image\/jpeg\" \/>\n<meta name=\"author\" content=\"Germain Ndri\" \/>\n<meta name=\"twitter:card\" content=\"summary_large_image\" \/>\n<meta name=\"twitter:label1\" content=\"\u00c9crit par\" \/>\n\t<meta name=\"twitter:data1\" content=\"Germain Ndri\" \/>\n\t<meta name=\"twitter:label2\" content=\"Dur\u00e9e de lecture estim\u00e9e\" \/>\n\t<meta name=\"twitter:data2\" content=\"1 minute\" \/>\n<script type=\"application\/ld+json\" class=\"yoast-schema-graph\">{\"@context\":\"https:\\\/\\\/schema.org\",\"@graph\":[{\"@type\":\"Article\",\"@id\":\"https:\\\/\\\/www.amanien.info\\\/news\\\/presidentielle-du-25-octobre-2025-alassane-ouattara-annonce-sa-candidature-pour-un-nouveau-mandat\\\/#article\",\"isPartOf\":{\"@id\":\"https:\\\/\\\/www.amanien.info\\\/news\\\/presidentielle-du-25-octobre-2025-alassane-ouattara-annonce-sa-candidature-pour-un-nouveau-mandat\\\/\"},\"author\":{\"name\":\"Germain Ndri\",\"@id\":\"https:\\\/\\\/www.amanien.info\\\/news\\\/#\\\/schema\\\/person\\\/b21093345753a1a98242d505bd894f42\"},\"headline\":\"Pr\u00e9sidentielle du 25 octobre 2025 : Alassane Ouattara annonce sa candidature pour un nouveau mandat\u00a0\",\"datePublished\":\"2025-07-29T16:05:45+00:00\",\"mainEntityOfPage\":{\"@id\":\"https:\\\/\\\/www.amanien.info\\\/news\\\/presidentielle-du-25-octobre-2025-alassane-ouattara-annonce-sa-candidature-pour-un-nouveau-mandat\\\/\"},\"wordCount\":163,\"image\":{\"@id\":\"https:\\\/\\\/www.amanien.info\\\/news\\\/presidentielle-du-25-octobre-2025-alassane-ouattara-annonce-sa-candidature-pour-un-nouveau-mandat\\\/#primaryimage\"},\"thumbnailUrl\":\"https:\\\/\\\/www.amanien.info\\\/news\\\/wp-content\\\/uploads\\\/2025\\\/07\\\/AG9I4991-1.jpg\",\"keywords\":[\"Politique\"],\"inLanguage\":\"fr-FR\"},{\"@type\":\"WebPage\",\"@id\":\"https:\\\/\\\/www.amanien.info\\\/news\\\/presidentielle-du-25-octobre-2025-alassane-ouattara-annonce-sa-candidature-pour-un-nouveau-mandat\\\/\",\"url\":\"https:\\\/\\\/www.amanien.info\\\/news\\\/presidentielle-du-25-octobre-2025-alassane-ouattara-annonce-sa-candidature-pour-un-nouveau-mandat\\\/\",\"name\":\"Pr\u00e9sidentielle du 25 octobre 2025 : Alassane Ouattara annonce sa candidature pour un nouveau mandat\u00a0 - Amanien| L&#039;actualit\u00e9 Ivoirienne et Internationale\",\"isPartOf\":{\"@id\":\"https:\\\/\\\/www.amanien.info\\\/news\\\/#website\"},\"primaryImageOfPage\":{\"@id\":\"https:\\\/\\\/www.amanien.info\\\/news\\\/presidentielle-du-25-octobre-2025-alassane-ouattara-annonce-sa-candidature-pour-un-nouveau-mandat\\\/#primaryimage\"},\"image\":{\"@id\":\"https:\\\/\\\/www.amanien.info\\\/news\\\/presidentielle-du-25-octobre-2025-alassane-ouattara-annonce-sa-candidature-pour-un-nouveau-mandat\\\/#primaryimage\"},\"thumbnailUrl\":\"https:\\\/\\\/www.amanien.info\\\/news\\\/wp-content\\\/uploads\\\/2025\\\/07\\\/AG9I4991-1.jpg\",\"datePublished\":\"2025-07-29T16:05:45+00:00\",\"author\":{\"@id\":\"https:\\\/\\\/www.amanien.info\\\/news\\\/#\\\/schema\\\/person\\\/b21093345753a1a98242d505bd894f42\"},\"breadcrumb\":{\"@id\":\"https:\\\/\\\/www.amanien.info\\\/news\\\/presidentielle-du-25-octobre-2025-alassane-ouattara-annonce-sa-candidature-pour-un-nouveau-mandat\\\/#breadcrumb\"},\"inLanguage\":\"fr-FR\",\"potentialAction\":[{\"@type\":\"ReadAction\",\"target\":[\"https:\\\/\\\/www.amanien.info\\\/news\\\/presidentielle-du-25-octobre-2025-alassane-ouattara-annonce-sa-candidature-pour-un-nouveau-mandat\\\/\"]}]},{\"@type\":\"ImageObject\",\"inLanguage\":\"fr-FR\",\"@id\":\"https:\\\/\\\/www.amanien.info\\\/news\\\/presidentielle-du-25-octobre-2025-alassane-ouattara-annonce-sa-candidature-pour-un-nouveau-mandat\\\/#primaryimage\",\"url\":\"https:\\\/\\\/www.amanien.info\\\/news\\\/wp-content\\\/uploads\\\/2025\\\/07\\\/AG9I4991-1.jpg\",\"contentUrl\":\"https:\\\/\\\/www.amanien.info\\\/news\\\/wp-content\\\/uploads\\\/2025\\\/07\\\/AG9I4991-1.jpg\",\"width\":720,\"height\":480},{\"@type\":\"BreadcrumbList\",\"@id\":\"https:\\\/\\\/www.amanien.info\\\/news\\\/presidentielle-du-25-octobre-2025-alassane-ouattara-annonce-sa-candidature-pour-un-nouveau-mandat\\\/#breadcrumb\",\"itemListElement\":[{\"@type\":\"ListItem\",\"position\":1,\"name\":\"Accueil\",\"item\":\"https:\\\/\\\/www.amanien.info\\\/news\\\/\"},{\"@type\":\"ListItem\",\"position\":2,\"name\":\"Pr\u00e9sidentielle du 25 octobre 2025 : Alassane Ouattara annonce sa candidature pour un nouveau mandat\u00a0\"}]},{\"@type\":\"WebSite\",\"@id\":\"https:\\\/\\\/www.amanien.info\\\/news\\\/#website\",\"url\":\"https:\\\/\\\/www.amanien.info\\\/news\\\/\",\"name\":\"Amanien| L&#039;actualit\u00e9 Ivoirienne et Internationale\",\"description\":\"L&#039;actualit\u00e9 Ivoirienne et Internationale\",\"potentialAction\":[{\"@type\":\"SearchAction\",\"target\":{\"@type\":\"EntryPoint\",\"urlTemplate\":\"https:\\\/\\\/www.amanien.info\\\/news\\\/?s={search_term_string}\"},\"query-input\":{\"@type\":\"PropertyValueSpecification\",\"valueRequired\":true,\"valueName\":\"search_term_string\"}}],\"inLanguage\":\"fr-FR\"},{\"@type\":\"Person\",\"@id\":\"https:\\\/\\\/www.amanien.info\\\/news\\\/#\\\/schema\\\/person\\\/b21093345753a1a98242d505bd894f42\",\"name\":\"Germain Ndri\",\"url\":\"https:\\\/\\\/www.amanien.info\\\/news\\\/author\\\/amanien-infos\\\/\"}]}<\/script>\n<!-- \/ Yoast SEO plugin. -->","yoast_head_json":{"title":"Pr\u00e9sidentielle du 25 octobre 2025 : Alassane Ouattara annonce sa candidature pour un nouveau mandat\u00a0 - Amanien| L&#039;actualit\u00e9 Ivoirienne et Internationale","robots":{"index":"index","follow":"follow","max-snippet":"max-snippet:-1","max-image-preview":"max-image-preview:large","max-video-preview":"max-video-preview:-1"},"canonical":"https:\/\/www.amanien.info\/news\/presidentielle-du-25-octobre-2025-alassane-ouattara-annonce-sa-candidature-pour-un-nouveau-mandat\/","og_locale":"fr_FR","og_type":"article","og_title":"Pr\u00e9sidentielle du 25 octobre 2025 : Alassane Ouattara annonce sa candidature pour un nouveau mandat\u00a0 - Amanien| L&#039;actualit\u00e9 Ivoirienne et Internationale","og_description":"Le Pr\u00e9sident de la R\u00e9publique de C\u00f4te d&rsquo;Ivoire, Alassane Ouattara a annonc\u00e9, ce mardi 29 juillet 2025, \u00e0 Abidjan, sa candidature \u00e0 la prochaine pr\u00e9sidentielle pour briguer un nouveau mandat.\u00a0Dans une d\u00e9claration, le Pr\u00e9sident ivoirien Alassane Ouattara a pr\u00e9cis\u00e9 que sa candidature est \u00ab\u00a0l\u00e9gitime, tant sur le plan constitutionnel que sur celui de sa sant\u00e9 [&hellip;]","og_url":"https:\/\/www.amanien.info\/news\/presidentielle-du-25-octobre-2025-alassane-ouattara-annonce-sa-candidature-pour-un-nouveau-mandat\/","og_site_name":"Amanien| L&#039;actualit\u00e9 Ivoirienne et Internationale","article_published_time":"2025-07-29T16:05:45+00:00","og_image":[{"width":720,"height":480,"url":"https:\/\/www.amanien.info\/news\/wp-content\/uploads\/2025\/07\/AG9I4991-1.jpg","type":"image\/jpeg"}],"author":"Germain Ndri","twitter_card":"summary_large_image","twitter_misc":{"\u00c9crit par":"Germain Ndri","Dur\u00e9e de lecture estim\u00e9e":"1 minute"},"schema":{"@context":"https:\/\/schema.org","@graph":[{"@type":"Article","@id":"https:\/\/www.amanien.info\/news\/presidentielle-du-25-octobre-2025-alassane-ouattara-annonce-sa-candidature-pour-un-nouveau-mandat\/#article","isPartOf":{"@id":"https:\/\/www.amanien.info\/news\/presidentielle-du-25-octobre-2025-alassane-ouattara-annonce-sa-candidature-pour-un-nouveau-mandat\/"},"author":{"name":"Germain Ndri","@id":"https:\/\/www.amanien.info\/news\/#\/schema\/person\/b21093345753a1a98242d505bd894f42"},"headline":"Pr\u00e9sidentielle du 25 octobre 2025 : Alassane Ouattara annonce sa candidature pour un nouveau mandat\u00a0","datePublished":"2025-07-29T16:05:45+00:00","mainEntityOfPage":{"@id":"https:\/\/www.amanien.info\/news\/presidentielle-du-25-octobre-2025-alassane-ouattara-annonce-sa-candidature-pour-un-nouveau-mandat\/"},"wordCount":163,"image":{"@id":"https:\/\/www.amanien.info\/news\/presidentielle-du-25-octobre-2025-alassane-ouattara-annonce-sa-candidature-pour-un-nouveau-mandat\/#primaryimage"},"thumbnailUrl":"https:\/\/www.amanien.info\/news\/wp-content\/uploads\/2025\/07\/AG9I4991-1.jpg","keywords":["Politique"],"inLanguage":"fr-FR"},{"@type":"WebPage","@id":"https:\/\/www.amanien.info\/news\/presidentielle-du-25-octobre-2025-alassane-ouattara-annonce-sa-candidature-pour-un-nouveau-mandat\/","url":"https:\/\/www.amanien.info\/news\/presidentielle-du-25-octobre-2025-alassane-ouattara-annonce-sa-candidature-pour-un-nouveau-mandat\/","name":"Pr\u00e9sidentielle du 25 octobre 2025 : Alassane Ouattara annonce sa candidature pour un nouveau mandat\u00a0 - Amanien| L&#039;actualit\u00e9 Ivoirienne et Internationale","isPartOf":{"@id":"https:\/\/www.amanien.info\/news\/#website"},"primaryImageOfPage":{"@id":"https:\/\/www.amanien.info\/news\/presidentielle-du-25-octobre-2025-alassane-ouattara-annonce-sa-candidature-pour-un-nouveau-mandat\/#primaryimage"},"image":{"@id":"https:\/\/www.amanien.info\/news\/presidentielle-du-25-octobre-2025-alassane-ouattara-annonce-sa-candidature-pour-un-nouveau-mandat\/#primaryimage"},"thumbnailUrl":"https:\/\/www.amanien.info\/news\/wp-content\/uploads\/2025\/07\/AG9I4991-1.jpg","datePublished":"2025-07-29T16:05:45+00:00","author":{"@id":"https:\/\/www.amanien.info\/news\/#\/schema\/person\/b21093345753a1a98242d505bd894f42"},"breadcrumb":{"@id":"https:\/\/www.amanien.info\/news\/presidentielle-du-25-octobre-2025-alassane-ouattara-annonce-sa-candidature-pour-un-nouveau-mandat\/#breadcrumb"},"inLanguage":"fr-FR","potentialAction":[{"@type":"ReadAction","target":["https:\/\/www.amanien.info\/news\/presidentielle-du-25-octobre-2025-alassane-ouattara-annonce-sa-candidature-pour-un-nouveau-mandat\/"]}]},{"@type":"ImageObject","inLanguage":"fr-FR","@id":"https:\/\/www.amanien.info\/news\/presidentielle-du-25-octobre-2025-alassane-ouattara-annonce-sa-candidature-pour-un-nouveau-mandat\/#primaryimage","url":"https:\/\/www.amanien.info\/news\/wp-content\/uploads\/2025\/07\/AG9I4991-1.jpg","contentUrl":"https:\/\/www.amanien.info\/news\/wp-content\/uploads\/2025\/07\/AG9I4991-1.jpg","width":720,"height":480},{"@type":"BreadcrumbList","@id":"https:\/\/www.amanien.info\/news\/presidentielle-du-25-octobre-2025-alassane-ouattara-annonce-sa-candidature-pour-un-nouveau-mandat\/#breadcrumb","itemListElement":[{"@type":"ListItem","position":1,"name":"Accueil","item":"https:\/\/www.amanien.info\/news\/"},{"@type":"ListItem","position":2,"name":"Pr\u00e9sidentielle du 25 octobre 2025 : Alassane Ouattara annonce sa candidature pour un nouveau mandat\u00a0"}]},{"@type":"WebSite","@id":"https:\/\/www.amanien.info\/news\/#website","url":"https:\/\/www.amanien.info\/news\/","name":"Amanien| L&#039;actualit\u00e9 Ivoirienne et Internationale","description":"L&#039;actualit\u00e9 Ivoirienne et Internationale","potentialAction":[{"@type":"SearchAction","target":{"@type":"EntryPoint","urlTemplate":"https:\/\/www.amanien.info\/news\/?s={search_term_string}"},"query-input":{"@type":"PropertyValueSpecification","valueRequired":true,"valueName":"search_term_string"}}],"inLanguage":"fr-FR"},{"@type":"Person","@id":"https:\/\/www.amanien.info\/news\/#\/schema\/person\/b21093345753a1a98242d505bd894f42","name":"Germain Ndri","url":"https:\/\/www.amanien.info\/news\/author\/amanien-infos\/"}]}},"_links":{"self":[{"href":"https:\/\/www.amanien.info\/news\/wp-json\/wp\/v2\/posts\/7437","targetHints":{"allow":["GET"]}}],"collection":[{"href":"https:\/\/www.amanien.info\/news\/wp-json\/wp\/v2\/posts"}],"about":[{"href":"https:\/\/www.amanien.info\/news\/wp-json\/wp\/v2\/types\/post"}],"author":[{"embeddable":true,"href":"https:\/\/www.amanien.info\/news\/wp-json\/wp\/v2\/users\/2"}],"replies":[{"embeddable":true,"href":"https:\/\/www.amanien.info\/news\/wp-json\/wp\/v2\/comments?post=7437"}],"version-history":[{"count":1,"href":"https:\/\/www.amanien.info\/news\/wp-json\/wp\/v2\/posts\/7437\/revisions"}],"predecessor-version":[{"id":7440,"href":"https:\/\/www.amanien.info\/news\/wp-json\/wp\/v2\/posts\/7437\/revisions\/7440"}],"wp:featuredmedia":[{"embeddable":true,"href":"https:\/\/www.amanien.info\/news\/wp-json\/wp\/v2\/media\/7439"}],"wp:attachment":[{"href":"https:\/\/www.amanien.info\/news\/wp-json\/wp\/v2\/media?parent=7437"}],"wp:term":[{"taxonomy":"category","embeddable":true,"href":"https:\/\/www.amanien.info\/news\/wp-json\/wp\/v2\/categories?post=7437"},{"taxonomy":"post_tag","embeddable":true,"href":"https:\/\/www.amanien.info\/news\/wp-json\/wp\/v2\/tags?post=7437"}],"curies":[{"name":"wp","href":"https:\/\/api.w.org\/{rel}","templated":true}]}}