{"id":7434,"date":"2025-07-28T19:53:52","date_gmt":"2025-07-28T19:53:52","guid":{"rendered":"https:\/\/www.amanien.info\/news\/?p=7434"},"modified":"2025-07-28T19:53:52","modified_gmt":"2025-07-28T19:53:52","slug":"logements-sociaux-les-36-premiers-beneficiaires-des-maisons-de-la-cite-donwahi-debimpe-recoivent-leurs-cles","status":"publish","type":"post","link":"https:\/\/www.amanien.info\/news\/logements-sociaux-les-36-premiers-beneficiaires-des-maisons-de-la-cite-donwahi-debimpe-recoivent-leurs-cles\/","title":{"rendered":"Logements sociaux : les 36 premiers b\u00e9n\u00e9ficiaires des maisons de la Cit\u00e9 Donwahi d&rsquo;Ebimp\u00e9 re\u00e7oivent leurs cl\u00e9s"},"content":{"rendered":"<div>Trente six(36) familles b\u00e9n\u00e9ficiaires (sur 406) ont re\u00e7u les cl\u00e9s des logements sociaux de la Cit\u00e9 Donwahi d&rsquo;Ebimp\u00e9, le samedi 26 juillet 2026, \u00e0 Anyama, au cours d&rsquo;une c\u00e9r\u00e9monie solennelle\u00a0 laquelle ont pris part\u00a0 plusieurs personnalit\u00e9s, b\u00e9n\u00e9ficiaires, partenaires institutionnels et artistes.<\/div>\n<div><\/div>\n<div><\/div>\n<div><\/div>\n<div>Cette importante c\u00e9r\u00e9monie, qui marque une \u00e9tape cl\u00e9 dans la vision sociale et humaine port\u00e9e par l&rsquo;entreprise JARE INDUSTRIES, s&rsquo;inscrit dans le cadre de la concr\u00e9tisation de l&rsquo;engagement de ladite structure en faveur d&rsquo;un habitat digne et accessible.<\/div>\n<div><\/div>\n<div>Aux dires du Directeur G\u00e9n\u00e9ral de JARE INDUSTRIES, Roland Kouakou, cette remise de cl\u00e9s symbolise \u00ab\u00a0l&rsquo;accompagnement d&rsquo;un r\u00eave, le d\u00e9but d&rsquo;un nouveau chapitre\u00a0\u00bb, a-t-il d\u00e9clar\u00e9.<\/div>\n<div><\/div>\n<div>Avant de saluer le programme pr\u00e9sidentiel de logements sociaux initi\u00e9 par le Chef de l&rsquo;Etat, Alassane Ouattara, qui a permis \u00e0 sa structure de se positionner comme promoteur agr\u00e9\u00e9.<\/div>\n<div><\/div>\n<div>Il a \u00e9galement r\u00e9affirm\u00e9 l&rsquo;ambition de son entreprise immobili\u00e8re, qui est d&rsquo;offrir de v\u00e9ritables logements sociaux aux populations.<\/div>\n<div><\/div>\n<div>Le Directeur G\u00e9n\u00e9ral adjoint de NSIA Banque C\u00f4te d&rsquo;Ivoire, S\u00e9kou Ch\u00e9rif Sanogo, a, pour sa part, r\u00e9affirm\u00e9 l&rsquo;engagement de la banque dans ce processus structurant.<\/div>\n<div><\/div>\n<div>\u00ab\u00a0Ce projet est une preuve que le progr\u00e8s social se construit ensemble, avec une m\u00e9thode, une volont\u00e9 et une confiance\u00a0\u00bb, a-t-il affirm\u00e9, saluant le bapt\u00eame d&rsquo;une rue au nom du DG L\u00e9once Yac\u00e9, comme symbole de reconnaissance pour l&rsquo;engagement financier de NSIA Banque.<\/div>\n<div><\/div>\n<div>Notons que cette belle c\u00e9r\u00e9monie, qui a \u00e9t\u00e9 un moment de c\u00e9l\u00e9bration et d&rsquo;impact social, a \u00e9t\u00e9 meubl\u00e9e par des t\u00e9moignages des b\u00e9n\u00e9ficiaires, une visite guid\u00e9e ainsi que des prestations artistiques.<\/div>\n<div><\/div>\n<div>Pour rappel, JARE INDUSTRIES est une entreprise immobili\u00e8re agr\u00e9\u00e9e sp\u00e9cialis\u00e9e dans la construction modulaire durable, anti-sismiques et anti-cycloniques.<\/div>\n<div><\/div>\n<div><\/div>\n<div><\/div>\n<div><b>S.A.<\/b><\/div>\n<div><\/div>\n","protected":false},"excerpt":{"rendered":"<p>Trente six(36) familles b\u00e9n\u00e9ficiaires (sur 406) ont re\u00e7u les cl\u00e9s des logements sociaux de la Cit\u00e9 Donwahi d&rsquo;Ebimp\u00e9, le samedi 26 juillet 2026, \u00e0 Anyama, au cours d&rsquo;une c\u00e9r\u00e9monie solennelle\u00a0 laquelle ont pris part\u00a0 plusieurs personnalit\u00e9s, b\u00e9n\u00e9ficiaires, partenaires institutionnels et artistes. Cette importante c\u00e9r\u00e9monie, qui marque une \u00e9tape cl\u00e9 dans la vision sociale et humaine [&hellip;]<\/p>\n","protected":false},"author":2,"featured_media":7435,"comment_status":"closed","ping_status":"closed","sticky":false,"template":"","format":"standard","meta":{"_acf_changed":false,"footnotes":""},"categories":[],"tags":[],"class_list":["post-7434","post","type-post","status-publish","format-standard","has-post-thumbnail","hentry"],"acf":[],"yoast_head":"<!-- This site is optimized with the Yoast SEO plugin v27.5 - https:\/\/yoast.com\/product\/yoast-seo-wordpress\/ -->\n<title>Logements sociaux : les 36 premiers b\u00e9n\u00e9ficiaires des maisons de la Cit\u00e9 Donwahi d&#039;Ebimp\u00e9 re\u00e7oivent leurs cl\u00e9s - Amanien| L&#039;actualit\u00e9 Ivoirienne et Internationale<\/title>\n<meta name=\"robots\" content=\"index, follow, max-snippet:-1, max-image-preview:large, max-video-preview:-1\" \/>\n<link rel=\"canonical\" href=\"https:\/\/www.amanien.info\/news\/logements-sociaux-les-36-premiers-beneficiaires-des-maisons-de-la-cite-donwahi-debimpe-recoivent-leurs-cles\/\" \/>\n<meta property=\"og:locale\" content=\"fr_FR\" \/>\n<meta property=\"og:type\" content=\"article\" \/>\n<meta property=\"og:title\" content=\"Logements sociaux : les 36 premiers b\u00e9n\u00e9ficiaires des maisons de la Cit\u00e9 Donwahi d&#039;Ebimp\u00e9 re\u00e7oivent leurs cl\u00e9s - Amanien| L&#039;actualit\u00e9 Ivoirienne et Internationale\" \/>\n<meta property=\"og:description\" content=\"Trente six(36) familles b\u00e9n\u00e9ficiaires (sur 406) ont re\u00e7u les cl\u00e9s des logements sociaux de la Cit\u00e9 Donwahi d&rsquo;Ebimp\u00e9, le samedi 26 juillet 2026, \u00e0 Anyama, au cours d&rsquo;une c\u00e9r\u00e9monie solennelle\u00a0 laquelle ont pris part\u00a0 plusieurs personnalit\u00e9s, b\u00e9n\u00e9ficiaires, partenaires institutionnels et artistes. Cette importante c\u00e9r\u00e9monie, qui marque une \u00e9tape cl\u00e9 dans la vision sociale et humaine [&hellip;]\" \/>\n<meta property=\"og:url\" content=\"https:\/\/www.amanien.info\/news\/logements-sociaux-les-36-premiers-beneficiaires-des-maisons-de-la-cite-donwahi-debimpe-recoivent-leurs-cles\/\" \/>\n<meta property=\"og:site_name\" content=\"Amanien| L&#039;actualit\u00e9 Ivoirienne et Internationale\" \/>\n<meta property=\"article:published_time\" content=\"2025-07-28T19:53:52+00:00\" \/>\n<meta property=\"og:image\" content=\"https:\/\/www.amanien.info\/news\/wp-content\/uploads\/2025\/07\/DJI_20250726164702_0142_D-scaled.png\" \/>\n\t<meta property=\"og:image:width\" content=\"2560\" \/>\n\t<meta property=\"og:image:height\" content=\"1440\" \/>\n\t<meta property=\"og:image:type\" content=\"image\/png\" \/>\n<meta name=\"author\" content=\"Germain Ndri\" \/>\n<meta name=\"twitter:card\" content=\"summary_large_image\" \/>\n<meta name=\"twitter:label1\" content=\"\u00c9crit par\" \/>\n\t<meta name=\"twitter:data1\" content=\"Germain Ndri\" \/>\n\t<meta name=\"twitter:label2\" content=\"Dur\u00e9e de lecture estim\u00e9e\" \/>\n\t<meta name=\"twitter:data2\" content=\"2 minutes\" \/>\n<script type=\"application\/ld+json\" class=\"yoast-schema-graph\">{\"@context\":\"https:\\\/\\\/schema.org\",\"@graph\":[{\"@type\":\"Article\",\"@id\":\"https:\\\/\\\/www.amanien.info\\\/news\\\/logements-sociaux-les-36-premiers-beneficiaires-des-maisons-de-la-cite-donwahi-debimpe-recoivent-leurs-cles\\\/#article\",\"isPartOf\":{\"@id\":\"https:\\\/\\\/www.amanien.info\\\/news\\\/logements-sociaux-les-36-premiers-beneficiaires-des-maisons-de-la-cite-donwahi-debimpe-recoivent-leurs-cles\\\/\"},\"author\":{\"name\":\"Germain Ndri\",\"@id\":\"https:\\\/\\\/www.amanien.info\\\/news\\\/#\\\/schema\\\/person\\\/b21093345753a1a98242d505bd894f42\"},\"headline\":\"Logements sociaux : les 36 premiers b\u00e9n\u00e9ficiaires des maisons de la Cit\u00e9 Donwahi d&rsquo;Ebimp\u00e9 re\u00e7oivent leurs cl\u00e9s\",\"datePublished\":\"2025-07-28T19:53:52+00:00\",\"mainEntityOfPage\":{\"@id\":\"https:\\\/\\\/www.amanien.info\\\/news\\\/logements-sociaux-les-36-premiers-beneficiaires-des-maisons-de-la-cite-donwahi-debimpe-recoivent-leurs-cles\\\/\"},\"wordCount\":348,\"image\":{\"@id\":\"https:\\\/\\\/www.amanien.info\\\/news\\\/logements-sociaux-les-36-premiers-beneficiaires-des-maisons-de-la-cite-donwahi-debimpe-recoivent-leurs-cles\\\/#primaryimage\"},\"thumbnailUrl\":\"https:\\\/\\\/www.amanien.info\\\/news\\\/wp-content\\\/uploads\\\/2025\\\/07\\\/DJI_20250726164702_0142_D-scaled.png\",\"inLanguage\":\"fr-FR\"},{\"@type\":\"WebPage\",\"@id\":\"https:\\\/\\\/www.amanien.info\\\/news\\\/logements-sociaux-les-36-premiers-beneficiaires-des-maisons-de-la-cite-donwahi-debimpe-recoivent-leurs-cles\\\/\",\"url\":\"https:\\\/\\\/www.amanien.info\\\/news\\\/logements-sociaux-les-36-premiers-beneficiaires-des-maisons-de-la-cite-donwahi-debimpe-recoivent-leurs-cles\\\/\",\"name\":\"Logements sociaux : les 36 premiers b\u00e9n\u00e9ficiaires des maisons de la Cit\u00e9 Donwahi d'Ebimp\u00e9 re\u00e7oivent leurs cl\u00e9s - Amanien| L&#039;actualit\u00e9 Ivoirienne et Internationale\",\"isPartOf\":{\"@id\":\"https:\\\/\\\/www.amanien.info\\\/news\\\/#website\"},\"primaryImageOfPage\":{\"@id\":\"https:\\\/\\\/www.amanien.info\\\/news\\\/logements-sociaux-les-36-premiers-beneficiaires-des-maisons-de-la-cite-donwahi-debimpe-recoivent-leurs-cles\\\/#primaryimage\"},\"image\":{\"@id\":\"https:\\\/\\\/www.amanien.info\\\/news\\\/logements-sociaux-les-36-premiers-beneficiaires-des-maisons-de-la-cite-donwahi-debimpe-recoivent-leurs-cles\\\/#primaryimage\"},\"thumbnailUrl\":\"https:\\\/\\\/www.amanien.info\\\/news\\\/wp-content\\\/uploads\\\/2025\\\/07\\\/DJI_20250726164702_0142_D-scaled.png\",\"datePublished\":\"2025-07-28T19:53:52+00:00\",\"author\":{\"@id\":\"https:\\\/\\\/www.amanien.info\\\/news\\\/#\\\/schema\\\/person\\\/b21093345753a1a98242d505bd894f42\"},\"breadcrumb\":{\"@id\":\"https:\\\/\\\/www.amanien.info\\\/news\\\/logements-sociaux-les-36-premiers-beneficiaires-des-maisons-de-la-cite-donwahi-debimpe-recoivent-leurs-cles\\\/#breadcrumb\"},\"inLanguage\":\"fr-FR\",\"potentialAction\":[{\"@type\":\"ReadAction\",\"target\":[\"https:\\\/\\\/www.amanien.info\\\/news\\\/logements-sociaux-les-36-premiers-beneficiaires-des-maisons-de-la-cite-donwahi-debimpe-recoivent-leurs-cles\\\/\"]}]},{\"@type\":\"ImageObject\",\"inLanguage\":\"fr-FR\",\"@id\":\"https:\\\/\\\/www.amanien.info\\\/news\\\/logements-sociaux-les-36-premiers-beneficiaires-des-maisons-de-la-cite-donwahi-debimpe-recoivent-leurs-cles\\\/#primaryimage\",\"url\":\"https:\\\/\\\/www.amanien.info\\\/news\\\/wp-content\\\/uploads\\\/2025\\\/07\\\/DJI_20250726164702_0142_D-scaled.png\",\"contentUrl\":\"https:\\\/\\\/www.amanien.info\\\/news\\\/wp-content\\\/uploads\\\/2025\\\/07\\\/DJI_20250726164702_0142_D-scaled.png\",\"width\":2560,\"height\":1440},{\"@type\":\"BreadcrumbList\",\"@id\":\"https:\\\/\\\/www.amanien.info\\\/news\\\/logements-sociaux-les-36-premiers-beneficiaires-des-maisons-de-la-cite-donwahi-debimpe-recoivent-leurs-cles\\\/#breadcrumb\",\"itemListElement\":[{\"@type\":\"ListItem\",\"position\":1,\"name\":\"Accueil\",\"item\":\"https:\\\/\\\/www.amanien.info\\\/news\\\/\"},{\"@type\":\"ListItem\",\"position\":2,\"name\":\"Logements sociaux : les 36 premiers b\u00e9n\u00e9ficiaires des maisons de la Cit\u00e9 Donwahi d&rsquo;Ebimp\u00e9 re\u00e7oivent leurs cl\u00e9s\"}]},{\"@type\":\"WebSite\",\"@id\":\"https:\\\/\\\/www.amanien.info\\\/news\\\/#website\",\"url\":\"https:\\\/\\\/www.amanien.info\\\/news\\\/\",\"name\":\"Amanien| L&#039;actualit\u00e9 Ivoirienne et Internationale\",\"description\":\"L&#039;actualit\u00e9 Ivoirienne et Internationale\",\"potentialAction\":[{\"@type\":\"SearchAction\",\"target\":{\"@type\":\"EntryPoint\",\"urlTemplate\":\"https:\\\/\\\/www.amanien.info\\\/news\\\/?s={search_term_string}\"},\"query-input\":{\"@type\":\"PropertyValueSpecification\",\"valueRequired\":true,\"valueName\":\"search_term_string\"}}],\"inLanguage\":\"fr-FR\"},{\"@type\":\"Person\",\"@id\":\"https:\\\/\\\/www.amanien.info\\\/news\\\/#\\\/schema\\\/person\\\/b21093345753a1a98242d505bd894f42\",\"name\":\"Germain Ndri\",\"url\":\"https:\\\/\\\/www.amanien.info\\\/news\\\/author\\\/amanien-infos\\\/\"}]}<\/script>\n<!-- \/ Yoast SEO plugin. -->","yoast_head_json":{"title":"Logements sociaux : les 36 premiers b\u00e9n\u00e9ficiaires des maisons de la Cit\u00e9 Donwahi d'Ebimp\u00e9 re\u00e7oivent leurs cl\u00e9s - Amanien| L&#039;actualit\u00e9 Ivoirienne et Internationale","robots":{"index":"index","follow":"follow","max-snippet":"max-snippet:-1","max-image-preview":"max-image-preview:large","max-video-preview":"max-video-preview:-1"},"canonical":"https:\/\/www.amanien.info\/news\/logements-sociaux-les-36-premiers-beneficiaires-des-maisons-de-la-cite-donwahi-debimpe-recoivent-leurs-cles\/","og_locale":"fr_FR","og_type":"article","og_title":"Logements sociaux : les 36 premiers b\u00e9n\u00e9ficiaires des maisons de la Cit\u00e9 Donwahi d'Ebimp\u00e9 re\u00e7oivent leurs cl\u00e9s - Amanien| L&#039;actualit\u00e9 Ivoirienne et Internationale","og_description":"Trente six(36) familles b\u00e9n\u00e9ficiaires (sur 406) ont re\u00e7u les cl\u00e9s des logements sociaux de la Cit\u00e9 Donwahi d&rsquo;Ebimp\u00e9, le samedi 26 juillet 2026, \u00e0 Anyama, au cours d&rsquo;une c\u00e9r\u00e9monie solennelle\u00a0 laquelle ont pris part\u00a0 plusieurs personnalit\u00e9s, b\u00e9n\u00e9ficiaires, partenaires institutionnels et artistes. Cette importante c\u00e9r\u00e9monie, qui marque une \u00e9tape cl\u00e9 dans la vision sociale et humaine [&hellip;]","og_url":"https:\/\/www.amanien.info\/news\/logements-sociaux-les-36-premiers-beneficiaires-des-maisons-de-la-cite-donwahi-debimpe-recoivent-leurs-cles\/","og_site_name":"Amanien| L&#039;actualit\u00e9 Ivoirienne et Internationale","article_published_time":"2025-07-28T19:53:52+00:00","og_image":[{"width":2560,"height":1440,"url":"https:\/\/www.amanien.info\/news\/wp-content\/uploads\/2025\/07\/DJI_20250726164702_0142_D-scaled.png","type":"image\/png"}],"author":"Germain Ndri","twitter_card":"summary_large_image","twitter_misc":{"\u00c9crit par":"Germain Ndri","Dur\u00e9e de lecture estim\u00e9e":"2 minutes"},"schema":{"@context":"https:\/\/schema.org","@graph":[{"@type":"Article","@id":"https:\/\/www.amanien.info\/news\/logements-sociaux-les-36-premiers-beneficiaires-des-maisons-de-la-cite-donwahi-debimpe-recoivent-leurs-cles\/#article","isPartOf":{"@id":"https:\/\/www.amanien.info\/news\/logements-sociaux-les-36-premiers-beneficiaires-des-maisons-de-la-cite-donwahi-debimpe-recoivent-leurs-cles\/"},"author":{"name":"Germain Ndri","@id":"https:\/\/www.amanien.info\/news\/#\/schema\/person\/b21093345753a1a98242d505bd894f42"},"headline":"Logements sociaux : les 36 premiers b\u00e9n\u00e9ficiaires des maisons de la Cit\u00e9 Donwahi d&rsquo;Ebimp\u00e9 re\u00e7oivent leurs cl\u00e9s","datePublished":"2025-07-28T19:53:52+00:00","mainEntityOfPage":{"@id":"https:\/\/www.amanien.info\/news\/logements-sociaux-les-36-premiers-beneficiaires-des-maisons-de-la-cite-donwahi-debimpe-recoivent-leurs-cles\/"},"wordCount":348,"image":{"@id":"https:\/\/www.amanien.info\/news\/logements-sociaux-les-36-premiers-beneficiaires-des-maisons-de-la-cite-donwahi-debimpe-recoivent-leurs-cles\/#primaryimage"},"thumbnailUrl":"https:\/\/www.amanien.info\/news\/wp-content\/uploads\/2025\/07\/DJI_20250726164702_0142_D-scaled.png","inLanguage":"fr-FR"},{"@type":"WebPage","@id":"https:\/\/www.amanien.info\/news\/logements-sociaux-les-36-premiers-beneficiaires-des-maisons-de-la-cite-donwahi-debimpe-recoivent-leurs-cles\/","url":"https:\/\/www.amanien.info\/news\/logements-sociaux-les-36-premiers-beneficiaires-des-maisons-de-la-cite-donwahi-debimpe-recoivent-leurs-cles\/","name":"Logements sociaux : les 36 premiers b\u00e9n\u00e9ficiaires des maisons de la Cit\u00e9 Donwahi d'Ebimp\u00e9 re\u00e7oivent leurs cl\u00e9s - Amanien| L&#039;actualit\u00e9 Ivoirienne et Internationale","isPartOf":{"@id":"https:\/\/www.amanien.info\/news\/#website"},"primaryImageOfPage":{"@id":"https:\/\/www.amanien.info\/news\/logements-sociaux-les-36-premiers-beneficiaires-des-maisons-de-la-cite-donwahi-debimpe-recoivent-leurs-cles\/#primaryimage"},"image":{"@id":"https:\/\/www.amanien.info\/news\/logements-sociaux-les-36-premiers-beneficiaires-des-maisons-de-la-cite-donwahi-debimpe-recoivent-leurs-cles\/#primaryimage"},"thumbnailUrl":"https:\/\/www.amanien.info\/news\/wp-content\/uploads\/2025\/07\/DJI_20250726164702_0142_D-scaled.png","datePublished":"2025-07-28T19:53:52+00:00","author":{"@id":"https:\/\/www.amanien.info\/news\/#\/schema\/person\/b21093345753a1a98242d505bd894f42"},"breadcrumb":{"@id":"https:\/\/www.amanien.info\/news\/logements-sociaux-les-36-premiers-beneficiaires-des-maisons-de-la-cite-donwahi-debimpe-recoivent-leurs-cles\/#breadcrumb"},"inLanguage":"fr-FR","potentialAction":[{"@type":"ReadAction","target":["https:\/\/www.amanien.info\/news\/logements-sociaux-les-36-premiers-beneficiaires-des-maisons-de-la-cite-donwahi-debimpe-recoivent-leurs-cles\/"]}]},{"@type":"ImageObject","inLanguage":"fr-FR","@id":"https:\/\/www.amanien.info\/news\/logements-sociaux-les-36-premiers-beneficiaires-des-maisons-de-la-cite-donwahi-debimpe-recoivent-leurs-cles\/#primaryimage","url":"https:\/\/www.amanien.info\/news\/wp-content\/uploads\/2025\/07\/DJI_20250726164702_0142_D-scaled.png","contentUrl":"https:\/\/www.amanien.info\/news\/wp-content\/uploads\/2025\/07\/DJI_20250726164702_0142_D-scaled.png","width":2560,"height":1440},{"@type":"BreadcrumbList","@id":"https:\/\/www.amanien.info\/news\/logements-sociaux-les-36-premiers-beneficiaires-des-maisons-de-la-cite-donwahi-debimpe-recoivent-leurs-cles\/#breadcrumb","itemListElement":[{"@type":"ListItem","position":1,"name":"Accueil","item":"https:\/\/www.amanien.info\/news\/"},{"@type":"ListItem","position":2,"name":"Logements sociaux : les 36 premiers b\u00e9n\u00e9ficiaires des maisons de la Cit\u00e9 Donwahi d&rsquo;Ebimp\u00e9 re\u00e7oivent leurs cl\u00e9s"}]},{"@type":"WebSite","@id":"https:\/\/www.amanien.info\/news\/#website","url":"https:\/\/www.amanien.info\/news\/","name":"Amanien| L&#039;actualit\u00e9 Ivoirienne et Internationale","description":"L&#039;actualit\u00e9 Ivoirienne et Internationale","potentialAction":[{"@type":"SearchAction","target":{"@type":"EntryPoint","urlTemplate":"https:\/\/www.amanien.info\/news\/?s={search_term_string}"},"query-input":{"@type":"PropertyValueSpecification","valueRequired":true,"valueName":"search_term_string"}}],"inLanguage":"fr-FR"},{"@type":"Person","@id":"https:\/\/www.amanien.info\/news\/#\/schema\/person\/b21093345753a1a98242d505bd894f42","name":"Germain Ndri","url":"https:\/\/www.amanien.info\/news\/author\/amanien-infos\/"}]}},"_links":{"self":[{"href":"https:\/\/www.amanien.info\/news\/wp-json\/wp\/v2\/posts\/7434","targetHints":{"allow":["GET"]}}],"collection":[{"href":"https:\/\/www.amanien.info\/news\/wp-json\/wp\/v2\/posts"}],"about":[{"href":"https:\/\/www.amanien.info\/news\/wp-json\/wp\/v2\/types\/post"}],"author":[{"embeddable":true,"href":"https:\/\/www.amanien.info\/news\/wp-json\/wp\/v2\/users\/2"}],"replies":[{"embeddable":true,"href":"https:\/\/www.amanien.info\/news\/wp-json\/wp\/v2\/comments?post=7434"}],"version-history":[{"count":1,"href":"https:\/\/www.amanien.info\/news\/wp-json\/wp\/v2\/posts\/7434\/revisions"}],"predecessor-version":[{"id":7436,"href":"https:\/\/www.amanien.info\/news\/wp-json\/wp\/v2\/posts\/7434\/revisions\/7436"}],"wp:featuredmedia":[{"embeddable":true,"href":"https:\/\/www.amanien.info\/news\/wp-json\/wp\/v2\/media\/7435"}],"wp:attachment":[{"href":"https:\/\/www.amanien.info\/news\/wp-json\/wp\/v2\/media?parent=7434"}],"wp:term":[{"taxonomy":"category","embeddable":true,"href":"https:\/\/www.amanien.info\/news\/wp-json\/wp\/v2\/categories?post=7434"},{"taxonomy":"post_tag","embeddable":true,"href":"https:\/\/www.amanien.info\/news\/wp-json\/wp\/v2\/tags?post=7434"}],"curies":[{"name":"wp","href":"https:\/\/api.w.org\/{rel}","templated":true}]}}