{"id":7430,"date":"2025-07-24T21:49:24","date_gmt":"2025-07-24T21:49:24","guid":{"rendered":"https:\/\/www.amanien.info\/news\/?p=7430"},"modified":"2025-07-24T21:49:24","modified_gmt":"2025-07-24T21:49:24","slug":"celebration-du-65eme-anniversaire-de-lindependance-de-la-cote-divoire-a-bouake-les-cadres-du-v-baoule-sonnent-la-mobilisation","status":"publish","type":"post","link":"https:\/\/www.amanien.info\/news\/celebration-du-65eme-anniversaire-de-lindependance-de-la-cote-divoire-a-bouake-les-cadres-du-v-baoule-sonnent-la-mobilisation\/","title":{"rendered":"C\u00e9l\u00e9bration du 65\u00e8me anniversaire de l&rsquo;ind\u00e9pendance de la C\u00f4te d&rsquo;Ivoire \u00e0 Bouak\u00e9 : les cadres du V Baoul\u00e9 sonnent la mobilisation"},"content":{"rendered":"<div>Dans le cadre des pr\u00e9paratifs de la c\u00e9l\u00e9bration du 65\u00e8 anniversaire de l&rsquo;ind\u00e9pendance de la C\u00f4te d&rsquo;Ivoire, pr\u00e9vue \u00e0 Bouak\u00e9, le 07 ao\u00fbt prochain, le Ministre d&rsquo;\u00c9tat et Ex-pr\u00e9sident du Conseil r\u00e9gional du B\u00e9lier, Jeannot AHOUSSOU-KOUADIO, a convoqu\u00e9, le mercredi 23 juillet 2025, \u00e0 l&rsquo;auditorium du Minist\u00e8re des Affaires Etrang\u00e8res, \u00e0 Abidjan-Plateau, une importante r\u00e9union de concertation \u00e0 laquelle ont pris part plusieurs cadres du grand centre et membres du gouvernement.<\/div>\n<div><\/div>\n<div>Dans sa brillante intervention, le Ministre d&rsquo;\u00c9tat, Jeannot AHOUSSOU-KOUADIO, a engag\u00e9 les cadres du V Baoul\u00e9 dans toutes leurs diversit\u00e9s culturelle et politique, \u00e0 prendre part \u00e0 cette \u00e9v\u00e9nement.<\/div>\n<div><\/div>\n<div>\u00ab\u00a0Notre mobilisation et notre participation donneront un cachet particulier \u00e0 cet \u00e9v\u00e9nement\u00a0\u00bb, a-t-il indiqu\u00e9.<\/div>\n<div><\/div>\n<div>\u00a0Avant d&rsquo;ajouter que la c\u00e9l\u00e9bration du 65\u00e8 anniversaire de l&rsquo;ind\u00e9pendance de la C\u00f4te d&rsquo;Ivoire \u00e0 Bouak\u00e9 est une \u00ab\u00a0belle opportunit\u00e9 de rassemblement du V Baoul\u00e9\u00a0\u00bb.<\/div>\n<div><\/div>\n<div>L&rsquo;ex Premier Ministre se dit heureux de recevoir le Pr\u00e9sident de la R\u00e9publique Alassane Ouattara \u00e0 Bouak\u00e9 \u00e0 l&rsquo;occasion de la c\u00e9l\u00e9bration de l&rsquo;ind\u00e9pendance de notre pays.<\/div>\n<div><\/div>\n<div><\/div>\n<div>\u00a0Le Ministre de l&rsquo;environnement, du d\u00e9veloppement durable et de la transition \u00e9cologique, par ailleurs Pr\u00e9sident du Conseil r\u00e9gional du Gb\u00eak\u00e8, Assahor\u00e9 Konan Jacques, s&rsquo;est dit \u00e9galement heureux que la ville de Bouak\u00e9 accueille ces festivit\u00e9s, car \u00ab\u00a0cela est un immense honneur\u00a0\u00bb que le Pr\u00e9sident de la R\u00e9publique fait \u00e0 la r\u00e9gion du Gb\u00eak\u00e8.<\/div>\n<div><\/div>\n<div>Poursuivant, Assahor\u00e9 Konan Jacques a appel\u00e9 \u00e0 une mobilisation exceptionnelle de tous. \u00ab\u00a0Il faut que les populations de Bouak\u00e9 sortent nombreuses. Cette c\u00e9l\u00e9bration n&rsquo;est pas une f\u00eate politique. C&rsquo;est une f\u00eate r\u00e9publicaine. C&rsquo;est ensemble que nous pouvons la r\u00e9ussir. Tout le monde doit se sentir concern\u00e9\u00a0\u00bb, a lanc\u00e9 le D\u00e9put\u00e9 de Diabo-Languibonou.<\/div>\n<div><\/div>\n<div>Pour sa part, le Ministre des Transports et Maire de la commune de Bouak\u00e9, Amadou Kon\u00e9 a annonc\u00e9 que le d\u00e9fil\u00e9 militaire se fera sur le Boulevard Abla Pokou de Bouak\u00e9.<\/div>\n<div>A l&rsquo;en croire, il est \u00e9galement pr\u00e9vu une exposition qui sera faite par l&rsquo;arm\u00e9e.<\/div>\n<div><\/div>\n<div>Aussi a-t-il assur\u00e9 que la Mairie travaille au nettoyage de la ville.<\/div>\n<div><\/div>\n<div>S&rsquo;agissant du dispositif s\u00e9curitaire, le Premier magistrat de la Commune de Bouak\u00e9 a rassur\u00e9 que le Ministre de l&rsquo;int\u00e9rieur et de la s\u00e9curit\u00e9, Vagondo Diomand\u00e9, lancera, ce vendredi 25 juillet 2025, l&rsquo;op\u00e9ration \u00ab\u00a0Vacances S\u00e9curis\u00e9es\u00a0\u00bb, visant \u00e0 assurer la s\u00e9curit\u00e9 des populations.<\/div>\n<div><\/div>\n<div>Notons qu&rsquo;une grande r\u00e9union de concertation avec la chefferie se tiendra le dimanche 27 juillet prochain \u00e0 Bouak\u00e9.<\/div>\n<div><\/div>\n<div>Pour rappel, la ville de Bouak\u00e9 a accueilli la c\u00e9l\u00e9bration de l&rsquo;ind\u00e9pendance de la C\u00f4te d&rsquo;Ivoire depuis Ao\u00fbt 1961(61 ans de cela).<\/div>\n<div><\/div>\n<div><\/div>\n<div><b>S.A.<\/b><\/div>\n","protected":false},"excerpt":{"rendered":"<p>Dans le cadre des pr\u00e9paratifs de la c\u00e9l\u00e9bration du 65\u00e8 anniversaire de l&rsquo;ind\u00e9pendance de la C\u00f4te d&rsquo;Ivoire, pr\u00e9vue \u00e0 Bouak\u00e9, le 07 ao\u00fbt prochain, le Ministre d&rsquo;\u00c9tat et Ex-pr\u00e9sident du Conseil r\u00e9gional du B\u00e9lier, Jeannot AHOUSSOU-KOUADIO, a convoqu\u00e9, le mercredi 23 juillet 2025, \u00e0 l&rsquo;auditorium du Minist\u00e8re des Affaires Etrang\u00e8res, \u00e0 Abidjan-Plateau, une importante r\u00e9union [&hellip;]<\/p>\n","protected":false},"author":2,"featured_media":7432,"comment_status":"closed","ping_status":"closed","sticky":false,"template":"","format":"standard","meta":{"_acf_changed":false,"footnotes":""},"categories":[1],"tags":[],"class_list":["post-7430","post","type-post","status-publish","format-standard","has-post-thumbnail","hentry","category-national"],"acf":[],"yoast_head":"<!-- This site is optimized with the Yoast SEO plugin v27.5 - https:\/\/yoast.com\/product\/yoast-seo-wordpress\/ -->\n<title>C\u00e9l\u00e9bration du 65\u00e8me anniversaire de l&#039;ind\u00e9pendance de la C\u00f4te d&#039;Ivoire \u00e0 Bouak\u00e9 : les cadres du V Baoul\u00e9 sonnent la mobilisation - Amanien| L&#039;actualit\u00e9 Ivoirienne et Internationale<\/title>\n<meta name=\"robots\" content=\"index, follow, max-snippet:-1, max-image-preview:large, max-video-preview:-1\" \/>\n<link rel=\"canonical\" href=\"https:\/\/www.amanien.info\/news\/celebration-du-65eme-anniversaire-de-lindependance-de-la-cote-divoire-a-bouake-les-cadres-du-v-baoule-sonnent-la-mobilisation\/\" \/>\n<meta property=\"og:locale\" content=\"fr_FR\" \/>\n<meta property=\"og:type\" content=\"article\" \/>\n<meta property=\"og:title\" content=\"C\u00e9l\u00e9bration du 65\u00e8me anniversaire de l&#039;ind\u00e9pendance de la C\u00f4te d&#039;Ivoire \u00e0 Bouak\u00e9 : les cadres du V Baoul\u00e9 sonnent la mobilisation - Amanien| L&#039;actualit\u00e9 Ivoirienne et Internationale\" \/>\n<meta property=\"og:description\" content=\"Dans le cadre des pr\u00e9paratifs de la c\u00e9l\u00e9bration du 65\u00e8 anniversaire de l&rsquo;ind\u00e9pendance de la C\u00f4te d&rsquo;Ivoire, pr\u00e9vue \u00e0 Bouak\u00e9, le 07 ao\u00fbt prochain, le Ministre d&rsquo;\u00c9tat et Ex-pr\u00e9sident du Conseil r\u00e9gional du B\u00e9lier, Jeannot AHOUSSOU-KOUADIO, a convoqu\u00e9, le mercredi 23 juillet 2025, \u00e0 l&rsquo;auditorium du Minist\u00e8re des Affaires Etrang\u00e8res, \u00e0 Abidjan-Plateau, une importante r\u00e9union [&hellip;]\" \/>\n<meta property=\"og:url\" content=\"https:\/\/www.amanien.info\/news\/celebration-du-65eme-anniversaire-de-lindependance-de-la-cote-divoire-a-bouake-les-cadres-du-v-baoule-sonnent-la-mobilisation\/\" \/>\n<meta property=\"og:site_name\" content=\"Amanien| L&#039;actualit\u00e9 Ivoirienne et Internationale\" \/>\n<meta property=\"article:published_time\" content=\"2025-07-24T21:49:24+00:00\" \/>\n<meta property=\"og:image\" content=\"https:\/\/www.amanien.info\/news\/wp-content\/uploads\/2025\/07\/IMG-20250723-WA0107-1.jpg\" \/>\n\t<meta property=\"og:image:width\" content=\"960\" \/>\n\t<meta property=\"og:image:height\" content=\"540\" \/>\n\t<meta property=\"og:image:type\" content=\"image\/jpeg\" \/>\n<meta name=\"author\" content=\"Germain Ndri\" \/>\n<meta name=\"twitter:card\" content=\"summary_large_image\" \/>\n<meta name=\"twitter:label1\" content=\"\u00c9crit par\" \/>\n\t<meta name=\"twitter:data1\" content=\"Germain Ndri\" \/>\n\t<meta name=\"twitter:label2\" content=\"Dur\u00e9e de lecture estim\u00e9e\" \/>\n\t<meta name=\"twitter:data2\" content=\"3 minutes\" \/>\n<script type=\"application\/ld+json\" class=\"yoast-schema-graph\">{\"@context\":\"https:\\\/\\\/schema.org\",\"@graph\":[{\"@type\":\"Article\",\"@id\":\"https:\\\/\\\/www.amanien.info\\\/news\\\/celebration-du-65eme-anniversaire-de-lindependance-de-la-cote-divoire-a-bouake-les-cadres-du-v-baoule-sonnent-la-mobilisation\\\/#article\",\"isPartOf\":{\"@id\":\"https:\\\/\\\/www.amanien.info\\\/news\\\/celebration-du-65eme-anniversaire-de-lindependance-de-la-cote-divoire-a-bouake-les-cadres-du-v-baoule-sonnent-la-mobilisation\\\/\"},\"author\":{\"name\":\"Germain Ndri\",\"@id\":\"https:\\\/\\\/www.amanien.info\\\/news\\\/#\\\/schema\\\/person\\\/b21093345753a1a98242d505bd894f42\"},\"headline\":\"C\u00e9l\u00e9bration du 65\u00e8me anniversaire de l&rsquo;ind\u00e9pendance de la C\u00f4te d&rsquo;Ivoire \u00e0 Bouak\u00e9 : les cadres du V Baoul\u00e9 sonnent la mobilisation\",\"datePublished\":\"2025-07-24T21:49:24+00:00\",\"mainEntityOfPage\":{\"@id\":\"https:\\\/\\\/www.amanien.info\\\/news\\\/celebration-du-65eme-anniversaire-de-lindependance-de-la-cote-divoire-a-bouake-les-cadres-du-v-baoule-sonnent-la-mobilisation\\\/\"},\"wordCount\":494,\"image\":{\"@id\":\"https:\\\/\\\/www.amanien.info\\\/news\\\/celebration-du-65eme-anniversaire-de-lindependance-de-la-cote-divoire-a-bouake-les-cadres-du-v-baoule-sonnent-la-mobilisation\\\/#primaryimage\"},\"thumbnailUrl\":\"https:\\\/\\\/www.amanien.info\\\/news\\\/wp-content\\\/uploads\\\/2025\\\/07\\\/IMG-20250723-WA0107-1.jpg\",\"articleSection\":[\"National\"],\"inLanguage\":\"fr-FR\"},{\"@type\":\"WebPage\",\"@id\":\"https:\\\/\\\/www.amanien.info\\\/news\\\/celebration-du-65eme-anniversaire-de-lindependance-de-la-cote-divoire-a-bouake-les-cadres-du-v-baoule-sonnent-la-mobilisation\\\/\",\"url\":\"https:\\\/\\\/www.amanien.info\\\/news\\\/celebration-du-65eme-anniversaire-de-lindependance-de-la-cote-divoire-a-bouake-les-cadres-du-v-baoule-sonnent-la-mobilisation\\\/\",\"name\":\"C\u00e9l\u00e9bration du 65\u00e8me anniversaire de l'ind\u00e9pendance de la C\u00f4te d'Ivoire \u00e0 Bouak\u00e9 : les cadres du V Baoul\u00e9 sonnent la mobilisation - Amanien| L&#039;actualit\u00e9 Ivoirienne et Internationale\",\"isPartOf\":{\"@id\":\"https:\\\/\\\/www.amanien.info\\\/news\\\/#website\"},\"primaryImageOfPage\":{\"@id\":\"https:\\\/\\\/www.amanien.info\\\/news\\\/celebration-du-65eme-anniversaire-de-lindependance-de-la-cote-divoire-a-bouake-les-cadres-du-v-baoule-sonnent-la-mobilisation\\\/#primaryimage\"},\"image\":{\"@id\":\"https:\\\/\\\/www.amanien.info\\\/news\\\/celebration-du-65eme-anniversaire-de-lindependance-de-la-cote-divoire-a-bouake-les-cadres-du-v-baoule-sonnent-la-mobilisation\\\/#primaryimage\"},\"thumbnailUrl\":\"https:\\\/\\\/www.amanien.info\\\/news\\\/wp-content\\\/uploads\\\/2025\\\/07\\\/IMG-20250723-WA0107-1.jpg\",\"datePublished\":\"2025-07-24T21:49:24+00:00\",\"author\":{\"@id\":\"https:\\\/\\\/www.amanien.info\\\/news\\\/#\\\/schema\\\/person\\\/b21093345753a1a98242d505bd894f42\"},\"breadcrumb\":{\"@id\":\"https:\\\/\\\/www.amanien.info\\\/news\\\/celebration-du-65eme-anniversaire-de-lindependance-de-la-cote-divoire-a-bouake-les-cadres-du-v-baoule-sonnent-la-mobilisation\\\/#breadcrumb\"},\"inLanguage\":\"fr-FR\",\"potentialAction\":[{\"@type\":\"ReadAction\",\"target\":[\"https:\\\/\\\/www.amanien.info\\\/news\\\/celebration-du-65eme-anniversaire-de-lindependance-de-la-cote-divoire-a-bouake-les-cadres-du-v-baoule-sonnent-la-mobilisation\\\/\"]}]},{\"@type\":\"ImageObject\",\"inLanguage\":\"fr-FR\",\"@id\":\"https:\\\/\\\/www.amanien.info\\\/news\\\/celebration-du-65eme-anniversaire-de-lindependance-de-la-cote-divoire-a-bouake-les-cadres-du-v-baoule-sonnent-la-mobilisation\\\/#primaryimage\",\"url\":\"https:\\\/\\\/www.amanien.info\\\/news\\\/wp-content\\\/uploads\\\/2025\\\/07\\\/IMG-20250723-WA0107-1.jpg\",\"contentUrl\":\"https:\\\/\\\/www.amanien.info\\\/news\\\/wp-content\\\/uploads\\\/2025\\\/07\\\/IMG-20250723-WA0107-1.jpg\",\"width\":960,\"height\":540},{\"@type\":\"BreadcrumbList\",\"@id\":\"https:\\\/\\\/www.amanien.info\\\/news\\\/celebration-du-65eme-anniversaire-de-lindependance-de-la-cote-divoire-a-bouake-les-cadres-du-v-baoule-sonnent-la-mobilisation\\\/#breadcrumb\",\"itemListElement\":[{\"@type\":\"ListItem\",\"position\":1,\"name\":\"Accueil\",\"item\":\"https:\\\/\\\/www.amanien.info\\\/news\\\/\"},{\"@type\":\"ListItem\",\"position\":2,\"name\":\"C\u00e9l\u00e9bration du 65\u00e8me anniversaire de l&rsquo;ind\u00e9pendance de la C\u00f4te d&rsquo;Ivoire \u00e0 Bouak\u00e9 : les cadres du V Baoul\u00e9 sonnent la mobilisation\"}]},{\"@type\":\"WebSite\",\"@id\":\"https:\\\/\\\/www.amanien.info\\\/news\\\/#website\",\"url\":\"https:\\\/\\\/www.amanien.info\\\/news\\\/\",\"name\":\"Amanien| L&#039;actualit\u00e9 Ivoirienne et Internationale\",\"description\":\"L&#039;actualit\u00e9 Ivoirienne et Internationale\",\"potentialAction\":[{\"@type\":\"SearchAction\",\"target\":{\"@type\":\"EntryPoint\",\"urlTemplate\":\"https:\\\/\\\/www.amanien.info\\\/news\\\/?s={search_term_string}\"},\"query-input\":{\"@type\":\"PropertyValueSpecification\",\"valueRequired\":true,\"valueName\":\"search_term_string\"}}],\"inLanguage\":\"fr-FR\"},{\"@type\":\"Person\",\"@id\":\"https:\\\/\\\/www.amanien.info\\\/news\\\/#\\\/schema\\\/person\\\/b21093345753a1a98242d505bd894f42\",\"name\":\"Germain Ndri\",\"url\":\"https:\\\/\\\/www.amanien.info\\\/news\\\/author\\\/amanien-infos\\\/\"}]}<\/script>\n<!-- \/ Yoast SEO plugin. -->","yoast_head_json":{"title":"C\u00e9l\u00e9bration du 65\u00e8me anniversaire de l'ind\u00e9pendance de la C\u00f4te d'Ivoire \u00e0 Bouak\u00e9 : les cadres du V Baoul\u00e9 sonnent la mobilisation - Amanien| L&#039;actualit\u00e9 Ivoirienne et Internationale","robots":{"index":"index","follow":"follow","max-snippet":"max-snippet:-1","max-image-preview":"max-image-preview:large","max-video-preview":"max-video-preview:-1"},"canonical":"https:\/\/www.amanien.info\/news\/celebration-du-65eme-anniversaire-de-lindependance-de-la-cote-divoire-a-bouake-les-cadres-du-v-baoule-sonnent-la-mobilisation\/","og_locale":"fr_FR","og_type":"article","og_title":"C\u00e9l\u00e9bration du 65\u00e8me anniversaire de l'ind\u00e9pendance de la C\u00f4te d'Ivoire \u00e0 Bouak\u00e9 : les cadres du V Baoul\u00e9 sonnent la mobilisation - Amanien| L&#039;actualit\u00e9 Ivoirienne et Internationale","og_description":"Dans le cadre des pr\u00e9paratifs de la c\u00e9l\u00e9bration du 65\u00e8 anniversaire de l&rsquo;ind\u00e9pendance de la C\u00f4te d&rsquo;Ivoire, pr\u00e9vue \u00e0 Bouak\u00e9, le 07 ao\u00fbt prochain, le Ministre d&rsquo;\u00c9tat et Ex-pr\u00e9sident du Conseil r\u00e9gional du B\u00e9lier, Jeannot AHOUSSOU-KOUADIO, a convoqu\u00e9, le mercredi 23 juillet 2025, \u00e0 l&rsquo;auditorium du Minist\u00e8re des Affaires Etrang\u00e8res, \u00e0 Abidjan-Plateau, une importante r\u00e9union [&hellip;]","og_url":"https:\/\/www.amanien.info\/news\/celebration-du-65eme-anniversaire-de-lindependance-de-la-cote-divoire-a-bouake-les-cadres-du-v-baoule-sonnent-la-mobilisation\/","og_site_name":"Amanien| L&#039;actualit\u00e9 Ivoirienne et Internationale","article_published_time":"2025-07-24T21:49:24+00:00","og_image":[{"width":960,"height":540,"url":"https:\/\/www.amanien.info\/news\/wp-content\/uploads\/2025\/07\/IMG-20250723-WA0107-1.jpg","type":"image\/jpeg"}],"author":"Germain Ndri","twitter_card":"summary_large_image","twitter_misc":{"\u00c9crit par":"Germain Ndri","Dur\u00e9e de lecture estim\u00e9e":"3 minutes"},"schema":{"@context":"https:\/\/schema.org","@graph":[{"@type":"Article","@id":"https:\/\/www.amanien.info\/news\/celebration-du-65eme-anniversaire-de-lindependance-de-la-cote-divoire-a-bouake-les-cadres-du-v-baoule-sonnent-la-mobilisation\/#article","isPartOf":{"@id":"https:\/\/www.amanien.info\/news\/celebration-du-65eme-anniversaire-de-lindependance-de-la-cote-divoire-a-bouake-les-cadres-du-v-baoule-sonnent-la-mobilisation\/"},"author":{"name":"Germain Ndri","@id":"https:\/\/www.amanien.info\/news\/#\/schema\/person\/b21093345753a1a98242d505bd894f42"},"headline":"C\u00e9l\u00e9bration du 65\u00e8me anniversaire de l&rsquo;ind\u00e9pendance de la C\u00f4te d&rsquo;Ivoire \u00e0 Bouak\u00e9 : les cadres du V Baoul\u00e9 sonnent la mobilisation","datePublished":"2025-07-24T21:49:24+00:00","mainEntityOfPage":{"@id":"https:\/\/www.amanien.info\/news\/celebration-du-65eme-anniversaire-de-lindependance-de-la-cote-divoire-a-bouake-les-cadres-du-v-baoule-sonnent-la-mobilisation\/"},"wordCount":494,"image":{"@id":"https:\/\/www.amanien.info\/news\/celebration-du-65eme-anniversaire-de-lindependance-de-la-cote-divoire-a-bouake-les-cadres-du-v-baoule-sonnent-la-mobilisation\/#primaryimage"},"thumbnailUrl":"https:\/\/www.amanien.info\/news\/wp-content\/uploads\/2025\/07\/IMG-20250723-WA0107-1.jpg","articleSection":["National"],"inLanguage":"fr-FR"},{"@type":"WebPage","@id":"https:\/\/www.amanien.info\/news\/celebration-du-65eme-anniversaire-de-lindependance-de-la-cote-divoire-a-bouake-les-cadres-du-v-baoule-sonnent-la-mobilisation\/","url":"https:\/\/www.amanien.info\/news\/celebration-du-65eme-anniversaire-de-lindependance-de-la-cote-divoire-a-bouake-les-cadres-du-v-baoule-sonnent-la-mobilisation\/","name":"C\u00e9l\u00e9bration du 65\u00e8me anniversaire de l'ind\u00e9pendance de la C\u00f4te d'Ivoire \u00e0 Bouak\u00e9 : les cadres du V Baoul\u00e9 sonnent la mobilisation - Amanien| L&#039;actualit\u00e9 Ivoirienne et Internationale","isPartOf":{"@id":"https:\/\/www.amanien.info\/news\/#website"},"primaryImageOfPage":{"@id":"https:\/\/www.amanien.info\/news\/celebration-du-65eme-anniversaire-de-lindependance-de-la-cote-divoire-a-bouake-les-cadres-du-v-baoule-sonnent-la-mobilisation\/#primaryimage"},"image":{"@id":"https:\/\/www.amanien.info\/news\/celebration-du-65eme-anniversaire-de-lindependance-de-la-cote-divoire-a-bouake-les-cadres-du-v-baoule-sonnent-la-mobilisation\/#primaryimage"},"thumbnailUrl":"https:\/\/www.amanien.info\/news\/wp-content\/uploads\/2025\/07\/IMG-20250723-WA0107-1.jpg","datePublished":"2025-07-24T21:49:24+00:00","author":{"@id":"https:\/\/www.amanien.info\/news\/#\/schema\/person\/b21093345753a1a98242d505bd894f42"},"breadcrumb":{"@id":"https:\/\/www.amanien.info\/news\/celebration-du-65eme-anniversaire-de-lindependance-de-la-cote-divoire-a-bouake-les-cadres-du-v-baoule-sonnent-la-mobilisation\/#breadcrumb"},"inLanguage":"fr-FR","potentialAction":[{"@type":"ReadAction","target":["https:\/\/www.amanien.info\/news\/celebration-du-65eme-anniversaire-de-lindependance-de-la-cote-divoire-a-bouake-les-cadres-du-v-baoule-sonnent-la-mobilisation\/"]}]},{"@type":"ImageObject","inLanguage":"fr-FR","@id":"https:\/\/www.amanien.info\/news\/celebration-du-65eme-anniversaire-de-lindependance-de-la-cote-divoire-a-bouake-les-cadres-du-v-baoule-sonnent-la-mobilisation\/#primaryimage","url":"https:\/\/www.amanien.info\/news\/wp-content\/uploads\/2025\/07\/IMG-20250723-WA0107-1.jpg","contentUrl":"https:\/\/www.amanien.info\/news\/wp-content\/uploads\/2025\/07\/IMG-20250723-WA0107-1.jpg","width":960,"height":540},{"@type":"BreadcrumbList","@id":"https:\/\/www.amanien.info\/news\/celebration-du-65eme-anniversaire-de-lindependance-de-la-cote-divoire-a-bouake-les-cadres-du-v-baoule-sonnent-la-mobilisation\/#breadcrumb","itemListElement":[{"@type":"ListItem","position":1,"name":"Accueil","item":"https:\/\/www.amanien.info\/news\/"},{"@type":"ListItem","position":2,"name":"C\u00e9l\u00e9bration du 65\u00e8me anniversaire de l&rsquo;ind\u00e9pendance de la C\u00f4te d&rsquo;Ivoire \u00e0 Bouak\u00e9 : les cadres du V Baoul\u00e9 sonnent la mobilisation"}]},{"@type":"WebSite","@id":"https:\/\/www.amanien.info\/news\/#website","url":"https:\/\/www.amanien.info\/news\/","name":"Amanien| L&#039;actualit\u00e9 Ivoirienne et Internationale","description":"L&#039;actualit\u00e9 Ivoirienne et Internationale","potentialAction":[{"@type":"SearchAction","target":{"@type":"EntryPoint","urlTemplate":"https:\/\/www.amanien.info\/news\/?s={search_term_string}"},"query-input":{"@type":"PropertyValueSpecification","valueRequired":true,"valueName":"search_term_string"}}],"inLanguage":"fr-FR"},{"@type":"Person","@id":"https:\/\/www.amanien.info\/news\/#\/schema\/person\/b21093345753a1a98242d505bd894f42","name":"Germain Ndri","url":"https:\/\/www.amanien.info\/news\/author\/amanien-infos\/"}]}},"_links":{"self":[{"href":"https:\/\/www.amanien.info\/news\/wp-json\/wp\/v2\/posts\/7430","targetHints":{"allow":["GET"]}}],"collection":[{"href":"https:\/\/www.amanien.info\/news\/wp-json\/wp\/v2\/posts"}],"about":[{"href":"https:\/\/www.amanien.info\/news\/wp-json\/wp\/v2\/types\/post"}],"author":[{"embeddable":true,"href":"https:\/\/www.amanien.info\/news\/wp-json\/wp\/v2\/users\/2"}],"replies":[{"embeddable":true,"href":"https:\/\/www.amanien.info\/news\/wp-json\/wp\/v2\/comments?post=7430"}],"version-history":[{"count":1,"href":"https:\/\/www.amanien.info\/news\/wp-json\/wp\/v2\/posts\/7430\/revisions"}],"predecessor-version":[{"id":7433,"href":"https:\/\/www.amanien.info\/news\/wp-json\/wp\/v2\/posts\/7430\/revisions\/7433"}],"wp:featuredmedia":[{"embeddable":true,"href":"https:\/\/www.amanien.info\/news\/wp-json\/wp\/v2\/media\/7432"}],"wp:attachment":[{"href":"https:\/\/www.amanien.info\/news\/wp-json\/wp\/v2\/media?parent=7430"}],"wp:term":[{"taxonomy":"category","embeddable":true,"href":"https:\/\/www.amanien.info\/news\/wp-json\/wp\/v2\/categories?post=7430"},{"taxonomy":"post_tag","embeddable":true,"href":"https:\/\/www.amanien.info\/news\/wp-json\/wp\/v2\/tags?post=7430"}],"curies":[{"name":"wp","href":"https:\/\/api.w.org\/{rel}","templated":true}]}}