{"id":7423,"date":"2025-07-22T18:28:07","date_gmt":"2025-07-22T18:28:07","guid":{"rendered":"https:\/\/www.amanien.info\/news\/?p=7423"},"modified":"2025-07-22T18:28:07","modified_gmt":"2025-07-22T18:28:07","slug":"lutte-contre-lorpaillage-illegal-et-la-degradation-des-terres-signature-a-abidjan-dune-convention-entre-abidjan-legacy-program-et-long-aeie","status":"publish","type":"post","link":"https:\/\/www.amanien.info\/news\/lutte-contre-lorpaillage-illegal-et-la-degradation-des-terres-signature-a-abidjan-dune-convention-entre-abidjan-legacy-program-et-long-aeie\/","title":{"rendered":"Lutte contre l&rsquo;orpaillage ill\u00e9gal et la d\u00e9gradation des terres : signature \u00e0 Abidjan d&rsquo;une convention entre Abidjan Legacy Program et l&rsquo;ONG AEIE\u00a0"},"content":{"rendered":"<div>Dans le cadre de la mise en \u0153uvre de ses objectifs strat\u00e9giques, l&rsquo;unit\u00e9 de Coordination du Programme d\u00e9nomm\u00e9 Abidjan Legacy Programm(ALP) a sign\u00e9, ce mardi 22 juillet 2025, \u00e0 Abidjan-Cocody, un accord de coop\u00e9ration avec l&rsquo;ONG \u00e0 but non lucratif, Agir pour l&rsquo;Environnement dans les Industries Extractives (AEIE).<\/div>\n<div><\/div>\n<div><\/div>\n<div>Ce partenariat, qui est sur une dur\u00e9e de 5 ans renouvelable, vise \u00e0 conjuguer les efforts des deux entit\u00e9s pour d\u00e9velopper des projets pilotes, mobiliser des ressources et promouvoir des actions inclusives \u00e0 fort impact environnemental, \u00e9conomique et social, notamment dans les zones affect\u00e9es par l&rsquo;orpaillage et la d\u00e9gradation des terres.<\/div>\n<div><\/div>\n<div><\/div>\n<div>L&rsquo;objectif g\u00e9n\u00e9ral de cet important accord est de formaliser le cadre de collaboration entre ALP et l&rsquo;Ong AEIE.<\/div>\n<div><\/div>\n<div><\/div>\n<div>Aux dires du Coordonnateur de ALP, M. Abou BAMBA, ce partenariat \u00ab\u00a0n&rsquo;est qu&rsquo;un symbole et marque le point de d\u00e9part d&rsquo;une action concr\u00e8te et durable\u00a0\u00bb a-t-il indiqu\u00e9.<\/div>\n<div><\/div>\n<div><\/div>\n<div>Avant de souligner les nombreux d\u00e9g\u00e2ts caus\u00e9s par l&rsquo;orpaillage ill\u00e9gal en C\u00f4te d&rsquo;Ivoire de 2010 \u00e0 2020.<\/div>\n<div><\/div>\n<div>\u00ab\u00a0Plus de 20 000 hectares de for\u00eats ont \u00e9t\u00e9 d\u00e9truits entre 2010 et 2020. Les produits chimiques comme le mercure et le cyanure polluent massivement nos cours d&rsquo;eaux, notamment la Marahou\u00e9, le Cavally, le Sasandra et le Bandama,\u00a0 compromettant la p\u00eache et affectant la sant\u00e9 des populations locales. Ce sont aussi plus de 40 000 enfants qui sont expos\u00e9s \u00e0 ces substances toxiques\u00a0\u00bb, a d\u00e9plor\u00e9 le Coordonnateur d&rsquo;Abidjan Legacy Program.<\/div>\n<div><\/div>\n<div>Sur le plan \u00e9conomique, poursuit-il, ce sont 142 tonnes d&rsquo;or qui \u00e9chappent, chaque ann\u00e9e, au circuit officiel, repr\u00e9sentant une perte estim\u00e9e \u00e0 plus de 4 600 milliards de FCFA, soit 10% du Produit Int\u00e9rieur Brut (PIB).<\/div>\n<div><\/div>\n<div><\/div>\n<div>Il a \u00e9galement assur\u00e9 qu&rsquo;ALP accompagnera le gouvernement ivoirien dans ses actions et \u00e0 faire en sorte que toutes les parties prenantes (communaut\u00e9s, chefs de communaut\u00e9s, chefs traditionnels, jeunes et les femmes) soient engag\u00e9s dans ce processus, et surtout mettre quelques ressources \u00e0 leur disposition pour intervenir sur quelques projets pilote sur lesquels ALP esp\u00e8re avoir des r\u00e9sultats favorables.<\/div>\n<div>\u00ab\u00a0Nous allons faire en sorte que dans les 31 r\u00e9gions, les activit\u00e9s d&rsquo;orpaillage se d\u00e9roulent ou se fassent de fa\u00e7on l\u00e9gale, coordonn\u00e9e tout en respectant l&rsquo;environnement et les \u00e9cosyst\u00e8mes d\u00e9grad\u00e9es\u00a0\u00bb, a-t-il assur\u00e9.<\/div>\n<div><\/div>\n<div><\/div>\n<div>Pour sa part, le Pr\u00e9sident de l&rsquo;ONG AEIE, M.Raymond K. Bohoussou a affirm\u00e9 que ce partenariat avec ALP est un \u00ab\u00a0pacte de responsabilit\u00e9\u00a0\u00bb envers les futures g\u00e9n\u00e9rations.<\/div>\n<div><\/div>\n<div>Cet accord aura, selon lui, plusieurs b\u00e9n\u00e9ficies pour les populations : l&#8217;employabilit\u00e9, la mise en place des projets AGR(Activit\u00e9s G\u00e9n\u00e9ratrices de revenus) au profit des communaut\u00e9s locales.<\/div>\n<div><\/div>\n<div>\u00ab\u00a0A travers cet accord-cadre, on va donner un nouveau sourire \u00e0 certaines communaut\u00e9s dans lesquels l&rsquo;activit\u00e9 d&rsquo;orpaillage a fortement Impact\u00e9, transformer les obstacles de l&rsquo;orpaillage en opportunit\u00e9s d&#8217;emploi brut\u00a0\u00bb, a fait savoir le Pr\u00e9sident de l&rsquo;ONG AEIE, qui a assur\u00e9 qu&rsquo;un comit\u00e9 conjoint de suivi ax\u00e9 sur la restauration des terres, la transition \u00e9cologique, ainsi que la sensibilisation des communaut\u00e9s locales,\u00a0 est mis en place pour continuer la durabilit\u00e9 du projet.<\/div>\n<div><\/div>\n<div>Notons que cette collaboration structur\u00e9e repose sur plusieurs piliers, notamment la cartographie des terres d\u00e9grad\u00e9es, l&rsquo;inclusion sociale, l&rsquo;\u00e9ducation environnementale, la mobilisation des ressources et partenariats strat\u00e9giques, le plaidoyer des politiques publiques efficaces, etc.<\/div>\n<div><\/div>\n<div>Lanc\u00e9 \u00e0 la suite de la COP15 de 2022 et dot\u00e9 d&rsquo;un budget de 2,7 milliards de USD, rappelle-t-on, ALP entend restaurer 20% du couvert forestier national d&rsquo;ici 2030. Il s&rsquo;inscrit dans une strat\u00e9gie nationale int\u00e9gr\u00e9e qui combine restauration \u00e9cologique, s\u00e9curit\u00e9 alimentaire et cr\u00e9ation d&#8217;emplois durables, en r\u00e9ponse aux d\u00e9fis majeurs de d\u00e9gradation des terres, notamment ceux pos\u00e9s par l&rsquo;orpaillage ill\u00e9gal, lequel constitue une menace critique \u00e0 travers la d\u00e9forestation, la pollution des eaux et l&rsquo;appauvrissement des sols agricoles.<\/div>\n<div><\/div>\n<div>Il pr\u00e9voit la r\u00e9habilitation de 4 500 ha de terres par l&rsquo;orpaillage ill\u00e9gal selon une approche progressive d\u00e9butant par une cartographie exhaustive des 31 r\u00e9gions du pays.<\/div>\n<div><\/div>\n<div><\/div>\n<div><\/div>\n<div><b>S.A.<\/b><\/div>\n","protected":false},"excerpt":{"rendered":"<p>Dans le cadre de la mise en \u0153uvre de ses objectifs strat\u00e9giques, l&rsquo;unit\u00e9 de Coordination du Programme d\u00e9nomm\u00e9 Abidjan Legacy Programm(ALP) a sign\u00e9, ce mardi 22 juillet 2025, \u00e0 Abidjan-Cocody, un accord de coop\u00e9ration avec l&rsquo;ONG \u00e0 but non lucratif, Agir pour l&rsquo;Environnement dans les Industries Extractives (AEIE). Ce partenariat, qui est sur une dur\u00e9e [&hellip;]<\/p>\n","protected":false},"author":2,"featured_media":7428,"comment_status":"closed","ping_status":"closed","sticky":false,"template":"","format":"standard","meta":{"_acf_changed":false,"footnotes":""},"categories":[],"tags":[12],"class_list":["post-7423","post","type-post","status-publish","format-standard","has-post-thumbnail","hentry","tag-societe"],"acf":[],"yoast_head":"<!-- This site is optimized with the Yoast SEO plugin v27.5 - https:\/\/yoast.com\/product\/yoast-seo-wordpress\/ -->\n<title>Lutte contre l&#039;orpaillage ill\u00e9gal et la d\u00e9gradation des terres : signature \u00e0 Abidjan d&#039;une convention entre Abidjan Legacy Program et l&#039;ONG AEIE\u00a0 - Amanien| L&#039;actualit\u00e9 Ivoirienne et Internationale<\/title>\n<meta name=\"robots\" content=\"index, follow, max-snippet:-1, max-image-preview:large, max-video-preview:-1\" \/>\n<link rel=\"canonical\" href=\"https:\/\/www.amanien.info\/news\/lutte-contre-lorpaillage-illegal-et-la-degradation-des-terres-signature-a-abidjan-dune-convention-entre-abidjan-legacy-program-et-long-aeie\/\" \/>\n<meta property=\"og:locale\" content=\"fr_FR\" \/>\n<meta property=\"og:type\" content=\"article\" \/>\n<meta property=\"og:title\" content=\"Lutte contre l&#039;orpaillage ill\u00e9gal et la d\u00e9gradation des terres : signature \u00e0 Abidjan d&#039;une convention entre Abidjan Legacy Program et l&#039;ONG AEIE\u00a0 - Amanien| L&#039;actualit\u00e9 Ivoirienne et Internationale\" \/>\n<meta property=\"og:description\" content=\"Dans le cadre de la mise en \u0153uvre de ses objectifs strat\u00e9giques, l&rsquo;unit\u00e9 de Coordination du Programme d\u00e9nomm\u00e9 Abidjan Legacy Programm(ALP) a sign\u00e9, ce mardi 22 juillet 2025, \u00e0 Abidjan-Cocody, un accord de coop\u00e9ration avec l&rsquo;ONG \u00e0 but non lucratif, Agir pour l&rsquo;Environnement dans les Industries Extractives (AEIE). Ce partenariat, qui est sur une dur\u00e9e [&hellip;]\" \/>\n<meta property=\"og:url\" content=\"https:\/\/www.amanien.info\/news\/lutte-contre-lorpaillage-illegal-et-la-degradation-des-terres-signature-a-abidjan-dune-convention-entre-abidjan-legacy-program-et-long-aeie\/\" \/>\n<meta property=\"og:site_name\" content=\"Amanien| L&#039;actualit\u00e9 Ivoirienne et Internationale\" \/>\n<meta property=\"article:published_time\" content=\"2025-07-22T18:28:07+00:00\" \/>\n<meta property=\"og:image\" content=\"https:\/\/www.amanien.info\/news\/wp-content\/uploads\/2025\/07\/IMG_20250722_115417_804-2-scaled.jpg\" \/>\n\t<meta property=\"og:image:width\" content=\"2560\" \/>\n\t<meta property=\"og:image:height\" content=\"1920\" \/>\n\t<meta property=\"og:image:type\" content=\"image\/jpeg\" \/>\n<meta name=\"author\" content=\"Germain Ndri\" \/>\n<meta name=\"twitter:card\" content=\"summary_large_image\" \/>\n<meta name=\"twitter:label1\" content=\"\u00c9crit par\" \/>\n\t<meta name=\"twitter:data1\" content=\"Germain Ndri\" \/>\n\t<meta name=\"twitter:label2\" content=\"Dur\u00e9e de lecture estim\u00e9e\" \/>\n\t<meta name=\"twitter:data2\" content=\"4 minutes\" \/>\n<script type=\"application\/ld+json\" class=\"yoast-schema-graph\">{\"@context\":\"https:\\\/\\\/schema.org\",\"@graph\":[{\"@type\":\"Article\",\"@id\":\"https:\\\/\\\/www.amanien.info\\\/news\\\/lutte-contre-lorpaillage-illegal-et-la-degradation-des-terres-signature-a-abidjan-dune-convention-entre-abidjan-legacy-program-et-long-aeie\\\/#article\",\"isPartOf\":{\"@id\":\"https:\\\/\\\/www.amanien.info\\\/news\\\/lutte-contre-lorpaillage-illegal-et-la-degradation-des-terres-signature-a-abidjan-dune-convention-entre-abidjan-legacy-program-et-long-aeie\\\/\"},\"author\":{\"name\":\"Germain Ndri\",\"@id\":\"https:\\\/\\\/www.amanien.info\\\/news\\\/#\\\/schema\\\/person\\\/b21093345753a1a98242d505bd894f42\"},\"headline\":\"Lutte contre l&rsquo;orpaillage ill\u00e9gal et la d\u00e9gradation des terres : signature \u00e0 Abidjan d&rsquo;une convention entre Abidjan Legacy Program et l&rsquo;ONG AEIE\u00a0\",\"datePublished\":\"2025-07-22T18:28:07+00:00\",\"mainEntityOfPage\":{\"@id\":\"https:\\\/\\\/www.amanien.info\\\/news\\\/lutte-contre-lorpaillage-illegal-et-la-degradation-des-terres-signature-a-abidjan-dune-convention-entre-abidjan-legacy-program-et-long-aeie\\\/\"},\"wordCount\":723,\"image\":{\"@id\":\"https:\\\/\\\/www.amanien.info\\\/news\\\/lutte-contre-lorpaillage-illegal-et-la-degradation-des-terres-signature-a-abidjan-dune-convention-entre-abidjan-legacy-program-et-long-aeie\\\/#primaryimage\"},\"thumbnailUrl\":\"https:\\\/\\\/www.amanien.info\\\/news\\\/wp-content\\\/uploads\\\/2025\\\/07\\\/IMG_20250722_115417_804-2-scaled.jpg\",\"keywords\":[\"Soci\u00e9t\u00e9\"],\"inLanguage\":\"fr-FR\"},{\"@type\":\"WebPage\",\"@id\":\"https:\\\/\\\/www.amanien.info\\\/news\\\/lutte-contre-lorpaillage-illegal-et-la-degradation-des-terres-signature-a-abidjan-dune-convention-entre-abidjan-legacy-program-et-long-aeie\\\/\",\"url\":\"https:\\\/\\\/www.amanien.info\\\/news\\\/lutte-contre-lorpaillage-illegal-et-la-degradation-des-terres-signature-a-abidjan-dune-convention-entre-abidjan-legacy-program-et-long-aeie\\\/\",\"name\":\"Lutte contre l'orpaillage ill\u00e9gal et la d\u00e9gradation des terres : signature \u00e0 Abidjan d'une convention entre Abidjan Legacy Program et l'ONG AEIE\u00a0 - Amanien| L&#039;actualit\u00e9 Ivoirienne et Internationale\",\"isPartOf\":{\"@id\":\"https:\\\/\\\/www.amanien.info\\\/news\\\/#website\"},\"primaryImageOfPage\":{\"@id\":\"https:\\\/\\\/www.amanien.info\\\/news\\\/lutte-contre-lorpaillage-illegal-et-la-degradation-des-terres-signature-a-abidjan-dune-convention-entre-abidjan-legacy-program-et-long-aeie\\\/#primaryimage\"},\"image\":{\"@id\":\"https:\\\/\\\/www.amanien.info\\\/news\\\/lutte-contre-lorpaillage-illegal-et-la-degradation-des-terres-signature-a-abidjan-dune-convention-entre-abidjan-legacy-program-et-long-aeie\\\/#primaryimage\"},\"thumbnailUrl\":\"https:\\\/\\\/www.amanien.info\\\/news\\\/wp-content\\\/uploads\\\/2025\\\/07\\\/IMG_20250722_115417_804-2-scaled.jpg\",\"datePublished\":\"2025-07-22T18:28:07+00:00\",\"author\":{\"@id\":\"https:\\\/\\\/www.amanien.info\\\/news\\\/#\\\/schema\\\/person\\\/b21093345753a1a98242d505bd894f42\"},\"breadcrumb\":{\"@id\":\"https:\\\/\\\/www.amanien.info\\\/news\\\/lutte-contre-lorpaillage-illegal-et-la-degradation-des-terres-signature-a-abidjan-dune-convention-entre-abidjan-legacy-program-et-long-aeie\\\/#breadcrumb\"},\"inLanguage\":\"fr-FR\",\"potentialAction\":[{\"@type\":\"ReadAction\",\"target\":[\"https:\\\/\\\/www.amanien.info\\\/news\\\/lutte-contre-lorpaillage-illegal-et-la-degradation-des-terres-signature-a-abidjan-dune-convention-entre-abidjan-legacy-program-et-long-aeie\\\/\"]}]},{\"@type\":\"ImageObject\",\"inLanguage\":\"fr-FR\",\"@id\":\"https:\\\/\\\/www.amanien.info\\\/news\\\/lutte-contre-lorpaillage-illegal-et-la-degradation-des-terres-signature-a-abidjan-dune-convention-entre-abidjan-legacy-program-et-long-aeie\\\/#primaryimage\",\"url\":\"https:\\\/\\\/www.amanien.info\\\/news\\\/wp-content\\\/uploads\\\/2025\\\/07\\\/IMG_20250722_115417_804-2-scaled.jpg\",\"contentUrl\":\"https:\\\/\\\/www.amanien.info\\\/news\\\/wp-content\\\/uploads\\\/2025\\\/07\\\/IMG_20250722_115417_804-2-scaled.jpg\",\"width\":2560,\"height\":1920},{\"@type\":\"BreadcrumbList\",\"@id\":\"https:\\\/\\\/www.amanien.info\\\/news\\\/lutte-contre-lorpaillage-illegal-et-la-degradation-des-terres-signature-a-abidjan-dune-convention-entre-abidjan-legacy-program-et-long-aeie\\\/#breadcrumb\",\"itemListElement\":[{\"@type\":\"ListItem\",\"position\":1,\"name\":\"Accueil\",\"item\":\"https:\\\/\\\/www.amanien.info\\\/news\\\/\"},{\"@type\":\"ListItem\",\"position\":2,\"name\":\"Lutte contre l&rsquo;orpaillage ill\u00e9gal et la d\u00e9gradation des terres : signature \u00e0 Abidjan d&rsquo;une convention entre Abidjan Legacy Program et l&rsquo;ONG AEIE\u00a0\"}]},{\"@type\":\"WebSite\",\"@id\":\"https:\\\/\\\/www.amanien.info\\\/news\\\/#website\",\"url\":\"https:\\\/\\\/www.amanien.info\\\/news\\\/\",\"name\":\"Amanien| L&#039;actualit\u00e9 Ivoirienne et Internationale\",\"description\":\"L&#039;actualit\u00e9 Ivoirienne et Internationale\",\"potentialAction\":[{\"@type\":\"SearchAction\",\"target\":{\"@type\":\"EntryPoint\",\"urlTemplate\":\"https:\\\/\\\/www.amanien.info\\\/news\\\/?s={search_term_string}\"},\"query-input\":{\"@type\":\"PropertyValueSpecification\",\"valueRequired\":true,\"valueName\":\"search_term_string\"}}],\"inLanguage\":\"fr-FR\"},{\"@type\":\"Person\",\"@id\":\"https:\\\/\\\/www.amanien.info\\\/news\\\/#\\\/schema\\\/person\\\/b21093345753a1a98242d505bd894f42\",\"name\":\"Germain Ndri\",\"url\":\"https:\\\/\\\/www.amanien.info\\\/news\\\/author\\\/amanien-infos\\\/\"}]}<\/script>\n<!-- \/ Yoast SEO plugin. -->","yoast_head_json":{"title":"Lutte contre l'orpaillage ill\u00e9gal et la d\u00e9gradation des terres : signature \u00e0 Abidjan d'une convention entre Abidjan Legacy Program et l'ONG AEIE\u00a0 - Amanien| L&#039;actualit\u00e9 Ivoirienne et Internationale","robots":{"index":"index","follow":"follow","max-snippet":"max-snippet:-1","max-image-preview":"max-image-preview:large","max-video-preview":"max-video-preview:-1"},"canonical":"https:\/\/www.amanien.info\/news\/lutte-contre-lorpaillage-illegal-et-la-degradation-des-terres-signature-a-abidjan-dune-convention-entre-abidjan-legacy-program-et-long-aeie\/","og_locale":"fr_FR","og_type":"article","og_title":"Lutte contre l'orpaillage ill\u00e9gal et la d\u00e9gradation des terres : signature \u00e0 Abidjan d'une convention entre Abidjan Legacy Program et l'ONG AEIE\u00a0 - Amanien| L&#039;actualit\u00e9 Ivoirienne et Internationale","og_description":"Dans le cadre de la mise en \u0153uvre de ses objectifs strat\u00e9giques, l&rsquo;unit\u00e9 de Coordination du Programme d\u00e9nomm\u00e9 Abidjan Legacy Programm(ALP) a sign\u00e9, ce mardi 22 juillet 2025, \u00e0 Abidjan-Cocody, un accord de coop\u00e9ration avec l&rsquo;ONG \u00e0 but non lucratif, Agir pour l&rsquo;Environnement dans les Industries Extractives (AEIE). Ce partenariat, qui est sur une dur\u00e9e [&hellip;]","og_url":"https:\/\/www.amanien.info\/news\/lutte-contre-lorpaillage-illegal-et-la-degradation-des-terres-signature-a-abidjan-dune-convention-entre-abidjan-legacy-program-et-long-aeie\/","og_site_name":"Amanien| L&#039;actualit\u00e9 Ivoirienne et Internationale","article_published_time":"2025-07-22T18:28:07+00:00","og_image":[{"width":2560,"height":1920,"url":"https:\/\/www.amanien.info\/news\/wp-content\/uploads\/2025\/07\/IMG_20250722_115417_804-2-scaled.jpg","type":"image\/jpeg"}],"author":"Germain Ndri","twitter_card":"summary_large_image","twitter_misc":{"\u00c9crit par":"Germain Ndri","Dur\u00e9e de lecture estim\u00e9e":"4 minutes"},"schema":{"@context":"https:\/\/schema.org","@graph":[{"@type":"Article","@id":"https:\/\/www.amanien.info\/news\/lutte-contre-lorpaillage-illegal-et-la-degradation-des-terres-signature-a-abidjan-dune-convention-entre-abidjan-legacy-program-et-long-aeie\/#article","isPartOf":{"@id":"https:\/\/www.amanien.info\/news\/lutte-contre-lorpaillage-illegal-et-la-degradation-des-terres-signature-a-abidjan-dune-convention-entre-abidjan-legacy-program-et-long-aeie\/"},"author":{"name":"Germain Ndri","@id":"https:\/\/www.amanien.info\/news\/#\/schema\/person\/b21093345753a1a98242d505bd894f42"},"headline":"Lutte contre l&rsquo;orpaillage ill\u00e9gal et la d\u00e9gradation des terres : signature \u00e0 Abidjan d&rsquo;une convention entre Abidjan Legacy Program et l&rsquo;ONG AEIE\u00a0","datePublished":"2025-07-22T18:28:07+00:00","mainEntityOfPage":{"@id":"https:\/\/www.amanien.info\/news\/lutte-contre-lorpaillage-illegal-et-la-degradation-des-terres-signature-a-abidjan-dune-convention-entre-abidjan-legacy-program-et-long-aeie\/"},"wordCount":723,"image":{"@id":"https:\/\/www.amanien.info\/news\/lutte-contre-lorpaillage-illegal-et-la-degradation-des-terres-signature-a-abidjan-dune-convention-entre-abidjan-legacy-program-et-long-aeie\/#primaryimage"},"thumbnailUrl":"https:\/\/www.amanien.info\/news\/wp-content\/uploads\/2025\/07\/IMG_20250722_115417_804-2-scaled.jpg","keywords":["Soci\u00e9t\u00e9"],"inLanguage":"fr-FR"},{"@type":"WebPage","@id":"https:\/\/www.amanien.info\/news\/lutte-contre-lorpaillage-illegal-et-la-degradation-des-terres-signature-a-abidjan-dune-convention-entre-abidjan-legacy-program-et-long-aeie\/","url":"https:\/\/www.amanien.info\/news\/lutte-contre-lorpaillage-illegal-et-la-degradation-des-terres-signature-a-abidjan-dune-convention-entre-abidjan-legacy-program-et-long-aeie\/","name":"Lutte contre l'orpaillage ill\u00e9gal et la d\u00e9gradation des terres : signature \u00e0 Abidjan d'une convention entre Abidjan Legacy Program et l'ONG AEIE\u00a0 - Amanien| L&#039;actualit\u00e9 Ivoirienne et Internationale","isPartOf":{"@id":"https:\/\/www.amanien.info\/news\/#website"},"primaryImageOfPage":{"@id":"https:\/\/www.amanien.info\/news\/lutte-contre-lorpaillage-illegal-et-la-degradation-des-terres-signature-a-abidjan-dune-convention-entre-abidjan-legacy-program-et-long-aeie\/#primaryimage"},"image":{"@id":"https:\/\/www.amanien.info\/news\/lutte-contre-lorpaillage-illegal-et-la-degradation-des-terres-signature-a-abidjan-dune-convention-entre-abidjan-legacy-program-et-long-aeie\/#primaryimage"},"thumbnailUrl":"https:\/\/www.amanien.info\/news\/wp-content\/uploads\/2025\/07\/IMG_20250722_115417_804-2-scaled.jpg","datePublished":"2025-07-22T18:28:07+00:00","author":{"@id":"https:\/\/www.amanien.info\/news\/#\/schema\/person\/b21093345753a1a98242d505bd894f42"},"breadcrumb":{"@id":"https:\/\/www.amanien.info\/news\/lutte-contre-lorpaillage-illegal-et-la-degradation-des-terres-signature-a-abidjan-dune-convention-entre-abidjan-legacy-program-et-long-aeie\/#breadcrumb"},"inLanguage":"fr-FR","potentialAction":[{"@type":"ReadAction","target":["https:\/\/www.amanien.info\/news\/lutte-contre-lorpaillage-illegal-et-la-degradation-des-terres-signature-a-abidjan-dune-convention-entre-abidjan-legacy-program-et-long-aeie\/"]}]},{"@type":"ImageObject","inLanguage":"fr-FR","@id":"https:\/\/www.amanien.info\/news\/lutte-contre-lorpaillage-illegal-et-la-degradation-des-terres-signature-a-abidjan-dune-convention-entre-abidjan-legacy-program-et-long-aeie\/#primaryimage","url":"https:\/\/www.amanien.info\/news\/wp-content\/uploads\/2025\/07\/IMG_20250722_115417_804-2-scaled.jpg","contentUrl":"https:\/\/www.amanien.info\/news\/wp-content\/uploads\/2025\/07\/IMG_20250722_115417_804-2-scaled.jpg","width":2560,"height":1920},{"@type":"BreadcrumbList","@id":"https:\/\/www.amanien.info\/news\/lutte-contre-lorpaillage-illegal-et-la-degradation-des-terres-signature-a-abidjan-dune-convention-entre-abidjan-legacy-program-et-long-aeie\/#breadcrumb","itemListElement":[{"@type":"ListItem","position":1,"name":"Accueil","item":"https:\/\/www.amanien.info\/news\/"},{"@type":"ListItem","position":2,"name":"Lutte contre l&rsquo;orpaillage ill\u00e9gal et la d\u00e9gradation des terres : signature \u00e0 Abidjan d&rsquo;une convention entre Abidjan Legacy Program et l&rsquo;ONG AEIE\u00a0"}]},{"@type":"WebSite","@id":"https:\/\/www.amanien.info\/news\/#website","url":"https:\/\/www.amanien.info\/news\/","name":"Amanien| L&#039;actualit\u00e9 Ivoirienne et Internationale","description":"L&#039;actualit\u00e9 Ivoirienne et Internationale","potentialAction":[{"@type":"SearchAction","target":{"@type":"EntryPoint","urlTemplate":"https:\/\/www.amanien.info\/news\/?s={search_term_string}"},"query-input":{"@type":"PropertyValueSpecification","valueRequired":true,"valueName":"search_term_string"}}],"inLanguage":"fr-FR"},{"@type":"Person","@id":"https:\/\/www.amanien.info\/news\/#\/schema\/person\/b21093345753a1a98242d505bd894f42","name":"Germain Ndri","url":"https:\/\/www.amanien.info\/news\/author\/amanien-infos\/"}]}},"_links":{"self":[{"href":"https:\/\/www.amanien.info\/news\/wp-json\/wp\/v2\/posts\/7423","targetHints":{"allow":["GET"]}}],"collection":[{"href":"https:\/\/www.amanien.info\/news\/wp-json\/wp\/v2\/posts"}],"about":[{"href":"https:\/\/www.amanien.info\/news\/wp-json\/wp\/v2\/types\/post"}],"author":[{"embeddable":true,"href":"https:\/\/www.amanien.info\/news\/wp-json\/wp\/v2\/users\/2"}],"replies":[{"embeddable":true,"href":"https:\/\/www.amanien.info\/news\/wp-json\/wp\/v2\/comments?post=7423"}],"version-history":[{"count":1,"href":"https:\/\/www.amanien.info\/news\/wp-json\/wp\/v2\/posts\/7423\/revisions"}],"predecessor-version":[{"id":7429,"href":"https:\/\/www.amanien.info\/news\/wp-json\/wp\/v2\/posts\/7423\/revisions\/7429"}],"wp:featuredmedia":[{"embeddable":true,"href":"https:\/\/www.amanien.info\/news\/wp-json\/wp\/v2\/media\/7428"}],"wp:attachment":[{"href":"https:\/\/www.amanien.info\/news\/wp-json\/wp\/v2\/media?parent=7423"}],"wp:term":[{"taxonomy":"category","embeddable":true,"href":"https:\/\/www.amanien.info\/news\/wp-json\/wp\/v2\/categories?post=7423"},{"taxonomy":"post_tag","embeddable":true,"href":"https:\/\/www.amanien.info\/news\/wp-json\/wp\/v2\/tags?post=7423"}],"curies":[{"name":"wp","href":"https:\/\/api.w.org\/{rel}","templated":true}]}}