{"id":7364,"date":"2025-06-15T16:35:41","date_gmt":"2025-06-15T16:35:41","guid":{"rendered":"https:\/\/www.amanien.info\/news\/?p=7364"},"modified":"2025-06-15T16:41:16","modified_gmt":"2025-06-15T16:41:16","slug":"7364-2","status":"publish","type":"post","link":"https:\/\/www.amanien.info\/news\/7364-2\/","title":{"rendered":"Ouverture de la deuxi\u00e8me \u00e9dition d&rsquo;Abidjan Market : les jeunes entrepreneurs exhort\u00e9s \u00e0 la promotion des produits locaux\u00a0"},"content":{"rendered":"<div><span style=\"text-transform: initial;\">La deuxi\u00e8me \u00e9dition de la Foire Commerciale et culturelle des march\u00e9s d&rsquo;Abidjan (Abidjan Market 2025) a ouvert ses portes, le vendredi 13 juin 2025, au parking de SANgel sis \u00e0 Yopougon-Sable, autour du th\u00e8me principal : \u00ab\u00a0Innover pour nourrir durablement\u00a0\u00bb.\u00a0<\/span><\/div>\n<div><\/div>\n<div><\/div>\n<div>C&rsquo;\u00e9taient en pr\u00e9sence de plusieurs entrepreneurs locaux, des sponsors et partenaires.<\/div>\n<div><\/div>\n<div>Organis\u00e9e par Max Prestations en collaboration avec l&rsquo;entreprise SANgel, la Foire Commerciale et culturelle des march\u00e9s d&rsquo;Abidjan est une plateforme d&rsquo;expression qui permet aux jeunes entrepreneurs de d\u00e9velopper l&rsquo;image de leurs marques, de se retrouver en r\u00e9seaux, a indiqu\u00e9 Mme Godo Eva, Initiatrice d&rsquo; Abidjan Market, pr\u00e9cisant que l&rsquo;objectif de cette Foire est de mettre en avant nos entrepreneurs locaux et leur savoir-faire, nos talents ainsi que notre diversit\u00e9 culturelle.<\/div>\n<div><\/div>\n<div><\/div>\n<div><\/div>\n<div>Elle a \u00e9galement exhort\u00e9, \u00e0 cette occasion, les jeunes ivoiriens, qui d\u00e9sirent s&rsquo;engager dans ce domaine, \u00e0 \u00ab\u00a0avoir le courage\u00a0\u00bb. Car, l&rsquo;entrepreneuriat local est sur fond propre.<\/div>\n<div><\/div>\n<div>Mme Eva Godo n&rsquo;a pas manqu\u00e9 d&rsquo;inviter les populations \u00e0 venir visiter cette Foire et \u00e0 d\u00e9couvrir ces produits locaux \u00e0 moindre co\u00fbt.<\/div>\n<div><\/div>\n<div><\/div>\n<div>La marraine d&rsquo;Abidjan Market 2025, par ailleurs Conseill\u00e8re municipale, Mme KABA Fatoumata, a, pour sa part, salu\u00e9 cette initiative.<\/div>\n<div>\u00ab\u00a0Cette Foire est une tr\u00e8s belle initiative parce qu&rsquo;elle va permettre aux populations de s&rsquo;approvisionner non seulement des produits locaux de qualit\u00e9 mais \u00e9galement \u00e0 moindre co\u00fbt\u00a0\u00bb, a-t-il soulign\u00e9, en la f\u00e9licitant.<\/div>\n<div><\/div>\n<div>Notons que plusieurs activit\u00e9s telles que des formations en agro-alimentaire, l&#8217;emballage, des expositions vente, des danses traditionnelles, la d\u00e9couverte des produits locaux, les prestations artistiques, les d\u00e9gustations des produits locaux, des spectacles culturels, des jeux concours, etc rythmeront ces trois jours de moments festifs (13, 14 et 15 juin).<\/div>\n<div>Plus de 60 exposants et 2000 visiteurs y participent.<\/div>\n<div><\/div>\n<div>A travers cette Foire, l&rsquo;entreprise Max Prestations entend promouvoir les produits locaux et rendre accessible des denr\u00e9es alimentaires aux populations, dynamiser l&rsquo;\u00e9conomie locale, promouvoir les richesses et les talents culturelles, renforcer les relations d&rsquo;affaires, promouvoir les entreprises agro-alimentaires et lutter contre la chert\u00e9 de la vie.<\/div>\n<div><\/div>\n<div><\/div>\n<div><b>S.A.<\/b><\/div>\n","protected":false},"excerpt":{"rendered":"<p>La deuxi\u00e8me \u00e9dition de la Foire Commerciale et culturelle des march\u00e9s d&rsquo;Abidjan (Abidjan Market 2025) a ouvert ses portes, le vendredi 13 juin 2025, au parking de SANgel sis \u00e0 Yopougon-Sable, autour du th\u00e8me principal : \u00ab\u00a0Innover pour nourrir durablement\u00a0\u00bb.\u00a0 C&rsquo;\u00e9taient en pr\u00e9sence de plusieurs entrepreneurs locaux, des sponsors et partenaires. Organis\u00e9e par Max Prestations [&hellip;]<\/p>\n","protected":false},"author":2,"featured_media":7365,"comment_status":"closed","ping_status":"closed","sticky":false,"template":"","format":"standard","meta":{"_acf_changed":false,"footnotes":""},"categories":[5],"tags":[],"class_list":["post-7364","post","type-post","status-publish","format-standard","has-post-thumbnail","hentry","category-economie"],"acf":[],"yoast_head":"<!-- This site is optimized with the Yoast SEO plugin v27.5 - https:\/\/yoast.com\/product\/yoast-seo-wordpress\/ -->\n<title>Ouverture de la deuxi\u00e8me \u00e9dition d&#039;Abidjan Market : les jeunes entrepreneurs exhort\u00e9s \u00e0 la promotion des produits locaux\u00a0 - Amanien| L&#039;actualit\u00e9 Ivoirienne et Internationale<\/title>\n<meta name=\"robots\" content=\"index, follow, max-snippet:-1, max-image-preview:large, max-video-preview:-1\" \/>\n<link rel=\"canonical\" href=\"https:\/\/www.amanien.info\/news\/7364-2\/\" \/>\n<meta property=\"og:locale\" content=\"fr_FR\" \/>\n<meta property=\"og:type\" content=\"article\" \/>\n<meta property=\"og:title\" content=\"Ouverture de la deuxi\u00e8me \u00e9dition d&#039;Abidjan Market : les jeunes entrepreneurs exhort\u00e9s \u00e0 la promotion des produits locaux\u00a0 - Amanien| L&#039;actualit\u00e9 Ivoirienne et Internationale\" \/>\n<meta property=\"og:description\" content=\"La deuxi\u00e8me \u00e9dition de la Foire Commerciale et culturelle des march\u00e9s d&rsquo;Abidjan (Abidjan Market 2025) a ouvert ses portes, le vendredi 13 juin 2025, au parking de SANgel sis \u00e0 Yopougon-Sable, autour du th\u00e8me principal : \u00ab\u00a0Innover pour nourrir durablement\u00a0\u00bb.\u00a0 C&rsquo;\u00e9taient en pr\u00e9sence de plusieurs entrepreneurs locaux, des sponsors et partenaires. Organis\u00e9e par Max Prestations [&hellip;]\" \/>\n<meta property=\"og:url\" content=\"https:\/\/www.amanien.info\/news\/7364-2\/\" \/>\n<meta property=\"og:site_name\" content=\"Amanien| L&#039;actualit\u00e9 Ivoirienne et Internationale\" \/>\n<meta property=\"article:published_time\" content=\"2025-06-15T16:35:41+00:00\" \/>\n<meta property=\"article:modified_time\" content=\"2025-06-15T16:41:16+00:00\" \/>\n<meta property=\"og:image\" content=\"https:\/\/www.amanien.info\/news\/wp-content\/uploads\/2025\/06\/IMG-20250613-WA0098.jpg\" \/>\n\t<meta property=\"og:image:width\" content=\"1016\" \/>\n\t<meta property=\"og:image:height\" content=\"762\" \/>\n\t<meta property=\"og:image:type\" content=\"image\/jpeg\" \/>\n<meta name=\"author\" content=\"Germain Ndri\" \/>\n<meta name=\"twitter:card\" content=\"summary_large_image\" \/>\n<meta name=\"twitter:label1\" content=\"\u00c9crit par\" \/>\n\t<meta name=\"twitter:data1\" content=\"Germain Ndri\" \/>\n\t<meta name=\"twitter:label2\" content=\"Dur\u00e9e de lecture estim\u00e9e\" \/>\n\t<meta name=\"twitter:data2\" content=\"2 minutes\" \/>\n<script type=\"application\/ld+json\" class=\"yoast-schema-graph\">{\"@context\":\"https:\\\/\\\/schema.org\",\"@graph\":[{\"@type\":\"Article\",\"@id\":\"https:\\\/\\\/www.amanien.info\\\/news\\\/7364-2\\\/#article\",\"isPartOf\":{\"@id\":\"https:\\\/\\\/www.amanien.info\\\/news\\\/7364-2\\\/\"},\"author\":{\"name\":\"Germain Ndri\",\"@id\":\"https:\\\/\\\/www.amanien.info\\\/news\\\/#\\\/schema\\\/person\\\/b21093345753a1a98242d505bd894f42\"},\"headline\":\"Ouverture de la deuxi\u00e8me \u00e9dition d&rsquo;Abidjan Market : les jeunes entrepreneurs exhort\u00e9s \u00e0 la promotion des produits locaux\u00a0\",\"datePublished\":\"2025-06-15T16:35:41+00:00\",\"dateModified\":\"2025-06-15T16:41:16+00:00\",\"mainEntityOfPage\":{\"@id\":\"https:\\\/\\\/www.amanien.info\\\/news\\\/7364-2\\\/\"},\"wordCount\":368,\"image\":{\"@id\":\"https:\\\/\\\/www.amanien.info\\\/news\\\/7364-2\\\/#primaryimage\"},\"thumbnailUrl\":\"https:\\\/\\\/www.amanien.info\\\/news\\\/wp-content\\\/uploads\\\/2025\\\/06\\\/IMG-20250613-WA0098.jpg\",\"articleSection\":[\"Economie\"],\"inLanguage\":\"fr-FR\"},{\"@type\":\"WebPage\",\"@id\":\"https:\\\/\\\/www.amanien.info\\\/news\\\/7364-2\\\/\",\"url\":\"https:\\\/\\\/www.amanien.info\\\/news\\\/7364-2\\\/\",\"name\":\"Ouverture de la deuxi\u00e8me \u00e9dition d'Abidjan Market : les jeunes entrepreneurs exhort\u00e9s \u00e0 la promotion des produits locaux\u00a0 - Amanien| L&#039;actualit\u00e9 Ivoirienne et Internationale\",\"isPartOf\":{\"@id\":\"https:\\\/\\\/www.amanien.info\\\/news\\\/#website\"},\"primaryImageOfPage\":{\"@id\":\"https:\\\/\\\/www.amanien.info\\\/news\\\/7364-2\\\/#primaryimage\"},\"image\":{\"@id\":\"https:\\\/\\\/www.amanien.info\\\/news\\\/7364-2\\\/#primaryimage\"},\"thumbnailUrl\":\"https:\\\/\\\/www.amanien.info\\\/news\\\/wp-content\\\/uploads\\\/2025\\\/06\\\/IMG-20250613-WA0098.jpg\",\"datePublished\":\"2025-06-15T16:35:41+00:00\",\"dateModified\":\"2025-06-15T16:41:16+00:00\",\"author\":{\"@id\":\"https:\\\/\\\/www.amanien.info\\\/news\\\/#\\\/schema\\\/person\\\/b21093345753a1a98242d505bd894f42\"},\"breadcrumb\":{\"@id\":\"https:\\\/\\\/www.amanien.info\\\/news\\\/7364-2\\\/#breadcrumb\"},\"inLanguage\":\"fr-FR\",\"potentialAction\":[{\"@type\":\"ReadAction\",\"target\":[\"https:\\\/\\\/www.amanien.info\\\/news\\\/7364-2\\\/\"]}]},{\"@type\":\"ImageObject\",\"inLanguage\":\"fr-FR\",\"@id\":\"https:\\\/\\\/www.amanien.info\\\/news\\\/7364-2\\\/#primaryimage\",\"url\":\"https:\\\/\\\/www.amanien.info\\\/news\\\/wp-content\\\/uploads\\\/2025\\\/06\\\/IMG-20250613-WA0098.jpg\",\"contentUrl\":\"https:\\\/\\\/www.amanien.info\\\/news\\\/wp-content\\\/uploads\\\/2025\\\/06\\\/IMG-20250613-WA0098.jpg\",\"width\":1016,\"height\":762},{\"@type\":\"BreadcrumbList\",\"@id\":\"https:\\\/\\\/www.amanien.info\\\/news\\\/7364-2\\\/#breadcrumb\",\"itemListElement\":[{\"@type\":\"ListItem\",\"position\":1,\"name\":\"Accueil\",\"item\":\"https:\\\/\\\/www.amanien.info\\\/news\\\/\"},{\"@type\":\"ListItem\",\"position\":2,\"name\":\"Ouverture de la deuxi\u00e8me \u00e9dition d&rsquo;Abidjan Market : les jeunes entrepreneurs exhort\u00e9s \u00e0 la promotion des produits locaux\u00a0\"}]},{\"@type\":\"WebSite\",\"@id\":\"https:\\\/\\\/www.amanien.info\\\/news\\\/#website\",\"url\":\"https:\\\/\\\/www.amanien.info\\\/news\\\/\",\"name\":\"Amanien| L&#039;actualit\u00e9 Ivoirienne et Internationale\",\"description\":\"L&#039;actualit\u00e9 Ivoirienne et Internationale\",\"potentialAction\":[{\"@type\":\"SearchAction\",\"target\":{\"@type\":\"EntryPoint\",\"urlTemplate\":\"https:\\\/\\\/www.amanien.info\\\/news\\\/?s={search_term_string}\"},\"query-input\":{\"@type\":\"PropertyValueSpecification\",\"valueRequired\":true,\"valueName\":\"search_term_string\"}}],\"inLanguage\":\"fr-FR\"},{\"@type\":\"Person\",\"@id\":\"https:\\\/\\\/www.amanien.info\\\/news\\\/#\\\/schema\\\/person\\\/b21093345753a1a98242d505bd894f42\",\"name\":\"Germain Ndri\",\"url\":\"https:\\\/\\\/www.amanien.info\\\/news\\\/author\\\/amanien-infos\\\/\"}]}<\/script>\n<!-- \/ Yoast SEO plugin. -->","yoast_head_json":{"title":"Ouverture de la deuxi\u00e8me \u00e9dition d'Abidjan Market : les jeunes entrepreneurs exhort\u00e9s \u00e0 la promotion des produits locaux\u00a0 - Amanien| L&#039;actualit\u00e9 Ivoirienne et Internationale","robots":{"index":"index","follow":"follow","max-snippet":"max-snippet:-1","max-image-preview":"max-image-preview:large","max-video-preview":"max-video-preview:-1"},"canonical":"https:\/\/www.amanien.info\/news\/7364-2\/","og_locale":"fr_FR","og_type":"article","og_title":"Ouverture de la deuxi\u00e8me \u00e9dition d'Abidjan Market : les jeunes entrepreneurs exhort\u00e9s \u00e0 la promotion des produits locaux\u00a0 - Amanien| L&#039;actualit\u00e9 Ivoirienne et Internationale","og_description":"La deuxi\u00e8me \u00e9dition de la Foire Commerciale et culturelle des march\u00e9s d&rsquo;Abidjan (Abidjan Market 2025) a ouvert ses portes, le vendredi 13 juin 2025, au parking de SANgel sis \u00e0 Yopougon-Sable, autour du th\u00e8me principal : \u00ab\u00a0Innover pour nourrir durablement\u00a0\u00bb.\u00a0 C&rsquo;\u00e9taient en pr\u00e9sence de plusieurs entrepreneurs locaux, des sponsors et partenaires. Organis\u00e9e par Max Prestations [&hellip;]","og_url":"https:\/\/www.amanien.info\/news\/7364-2\/","og_site_name":"Amanien| L&#039;actualit\u00e9 Ivoirienne et Internationale","article_published_time":"2025-06-15T16:35:41+00:00","article_modified_time":"2025-06-15T16:41:16+00:00","og_image":[{"width":1016,"height":762,"url":"https:\/\/www.amanien.info\/news\/wp-content\/uploads\/2025\/06\/IMG-20250613-WA0098.jpg","type":"image\/jpeg"}],"author":"Germain Ndri","twitter_card":"summary_large_image","twitter_misc":{"\u00c9crit par":"Germain Ndri","Dur\u00e9e de lecture estim\u00e9e":"2 minutes"},"schema":{"@context":"https:\/\/schema.org","@graph":[{"@type":"Article","@id":"https:\/\/www.amanien.info\/news\/7364-2\/#article","isPartOf":{"@id":"https:\/\/www.amanien.info\/news\/7364-2\/"},"author":{"name":"Germain Ndri","@id":"https:\/\/www.amanien.info\/news\/#\/schema\/person\/b21093345753a1a98242d505bd894f42"},"headline":"Ouverture de la deuxi\u00e8me \u00e9dition d&rsquo;Abidjan Market : les jeunes entrepreneurs exhort\u00e9s \u00e0 la promotion des produits locaux\u00a0","datePublished":"2025-06-15T16:35:41+00:00","dateModified":"2025-06-15T16:41:16+00:00","mainEntityOfPage":{"@id":"https:\/\/www.amanien.info\/news\/7364-2\/"},"wordCount":368,"image":{"@id":"https:\/\/www.amanien.info\/news\/7364-2\/#primaryimage"},"thumbnailUrl":"https:\/\/www.amanien.info\/news\/wp-content\/uploads\/2025\/06\/IMG-20250613-WA0098.jpg","articleSection":["Economie"],"inLanguage":"fr-FR"},{"@type":"WebPage","@id":"https:\/\/www.amanien.info\/news\/7364-2\/","url":"https:\/\/www.amanien.info\/news\/7364-2\/","name":"Ouverture de la deuxi\u00e8me \u00e9dition d'Abidjan Market : les jeunes entrepreneurs exhort\u00e9s \u00e0 la promotion des produits locaux\u00a0 - Amanien| L&#039;actualit\u00e9 Ivoirienne et Internationale","isPartOf":{"@id":"https:\/\/www.amanien.info\/news\/#website"},"primaryImageOfPage":{"@id":"https:\/\/www.amanien.info\/news\/7364-2\/#primaryimage"},"image":{"@id":"https:\/\/www.amanien.info\/news\/7364-2\/#primaryimage"},"thumbnailUrl":"https:\/\/www.amanien.info\/news\/wp-content\/uploads\/2025\/06\/IMG-20250613-WA0098.jpg","datePublished":"2025-06-15T16:35:41+00:00","dateModified":"2025-06-15T16:41:16+00:00","author":{"@id":"https:\/\/www.amanien.info\/news\/#\/schema\/person\/b21093345753a1a98242d505bd894f42"},"breadcrumb":{"@id":"https:\/\/www.amanien.info\/news\/7364-2\/#breadcrumb"},"inLanguage":"fr-FR","potentialAction":[{"@type":"ReadAction","target":["https:\/\/www.amanien.info\/news\/7364-2\/"]}]},{"@type":"ImageObject","inLanguage":"fr-FR","@id":"https:\/\/www.amanien.info\/news\/7364-2\/#primaryimage","url":"https:\/\/www.amanien.info\/news\/wp-content\/uploads\/2025\/06\/IMG-20250613-WA0098.jpg","contentUrl":"https:\/\/www.amanien.info\/news\/wp-content\/uploads\/2025\/06\/IMG-20250613-WA0098.jpg","width":1016,"height":762},{"@type":"BreadcrumbList","@id":"https:\/\/www.amanien.info\/news\/7364-2\/#breadcrumb","itemListElement":[{"@type":"ListItem","position":1,"name":"Accueil","item":"https:\/\/www.amanien.info\/news\/"},{"@type":"ListItem","position":2,"name":"Ouverture de la deuxi\u00e8me \u00e9dition d&rsquo;Abidjan Market : les jeunes entrepreneurs exhort\u00e9s \u00e0 la promotion des produits locaux\u00a0"}]},{"@type":"WebSite","@id":"https:\/\/www.amanien.info\/news\/#website","url":"https:\/\/www.amanien.info\/news\/","name":"Amanien| L&#039;actualit\u00e9 Ivoirienne et Internationale","description":"L&#039;actualit\u00e9 Ivoirienne et Internationale","potentialAction":[{"@type":"SearchAction","target":{"@type":"EntryPoint","urlTemplate":"https:\/\/www.amanien.info\/news\/?s={search_term_string}"},"query-input":{"@type":"PropertyValueSpecification","valueRequired":true,"valueName":"search_term_string"}}],"inLanguage":"fr-FR"},{"@type":"Person","@id":"https:\/\/www.amanien.info\/news\/#\/schema\/person\/b21093345753a1a98242d505bd894f42","name":"Germain Ndri","url":"https:\/\/www.amanien.info\/news\/author\/amanien-infos\/"}]}},"_links":{"self":[{"href":"https:\/\/www.amanien.info\/news\/wp-json\/wp\/v2\/posts\/7364","targetHints":{"allow":["GET"]}}],"collection":[{"href":"https:\/\/www.amanien.info\/news\/wp-json\/wp\/v2\/posts"}],"about":[{"href":"https:\/\/www.amanien.info\/news\/wp-json\/wp\/v2\/types\/post"}],"author":[{"embeddable":true,"href":"https:\/\/www.amanien.info\/news\/wp-json\/wp\/v2\/users\/2"}],"replies":[{"embeddable":true,"href":"https:\/\/www.amanien.info\/news\/wp-json\/wp\/v2\/comments?post=7364"}],"version-history":[{"count":2,"href":"https:\/\/www.amanien.info\/news\/wp-json\/wp\/v2\/posts\/7364\/revisions"}],"predecessor-version":[{"id":7372,"href":"https:\/\/www.amanien.info\/news\/wp-json\/wp\/v2\/posts\/7364\/revisions\/7372"}],"wp:featuredmedia":[{"embeddable":true,"href":"https:\/\/www.amanien.info\/news\/wp-json\/wp\/v2\/media\/7365"}],"wp:attachment":[{"href":"https:\/\/www.amanien.info\/news\/wp-json\/wp\/v2\/media?parent=7364"}],"wp:term":[{"taxonomy":"category","embeddable":true,"href":"https:\/\/www.amanien.info\/news\/wp-json\/wp\/v2\/categories?post=7364"},{"taxonomy":"post_tag","embeddable":true,"href":"https:\/\/www.amanien.info\/news\/wp-json\/wp\/v2\/tags?post=7364"}],"curies":[{"name":"wp","href":"https:\/\/api.w.org\/{rel}","templated":true}]}}