{"id":7360,"date":"2025-06-15T16:29:58","date_gmt":"2025-06-15T16:29:58","guid":{"rendered":"https:\/\/www.amanien.info\/news\/?p=7360"},"modified":"2025-06-15T16:29:58","modified_gmt":"2025-06-15T16:29:58","slug":"insertion-professionnelle-mme-fanta-traore-sacko-dg-du-cabinet-empower-notre-mission-est-de-favoriser-lemployabilite-durable","status":"publish","type":"post","link":"https:\/\/www.amanien.info\/news\/insertion-professionnelle-mme-fanta-traore-sacko-dg-du-cabinet-empower-notre-mission-est-de-favoriser-lemployabilite-durable\/","title":{"rendered":"Insertion professionnelle\/ Mme Fanta Traor\u00e9 Sacko, DG du cabinet Empower :\u00a0\u00bbNotre mission est de favoriser l&#8217;employabilit\u00e9 durable\u00a0\u00bb"},"content":{"rendered":"<div><span style=\"text-transform: initial;\">Le cabinet Empower Talents and Careers, sp\u00e9cialis\u00e9 dans la gestion des ressources humaines, a organis\u00e9 un petit-d\u00e9jeuner de presse,\u00a0 le mercredi 11 juin 2025, dans ses locaux sis \u00e0 Cocody-Angr\u00e9(Abidjan).\u00a0<\/span><\/div>\n<p><!--more--><\/p>\n<div><\/div>\n<div>Au cours de cette rencontre conviviale avec les m\u00e9dias, la Directrice G\u00e9n\u00e9rale dudit cabinet, Mme Fanta Traor\u00e9 Sacko, a d\u00e9voil\u00e9 les missions de sa structure.<\/div>\n<div>\u00ab\u00a0Notre mission est de favoriser l&#8217;employabilit\u00e9 durable. Empower ne se limite pas \u00e0 chercher des profils pour les entreprises ; nous les pr\u00e9parons, nous les formons, nous les \u00e9valuons\u00a0\u00bb, a-t-elle indiqu\u00e9.<\/div>\n<div><\/div>\n<div><\/div>\n<div>Empower met \u00e9galement en place des syst\u00e8mes et des technologies innovantes pour optimiser la gestion des ressources humaines, aider les entreprises \u00e0 optimiser leurs processus de recrutement, de s\u00e9lection et d\u2019int\u00e9gration des talents. Puis de d\u00e9velopper et mettre en \u0153uvre des programmes de formation et de d\u00e9veloppement des comp\u00e9tences pour les employ\u00e9s et fournir des conseils et un soutien en mati\u00e8re de relations professionnelles et de gestion des performances.<\/div>\n<div><\/div>\n<div><\/div>\n<div>Par ailleurs, depuis sa cr\u00e9ation, le Cabinet Empower Talents and Careers s\u2019est donn\u00e9 pour mission de fournir des services complets de gestion externalis\u00e9e des ressources humaines, adapt\u00e9s aux besoins sp\u00e9cifiques de chaque client, g\u00e9rer efficacement les processus administratifs li\u00e9s aux ressources humaines, tels que la paie, les avantages sociaux, les cong\u00e9s et les absences, assurer la conformit\u00e9 aux r\u00e9glementations en mati\u00e8re de travail et de l\u00e9gislation sociale.<\/div>\n<div><\/div>\n<div>De m\u00eame, Mme Fanta Traor\u00e9 Sacko se veut rassurante quant \u00e0 la vision du cabinet. Car Empower Talents and Careers est une voie pour l\u2019Afrique, une voie pour l\u2019emploi des Africains. \u2018\u2019Nous sommes en C\u00f4te d\u2019Ivoire, bien entendu pour l\u2019Afrique parce qu\u2019il faut savoir qu\u2019Empower Talents and Careers ne recrute pas uniquement en C\u00f4te d\u2019Ivoire. On recrute dans la sous-r\u00e9gion. On recrute \u00e9galement dans d\u2019autres r\u00e9gions dans le monde francophone et anglophone. On a vraiment vocation \u00e0 \u00eatre un cabinet africain et international\u2019\u2019, a pr\u00e9cis\u00e9 &lsquo;initiatrice du Forum des stages et de l&#8217;emploi (FODESE).<\/div>\n<div><\/div>\n<div>Cr\u00e9\u00e9 il y a une dizaine d\u2019ann\u00e9es en France, fait-il le rappeler, le Cabinet Empower Talents and Careers est bas\u00e9 en C\u00f4te d\u2019Ivoire. Empower Talents and Careers est leader dans le domaine de chasse de t\u00eate.<\/div>\n<div><\/div>\n<div>La Directrice G\u00e9n\u00e9rale a saisi \u00e9galement cette occasion pour annoncer la 14\u00e8me \u00e9dition du FODESE pr\u00e9vue se tenir du 1er au 04 juillet prochain au bord de la lagune Ebri\u00e9 pr\u00e9cis\u00e9ment Sofitel H\u00f4tel Ivoire d&rsquo;Abidjan-Cocody). Une grande conf\u00e9rence de presse de lancement, qui verra la participation du Ministre de la Promotion de la jeunesse, de l&rsquo;insertion professionnelle et du service civique, Tour\u00e9 Mamadou, sera organis\u00e9e avant la tenue de cette \u00e9dition 2025.<\/div>\n<div><\/div>\n<div><\/div>\n<div><\/div>\n<div><b>S.A<\/b>.<\/div>\n<div><\/div>\n","protected":false},"excerpt":{"rendered":"<p>Le cabinet Empower Talents and Careers, sp\u00e9cialis\u00e9 dans la gestion des ressources humaines, a organis\u00e9 un petit-d\u00e9jeuner de presse,\u00a0 le mercredi 11 juin 2025, dans ses locaux sis \u00e0 Cocody-Angr\u00e9(Abidjan).\u00a0<\/p>\n","protected":false},"author":2,"featured_media":7362,"comment_status":"closed","ping_status":"closed","sticky":false,"template":"","format":"standard","meta":{"_acf_changed":false,"footnotes":""},"categories":[],"tags":[],"class_list":["post-7360","post","type-post","status-publish","format-standard","has-post-thumbnail","hentry"],"acf":[],"yoast_head":"<!-- This site is optimized with the Yoast SEO plugin v27.5 - https:\/\/yoast.com\/product\/yoast-seo-wordpress\/ -->\n<title>Insertion professionnelle\/ Mme Fanta Traor\u00e9 Sacko, DG du cabinet Empower :&quot;Notre mission est de favoriser l&#039;employabilit\u00e9 durable&quot; - Amanien| L&#039;actualit\u00e9 Ivoirienne et Internationale<\/title>\n<meta name=\"robots\" content=\"index, follow, max-snippet:-1, max-image-preview:large, max-video-preview:-1\" \/>\n<link rel=\"canonical\" href=\"https:\/\/www.amanien.info\/news\/insertion-professionnelle-mme-fanta-traore-sacko-dg-du-cabinet-empower-notre-mission-est-de-favoriser-lemployabilite-durable\/\" \/>\n<meta property=\"og:locale\" content=\"fr_FR\" \/>\n<meta property=\"og:type\" content=\"article\" \/>\n<meta property=\"og:title\" content=\"Insertion professionnelle\/ Mme Fanta Traor\u00e9 Sacko, DG du cabinet Empower :&quot;Notre mission est de favoriser l&#039;employabilit\u00e9 durable&quot; - Amanien| L&#039;actualit\u00e9 Ivoirienne et Internationale\" \/>\n<meta property=\"og:description\" content=\"Le cabinet Empower Talents and Careers, sp\u00e9cialis\u00e9 dans la gestion des ressources humaines, a organis\u00e9 un petit-d\u00e9jeuner de presse,\u00a0 le mercredi 11 juin 2025, dans ses locaux sis \u00e0 Cocody-Angr\u00e9(Abidjan).\u00a0\" \/>\n<meta property=\"og:url\" content=\"https:\/\/www.amanien.info\/news\/insertion-professionnelle-mme-fanta-traore-sacko-dg-du-cabinet-empower-notre-mission-est-de-favoriser-lemployabilite-durable\/\" \/>\n<meta property=\"og:site_name\" content=\"Amanien| L&#039;actualit\u00e9 Ivoirienne et Internationale\" \/>\n<meta property=\"article:published_time\" content=\"2025-06-15T16:29:58+00:00\" \/>\n<meta property=\"og:image\" content=\"https:\/\/www.amanien.info\/news\/wp-content\/uploads\/2025\/06\/IMG-20250614-WA0067.jpg\" \/>\n\t<meta property=\"og:image:width\" content=\"1040\" \/>\n\t<meta property=\"og:image:height\" content=\"780\" \/>\n\t<meta property=\"og:image:type\" content=\"image\/jpeg\" \/>\n<meta name=\"author\" content=\"Germain Ndri\" \/>\n<meta name=\"twitter:card\" content=\"summary_large_image\" \/>\n<meta name=\"twitter:label1\" content=\"\u00c9crit par\" \/>\n\t<meta name=\"twitter:data1\" content=\"Germain Ndri\" \/>\n\t<meta name=\"twitter:label2\" content=\"Dur\u00e9e de lecture estim\u00e9e\" \/>\n\t<meta name=\"twitter:data2\" content=\"3 minutes\" \/>\n<script type=\"application\/ld+json\" class=\"yoast-schema-graph\">{\"@context\":\"https:\\\/\\\/schema.org\",\"@graph\":[{\"@type\":\"Article\",\"@id\":\"https:\\\/\\\/www.amanien.info\\\/news\\\/insertion-professionnelle-mme-fanta-traore-sacko-dg-du-cabinet-empower-notre-mission-est-de-favoriser-lemployabilite-durable\\\/#article\",\"isPartOf\":{\"@id\":\"https:\\\/\\\/www.amanien.info\\\/news\\\/insertion-professionnelle-mme-fanta-traore-sacko-dg-du-cabinet-empower-notre-mission-est-de-favoriser-lemployabilite-durable\\\/\"},\"author\":{\"name\":\"Germain Ndri\",\"@id\":\"https:\\\/\\\/www.amanien.info\\\/news\\\/#\\\/schema\\\/person\\\/b21093345753a1a98242d505bd894f42\"},\"headline\":\"Insertion professionnelle\\\/ Mme Fanta Traor\u00e9 Sacko, DG du cabinet Empower :\u00a0\u00bbNotre mission est de favoriser l&#8217;employabilit\u00e9 durable\u00a0\u00bb\",\"datePublished\":\"2025-06-15T16:29:58+00:00\",\"mainEntityOfPage\":{\"@id\":\"https:\\\/\\\/www.amanien.info\\\/news\\\/insertion-professionnelle-mme-fanta-traore-sacko-dg-du-cabinet-empower-notre-mission-est-de-favoriser-lemployabilite-durable\\\/\"},\"wordCount\":493,\"image\":{\"@id\":\"https:\\\/\\\/www.amanien.info\\\/news\\\/insertion-professionnelle-mme-fanta-traore-sacko-dg-du-cabinet-empower-notre-mission-est-de-favoriser-lemployabilite-durable\\\/#primaryimage\"},\"thumbnailUrl\":\"https:\\\/\\\/www.amanien.info\\\/news\\\/wp-content\\\/uploads\\\/2025\\\/06\\\/IMG-20250614-WA0067.jpg\",\"inLanguage\":\"fr-FR\"},{\"@type\":\"WebPage\",\"@id\":\"https:\\\/\\\/www.amanien.info\\\/news\\\/insertion-professionnelle-mme-fanta-traore-sacko-dg-du-cabinet-empower-notre-mission-est-de-favoriser-lemployabilite-durable\\\/\",\"url\":\"https:\\\/\\\/www.amanien.info\\\/news\\\/insertion-professionnelle-mme-fanta-traore-sacko-dg-du-cabinet-empower-notre-mission-est-de-favoriser-lemployabilite-durable\\\/\",\"name\":\"Insertion professionnelle\\\/ Mme Fanta Traor\u00e9 Sacko, DG du cabinet Empower :\\\"Notre mission est de favoriser l'employabilit\u00e9 durable\\\" - Amanien| L&#039;actualit\u00e9 Ivoirienne et Internationale\",\"isPartOf\":{\"@id\":\"https:\\\/\\\/www.amanien.info\\\/news\\\/#website\"},\"primaryImageOfPage\":{\"@id\":\"https:\\\/\\\/www.amanien.info\\\/news\\\/insertion-professionnelle-mme-fanta-traore-sacko-dg-du-cabinet-empower-notre-mission-est-de-favoriser-lemployabilite-durable\\\/#primaryimage\"},\"image\":{\"@id\":\"https:\\\/\\\/www.amanien.info\\\/news\\\/insertion-professionnelle-mme-fanta-traore-sacko-dg-du-cabinet-empower-notre-mission-est-de-favoriser-lemployabilite-durable\\\/#primaryimage\"},\"thumbnailUrl\":\"https:\\\/\\\/www.amanien.info\\\/news\\\/wp-content\\\/uploads\\\/2025\\\/06\\\/IMG-20250614-WA0067.jpg\",\"datePublished\":\"2025-06-15T16:29:58+00:00\",\"author\":{\"@id\":\"https:\\\/\\\/www.amanien.info\\\/news\\\/#\\\/schema\\\/person\\\/b21093345753a1a98242d505bd894f42\"},\"breadcrumb\":{\"@id\":\"https:\\\/\\\/www.amanien.info\\\/news\\\/insertion-professionnelle-mme-fanta-traore-sacko-dg-du-cabinet-empower-notre-mission-est-de-favoriser-lemployabilite-durable\\\/#breadcrumb\"},\"inLanguage\":\"fr-FR\",\"potentialAction\":[{\"@type\":\"ReadAction\",\"target\":[\"https:\\\/\\\/www.amanien.info\\\/news\\\/insertion-professionnelle-mme-fanta-traore-sacko-dg-du-cabinet-empower-notre-mission-est-de-favoriser-lemployabilite-durable\\\/\"]}]},{\"@type\":\"ImageObject\",\"inLanguage\":\"fr-FR\",\"@id\":\"https:\\\/\\\/www.amanien.info\\\/news\\\/insertion-professionnelle-mme-fanta-traore-sacko-dg-du-cabinet-empower-notre-mission-est-de-favoriser-lemployabilite-durable\\\/#primaryimage\",\"url\":\"https:\\\/\\\/www.amanien.info\\\/news\\\/wp-content\\\/uploads\\\/2025\\\/06\\\/IMG-20250614-WA0067.jpg\",\"contentUrl\":\"https:\\\/\\\/www.amanien.info\\\/news\\\/wp-content\\\/uploads\\\/2025\\\/06\\\/IMG-20250614-WA0067.jpg\",\"width\":1040,\"height\":780},{\"@type\":\"BreadcrumbList\",\"@id\":\"https:\\\/\\\/www.amanien.info\\\/news\\\/insertion-professionnelle-mme-fanta-traore-sacko-dg-du-cabinet-empower-notre-mission-est-de-favoriser-lemployabilite-durable\\\/#breadcrumb\",\"itemListElement\":[{\"@type\":\"ListItem\",\"position\":1,\"name\":\"Accueil\",\"item\":\"https:\\\/\\\/www.amanien.info\\\/news\\\/\"},{\"@type\":\"ListItem\",\"position\":2,\"name\":\"Insertion professionnelle\\\/ Mme Fanta Traor\u00e9 Sacko, DG du cabinet Empower :\u00a0\u00bbNotre mission est de favoriser l&#8217;employabilit\u00e9 durable\u00a0\u00bb\"}]},{\"@type\":\"WebSite\",\"@id\":\"https:\\\/\\\/www.amanien.info\\\/news\\\/#website\",\"url\":\"https:\\\/\\\/www.amanien.info\\\/news\\\/\",\"name\":\"Amanien| L&#039;actualit\u00e9 Ivoirienne et Internationale\",\"description\":\"L&#039;actualit\u00e9 Ivoirienne et Internationale\",\"potentialAction\":[{\"@type\":\"SearchAction\",\"target\":{\"@type\":\"EntryPoint\",\"urlTemplate\":\"https:\\\/\\\/www.amanien.info\\\/news\\\/?s={search_term_string}\"},\"query-input\":{\"@type\":\"PropertyValueSpecification\",\"valueRequired\":true,\"valueName\":\"search_term_string\"}}],\"inLanguage\":\"fr-FR\"},{\"@type\":\"Person\",\"@id\":\"https:\\\/\\\/www.amanien.info\\\/news\\\/#\\\/schema\\\/person\\\/b21093345753a1a98242d505bd894f42\",\"name\":\"Germain Ndri\",\"url\":\"https:\\\/\\\/www.amanien.info\\\/news\\\/author\\\/amanien-infos\\\/\"}]}<\/script>\n<!-- \/ Yoast SEO plugin. -->","yoast_head_json":{"title":"Insertion professionnelle\/ Mme Fanta Traor\u00e9 Sacko, DG du cabinet Empower :\"Notre mission est de favoriser l'employabilit\u00e9 durable\" - Amanien| L&#039;actualit\u00e9 Ivoirienne et Internationale","robots":{"index":"index","follow":"follow","max-snippet":"max-snippet:-1","max-image-preview":"max-image-preview:large","max-video-preview":"max-video-preview:-1"},"canonical":"https:\/\/www.amanien.info\/news\/insertion-professionnelle-mme-fanta-traore-sacko-dg-du-cabinet-empower-notre-mission-est-de-favoriser-lemployabilite-durable\/","og_locale":"fr_FR","og_type":"article","og_title":"Insertion professionnelle\/ Mme Fanta Traor\u00e9 Sacko, DG du cabinet Empower :\"Notre mission est de favoriser l'employabilit\u00e9 durable\" - Amanien| L&#039;actualit\u00e9 Ivoirienne et Internationale","og_description":"Le cabinet Empower Talents and Careers, sp\u00e9cialis\u00e9 dans la gestion des ressources humaines, a organis\u00e9 un petit-d\u00e9jeuner de presse,\u00a0 le mercredi 11 juin 2025, dans ses locaux sis \u00e0 Cocody-Angr\u00e9(Abidjan).\u00a0","og_url":"https:\/\/www.amanien.info\/news\/insertion-professionnelle-mme-fanta-traore-sacko-dg-du-cabinet-empower-notre-mission-est-de-favoriser-lemployabilite-durable\/","og_site_name":"Amanien| L&#039;actualit\u00e9 Ivoirienne et Internationale","article_published_time":"2025-06-15T16:29:58+00:00","og_image":[{"width":1040,"height":780,"url":"https:\/\/www.amanien.info\/news\/wp-content\/uploads\/2025\/06\/IMG-20250614-WA0067.jpg","type":"image\/jpeg"}],"author":"Germain Ndri","twitter_card":"summary_large_image","twitter_misc":{"\u00c9crit par":"Germain Ndri","Dur\u00e9e de lecture estim\u00e9e":"3 minutes"},"schema":{"@context":"https:\/\/schema.org","@graph":[{"@type":"Article","@id":"https:\/\/www.amanien.info\/news\/insertion-professionnelle-mme-fanta-traore-sacko-dg-du-cabinet-empower-notre-mission-est-de-favoriser-lemployabilite-durable\/#article","isPartOf":{"@id":"https:\/\/www.amanien.info\/news\/insertion-professionnelle-mme-fanta-traore-sacko-dg-du-cabinet-empower-notre-mission-est-de-favoriser-lemployabilite-durable\/"},"author":{"name":"Germain Ndri","@id":"https:\/\/www.amanien.info\/news\/#\/schema\/person\/b21093345753a1a98242d505bd894f42"},"headline":"Insertion professionnelle\/ Mme Fanta Traor\u00e9 Sacko, DG du cabinet Empower :\u00a0\u00bbNotre mission est de favoriser l&#8217;employabilit\u00e9 durable\u00a0\u00bb","datePublished":"2025-06-15T16:29:58+00:00","mainEntityOfPage":{"@id":"https:\/\/www.amanien.info\/news\/insertion-professionnelle-mme-fanta-traore-sacko-dg-du-cabinet-empower-notre-mission-est-de-favoriser-lemployabilite-durable\/"},"wordCount":493,"image":{"@id":"https:\/\/www.amanien.info\/news\/insertion-professionnelle-mme-fanta-traore-sacko-dg-du-cabinet-empower-notre-mission-est-de-favoriser-lemployabilite-durable\/#primaryimage"},"thumbnailUrl":"https:\/\/www.amanien.info\/news\/wp-content\/uploads\/2025\/06\/IMG-20250614-WA0067.jpg","inLanguage":"fr-FR"},{"@type":"WebPage","@id":"https:\/\/www.amanien.info\/news\/insertion-professionnelle-mme-fanta-traore-sacko-dg-du-cabinet-empower-notre-mission-est-de-favoriser-lemployabilite-durable\/","url":"https:\/\/www.amanien.info\/news\/insertion-professionnelle-mme-fanta-traore-sacko-dg-du-cabinet-empower-notre-mission-est-de-favoriser-lemployabilite-durable\/","name":"Insertion professionnelle\/ Mme Fanta Traor\u00e9 Sacko, DG du cabinet Empower :\"Notre mission est de favoriser l'employabilit\u00e9 durable\" - Amanien| L&#039;actualit\u00e9 Ivoirienne et Internationale","isPartOf":{"@id":"https:\/\/www.amanien.info\/news\/#website"},"primaryImageOfPage":{"@id":"https:\/\/www.amanien.info\/news\/insertion-professionnelle-mme-fanta-traore-sacko-dg-du-cabinet-empower-notre-mission-est-de-favoriser-lemployabilite-durable\/#primaryimage"},"image":{"@id":"https:\/\/www.amanien.info\/news\/insertion-professionnelle-mme-fanta-traore-sacko-dg-du-cabinet-empower-notre-mission-est-de-favoriser-lemployabilite-durable\/#primaryimage"},"thumbnailUrl":"https:\/\/www.amanien.info\/news\/wp-content\/uploads\/2025\/06\/IMG-20250614-WA0067.jpg","datePublished":"2025-06-15T16:29:58+00:00","author":{"@id":"https:\/\/www.amanien.info\/news\/#\/schema\/person\/b21093345753a1a98242d505bd894f42"},"breadcrumb":{"@id":"https:\/\/www.amanien.info\/news\/insertion-professionnelle-mme-fanta-traore-sacko-dg-du-cabinet-empower-notre-mission-est-de-favoriser-lemployabilite-durable\/#breadcrumb"},"inLanguage":"fr-FR","potentialAction":[{"@type":"ReadAction","target":["https:\/\/www.amanien.info\/news\/insertion-professionnelle-mme-fanta-traore-sacko-dg-du-cabinet-empower-notre-mission-est-de-favoriser-lemployabilite-durable\/"]}]},{"@type":"ImageObject","inLanguage":"fr-FR","@id":"https:\/\/www.amanien.info\/news\/insertion-professionnelle-mme-fanta-traore-sacko-dg-du-cabinet-empower-notre-mission-est-de-favoriser-lemployabilite-durable\/#primaryimage","url":"https:\/\/www.amanien.info\/news\/wp-content\/uploads\/2025\/06\/IMG-20250614-WA0067.jpg","contentUrl":"https:\/\/www.amanien.info\/news\/wp-content\/uploads\/2025\/06\/IMG-20250614-WA0067.jpg","width":1040,"height":780},{"@type":"BreadcrumbList","@id":"https:\/\/www.amanien.info\/news\/insertion-professionnelle-mme-fanta-traore-sacko-dg-du-cabinet-empower-notre-mission-est-de-favoriser-lemployabilite-durable\/#breadcrumb","itemListElement":[{"@type":"ListItem","position":1,"name":"Accueil","item":"https:\/\/www.amanien.info\/news\/"},{"@type":"ListItem","position":2,"name":"Insertion professionnelle\/ Mme Fanta Traor\u00e9 Sacko, DG du cabinet Empower :\u00a0\u00bbNotre mission est de favoriser l&#8217;employabilit\u00e9 durable\u00a0\u00bb"}]},{"@type":"WebSite","@id":"https:\/\/www.amanien.info\/news\/#website","url":"https:\/\/www.amanien.info\/news\/","name":"Amanien| L&#039;actualit\u00e9 Ivoirienne et Internationale","description":"L&#039;actualit\u00e9 Ivoirienne et Internationale","potentialAction":[{"@type":"SearchAction","target":{"@type":"EntryPoint","urlTemplate":"https:\/\/www.amanien.info\/news\/?s={search_term_string}"},"query-input":{"@type":"PropertyValueSpecification","valueRequired":true,"valueName":"search_term_string"}}],"inLanguage":"fr-FR"},{"@type":"Person","@id":"https:\/\/www.amanien.info\/news\/#\/schema\/person\/b21093345753a1a98242d505bd894f42","name":"Germain Ndri","url":"https:\/\/www.amanien.info\/news\/author\/amanien-infos\/"}]}},"_links":{"self":[{"href":"https:\/\/www.amanien.info\/news\/wp-json\/wp\/v2\/posts\/7360","targetHints":{"allow":["GET"]}}],"collection":[{"href":"https:\/\/www.amanien.info\/news\/wp-json\/wp\/v2\/posts"}],"about":[{"href":"https:\/\/www.amanien.info\/news\/wp-json\/wp\/v2\/types\/post"}],"author":[{"embeddable":true,"href":"https:\/\/www.amanien.info\/news\/wp-json\/wp\/v2\/users\/2"}],"replies":[{"embeddable":true,"href":"https:\/\/www.amanien.info\/news\/wp-json\/wp\/v2\/comments?post=7360"}],"version-history":[{"count":1,"href":"https:\/\/www.amanien.info\/news\/wp-json\/wp\/v2\/posts\/7360\/revisions"}],"predecessor-version":[{"id":7363,"href":"https:\/\/www.amanien.info\/news\/wp-json\/wp\/v2\/posts\/7360\/revisions\/7363"}],"wp:featuredmedia":[{"embeddable":true,"href":"https:\/\/www.amanien.info\/news\/wp-json\/wp\/v2\/media\/7362"}],"wp:attachment":[{"href":"https:\/\/www.amanien.info\/news\/wp-json\/wp\/v2\/media?parent=7360"}],"wp:term":[{"taxonomy":"category","embeddable":true,"href":"https:\/\/www.amanien.info\/news\/wp-json\/wp\/v2\/categories?post=7360"},{"taxonomy":"post_tag","embeddable":true,"href":"https:\/\/www.amanien.info\/news\/wp-json\/wp\/v2\/tags?post=7360"}],"curies":[{"name":"wp","href":"https:\/\/api.w.org\/{rel}","templated":true}]}}