{"id":7352,"date":"2025-06-08T09:49:13","date_gmt":"2025-06-08T09:49:13","guid":{"rendered":"https:\/\/www.amanien.info\/news\/?p=7352"},"modified":"2025-06-08T09:49:13","modified_gmt":"2025-06-08T09:49:13","slug":"presidentielle-2025-le-pdci-rda-exige-la-reinscription-du-president-tidjane-thiam-sur-la-liste-electorale-et-annonce-une-marche-nationale-le-11-juin-prochain-a-abidjan","status":"publish","type":"post","link":"https:\/\/www.amanien.info\/news\/presidentielle-2025-le-pdci-rda-exige-la-reinscription-du-president-tidjane-thiam-sur-la-liste-electorale-et-annonce-une-marche-nationale-le-11-juin-prochain-a-abidjan\/","title":{"rendered":"Pr\u00e9sidentielle 2025 : le PDCI-RDA exige la r\u00e9inscription du Pr\u00e9sident Tidjane Thiam sur la liste \u00e9lectorale et annonce une marche nationale le 11 juin prochain \u00e0 Abidjan\u00a0"},"content":{"rendered":"<div><span style=\"text-transform: initial;\">Le Porte-parole du Parti D\u00e9mocratique de C\u00f4te d&rsquo;Ivoire (PDCI) , Dr Bredoumy Souma\u00efla a anim\u00e9, ce samedi 07 juin 2025, \u00e0 la maison du parti sise \u00e0 Abidjan-Cocody, une conf\u00e9rence de presse relative \u00e0 la radiation de son Pr\u00e9sident Tidjane Thiam et l&rsquo;analyse du PDCI-RDA des faits saillants de l&rsquo;actualit\u00e9 nationale.\u00a0<\/span><\/div>\n<div><\/div>\n<div><\/div>\n<div>Face aux m\u00e9dias nationaux et internationaux, le Porte-parole du PDCI-RDA a, d&rsquo;abord, contest\u00e9 la radiation \u00ab\u00a0abusive\u00a0\u00bb du Pr\u00e9sident du PDCI-RDA qui, selon lui, \u00ab\u00a0porte atteinte \u00e0 ses droits fondamentaux\u00a0\u00bb, a-t-il d\u00e9clar\u00e9, r\u00e9v\u00e9lant qu&rsquo;\u00e0 ce jour, le r\u00e9gime du Rassemblement des R\u00e9publicains (RDR), \u00ab\u00a0refuse de lui d\u00e9livrer un certificat de nationalit\u00e9, le rendant ainsi apatride\u00a0\u00bb, a d\u00e9nonc\u00e9 l&rsquo;honorable Bredoumy Souma\u00efla.<\/div>\n<div><\/div>\n<div>Avant de demander \u00e0 tous les militants et les ivoiriens, \u00e9pris de justice, de rester mobilis\u00e9s, afin de poursuivre la lutte jusqu&rsquo;\u00e0 la \u00ab\u00a0victoire finale \u00ab\u00a0, a-t-il lanc\u00e9.<\/div>\n<div><\/div>\n<div>A l&rsquo;en croire, la liste \u00e9lectorale d\u00e9finitive publi\u00e9e le mercredi 04 juin dernier dite d\u00e9finitive \u00ab\u00a0n&rsquo;est que provisoire\u00a0\u00bb.<\/div>\n<div><\/div>\n<div><\/div>\n<div>Poursuivant, le Conf\u00e9rencier exige un audit de cette liste \u00e9lectorale(LE), une nouvelle R\u00e9vision de la liste \u00e9lectorale (RLE) et surtout le dialogue.<\/div>\n<div>\u00ab\u00a0Nous demandons au parti au pouvoir le dialogue. Il faut un dialogue\u00a0\u00bb, a recommand\u00e9 le D\u00e9put\u00e9 de Tankess\u00e9-Kokomian et Tienkoikro.<\/div>\n<div><\/div>\n<div><\/div>\n<div>Le porte-parole du parti septuag\u00e9naire, PDCI-RDA a, par ailleurs, annonc\u00e9 une marche nationale le mercredi 11 juin 2025 \u00e0 09 heures dans la commune de Cocody.<\/div>\n<div><\/div>\n<div>A cet effet, il a pr\u00e9cis\u00e9 que cette marche sera organis\u00e9e dans le strict respect des lois en vigueur, tout en invitant les forces de s\u00e9curit\u00e9 \u00e0\u00a0 \u00ab\u00a0garantir la s\u00e9curit\u00e9 des manifestants\u00a0\u00bb.<\/div>\n<div><\/div>\n<div>Aux dires de Dr Souma\u00efla Bredoumy , les discussions avec les autorit\u00e9s s\u00e9curitaires sont en cours afin de d\u00e9terminer l&rsquo;itin\u00e9raire de cette marche.<\/div>\n<div><\/div>\n<div>Selon lui,\u00a0 le lancement de cette marche s\u2019inscrit dans une strat\u00e9gie de pression visant \u00e0 r\u00e9inscrire le nom de leur pr\u00e9sident, Tidjane Thiam sur la liste \u00e9lectorale d\u00e9finitive.\u00a0 \u00ab\u00a0Nous ferons des marches jusqu\u2019\u00e0 ce que Tidjane Thiam soit r\u00e9int\u00e9gr\u00e9 sur la liste \u00e9lectorale\u00a0\u00bb, a-t-il assur\u00e9.<\/div>\n<div><\/div>\n<div>Appelant les ivoiriens \u00e0 rejoindre le \u00ab\u00a0nouveau train\u00a0\u00bb du PDCI-RDA pilot\u00e9 par le Pr\u00e9sident Cheick Tidjane Thiam pour mener le \u00ab\u00a0combat lib\u00e9rateur\u00a0\u00bb, afin de \u00ab\u00a0retrouver la vie, le travail, l&rsquo;\u00e9quit\u00e9, la prosp\u00e9rit\u00e9 et le bonheur \u00ab\u00a0, a-t-il conclu.<\/div>\n<div><\/div>\n<div><\/div>\n<div><b>Sunday Alain\u00a0<\/b><\/div>\n<div><\/div>\n","protected":false},"excerpt":{"rendered":"<p>Le Porte-parole du Parti D\u00e9mocratique de C\u00f4te d&rsquo;Ivoire (PDCI) , Dr Bredoumy Souma\u00efla a anim\u00e9, ce samedi 07 juin 2025, \u00e0 la maison du parti sise \u00e0 Abidjan-Cocody, une conf\u00e9rence de presse relative \u00e0 la radiation de son Pr\u00e9sident Tidjane Thiam et l&rsquo;analyse du PDCI-RDA des faits saillants de l&rsquo;actualit\u00e9 nationale.\u00a0 Face aux m\u00e9dias nationaux [&hellip;]<\/p>\n","protected":false},"author":2,"featured_media":7353,"comment_status":"closed","ping_status":"closed","sticky":false,"template":"","format":"standard","meta":{"_acf_changed":false,"footnotes":""},"categories":[],"tags":[],"class_list":["post-7352","post","type-post","status-publish","format-standard","has-post-thumbnail","hentry"],"acf":[],"yoast_head":"<!-- This site is optimized with the Yoast SEO plugin v27.5 - https:\/\/yoast.com\/product\/yoast-seo-wordpress\/ -->\n<title>Pr\u00e9sidentielle 2025 : le PDCI-RDA exige la r\u00e9inscription du Pr\u00e9sident Tidjane Thiam sur la liste \u00e9lectorale et annonce une marche nationale le 11 juin prochain \u00e0 Abidjan\u00a0 - Amanien| L&#039;actualit\u00e9 Ivoirienne et Internationale<\/title>\n<meta name=\"robots\" content=\"index, follow, max-snippet:-1, max-image-preview:large, max-video-preview:-1\" \/>\n<link rel=\"canonical\" href=\"https:\/\/www.amanien.info\/news\/presidentielle-2025-le-pdci-rda-exige-la-reinscription-du-president-tidjane-thiam-sur-la-liste-electorale-et-annonce-une-marche-nationale-le-11-juin-prochain-a-abidjan\/\" \/>\n<meta property=\"og:locale\" content=\"fr_FR\" \/>\n<meta property=\"og:type\" content=\"article\" \/>\n<meta property=\"og:title\" content=\"Pr\u00e9sidentielle 2025 : le PDCI-RDA exige la r\u00e9inscription du Pr\u00e9sident Tidjane Thiam sur la liste \u00e9lectorale et annonce une marche nationale le 11 juin prochain \u00e0 Abidjan\u00a0 - Amanien| L&#039;actualit\u00e9 Ivoirienne et Internationale\" \/>\n<meta property=\"og:description\" content=\"Le Porte-parole du Parti D\u00e9mocratique de C\u00f4te d&rsquo;Ivoire (PDCI) , Dr Bredoumy Souma\u00efla a anim\u00e9, ce samedi 07 juin 2025, \u00e0 la maison du parti sise \u00e0 Abidjan-Cocody, une conf\u00e9rence de presse relative \u00e0 la radiation de son Pr\u00e9sident Tidjane Thiam et l&rsquo;analyse du PDCI-RDA des faits saillants de l&rsquo;actualit\u00e9 nationale.\u00a0 Face aux m\u00e9dias nationaux [&hellip;]\" \/>\n<meta property=\"og:url\" content=\"https:\/\/www.amanien.info\/news\/presidentielle-2025-le-pdci-rda-exige-la-reinscription-du-president-tidjane-thiam-sur-la-liste-electorale-et-annonce-une-marche-nationale-le-11-juin-prochain-a-abidjan\/\" \/>\n<meta property=\"og:site_name\" content=\"Amanien| L&#039;actualit\u00e9 Ivoirienne et Internationale\" \/>\n<meta property=\"article:published_time\" content=\"2025-06-08T09:49:13+00:00\" \/>\n<meta property=\"og:image\" content=\"https:\/\/www.amanien.info\/news\/wp-content\/uploads\/2025\/06\/cote-d-ivoire-le-pdci-rda-annonce-une-marche-nationale-a-compter-de-ce-merc_wmlzyg538ih.jpg\" \/>\n\t<meta property=\"og:image:width\" content=\"1333\" \/>\n\t<meta property=\"og:image:height\" content=\"1000\" \/>\n\t<meta property=\"og:image:type\" content=\"image\/jpeg\" \/>\n<meta name=\"author\" content=\"Germain Ndri\" \/>\n<meta name=\"twitter:card\" content=\"summary_large_image\" \/>\n<meta name=\"twitter:label1\" content=\"\u00c9crit par\" \/>\n\t<meta name=\"twitter:data1\" content=\"Germain Ndri\" \/>\n\t<meta name=\"twitter:label2\" content=\"Dur\u00e9e de lecture estim\u00e9e\" \/>\n\t<meta name=\"twitter:data2\" content=\"3 minutes\" \/>\n<script type=\"application\/ld+json\" class=\"yoast-schema-graph\">{\"@context\":\"https:\\\/\\\/schema.org\",\"@graph\":[{\"@type\":\"Article\",\"@id\":\"https:\\\/\\\/www.amanien.info\\\/news\\\/presidentielle-2025-le-pdci-rda-exige-la-reinscription-du-president-tidjane-thiam-sur-la-liste-electorale-et-annonce-une-marche-nationale-le-11-juin-prochain-a-abidjan\\\/#article\",\"isPartOf\":{\"@id\":\"https:\\\/\\\/www.amanien.info\\\/news\\\/presidentielle-2025-le-pdci-rda-exige-la-reinscription-du-president-tidjane-thiam-sur-la-liste-electorale-et-annonce-une-marche-nationale-le-11-juin-prochain-a-abidjan\\\/\"},\"author\":{\"name\":\"Germain Ndri\",\"@id\":\"https:\\\/\\\/www.amanien.info\\\/news\\\/#\\\/schema\\\/person\\\/b21093345753a1a98242d505bd894f42\"},\"headline\":\"Pr\u00e9sidentielle 2025 : le PDCI-RDA exige la r\u00e9inscription du Pr\u00e9sident Tidjane Thiam sur la liste \u00e9lectorale et annonce une marche nationale le 11 juin prochain \u00e0 Abidjan\u00a0\",\"datePublished\":\"2025-06-08T09:49:13+00:00\",\"mainEntityOfPage\":{\"@id\":\"https:\\\/\\\/www.amanien.info\\\/news\\\/presidentielle-2025-le-pdci-rda-exige-la-reinscription-du-president-tidjane-thiam-sur-la-liste-electorale-et-annonce-une-marche-nationale-le-11-juin-prochain-a-abidjan\\\/\"},\"wordCount\":424,\"image\":{\"@id\":\"https:\\\/\\\/www.amanien.info\\\/news\\\/presidentielle-2025-le-pdci-rda-exige-la-reinscription-du-president-tidjane-thiam-sur-la-liste-electorale-et-annonce-une-marche-nationale-le-11-juin-prochain-a-abidjan\\\/#primaryimage\"},\"thumbnailUrl\":\"https:\\\/\\\/www.amanien.info\\\/news\\\/wp-content\\\/uploads\\\/2025\\\/06\\\/cote-d-ivoire-le-pdci-rda-annonce-une-marche-nationale-a-compter-de-ce-merc_wmlzyg538ih.jpg\",\"inLanguage\":\"fr-FR\"},{\"@type\":\"WebPage\",\"@id\":\"https:\\\/\\\/www.amanien.info\\\/news\\\/presidentielle-2025-le-pdci-rda-exige-la-reinscription-du-president-tidjane-thiam-sur-la-liste-electorale-et-annonce-une-marche-nationale-le-11-juin-prochain-a-abidjan\\\/\",\"url\":\"https:\\\/\\\/www.amanien.info\\\/news\\\/presidentielle-2025-le-pdci-rda-exige-la-reinscription-du-president-tidjane-thiam-sur-la-liste-electorale-et-annonce-une-marche-nationale-le-11-juin-prochain-a-abidjan\\\/\",\"name\":\"Pr\u00e9sidentielle 2025 : le PDCI-RDA exige la r\u00e9inscription du Pr\u00e9sident Tidjane Thiam sur la liste \u00e9lectorale et annonce une marche nationale le 11 juin prochain \u00e0 Abidjan\u00a0 - Amanien| L&#039;actualit\u00e9 Ivoirienne et Internationale\",\"isPartOf\":{\"@id\":\"https:\\\/\\\/www.amanien.info\\\/news\\\/#website\"},\"primaryImageOfPage\":{\"@id\":\"https:\\\/\\\/www.amanien.info\\\/news\\\/presidentielle-2025-le-pdci-rda-exige-la-reinscription-du-president-tidjane-thiam-sur-la-liste-electorale-et-annonce-une-marche-nationale-le-11-juin-prochain-a-abidjan\\\/#primaryimage\"},\"image\":{\"@id\":\"https:\\\/\\\/www.amanien.info\\\/news\\\/presidentielle-2025-le-pdci-rda-exige-la-reinscription-du-president-tidjane-thiam-sur-la-liste-electorale-et-annonce-une-marche-nationale-le-11-juin-prochain-a-abidjan\\\/#primaryimage\"},\"thumbnailUrl\":\"https:\\\/\\\/www.amanien.info\\\/news\\\/wp-content\\\/uploads\\\/2025\\\/06\\\/cote-d-ivoire-le-pdci-rda-annonce-une-marche-nationale-a-compter-de-ce-merc_wmlzyg538ih.jpg\",\"datePublished\":\"2025-06-08T09:49:13+00:00\",\"author\":{\"@id\":\"https:\\\/\\\/www.amanien.info\\\/news\\\/#\\\/schema\\\/person\\\/b21093345753a1a98242d505bd894f42\"},\"breadcrumb\":{\"@id\":\"https:\\\/\\\/www.amanien.info\\\/news\\\/presidentielle-2025-le-pdci-rda-exige-la-reinscription-du-president-tidjane-thiam-sur-la-liste-electorale-et-annonce-une-marche-nationale-le-11-juin-prochain-a-abidjan\\\/#breadcrumb\"},\"inLanguage\":\"fr-FR\",\"potentialAction\":[{\"@type\":\"ReadAction\",\"target\":[\"https:\\\/\\\/www.amanien.info\\\/news\\\/presidentielle-2025-le-pdci-rda-exige-la-reinscription-du-president-tidjane-thiam-sur-la-liste-electorale-et-annonce-une-marche-nationale-le-11-juin-prochain-a-abidjan\\\/\"]}]},{\"@type\":\"ImageObject\",\"inLanguage\":\"fr-FR\",\"@id\":\"https:\\\/\\\/www.amanien.info\\\/news\\\/presidentielle-2025-le-pdci-rda-exige-la-reinscription-du-president-tidjane-thiam-sur-la-liste-electorale-et-annonce-une-marche-nationale-le-11-juin-prochain-a-abidjan\\\/#primaryimage\",\"url\":\"https:\\\/\\\/www.amanien.info\\\/news\\\/wp-content\\\/uploads\\\/2025\\\/06\\\/cote-d-ivoire-le-pdci-rda-annonce-une-marche-nationale-a-compter-de-ce-merc_wmlzyg538ih.jpg\",\"contentUrl\":\"https:\\\/\\\/www.amanien.info\\\/news\\\/wp-content\\\/uploads\\\/2025\\\/06\\\/cote-d-ivoire-le-pdci-rda-annonce-une-marche-nationale-a-compter-de-ce-merc_wmlzyg538ih.jpg\",\"width\":1333,\"height\":1000},{\"@type\":\"BreadcrumbList\",\"@id\":\"https:\\\/\\\/www.amanien.info\\\/news\\\/presidentielle-2025-le-pdci-rda-exige-la-reinscription-du-president-tidjane-thiam-sur-la-liste-electorale-et-annonce-une-marche-nationale-le-11-juin-prochain-a-abidjan\\\/#breadcrumb\",\"itemListElement\":[{\"@type\":\"ListItem\",\"position\":1,\"name\":\"Accueil\",\"item\":\"https:\\\/\\\/www.amanien.info\\\/news\\\/\"},{\"@type\":\"ListItem\",\"position\":2,\"name\":\"Pr\u00e9sidentielle 2025 : le PDCI-RDA exige la r\u00e9inscription du Pr\u00e9sident Tidjane Thiam sur la liste \u00e9lectorale et annonce une marche nationale le 11 juin prochain \u00e0 Abidjan\u00a0\"}]},{\"@type\":\"WebSite\",\"@id\":\"https:\\\/\\\/www.amanien.info\\\/news\\\/#website\",\"url\":\"https:\\\/\\\/www.amanien.info\\\/news\\\/\",\"name\":\"Amanien| L&#039;actualit\u00e9 Ivoirienne et Internationale\",\"description\":\"L&#039;actualit\u00e9 Ivoirienne et Internationale\",\"potentialAction\":[{\"@type\":\"SearchAction\",\"target\":{\"@type\":\"EntryPoint\",\"urlTemplate\":\"https:\\\/\\\/www.amanien.info\\\/news\\\/?s={search_term_string}\"},\"query-input\":{\"@type\":\"PropertyValueSpecification\",\"valueRequired\":true,\"valueName\":\"search_term_string\"}}],\"inLanguage\":\"fr-FR\"},{\"@type\":\"Person\",\"@id\":\"https:\\\/\\\/www.amanien.info\\\/news\\\/#\\\/schema\\\/person\\\/b21093345753a1a98242d505bd894f42\",\"name\":\"Germain Ndri\",\"url\":\"https:\\\/\\\/www.amanien.info\\\/news\\\/author\\\/amanien-infos\\\/\"}]}<\/script>\n<!-- \/ Yoast SEO plugin. -->","yoast_head_json":{"title":"Pr\u00e9sidentielle 2025 : le PDCI-RDA exige la r\u00e9inscription du Pr\u00e9sident Tidjane Thiam sur la liste \u00e9lectorale et annonce une marche nationale le 11 juin prochain \u00e0 Abidjan\u00a0 - Amanien| L&#039;actualit\u00e9 Ivoirienne et Internationale","robots":{"index":"index","follow":"follow","max-snippet":"max-snippet:-1","max-image-preview":"max-image-preview:large","max-video-preview":"max-video-preview:-1"},"canonical":"https:\/\/www.amanien.info\/news\/presidentielle-2025-le-pdci-rda-exige-la-reinscription-du-president-tidjane-thiam-sur-la-liste-electorale-et-annonce-une-marche-nationale-le-11-juin-prochain-a-abidjan\/","og_locale":"fr_FR","og_type":"article","og_title":"Pr\u00e9sidentielle 2025 : le PDCI-RDA exige la r\u00e9inscription du Pr\u00e9sident Tidjane Thiam sur la liste \u00e9lectorale et annonce une marche nationale le 11 juin prochain \u00e0 Abidjan\u00a0 - Amanien| L&#039;actualit\u00e9 Ivoirienne et Internationale","og_description":"Le Porte-parole du Parti D\u00e9mocratique de C\u00f4te d&rsquo;Ivoire (PDCI) , Dr Bredoumy Souma\u00efla a anim\u00e9, ce samedi 07 juin 2025, \u00e0 la maison du parti sise \u00e0 Abidjan-Cocody, une conf\u00e9rence de presse relative \u00e0 la radiation de son Pr\u00e9sident Tidjane Thiam et l&rsquo;analyse du PDCI-RDA des faits saillants de l&rsquo;actualit\u00e9 nationale.\u00a0 Face aux m\u00e9dias nationaux [&hellip;]","og_url":"https:\/\/www.amanien.info\/news\/presidentielle-2025-le-pdci-rda-exige-la-reinscription-du-president-tidjane-thiam-sur-la-liste-electorale-et-annonce-une-marche-nationale-le-11-juin-prochain-a-abidjan\/","og_site_name":"Amanien| L&#039;actualit\u00e9 Ivoirienne et Internationale","article_published_time":"2025-06-08T09:49:13+00:00","og_image":[{"width":1333,"height":1000,"url":"https:\/\/www.amanien.info\/news\/wp-content\/uploads\/2025\/06\/cote-d-ivoire-le-pdci-rda-annonce-une-marche-nationale-a-compter-de-ce-merc_wmlzyg538ih.jpg","type":"image\/jpeg"}],"author":"Germain Ndri","twitter_card":"summary_large_image","twitter_misc":{"\u00c9crit par":"Germain Ndri","Dur\u00e9e de lecture estim\u00e9e":"3 minutes"},"schema":{"@context":"https:\/\/schema.org","@graph":[{"@type":"Article","@id":"https:\/\/www.amanien.info\/news\/presidentielle-2025-le-pdci-rda-exige-la-reinscription-du-president-tidjane-thiam-sur-la-liste-electorale-et-annonce-une-marche-nationale-le-11-juin-prochain-a-abidjan\/#article","isPartOf":{"@id":"https:\/\/www.amanien.info\/news\/presidentielle-2025-le-pdci-rda-exige-la-reinscription-du-president-tidjane-thiam-sur-la-liste-electorale-et-annonce-une-marche-nationale-le-11-juin-prochain-a-abidjan\/"},"author":{"name":"Germain Ndri","@id":"https:\/\/www.amanien.info\/news\/#\/schema\/person\/b21093345753a1a98242d505bd894f42"},"headline":"Pr\u00e9sidentielle 2025 : le PDCI-RDA exige la r\u00e9inscription du Pr\u00e9sident Tidjane Thiam sur la liste \u00e9lectorale et annonce une marche nationale le 11 juin prochain \u00e0 Abidjan\u00a0","datePublished":"2025-06-08T09:49:13+00:00","mainEntityOfPage":{"@id":"https:\/\/www.amanien.info\/news\/presidentielle-2025-le-pdci-rda-exige-la-reinscription-du-president-tidjane-thiam-sur-la-liste-electorale-et-annonce-une-marche-nationale-le-11-juin-prochain-a-abidjan\/"},"wordCount":424,"image":{"@id":"https:\/\/www.amanien.info\/news\/presidentielle-2025-le-pdci-rda-exige-la-reinscription-du-president-tidjane-thiam-sur-la-liste-electorale-et-annonce-une-marche-nationale-le-11-juin-prochain-a-abidjan\/#primaryimage"},"thumbnailUrl":"https:\/\/www.amanien.info\/news\/wp-content\/uploads\/2025\/06\/cote-d-ivoire-le-pdci-rda-annonce-une-marche-nationale-a-compter-de-ce-merc_wmlzyg538ih.jpg","inLanguage":"fr-FR"},{"@type":"WebPage","@id":"https:\/\/www.amanien.info\/news\/presidentielle-2025-le-pdci-rda-exige-la-reinscription-du-president-tidjane-thiam-sur-la-liste-electorale-et-annonce-une-marche-nationale-le-11-juin-prochain-a-abidjan\/","url":"https:\/\/www.amanien.info\/news\/presidentielle-2025-le-pdci-rda-exige-la-reinscription-du-president-tidjane-thiam-sur-la-liste-electorale-et-annonce-une-marche-nationale-le-11-juin-prochain-a-abidjan\/","name":"Pr\u00e9sidentielle 2025 : le PDCI-RDA exige la r\u00e9inscription du Pr\u00e9sident Tidjane Thiam sur la liste \u00e9lectorale et annonce une marche nationale le 11 juin prochain \u00e0 Abidjan\u00a0 - Amanien| L&#039;actualit\u00e9 Ivoirienne et Internationale","isPartOf":{"@id":"https:\/\/www.amanien.info\/news\/#website"},"primaryImageOfPage":{"@id":"https:\/\/www.amanien.info\/news\/presidentielle-2025-le-pdci-rda-exige-la-reinscription-du-president-tidjane-thiam-sur-la-liste-electorale-et-annonce-une-marche-nationale-le-11-juin-prochain-a-abidjan\/#primaryimage"},"image":{"@id":"https:\/\/www.amanien.info\/news\/presidentielle-2025-le-pdci-rda-exige-la-reinscription-du-president-tidjane-thiam-sur-la-liste-electorale-et-annonce-une-marche-nationale-le-11-juin-prochain-a-abidjan\/#primaryimage"},"thumbnailUrl":"https:\/\/www.amanien.info\/news\/wp-content\/uploads\/2025\/06\/cote-d-ivoire-le-pdci-rda-annonce-une-marche-nationale-a-compter-de-ce-merc_wmlzyg538ih.jpg","datePublished":"2025-06-08T09:49:13+00:00","author":{"@id":"https:\/\/www.amanien.info\/news\/#\/schema\/person\/b21093345753a1a98242d505bd894f42"},"breadcrumb":{"@id":"https:\/\/www.amanien.info\/news\/presidentielle-2025-le-pdci-rda-exige-la-reinscription-du-president-tidjane-thiam-sur-la-liste-electorale-et-annonce-une-marche-nationale-le-11-juin-prochain-a-abidjan\/#breadcrumb"},"inLanguage":"fr-FR","potentialAction":[{"@type":"ReadAction","target":["https:\/\/www.amanien.info\/news\/presidentielle-2025-le-pdci-rda-exige-la-reinscription-du-president-tidjane-thiam-sur-la-liste-electorale-et-annonce-une-marche-nationale-le-11-juin-prochain-a-abidjan\/"]}]},{"@type":"ImageObject","inLanguage":"fr-FR","@id":"https:\/\/www.amanien.info\/news\/presidentielle-2025-le-pdci-rda-exige-la-reinscription-du-president-tidjane-thiam-sur-la-liste-electorale-et-annonce-une-marche-nationale-le-11-juin-prochain-a-abidjan\/#primaryimage","url":"https:\/\/www.amanien.info\/news\/wp-content\/uploads\/2025\/06\/cote-d-ivoire-le-pdci-rda-annonce-une-marche-nationale-a-compter-de-ce-merc_wmlzyg538ih.jpg","contentUrl":"https:\/\/www.amanien.info\/news\/wp-content\/uploads\/2025\/06\/cote-d-ivoire-le-pdci-rda-annonce-une-marche-nationale-a-compter-de-ce-merc_wmlzyg538ih.jpg","width":1333,"height":1000},{"@type":"BreadcrumbList","@id":"https:\/\/www.amanien.info\/news\/presidentielle-2025-le-pdci-rda-exige-la-reinscription-du-president-tidjane-thiam-sur-la-liste-electorale-et-annonce-une-marche-nationale-le-11-juin-prochain-a-abidjan\/#breadcrumb","itemListElement":[{"@type":"ListItem","position":1,"name":"Accueil","item":"https:\/\/www.amanien.info\/news\/"},{"@type":"ListItem","position":2,"name":"Pr\u00e9sidentielle 2025 : le PDCI-RDA exige la r\u00e9inscription du Pr\u00e9sident Tidjane Thiam sur la liste \u00e9lectorale et annonce une marche nationale le 11 juin prochain \u00e0 Abidjan\u00a0"}]},{"@type":"WebSite","@id":"https:\/\/www.amanien.info\/news\/#website","url":"https:\/\/www.amanien.info\/news\/","name":"Amanien| L&#039;actualit\u00e9 Ivoirienne et Internationale","description":"L&#039;actualit\u00e9 Ivoirienne et Internationale","potentialAction":[{"@type":"SearchAction","target":{"@type":"EntryPoint","urlTemplate":"https:\/\/www.amanien.info\/news\/?s={search_term_string}"},"query-input":{"@type":"PropertyValueSpecification","valueRequired":true,"valueName":"search_term_string"}}],"inLanguage":"fr-FR"},{"@type":"Person","@id":"https:\/\/www.amanien.info\/news\/#\/schema\/person\/b21093345753a1a98242d505bd894f42","name":"Germain Ndri","url":"https:\/\/www.amanien.info\/news\/author\/amanien-infos\/"}]}},"_links":{"self":[{"href":"https:\/\/www.amanien.info\/news\/wp-json\/wp\/v2\/posts\/7352","targetHints":{"allow":["GET"]}}],"collection":[{"href":"https:\/\/www.amanien.info\/news\/wp-json\/wp\/v2\/posts"}],"about":[{"href":"https:\/\/www.amanien.info\/news\/wp-json\/wp\/v2\/types\/post"}],"author":[{"embeddable":true,"href":"https:\/\/www.amanien.info\/news\/wp-json\/wp\/v2\/users\/2"}],"replies":[{"embeddable":true,"href":"https:\/\/www.amanien.info\/news\/wp-json\/wp\/v2\/comments?post=7352"}],"version-history":[{"count":1,"href":"https:\/\/www.amanien.info\/news\/wp-json\/wp\/v2\/posts\/7352\/revisions"}],"predecessor-version":[{"id":7354,"href":"https:\/\/www.amanien.info\/news\/wp-json\/wp\/v2\/posts\/7352\/revisions\/7354"}],"wp:featuredmedia":[{"embeddable":true,"href":"https:\/\/www.amanien.info\/news\/wp-json\/wp\/v2\/media\/7353"}],"wp:attachment":[{"href":"https:\/\/www.amanien.info\/news\/wp-json\/wp\/v2\/media?parent=7352"}],"wp:term":[{"taxonomy":"category","embeddable":true,"href":"https:\/\/www.amanien.info\/news\/wp-json\/wp\/v2\/categories?post=7352"},{"taxonomy":"post_tag","embeddable":true,"href":"https:\/\/www.amanien.info\/news\/wp-json\/wp\/v2\/tags?post=7352"}],"curies":[{"name":"wp","href":"https:\/\/api.w.org\/{rel}","templated":true}]}}