{"id":7344,"date":"2025-06-06T13:52:38","date_gmt":"2025-06-06T13:52:38","guid":{"rendered":"https:\/\/www.amanien.info\/news\/?p=7344"},"modified":"2025-06-06T13:52:38","modified_gmt":"2025-06-06T13:52:38","slug":"leadership-feminin-africain-et-afro-descendant-la-premiere-dame-dominique-ouattara-lance-officiellement-le-reseau-adwin-a-abidjan","status":"publish","type":"post","link":"https:\/\/www.amanien.info\/news\/leadership-feminin-africain-et-afro-descendant-la-premiere-dame-dominique-ouattara-lance-officiellement-le-reseau-adwin-a-abidjan\/","title":{"rendered":"Leadership f\u00e9minin Africain et afro-descendant : la Premi\u00e8re dame Dominique Ouattara lance officiellement le r\u00e9seau ADWIN \u00e0 Abidjan\u00a0"},"content":{"rendered":"<div><span style=\"text-transform: initial;\">Le r\u00e9seau ADWIN (African\u00a0 Descendant Women Impact Network), le premier r\u00e9seau mondial d\u00e9di\u00e9 \u00e0 l\u2019autonomisation des femmes africaines et afro-descendantes, a \u00e9t\u00e9 lanc\u00e9 officiellement ce jeudi 5 juin 2025.\u00a0<\/span><\/div>\n<div><\/div>\n<div>C&rsquo;est la salle des congr\u00e8s du Sofitel H\u00f4tel Ivoire d&rsquo;Abidjan-Cocody qui a servi de cadre \u00e0 l&rsquo;organisation \u00e0 cette prestigieuse c\u00e9r\u00e9monie qui a enregistr\u00e9<\/div>\n<div>la participation de Sa Majest\u00e9 la Reine Temifope Morenike, Reine des Yoroubas du Nig\u00e9ria, Mme Denise \u00c9pot\u00e9, Directrice de TV5 Monde, des Ministres ivoiriennes engag\u00e9es en faveur de l\u2019\u00e9galit\u00e9 des genres, telles que Mesdames Kaba Nial\u00e9, Nass\u00e9n\u00e9ba Tour\u00e9, Myss Belmonde Dogo, et Euphrasie Yao, des Repr\u00e9sentantes de Mme Danielle Sassou N\u2019Guesso, Premi\u00e8re Dame du Congo et les \u00e9pouses de hauts responsables ivoiriens, diplomates, ambassadrices et acteurs municipaux.<\/div>\n<div><\/div>\n<div>Proc\u00e9dant \u00e0 l&rsquo;ouverture de cette \u00e9dition 2025 du r\u00e9seau ADWIN, qui se tient du 05 au 06 juin 2025, la Premi\u00e8re dame de C\u00f4te d&rsquo;Ivoire, Dominique Ouattara s\u2019est r\u00e9jouie d\u2019\u00eatre aux c\u00f4t\u00e9s de femmes influentes venues de divers horizons \u00e0 savoir de l\u2019Afrique, de l\u2019Am\u00e9rique, de l\u2019Europe et des Cara\u00efbes pour assister \u00e0 ce moment historique et a salu\u00e9 la port\u00e9e ambitieuse et novatrice d\u2019ADWIN, un r\u00e9seau qu\u2019elle a d\u00e9crit comme une promesse : celle d\u2019un monde o\u00f9 les femmes africaines et issues de la diaspora s\u2019affirment et coop\u00e8rent pour b\u00e2tir un avenir plus \u00e9quitable.<\/div>\n<div><\/div>\n<div><\/div>\n<div>A l&rsquo;en croire, le r\u00e9seau ADWIN repose sur cinq piliers fondamentaux \u00e0 savoir la comp\u00e9tence, la confiance, le capital, le bien-\u00eatre et la m\u00e9moire. Autant de leviers pens\u00e9s pour favoriser l\u2019\u00e9panouissement personnel et professionnel des femmes, en tenant compte des d\u00e9fis sp\u00e9cifiques qu\u2019elles rencontrent, notamment l\u2019in\u00e9galit\u00e9 d\u2019acc\u00e8s \u00e0 l\u2019\u00e9ducation, au financement, \u00e0 la sant\u00e9 ou \u00e0 la repr\u00e9sentation.<\/div>\n<div><\/div>\n<div>\u00ab\u00a0Ce r\u00e9seau n\u2019est pas un simple concept. C\u2019est un outil de transformation, une cha\u00eene solidaire entre les g\u00e9n\u00e9rations et les continents\u00a0\u00bb, a soulign\u00e9 la Premi\u00e8re Dame, tout en insistant sur l\u2019importance de cr\u00e9er des ponts entre les femmes du monde entier \u00e0 travers des actions concr\u00e8tes, durables et ancr\u00e9es dans les r\u00e9alit\u00e9s locale.<\/div>\n<div><\/div>\n<div><\/div>\n<div>La Pr\u00e9sidente de la Fondation Children of Africa a \u00e9galement invit\u00e9 les femmes \u00e0 \u00ab\u00a0\u00e9couter leurs ambitions, \u00e0 oser l\u00e0 o\u00f9 l&rsquo;on ne les attend pas, et surtout \u00e0 rester unit\u00e9s\u00a0\u00bb.<\/div>\n<div><\/div>\n<div>Elle a, pour finir, appel\u00e9 les femmes \u00e0 perp\u00e9tuer l&rsquo;h\u00e9ritage des pionni\u00e8res qui ont ouvert la voie, et \u00e0 faire du r\u00e9seau ADWIN, un flambeau pour des g\u00e9n\u00e9rations futures.<\/div>\n<div><\/div>\n<div><\/div>\n<div>La Fondatrice et Pr\u00e9sidente du r\u00e9seau ADWIN, par ailleurs ancienne Ministre fran\u00e7aise d\u00e9l\u00e9gu\u00e9e de l&rsquo;\u00e9galit\u00e9 entre les femmes et les hommes,<\/div>\n<div>Elisabeth\u00a0 Moreno a appel\u00e9 les dirigeants \u00e0 voir \u00ab\u00a0dans le leadership f\u00e9minin Africain et afro-descendante non pas une exception, mais une n\u00e9cessit\u00e9 \u00e9conomique et sociale \u00ab\u00a0, a-t-elle dit.<\/div>\n<div><\/div>\n<div>Elle a aussi exhort\u00e9 les gouvernants \u00e0 investir dans la gente f\u00e9minine.<\/div>\n<div><\/div>\n<div>Depuis sa cr\u00e9ation, le Compendium des comp\u00e9tences f\u00e9minines de C\u00f4te d\u2019Ivoire (COCOFCI) et le r\u00e9seau ADWIN ont scell\u00e9, depuis la cr\u00e9ation de ce r\u00e9seau, une alliance strat\u00e9gique en faveur de l\u2019autonomisation des femmes africaines et afro-descendantes.<\/div>\n<div><\/div>\n<div>Le COCOFCI, repr\u00e9sent\u00e9 par sa coordonnatrice nationale, Mme Euphrasie Kouassi Yao, s\u2019est engag\u00e9 aupr\u00e8s de l\u2019ADWIN, port\u00e9 par la ministre \u00c9lisabeth Moreno, pour faire avancer la question de l\u2019autonomisation des femmes africaines et afro-descendantes.<\/div>\n<div><\/div>\n<div>\u00ab\u00a0ADWIN, c\u2019est l\u2019Afrique qui se r\u00e9concilie avec elle-m\u00eame et qui gu\u00e9rit de ses m\u00e9moires\u00a0\u00bb, a affirm\u00e9 Mme Euphrasie Kouassi Yao, qui a indiqu\u00e9 qu\u2019\u00e0 travers ce r\u00e9seau, \u00ab\u00a0les femmes africaines et afrodescendantes veulent donner naissance \u00e0 une nouvelle terre de prosp\u00e9rit\u00e9 de notre continent\u00a0\u00bb, a-t-elle dit.<\/div>\n<div><\/div>\n<div>Avant de lancer : \u00ab\u00a0Ensemble, nous devons r\u00e9\u00e9crire l\u2019histoire de notre continent\u00a0\u00bb.<\/div>\n<div><\/div>\n<div>La conseill\u00e8re du Premier ministre ivoirien, charg\u00e9e du genre, a aussi soulign\u00e9 qu&rsquo;ADWIN est une opportunit\u00e9 de \u00ab\u00a0retour aux origines\u00a0\u00bb pour les afro-descendantes.<\/div>\n<div><\/div>\n<div><\/div>\n<div>La Ministre ivoirienne en charge de la Femme, de la Famille et de l&rsquo;Enfant, Nass\u00e9r\u00e9ba Tour\u00e9 a \u00e9galement appel\u00e9 les femmes au courage et \u00e0 la r\u00e9silience \u00e0 l\u2019image des figures historiques telles que la Reine Ashanti Yaa Asantewaa, aussi connue sous le nom de Yaa Asantewaa, une des figures importantes dans l&rsquo;histoire de l&rsquo;Afrique de l&rsquo;Ouest.<\/div>\n<div><\/div>\n<div><\/div>\n<div>Le r\u00e9seau ADWIN, qui vise \u00e0 f\u00e9d\u00e9rer les femmes africaines et afro-descendantes autour de valeurs de leadership, de solidarit\u00e9 et de d\u00e9veloppement inclusif, b\u00e9n\u00e9ficie du soutien technique et institutionnel de Mme Euphrasie Kouassi Yako, experte mondiale en genre, paix et d\u00e9veloppement, et Pr\u00e9sidente du GIOO Global Chair en charge de la sensibilisation des Premi\u00e8res dames du monde sur les questions d&rsquo;\u00e9galit\u00e9 des chances hommes-femmes.<\/div>\n<div><\/div>\n<div><\/div>\n<div><\/div>\n<div><b>S.A.<\/b><\/div>\n","protected":false},"excerpt":{"rendered":"<p>Le r\u00e9seau ADWIN (African\u00a0 Descendant Women Impact Network), le premier r\u00e9seau mondial d\u00e9di\u00e9 \u00e0 l\u2019autonomisation des femmes africaines et afro-descendantes, a \u00e9t\u00e9 lanc\u00e9 officiellement ce jeudi 5 juin 2025.\u00a0 C&rsquo;est la salle des congr\u00e8s du Sofitel H\u00f4tel Ivoire d&rsquo;Abidjan-Cocody qui a servi de cadre \u00e0 l&rsquo;organisation \u00e0 cette prestigieuse c\u00e9r\u00e9monie qui a enregistr\u00e9 la participation [&hellip;]<\/p>\n","protected":false},"author":2,"featured_media":7345,"comment_status":"closed","ping_status":"closed","sticky":false,"template":"","format":"standard","meta":{"_acf_changed":false,"footnotes":""},"categories":[],"tags":[],"class_list":["post-7344","post","type-post","status-publish","format-standard","has-post-thumbnail","hentry"],"acf":[],"yoast_head":"<!-- This site is optimized with the Yoast SEO plugin v27.5 - https:\/\/yoast.com\/product\/yoast-seo-wordpress\/ -->\n<title>Leadership f\u00e9minin Africain et afro-descendant : la Premi\u00e8re dame Dominique Ouattara lance officiellement le r\u00e9seau ADWIN \u00e0 Abidjan\u00a0 - Amanien| L&#039;actualit\u00e9 Ivoirienne et Internationale<\/title>\n<meta name=\"robots\" content=\"index, follow, max-snippet:-1, max-image-preview:large, max-video-preview:-1\" \/>\n<link rel=\"canonical\" href=\"https:\/\/www.amanien.info\/news\/leadership-feminin-africain-et-afro-descendant-la-premiere-dame-dominique-ouattara-lance-officiellement-le-reseau-adwin-a-abidjan\/\" \/>\n<meta property=\"og:locale\" content=\"fr_FR\" \/>\n<meta property=\"og:type\" content=\"article\" \/>\n<meta property=\"og:title\" content=\"Leadership f\u00e9minin Africain et afro-descendant : la Premi\u00e8re dame Dominique Ouattara lance officiellement le r\u00e9seau ADWIN \u00e0 Abidjan\u00a0 - Amanien| L&#039;actualit\u00e9 Ivoirienne et Internationale\" \/>\n<meta property=\"og:description\" content=\"Le r\u00e9seau ADWIN (African\u00a0 Descendant Women Impact Network), le premier r\u00e9seau mondial d\u00e9di\u00e9 \u00e0 l\u2019autonomisation des femmes africaines et afro-descendantes, a \u00e9t\u00e9 lanc\u00e9 officiellement ce jeudi 5 juin 2025.\u00a0 C&rsquo;est la salle des congr\u00e8s du Sofitel H\u00f4tel Ivoire d&rsquo;Abidjan-Cocody qui a servi de cadre \u00e0 l&rsquo;organisation \u00e0 cette prestigieuse c\u00e9r\u00e9monie qui a enregistr\u00e9 la participation [&hellip;]\" \/>\n<meta property=\"og:url\" content=\"https:\/\/www.amanien.info\/news\/leadership-feminin-africain-et-afro-descendant-la-premiere-dame-dominique-ouattara-lance-officiellement-le-reseau-adwin-a-abidjan\/\" \/>\n<meta property=\"og:site_name\" content=\"Amanien| L&#039;actualit\u00e9 Ivoirienne et Internationale\" \/>\n<meta property=\"article:published_time\" content=\"2025-06-06T13:52:38+00:00\" \/>\n<meta property=\"og:image\" content=\"https:\/\/www.amanien.info\/news\/wp-content\/uploads\/2025\/06\/DSC_9466-Grande-768x512-1.jpeg\" \/>\n\t<meta property=\"og:image:width\" content=\"768\" \/>\n\t<meta property=\"og:image:height\" content=\"512\" \/>\n\t<meta property=\"og:image:type\" content=\"image\/jpeg\" \/>\n<meta name=\"author\" content=\"Germain Ndri\" \/>\n<meta name=\"twitter:card\" content=\"summary_large_image\" \/>\n<meta name=\"twitter:label1\" content=\"\u00c9crit par\" \/>\n\t<meta name=\"twitter:data1\" content=\"Germain Ndri\" \/>\n\t<meta name=\"twitter:label2\" content=\"Dur\u00e9e de lecture estim\u00e9e\" \/>\n\t<meta name=\"twitter:data2\" content=\"4 minutes\" \/>\n<script type=\"application\/ld+json\" class=\"yoast-schema-graph\">{\"@context\":\"https:\\\/\\\/schema.org\",\"@graph\":[{\"@type\":\"Article\",\"@id\":\"https:\\\/\\\/www.amanien.info\\\/news\\\/leadership-feminin-africain-et-afro-descendant-la-premiere-dame-dominique-ouattara-lance-officiellement-le-reseau-adwin-a-abidjan\\\/#article\",\"isPartOf\":{\"@id\":\"https:\\\/\\\/www.amanien.info\\\/news\\\/leadership-feminin-africain-et-afro-descendant-la-premiere-dame-dominique-ouattara-lance-officiellement-le-reseau-adwin-a-abidjan\\\/\"},\"author\":{\"name\":\"Germain Ndri\",\"@id\":\"https:\\\/\\\/www.amanien.info\\\/news\\\/#\\\/schema\\\/person\\\/b21093345753a1a98242d505bd894f42\"},\"headline\":\"Leadership f\u00e9minin Africain et afro-descendant : la Premi\u00e8re dame Dominique Ouattara lance officiellement le r\u00e9seau ADWIN \u00e0 Abidjan\u00a0\",\"datePublished\":\"2025-06-06T13:52:38+00:00\",\"mainEntityOfPage\":{\"@id\":\"https:\\\/\\\/www.amanien.info\\\/news\\\/leadership-feminin-africain-et-afro-descendant-la-premiere-dame-dominique-ouattara-lance-officiellement-le-reseau-adwin-a-abidjan\\\/\"},\"wordCount\":848,\"image\":{\"@id\":\"https:\\\/\\\/www.amanien.info\\\/news\\\/leadership-feminin-africain-et-afro-descendant-la-premiere-dame-dominique-ouattara-lance-officiellement-le-reseau-adwin-a-abidjan\\\/#primaryimage\"},\"thumbnailUrl\":\"https:\\\/\\\/www.amanien.info\\\/news\\\/wp-content\\\/uploads\\\/2025\\\/06\\\/DSC_9466-Grande-768x512-1.jpeg\",\"inLanguage\":\"fr-FR\"},{\"@type\":\"WebPage\",\"@id\":\"https:\\\/\\\/www.amanien.info\\\/news\\\/leadership-feminin-africain-et-afro-descendant-la-premiere-dame-dominique-ouattara-lance-officiellement-le-reseau-adwin-a-abidjan\\\/\",\"url\":\"https:\\\/\\\/www.amanien.info\\\/news\\\/leadership-feminin-africain-et-afro-descendant-la-premiere-dame-dominique-ouattara-lance-officiellement-le-reseau-adwin-a-abidjan\\\/\",\"name\":\"Leadership f\u00e9minin Africain et afro-descendant : la Premi\u00e8re dame Dominique Ouattara lance officiellement le r\u00e9seau ADWIN \u00e0 Abidjan\u00a0 - Amanien| L&#039;actualit\u00e9 Ivoirienne et Internationale\",\"isPartOf\":{\"@id\":\"https:\\\/\\\/www.amanien.info\\\/news\\\/#website\"},\"primaryImageOfPage\":{\"@id\":\"https:\\\/\\\/www.amanien.info\\\/news\\\/leadership-feminin-africain-et-afro-descendant-la-premiere-dame-dominique-ouattara-lance-officiellement-le-reseau-adwin-a-abidjan\\\/#primaryimage\"},\"image\":{\"@id\":\"https:\\\/\\\/www.amanien.info\\\/news\\\/leadership-feminin-africain-et-afro-descendant-la-premiere-dame-dominique-ouattara-lance-officiellement-le-reseau-adwin-a-abidjan\\\/#primaryimage\"},\"thumbnailUrl\":\"https:\\\/\\\/www.amanien.info\\\/news\\\/wp-content\\\/uploads\\\/2025\\\/06\\\/DSC_9466-Grande-768x512-1.jpeg\",\"datePublished\":\"2025-06-06T13:52:38+00:00\",\"author\":{\"@id\":\"https:\\\/\\\/www.amanien.info\\\/news\\\/#\\\/schema\\\/person\\\/b21093345753a1a98242d505bd894f42\"},\"breadcrumb\":{\"@id\":\"https:\\\/\\\/www.amanien.info\\\/news\\\/leadership-feminin-africain-et-afro-descendant-la-premiere-dame-dominique-ouattara-lance-officiellement-le-reseau-adwin-a-abidjan\\\/#breadcrumb\"},\"inLanguage\":\"fr-FR\",\"potentialAction\":[{\"@type\":\"ReadAction\",\"target\":[\"https:\\\/\\\/www.amanien.info\\\/news\\\/leadership-feminin-africain-et-afro-descendant-la-premiere-dame-dominique-ouattara-lance-officiellement-le-reseau-adwin-a-abidjan\\\/\"]}]},{\"@type\":\"ImageObject\",\"inLanguage\":\"fr-FR\",\"@id\":\"https:\\\/\\\/www.amanien.info\\\/news\\\/leadership-feminin-africain-et-afro-descendant-la-premiere-dame-dominique-ouattara-lance-officiellement-le-reseau-adwin-a-abidjan\\\/#primaryimage\",\"url\":\"https:\\\/\\\/www.amanien.info\\\/news\\\/wp-content\\\/uploads\\\/2025\\\/06\\\/DSC_9466-Grande-768x512-1.jpeg\",\"contentUrl\":\"https:\\\/\\\/www.amanien.info\\\/news\\\/wp-content\\\/uploads\\\/2025\\\/06\\\/DSC_9466-Grande-768x512-1.jpeg\",\"width\":768,\"height\":512},{\"@type\":\"BreadcrumbList\",\"@id\":\"https:\\\/\\\/www.amanien.info\\\/news\\\/leadership-feminin-africain-et-afro-descendant-la-premiere-dame-dominique-ouattara-lance-officiellement-le-reseau-adwin-a-abidjan\\\/#breadcrumb\",\"itemListElement\":[{\"@type\":\"ListItem\",\"position\":1,\"name\":\"Accueil\",\"item\":\"https:\\\/\\\/www.amanien.info\\\/news\\\/\"},{\"@type\":\"ListItem\",\"position\":2,\"name\":\"Leadership f\u00e9minin Africain et afro-descendant : la Premi\u00e8re dame Dominique Ouattara lance officiellement le r\u00e9seau ADWIN \u00e0 Abidjan\u00a0\"}]},{\"@type\":\"WebSite\",\"@id\":\"https:\\\/\\\/www.amanien.info\\\/news\\\/#website\",\"url\":\"https:\\\/\\\/www.amanien.info\\\/news\\\/\",\"name\":\"Amanien| L&#039;actualit\u00e9 Ivoirienne et Internationale\",\"description\":\"L&#039;actualit\u00e9 Ivoirienne et Internationale\",\"potentialAction\":[{\"@type\":\"SearchAction\",\"target\":{\"@type\":\"EntryPoint\",\"urlTemplate\":\"https:\\\/\\\/www.amanien.info\\\/news\\\/?s={search_term_string}\"},\"query-input\":{\"@type\":\"PropertyValueSpecification\",\"valueRequired\":true,\"valueName\":\"search_term_string\"}}],\"inLanguage\":\"fr-FR\"},{\"@type\":\"Person\",\"@id\":\"https:\\\/\\\/www.amanien.info\\\/news\\\/#\\\/schema\\\/person\\\/b21093345753a1a98242d505bd894f42\",\"name\":\"Germain Ndri\",\"url\":\"https:\\\/\\\/www.amanien.info\\\/news\\\/author\\\/amanien-infos\\\/\"}]}<\/script>\n<!-- \/ Yoast SEO plugin. -->","yoast_head_json":{"title":"Leadership f\u00e9minin Africain et afro-descendant : la Premi\u00e8re dame Dominique Ouattara lance officiellement le r\u00e9seau ADWIN \u00e0 Abidjan\u00a0 - Amanien| L&#039;actualit\u00e9 Ivoirienne et Internationale","robots":{"index":"index","follow":"follow","max-snippet":"max-snippet:-1","max-image-preview":"max-image-preview:large","max-video-preview":"max-video-preview:-1"},"canonical":"https:\/\/www.amanien.info\/news\/leadership-feminin-africain-et-afro-descendant-la-premiere-dame-dominique-ouattara-lance-officiellement-le-reseau-adwin-a-abidjan\/","og_locale":"fr_FR","og_type":"article","og_title":"Leadership f\u00e9minin Africain et afro-descendant : la Premi\u00e8re dame Dominique Ouattara lance officiellement le r\u00e9seau ADWIN \u00e0 Abidjan\u00a0 - Amanien| L&#039;actualit\u00e9 Ivoirienne et Internationale","og_description":"Le r\u00e9seau ADWIN (African\u00a0 Descendant Women Impact Network), le premier r\u00e9seau mondial d\u00e9di\u00e9 \u00e0 l\u2019autonomisation des femmes africaines et afro-descendantes, a \u00e9t\u00e9 lanc\u00e9 officiellement ce jeudi 5 juin 2025.\u00a0 C&rsquo;est la salle des congr\u00e8s du Sofitel H\u00f4tel Ivoire d&rsquo;Abidjan-Cocody qui a servi de cadre \u00e0 l&rsquo;organisation \u00e0 cette prestigieuse c\u00e9r\u00e9monie qui a enregistr\u00e9 la participation [&hellip;]","og_url":"https:\/\/www.amanien.info\/news\/leadership-feminin-africain-et-afro-descendant-la-premiere-dame-dominique-ouattara-lance-officiellement-le-reseau-adwin-a-abidjan\/","og_site_name":"Amanien| L&#039;actualit\u00e9 Ivoirienne et Internationale","article_published_time":"2025-06-06T13:52:38+00:00","og_image":[{"width":768,"height":512,"url":"https:\/\/www.amanien.info\/news\/wp-content\/uploads\/2025\/06\/DSC_9466-Grande-768x512-1.jpeg","type":"image\/jpeg"}],"author":"Germain Ndri","twitter_card":"summary_large_image","twitter_misc":{"\u00c9crit par":"Germain Ndri","Dur\u00e9e de lecture estim\u00e9e":"4 minutes"},"schema":{"@context":"https:\/\/schema.org","@graph":[{"@type":"Article","@id":"https:\/\/www.amanien.info\/news\/leadership-feminin-africain-et-afro-descendant-la-premiere-dame-dominique-ouattara-lance-officiellement-le-reseau-adwin-a-abidjan\/#article","isPartOf":{"@id":"https:\/\/www.amanien.info\/news\/leadership-feminin-africain-et-afro-descendant-la-premiere-dame-dominique-ouattara-lance-officiellement-le-reseau-adwin-a-abidjan\/"},"author":{"name":"Germain Ndri","@id":"https:\/\/www.amanien.info\/news\/#\/schema\/person\/b21093345753a1a98242d505bd894f42"},"headline":"Leadership f\u00e9minin Africain et afro-descendant : la Premi\u00e8re dame Dominique Ouattara lance officiellement le r\u00e9seau ADWIN \u00e0 Abidjan\u00a0","datePublished":"2025-06-06T13:52:38+00:00","mainEntityOfPage":{"@id":"https:\/\/www.amanien.info\/news\/leadership-feminin-africain-et-afro-descendant-la-premiere-dame-dominique-ouattara-lance-officiellement-le-reseau-adwin-a-abidjan\/"},"wordCount":848,"image":{"@id":"https:\/\/www.amanien.info\/news\/leadership-feminin-africain-et-afro-descendant-la-premiere-dame-dominique-ouattara-lance-officiellement-le-reseau-adwin-a-abidjan\/#primaryimage"},"thumbnailUrl":"https:\/\/www.amanien.info\/news\/wp-content\/uploads\/2025\/06\/DSC_9466-Grande-768x512-1.jpeg","inLanguage":"fr-FR"},{"@type":"WebPage","@id":"https:\/\/www.amanien.info\/news\/leadership-feminin-africain-et-afro-descendant-la-premiere-dame-dominique-ouattara-lance-officiellement-le-reseau-adwin-a-abidjan\/","url":"https:\/\/www.amanien.info\/news\/leadership-feminin-africain-et-afro-descendant-la-premiere-dame-dominique-ouattara-lance-officiellement-le-reseau-adwin-a-abidjan\/","name":"Leadership f\u00e9minin Africain et afro-descendant : la Premi\u00e8re dame Dominique Ouattara lance officiellement le r\u00e9seau ADWIN \u00e0 Abidjan\u00a0 - Amanien| L&#039;actualit\u00e9 Ivoirienne et Internationale","isPartOf":{"@id":"https:\/\/www.amanien.info\/news\/#website"},"primaryImageOfPage":{"@id":"https:\/\/www.amanien.info\/news\/leadership-feminin-africain-et-afro-descendant-la-premiere-dame-dominique-ouattara-lance-officiellement-le-reseau-adwin-a-abidjan\/#primaryimage"},"image":{"@id":"https:\/\/www.amanien.info\/news\/leadership-feminin-africain-et-afro-descendant-la-premiere-dame-dominique-ouattara-lance-officiellement-le-reseau-adwin-a-abidjan\/#primaryimage"},"thumbnailUrl":"https:\/\/www.amanien.info\/news\/wp-content\/uploads\/2025\/06\/DSC_9466-Grande-768x512-1.jpeg","datePublished":"2025-06-06T13:52:38+00:00","author":{"@id":"https:\/\/www.amanien.info\/news\/#\/schema\/person\/b21093345753a1a98242d505bd894f42"},"breadcrumb":{"@id":"https:\/\/www.amanien.info\/news\/leadership-feminin-africain-et-afro-descendant-la-premiere-dame-dominique-ouattara-lance-officiellement-le-reseau-adwin-a-abidjan\/#breadcrumb"},"inLanguage":"fr-FR","potentialAction":[{"@type":"ReadAction","target":["https:\/\/www.amanien.info\/news\/leadership-feminin-africain-et-afro-descendant-la-premiere-dame-dominique-ouattara-lance-officiellement-le-reseau-adwin-a-abidjan\/"]}]},{"@type":"ImageObject","inLanguage":"fr-FR","@id":"https:\/\/www.amanien.info\/news\/leadership-feminin-africain-et-afro-descendant-la-premiere-dame-dominique-ouattara-lance-officiellement-le-reseau-adwin-a-abidjan\/#primaryimage","url":"https:\/\/www.amanien.info\/news\/wp-content\/uploads\/2025\/06\/DSC_9466-Grande-768x512-1.jpeg","contentUrl":"https:\/\/www.amanien.info\/news\/wp-content\/uploads\/2025\/06\/DSC_9466-Grande-768x512-1.jpeg","width":768,"height":512},{"@type":"BreadcrumbList","@id":"https:\/\/www.amanien.info\/news\/leadership-feminin-africain-et-afro-descendant-la-premiere-dame-dominique-ouattara-lance-officiellement-le-reseau-adwin-a-abidjan\/#breadcrumb","itemListElement":[{"@type":"ListItem","position":1,"name":"Accueil","item":"https:\/\/www.amanien.info\/news\/"},{"@type":"ListItem","position":2,"name":"Leadership f\u00e9minin Africain et afro-descendant : la Premi\u00e8re dame Dominique Ouattara lance officiellement le r\u00e9seau ADWIN \u00e0 Abidjan\u00a0"}]},{"@type":"WebSite","@id":"https:\/\/www.amanien.info\/news\/#website","url":"https:\/\/www.amanien.info\/news\/","name":"Amanien| L&#039;actualit\u00e9 Ivoirienne et Internationale","description":"L&#039;actualit\u00e9 Ivoirienne et Internationale","potentialAction":[{"@type":"SearchAction","target":{"@type":"EntryPoint","urlTemplate":"https:\/\/www.amanien.info\/news\/?s={search_term_string}"},"query-input":{"@type":"PropertyValueSpecification","valueRequired":true,"valueName":"search_term_string"}}],"inLanguage":"fr-FR"},{"@type":"Person","@id":"https:\/\/www.amanien.info\/news\/#\/schema\/person\/b21093345753a1a98242d505bd894f42","name":"Germain Ndri","url":"https:\/\/www.amanien.info\/news\/author\/amanien-infos\/"}]}},"_links":{"self":[{"href":"https:\/\/www.amanien.info\/news\/wp-json\/wp\/v2\/posts\/7344","targetHints":{"allow":["GET"]}}],"collection":[{"href":"https:\/\/www.amanien.info\/news\/wp-json\/wp\/v2\/posts"}],"about":[{"href":"https:\/\/www.amanien.info\/news\/wp-json\/wp\/v2\/types\/post"}],"author":[{"embeddable":true,"href":"https:\/\/www.amanien.info\/news\/wp-json\/wp\/v2\/users\/2"}],"replies":[{"embeddable":true,"href":"https:\/\/www.amanien.info\/news\/wp-json\/wp\/v2\/comments?post=7344"}],"version-history":[{"count":1,"href":"https:\/\/www.amanien.info\/news\/wp-json\/wp\/v2\/posts\/7344\/revisions"}],"predecessor-version":[{"id":7346,"href":"https:\/\/www.amanien.info\/news\/wp-json\/wp\/v2\/posts\/7344\/revisions\/7346"}],"wp:featuredmedia":[{"embeddable":true,"href":"https:\/\/www.amanien.info\/news\/wp-json\/wp\/v2\/media\/7345"}],"wp:attachment":[{"href":"https:\/\/www.amanien.info\/news\/wp-json\/wp\/v2\/media?parent=7344"}],"wp:term":[{"taxonomy":"category","embeddable":true,"href":"https:\/\/www.amanien.info\/news\/wp-json\/wp\/v2\/categories?post=7344"},{"taxonomy":"post_tag","embeddable":true,"href":"https:\/\/www.amanien.info\/news\/wp-json\/wp\/v2\/tags?post=7344"}],"curies":[{"name":"wp","href":"https:\/\/api.w.org\/{rel}","templated":true}]}}