{"id":7321,"date":"2025-06-01T11:30:56","date_gmt":"2025-06-01T11:30:56","guid":{"rendered":"https:\/\/www.amanien.info\/news\/?p=7321"},"modified":"2025-06-01T11:30:56","modified_gmt":"2025-06-01T11:30:56","slug":"remapsen-le-quatrieme-forum-des-medias-sur-les-maladies-tropicales-negligees-mtn-aura-lieu-du-25-au-27-novembre-a-abidjan-en-cote-divoire-lannonce-a-ete-faite-au-cours-dune-ceremonie-de-lanc","status":"publish","type":"post","link":"https:\/\/www.amanien.info\/news\/remapsen-le-quatrieme-forum-des-medias-sur-les-maladies-tropicales-negligees-mtn-aura-lieu-du-25-au-27-novembre-a-abidjan-en-cote-divoire-lannonce-a-ete-faite-au-cours-dune-ceremonie-de-lanc\/","title":{"rendered":"REMAPSEN: Le quatri\u00e8me forum des m\u00e9dias sur les Maladies Tropicales N\u00e9glig\u00e9es (MTN) aura lieu du 25 au 27 Novembre \u00e0 Abidjan en C\u00f4te d&rsquo;Ivoire. L&rsquo;annonce a \u00e9t\u00e9 faite au cours d&rsquo;une c\u00e9r\u00e9monie de lancement ce vendredi."},"content":{"rendered":"<p>&nbsp;<\/p>\n<p><b>Ce forum consistera \u00e0 r\u00e9unir pendant trois jours pr\u00e8s de quatre vingt journalistes de radio, t\u00e9l\u00e9, presse et \u00e9crite et en ligne de trente cinq pays africains. Il y aura aussi des sp\u00e9cialistes et experts qui communiqueront sur la situation des MTN en Afrique, les diff\u00e9rentes formes de MTN,les facteurs de risques, les causes des maladies, les moyens de pr\u00e9vention, la mobilisation des ressources puis, la prise en charge m\u00e9dicale et communautaire.<\/b><\/p>\n<p><b>Le forum sera meubl\u00e9 par des communications et panels sur les MTN qui seront suivis d&rsquo;\u00e9changes avec les journalistes. Ces discutions permettront aux journalistes de comprendre les d\u00e9fis de la lutte contre les MTN en Afrique. Un plan d&rsquo;action M\u00e9dias de lutte contre les maladies tropicales n\u00e9glig\u00e9es sera adopt\u00e9 et mis en \u0153uvre sur les trois ann\u00e9es \u00e0 venir.<\/b><\/p>\n<p><b>Les objectifs sp\u00e9cifiques du forum sont entre autres:<\/b><\/p>\n<p><b>\u00a0Le renforcement des capacit\u00e9s des journalistes africaons sur les d\u00e9fis de la lutte contre les MTN sur le continent africain,<\/b><\/p>\n<p><b>La sensibilisation des journalistes \u00e0 r\u00e9aliser des productions m\u00e9diatiques de qualit\u00e9 sur les maladies concern\u00e9es,<\/b><\/p>\n<p><b>La cr\u00e9ation d&rsquo;un pool r\u00e9gional de journalistes sp\u00e9cialistes des MTN<\/b><\/p>\n<p><b>Et, r\u00e9compenser les laur\u00e9ats du Concours r\u00e9gional des journalistes sur les MTN<\/b><\/p>\n<p><b>Enfin, mettre en place un pool de journalistes du R\u00e9seau des M\u00e9dias Africains pour la Promotion de la Sant\u00e9 et de l&rsquo;Environnement (REMAPSEN).<\/b><\/p>\n<p><b>\u00c0 la c\u00e9r\u00e9monie de lancement, BAMBA Youssouf, pr\u00e9sident du conseil d&rsquo;administration du REMAPSEN, ses collaborateurs et les sp\u00e9cialistes pr\u00e9sents ont d\u00e9fini les diff\u00e9rentes cat\u00e9gories de Maladies Tropicales N\u00e9glig\u00e9es et projet\u00e9 le film de l&rsquo;\u00e9dition 2024 des Awards du REMAPSEN.<\/b><\/p>\n<p><b>\u00a0Cette c\u00e9r\u00e9monie de lancement \u00e0 permis aux organisateurs de pr\u00e9senter L&rsquo;historique , les objectifs, les crit\u00e8res de choix des laur\u00e9ats et les innovations du concours de l&rsquo;ann\u00e9e 2025.<\/b><\/p>\n<p><b>\u00a0Notons que les Awards sont dot\u00e9s des prix Michel Sidib\u00e9.<\/b><\/p>\n<p><b>Assouan KONAN<\/b><\/p>\n","protected":false},"excerpt":{"rendered":"<p>&nbsp; Ce forum consistera \u00e0 r\u00e9unir pendant trois jours pr\u00e8s de quatre vingt journalistes de radio, t\u00e9l\u00e9, presse et \u00e9crite et en ligne de trente cinq pays africains. Il y aura aussi des sp\u00e9cialistes et experts qui communiqueront sur la situation des MTN en Afrique, les diff\u00e9rentes formes de MTN,les facteurs de risques, les causes [&hellip;]<\/p>\n","protected":false},"author":2,"featured_media":7322,"comment_status":"closed","ping_status":"closed","sticky":false,"template":"","format":"standard","meta":{"_acf_changed":false,"footnotes":""},"categories":[3],"tags":[],"class_list":["post-7321","post","type-post","status-publish","format-standard","has-post-thumbnail","hentry","category-culture"],"acf":[],"yoast_head":"<!-- This site is optimized with the Yoast SEO plugin v27.5 - https:\/\/yoast.com\/product\/yoast-seo-wordpress\/ -->\n<title>REMAPSEN: Le quatri\u00e8me forum des m\u00e9dias sur les Maladies Tropicales N\u00e9glig\u00e9es (MTN) aura lieu du 25 au 27 Novembre \u00e0 Abidjan en C\u00f4te d&#039;Ivoire. L&#039;annonce a \u00e9t\u00e9 faite au cours d&#039;une c\u00e9r\u00e9monie de lancement ce vendredi. - Amanien| L&#039;actualit\u00e9 Ivoirienne et Internationale<\/title>\n<meta name=\"robots\" content=\"index, follow, max-snippet:-1, max-image-preview:large, max-video-preview:-1\" \/>\n<link rel=\"canonical\" href=\"https:\/\/www.amanien.info\/news\/remapsen-le-quatrieme-forum-des-medias-sur-les-maladies-tropicales-negligees-mtn-aura-lieu-du-25-au-27-novembre-a-abidjan-en-cote-divoire-lannonce-a-ete-faite-au-cours-dune-ceremonie-de-lanc\/\" \/>\n<meta property=\"og:locale\" content=\"fr_FR\" \/>\n<meta property=\"og:type\" content=\"article\" \/>\n<meta property=\"og:title\" content=\"REMAPSEN: Le quatri\u00e8me forum des m\u00e9dias sur les Maladies Tropicales N\u00e9glig\u00e9es (MTN) aura lieu du 25 au 27 Novembre \u00e0 Abidjan en C\u00f4te d&#039;Ivoire. L&#039;annonce a \u00e9t\u00e9 faite au cours d&#039;une c\u00e9r\u00e9monie de lancement ce vendredi. - Amanien| L&#039;actualit\u00e9 Ivoirienne et Internationale\" \/>\n<meta property=\"og:description\" content=\"&nbsp; Ce forum consistera \u00e0 r\u00e9unir pendant trois jours pr\u00e8s de quatre vingt journalistes de radio, t\u00e9l\u00e9, presse et \u00e9crite et en ligne de trente cinq pays africains. Il y aura aussi des sp\u00e9cialistes et experts qui communiqueront sur la situation des MTN en Afrique, les diff\u00e9rentes formes de MTN,les facteurs de risques, les causes [&hellip;]\" \/>\n<meta property=\"og:url\" content=\"https:\/\/www.amanien.info\/news\/remapsen-le-quatrieme-forum-des-medias-sur-les-maladies-tropicales-negligees-mtn-aura-lieu-du-25-au-27-novembre-a-abidjan-en-cote-divoire-lannonce-a-ete-faite-au-cours-dune-ceremonie-de-lanc\/\" \/>\n<meta property=\"og:site_name\" content=\"Amanien| L&#039;actualit\u00e9 Ivoirienne et Internationale\" \/>\n<meta property=\"article:published_time\" content=\"2025-06-01T11:30:56+00:00\" \/>\n<meta property=\"og:image\" content=\"https:\/\/www.amanien.info\/news\/wp-content\/uploads\/2025\/06\/IMG_20250530_154338_resized_20250601_110706843.jpg\" \/>\n\t<meta property=\"og:image:width\" content=\"1040\" \/>\n\t<meta property=\"og:image:height\" content=\"780\" \/>\n\t<meta property=\"og:image:type\" content=\"image\/jpeg\" \/>\n<meta name=\"author\" content=\"Germain Ndri\" \/>\n<meta name=\"twitter:card\" content=\"summary_large_image\" \/>\n<meta name=\"twitter:label1\" content=\"\u00c9crit par\" \/>\n\t<meta name=\"twitter:data1\" content=\"Germain Ndri\" \/>\n\t<meta name=\"twitter:label2\" content=\"Dur\u00e9e de lecture estim\u00e9e\" \/>\n\t<meta name=\"twitter:data2\" content=\"2 minutes\" \/>\n<script type=\"application\/ld+json\" class=\"yoast-schema-graph\">{\"@context\":\"https:\\\/\\\/schema.org\",\"@graph\":[{\"@type\":\"Article\",\"@id\":\"https:\\\/\\\/www.amanien.info\\\/news\\\/remapsen-le-quatrieme-forum-des-medias-sur-les-maladies-tropicales-negligees-mtn-aura-lieu-du-25-au-27-novembre-a-abidjan-en-cote-divoire-lannonce-a-ete-faite-au-cours-dune-ceremonie-de-lanc\\\/#article\",\"isPartOf\":{\"@id\":\"https:\\\/\\\/www.amanien.info\\\/news\\\/remapsen-le-quatrieme-forum-des-medias-sur-les-maladies-tropicales-negligees-mtn-aura-lieu-du-25-au-27-novembre-a-abidjan-en-cote-divoire-lannonce-a-ete-faite-au-cours-dune-ceremonie-de-lanc\\\/\"},\"author\":{\"name\":\"Germain Ndri\",\"@id\":\"https:\\\/\\\/www.amanien.info\\\/news\\\/#\\\/schema\\\/person\\\/b21093345753a1a98242d505bd894f42\"},\"headline\":\"REMAPSEN: Le quatri\u00e8me forum des m\u00e9dias sur les Maladies Tropicales N\u00e9glig\u00e9es (MTN) aura lieu du 25 au 27 Novembre \u00e0 Abidjan en C\u00f4te d&rsquo;Ivoire. L&rsquo;annonce a \u00e9t\u00e9 faite au cours d&rsquo;une c\u00e9r\u00e9monie de lancement ce vendredi.\",\"datePublished\":\"2025-06-01T11:30:56+00:00\",\"mainEntityOfPage\":{\"@id\":\"https:\\\/\\\/www.amanien.info\\\/news\\\/remapsen-le-quatrieme-forum-des-medias-sur-les-maladies-tropicales-negligees-mtn-aura-lieu-du-25-au-27-novembre-a-abidjan-en-cote-divoire-lannonce-a-ete-faite-au-cours-dune-ceremonie-de-lanc\\\/\"},\"wordCount\":386,\"image\":{\"@id\":\"https:\\\/\\\/www.amanien.info\\\/news\\\/remapsen-le-quatrieme-forum-des-medias-sur-les-maladies-tropicales-negligees-mtn-aura-lieu-du-25-au-27-novembre-a-abidjan-en-cote-divoire-lannonce-a-ete-faite-au-cours-dune-ceremonie-de-lanc\\\/#primaryimage\"},\"thumbnailUrl\":\"https:\\\/\\\/www.amanien.info\\\/news\\\/wp-content\\\/uploads\\\/2025\\\/06\\\/IMG_20250530_154338_resized_20250601_110706843.jpg\",\"articleSection\":[\"Culture\"],\"inLanguage\":\"fr-FR\"},{\"@type\":\"WebPage\",\"@id\":\"https:\\\/\\\/www.amanien.info\\\/news\\\/remapsen-le-quatrieme-forum-des-medias-sur-les-maladies-tropicales-negligees-mtn-aura-lieu-du-25-au-27-novembre-a-abidjan-en-cote-divoire-lannonce-a-ete-faite-au-cours-dune-ceremonie-de-lanc\\\/\",\"url\":\"https:\\\/\\\/www.amanien.info\\\/news\\\/remapsen-le-quatrieme-forum-des-medias-sur-les-maladies-tropicales-negligees-mtn-aura-lieu-du-25-au-27-novembre-a-abidjan-en-cote-divoire-lannonce-a-ete-faite-au-cours-dune-ceremonie-de-lanc\\\/\",\"name\":\"REMAPSEN: Le quatri\u00e8me forum des m\u00e9dias sur les Maladies Tropicales N\u00e9glig\u00e9es (MTN) aura lieu du 25 au 27 Novembre \u00e0 Abidjan en C\u00f4te d'Ivoire. L'annonce a \u00e9t\u00e9 faite au cours d'une c\u00e9r\u00e9monie de lancement ce vendredi. - Amanien| L&#039;actualit\u00e9 Ivoirienne et Internationale\",\"isPartOf\":{\"@id\":\"https:\\\/\\\/www.amanien.info\\\/news\\\/#website\"},\"primaryImageOfPage\":{\"@id\":\"https:\\\/\\\/www.amanien.info\\\/news\\\/remapsen-le-quatrieme-forum-des-medias-sur-les-maladies-tropicales-negligees-mtn-aura-lieu-du-25-au-27-novembre-a-abidjan-en-cote-divoire-lannonce-a-ete-faite-au-cours-dune-ceremonie-de-lanc\\\/#primaryimage\"},\"image\":{\"@id\":\"https:\\\/\\\/www.amanien.info\\\/news\\\/remapsen-le-quatrieme-forum-des-medias-sur-les-maladies-tropicales-negligees-mtn-aura-lieu-du-25-au-27-novembre-a-abidjan-en-cote-divoire-lannonce-a-ete-faite-au-cours-dune-ceremonie-de-lanc\\\/#primaryimage\"},\"thumbnailUrl\":\"https:\\\/\\\/www.amanien.info\\\/news\\\/wp-content\\\/uploads\\\/2025\\\/06\\\/IMG_20250530_154338_resized_20250601_110706843.jpg\",\"datePublished\":\"2025-06-01T11:30:56+00:00\",\"author\":{\"@id\":\"https:\\\/\\\/www.amanien.info\\\/news\\\/#\\\/schema\\\/person\\\/b21093345753a1a98242d505bd894f42\"},\"breadcrumb\":{\"@id\":\"https:\\\/\\\/www.amanien.info\\\/news\\\/remapsen-le-quatrieme-forum-des-medias-sur-les-maladies-tropicales-negligees-mtn-aura-lieu-du-25-au-27-novembre-a-abidjan-en-cote-divoire-lannonce-a-ete-faite-au-cours-dune-ceremonie-de-lanc\\\/#breadcrumb\"},\"inLanguage\":\"fr-FR\",\"potentialAction\":[{\"@type\":\"ReadAction\",\"target\":[\"https:\\\/\\\/www.amanien.info\\\/news\\\/remapsen-le-quatrieme-forum-des-medias-sur-les-maladies-tropicales-negligees-mtn-aura-lieu-du-25-au-27-novembre-a-abidjan-en-cote-divoire-lannonce-a-ete-faite-au-cours-dune-ceremonie-de-lanc\\\/\"]}]},{\"@type\":\"ImageObject\",\"inLanguage\":\"fr-FR\",\"@id\":\"https:\\\/\\\/www.amanien.info\\\/news\\\/remapsen-le-quatrieme-forum-des-medias-sur-les-maladies-tropicales-negligees-mtn-aura-lieu-du-25-au-27-novembre-a-abidjan-en-cote-divoire-lannonce-a-ete-faite-au-cours-dune-ceremonie-de-lanc\\\/#primaryimage\",\"url\":\"https:\\\/\\\/www.amanien.info\\\/news\\\/wp-content\\\/uploads\\\/2025\\\/06\\\/IMG_20250530_154338_resized_20250601_110706843.jpg\",\"contentUrl\":\"https:\\\/\\\/www.amanien.info\\\/news\\\/wp-content\\\/uploads\\\/2025\\\/06\\\/IMG_20250530_154338_resized_20250601_110706843.jpg\",\"width\":1040,\"height\":780},{\"@type\":\"BreadcrumbList\",\"@id\":\"https:\\\/\\\/www.amanien.info\\\/news\\\/remapsen-le-quatrieme-forum-des-medias-sur-les-maladies-tropicales-negligees-mtn-aura-lieu-du-25-au-27-novembre-a-abidjan-en-cote-divoire-lannonce-a-ete-faite-au-cours-dune-ceremonie-de-lanc\\\/#breadcrumb\",\"itemListElement\":[{\"@type\":\"ListItem\",\"position\":1,\"name\":\"Accueil\",\"item\":\"https:\\\/\\\/www.amanien.info\\\/news\\\/\"},{\"@type\":\"ListItem\",\"position\":2,\"name\":\"REMAPSEN: Le quatri\u00e8me forum des m\u00e9dias sur les Maladies Tropicales N\u00e9glig\u00e9es (MTN) aura lieu du 25 au 27 Novembre \u00e0 Abidjan en C\u00f4te d&rsquo;Ivoire. L&rsquo;annonce a \u00e9t\u00e9 faite au cours d&rsquo;une c\u00e9r\u00e9monie de lancement ce vendredi.\"}]},{\"@type\":\"WebSite\",\"@id\":\"https:\\\/\\\/www.amanien.info\\\/news\\\/#website\",\"url\":\"https:\\\/\\\/www.amanien.info\\\/news\\\/\",\"name\":\"Amanien| L&#039;actualit\u00e9 Ivoirienne et Internationale\",\"description\":\"L&#039;actualit\u00e9 Ivoirienne et Internationale\",\"potentialAction\":[{\"@type\":\"SearchAction\",\"target\":{\"@type\":\"EntryPoint\",\"urlTemplate\":\"https:\\\/\\\/www.amanien.info\\\/news\\\/?s={search_term_string}\"},\"query-input\":{\"@type\":\"PropertyValueSpecification\",\"valueRequired\":true,\"valueName\":\"search_term_string\"}}],\"inLanguage\":\"fr-FR\"},{\"@type\":\"Person\",\"@id\":\"https:\\\/\\\/www.amanien.info\\\/news\\\/#\\\/schema\\\/person\\\/b21093345753a1a98242d505bd894f42\",\"name\":\"Germain Ndri\",\"url\":\"https:\\\/\\\/www.amanien.info\\\/news\\\/author\\\/amanien-infos\\\/\"}]}<\/script>\n<!-- \/ Yoast SEO plugin. -->","yoast_head_json":{"title":"REMAPSEN: Le quatri\u00e8me forum des m\u00e9dias sur les Maladies Tropicales N\u00e9glig\u00e9es (MTN) aura lieu du 25 au 27 Novembre \u00e0 Abidjan en C\u00f4te d'Ivoire. L'annonce a \u00e9t\u00e9 faite au cours d'une c\u00e9r\u00e9monie de lancement ce vendredi. - Amanien| L&#039;actualit\u00e9 Ivoirienne et Internationale","robots":{"index":"index","follow":"follow","max-snippet":"max-snippet:-1","max-image-preview":"max-image-preview:large","max-video-preview":"max-video-preview:-1"},"canonical":"https:\/\/www.amanien.info\/news\/remapsen-le-quatrieme-forum-des-medias-sur-les-maladies-tropicales-negligees-mtn-aura-lieu-du-25-au-27-novembre-a-abidjan-en-cote-divoire-lannonce-a-ete-faite-au-cours-dune-ceremonie-de-lanc\/","og_locale":"fr_FR","og_type":"article","og_title":"REMAPSEN: Le quatri\u00e8me forum des m\u00e9dias sur les Maladies Tropicales N\u00e9glig\u00e9es (MTN) aura lieu du 25 au 27 Novembre \u00e0 Abidjan en C\u00f4te d'Ivoire. L'annonce a \u00e9t\u00e9 faite au cours d'une c\u00e9r\u00e9monie de lancement ce vendredi. - Amanien| L&#039;actualit\u00e9 Ivoirienne et Internationale","og_description":"&nbsp; Ce forum consistera \u00e0 r\u00e9unir pendant trois jours pr\u00e8s de quatre vingt journalistes de radio, t\u00e9l\u00e9, presse et \u00e9crite et en ligne de trente cinq pays africains. Il y aura aussi des sp\u00e9cialistes et experts qui communiqueront sur la situation des MTN en Afrique, les diff\u00e9rentes formes de MTN,les facteurs de risques, les causes [&hellip;]","og_url":"https:\/\/www.amanien.info\/news\/remapsen-le-quatrieme-forum-des-medias-sur-les-maladies-tropicales-negligees-mtn-aura-lieu-du-25-au-27-novembre-a-abidjan-en-cote-divoire-lannonce-a-ete-faite-au-cours-dune-ceremonie-de-lanc\/","og_site_name":"Amanien| L&#039;actualit\u00e9 Ivoirienne et Internationale","article_published_time":"2025-06-01T11:30:56+00:00","og_image":[{"width":1040,"height":780,"url":"https:\/\/www.amanien.info\/news\/wp-content\/uploads\/2025\/06\/IMG_20250530_154338_resized_20250601_110706843.jpg","type":"image\/jpeg"}],"author":"Germain Ndri","twitter_card":"summary_large_image","twitter_misc":{"\u00c9crit par":"Germain Ndri","Dur\u00e9e de lecture estim\u00e9e":"2 minutes"},"schema":{"@context":"https:\/\/schema.org","@graph":[{"@type":"Article","@id":"https:\/\/www.amanien.info\/news\/remapsen-le-quatrieme-forum-des-medias-sur-les-maladies-tropicales-negligees-mtn-aura-lieu-du-25-au-27-novembre-a-abidjan-en-cote-divoire-lannonce-a-ete-faite-au-cours-dune-ceremonie-de-lanc\/#article","isPartOf":{"@id":"https:\/\/www.amanien.info\/news\/remapsen-le-quatrieme-forum-des-medias-sur-les-maladies-tropicales-negligees-mtn-aura-lieu-du-25-au-27-novembre-a-abidjan-en-cote-divoire-lannonce-a-ete-faite-au-cours-dune-ceremonie-de-lanc\/"},"author":{"name":"Germain Ndri","@id":"https:\/\/www.amanien.info\/news\/#\/schema\/person\/b21093345753a1a98242d505bd894f42"},"headline":"REMAPSEN: Le quatri\u00e8me forum des m\u00e9dias sur les Maladies Tropicales N\u00e9glig\u00e9es (MTN) aura lieu du 25 au 27 Novembre \u00e0 Abidjan en C\u00f4te d&rsquo;Ivoire. L&rsquo;annonce a \u00e9t\u00e9 faite au cours d&rsquo;une c\u00e9r\u00e9monie de lancement ce vendredi.","datePublished":"2025-06-01T11:30:56+00:00","mainEntityOfPage":{"@id":"https:\/\/www.amanien.info\/news\/remapsen-le-quatrieme-forum-des-medias-sur-les-maladies-tropicales-negligees-mtn-aura-lieu-du-25-au-27-novembre-a-abidjan-en-cote-divoire-lannonce-a-ete-faite-au-cours-dune-ceremonie-de-lanc\/"},"wordCount":386,"image":{"@id":"https:\/\/www.amanien.info\/news\/remapsen-le-quatrieme-forum-des-medias-sur-les-maladies-tropicales-negligees-mtn-aura-lieu-du-25-au-27-novembre-a-abidjan-en-cote-divoire-lannonce-a-ete-faite-au-cours-dune-ceremonie-de-lanc\/#primaryimage"},"thumbnailUrl":"https:\/\/www.amanien.info\/news\/wp-content\/uploads\/2025\/06\/IMG_20250530_154338_resized_20250601_110706843.jpg","articleSection":["Culture"],"inLanguage":"fr-FR"},{"@type":"WebPage","@id":"https:\/\/www.amanien.info\/news\/remapsen-le-quatrieme-forum-des-medias-sur-les-maladies-tropicales-negligees-mtn-aura-lieu-du-25-au-27-novembre-a-abidjan-en-cote-divoire-lannonce-a-ete-faite-au-cours-dune-ceremonie-de-lanc\/","url":"https:\/\/www.amanien.info\/news\/remapsen-le-quatrieme-forum-des-medias-sur-les-maladies-tropicales-negligees-mtn-aura-lieu-du-25-au-27-novembre-a-abidjan-en-cote-divoire-lannonce-a-ete-faite-au-cours-dune-ceremonie-de-lanc\/","name":"REMAPSEN: Le quatri\u00e8me forum des m\u00e9dias sur les Maladies Tropicales N\u00e9glig\u00e9es (MTN) aura lieu du 25 au 27 Novembre \u00e0 Abidjan en C\u00f4te d'Ivoire. L'annonce a \u00e9t\u00e9 faite au cours d'une c\u00e9r\u00e9monie de lancement ce vendredi. - Amanien| L&#039;actualit\u00e9 Ivoirienne et Internationale","isPartOf":{"@id":"https:\/\/www.amanien.info\/news\/#website"},"primaryImageOfPage":{"@id":"https:\/\/www.amanien.info\/news\/remapsen-le-quatrieme-forum-des-medias-sur-les-maladies-tropicales-negligees-mtn-aura-lieu-du-25-au-27-novembre-a-abidjan-en-cote-divoire-lannonce-a-ete-faite-au-cours-dune-ceremonie-de-lanc\/#primaryimage"},"image":{"@id":"https:\/\/www.amanien.info\/news\/remapsen-le-quatrieme-forum-des-medias-sur-les-maladies-tropicales-negligees-mtn-aura-lieu-du-25-au-27-novembre-a-abidjan-en-cote-divoire-lannonce-a-ete-faite-au-cours-dune-ceremonie-de-lanc\/#primaryimage"},"thumbnailUrl":"https:\/\/www.amanien.info\/news\/wp-content\/uploads\/2025\/06\/IMG_20250530_154338_resized_20250601_110706843.jpg","datePublished":"2025-06-01T11:30:56+00:00","author":{"@id":"https:\/\/www.amanien.info\/news\/#\/schema\/person\/b21093345753a1a98242d505bd894f42"},"breadcrumb":{"@id":"https:\/\/www.amanien.info\/news\/remapsen-le-quatrieme-forum-des-medias-sur-les-maladies-tropicales-negligees-mtn-aura-lieu-du-25-au-27-novembre-a-abidjan-en-cote-divoire-lannonce-a-ete-faite-au-cours-dune-ceremonie-de-lanc\/#breadcrumb"},"inLanguage":"fr-FR","potentialAction":[{"@type":"ReadAction","target":["https:\/\/www.amanien.info\/news\/remapsen-le-quatrieme-forum-des-medias-sur-les-maladies-tropicales-negligees-mtn-aura-lieu-du-25-au-27-novembre-a-abidjan-en-cote-divoire-lannonce-a-ete-faite-au-cours-dune-ceremonie-de-lanc\/"]}]},{"@type":"ImageObject","inLanguage":"fr-FR","@id":"https:\/\/www.amanien.info\/news\/remapsen-le-quatrieme-forum-des-medias-sur-les-maladies-tropicales-negligees-mtn-aura-lieu-du-25-au-27-novembre-a-abidjan-en-cote-divoire-lannonce-a-ete-faite-au-cours-dune-ceremonie-de-lanc\/#primaryimage","url":"https:\/\/www.amanien.info\/news\/wp-content\/uploads\/2025\/06\/IMG_20250530_154338_resized_20250601_110706843.jpg","contentUrl":"https:\/\/www.amanien.info\/news\/wp-content\/uploads\/2025\/06\/IMG_20250530_154338_resized_20250601_110706843.jpg","width":1040,"height":780},{"@type":"BreadcrumbList","@id":"https:\/\/www.amanien.info\/news\/remapsen-le-quatrieme-forum-des-medias-sur-les-maladies-tropicales-negligees-mtn-aura-lieu-du-25-au-27-novembre-a-abidjan-en-cote-divoire-lannonce-a-ete-faite-au-cours-dune-ceremonie-de-lanc\/#breadcrumb","itemListElement":[{"@type":"ListItem","position":1,"name":"Accueil","item":"https:\/\/www.amanien.info\/news\/"},{"@type":"ListItem","position":2,"name":"REMAPSEN: Le quatri\u00e8me forum des m\u00e9dias sur les Maladies Tropicales N\u00e9glig\u00e9es (MTN) aura lieu du 25 au 27 Novembre \u00e0 Abidjan en C\u00f4te d&rsquo;Ivoire. L&rsquo;annonce a \u00e9t\u00e9 faite au cours d&rsquo;une c\u00e9r\u00e9monie de lancement ce vendredi."}]},{"@type":"WebSite","@id":"https:\/\/www.amanien.info\/news\/#website","url":"https:\/\/www.amanien.info\/news\/","name":"Amanien| L&#039;actualit\u00e9 Ivoirienne et Internationale","description":"L&#039;actualit\u00e9 Ivoirienne et Internationale","potentialAction":[{"@type":"SearchAction","target":{"@type":"EntryPoint","urlTemplate":"https:\/\/www.amanien.info\/news\/?s={search_term_string}"},"query-input":{"@type":"PropertyValueSpecification","valueRequired":true,"valueName":"search_term_string"}}],"inLanguage":"fr-FR"},{"@type":"Person","@id":"https:\/\/www.amanien.info\/news\/#\/schema\/person\/b21093345753a1a98242d505bd894f42","name":"Germain Ndri","url":"https:\/\/www.amanien.info\/news\/author\/amanien-infos\/"}]}},"_links":{"self":[{"href":"https:\/\/www.amanien.info\/news\/wp-json\/wp\/v2\/posts\/7321","targetHints":{"allow":["GET"]}}],"collection":[{"href":"https:\/\/www.amanien.info\/news\/wp-json\/wp\/v2\/posts"}],"about":[{"href":"https:\/\/www.amanien.info\/news\/wp-json\/wp\/v2\/types\/post"}],"author":[{"embeddable":true,"href":"https:\/\/www.amanien.info\/news\/wp-json\/wp\/v2\/users\/2"}],"replies":[{"embeddable":true,"href":"https:\/\/www.amanien.info\/news\/wp-json\/wp\/v2\/comments?post=7321"}],"version-history":[{"count":1,"href":"https:\/\/www.amanien.info\/news\/wp-json\/wp\/v2\/posts\/7321\/revisions"}],"predecessor-version":[{"id":7323,"href":"https:\/\/www.amanien.info\/news\/wp-json\/wp\/v2\/posts\/7321\/revisions\/7323"}],"wp:featuredmedia":[{"embeddable":true,"href":"https:\/\/www.amanien.info\/news\/wp-json\/wp\/v2\/media\/7322"}],"wp:attachment":[{"href":"https:\/\/www.amanien.info\/news\/wp-json\/wp\/v2\/media?parent=7321"}],"wp:term":[{"taxonomy":"category","embeddable":true,"href":"https:\/\/www.amanien.info\/news\/wp-json\/wp\/v2\/categories?post=7321"},{"taxonomy":"post_tag","embeddable":true,"href":"https:\/\/www.amanien.info\/news\/wp-json\/wp\/v2\/tags?post=7321"}],"curies":[{"name":"wp","href":"https:\/\/api.w.org\/{rel}","templated":true}]}}