{"id":7308,"date":"2025-05-28T07:36:16","date_gmt":"2025-05-28T07:36:16","guid":{"rendered":"https:\/\/www.amanien.info\/news\/?p=7308"},"modified":"2025-05-28T07:49:00","modified_gmt":"2025-05-28T07:49:00","slug":"jean-louis-billon-face-a-la-presse-je-demeure-militant-7h00-pdci-rda","status":"publish","type":"post","link":"https:\/\/www.amanien.info\/news\/jean-louis-billon-face-a-la-presse-je-demeure-militant-7h00-pdci-rda\/","title":{"rendered":"Jean-Louis Billon face \u00e0 la presse : \u00ab\u00a0Je demeure militant PDCI-RDA\u00a0\u00bb"},"content":{"rendered":"<div><span style=\"text-transform: initial;\">Membre du Bureau politique au parti septuag\u00e9naire, PDCI-RDA, Jean-Louis Eug\u00e8ne Billon, a une anim\u00e9, ce lundi 26 mai 2025, \u00e0 Abidjan-Marcory, une importante conf\u00e9rence de presse relative \u00e0 la situation actuelle du PDCI-RDA, aux enjeux cruciaux de la pr\u00e9sidentielle d&rsquo;octobre prochain et \u00e0 sa vision et son engagement pour la C\u00f4te d&rsquo;Ivoire.\u00a0<\/span><\/div>\n<div><\/div>\n<div><\/div>\n<div>Face \u00e0 un parterre de journalistes, le Ministre Jean-Louis a appel\u00e9 le PDCI-RDA \u00e0 ouvrir \u00ab\u00a0le jeu d\u00e9mocratique\u00a0\u00bb dans les prochains jours et r\u00e9affirm\u00e9 son appartenance au PDCI-RDA et sa candidature \u00e0 la pr\u00e9sidentielle d&rsquo;octobre 2025.<\/div>\n<div>\u00ab\u00a0Je demeure militant du PDCI-RDA. Je suis candidat \u00e0 la pr\u00e9sidentielle de 2025, avec le PDCI-RDA, pour le PDCI-RDA. Que le parti ouvre le jeu d\u00e9mocratique les jours \u00e0 venir\u00a0\u00bb, a-t-il insist\u00e9.<\/div>\n<div><\/div>\n<div><\/div>\n<div>Il s&rsquo;est dit d\u00e9termin\u00e9 \u00e0 poursuivre sa mission et partager sa vision.<\/div>\n<div><\/div>\n<div>\u00ab\u00a0Je ne me tairai pas devant la souffrance de mon peuple. J&rsquo;irai au combat, m\u00eame en dehors des structures traditionnelles, mais surtout au nom du peuple ivoirien, pour une C\u00f4te d&rsquo;Ivoire plus juste, plus \u00e9quitable, plus solidaire. D\u00e8s \u00e0 pr\u00e9sent, nous entamons de grandes tourn\u00e9es \u00e0 travers le pays. Nous irons \u00e0 la rencontre des ivoiriens, pour les \u00e9couter, leur parler, partager notre vision et construire, ensemble, une C\u00f4te d&rsquo;Ivoire nouvelle\u00a0\u00bb, a d\u00e9clar\u00e9 l&rsquo;ancien Ministre du Commerce.<\/div>\n<div><\/div>\n<div><\/div>\n<div>Le D\u00e9put\u00e9 de Dabakala a \u00e9galement appel\u00e9 \u00e0 une nouvelle convention pour d\u00e9signer un candidat du PDCI-RDA \u00e0 la pr\u00e9sidentielle d&rsquo;octobre 2025. Car, soutient-il, \u00e0 cinq(05) mois de la pr\u00e9sidentielle, le Pr\u00e9sident du PDCI-RDA, Tidjane Thiam, est radi\u00e9 de la liste \u00e9lectorale.<\/div>\n<div><\/div>\n<div>\u00ab\u00a0Le PDCI-RDA doit organiser une nouvelle convention pour d\u00e9signer un candidat\u00a0\u00bb, a-t-il lanc\u00e9. Et Jean-Louis Billon de se proposer comme l&rsquo;alternative \u00e0 Tidjane Thiam.<\/div>\n<div><\/div>\n<div><\/div>\n<div>Il entend, par ailleurs, instaurer une gouvernance fond\u00e9e sur la transparence, la justice, le principe de \u00ab\u00a0l&rsquo;ivoirien d&rsquo;abord\u00a0\u00bb, le m\u00e9rite et l&rsquo;\u00e9quipe.<\/div>\n<div><\/div>\n<div>Son projet de soci\u00e9t\u00e9 pour la C\u00f4te d&rsquo;Ivoire s&rsquo;articule autour de plusieurs axes qui sont:<\/div>\n<div><\/div>\n<div>\u00a0\u2022la r\u00e9forme de l&rsquo;\u00c9tat pour qu&rsquo;il serve, et non pour qu&rsquo;il opprime;<\/div>\n<div>\u2022la valorisation de l&rsquo;agriculture, la jeunesse et la diaspora;<\/div>\n<div>\u2022la modernisation des infrastructures et la lib\u00e9ration du potentiel num\u00e9rique.<\/div>\n<div><\/div>\n<div>Ce projet vise aussi \u00e0 redonner \u00e0 la C\u00f4te d&rsquo;Ivoire un moteur en Afrique de l&rsquo;Ouest et \u00e0 garantir que chaque ivoirien, dit-il , \u00ab\u00a0se sente chez lui dans son propre pays\u00a0\u00bb.<\/div>\n<div><\/div>\n<div><\/div>\n<div>Pour rappel, le Ministre Jean-Louis Billon a d\u00e9clar\u00e9 sa candidature \u00e0 l&rsquo;\u00e9lection pr\u00e9sidentielle d&rsquo;octobre 2025, en octobre dernier \u00e0 Dabakala.<\/div>\n<div><\/div>\n<div><\/div>\n<div><b>S.A.<\/b><\/div>\n<div><\/div>\n","protected":false},"excerpt":{"rendered":"<p>Membre du Bureau politique au parti septuag\u00e9naire, PDCI-RDA, Jean-Louis Eug\u00e8ne Billon, a une anim\u00e9, ce lundi 26 mai 2025, \u00e0 Abidjan-Marcory, une importante conf\u00e9rence de presse relative \u00e0 la situation actuelle du PDCI-RDA, aux enjeux cruciaux de la pr\u00e9sidentielle d&rsquo;octobre prochain et \u00e0 sa vision et son engagement pour la C\u00f4te d&rsquo;Ivoire.\u00a0 Face \u00e0 un [&hellip;]<\/p>\n","protected":false},"author":2,"featured_media":7309,"comment_status":"closed","ping_status":"closed","sticky":false,"template":"","format":"standard","meta":{"_acf_changed":false,"footnotes":""},"categories":[1],"tags":[],"class_list":["post-7308","post","type-post","status-publish","format-standard","has-post-thumbnail","hentry","category-national"],"acf":[],"yoast_head":"<!-- This site is optimized with the Yoast SEO plugin v27.5 - https:\/\/yoast.com\/product\/yoast-seo-wordpress\/ -->\n<title>Jean-Louis Billon face \u00e0 la presse : &quot;Je demeure militant PDCI-RDA&quot; - Amanien| L&#039;actualit\u00e9 Ivoirienne et Internationale<\/title>\n<meta name=\"robots\" content=\"index, follow, max-snippet:-1, max-image-preview:large, max-video-preview:-1\" \/>\n<link rel=\"canonical\" href=\"https:\/\/www.amanien.info\/news\/jean-louis-billon-face-a-la-presse-je-demeure-militant-7h00-pdci-rda\/\" \/>\n<meta property=\"og:locale\" content=\"fr_FR\" \/>\n<meta property=\"og:type\" content=\"article\" \/>\n<meta property=\"og:title\" content=\"Jean-Louis Billon face \u00e0 la presse : &quot;Je demeure militant PDCI-RDA&quot; - Amanien| L&#039;actualit\u00e9 Ivoirienne et Internationale\" \/>\n<meta property=\"og:description\" content=\"Membre du Bureau politique au parti septuag\u00e9naire, PDCI-RDA, Jean-Louis Eug\u00e8ne Billon, a une anim\u00e9, ce lundi 26 mai 2025, \u00e0 Abidjan-Marcory, une importante conf\u00e9rence de presse relative \u00e0 la situation actuelle du PDCI-RDA, aux enjeux cruciaux de la pr\u00e9sidentielle d&rsquo;octobre prochain et \u00e0 sa vision et son engagement pour la C\u00f4te d&rsquo;Ivoire.\u00a0 Face \u00e0 un [&hellip;]\" \/>\n<meta property=\"og:url\" content=\"https:\/\/www.amanien.info\/news\/jean-louis-billon-face-a-la-presse-je-demeure-militant-7h00-pdci-rda\/\" \/>\n<meta property=\"og:site_name\" content=\"Amanien| L&#039;actualit\u00e9 Ivoirienne et Internationale\" \/>\n<meta property=\"article:published_time\" content=\"2025-05-28T07:36:16+00:00\" \/>\n<meta property=\"article:modified_time\" content=\"2025-05-28T07:49:00+00:00\" \/>\n<meta property=\"og:image\" content=\"https:\/\/www.amanien.info\/news\/wp-content\/uploads\/2025\/05\/image_6976721_20250526_ob_cee548_1000055463.jpg\" \/>\n\t<meta property=\"og:image:width\" content=\"1600\" \/>\n\t<meta property=\"og:image:height\" content=\"1200\" \/>\n\t<meta property=\"og:image:type\" content=\"image\/jpeg\" \/>\n<meta name=\"author\" content=\"Germain Ndri\" \/>\n<meta name=\"twitter:card\" content=\"summary_large_image\" \/>\n<meta name=\"twitter:label1\" content=\"\u00c9crit par\" \/>\n\t<meta name=\"twitter:data1\" content=\"Germain Ndri\" \/>\n\t<meta name=\"twitter:label2\" content=\"Dur\u00e9e de lecture estim\u00e9e\" \/>\n\t<meta name=\"twitter:data2\" content=\"3 minutes\" \/>\n<script type=\"application\/ld+json\" class=\"yoast-schema-graph\">{\"@context\":\"https:\\\/\\\/schema.org\",\"@graph\":[{\"@type\":\"Article\",\"@id\":\"https:\\\/\\\/www.amanien.info\\\/news\\\/jean-louis-billon-face-a-la-presse-je-demeure-militant-7h00-pdci-rda\\\/#article\",\"isPartOf\":{\"@id\":\"https:\\\/\\\/www.amanien.info\\\/news\\\/jean-louis-billon-face-a-la-presse-je-demeure-militant-7h00-pdci-rda\\\/\"},\"author\":{\"name\":\"Germain Ndri\",\"@id\":\"https:\\\/\\\/www.amanien.info\\\/news\\\/#\\\/schema\\\/person\\\/b21093345753a1a98242d505bd894f42\"},\"headline\":\"Jean-Louis Billon face \u00e0 la presse : \u00ab\u00a0Je demeure militant PDCI-RDA\u00a0\u00bb\",\"datePublished\":\"2025-05-28T07:36:16+00:00\",\"dateModified\":\"2025-05-28T07:49:00+00:00\",\"mainEntityOfPage\":{\"@id\":\"https:\\\/\\\/www.amanien.info\\\/news\\\/jean-louis-billon-face-a-la-presse-je-demeure-militant-7h00-pdci-rda\\\/\"},\"wordCount\":435,\"image\":{\"@id\":\"https:\\\/\\\/www.amanien.info\\\/news\\\/jean-louis-billon-face-a-la-presse-je-demeure-militant-7h00-pdci-rda\\\/#primaryimage\"},\"thumbnailUrl\":\"https:\\\/\\\/www.amanien.info\\\/news\\\/wp-content\\\/uploads\\\/2025\\\/05\\\/image_6976721_20250526_ob_cee548_1000055463.jpg\",\"articleSection\":[\"National\"],\"inLanguage\":\"fr-FR\"},{\"@type\":\"WebPage\",\"@id\":\"https:\\\/\\\/www.amanien.info\\\/news\\\/jean-louis-billon-face-a-la-presse-je-demeure-militant-7h00-pdci-rda\\\/\",\"url\":\"https:\\\/\\\/www.amanien.info\\\/news\\\/jean-louis-billon-face-a-la-presse-je-demeure-militant-7h00-pdci-rda\\\/\",\"name\":\"Jean-Louis Billon face \u00e0 la presse : \\\"Je demeure militant PDCI-RDA\\\" - Amanien| L&#039;actualit\u00e9 Ivoirienne et Internationale\",\"isPartOf\":{\"@id\":\"https:\\\/\\\/www.amanien.info\\\/news\\\/#website\"},\"primaryImageOfPage\":{\"@id\":\"https:\\\/\\\/www.amanien.info\\\/news\\\/jean-louis-billon-face-a-la-presse-je-demeure-militant-7h00-pdci-rda\\\/#primaryimage\"},\"image\":{\"@id\":\"https:\\\/\\\/www.amanien.info\\\/news\\\/jean-louis-billon-face-a-la-presse-je-demeure-militant-7h00-pdci-rda\\\/#primaryimage\"},\"thumbnailUrl\":\"https:\\\/\\\/www.amanien.info\\\/news\\\/wp-content\\\/uploads\\\/2025\\\/05\\\/image_6976721_20250526_ob_cee548_1000055463.jpg\",\"datePublished\":\"2025-05-28T07:36:16+00:00\",\"dateModified\":\"2025-05-28T07:49:00+00:00\",\"author\":{\"@id\":\"https:\\\/\\\/www.amanien.info\\\/news\\\/#\\\/schema\\\/person\\\/b21093345753a1a98242d505bd894f42\"},\"breadcrumb\":{\"@id\":\"https:\\\/\\\/www.amanien.info\\\/news\\\/jean-louis-billon-face-a-la-presse-je-demeure-militant-7h00-pdci-rda\\\/#breadcrumb\"},\"inLanguage\":\"fr-FR\",\"potentialAction\":[{\"@type\":\"ReadAction\",\"target\":[\"https:\\\/\\\/www.amanien.info\\\/news\\\/jean-louis-billon-face-a-la-presse-je-demeure-militant-7h00-pdci-rda\\\/\"]}]},{\"@type\":\"ImageObject\",\"inLanguage\":\"fr-FR\",\"@id\":\"https:\\\/\\\/www.amanien.info\\\/news\\\/jean-louis-billon-face-a-la-presse-je-demeure-militant-7h00-pdci-rda\\\/#primaryimage\",\"url\":\"https:\\\/\\\/www.amanien.info\\\/news\\\/wp-content\\\/uploads\\\/2025\\\/05\\\/image_6976721_20250526_ob_cee548_1000055463.jpg\",\"contentUrl\":\"https:\\\/\\\/www.amanien.info\\\/news\\\/wp-content\\\/uploads\\\/2025\\\/05\\\/image_6976721_20250526_ob_cee548_1000055463.jpg\",\"width\":1600,\"height\":1200},{\"@type\":\"BreadcrumbList\",\"@id\":\"https:\\\/\\\/www.amanien.info\\\/news\\\/jean-louis-billon-face-a-la-presse-je-demeure-militant-7h00-pdci-rda\\\/#breadcrumb\",\"itemListElement\":[{\"@type\":\"ListItem\",\"position\":1,\"name\":\"Accueil\",\"item\":\"https:\\\/\\\/www.amanien.info\\\/news\\\/\"},{\"@type\":\"ListItem\",\"position\":2,\"name\":\"Jean-Louis Billon face \u00e0 la presse : \u00ab\u00a0Je demeure militant PDCI-RDA\u00a0\u00bb\"}]},{\"@type\":\"WebSite\",\"@id\":\"https:\\\/\\\/www.amanien.info\\\/news\\\/#website\",\"url\":\"https:\\\/\\\/www.amanien.info\\\/news\\\/\",\"name\":\"Amanien| L&#039;actualit\u00e9 Ivoirienne et Internationale\",\"description\":\"L&#039;actualit\u00e9 Ivoirienne et Internationale\",\"potentialAction\":[{\"@type\":\"SearchAction\",\"target\":{\"@type\":\"EntryPoint\",\"urlTemplate\":\"https:\\\/\\\/www.amanien.info\\\/news\\\/?s={search_term_string}\"},\"query-input\":{\"@type\":\"PropertyValueSpecification\",\"valueRequired\":true,\"valueName\":\"search_term_string\"}}],\"inLanguage\":\"fr-FR\"},{\"@type\":\"Person\",\"@id\":\"https:\\\/\\\/www.amanien.info\\\/news\\\/#\\\/schema\\\/person\\\/b21093345753a1a98242d505bd894f42\",\"name\":\"Germain Ndri\",\"url\":\"https:\\\/\\\/www.amanien.info\\\/news\\\/author\\\/amanien-infos\\\/\"}]}<\/script>\n<!-- \/ Yoast SEO plugin. -->","yoast_head_json":{"title":"Jean-Louis Billon face \u00e0 la presse : \"Je demeure militant PDCI-RDA\" - Amanien| L&#039;actualit\u00e9 Ivoirienne et Internationale","robots":{"index":"index","follow":"follow","max-snippet":"max-snippet:-1","max-image-preview":"max-image-preview:large","max-video-preview":"max-video-preview:-1"},"canonical":"https:\/\/www.amanien.info\/news\/jean-louis-billon-face-a-la-presse-je-demeure-militant-7h00-pdci-rda\/","og_locale":"fr_FR","og_type":"article","og_title":"Jean-Louis Billon face \u00e0 la presse : \"Je demeure militant PDCI-RDA\" - Amanien| L&#039;actualit\u00e9 Ivoirienne et Internationale","og_description":"Membre du Bureau politique au parti septuag\u00e9naire, PDCI-RDA, Jean-Louis Eug\u00e8ne Billon, a une anim\u00e9, ce lundi 26 mai 2025, \u00e0 Abidjan-Marcory, une importante conf\u00e9rence de presse relative \u00e0 la situation actuelle du PDCI-RDA, aux enjeux cruciaux de la pr\u00e9sidentielle d&rsquo;octobre prochain et \u00e0 sa vision et son engagement pour la C\u00f4te d&rsquo;Ivoire.\u00a0 Face \u00e0 un [&hellip;]","og_url":"https:\/\/www.amanien.info\/news\/jean-louis-billon-face-a-la-presse-je-demeure-militant-7h00-pdci-rda\/","og_site_name":"Amanien| L&#039;actualit\u00e9 Ivoirienne et Internationale","article_published_time":"2025-05-28T07:36:16+00:00","article_modified_time":"2025-05-28T07:49:00+00:00","og_image":[{"width":1600,"height":1200,"url":"https:\/\/www.amanien.info\/news\/wp-content\/uploads\/2025\/05\/image_6976721_20250526_ob_cee548_1000055463.jpg","type":"image\/jpeg"}],"author":"Germain Ndri","twitter_card":"summary_large_image","twitter_misc":{"\u00c9crit par":"Germain Ndri","Dur\u00e9e de lecture estim\u00e9e":"3 minutes"},"schema":{"@context":"https:\/\/schema.org","@graph":[{"@type":"Article","@id":"https:\/\/www.amanien.info\/news\/jean-louis-billon-face-a-la-presse-je-demeure-militant-7h00-pdci-rda\/#article","isPartOf":{"@id":"https:\/\/www.amanien.info\/news\/jean-louis-billon-face-a-la-presse-je-demeure-militant-7h00-pdci-rda\/"},"author":{"name":"Germain Ndri","@id":"https:\/\/www.amanien.info\/news\/#\/schema\/person\/b21093345753a1a98242d505bd894f42"},"headline":"Jean-Louis Billon face \u00e0 la presse : \u00ab\u00a0Je demeure militant PDCI-RDA\u00a0\u00bb","datePublished":"2025-05-28T07:36:16+00:00","dateModified":"2025-05-28T07:49:00+00:00","mainEntityOfPage":{"@id":"https:\/\/www.amanien.info\/news\/jean-louis-billon-face-a-la-presse-je-demeure-militant-7h00-pdci-rda\/"},"wordCount":435,"image":{"@id":"https:\/\/www.amanien.info\/news\/jean-louis-billon-face-a-la-presse-je-demeure-militant-7h00-pdci-rda\/#primaryimage"},"thumbnailUrl":"https:\/\/www.amanien.info\/news\/wp-content\/uploads\/2025\/05\/image_6976721_20250526_ob_cee548_1000055463.jpg","articleSection":["National"],"inLanguage":"fr-FR"},{"@type":"WebPage","@id":"https:\/\/www.amanien.info\/news\/jean-louis-billon-face-a-la-presse-je-demeure-militant-7h00-pdci-rda\/","url":"https:\/\/www.amanien.info\/news\/jean-louis-billon-face-a-la-presse-je-demeure-militant-7h00-pdci-rda\/","name":"Jean-Louis Billon face \u00e0 la presse : \"Je demeure militant PDCI-RDA\" - Amanien| L&#039;actualit\u00e9 Ivoirienne et Internationale","isPartOf":{"@id":"https:\/\/www.amanien.info\/news\/#website"},"primaryImageOfPage":{"@id":"https:\/\/www.amanien.info\/news\/jean-louis-billon-face-a-la-presse-je-demeure-militant-7h00-pdci-rda\/#primaryimage"},"image":{"@id":"https:\/\/www.amanien.info\/news\/jean-louis-billon-face-a-la-presse-je-demeure-militant-7h00-pdci-rda\/#primaryimage"},"thumbnailUrl":"https:\/\/www.amanien.info\/news\/wp-content\/uploads\/2025\/05\/image_6976721_20250526_ob_cee548_1000055463.jpg","datePublished":"2025-05-28T07:36:16+00:00","dateModified":"2025-05-28T07:49:00+00:00","author":{"@id":"https:\/\/www.amanien.info\/news\/#\/schema\/person\/b21093345753a1a98242d505bd894f42"},"breadcrumb":{"@id":"https:\/\/www.amanien.info\/news\/jean-louis-billon-face-a-la-presse-je-demeure-militant-7h00-pdci-rda\/#breadcrumb"},"inLanguage":"fr-FR","potentialAction":[{"@type":"ReadAction","target":["https:\/\/www.amanien.info\/news\/jean-louis-billon-face-a-la-presse-je-demeure-militant-7h00-pdci-rda\/"]}]},{"@type":"ImageObject","inLanguage":"fr-FR","@id":"https:\/\/www.amanien.info\/news\/jean-louis-billon-face-a-la-presse-je-demeure-militant-7h00-pdci-rda\/#primaryimage","url":"https:\/\/www.amanien.info\/news\/wp-content\/uploads\/2025\/05\/image_6976721_20250526_ob_cee548_1000055463.jpg","contentUrl":"https:\/\/www.amanien.info\/news\/wp-content\/uploads\/2025\/05\/image_6976721_20250526_ob_cee548_1000055463.jpg","width":1600,"height":1200},{"@type":"BreadcrumbList","@id":"https:\/\/www.amanien.info\/news\/jean-louis-billon-face-a-la-presse-je-demeure-militant-7h00-pdci-rda\/#breadcrumb","itemListElement":[{"@type":"ListItem","position":1,"name":"Accueil","item":"https:\/\/www.amanien.info\/news\/"},{"@type":"ListItem","position":2,"name":"Jean-Louis Billon face \u00e0 la presse : \u00ab\u00a0Je demeure militant PDCI-RDA\u00a0\u00bb"}]},{"@type":"WebSite","@id":"https:\/\/www.amanien.info\/news\/#website","url":"https:\/\/www.amanien.info\/news\/","name":"Amanien| L&#039;actualit\u00e9 Ivoirienne et Internationale","description":"L&#039;actualit\u00e9 Ivoirienne et Internationale","potentialAction":[{"@type":"SearchAction","target":{"@type":"EntryPoint","urlTemplate":"https:\/\/www.amanien.info\/news\/?s={search_term_string}"},"query-input":{"@type":"PropertyValueSpecification","valueRequired":true,"valueName":"search_term_string"}}],"inLanguage":"fr-FR"},{"@type":"Person","@id":"https:\/\/www.amanien.info\/news\/#\/schema\/person\/b21093345753a1a98242d505bd894f42","name":"Germain Ndri","url":"https:\/\/www.amanien.info\/news\/author\/amanien-infos\/"}]}},"_links":{"self":[{"href":"https:\/\/www.amanien.info\/news\/wp-json\/wp\/v2\/posts\/7308","targetHints":{"allow":["GET"]}}],"collection":[{"href":"https:\/\/www.amanien.info\/news\/wp-json\/wp\/v2\/posts"}],"about":[{"href":"https:\/\/www.amanien.info\/news\/wp-json\/wp\/v2\/types\/post"}],"author":[{"embeddable":true,"href":"https:\/\/www.amanien.info\/news\/wp-json\/wp\/v2\/users\/2"}],"replies":[{"embeddable":true,"href":"https:\/\/www.amanien.info\/news\/wp-json\/wp\/v2\/comments?post=7308"}],"version-history":[{"count":2,"href":"https:\/\/www.amanien.info\/news\/wp-json\/wp\/v2\/posts\/7308\/revisions"}],"predecessor-version":[{"id":7313,"href":"https:\/\/www.amanien.info\/news\/wp-json\/wp\/v2\/posts\/7308\/revisions\/7313"}],"wp:featuredmedia":[{"embeddable":true,"href":"https:\/\/www.amanien.info\/news\/wp-json\/wp\/v2\/media\/7309"}],"wp:attachment":[{"href":"https:\/\/www.amanien.info\/news\/wp-json\/wp\/v2\/media?parent=7308"}],"wp:term":[{"taxonomy":"category","embeddable":true,"href":"https:\/\/www.amanien.info\/news\/wp-json\/wp\/v2\/categories?post=7308"},{"taxonomy":"post_tag","embeddable":true,"href":"https:\/\/www.amanien.info\/news\/wp-json\/wp\/v2\/tags?post=7308"}],"curies":[{"name":"wp","href":"https:\/\/api.w.org\/{rel}","templated":true}]}}