{"id":7294,"date":"2025-05-23T09:23:06","date_gmt":"2025-05-23T09:23:06","guid":{"rendered":"https:\/\/www.amanien.info\/news\/?p=7294"},"modified":"2025-05-23T09:23:06","modified_gmt":"2025-05-23T09:23:06","slug":"le-guce-ci-celebre-ses-10-ans-au-service-de-la-modernisation-des-echanges-transfrontaliers","status":"publish","type":"post","link":"https:\/\/www.amanien.info\/news\/le-guce-ci-celebre-ses-10-ans-au-service-de-la-modernisation-des-echanges-transfrontaliers\/","title":{"rendered":"Le GUCE CI c\u00e9l\u00e8bre ses 10 ans au service de la modernisation des \u00e9changes transfrontaliers"},"content":{"rendered":"<div>Le Guichet Unique du Commerce Ext\u00e9rieur de C\u00f4te d&rsquo;Ivoire (GUCE CI) va c\u00e9l\u00e9brer ses 10 ann\u00e9es d&rsquo;innovation au\u00a0 service de la modernisation des \u00e9changes transfrontaliers, les 02 et 03 juin prochains \u00e0 Abidjan, au Noom H\u00f4tel.<\/div>\n<p><!--more--><\/p>\n<div><\/div>\n<div><\/div>\n<div>L&rsquo;annonce a \u00e9t\u00e9 faite, ce jeudi 22 mai 2025, \u00e0 Abidjan-Cocody, par le Directeur G\u00e9n\u00e9ral du GUCE CI, M. Kitifolo Kignaman Soro, au cours d&rsquo;une conf\u00e9rence de presse.<\/div>\n<div><\/div>\n<div><\/div>\n<div>Face \u00e0 un parterre de journalistes, le Directeur G\u00e9n\u00e9ral du GUCE CI a, d&rsquo;abord, indiqu\u00e9 que le GUCE CI est une plateforme digitale mise \u00e0 la disposition par l&rsquo;\u00c9tat de C\u00f4te d&rsquo;Ivoire aux op\u00e9rateurs de l&rsquo;\u00e9cosyst\u00e8me du commerce ext\u00e9rieur afin de faciliter leurs op\u00e9rations commerciales et que cette r\u00e9forme a \u00e9t\u00e9 mise en place par l&rsquo;\u00c9tat il y a effectivement 10 ans .<\/div>\n<div><\/div>\n<div>\u00ab\u00a0Il \u00e9tait important pour nous, apr\u00e8s dix ans de dur labeur, de marquer le pas pour faire le bilan de cette r\u00e9forme et de voir dans quelle mesure nous pouvons nous projeter sur les ann\u00e9es \u00e0 venir &lsquo;, a-t-il indiqu\u00e9.<\/div>\n<div><\/div>\n<div>Cette c\u00e9l\u00e9bration, a-t-il poursuivi, consacre dix ann\u00e9es d&rsquo;initiatives concr\u00e8tes en faveur de la digitalisation, de la simplification et de la s\u00e9curisation des proc\u00e9dures du commerce ext\u00e9rieur. Le GUCE constitue la principale interface num\u00e9rique entre les op\u00e9rateurs \u00e9conomiques, les institutions publiques, les banques et les partenaires techniques impliqu\u00e9s dans les op\u00e9rations d&rsquo;importation, d&rsquo;exportation et de transit.<\/div>\n<div><\/div>\n<div>En termes de perspectives, le premier responsable du GUCE CI a affirm\u00e9 qu&rsquo;il s&rsquo;agira de renforcer la plateforme technologique, d&rsquo;accompagner les autorit\u00e9s ivoiriennes dans le processus d&rsquo;int\u00e9gration sous-r\u00e9gionale et r\u00e9gionale, consolider les acquis et travailler \u00e0 am\u00e9liorer ou accro\u00eetre la notori\u00e9t\u00e9 du GUCE CI.<\/div>\n<div><\/div>\n<div><\/div>\n<div>Des panels d&rsquo;experts portant sur des th\u00e8mes tels que l&rsquo;intelligence artificielle, des ateliers techniques, des sessions d&rsquo;information et des rencontres institutionnelles rythmeront ces deux journ\u00e9es de c\u00e9l\u00e9bration, avec une attention particuli\u00e8re port\u00e9e \u00e0 la co-construction de solutions adapt\u00e9es aux d\u00e9fis actuels et futurs du commerce ext\u00e9rieur ivoirien.<\/div>\n<div><\/div>\n<div>Cet \u00e9v\u00e9nement d&rsquo;envergure nationale et internationale rassemblera plus de 300 acteurs cl\u00e9s du commerce ext\u00e9rieur, des secteurs public et priv\u00e9(les administrations, les entreprises, bailleurs de fonds, les institutions internationales, les investisseurs et les m\u00e9dias.<\/div>\n<div>Il marquera la volont\u00e9 du GUCE CI de renforcer un cadre de dialogue inclusif, autour d&rsquo;un commerce ext\u00e9rieur plus r\u00e9silient, transparent et agile face aux d\u00e9fis mondiaux.<\/div>\n<div><\/div>\n<div>Pour rappel, le GUCE CI est une soci\u00e9t\u00e9 d&rsquo;\u00c9tat ivoirien, charg\u00e9e de l&rsquo;exploitation d&rsquo;une plateforme num\u00e9rique int\u00e9gr\u00e9e. Il facilite, depuis sa mise en place en 2015, l&rsquo;ensemble des formalit\u00e9s li\u00e9es au commerce ext\u00e9rieur en r\u00e9duisant les d\u00e9lais, les co\u00fbts et les contraintes logistiques, tout en renfor\u00e7ant la transparence et la tra\u00e7abilit\u00e9 des op\u00e9rations.<\/div>\n<div><\/div>\n<div><\/div>\n<div><b>S.A<\/b>.<\/div>\n<div><\/div>\n","protected":false},"excerpt":{"rendered":"<p>Le Guichet Unique du Commerce Ext\u00e9rieur de C\u00f4te d&rsquo;Ivoire (GUCE CI) va c\u00e9l\u00e9brer ses 10 ann\u00e9es d&rsquo;innovation au\u00a0 service de la modernisation des \u00e9changes transfrontaliers, les 02 et 03 juin prochains \u00e0 Abidjan, au Noom H\u00f4tel.<\/p>\n","protected":false},"author":2,"featured_media":7299,"comment_status":"closed","ping_status":"closed","sticky":false,"template":"","format":"standard","meta":{"_acf_changed":false,"footnotes":""},"categories":[],"tags":[12],"class_list":["post-7294","post","type-post","status-publish","format-standard","has-post-thumbnail","hentry","tag-societe"],"acf":[],"yoast_head":"<!-- This site is optimized with the Yoast SEO plugin v27.5 - https:\/\/yoast.com\/product\/yoast-seo-wordpress\/ -->\n<title>Le GUCE CI c\u00e9l\u00e8bre ses 10 ans au service de la modernisation des \u00e9changes transfrontaliers - Amanien| L&#039;actualit\u00e9 Ivoirienne et Internationale<\/title>\n<meta name=\"robots\" content=\"index, follow, max-snippet:-1, max-image-preview:large, max-video-preview:-1\" \/>\n<link rel=\"canonical\" href=\"https:\/\/www.amanien.info\/news\/le-guce-ci-celebre-ses-10-ans-au-service-de-la-modernisation-des-echanges-transfrontaliers\/\" \/>\n<meta property=\"og:locale\" content=\"fr_FR\" \/>\n<meta property=\"og:type\" content=\"article\" \/>\n<meta property=\"og:title\" content=\"Le GUCE CI c\u00e9l\u00e8bre ses 10 ans au service de la modernisation des \u00e9changes transfrontaliers - Amanien| L&#039;actualit\u00e9 Ivoirienne et Internationale\" \/>\n<meta property=\"og:description\" content=\"Le Guichet Unique du Commerce Ext\u00e9rieur de C\u00f4te d&rsquo;Ivoire (GUCE CI) va c\u00e9l\u00e9brer ses 10 ann\u00e9es d&rsquo;innovation au\u00a0 service de la modernisation des \u00e9changes transfrontaliers, les 02 et 03 juin prochains \u00e0 Abidjan, au Noom H\u00f4tel.\" \/>\n<meta property=\"og:url\" content=\"https:\/\/www.amanien.info\/news\/le-guce-ci-celebre-ses-10-ans-au-service-de-la-modernisation-des-echanges-transfrontaliers\/\" \/>\n<meta property=\"og:site_name\" content=\"Amanien| L&#039;actualit\u00e9 Ivoirienne et Internationale\" \/>\n<meta property=\"article:published_time\" content=\"2025-05-23T09:23:06+00:00\" \/>\n<meta property=\"og:image\" content=\"https:\/\/www.amanien.info\/news\/wp-content\/uploads\/2025\/05\/IMG-20250522-WA0172.jpg\" \/>\n\t<meta property=\"og:image:width\" content=\"1080\" \/>\n\t<meta property=\"og:image:height\" content=\"809\" \/>\n\t<meta property=\"og:image:type\" content=\"image\/jpeg\" \/>\n<meta name=\"author\" content=\"Germain Ndri\" \/>\n<meta name=\"twitter:card\" content=\"summary_large_image\" \/>\n<meta name=\"twitter:label1\" content=\"\u00c9crit par\" \/>\n\t<meta name=\"twitter:data1\" content=\"Germain Ndri\" \/>\n\t<meta name=\"twitter:label2\" content=\"Dur\u00e9e de lecture estim\u00e9e\" \/>\n\t<meta name=\"twitter:data2\" content=\"3 minutes\" \/>\n<script type=\"application\/ld+json\" class=\"yoast-schema-graph\">{\"@context\":\"https:\\\/\\\/schema.org\",\"@graph\":[{\"@type\":\"Article\",\"@id\":\"https:\\\/\\\/www.amanien.info\\\/news\\\/le-guce-ci-celebre-ses-10-ans-au-service-de-la-modernisation-des-echanges-transfrontaliers\\\/#article\",\"isPartOf\":{\"@id\":\"https:\\\/\\\/www.amanien.info\\\/news\\\/le-guce-ci-celebre-ses-10-ans-au-service-de-la-modernisation-des-echanges-transfrontaliers\\\/\"},\"author\":{\"name\":\"Germain Ndri\",\"@id\":\"https:\\\/\\\/www.amanien.info\\\/news\\\/#\\\/schema\\\/person\\\/b21093345753a1a98242d505bd894f42\"},\"headline\":\"Le GUCE CI c\u00e9l\u00e8bre ses 10 ans au service de la modernisation des \u00e9changes transfrontaliers\",\"datePublished\":\"2025-05-23T09:23:06+00:00\",\"mainEntityOfPage\":{\"@id\":\"https:\\\/\\\/www.amanien.info\\\/news\\\/le-guce-ci-celebre-ses-10-ans-au-service-de-la-modernisation-des-echanges-transfrontaliers\\\/\"},\"wordCount\":522,\"image\":{\"@id\":\"https:\\\/\\\/www.amanien.info\\\/news\\\/le-guce-ci-celebre-ses-10-ans-au-service-de-la-modernisation-des-echanges-transfrontaliers\\\/#primaryimage\"},\"thumbnailUrl\":\"https:\\\/\\\/www.amanien.info\\\/news\\\/wp-content\\\/uploads\\\/2025\\\/05\\\/IMG-20250522-WA0172.jpg\",\"keywords\":[\"Soci\u00e9t\u00e9\"],\"inLanguage\":\"fr-FR\"},{\"@type\":\"WebPage\",\"@id\":\"https:\\\/\\\/www.amanien.info\\\/news\\\/le-guce-ci-celebre-ses-10-ans-au-service-de-la-modernisation-des-echanges-transfrontaliers\\\/\",\"url\":\"https:\\\/\\\/www.amanien.info\\\/news\\\/le-guce-ci-celebre-ses-10-ans-au-service-de-la-modernisation-des-echanges-transfrontaliers\\\/\",\"name\":\"Le GUCE CI c\u00e9l\u00e8bre ses 10 ans au service de la modernisation des \u00e9changes transfrontaliers - Amanien| L&#039;actualit\u00e9 Ivoirienne et Internationale\",\"isPartOf\":{\"@id\":\"https:\\\/\\\/www.amanien.info\\\/news\\\/#website\"},\"primaryImageOfPage\":{\"@id\":\"https:\\\/\\\/www.amanien.info\\\/news\\\/le-guce-ci-celebre-ses-10-ans-au-service-de-la-modernisation-des-echanges-transfrontaliers\\\/#primaryimage\"},\"image\":{\"@id\":\"https:\\\/\\\/www.amanien.info\\\/news\\\/le-guce-ci-celebre-ses-10-ans-au-service-de-la-modernisation-des-echanges-transfrontaliers\\\/#primaryimage\"},\"thumbnailUrl\":\"https:\\\/\\\/www.amanien.info\\\/news\\\/wp-content\\\/uploads\\\/2025\\\/05\\\/IMG-20250522-WA0172.jpg\",\"datePublished\":\"2025-05-23T09:23:06+00:00\",\"author\":{\"@id\":\"https:\\\/\\\/www.amanien.info\\\/news\\\/#\\\/schema\\\/person\\\/b21093345753a1a98242d505bd894f42\"},\"breadcrumb\":{\"@id\":\"https:\\\/\\\/www.amanien.info\\\/news\\\/le-guce-ci-celebre-ses-10-ans-au-service-de-la-modernisation-des-echanges-transfrontaliers\\\/#breadcrumb\"},\"inLanguage\":\"fr-FR\",\"potentialAction\":[{\"@type\":\"ReadAction\",\"target\":[\"https:\\\/\\\/www.amanien.info\\\/news\\\/le-guce-ci-celebre-ses-10-ans-au-service-de-la-modernisation-des-echanges-transfrontaliers\\\/\"]}]},{\"@type\":\"ImageObject\",\"inLanguage\":\"fr-FR\",\"@id\":\"https:\\\/\\\/www.amanien.info\\\/news\\\/le-guce-ci-celebre-ses-10-ans-au-service-de-la-modernisation-des-echanges-transfrontaliers\\\/#primaryimage\",\"url\":\"https:\\\/\\\/www.amanien.info\\\/news\\\/wp-content\\\/uploads\\\/2025\\\/05\\\/IMG-20250522-WA0172.jpg\",\"contentUrl\":\"https:\\\/\\\/www.amanien.info\\\/news\\\/wp-content\\\/uploads\\\/2025\\\/05\\\/IMG-20250522-WA0172.jpg\",\"width\":1080,\"height\":809},{\"@type\":\"BreadcrumbList\",\"@id\":\"https:\\\/\\\/www.amanien.info\\\/news\\\/le-guce-ci-celebre-ses-10-ans-au-service-de-la-modernisation-des-echanges-transfrontaliers\\\/#breadcrumb\",\"itemListElement\":[{\"@type\":\"ListItem\",\"position\":1,\"name\":\"Accueil\",\"item\":\"https:\\\/\\\/www.amanien.info\\\/news\\\/\"},{\"@type\":\"ListItem\",\"position\":2,\"name\":\"Le GUCE CI c\u00e9l\u00e8bre ses 10 ans au service de la modernisation des \u00e9changes transfrontaliers\"}]},{\"@type\":\"WebSite\",\"@id\":\"https:\\\/\\\/www.amanien.info\\\/news\\\/#website\",\"url\":\"https:\\\/\\\/www.amanien.info\\\/news\\\/\",\"name\":\"Amanien| L&#039;actualit\u00e9 Ivoirienne et Internationale\",\"description\":\"L&#039;actualit\u00e9 Ivoirienne et Internationale\",\"potentialAction\":[{\"@type\":\"SearchAction\",\"target\":{\"@type\":\"EntryPoint\",\"urlTemplate\":\"https:\\\/\\\/www.amanien.info\\\/news\\\/?s={search_term_string}\"},\"query-input\":{\"@type\":\"PropertyValueSpecification\",\"valueRequired\":true,\"valueName\":\"search_term_string\"}}],\"inLanguage\":\"fr-FR\"},{\"@type\":\"Person\",\"@id\":\"https:\\\/\\\/www.amanien.info\\\/news\\\/#\\\/schema\\\/person\\\/b21093345753a1a98242d505bd894f42\",\"name\":\"Germain Ndri\",\"url\":\"https:\\\/\\\/www.amanien.info\\\/news\\\/author\\\/amanien-infos\\\/\"}]}<\/script>\n<!-- \/ Yoast SEO plugin. -->","yoast_head_json":{"title":"Le GUCE CI c\u00e9l\u00e8bre ses 10 ans au service de la modernisation des \u00e9changes transfrontaliers - Amanien| L&#039;actualit\u00e9 Ivoirienne et Internationale","robots":{"index":"index","follow":"follow","max-snippet":"max-snippet:-1","max-image-preview":"max-image-preview:large","max-video-preview":"max-video-preview:-1"},"canonical":"https:\/\/www.amanien.info\/news\/le-guce-ci-celebre-ses-10-ans-au-service-de-la-modernisation-des-echanges-transfrontaliers\/","og_locale":"fr_FR","og_type":"article","og_title":"Le GUCE CI c\u00e9l\u00e8bre ses 10 ans au service de la modernisation des \u00e9changes transfrontaliers - Amanien| L&#039;actualit\u00e9 Ivoirienne et Internationale","og_description":"Le Guichet Unique du Commerce Ext\u00e9rieur de C\u00f4te d&rsquo;Ivoire (GUCE CI) va c\u00e9l\u00e9brer ses 10 ann\u00e9es d&rsquo;innovation au\u00a0 service de la modernisation des \u00e9changes transfrontaliers, les 02 et 03 juin prochains \u00e0 Abidjan, au Noom H\u00f4tel.","og_url":"https:\/\/www.amanien.info\/news\/le-guce-ci-celebre-ses-10-ans-au-service-de-la-modernisation-des-echanges-transfrontaliers\/","og_site_name":"Amanien| L&#039;actualit\u00e9 Ivoirienne et Internationale","article_published_time":"2025-05-23T09:23:06+00:00","og_image":[{"width":1080,"height":809,"url":"https:\/\/www.amanien.info\/news\/wp-content\/uploads\/2025\/05\/IMG-20250522-WA0172.jpg","type":"image\/jpeg"}],"author":"Germain Ndri","twitter_card":"summary_large_image","twitter_misc":{"\u00c9crit par":"Germain Ndri","Dur\u00e9e de lecture estim\u00e9e":"3 minutes"},"schema":{"@context":"https:\/\/schema.org","@graph":[{"@type":"Article","@id":"https:\/\/www.amanien.info\/news\/le-guce-ci-celebre-ses-10-ans-au-service-de-la-modernisation-des-echanges-transfrontaliers\/#article","isPartOf":{"@id":"https:\/\/www.amanien.info\/news\/le-guce-ci-celebre-ses-10-ans-au-service-de-la-modernisation-des-echanges-transfrontaliers\/"},"author":{"name":"Germain Ndri","@id":"https:\/\/www.amanien.info\/news\/#\/schema\/person\/b21093345753a1a98242d505bd894f42"},"headline":"Le GUCE CI c\u00e9l\u00e8bre ses 10 ans au service de la modernisation des \u00e9changes transfrontaliers","datePublished":"2025-05-23T09:23:06+00:00","mainEntityOfPage":{"@id":"https:\/\/www.amanien.info\/news\/le-guce-ci-celebre-ses-10-ans-au-service-de-la-modernisation-des-echanges-transfrontaliers\/"},"wordCount":522,"image":{"@id":"https:\/\/www.amanien.info\/news\/le-guce-ci-celebre-ses-10-ans-au-service-de-la-modernisation-des-echanges-transfrontaliers\/#primaryimage"},"thumbnailUrl":"https:\/\/www.amanien.info\/news\/wp-content\/uploads\/2025\/05\/IMG-20250522-WA0172.jpg","keywords":["Soci\u00e9t\u00e9"],"inLanguage":"fr-FR"},{"@type":"WebPage","@id":"https:\/\/www.amanien.info\/news\/le-guce-ci-celebre-ses-10-ans-au-service-de-la-modernisation-des-echanges-transfrontaliers\/","url":"https:\/\/www.amanien.info\/news\/le-guce-ci-celebre-ses-10-ans-au-service-de-la-modernisation-des-echanges-transfrontaliers\/","name":"Le GUCE CI c\u00e9l\u00e8bre ses 10 ans au service de la modernisation des \u00e9changes transfrontaliers - Amanien| L&#039;actualit\u00e9 Ivoirienne et Internationale","isPartOf":{"@id":"https:\/\/www.amanien.info\/news\/#website"},"primaryImageOfPage":{"@id":"https:\/\/www.amanien.info\/news\/le-guce-ci-celebre-ses-10-ans-au-service-de-la-modernisation-des-echanges-transfrontaliers\/#primaryimage"},"image":{"@id":"https:\/\/www.amanien.info\/news\/le-guce-ci-celebre-ses-10-ans-au-service-de-la-modernisation-des-echanges-transfrontaliers\/#primaryimage"},"thumbnailUrl":"https:\/\/www.amanien.info\/news\/wp-content\/uploads\/2025\/05\/IMG-20250522-WA0172.jpg","datePublished":"2025-05-23T09:23:06+00:00","author":{"@id":"https:\/\/www.amanien.info\/news\/#\/schema\/person\/b21093345753a1a98242d505bd894f42"},"breadcrumb":{"@id":"https:\/\/www.amanien.info\/news\/le-guce-ci-celebre-ses-10-ans-au-service-de-la-modernisation-des-echanges-transfrontaliers\/#breadcrumb"},"inLanguage":"fr-FR","potentialAction":[{"@type":"ReadAction","target":["https:\/\/www.amanien.info\/news\/le-guce-ci-celebre-ses-10-ans-au-service-de-la-modernisation-des-echanges-transfrontaliers\/"]}]},{"@type":"ImageObject","inLanguage":"fr-FR","@id":"https:\/\/www.amanien.info\/news\/le-guce-ci-celebre-ses-10-ans-au-service-de-la-modernisation-des-echanges-transfrontaliers\/#primaryimage","url":"https:\/\/www.amanien.info\/news\/wp-content\/uploads\/2025\/05\/IMG-20250522-WA0172.jpg","contentUrl":"https:\/\/www.amanien.info\/news\/wp-content\/uploads\/2025\/05\/IMG-20250522-WA0172.jpg","width":1080,"height":809},{"@type":"BreadcrumbList","@id":"https:\/\/www.amanien.info\/news\/le-guce-ci-celebre-ses-10-ans-au-service-de-la-modernisation-des-echanges-transfrontaliers\/#breadcrumb","itemListElement":[{"@type":"ListItem","position":1,"name":"Accueil","item":"https:\/\/www.amanien.info\/news\/"},{"@type":"ListItem","position":2,"name":"Le GUCE CI c\u00e9l\u00e8bre ses 10 ans au service de la modernisation des \u00e9changes transfrontaliers"}]},{"@type":"WebSite","@id":"https:\/\/www.amanien.info\/news\/#website","url":"https:\/\/www.amanien.info\/news\/","name":"Amanien| L&#039;actualit\u00e9 Ivoirienne et Internationale","description":"L&#039;actualit\u00e9 Ivoirienne et Internationale","potentialAction":[{"@type":"SearchAction","target":{"@type":"EntryPoint","urlTemplate":"https:\/\/www.amanien.info\/news\/?s={search_term_string}"},"query-input":{"@type":"PropertyValueSpecification","valueRequired":true,"valueName":"search_term_string"}}],"inLanguage":"fr-FR"},{"@type":"Person","@id":"https:\/\/www.amanien.info\/news\/#\/schema\/person\/b21093345753a1a98242d505bd894f42","name":"Germain Ndri","url":"https:\/\/www.amanien.info\/news\/author\/amanien-infos\/"}]}},"_links":{"self":[{"href":"https:\/\/www.amanien.info\/news\/wp-json\/wp\/v2\/posts\/7294","targetHints":{"allow":["GET"]}}],"collection":[{"href":"https:\/\/www.amanien.info\/news\/wp-json\/wp\/v2\/posts"}],"about":[{"href":"https:\/\/www.amanien.info\/news\/wp-json\/wp\/v2\/types\/post"}],"author":[{"embeddable":true,"href":"https:\/\/www.amanien.info\/news\/wp-json\/wp\/v2\/users\/2"}],"replies":[{"embeddable":true,"href":"https:\/\/www.amanien.info\/news\/wp-json\/wp\/v2\/comments?post=7294"}],"version-history":[{"count":1,"href":"https:\/\/www.amanien.info\/news\/wp-json\/wp\/v2\/posts\/7294\/revisions"}],"predecessor-version":[{"id":7300,"href":"https:\/\/www.amanien.info\/news\/wp-json\/wp\/v2\/posts\/7294\/revisions\/7300"}],"wp:featuredmedia":[{"embeddable":true,"href":"https:\/\/www.amanien.info\/news\/wp-json\/wp\/v2\/media\/7299"}],"wp:attachment":[{"href":"https:\/\/www.amanien.info\/news\/wp-json\/wp\/v2\/media?parent=7294"}],"wp:term":[{"taxonomy":"category","embeddable":true,"href":"https:\/\/www.amanien.info\/news\/wp-json\/wp\/v2\/categories?post=7294"},{"taxonomy":"post_tag","embeddable":true,"href":"https:\/\/www.amanien.info\/news\/wp-json\/wp\/v2\/tags?post=7294"}],"curies":[{"name":"wp","href":"https:\/\/api.w.org\/{rel}","templated":true}]}}