{"id":7291,"date":"2025-05-21T19:57:51","date_gmt":"2025-05-21T19:57:51","guid":{"rendered":"https:\/\/www.amanien.info\/news\/?p=7291"},"modified":"2025-05-21T19:57:51","modified_gmt":"2025-05-21T19:57:51","slug":"crise-a-la-matca-les-professionnels-du-taxi-compteur-dabidjan-previennent-si-rien-nest-fait-nous-allons-arreter-le-travail","status":"publish","type":"post","link":"https:\/\/www.amanien.info\/news\/crise-a-la-matca-les-professionnels-du-taxi-compteur-dabidjan-previennent-si-rien-nest-fait-nous-allons-arreter-le-travail\/","title":{"rendered":"Crise \u00e0 la MATCA\/Les professionnels du taxi-compteur d\u2019Abidjan pr\u00e9viennent :\u00a0\u00bbSi rien n&rsquo;est fait, nous allons arr\u00eater le travail\u00a0\u00bb"},"content":{"rendered":"<p>&nbsp;<\/p>\n<div>\n<div>Le Groupement des Professionnels du Taxi-Compteur (GPTC), a organis\u00e9 , le mardi 20 mai 2025, \u00e0 Abobo(Abidjan), une conf\u00e9rence de presse pour d\u00e9noncer la situation explosive qui secoue actuellement la la Mutuelle d\u2019Assurance des Taxis Compteurs d\u2019Abidjan(MATCA).<\/div>\n<div><\/div>\n<div><\/div>\n<div>Face aux journalistes, les leaders du secteur sont mont\u00e9s au cr\u00e9neau, \u00e9voquant des actes de violence arm\u00e9e, un d\u00e9sordre institutionnel, et une injustice flagrante dans la gestion de leur mutuelle.<\/div>\n<div><\/div>\n<div>Prenant la parole, le pr\u00e9sident du GPTC, Fofana Moussa, a r\u00e9v\u00e9l\u00e9 la gravit\u00e9 ceci:<\/div>\n<div>\u00ab Contrairement \u00e0 ce que nous avions annonc\u00e9, nous sommes ici. Des appels nous viennent du monde entier comme si la C\u00f4te d\u2019Ivoire \u00e9tait en feu. Mais ce n\u2019est pas (encore) une guerre, m\u00eame si certains se font tirer dessus simplement pour avoir r\u00e9clam\u00e9 leurs droits. \u00bb<\/div>\n<div><\/div>\n<div>Le 16 avril dernier, des \u00e9v\u00e9nements jug\u00e9s \u00ab graves \u00bb ont \u00e9branl\u00e9 la MATCA.<\/div>\n<div>Selon les intervenants \u00e0 cette rencontre, une tentative de r\u00e9organisation interne a vir\u00e9 au chaos, avec la destitution controvers\u00e9e du Directeur G\u00e9n\u00e9ral l\u00e9gitime, Guedou Eli Ousmane, remplac\u00e9 sans proc\u00e9dure r\u00e9guli\u00e8re par une direction int\u00e9rimaire, ont-ils d\u00e9plor\u00e9.<\/div>\n<div><\/div>\n<div>\u00ab\u00a0Ce qui s\u2019est pass\u00e9 est un v\u00e9ritable coup de force, un braquage institutionnel \u00bb, a d\u00e9nonc\u00e9 Sylla Lancin\u00e9, pr\u00e9sident de la F\u00e9d\u00e9ration Ivoirienne du Patronat et des Exploitants de Taxis Compteurs d&rsquo;Abidjan (FIPETCA).<\/div>\n<div><\/div>\n<div>Et de poursuivre : \u00ab Aujourd\u2019hui, il n\u2019y a ni conseil d\u2019administration, ni assembl\u00e9e g\u00e9n\u00e9rale. On encaisse l\u2019argent des transporteurs, et le soir, on se le partage \u00bb, a-t-il d\u00e9cri\u00e9.<\/div>\n<div><\/div>\n<div>Pire encore, lors d\u2019une r\u00e9cente mobilisation pacifique de d\u00e9l\u00e9gu\u00e9s venus r\u00e9clamer la r\u00e9gularisation de la situation, des coups de feu auraient \u00e9t\u00e9 tir\u00e9s \u00e0 balles r\u00e9elles, selon plusieurs t\u00e9moins pr\u00e9sents.<\/div>\n<div><\/div>\n<div>Face \u00e0 cette escalade de violence et au silence des autorit\u00e9s, les repr\u00e9sentants syndicaux menacent d\u2019entrer en gr\u00e8ve g\u00e9n\u00e9rale dans les 48 heures si aucune action concr\u00e8te n\u2019est entreprise par les autorit\u00e9s.<\/div>\n<div><\/div>\n<div>\u00ab Si rien n\u2019est fait, nous allons arr\u00eater le travail. Pas uniquement les taxis compteurs, mais tous ceux qui circulent en se faisant passer pour nous \u00bb, a pr\u00e9venu le Pasteur Kouadio, porte-parole de la coalition des structures professionnelles du secteur.<\/div>\n<div><\/div>\n<div>Avant d&rsquo;ajouter : \u00ab\u00a0Cette fois, personne ne roulera. Pas de taxis compteurs, pas de VTC d\u00e9guis\u00e9s, pas d\u2019usurpateurs \u00bb, a-t-il insist\u00e9.<\/div>\n<div><\/div>\n<div>D\u00e9non\u00e7ant \u00e9galement une concurrence d\u00e9loyale venue des \u00ab\u00a0pseudo-VTC\u00a0\u00bb qui, selon lui, \u00ab\u00a0ne respectent ni les normes en vigueur, ni les textes du d\u00e9cret pr\u00e9sidentiel\u00a0\u00bb encadrant le secteur urbain du transport.<\/div>\n<div><\/div>\n<div>Quant \u00e0 lui, M. Diabat\u00e9 Maliki, doyen du secteur et d\u00e9l\u00e9gu\u00e9 \u00e0 la MATCA, a\u00a0 interpell\u00e9 le Pr\u00e9sident de la R\u00e9publique Alassane Ouattara sur la situation.<\/div>\n<div><\/div>\n<div>\u00abJe m\u2019adresse directement au Pr\u00e9sident Alassane Ouattara : il est temps qu\u2019il regarde dans le r\u00e9troviseur. Nous ne faisons pas de politique. Nous voulons juste que notre secteur soit respect\u00e9 \u00bb, a-t-il indiqu\u00e9.<\/div>\n<div><\/div>\n<div>Les diff\u00e9rents leaders l\u2019ont rappel\u00e9 avec insistance : le secteur du taxi-compteur est en grandes difficult\u00e9s, et tout retard dans la r\u00e9gularisation de la situation pourrait conduire \u00e0 une paralysie totale. Pour ces professionnels, l\u2019absence de r\u00e9action rapide met en p\u00e9ril non seulement leurs moyens de subsistance, mais aussi l\u2019image du pays.<\/div>\n<div><\/div>\n<div>\u00ab Ce n\u2019est pas seulement une mutuelle qui est en crise, c\u2019est tout un pan du transport ivoirien qui vacille \u00bb, a d\u00e9clar\u00e9 l&rsquo;un des\u00a0 intervenants.<\/div>\n<div><\/div>\n<div>Les professionnels du taxi-compteur d\u2019Abidjan ont, par ailleurs, appel\u00e9 \u00e0 un retour \u00e0 la l\u00e9galit\u00e9 au sein de la MATCA et exig\u00e9 la r\u00e9habilitation de leur direction l\u00e9gitime, et d\u00e9noncent une prise en otage de leur secteur par des int\u00e9r\u00eats occultes.<\/div>\n<div><\/div>\n<div><\/div>\n<div>La tentative du lundi dernier, note-t-on,\u00a0 appara\u00eet comme un nouvel \u00e9pisode dans une lutte d&rsquo;influence qui semble s&rsquo;enliver. De nombreux observateurs craignent d\u00e9sormais une escalade de la violence, si les autorit\u00e9s comp\u00e9tentes ne prennent pas les mesures n\u00e9cessaires pour ramener le calme et r\u00e9tablir l&rsquo;ordre au sein de cette structure essentielle au fonctionnement du transport urbain dans la capitale \u00e9conomique ivoirienne.<\/div>\n<div><\/div>\n<\/div>\n<div><\/div>\n<div><b>S.A<\/b>.<\/div>\n","protected":false},"excerpt":{"rendered":"<p>&nbsp; Le Groupement des Professionnels du Taxi-Compteur (GPTC), a organis\u00e9 , le mardi 20 mai 2025, \u00e0 Abobo(Abidjan), une conf\u00e9rence de presse pour d\u00e9noncer la situation explosive qui secoue actuellement la la Mutuelle d\u2019Assurance des Taxis Compteurs d\u2019Abidjan(MATCA). Face aux journalistes, les leaders du secteur sont mont\u00e9s au cr\u00e9neau, \u00e9voquant des actes de violence arm\u00e9e, [&hellip;]<\/p>\n","protected":false},"author":2,"featured_media":7292,"comment_status":"closed","ping_status":"closed","sticky":false,"template":"","format":"standard","meta":{"_acf_changed":false,"footnotes":""},"categories":[],"tags":[12],"class_list":["post-7291","post","type-post","status-publish","format-standard","has-post-thumbnail","hentry","tag-societe"],"acf":[],"yoast_head":"<!-- This site is optimized with the Yoast SEO plugin v27.5 - https:\/\/yoast.com\/product\/yoast-seo-wordpress\/ -->\n<title>Crise \u00e0 la MATCA\/Les professionnels du taxi-compteur d\u2019Abidjan pr\u00e9viennent :&quot;Si rien n&#039;est fait, nous allons arr\u00eater le travail&quot; - Amanien| L&#039;actualit\u00e9 Ivoirienne et Internationale<\/title>\n<meta name=\"robots\" content=\"index, follow, max-snippet:-1, max-image-preview:large, max-video-preview:-1\" \/>\n<link rel=\"canonical\" href=\"https:\/\/www.amanien.info\/news\/crise-a-la-matca-les-professionnels-du-taxi-compteur-dabidjan-previennent-si-rien-nest-fait-nous-allons-arreter-le-travail\/\" \/>\n<meta property=\"og:locale\" content=\"fr_FR\" \/>\n<meta property=\"og:type\" content=\"article\" \/>\n<meta property=\"og:title\" content=\"Crise \u00e0 la MATCA\/Les professionnels du taxi-compteur d\u2019Abidjan pr\u00e9viennent :&quot;Si rien n&#039;est fait, nous allons arr\u00eater le travail&quot; - Amanien| L&#039;actualit\u00e9 Ivoirienne et Internationale\" \/>\n<meta property=\"og:description\" content=\"&nbsp; Le Groupement des Professionnels du Taxi-Compteur (GPTC), a organis\u00e9 , le mardi 20 mai 2025, \u00e0 Abobo(Abidjan), une conf\u00e9rence de presse pour d\u00e9noncer la situation explosive qui secoue actuellement la la Mutuelle d\u2019Assurance des Taxis Compteurs d\u2019Abidjan(MATCA). Face aux journalistes, les leaders du secteur sont mont\u00e9s au cr\u00e9neau, \u00e9voquant des actes de violence arm\u00e9e, [&hellip;]\" \/>\n<meta property=\"og:url\" content=\"https:\/\/www.amanien.info\/news\/crise-a-la-matca-les-professionnels-du-taxi-compteur-dabidjan-previennent-si-rien-nest-fait-nous-allons-arreter-le-travail\/\" \/>\n<meta property=\"og:site_name\" content=\"Amanien| L&#039;actualit\u00e9 Ivoirienne et Internationale\" \/>\n<meta property=\"article:published_time\" content=\"2025-05-21T19:57:51+00:00\" \/>\n<meta property=\"og:image\" content=\"https:\/\/www.amanien.info\/news\/wp-content\/uploads\/2025\/05\/IMG-20250521-WA0102.jpg\" \/>\n\t<meta property=\"og:image:width\" content=\"1080\" \/>\n\t<meta property=\"og:image:height\" content=\"810\" \/>\n\t<meta property=\"og:image:type\" content=\"image\/jpeg\" \/>\n<meta name=\"author\" content=\"Germain Ndri\" \/>\n<meta name=\"twitter:card\" content=\"summary_large_image\" \/>\n<meta name=\"twitter:label1\" content=\"\u00c9crit par\" \/>\n\t<meta name=\"twitter:data1\" content=\"Germain Ndri\" \/>\n\t<meta name=\"twitter:label2\" content=\"Dur\u00e9e de lecture estim\u00e9e\" \/>\n\t<meta name=\"twitter:data2\" content=\"4 minutes\" \/>\n<script type=\"application\/ld+json\" class=\"yoast-schema-graph\">{\"@context\":\"https:\\\/\\\/schema.org\",\"@graph\":[{\"@type\":\"Article\",\"@id\":\"https:\\\/\\\/www.amanien.info\\\/news\\\/crise-a-la-matca-les-professionnels-du-taxi-compteur-dabidjan-previennent-si-rien-nest-fait-nous-allons-arreter-le-travail\\\/#article\",\"isPartOf\":{\"@id\":\"https:\\\/\\\/www.amanien.info\\\/news\\\/crise-a-la-matca-les-professionnels-du-taxi-compteur-dabidjan-previennent-si-rien-nest-fait-nous-allons-arreter-le-travail\\\/\"},\"author\":{\"name\":\"Germain Ndri\",\"@id\":\"https:\\\/\\\/www.amanien.info\\\/news\\\/#\\\/schema\\\/person\\\/b21093345753a1a98242d505bd894f42\"},\"headline\":\"Crise \u00e0 la MATCA\\\/Les professionnels du taxi-compteur d\u2019Abidjan pr\u00e9viennent :\u00a0\u00bbSi rien n&rsquo;est fait, nous allons arr\u00eater le travail\u00a0\u00bb\",\"datePublished\":\"2025-05-21T19:57:51+00:00\",\"mainEntityOfPage\":{\"@id\":\"https:\\\/\\\/www.amanien.info\\\/news\\\/crise-a-la-matca-les-professionnels-du-taxi-compteur-dabidjan-previennent-si-rien-nest-fait-nous-allons-arreter-le-travail\\\/\"},\"wordCount\":740,\"image\":{\"@id\":\"https:\\\/\\\/www.amanien.info\\\/news\\\/crise-a-la-matca-les-professionnels-du-taxi-compteur-dabidjan-previennent-si-rien-nest-fait-nous-allons-arreter-le-travail\\\/#primaryimage\"},\"thumbnailUrl\":\"https:\\\/\\\/www.amanien.info\\\/news\\\/wp-content\\\/uploads\\\/2025\\\/05\\\/IMG-20250521-WA0102.jpg\",\"keywords\":[\"Soci\u00e9t\u00e9\"],\"inLanguage\":\"fr-FR\"},{\"@type\":\"WebPage\",\"@id\":\"https:\\\/\\\/www.amanien.info\\\/news\\\/crise-a-la-matca-les-professionnels-du-taxi-compteur-dabidjan-previennent-si-rien-nest-fait-nous-allons-arreter-le-travail\\\/\",\"url\":\"https:\\\/\\\/www.amanien.info\\\/news\\\/crise-a-la-matca-les-professionnels-du-taxi-compteur-dabidjan-previennent-si-rien-nest-fait-nous-allons-arreter-le-travail\\\/\",\"name\":\"Crise \u00e0 la MATCA\\\/Les professionnels du taxi-compteur d\u2019Abidjan pr\u00e9viennent :\\\"Si rien n'est fait, nous allons arr\u00eater le travail\\\" - Amanien| L&#039;actualit\u00e9 Ivoirienne et Internationale\",\"isPartOf\":{\"@id\":\"https:\\\/\\\/www.amanien.info\\\/news\\\/#website\"},\"primaryImageOfPage\":{\"@id\":\"https:\\\/\\\/www.amanien.info\\\/news\\\/crise-a-la-matca-les-professionnels-du-taxi-compteur-dabidjan-previennent-si-rien-nest-fait-nous-allons-arreter-le-travail\\\/#primaryimage\"},\"image\":{\"@id\":\"https:\\\/\\\/www.amanien.info\\\/news\\\/crise-a-la-matca-les-professionnels-du-taxi-compteur-dabidjan-previennent-si-rien-nest-fait-nous-allons-arreter-le-travail\\\/#primaryimage\"},\"thumbnailUrl\":\"https:\\\/\\\/www.amanien.info\\\/news\\\/wp-content\\\/uploads\\\/2025\\\/05\\\/IMG-20250521-WA0102.jpg\",\"datePublished\":\"2025-05-21T19:57:51+00:00\",\"author\":{\"@id\":\"https:\\\/\\\/www.amanien.info\\\/news\\\/#\\\/schema\\\/person\\\/b21093345753a1a98242d505bd894f42\"},\"breadcrumb\":{\"@id\":\"https:\\\/\\\/www.amanien.info\\\/news\\\/crise-a-la-matca-les-professionnels-du-taxi-compteur-dabidjan-previennent-si-rien-nest-fait-nous-allons-arreter-le-travail\\\/#breadcrumb\"},\"inLanguage\":\"fr-FR\",\"potentialAction\":[{\"@type\":\"ReadAction\",\"target\":[\"https:\\\/\\\/www.amanien.info\\\/news\\\/crise-a-la-matca-les-professionnels-du-taxi-compteur-dabidjan-previennent-si-rien-nest-fait-nous-allons-arreter-le-travail\\\/\"]}]},{\"@type\":\"ImageObject\",\"inLanguage\":\"fr-FR\",\"@id\":\"https:\\\/\\\/www.amanien.info\\\/news\\\/crise-a-la-matca-les-professionnels-du-taxi-compteur-dabidjan-previennent-si-rien-nest-fait-nous-allons-arreter-le-travail\\\/#primaryimage\",\"url\":\"https:\\\/\\\/www.amanien.info\\\/news\\\/wp-content\\\/uploads\\\/2025\\\/05\\\/IMG-20250521-WA0102.jpg\",\"contentUrl\":\"https:\\\/\\\/www.amanien.info\\\/news\\\/wp-content\\\/uploads\\\/2025\\\/05\\\/IMG-20250521-WA0102.jpg\",\"width\":1080,\"height\":810},{\"@type\":\"BreadcrumbList\",\"@id\":\"https:\\\/\\\/www.amanien.info\\\/news\\\/crise-a-la-matca-les-professionnels-du-taxi-compteur-dabidjan-previennent-si-rien-nest-fait-nous-allons-arreter-le-travail\\\/#breadcrumb\",\"itemListElement\":[{\"@type\":\"ListItem\",\"position\":1,\"name\":\"Accueil\",\"item\":\"https:\\\/\\\/www.amanien.info\\\/news\\\/\"},{\"@type\":\"ListItem\",\"position\":2,\"name\":\"Crise \u00e0 la MATCA\\\/Les professionnels du taxi-compteur d\u2019Abidjan pr\u00e9viennent :\u00a0\u00bbSi rien n&rsquo;est fait, nous allons arr\u00eater le travail\u00a0\u00bb\"}]},{\"@type\":\"WebSite\",\"@id\":\"https:\\\/\\\/www.amanien.info\\\/news\\\/#website\",\"url\":\"https:\\\/\\\/www.amanien.info\\\/news\\\/\",\"name\":\"Amanien| L&#039;actualit\u00e9 Ivoirienne et Internationale\",\"description\":\"L&#039;actualit\u00e9 Ivoirienne et Internationale\",\"potentialAction\":[{\"@type\":\"SearchAction\",\"target\":{\"@type\":\"EntryPoint\",\"urlTemplate\":\"https:\\\/\\\/www.amanien.info\\\/news\\\/?s={search_term_string}\"},\"query-input\":{\"@type\":\"PropertyValueSpecification\",\"valueRequired\":true,\"valueName\":\"search_term_string\"}}],\"inLanguage\":\"fr-FR\"},{\"@type\":\"Person\",\"@id\":\"https:\\\/\\\/www.amanien.info\\\/news\\\/#\\\/schema\\\/person\\\/b21093345753a1a98242d505bd894f42\",\"name\":\"Germain Ndri\",\"url\":\"https:\\\/\\\/www.amanien.info\\\/news\\\/author\\\/amanien-infos\\\/\"}]}<\/script>\n<!-- \/ Yoast SEO plugin. -->","yoast_head_json":{"title":"Crise \u00e0 la MATCA\/Les professionnels du taxi-compteur d\u2019Abidjan pr\u00e9viennent :\"Si rien n'est fait, nous allons arr\u00eater le travail\" - Amanien| L&#039;actualit\u00e9 Ivoirienne et Internationale","robots":{"index":"index","follow":"follow","max-snippet":"max-snippet:-1","max-image-preview":"max-image-preview:large","max-video-preview":"max-video-preview:-1"},"canonical":"https:\/\/www.amanien.info\/news\/crise-a-la-matca-les-professionnels-du-taxi-compteur-dabidjan-previennent-si-rien-nest-fait-nous-allons-arreter-le-travail\/","og_locale":"fr_FR","og_type":"article","og_title":"Crise \u00e0 la MATCA\/Les professionnels du taxi-compteur d\u2019Abidjan pr\u00e9viennent :\"Si rien n'est fait, nous allons arr\u00eater le travail\" - Amanien| L&#039;actualit\u00e9 Ivoirienne et Internationale","og_description":"&nbsp; Le Groupement des Professionnels du Taxi-Compteur (GPTC), a organis\u00e9 , le mardi 20 mai 2025, \u00e0 Abobo(Abidjan), une conf\u00e9rence de presse pour d\u00e9noncer la situation explosive qui secoue actuellement la la Mutuelle d\u2019Assurance des Taxis Compteurs d\u2019Abidjan(MATCA). Face aux journalistes, les leaders du secteur sont mont\u00e9s au cr\u00e9neau, \u00e9voquant des actes de violence arm\u00e9e, [&hellip;]","og_url":"https:\/\/www.amanien.info\/news\/crise-a-la-matca-les-professionnels-du-taxi-compteur-dabidjan-previennent-si-rien-nest-fait-nous-allons-arreter-le-travail\/","og_site_name":"Amanien| L&#039;actualit\u00e9 Ivoirienne et Internationale","article_published_time":"2025-05-21T19:57:51+00:00","og_image":[{"width":1080,"height":810,"url":"https:\/\/www.amanien.info\/news\/wp-content\/uploads\/2025\/05\/IMG-20250521-WA0102.jpg","type":"image\/jpeg"}],"author":"Germain Ndri","twitter_card":"summary_large_image","twitter_misc":{"\u00c9crit par":"Germain Ndri","Dur\u00e9e de lecture estim\u00e9e":"4 minutes"},"schema":{"@context":"https:\/\/schema.org","@graph":[{"@type":"Article","@id":"https:\/\/www.amanien.info\/news\/crise-a-la-matca-les-professionnels-du-taxi-compteur-dabidjan-previennent-si-rien-nest-fait-nous-allons-arreter-le-travail\/#article","isPartOf":{"@id":"https:\/\/www.amanien.info\/news\/crise-a-la-matca-les-professionnels-du-taxi-compteur-dabidjan-previennent-si-rien-nest-fait-nous-allons-arreter-le-travail\/"},"author":{"name":"Germain Ndri","@id":"https:\/\/www.amanien.info\/news\/#\/schema\/person\/b21093345753a1a98242d505bd894f42"},"headline":"Crise \u00e0 la MATCA\/Les professionnels du taxi-compteur d\u2019Abidjan pr\u00e9viennent :\u00a0\u00bbSi rien n&rsquo;est fait, nous allons arr\u00eater le travail\u00a0\u00bb","datePublished":"2025-05-21T19:57:51+00:00","mainEntityOfPage":{"@id":"https:\/\/www.amanien.info\/news\/crise-a-la-matca-les-professionnels-du-taxi-compteur-dabidjan-previennent-si-rien-nest-fait-nous-allons-arreter-le-travail\/"},"wordCount":740,"image":{"@id":"https:\/\/www.amanien.info\/news\/crise-a-la-matca-les-professionnels-du-taxi-compteur-dabidjan-previennent-si-rien-nest-fait-nous-allons-arreter-le-travail\/#primaryimage"},"thumbnailUrl":"https:\/\/www.amanien.info\/news\/wp-content\/uploads\/2025\/05\/IMG-20250521-WA0102.jpg","keywords":["Soci\u00e9t\u00e9"],"inLanguage":"fr-FR"},{"@type":"WebPage","@id":"https:\/\/www.amanien.info\/news\/crise-a-la-matca-les-professionnels-du-taxi-compteur-dabidjan-previennent-si-rien-nest-fait-nous-allons-arreter-le-travail\/","url":"https:\/\/www.amanien.info\/news\/crise-a-la-matca-les-professionnels-du-taxi-compteur-dabidjan-previennent-si-rien-nest-fait-nous-allons-arreter-le-travail\/","name":"Crise \u00e0 la MATCA\/Les professionnels du taxi-compteur d\u2019Abidjan pr\u00e9viennent :\"Si rien n'est fait, nous allons arr\u00eater le travail\" - Amanien| L&#039;actualit\u00e9 Ivoirienne et Internationale","isPartOf":{"@id":"https:\/\/www.amanien.info\/news\/#website"},"primaryImageOfPage":{"@id":"https:\/\/www.amanien.info\/news\/crise-a-la-matca-les-professionnels-du-taxi-compteur-dabidjan-previennent-si-rien-nest-fait-nous-allons-arreter-le-travail\/#primaryimage"},"image":{"@id":"https:\/\/www.amanien.info\/news\/crise-a-la-matca-les-professionnels-du-taxi-compteur-dabidjan-previennent-si-rien-nest-fait-nous-allons-arreter-le-travail\/#primaryimage"},"thumbnailUrl":"https:\/\/www.amanien.info\/news\/wp-content\/uploads\/2025\/05\/IMG-20250521-WA0102.jpg","datePublished":"2025-05-21T19:57:51+00:00","author":{"@id":"https:\/\/www.amanien.info\/news\/#\/schema\/person\/b21093345753a1a98242d505bd894f42"},"breadcrumb":{"@id":"https:\/\/www.amanien.info\/news\/crise-a-la-matca-les-professionnels-du-taxi-compteur-dabidjan-previennent-si-rien-nest-fait-nous-allons-arreter-le-travail\/#breadcrumb"},"inLanguage":"fr-FR","potentialAction":[{"@type":"ReadAction","target":["https:\/\/www.amanien.info\/news\/crise-a-la-matca-les-professionnels-du-taxi-compteur-dabidjan-previennent-si-rien-nest-fait-nous-allons-arreter-le-travail\/"]}]},{"@type":"ImageObject","inLanguage":"fr-FR","@id":"https:\/\/www.amanien.info\/news\/crise-a-la-matca-les-professionnels-du-taxi-compteur-dabidjan-previennent-si-rien-nest-fait-nous-allons-arreter-le-travail\/#primaryimage","url":"https:\/\/www.amanien.info\/news\/wp-content\/uploads\/2025\/05\/IMG-20250521-WA0102.jpg","contentUrl":"https:\/\/www.amanien.info\/news\/wp-content\/uploads\/2025\/05\/IMG-20250521-WA0102.jpg","width":1080,"height":810},{"@type":"BreadcrumbList","@id":"https:\/\/www.amanien.info\/news\/crise-a-la-matca-les-professionnels-du-taxi-compteur-dabidjan-previennent-si-rien-nest-fait-nous-allons-arreter-le-travail\/#breadcrumb","itemListElement":[{"@type":"ListItem","position":1,"name":"Accueil","item":"https:\/\/www.amanien.info\/news\/"},{"@type":"ListItem","position":2,"name":"Crise \u00e0 la MATCA\/Les professionnels du taxi-compteur d\u2019Abidjan pr\u00e9viennent :\u00a0\u00bbSi rien n&rsquo;est fait, nous allons arr\u00eater le travail\u00a0\u00bb"}]},{"@type":"WebSite","@id":"https:\/\/www.amanien.info\/news\/#website","url":"https:\/\/www.amanien.info\/news\/","name":"Amanien| L&#039;actualit\u00e9 Ivoirienne et Internationale","description":"L&#039;actualit\u00e9 Ivoirienne et Internationale","potentialAction":[{"@type":"SearchAction","target":{"@type":"EntryPoint","urlTemplate":"https:\/\/www.amanien.info\/news\/?s={search_term_string}"},"query-input":{"@type":"PropertyValueSpecification","valueRequired":true,"valueName":"search_term_string"}}],"inLanguage":"fr-FR"},{"@type":"Person","@id":"https:\/\/www.amanien.info\/news\/#\/schema\/person\/b21093345753a1a98242d505bd894f42","name":"Germain Ndri","url":"https:\/\/www.amanien.info\/news\/author\/amanien-infos\/"}]}},"_links":{"self":[{"href":"https:\/\/www.amanien.info\/news\/wp-json\/wp\/v2\/posts\/7291","targetHints":{"allow":["GET"]}}],"collection":[{"href":"https:\/\/www.amanien.info\/news\/wp-json\/wp\/v2\/posts"}],"about":[{"href":"https:\/\/www.amanien.info\/news\/wp-json\/wp\/v2\/types\/post"}],"author":[{"embeddable":true,"href":"https:\/\/www.amanien.info\/news\/wp-json\/wp\/v2\/users\/2"}],"replies":[{"embeddable":true,"href":"https:\/\/www.amanien.info\/news\/wp-json\/wp\/v2\/comments?post=7291"}],"version-history":[{"count":1,"href":"https:\/\/www.amanien.info\/news\/wp-json\/wp\/v2\/posts\/7291\/revisions"}],"predecessor-version":[{"id":7293,"href":"https:\/\/www.amanien.info\/news\/wp-json\/wp\/v2\/posts\/7291\/revisions\/7293"}],"wp:featuredmedia":[{"embeddable":true,"href":"https:\/\/www.amanien.info\/news\/wp-json\/wp\/v2\/media\/7292"}],"wp:attachment":[{"href":"https:\/\/www.amanien.info\/news\/wp-json\/wp\/v2\/media?parent=7291"}],"wp:term":[{"taxonomy":"category","embeddable":true,"href":"https:\/\/www.amanien.info\/news\/wp-json\/wp\/v2\/categories?post=7291"},{"taxonomy":"post_tag","embeddable":true,"href":"https:\/\/www.amanien.info\/news\/wp-json\/wp\/v2\/tags?post=7291"}],"curies":[{"name":"wp","href":"https:\/\/api.w.org\/{rel}","templated":true}]}}