{"id":7288,"date":"2025-05-19T10:56:19","date_gmt":"2025-05-19T10:56:19","guid":{"rendered":"https:\/\/www.amanien.info\/news\/?p=7288"},"modified":"2025-05-19T10:56:19","modified_gmt":"2025-05-19T10:56:19","slug":"election-presidentielle-apaisee-long-way4life-presente-le-projet-ma-cote-divoire-ma-paix","status":"publish","type":"post","link":"https:\/\/www.amanien.info\/news\/election-presidentielle-apaisee-long-way4life-presente-le-projet-ma-cote-divoire-ma-paix\/","title":{"rendered":"\u00c9lection pr\u00e9sidentielle apais\u00e9e : l&rsquo;ONG Way4life pr\u00e9sente le projet \u00ab\u00a0Ma C\u00f4te d&rsquo;Ivoire, Ma Paix\u00a0\u00bb"},"content":{"rendered":"<div>Promouvoir la paix en sensibilisant la population, pr\u00e9venir les violences en faisant la promotion de la tol\u00e9rance et la non-violence parmi les \u00e9lecteurs, favoriser le dialogue entre les acteurs politiques pendant et apr\u00e8s les \u00e9lections, contribuer \u00e0 des \u00e9lections apais\u00e9es en cr\u00e9ant un environnement propice \u00e0 la tenue d&rsquo;\u00e9lections d\u00e9mocratiques et transparentes et surtout pr\u00e9parer la jeunesse \u00e0 s&rsquo;impliquer de mani\u00e8re constructive dans le processus \u00e9lectoral, et engager les leaders religieux dans la mobilisation de leurs communaut\u00e9s pour sensibiliser la population. Tels sont les objectifs de la campagne \u00ab\u00a0Ma C\u00f4te d&rsquo;Ivoire, Ma Paix\u00a0\u00bb, une initiative ambitieuse de l&rsquo;ONG Way4life, pr\u00e9sent\u00e9e le samedi 17 mai 2025, \u00e0 Abidjan-Cocody, au cours d&rsquo;une conf\u00e9rence de presse.<\/div>\n<div><\/div>\n<div>Dans sa brillante intervention, le Pr\u00e9sident de l&rsquo;ONG Way4life, Assoukrou Lucien, a exhort\u00e9 \u00e0 des \u00e9lections apais\u00e9es et sans violence en octobre prochain.<\/div>\n<div>\u00ab\u00a0Nous voulons que la p\u00e9riode \u00e9lectorale se passe normalement et sans violence pour qu&rsquo;on soir du 25 octobre, nous puissions avoir des \u00e9lections apais\u00e9es \u00ab\u00a0, a-t-il invit\u00e9.<\/div>\n<div><\/div>\n<div><\/div>\n<div>Il a \u00e9galement appel\u00e9 tous les ivoiriens \u00e0 se joindre \u00e0 ce \u00ab\u00a0mouvement citoyen\u00a0\u00bb afin de b\u00e2tir une \u00ab\u00a0nation forte, soud\u00e9e et tourn\u00e9e vers l&rsquo;avenir\u00a0\u00bb.<\/div>\n<div><\/div>\n<div>Quant \u00e0 lui, le 2\u00e8 Secr\u00e9taire permanent adjoint de la Commission \u00c9lectorale Ind\u00e9pendante (CEI), Dr Doumbia S. a salu\u00e9 cette initiative de l&rsquo;ONG Way4life et a affirm\u00e9 que la CEI s&rsquo;engage \u00e0 offrir aux ivoiriens des \u00e9lections transparentes, sans fraude. \u00ab\u00a0Le malheur ne viendra pas de la CEI. Votre combat est notre combat. Nous jouerons notre partition dans ce combat pour la paix\u00a0\u00bb, a rassur\u00e9 le Repr\u00e9sentant de la CEI.<\/div>\n<div><\/div>\n<div><\/div>\n<div>Notons que cette campagne s&rsquo;articulera autour des pri\u00e8res en faveur de la C\u00f4te d&rsquo;Ivoire, des affiches et la distribution de livret blanc pour des \u00e9lections apais\u00e9es, des s\u00e9minaires, des conf\u00e9rences, des ateliers de sensibilisation, des sensibilisations m\u00e9diatiques, des spots ainsi que des sensibilisations dans les transports en commun.<\/div>\n<div><\/div>\n<div>Elle est un appel \u00e0 chaque citoyen, leader communautaire et acteur politique \u00e0 jouer un r\u00f4le constructif et \u00e0 \u00eatre un artisan de paix en rejetant la violence et privil\u00e9giant le dialogue.<\/div>\n<div><\/div>\n<div>Elle s&rsquo;\u00e9tendra sur plusieurs mois \u00e0 travers toutes les r\u00e9gions de la C\u00f4te d&rsquo;Ivoire.<\/div>\n<div><\/div>\n<div>Pour rappel, Way4life est une ONG chr\u00e9tienne qui oeuve \u00e0 travers les vertus de l&rsquo;\u00e9vangile. Elle rassemble des chr\u00e9tiens de plusieurs communaut\u00e9s et a pour objectif d&rsquo;encourager l&#8217;empreinte de l&rsquo;\u00e9vangile sur les nations. Elle a, depuis sa cr\u00e9ation, men\u00e9 plusieurs activit\u00e9s dont les actions caritatives, des consultations m\u00e9dicales, la distribution gratuite de m\u00e9dicaments et le projet \u00ab\u00a0CAN 2023 pour J\u00e9sus\u00a0\u00bb.<\/div>\n<div><\/div>\n<div><\/div>\n<div><b>S.A<\/b>.<\/div>\n<div><\/div>\n<div><\/div>\n","protected":false},"excerpt":{"rendered":"<p>Promouvoir la paix en sensibilisant la population, pr\u00e9venir les violences en faisant la promotion de la tol\u00e9rance et la non-violence parmi les \u00e9lecteurs, favoriser le dialogue entre les acteurs politiques pendant et apr\u00e8s les \u00e9lections, contribuer \u00e0 des \u00e9lections apais\u00e9es en cr\u00e9ant un environnement propice \u00e0 la tenue d&rsquo;\u00e9lections d\u00e9mocratiques et transparentes et surtout pr\u00e9parer [&hellip;]<\/p>\n","protected":false},"author":2,"featured_media":7289,"comment_status":"closed","ping_status":"closed","sticky":false,"template":"","format":"standard","meta":{"_acf_changed":false,"footnotes":""},"categories":[],"tags":[16],"class_list":["post-7288","post","type-post","status-publish","format-standard","has-post-thumbnail","hentry","tag-politique"],"acf":[],"yoast_head":"<!-- This site is optimized with the Yoast SEO plugin v27.5 - https:\/\/yoast.com\/product\/yoast-seo-wordpress\/ -->\n<title>\u00c9lection pr\u00e9sidentielle apais\u00e9e : l&#039;ONG Way4life pr\u00e9sente le projet &quot;Ma C\u00f4te d&#039;Ivoire, Ma Paix&quot; - Amanien| L&#039;actualit\u00e9 Ivoirienne et Internationale<\/title>\n<meta name=\"robots\" content=\"index, follow, max-snippet:-1, max-image-preview:large, max-video-preview:-1\" \/>\n<link rel=\"canonical\" href=\"https:\/\/www.amanien.info\/news\/election-presidentielle-apaisee-long-way4life-presente-le-projet-ma-cote-divoire-ma-paix\/\" \/>\n<meta property=\"og:locale\" content=\"fr_FR\" \/>\n<meta property=\"og:type\" content=\"article\" \/>\n<meta property=\"og:title\" content=\"\u00c9lection pr\u00e9sidentielle apais\u00e9e : l&#039;ONG Way4life pr\u00e9sente le projet &quot;Ma C\u00f4te d&#039;Ivoire, Ma Paix&quot; - Amanien| L&#039;actualit\u00e9 Ivoirienne et Internationale\" \/>\n<meta property=\"og:description\" content=\"Promouvoir la paix en sensibilisant la population, pr\u00e9venir les violences en faisant la promotion de la tol\u00e9rance et la non-violence parmi les \u00e9lecteurs, favoriser le dialogue entre les acteurs politiques pendant et apr\u00e8s les \u00e9lections, contribuer \u00e0 des \u00e9lections apais\u00e9es en cr\u00e9ant un environnement propice \u00e0 la tenue d&rsquo;\u00e9lections d\u00e9mocratiques et transparentes et surtout pr\u00e9parer [&hellip;]\" \/>\n<meta property=\"og:url\" content=\"https:\/\/www.amanien.info\/news\/election-presidentielle-apaisee-long-way4life-presente-le-projet-ma-cote-divoire-ma-paix\/\" \/>\n<meta property=\"og:site_name\" content=\"Amanien| L&#039;actualit\u00e9 Ivoirienne et Internationale\" \/>\n<meta property=\"article:published_time\" content=\"2025-05-19T10:56:19+00:00\" \/>\n<meta property=\"og:image\" content=\"https:\/\/www.amanien.info\/news\/wp-content\/uploads\/2025\/05\/IMG-20250517-WA0024.jpg\" \/>\n\t<meta property=\"og:image:width\" content=\"1280\" \/>\n\t<meta property=\"og:image:height\" content=\"960\" \/>\n\t<meta property=\"og:image:type\" content=\"image\/jpeg\" \/>\n<meta name=\"author\" content=\"Germain Ndri\" \/>\n<meta name=\"twitter:card\" content=\"summary_large_image\" \/>\n<meta name=\"twitter:label1\" content=\"\u00c9crit par\" \/>\n\t<meta name=\"twitter:data1\" content=\"Germain Ndri\" \/>\n\t<meta name=\"twitter:label2\" content=\"Dur\u00e9e de lecture estim\u00e9e\" \/>\n\t<meta name=\"twitter:data2\" content=\"3 minutes\" \/>\n<script type=\"application\/ld+json\" class=\"yoast-schema-graph\">{\"@context\":\"https:\\\/\\\/schema.org\",\"@graph\":[{\"@type\":\"Article\",\"@id\":\"https:\\\/\\\/www.amanien.info\\\/news\\\/election-presidentielle-apaisee-long-way4life-presente-le-projet-ma-cote-divoire-ma-paix\\\/#article\",\"isPartOf\":{\"@id\":\"https:\\\/\\\/www.amanien.info\\\/news\\\/election-presidentielle-apaisee-long-way4life-presente-le-projet-ma-cote-divoire-ma-paix\\\/\"},\"author\":{\"name\":\"Germain Ndri\",\"@id\":\"https:\\\/\\\/www.amanien.info\\\/news\\\/#\\\/schema\\\/person\\\/b21093345753a1a98242d505bd894f42\"},\"headline\":\"\u00c9lection pr\u00e9sidentielle apais\u00e9e : l&rsquo;ONG Way4life pr\u00e9sente le projet \u00ab\u00a0Ma C\u00f4te d&rsquo;Ivoire, Ma Paix\u00a0\u00bb\",\"datePublished\":\"2025-05-19T10:56:19+00:00\",\"mainEntityOfPage\":{\"@id\":\"https:\\\/\\\/www.amanien.info\\\/news\\\/election-presidentielle-apaisee-long-way4life-presente-le-projet-ma-cote-divoire-ma-paix\\\/\"},\"wordCount\":477,\"image\":{\"@id\":\"https:\\\/\\\/www.amanien.info\\\/news\\\/election-presidentielle-apaisee-long-way4life-presente-le-projet-ma-cote-divoire-ma-paix\\\/#primaryimage\"},\"thumbnailUrl\":\"https:\\\/\\\/www.amanien.info\\\/news\\\/wp-content\\\/uploads\\\/2025\\\/05\\\/IMG-20250517-WA0024.jpg\",\"keywords\":[\"Politique\"],\"inLanguage\":\"fr-FR\"},{\"@type\":\"WebPage\",\"@id\":\"https:\\\/\\\/www.amanien.info\\\/news\\\/election-presidentielle-apaisee-long-way4life-presente-le-projet-ma-cote-divoire-ma-paix\\\/\",\"url\":\"https:\\\/\\\/www.amanien.info\\\/news\\\/election-presidentielle-apaisee-long-way4life-presente-le-projet-ma-cote-divoire-ma-paix\\\/\",\"name\":\"\u00c9lection pr\u00e9sidentielle apais\u00e9e : l'ONG Way4life pr\u00e9sente le projet \\\"Ma C\u00f4te d'Ivoire, Ma Paix\\\" - Amanien| L&#039;actualit\u00e9 Ivoirienne et Internationale\",\"isPartOf\":{\"@id\":\"https:\\\/\\\/www.amanien.info\\\/news\\\/#website\"},\"primaryImageOfPage\":{\"@id\":\"https:\\\/\\\/www.amanien.info\\\/news\\\/election-presidentielle-apaisee-long-way4life-presente-le-projet-ma-cote-divoire-ma-paix\\\/#primaryimage\"},\"image\":{\"@id\":\"https:\\\/\\\/www.amanien.info\\\/news\\\/election-presidentielle-apaisee-long-way4life-presente-le-projet-ma-cote-divoire-ma-paix\\\/#primaryimage\"},\"thumbnailUrl\":\"https:\\\/\\\/www.amanien.info\\\/news\\\/wp-content\\\/uploads\\\/2025\\\/05\\\/IMG-20250517-WA0024.jpg\",\"datePublished\":\"2025-05-19T10:56:19+00:00\",\"author\":{\"@id\":\"https:\\\/\\\/www.amanien.info\\\/news\\\/#\\\/schema\\\/person\\\/b21093345753a1a98242d505bd894f42\"},\"breadcrumb\":{\"@id\":\"https:\\\/\\\/www.amanien.info\\\/news\\\/election-presidentielle-apaisee-long-way4life-presente-le-projet-ma-cote-divoire-ma-paix\\\/#breadcrumb\"},\"inLanguage\":\"fr-FR\",\"potentialAction\":[{\"@type\":\"ReadAction\",\"target\":[\"https:\\\/\\\/www.amanien.info\\\/news\\\/election-presidentielle-apaisee-long-way4life-presente-le-projet-ma-cote-divoire-ma-paix\\\/\"]}]},{\"@type\":\"ImageObject\",\"inLanguage\":\"fr-FR\",\"@id\":\"https:\\\/\\\/www.amanien.info\\\/news\\\/election-presidentielle-apaisee-long-way4life-presente-le-projet-ma-cote-divoire-ma-paix\\\/#primaryimage\",\"url\":\"https:\\\/\\\/www.amanien.info\\\/news\\\/wp-content\\\/uploads\\\/2025\\\/05\\\/IMG-20250517-WA0024.jpg\",\"contentUrl\":\"https:\\\/\\\/www.amanien.info\\\/news\\\/wp-content\\\/uploads\\\/2025\\\/05\\\/IMG-20250517-WA0024.jpg\",\"width\":1280,\"height\":960},{\"@type\":\"BreadcrumbList\",\"@id\":\"https:\\\/\\\/www.amanien.info\\\/news\\\/election-presidentielle-apaisee-long-way4life-presente-le-projet-ma-cote-divoire-ma-paix\\\/#breadcrumb\",\"itemListElement\":[{\"@type\":\"ListItem\",\"position\":1,\"name\":\"Accueil\",\"item\":\"https:\\\/\\\/www.amanien.info\\\/news\\\/\"},{\"@type\":\"ListItem\",\"position\":2,\"name\":\"\u00c9lection pr\u00e9sidentielle apais\u00e9e : l&rsquo;ONG Way4life pr\u00e9sente le projet \u00ab\u00a0Ma C\u00f4te d&rsquo;Ivoire, Ma Paix\u00a0\u00bb\"}]},{\"@type\":\"WebSite\",\"@id\":\"https:\\\/\\\/www.amanien.info\\\/news\\\/#website\",\"url\":\"https:\\\/\\\/www.amanien.info\\\/news\\\/\",\"name\":\"Amanien| L&#039;actualit\u00e9 Ivoirienne et Internationale\",\"description\":\"L&#039;actualit\u00e9 Ivoirienne et Internationale\",\"potentialAction\":[{\"@type\":\"SearchAction\",\"target\":{\"@type\":\"EntryPoint\",\"urlTemplate\":\"https:\\\/\\\/www.amanien.info\\\/news\\\/?s={search_term_string}\"},\"query-input\":{\"@type\":\"PropertyValueSpecification\",\"valueRequired\":true,\"valueName\":\"search_term_string\"}}],\"inLanguage\":\"fr-FR\"},{\"@type\":\"Person\",\"@id\":\"https:\\\/\\\/www.amanien.info\\\/news\\\/#\\\/schema\\\/person\\\/b21093345753a1a98242d505bd894f42\",\"name\":\"Germain Ndri\",\"url\":\"https:\\\/\\\/www.amanien.info\\\/news\\\/author\\\/amanien-infos\\\/\"}]}<\/script>\n<!-- \/ Yoast SEO plugin. -->","yoast_head_json":{"title":"\u00c9lection pr\u00e9sidentielle apais\u00e9e : l'ONG Way4life pr\u00e9sente le projet \"Ma C\u00f4te d'Ivoire, Ma Paix\" - Amanien| L&#039;actualit\u00e9 Ivoirienne et Internationale","robots":{"index":"index","follow":"follow","max-snippet":"max-snippet:-1","max-image-preview":"max-image-preview:large","max-video-preview":"max-video-preview:-1"},"canonical":"https:\/\/www.amanien.info\/news\/election-presidentielle-apaisee-long-way4life-presente-le-projet-ma-cote-divoire-ma-paix\/","og_locale":"fr_FR","og_type":"article","og_title":"\u00c9lection pr\u00e9sidentielle apais\u00e9e : l'ONG Way4life pr\u00e9sente le projet \"Ma C\u00f4te d'Ivoire, Ma Paix\" - Amanien| L&#039;actualit\u00e9 Ivoirienne et Internationale","og_description":"Promouvoir la paix en sensibilisant la population, pr\u00e9venir les violences en faisant la promotion de la tol\u00e9rance et la non-violence parmi les \u00e9lecteurs, favoriser le dialogue entre les acteurs politiques pendant et apr\u00e8s les \u00e9lections, contribuer \u00e0 des \u00e9lections apais\u00e9es en cr\u00e9ant un environnement propice \u00e0 la tenue d&rsquo;\u00e9lections d\u00e9mocratiques et transparentes et surtout pr\u00e9parer [&hellip;]","og_url":"https:\/\/www.amanien.info\/news\/election-presidentielle-apaisee-long-way4life-presente-le-projet-ma-cote-divoire-ma-paix\/","og_site_name":"Amanien| L&#039;actualit\u00e9 Ivoirienne et Internationale","article_published_time":"2025-05-19T10:56:19+00:00","og_image":[{"width":1280,"height":960,"url":"https:\/\/www.amanien.info\/news\/wp-content\/uploads\/2025\/05\/IMG-20250517-WA0024.jpg","type":"image\/jpeg"}],"author":"Germain Ndri","twitter_card":"summary_large_image","twitter_misc":{"\u00c9crit par":"Germain Ndri","Dur\u00e9e de lecture estim\u00e9e":"3 minutes"},"schema":{"@context":"https:\/\/schema.org","@graph":[{"@type":"Article","@id":"https:\/\/www.amanien.info\/news\/election-presidentielle-apaisee-long-way4life-presente-le-projet-ma-cote-divoire-ma-paix\/#article","isPartOf":{"@id":"https:\/\/www.amanien.info\/news\/election-presidentielle-apaisee-long-way4life-presente-le-projet-ma-cote-divoire-ma-paix\/"},"author":{"name":"Germain Ndri","@id":"https:\/\/www.amanien.info\/news\/#\/schema\/person\/b21093345753a1a98242d505bd894f42"},"headline":"\u00c9lection pr\u00e9sidentielle apais\u00e9e : l&rsquo;ONG Way4life pr\u00e9sente le projet \u00ab\u00a0Ma C\u00f4te d&rsquo;Ivoire, Ma Paix\u00a0\u00bb","datePublished":"2025-05-19T10:56:19+00:00","mainEntityOfPage":{"@id":"https:\/\/www.amanien.info\/news\/election-presidentielle-apaisee-long-way4life-presente-le-projet-ma-cote-divoire-ma-paix\/"},"wordCount":477,"image":{"@id":"https:\/\/www.amanien.info\/news\/election-presidentielle-apaisee-long-way4life-presente-le-projet-ma-cote-divoire-ma-paix\/#primaryimage"},"thumbnailUrl":"https:\/\/www.amanien.info\/news\/wp-content\/uploads\/2025\/05\/IMG-20250517-WA0024.jpg","keywords":["Politique"],"inLanguage":"fr-FR"},{"@type":"WebPage","@id":"https:\/\/www.amanien.info\/news\/election-presidentielle-apaisee-long-way4life-presente-le-projet-ma-cote-divoire-ma-paix\/","url":"https:\/\/www.amanien.info\/news\/election-presidentielle-apaisee-long-way4life-presente-le-projet-ma-cote-divoire-ma-paix\/","name":"\u00c9lection pr\u00e9sidentielle apais\u00e9e : l'ONG Way4life pr\u00e9sente le projet \"Ma C\u00f4te d'Ivoire, Ma Paix\" - Amanien| L&#039;actualit\u00e9 Ivoirienne et Internationale","isPartOf":{"@id":"https:\/\/www.amanien.info\/news\/#website"},"primaryImageOfPage":{"@id":"https:\/\/www.amanien.info\/news\/election-presidentielle-apaisee-long-way4life-presente-le-projet-ma-cote-divoire-ma-paix\/#primaryimage"},"image":{"@id":"https:\/\/www.amanien.info\/news\/election-presidentielle-apaisee-long-way4life-presente-le-projet-ma-cote-divoire-ma-paix\/#primaryimage"},"thumbnailUrl":"https:\/\/www.amanien.info\/news\/wp-content\/uploads\/2025\/05\/IMG-20250517-WA0024.jpg","datePublished":"2025-05-19T10:56:19+00:00","author":{"@id":"https:\/\/www.amanien.info\/news\/#\/schema\/person\/b21093345753a1a98242d505bd894f42"},"breadcrumb":{"@id":"https:\/\/www.amanien.info\/news\/election-presidentielle-apaisee-long-way4life-presente-le-projet-ma-cote-divoire-ma-paix\/#breadcrumb"},"inLanguage":"fr-FR","potentialAction":[{"@type":"ReadAction","target":["https:\/\/www.amanien.info\/news\/election-presidentielle-apaisee-long-way4life-presente-le-projet-ma-cote-divoire-ma-paix\/"]}]},{"@type":"ImageObject","inLanguage":"fr-FR","@id":"https:\/\/www.amanien.info\/news\/election-presidentielle-apaisee-long-way4life-presente-le-projet-ma-cote-divoire-ma-paix\/#primaryimage","url":"https:\/\/www.amanien.info\/news\/wp-content\/uploads\/2025\/05\/IMG-20250517-WA0024.jpg","contentUrl":"https:\/\/www.amanien.info\/news\/wp-content\/uploads\/2025\/05\/IMG-20250517-WA0024.jpg","width":1280,"height":960},{"@type":"BreadcrumbList","@id":"https:\/\/www.amanien.info\/news\/election-presidentielle-apaisee-long-way4life-presente-le-projet-ma-cote-divoire-ma-paix\/#breadcrumb","itemListElement":[{"@type":"ListItem","position":1,"name":"Accueil","item":"https:\/\/www.amanien.info\/news\/"},{"@type":"ListItem","position":2,"name":"\u00c9lection pr\u00e9sidentielle apais\u00e9e : l&rsquo;ONG Way4life pr\u00e9sente le projet \u00ab\u00a0Ma C\u00f4te d&rsquo;Ivoire, Ma Paix\u00a0\u00bb"}]},{"@type":"WebSite","@id":"https:\/\/www.amanien.info\/news\/#website","url":"https:\/\/www.amanien.info\/news\/","name":"Amanien| L&#039;actualit\u00e9 Ivoirienne et Internationale","description":"L&#039;actualit\u00e9 Ivoirienne et Internationale","potentialAction":[{"@type":"SearchAction","target":{"@type":"EntryPoint","urlTemplate":"https:\/\/www.amanien.info\/news\/?s={search_term_string}"},"query-input":{"@type":"PropertyValueSpecification","valueRequired":true,"valueName":"search_term_string"}}],"inLanguage":"fr-FR"},{"@type":"Person","@id":"https:\/\/www.amanien.info\/news\/#\/schema\/person\/b21093345753a1a98242d505bd894f42","name":"Germain Ndri","url":"https:\/\/www.amanien.info\/news\/author\/amanien-infos\/"}]}},"_links":{"self":[{"href":"https:\/\/www.amanien.info\/news\/wp-json\/wp\/v2\/posts\/7288","targetHints":{"allow":["GET"]}}],"collection":[{"href":"https:\/\/www.amanien.info\/news\/wp-json\/wp\/v2\/posts"}],"about":[{"href":"https:\/\/www.amanien.info\/news\/wp-json\/wp\/v2\/types\/post"}],"author":[{"embeddable":true,"href":"https:\/\/www.amanien.info\/news\/wp-json\/wp\/v2\/users\/2"}],"replies":[{"embeddable":true,"href":"https:\/\/www.amanien.info\/news\/wp-json\/wp\/v2\/comments?post=7288"}],"version-history":[{"count":1,"href":"https:\/\/www.amanien.info\/news\/wp-json\/wp\/v2\/posts\/7288\/revisions"}],"predecessor-version":[{"id":7290,"href":"https:\/\/www.amanien.info\/news\/wp-json\/wp\/v2\/posts\/7288\/revisions\/7290"}],"wp:featuredmedia":[{"embeddable":true,"href":"https:\/\/www.amanien.info\/news\/wp-json\/wp\/v2\/media\/7289"}],"wp:attachment":[{"href":"https:\/\/www.amanien.info\/news\/wp-json\/wp\/v2\/media?parent=7288"}],"wp:term":[{"taxonomy":"category","embeddable":true,"href":"https:\/\/www.amanien.info\/news\/wp-json\/wp\/v2\/categories?post=7288"},{"taxonomy":"post_tag","embeddable":true,"href":"https:\/\/www.amanien.info\/news\/wp-json\/wp\/v2\/tags?post=7288"}],"curies":[{"name":"wp","href":"https:\/\/api.w.org\/{rel}","templated":true}]}}