{"id":7283,"date":"2025-05-18T17:20:23","date_gmt":"2025-05-18T17:20:23","guid":{"rendered":"https:\/\/www.amanien.info\/news\/?p=7283"},"modified":"2025-05-18T17:20:23","modified_gmt":"2025-05-18T17:20:23","slug":"presidentielle-doctobre-2025-quatre04-partis-politiques-rejoignent-henriette-lagou-et-le-gp-paix","status":"publish","type":"post","link":"https:\/\/www.amanien.info\/news\/presidentielle-doctobre-2025-quatre04-partis-politiques-rejoignent-henriette-lagou-et-le-gp-paix\/","title":{"rendered":"Pr\u00e9sidentielle d&rsquo;octobre 2025 : Quatre(04) partis politiques rejoignent Henriette Lagou et le GP-Paix\u00a0\u00a0"},"content":{"rendered":"<div>Le Rassemblement des Verts Ivoiriens (RAVI) repr\u00e9sent\u00e9 par Mme Kon\u00e9 Rose, l&rsquo;Alliance des D\u00e9mocrates Populaires (ADDP) dirig\u00e9 par M. GBE Gnionty Angelesse, le Parti de la Renaissance Ivoirienne (PRI) avec \u00e0 sa t\u00eate M. Diomand\u00e9 Zoumana, et le Parti Socialiste pour la D\u00e9mocratie de C\u00f4te d&rsquo;Ivoire (PSDCI) dirig\u00e9 par M. Poka Arthur se sont engag\u00e9s \u00e0\u00a0 accompagner le GP-PAIX dans sa marche vers la pr\u00e9sidentielle du 25 octobre 2025.<\/div>\n<div><\/div>\n<div>C&rsquo;\u00e9tait au cours d&rsquo;une c\u00e9r\u00e9monie solennelle qui s&rsquo;est d\u00e9roul\u00e9e le jeudi 15 mai 2025 \u00e0 Abidjan-Cocody.<\/div>\n<div><\/div>\n<div>L&rsquo; objectif de la signature de ce partenariat \u00e9lectoral est d&rsquo;unir les forces autour de la candidature d&rsquo;Henriette Lagou.<\/div>\n<div><\/div>\n<div>Dans un discours plein de confiance, la Coordinatrice du GP-Paix, Henriette Lagou, a salu\u00e9 cet \u00e9largissement qu\u2019elle qualifie de \u00ab partenariat de raison et d\u2019id\u00e9ologie \u00bb.<\/div>\n<div><\/div>\n<div>A l&rsquo;en croire, cette union vise \u00e0 promouvoir une gouvernance fond\u00e9e sur \u00ab la paix, la fraternit\u00e9, la coh\u00e9sion sociale et le bien-\u00eatre des Ivoiriens \u00bb.<\/div>\n<div><\/div>\n<div>\u00ab Cet accord de partenariat a pour objet, comme nous l\u2019avons dit, d\u2019aller ensemble \u00e0 l\u2019\u00e9lection pr\u00e9sidentielle, pour faire \u00e9lire la candidate du GP-Paix et poursuivre avec les autres \u00e9lections \u00bb, a-t-elle d\u00e9clar\u00e9.<\/div>\n<div><\/div>\n<div>Elle a \u00e9galement exprim\u00e9 sa vision d\u2019une force politique centriste forte et unifi\u00e9e, capable de proposer une \u00ab troisi\u00e8me voie \u00bb en C\u00f4te d\u2019Ivoire : une voie de mod\u00e9ration, de sagesse et de compassion.<\/div>\n<div><\/div>\n<div>\u00ab J\u2019ai un r\u00eave : voir toute la grande famille des centristes ivoiriens se rassembler dans un vaste mouvement qui va d\u00e9sormais imposer la voie de la raison et du bon sens dans notre pays \u00bb, a soulign\u00e9 la Ministre Henriette Lagou.<\/div>\n<div><\/div>\n<div><\/div>\n<div>De m\u00eame , la candidate du GP-Paix \u00e0 la pr\u00e9sidentielle de 2025 a fait savoir que ce partenariat \u00e9lectoral va bien au-del\u00e0 du simple cadre d\u2019une campagne. Il s\u2019agit, selon elle, d\u2019un projet politique de fond, structur\u00e9, capable de transformer la gouvernance nationale.<\/div>\n<div><\/div>\n<div>\u00ab Nous devons parcourir tous les hameaux afin de faire de notre organisation une redoutable machine \u00e0 succ\u00e8s. Notre ambition est grande, et il nous faut travailler sans rel\u00e2che, avec courage et endurance, pour relever le d\u00e9fi de la gouvernance \u00bb, a-t-elle insist\u00e9.<\/div>\n<div><\/div>\n<div>Avant de remercier les partis signataires pour leur confiance et leur engagement dans la construction de cette plateforme \u00e9lectorale.<\/div>\n<div><\/div>\n<div>Poursuivant, Henriette Lagou a exhort\u00e9 ses partenaires \u00e0 aller \u00e0 la conqu\u00eate du pouvoir dans la paix et la coh\u00e9sion, afin de r\u00e9pondre aux aspirations de changement du peuple ivoirien.<\/div>\n<div><\/div>\n<div>Dans le document, les nouveaux partenaires se sont dits conscients des enjeux \u00e9lectoraux et de la n\u00e9cessit\u00e9 d&rsquo;unir leurs efforts pour exister durablement dans l&rsquo;ar\u00e8ne politique ivoirienne. Un cadre de pilotage de la campagne sera, \u00e0 cet effet, mis en place. Il sera compos\u00e9 des pr\u00e9sidents de partis politiques et d&rsquo;un de leurs collaborateurs et aura pour mission de coordonner les activit\u00e9s, veiller \u00e0 l&rsquo;ex\u00e9cution du protocole et renforcer la collaboration.<\/div>\n<div><\/div>\n<div><\/div>\n<div>Notons que cet accord court jusqu&rsquo;\u00e0 la fin du cycle \u00e9lectoral, en 2028. Il pr\u00e9voit des bilans interm\u00e9diaires apr\u00e8s chaque grande \u00e9lection, et une clause d&rsquo;\u00e9volution pour permettre l&rsquo;int\u00e9gration d&rsquo;autres partis politiques partageant les valeurs de la plateforme.<\/div>\n<div><\/div>\n<div><\/div>\n<div><b>S.A<\/b>.<\/div>\n<div><\/div>\n<div><\/div>\n","protected":false},"excerpt":{"rendered":"<p>Le Rassemblement des Verts Ivoiriens (RAVI) repr\u00e9sent\u00e9 par Mme Kon\u00e9 Rose, l&rsquo;Alliance des D\u00e9mocrates Populaires (ADDP) dirig\u00e9 par M. GBE Gnionty Angelesse, le Parti de la Renaissance Ivoirienne (PRI) avec \u00e0 sa t\u00eate M. Diomand\u00e9 Zoumana, et le Parti Socialiste pour la D\u00e9mocratie de C\u00f4te d&rsquo;Ivoire (PSDCI) dirig\u00e9 par M. Poka Arthur se sont engag\u00e9s [&hellip;]<\/p>\n","protected":false},"author":2,"featured_media":7285,"comment_status":"closed","ping_status":"closed","sticky":false,"template":"","format":"standard","meta":{"_acf_changed":false,"footnotes":""},"categories":[],"tags":[16],"class_list":["post-7283","post","type-post","status-publish","format-standard","has-post-thumbnail","hentry","tag-politique"],"acf":[],"yoast_head":"<!-- This site is optimized with the Yoast SEO plugin v27.5 - https:\/\/yoast.com\/product\/yoast-seo-wordpress\/ -->\n<title>Pr\u00e9sidentielle d&#039;octobre 2025 : Quatre(04) partis politiques rejoignent Henriette Lagou et le GP-Paix\u00a0\u00a0 - Amanien| L&#039;actualit\u00e9 Ivoirienne et Internationale<\/title>\n<meta name=\"robots\" content=\"index, follow, max-snippet:-1, max-image-preview:large, max-video-preview:-1\" \/>\n<link rel=\"canonical\" href=\"https:\/\/www.amanien.info\/news\/presidentielle-doctobre-2025-quatre04-partis-politiques-rejoignent-henriette-lagou-et-le-gp-paix\/\" \/>\n<meta property=\"og:locale\" content=\"fr_FR\" \/>\n<meta property=\"og:type\" content=\"article\" \/>\n<meta property=\"og:title\" content=\"Pr\u00e9sidentielle d&#039;octobre 2025 : Quatre(04) partis politiques rejoignent Henriette Lagou et le GP-Paix\u00a0\u00a0 - Amanien| L&#039;actualit\u00e9 Ivoirienne et Internationale\" \/>\n<meta property=\"og:description\" content=\"Le Rassemblement des Verts Ivoiriens (RAVI) repr\u00e9sent\u00e9 par Mme Kon\u00e9 Rose, l&rsquo;Alliance des D\u00e9mocrates Populaires (ADDP) dirig\u00e9 par M. GBE Gnionty Angelesse, le Parti de la Renaissance Ivoirienne (PRI) avec \u00e0 sa t\u00eate M. Diomand\u00e9 Zoumana, et le Parti Socialiste pour la D\u00e9mocratie de C\u00f4te d&rsquo;Ivoire (PSDCI) dirig\u00e9 par M. Poka Arthur se sont engag\u00e9s [&hellip;]\" \/>\n<meta property=\"og:url\" content=\"https:\/\/www.amanien.info\/news\/presidentielle-doctobre-2025-quatre04-partis-politiques-rejoignent-henriette-lagou-et-le-gp-paix\/\" \/>\n<meta property=\"og:site_name\" content=\"Amanien| L&#039;actualit\u00e9 Ivoirienne et Internationale\" \/>\n<meta property=\"article:published_time\" content=\"2025-05-18T17:20:23+00:00\" \/>\n<meta property=\"og:image\" content=\"https:\/\/www.amanien.info\/news\/wp-content\/uploads\/2025\/05\/IMG_20250515_130504-1-750x375-1-2.jpg\" \/>\n\t<meta property=\"og:image:width\" content=\"750\" \/>\n\t<meta property=\"og:image:height\" content=\"375\" \/>\n\t<meta property=\"og:image:type\" content=\"image\/jpeg\" \/>\n<meta name=\"author\" content=\"Germain Ndri\" \/>\n<meta name=\"twitter:card\" content=\"summary_large_image\" \/>\n<meta name=\"twitter:label1\" content=\"\u00c9crit par\" \/>\n\t<meta name=\"twitter:data1\" content=\"Germain Ndri\" \/>\n\t<meta name=\"twitter:label2\" content=\"Dur\u00e9e de lecture estim\u00e9e\" \/>\n\t<meta name=\"twitter:data2\" content=\"3 minutes\" \/>\n<script type=\"application\/ld+json\" class=\"yoast-schema-graph\">{\"@context\":\"https:\\\/\\\/schema.org\",\"@graph\":[{\"@type\":\"Article\",\"@id\":\"https:\\\/\\\/www.amanien.info\\\/news\\\/presidentielle-doctobre-2025-quatre04-partis-politiques-rejoignent-henriette-lagou-et-le-gp-paix\\\/#article\",\"isPartOf\":{\"@id\":\"https:\\\/\\\/www.amanien.info\\\/news\\\/presidentielle-doctobre-2025-quatre04-partis-politiques-rejoignent-henriette-lagou-et-le-gp-paix\\\/\"},\"author\":{\"name\":\"Germain Ndri\",\"@id\":\"https:\\\/\\\/www.amanien.info\\\/news\\\/#\\\/schema\\\/person\\\/b21093345753a1a98242d505bd894f42\"},\"headline\":\"Pr\u00e9sidentielle d&rsquo;octobre 2025 : Quatre(04) partis politiques rejoignent Henriette Lagou et le GP-Paix\u00a0\u00a0\",\"datePublished\":\"2025-05-18T17:20:23+00:00\",\"mainEntityOfPage\":{\"@id\":\"https:\\\/\\\/www.amanien.info\\\/news\\\/presidentielle-doctobre-2025-quatre04-partis-politiques-rejoignent-henriette-lagou-et-le-gp-paix\\\/\"},\"wordCount\":558,\"image\":{\"@id\":\"https:\\\/\\\/www.amanien.info\\\/news\\\/presidentielle-doctobre-2025-quatre04-partis-politiques-rejoignent-henriette-lagou-et-le-gp-paix\\\/#primaryimage\"},\"thumbnailUrl\":\"https:\\\/\\\/www.amanien.info\\\/news\\\/wp-content\\\/uploads\\\/2025\\\/05\\\/IMG_20250515_130504-1-750x375-1-2.jpg\",\"keywords\":[\"Politique\"],\"inLanguage\":\"fr-FR\"},{\"@type\":\"WebPage\",\"@id\":\"https:\\\/\\\/www.amanien.info\\\/news\\\/presidentielle-doctobre-2025-quatre04-partis-politiques-rejoignent-henriette-lagou-et-le-gp-paix\\\/\",\"url\":\"https:\\\/\\\/www.amanien.info\\\/news\\\/presidentielle-doctobre-2025-quatre04-partis-politiques-rejoignent-henriette-lagou-et-le-gp-paix\\\/\",\"name\":\"Pr\u00e9sidentielle d'octobre 2025 : Quatre(04) partis politiques rejoignent Henriette Lagou et le GP-Paix\u00a0\u00a0 - Amanien| L&#039;actualit\u00e9 Ivoirienne et Internationale\",\"isPartOf\":{\"@id\":\"https:\\\/\\\/www.amanien.info\\\/news\\\/#website\"},\"primaryImageOfPage\":{\"@id\":\"https:\\\/\\\/www.amanien.info\\\/news\\\/presidentielle-doctobre-2025-quatre04-partis-politiques-rejoignent-henriette-lagou-et-le-gp-paix\\\/#primaryimage\"},\"image\":{\"@id\":\"https:\\\/\\\/www.amanien.info\\\/news\\\/presidentielle-doctobre-2025-quatre04-partis-politiques-rejoignent-henriette-lagou-et-le-gp-paix\\\/#primaryimage\"},\"thumbnailUrl\":\"https:\\\/\\\/www.amanien.info\\\/news\\\/wp-content\\\/uploads\\\/2025\\\/05\\\/IMG_20250515_130504-1-750x375-1-2.jpg\",\"datePublished\":\"2025-05-18T17:20:23+00:00\",\"author\":{\"@id\":\"https:\\\/\\\/www.amanien.info\\\/news\\\/#\\\/schema\\\/person\\\/b21093345753a1a98242d505bd894f42\"},\"breadcrumb\":{\"@id\":\"https:\\\/\\\/www.amanien.info\\\/news\\\/presidentielle-doctobre-2025-quatre04-partis-politiques-rejoignent-henriette-lagou-et-le-gp-paix\\\/#breadcrumb\"},\"inLanguage\":\"fr-FR\",\"potentialAction\":[{\"@type\":\"ReadAction\",\"target\":[\"https:\\\/\\\/www.amanien.info\\\/news\\\/presidentielle-doctobre-2025-quatre04-partis-politiques-rejoignent-henriette-lagou-et-le-gp-paix\\\/\"]}]},{\"@type\":\"ImageObject\",\"inLanguage\":\"fr-FR\",\"@id\":\"https:\\\/\\\/www.amanien.info\\\/news\\\/presidentielle-doctobre-2025-quatre04-partis-politiques-rejoignent-henriette-lagou-et-le-gp-paix\\\/#primaryimage\",\"url\":\"https:\\\/\\\/www.amanien.info\\\/news\\\/wp-content\\\/uploads\\\/2025\\\/05\\\/IMG_20250515_130504-1-750x375-1-2.jpg\",\"contentUrl\":\"https:\\\/\\\/www.amanien.info\\\/news\\\/wp-content\\\/uploads\\\/2025\\\/05\\\/IMG_20250515_130504-1-750x375-1-2.jpg\",\"width\":750,\"height\":375},{\"@type\":\"BreadcrumbList\",\"@id\":\"https:\\\/\\\/www.amanien.info\\\/news\\\/presidentielle-doctobre-2025-quatre04-partis-politiques-rejoignent-henriette-lagou-et-le-gp-paix\\\/#breadcrumb\",\"itemListElement\":[{\"@type\":\"ListItem\",\"position\":1,\"name\":\"Accueil\",\"item\":\"https:\\\/\\\/www.amanien.info\\\/news\\\/\"},{\"@type\":\"ListItem\",\"position\":2,\"name\":\"Pr\u00e9sidentielle d&rsquo;octobre 2025 : Quatre(04) partis politiques rejoignent Henriette Lagou et le GP-Paix\u00a0\u00a0\"}]},{\"@type\":\"WebSite\",\"@id\":\"https:\\\/\\\/www.amanien.info\\\/news\\\/#website\",\"url\":\"https:\\\/\\\/www.amanien.info\\\/news\\\/\",\"name\":\"Amanien| L&#039;actualit\u00e9 Ivoirienne et Internationale\",\"description\":\"L&#039;actualit\u00e9 Ivoirienne et Internationale\",\"potentialAction\":[{\"@type\":\"SearchAction\",\"target\":{\"@type\":\"EntryPoint\",\"urlTemplate\":\"https:\\\/\\\/www.amanien.info\\\/news\\\/?s={search_term_string}\"},\"query-input\":{\"@type\":\"PropertyValueSpecification\",\"valueRequired\":true,\"valueName\":\"search_term_string\"}}],\"inLanguage\":\"fr-FR\"},{\"@type\":\"Person\",\"@id\":\"https:\\\/\\\/www.amanien.info\\\/news\\\/#\\\/schema\\\/person\\\/b21093345753a1a98242d505bd894f42\",\"name\":\"Germain Ndri\",\"url\":\"https:\\\/\\\/www.amanien.info\\\/news\\\/author\\\/amanien-infos\\\/\"}]}<\/script>\n<!-- \/ Yoast SEO plugin. -->","yoast_head_json":{"title":"Pr\u00e9sidentielle d'octobre 2025 : Quatre(04) partis politiques rejoignent Henriette Lagou et le GP-Paix\u00a0\u00a0 - Amanien| L&#039;actualit\u00e9 Ivoirienne et Internationale","robots":{"index":"index","follow":"follow","max-snippet":"max-snippet:-1","max-image-preview":"max-image-preview:large","max-video-preview":"max-video-preview:-1"},"canonical":"https:\/\/www.amanien.info\/news\/presidentielle-doctobre-2025-quatre04-partis-politiques-rejoignent-henriette-lagou-et-le-gp-paix\/","og_locale":"fr_FR","og_type":"article","og_title":"Pr\u00e9sidentielle d'octobre 2025 : Quatre(04) partis politiques rejoignent Henriette Lagou et le GP-Paix\u00a0\u00a0 - Amanien| L&#039;actualit\u00e9 Ivoirienne et Internationale","og_description":"Le Rassemblement des Verts Ivoiriens (RAVI) repr\u00e9sent\u00e9 par Mme Kon\u00e9 Rose, l&rsquo;Alliance des D\u00e9mocrates Populaires (ADDP) dirig\u00e9 par M. GBE Gnionty Angelesse, le Parti de la Renaissance Ivoirienne (PRI) avec \u00e0 sa t\u00eate M. Diomand\u00e9 Zoumana, et le Parti Socialiste pour la D\u00e9mocratie de C\u00f4te d&rsquo;Ivoire (PSDCI) dirig\u00e9 par M. Poka Arthur se sont engag\u00e9s [&hellip;]","og_url":"https:\/\/www.amanien.info\/news\/presidentielle-doctobre-2025-quatre04-partis-politiques-rejoignent-henriette-lagou-et-le-gp-paix\/","og_site_name":"Amanien| L&#039;actualit\u00e9 Ivoirienne et Internationale","article_published_time":"2025-05-18T17:20:23+00:00","og_image":[{"width":750,"height":375,"url":"https:\/\/www.amanien.info\/news\/wp-content\/uploads\/2025\/05\/IMG_20250515_130504-1-750x375-1-2.jpg","type":"image\/jpeg"}],"author":"Germain Ndri","twitter_card":"summary_large_image","twitter_misc":{"\u00c9crit par":"Germain Ndri","Dur\u00e9e de lecture estim\u00e9e":"3 minutes"},"schema":{"@context":"https:\/\/schema.org","@graph":[{"@type":"Article","@id":"https:\/\/www.amanien.info\/news\/presidentielle-doctobre-2025-quatre04-partis-politiques-rejoignent-henriette-lagou-et-le-gp-paix\/#article","isPartOf":{"@id":"https:\/\/www.amanien.info\/news\/presidentielle-doctobre-2025-quatre04-partis-politiques-rejoignent-henriette-lagou-et-le-gp-paix\/"},"author":{"name":"Germain Ndri","@id":"https:\/\/www.amanien.info\/news\/#\/schema\/person\/b21093345753a1a98242d505bd894f42"},"headline":"Pr\u00e9sidentielle d&rsquo;octobre 2025 : Quatre(04) partis politiques rejoignent Henriette Lagou et le GP-Paix\u00a0\u00a0","datePublished":"2025-05-18T17:20:23+00:00","mainEntityOfPage":{"@id":"https:\/\/www.amanien.info\/news\/presidentielle-doctobre-2025-quatre04-partis-politiques-rejoignent-henriette-lagou-et-le-gp-paix\/"},"wordCount":558,"image":{"@id":"https:\/\/www.amanien.info\/news\/presidentielle-doctobre-2025-quatre04-partis-politiques-rejoignent-henriette-lagou-et-le-gp-paix\/#primaryimage"},"thumbnailUrl":"https:\/\/www.amanien.info\/news\/wp-content\/uploads\/2025\/05\/IMG_20250515_130504-1-750x375-1-2.jpg","keywords":["Politique"],"inLanguage":"fr-FR"},{"@type":"WebPage","@id":"https:\/\/www.amanien.info\/news\/presidentielle-doctobre-2025-quatre04-partis-politiques-rejoignent-henriette-lagou-et-le-gp-paix\/","url":"https:\/\/www.amanien.info\/news\/presidentielle-doctobre-2025-quatre04-partis-politiques-rejoignent-henriette-lagou-et-le-gp-paix\/","name":"Pr\u00e9sidentielle d'octobre 2025 : Quatre(04) partis politiques rejoignent Henriette Lagou et le GP-Paix\u00a0\u00a0 - Amanien| L&#039;actualit\u00e9 Ivoirienne et Internationale","isPartOf":{"@id":"https:\/\/www.amanien.info\/news\/#website"},"primaryImageOfPage":{"@id":"https:\/\/www.amanien.info\/news\/presidentielle-doctobre-2025-quatre04-partis-politiques-rejoignent-henriette-lagou-et-le-gp-paix\/#primaryimage"},"image":{"@id":"https:\/\/www.amanien.info\/news\/presidentielle-doctobre-2025-quatre04-partis-politiques-rejoignent-henriette-lagou-et-le-gp-paix\/#primaryimage"},"thumbnailUrl":"https:\/\/www.amanien.info\/news\/wp-content\/uploads\/2025\/05\/IMG_20250515_130504-1-750x375-1-2.jpg","datePublished":"2025-05-18T17:20:23+00:00","author":{"@id":"https:\/\/www.amanien.info\/news\/#\/schema\/person\/b21093345753a1a98242d505bd894f42"},"breadcrumb":{"@id":"https:\/\/www.amanien.info\/news\/presidentielle-doctobre-2025-quatre04-partis-politiques-rejoignent-henriette-lagou-et-le-gp-paix\/#breadcrumb"},"inLanguage":"fr-FR","potentialAction":[{"@type":"ReadAction","target":["https:\/\/www.amanien.info\/news\/presidentielle-doctobre-2025-quatre04-partis-politiques-rejoignent-henriette-lagou-et-le-gp-paix\/"]}]},{"@type":"ImageObject","inLanguage":"fr-FR","@id":"https:\/\/www.amanien.info\/news\/presidentielle-doctobre-2025-quatre04-partis-politiques-rejoignent-henriette-lagou-et-le-gp-paix\/#primaryimage","url":"https:\/\/www.amanien.info\/news\/wp-content\/uploads\/2025\/05\/IMG_20250515_130504-1-750x375-1-2.jpg","contentUrl":"https:\/\/www.amanien.info\/news\/wp-content\/uploads\/2025\/05\/IMG_20250515_130504-1-750x375-1-2.jpg","width":750,"height":375},{"@type":"BreadcrumbList","@id":"https:\/\/www.amanien.info\/news\/presidentielle-doctobre-2025-quatre04-partis-politiques-rejoignent-henriette-lagou-et-le-gp-paix\/#breadcrumb","itemListElement":[{"@type":"ListItem","position":1,"name":"Accueil","item":"https:\/\/www.amanien.info\/news\/"},{"@type":"ListItem","position":2,"name":"Pr\u00e9sidentielle d&rsquo;octobre 2025 : Quatre(04) partis politiques rejoignent Henriette Lagou et le GP-Paix\u00a0\u00a0"}]},{"@type":"WebSite","@id":"https:\/\/www.amanien.info\/news\/#website","url":"https:\/\/www.amanien.info\/news\/","name":"Amanien| L&#039;actualit\u00e9 Ivoirienne et Internationale","description":"L&#039;actualit\u00e9 Ivoirienne et Internationale","potentialAction":[{"@type":"SearchAction","target":{"@type":"EntryPoint","urlTemplate":"https:\/\/www.amanien.info\/news\/?s={search_term_string}"},"query-input":{"@type":"PropertyValueSpecification","valueRequired":true,"valueName":"search_term_string"}}],"inLanguage":"fr-FR"},{"@type":"Person","@id":"https:\/\/www.amanien.info\/news\/#\/schema\/person\/b21093345753a1a98242d505bd894f42","name":"Germain Ndri","url":"https:\/\/www.amanien.info\/news\/author\/amanien-infos\/"}]}},"_links":{"self":[{"href":"https:\/\/www.amanien.info\/news\/wp-json\/wp\/v2\/posts\/7283","targetHints":{"allow":["GET"]}}],"collection":[{"href":"https:\/\/www.amanien.info\/news\/wp-json\/wp\/v2\/posts"}],"about":[{"href":"https:\/\/www.amanien.info\/news\/wp-json\/wp\/v2\/types\/post"}],"author":[{"embeddable":true,"href":"https:\/\/www.amanien.info\/news\/wp-json\/wp\/v2\/users\/2"}],"replies":[{"embeddable":true,"href":"https:\/\/www.amanien.info\/news\/wp-json\/wp\/v2\/comments?post=7283"}],"version-history":[{"count":1,"href":"https:\/\/www.amanien.info\/news\/wp-json\/wp\/v2\/posts\/7283\/revisions"}],"predecessor-version":[{"id":7286,"href":"https:\/\/www.amanien.info\/news\/wp-json\/wp\/v2\/posts\/7283\/revisions\/7286"}],"wp:featuredmedia":[{"embeddable":true,"href":"https:\/\/www.amanien.info\/news\/wp-json\/wp\/v2\/media\/7285"}],"wp:attachment":[{"href":"https:\/\/www.amanien.info\/news\/wp-json\/wp\/v2\/media?parent=7283"}],"wp:term":[{"taxonomy":"category","embeddable":true,"href":"https:\/\/www.amanien.info\/news\/wp-json\/wp\/v2\/categories?post=7283"},{"taxonomy":"post_tag","embeddable":true,"href":"https:\/\/www.amanien.info\/news\/wp-json\/wp\/v2\/tags?post=7283"}],"curies":[{"name":"wp","href":"https:\/\/api.w.org\/{rel}","templated":true}]}}