{"id":7279,"date":"2025-05-15T17:25:58","date_gmt":"2025-05-15T17:25:58","guid":{"rendered":"https:\/\/www.amanien.info\/news\/?p=7279"},"modified":"2025-05-15T17:40:26","modified_gmt":"2025-05-15T17:40:26","slug":"developpement-de-la-presse-ivoirienne-lunjci-et-mtn-cote-divoire-scelle-un-nouveau-partenariat","status":"publish","type":"post","link":"https:\/\/www.amanien.info\/news\/developpement-de-la-presse-ivoirienne-lunjci-et-mtn-cote-divoire-scelle-un-nouveau-partenariat\/","title":{"rendered":"D\u00e9veloppement de la presse ivoirienne : l&rsquo;UNJCI et MTN C\u00f4te d&rsquo;Ivoire scelle un nouveau partenariat"},"content":{"rendered":"<div>Afin de consolider les acquis d&rsquo;une collaboration entam\u00e9e en 2021 et \u00e0 ouvrir de nouvelles perspectives pour le d\u00e9veloppement de la presse ivoirienne, l&rsquo;Union Nationale des Journalistes de C\u00f4te d&rsquo;Ivoire (UNJCI) et l&rsquo;entreprise de t\u00e9l\u00e9communications MTN C\u00f4te d&rsquo;Ivoire, ont sign\u00e9 un nouveau partenariat, le mercredi 14 mai 2025, lors d&rsquo;une table ronde.<\/div>\n<div><\/div>\n<div>C&rsquo;est le complexe h\u00f4telier Seen H\u00f4tel sis \u00e0 Abidjan-Plateau qui a servi de cadre \u00e0 l&rsquo;organisation de cette importante rencontre qui a enregistr\u00e9 la pr\u00e9sence d&rsquo;un parterre de journalistes.<\/div>\n<div><\/div>\n<div>\u00ab\u00a0Cette rencontre n&rsquo;est pas seulement un \u00e9change formel. Elle marque le d\u00e9but d&rsquo;un dialogue constructif et r\u00e9gulier. Ensemble nous pouvons b\u00e2tir des ponts solides au service de l&rsquo;int\u00e9r\u00eat public\u00a0\u00bb, a d\u00e9clar\u00e9 Mme Mitwa Kaemba N&rsquo;Gambi, Directrice G\u00e9n\u00e9rale de MTN C\u00f4te d&rsquo;Ivoire, tout en saluant l&rsquo;engagement des journalistes ivoiriens \u00e0 informer et animer les d\u00e9bats publics.<\/div>\n<div><\/div>\n<div><\/div>\n<div>Aussi a-t-elle r\u00e9affirm\u00e9 l&rsquo;int\u00e9r\u00eat de MTN pour le d\u00e9veloppement des capacit\u00e9s professionnelles de la presse et l&rsquo;importance d&rsquo;un \u00e9cosyst\u00e8me fort et \u00e9thique.<\/div>\n<div><\/div>\n<div><\/div>\n<div>Pour sa part, le Pr\u00e9sident de l&rsquo;UNJCI, Jean-Claude Coulibaly a affirm\u00e9 que ce partenariat va bien au-del\u00e0 d&rsquo;un simple accord de protocole. Il symbolise, selon lui, une volont\u00e9 commune de cr\u00e9er des passerelles solides entre le monde des t\u00e9l\u00e9communications et celui des\u00a0 m\u00e9dias. \u00ab\u00a0Nous franchissons une nouvelle \u00e9tape, une nouvelle \u00e9tape qui vise \u00e0 consolider les acquis, \u00e0 ouvrir de nouveaux champs d&rsquo;action et \u00e0 faire de notre partenariat, un mod\u00e8le de coop\u00e9ration entre le secteur priv\u00e9 et la presse\u00a0\u00bb, a dit le Pr\u00e9sident de la fa\u00eeti\u00e8re des journalistes ivoiriens.<\/div>\n<div><\/div>\n<div><\/div>\n<div>Jean-Claude Coulibaly n&rsquo;a pas manqu\u00e9 de rappeler les retomb\u00e9es du pr\u00e9c\u00e9dent partenariat, notamment la formation de plus de 200 journalistes \u00e0 Abidjan et Yamoussoukro, l&rsquo;\u00e9quipement technologique de la Maison de la Presse d&rsquo;Abidjan, le sponsoring du weekend des Ebony, ainsi que l&rsquo;am\u00e9lioration des conditions de travail des hommes de m\u00e9dias.<\/div>\n<div><\/div>\n<div>Il a, par ailleurs, r\u00e9it\u00e9r\u00e9 ses sinc\u00e8res remerciements \u00e0 la Directrice G\u00e9n\u00e9rale de l&rsquo;entreprise de t\u00e9l\u00e9communications, MTN C\u00f4te d&rsquo;Ivoire pour sa disponibilit\u00e9, son \u00e9coute et sa fid\u00e9lit\u00e9. \u00ab\u00a0Merci Mme la Directrice G\u00e9n\u00e9rale de MTN C\u00f4te d&rsquo;Ivoire pour votre confiance renouvel\u00e9e. Nous, Journalistes de C\u00f4te d&rsquo;Ivoire, seront \u00e0 la hauteur de cette confiance avec professionnalisme, engagement et responsabilit\u00e9\u00a0\u00bb, a-t-il rassur\u00e9.<\/div>\n<div><\/div>\n<div><\/div>\n<div><b>S.A.<\/b><\/div>\n","protected":false},"excerpt":{"rendered":"<p>Afin de consolider les acquis d&rsquo;une collaboration entam\u00e9e en 2021 et \u00e0 ouvrir de nouvelles perspectives pour le d\u00e9veloppement de la presse ivoirienne, l&rsquo;Union Nationale des Journalistes de C\u00f4te d&rsquo;Ivoire (UNJCI) et l&rsquo;entreprise de t\u00e9l\u00e9communications MTN C\u00f4te d&rsquo;Ivoire, ont sign\u00e9 un nouveau partenariat, le mercredi 14 mai 2025, lors d&rsquo;une table ronde. C&rsquo;est le complexe [&hellip;]<\/p>\n","protected":false},"author":2,"featured_media":7282,"comment_status":"closed","ping_status":"closed","sticky":false,"template":"","format":"standard","meta":{"_acf_changed":false,"footnotes":""},"categories":[3],"tags":[],"class_list":["post-7279","post","type-post","status-publish","format-standard","has-post-thumbnail","hentry","category-culture"],"acf":[],"yoast_head":"<!-- This site is optimized with the Yoast SEO plugin v27.5 - https:\/\/yoast.com\/product\/yoast-seo-wordpress\/ -->\n<title>D\u00e9veloppement de la presse ivoirienne : l&#039;UNJCI et MTN C\u00f4te d&#039;Ivoire scelle un nouveau partenariat - Amanien| L&#039;actualit\u00e9 Ivoirienne et Internationale<\/title>\n<meta name=\"robots\" content=\"index, follow, max-snippet:-1, max-image-preview:large, max-video-preview:-1\" \/>\n<link rel=\"canonical\" href=\"https:\/\/www.amanien.info\/news\/developpement-de-la-presse-ivoirienne-lunjci-et-mtn-cote-divoire-scelle-un-nouveau-partenariat\/\" \/>\n<meta property=\"og:locale\" content=\"fr_FR\" \/>\n<meta property=\"og:type\" content=\"article\" \/>\n<meta property=\"og:title\" content=\"D\u00e9veloppement de la presse ivoirienne : l&#039;UNJCI et MTN C\u00f4te d&#039;Ivoire scelle un nouveau partenariat - Amanien| L&#039;actualit\u00e9 Ivoirienne et Internationale\" \/>\n<meta property=\"og:description\" content=\"Afin de consolider les acquis d&rsquo;une collaboration entam\u00e9e en 2021 et \u00e0 ouvrir de nouvelles perspectives pour le d\u00e9veloppement de la presse ivoirienne, l&rsquo;Union Nationale des Journalistes de C\u00f4te d&rsquo;Ivoire (UNJCI) et l&rsquo;entreprise de t\u00e9l\u00e9communications MTN C\u00f4te d&rsquo;Ivoire, ont sign\u00e9 un nouveau partenariat, le mercredi 14 mai 2025, lors d&rsquo;une table ronde. C&rsquo;est le complexe [&hellip;]\" \/>\n<meta property=\"og:url\" content=\"https:\/\/www.amanien.info\/news\/developpement-de-la-presse-ivoirienne-lunjci-et-mtn-cote-divoire-scelle-un-nouveau-partenariat\/\" \/>\n<meta property=\"og:site_name\" content=\"Amanien| L&#039;actualit\u00e9 Ivoirienne et Internationale\" \/>\n<meta property=\"article:published_time\" content=\"2025-05-15T17:25:58+00:00\" \/>\n<meta property=\"article:modified_time\" content=\"2025-05-15T17:40:26+00:00\" \/>\n<meta property=\"og:image\" content=\"https:\/\/www.amanien.info\/news\/wp-content\/uploads\/2025\/05\/IMG-20250515-WA0110-1.jpg\" \/>\n\t<meta property=\"og:image:width\" content=\"1280\" \/>\n\t<meta property=\"og:image:height\" content=\"852\" \/>\n\t<meta property=\"og:image:type\" content=\"image\/jpeg\" \/>\n<meta name=\"author\" content=\"Germain Ndri\" \/>\n<meta name=\"twitter:card\" content=\"summary_large_image\" \/>\n<meta name=\"twitter:label1\" content=\"\u00c9crit par\" \/>\n\t<meta name=\"twitter:data1\" content=\"Germain Ndri\" \/>\n\t<meta name=\"twitter:label2\" content=\"Dur\u00e9e de lecture estim\u00e9e\" \/>\n\t<meta name=\"twitter:data2\" content=\"3 minutes\" \/>\n<script type=\"application\/ld+json\" class=\"yoast-schema-graph\">{\"@context\":\"https:\\\/\\\/schema.org\",\"@graph\":[{\"@type\":\"Article\",\"@id\":\"https:\\\/\\\/www.amanien.info\\\/news\\\/developpement-de-la-presse-ivoirienne-lunjci-et-mtn-cote-divoire-scelle-un-nouveau-partenariat\\\/#article\",\"isPartOf\":{\"@id\":\"https:\\\/\\\/www.amanien.info\\\/news\\\/developpement-de-la-presse-ivoirienne-lunjci-et-mtn-cote-divoire-scelle-un-nouveau-partenariat\\\/\"},\"author\":{\"name\":\"Germain Ndri\",\"@id\":\"https:\\\/\\\/www.amanien.info\\\/news\\\/#\\\/schema\\\/person\\\/b21093345753a1a98242d505bd894f42\"},\"headline\":\"D\u00e9veloppement de la presse ivoirienne : l&rsquo;UNJCI et MTN C\u00f4te d&rsquo;Ivoire scelle un nouveau partenariat\",\"datePublished\":\"2025-05-15T17:25:58+00:00\",\"dateModified\":\"2025-05-15T17:40:26+00:00\",\"mainEntityOfPage\":{\"@id\":\"https:\\\/\\\/www.amanien.info\\\/news\\\/developpement-de-la-presse-ivoirienne-lunjci-et-mtn-cote-divoire-scelle-un-nouveau-partenariat\\\/\"},\"wordCount\":446,\"image\":{\"@id\":\"https:\\\/\\\/www.amanien.info\\\/news\\\/developpement-de-la-presse-ivoirienne-lunjci-et-mtn-cote-divoire-scelle-un-nouveau-partenariat\\\/#primaryimage\"},\"thumbnailUrl\":\"https:\\\/\\\/www.amanien.info\\\/news\\\/wp-content\\\/uploads\\\/2025\\\/05\\\/IMG-20250515-WA0110-1.jpg\",\"articleSection\":[\"Culture\"],\"inLanguage\":\"fr-FR\"},{\"@type\":\"WebPage\",\"@id\":\"https:\\\/\\\/www.amanien.info\\\/news\\\/developpement-de-la-presse-ivoirienne-lunjci-et-mtn-cote-divoire-scelle-un-nouveau-partenariat\\\/\",\"url\":\"https:\\\/\\\/www.amanien.info\\\/news\\\/developpement-de-la-presse-ivoirienne-lunjci-et-mtn-cote-divoire-scelle-un-nouveau-partenariat\\\/\",\"name\":\"D\u00e9veloppement de la presse ivoirienne : l'UNJCI et MTN C\u00f4te d'Ivoire scelle un nouveau partenariat - Amanien| L&#039;actualit\u00e9 Ivoirienne et Internationale\",\"isPartOf\":{\"@id\":\"https:\\\/\\\/www.amanien.info\\\/news\\\/#website\"},\"primaryImageOfPage\":{\"@id\":\"https:\\\/\\\/www.amanien.info\\\/news\\\/developpement-de-la-presse-ivoirienne-lunjci-et-mtn-cote-divoire-scelle-un-nouveau-partenariat\\\/#primaryimage\"},\"image\":{\"@id\":\"https:\\\/\\\/www.amanien.info\\\/news\\\/developpement-de-la-presse-ivoirienne-lunjci-et-mtn-cote-divoire-scelle-un-nouveau-partenariat\\\/#primaryimage\"},\"thumbnailUrl\":\"https:\\\/\\\/www.amanien.info\\\/news\\\/wp-content\\\/uploads\\\/2025\\\/05\\\/IMG-20250515-WA0110-1.jpg\",\"datePublished\":\"2025-05-15T17:25:58+00:00\",\"dateModified\":\"2025-05-15T17:40:26+00:00\",\"author\":{\"@id\":\"https:\\\/\\\/www.amanien.info\\\/news\\\/#\\\/schema\\\/person\\\/b21093345753a1a98242d505bd894f42\"},\"breadcrumb\":{\"@id\":\"https:\\\/\\\/www.amanien.info\\\/news\\\/developpement-de-la-presse-ivoirienne-lunjci-et-mtn-cote-divoire-scelle-un-nouveau-partenariat\\\/#breadcrumb\"},\"inLanguage\":\"fr-FR\",\"potentialAction\":[{\"@type\":\"ReadAction\",\"target\":[\"https:\\\/\\\/www.amanien.info\\\/news\\\/developpement-de-la-presse-ivoirienne-lunjci-et-mtn-cote-divoire-scelle-un-nouveau-partenariat\\\/\"]}]},{\"@type\":\"ImageObject\",\"inLanguage\":\"fr-FR\",\"@id\":\"https:\\\/\\\/www.amanien.info\\\/news\\\/developpement-de-la-presse-ivoirienne-lunjci-et-mtn-cote-divoire-scelle-un-nouveau-partenariat\\\/#primaryimage\",\"url\":\"https:\\\/\\\/www.amanien.info\\\/news\\\/wp-content\\\/uploads\\\/2025\\\/05\\\/IMG-20250515-WA0110-1.jpg\",\"contentUrl\":\"https:\\\/\\\/www.amanien.info\\\/news\\\/wp-content\\\/uploads\\\/2025\\\/05\\\/IMG-20250515-WA0110-1.jpg\",\"width\":1280,\"height\":852},{\"@type\":\"BreadcrumbList\",\"@id\":\"https:\\\/\\\/www.amanien.info\\\/news\\\/developpement-de-la-presse-ivoirienne-lunjci-et-mtn-cote-divoire-scelle-un-nouveau-partenariat\\\/#breadcrumb\",\"itemListElement\":[{\"@type\":\"ListItem\",\"position\":1,\"name\":\"Accueil\",\"item\":\"https:\\\/\\\/www.amanien.info\\\/news\\\/\"},{\"@type\":\"ListItem\",\"position\":2,\"name\":\"D\u00e9veloppement de la presse ivoirienne : l&rsquo;UNJCI et MTN C\u00f4te d&rsquo;Ivoire scelle un nouveau partenariat\"}]},{\"@type\":\"WebSite\",\"@id\":\"https:\\\/\\\/www.amanien.info\\\/news\\\/#website\",\"url\":\"https:\\\/\\\/www.amanien.info\\\/news\\\/\",\"name\":\"Amanien| L&#039;actualit\u00e9 Ivoirienne et Internationale\",\"description\":\"L&#039;actualit\u00e9 Ivoirienne et Internationale\",\"potentialAction\":[{\"@type\":\"SearchAction\",\"target\":{\"@type\":\"EntryPoint\",\"urlTemplate\":\"https:\\\/\\\/www.amanien.info\\\/news\\\/?s={search_term_string}\"},\"query-input\":{\"@type\":\"PropertyValueSpecification\",\"valueRequired\":true,\"valueName\":\"search_term_string\"}}],\"inLanguage\":\"fr-FR\"},{\"@type\":\"Person\",\"@id\":\"https:\\\/\\\/www.amanien.info\\\/news\\\/#\\\/schema\\\/person\\\/b21093345753a1a98242d505bd894f42\",\"name\":\"Germain Ndri\",\"url\":\"https:\\\/\\\/www.amanien.info\\\/news\\\/author\\\/amanien-infos\\\/\"}]}<\/script>\n<!-- \/ Yoast SEO plugin. -->","yoast_head_json":{"title":"D\u00e9veloppement de la presse ivoirienne : l'UNJCI et MTN C\u00f4te d'Ivoire scelle un nouveau partenariat - Amanien| L&#039;actualit\u00e9 Ivoirienne et Internationale","robots":{"index":"index","follow":"follow","max-snippet":"max-snippet:-1","max-image-preview":"max-image-preview:large","max-video-preview":"max-video-preview:-1"},"canonical":"https:\/\/www.amanien.info\/news\/developpement-de-la-presse-ivoirienne-lunjci-et-mtn-cote-divoire-scelle-un-nouveau-partenariat\/","og_locale":"fr_FR","og_type":"article","og_title":"D\u00e9veloppement de la presse ivoirienne : l'UNJCI et MTN C\u00f4te d'Ivoire scelle un nouveau partenariat - Amanien| L&#039;actualit\u00e9 Ivoirienne et Internationale","og_description":"Afin de consolider les acquis d&rsquo;une collaboration entam\u00e9e en 2021 et \u00e0 ouvrir de nouvelles perspectives pour le d\u00e9veloppement de la presse ivoirienne, l&rsquo;Union Nationale des Journalistes de C\u00f4te d&rsquo;Ivoire (UNJCI) et l&rsquo;entreprise de t\u00e9l\u00e9communications MTN C\u00f4te d&rsquo;Ivoire, ont sign\u00e9 un nouveau partenariat, le mercredi 14 mai 2025, lors d&rsquo;une table ronde. C&rsquo;est le complexe [&hellip;]","og_url":"https:\/\/www.amanien.info\/news\/developpement-de-la-presse-ivoirienne-lunjci-et-mtn-cote-divoire-scelle-un-nouveau-partenariat\/","og_site_name":"Amanien| L&#039;actualit\u00e9 Ivoirienne et Internationale","article_published_time":"2025-05-15T17:25:58+00:00","article_modified_time":"2025-05-15T17:40:26+00:00","og_image":[{"width":1280,"height":852,"url":"https:\/\/www.amanien.info\/news\/wp-content\/uploads\/2025\/05\/IMG-20250515-WA0110-1.jpg","type":"image\/jpeg"}],"author":"Germain Ndri","twitter_card":"summary_large_image","twitter_misc":{"\u00c9crit par":"Germain Ndri","Dur\u00e9e de lecture estim\u00e9e":"3 minutes"},"schema":{"@context":"https:\/\/schema.org","@graph":[{"@type":"Article","@id":"https:\/\/www.amanien.info\/news\/developpement-de-la-presse-ivoirienne-lunjci-et-mtn-cote-divoire-scelle-un-nouveau-partenariat\/#article","isPartOf":{"@id":"https:\/\/www.amanien.info\/news\/developpement-de-la-presse-ivoirienne-lunjci-et-mtn-cote-divoire-scelle-un-nouveau-partenariat\/"},"author":{"name":"Germain Ndri","@id":"https:\/\/www.amanien.info\/news\/#\/schema\/person\/b21093345753a1a98242d505bd894f42"},"headline":"D\u00e9veloppement de la presse ivoirienne : l&rsquo;UNJCI et MTN C\u00f4te d&rsquo;Ivoire scelle un nouveau partenariat","datePublished":"2025-05-15T17:25:58+00:00","dateModified":"2025-05-15T17:40:26+00:00","mainEntityOfPage":{"@id":"https:\/\/www.amanien.info\/news\/developpement-de-la-presse-ivoirienne-lunjci-et-mtn-cote-divoire-scelle-un-nouveau-partenariat\/"},"wordCount":446,"image":{"@id":"https:\/\/www.amanien.info\/news\/developpement-de-la-presse-ivoirienne-lunjci-et-mtn-cote-divoire-scelle-un-nouveau-partenariat\/#primaryimage"},"thumbnailUrl":"https:\/\/www.amanien.info\/news\/wp-content\/uploads\/2025\/05\/IMG-20250515-WA0110-1.jpg","articleSection":["Culture"],"inLanguage":"fr-FR"},{"@type":"WebPage","@id":"https:\/\/www.amanien.info\/news\/developpement-de-la-presse-ivoirienne-lunjci-et-mtn-cote-divoire-scelle-un-nouveau-partenariat\/","url":"https:\/\/www.amanien.info\/news\/developpement-de-la-presse-ivoirienne-lunjci-et-mtn-cote-divoire-scelle-un-nouveau-partenariat\/","name":"D\u00e9veloppement de la presse ivoirienne : l'UNJCI et MTN C\u00f4te d'Ivoire scelle un nouveau partenariat - Amanien| L&#039;actualit\u00e9 Ivoirienne et Internationale","isPartOf":{"@id":"https:\/\/www.amanien.info\/news\/#website"},"primaryImageOfPage":{"@id":"https:\/\/www.amanien.info\/news\/developpement-de-la-presse-ivoirienne-lunjci-et-mtn-cote-divoire-scelle-un-nouveau-partenariat\/#primaryimage"},"image":{"@id":"https:\/\/www.amanien.info\/news\/developpement-de-la-presse-ivoirienne-lunjci-et-mtn-cote-divoire-scelle-un-nouveau-partenariat\/#primaryimage"},"thumbnailUrl":"https:\/\/www.amanien.info\/news\/wp-content\/uploads\/2025\/05\/IMG-20250515-WA0110-1.jpg","datePublished":"2025-05-15T17:25:58+00:00","dateModified":"2025-05-15T17:40:26+00:00","author":{"@id":"https:\/\/www.amanien.info\/news\/#\/schema\/person\/b21093345753a1a98242d505bd894f42"},"breadcrumb":{"@id":"https:\/\/www.amanien.info\/news\/developpement-de-la-presse-ivoirienne-lunjci-et-mtn-cote-divoire-scelle-un-nouveau-partenariat\/#breadcrumb"},"inLanguage":"fr-FR","potentialAction":[{"@type":"ReadAction","target":["https:\/\/www.amanien.info\/news\/developpement-de-la-presse-ivoirienne-lunjci-et-mtn-cote-divoire-scelle-un-nouveau-partenariat\/"]}]},{"@type":"ImageObject","inLanguage":"fr-FR","@id":"https:\/\/www.amanien.info\/news\/developpement-de-la-presse-ivoirienne-lunjci-et-mtn-cote-divoire-scelle-un-nouveau-partenariat\/#primaryimage","url":"https:\/\/www.amanien.info\/news\/wp-content\/uploads\/2025\/05\/IMG-20250515-WA0110-1.jpg","contentUrl":"https:\/\/www.amanien.info\/news\/wp-content\/uploads\/2025\/05\/IMG-20250515-WA0110-1.jpg","width":1280,"height":852},{"@type":"BreadcrumbList","@id":"https:\/\/www.amanien.info\/news\/developpement-de-la-presse-ivoirienne-lunjci-et-mtn-cote-divoire-scelle-un-nouveau-partenariat\/#breadcrumb","itemListElement":[{"@type":"ListItem","position":1,"name":"Accueil","item":"https:\/\/www.amanien.info\/news\/"},{"@type":"ListItem","position":2,"name":"D\u00e9veloppement de la presse ivoirienne : l&rsquo;UNJCI et MTN C\u00f4te d&rsquo;Ivoire scelle un nouveau partenariat"}]},{"@type":"WebSite","@id":"https:\/\/www.amanien.info\/news\/#website","url":"https:\/\/www.amanien.info\/news\/","name":"Amanien| L&#039;actualit\u00e9 Ivoirienne et Internationale","description":"L&#039;actualit\u00e9 Ivoirienne et Internationale","potentialAction":[{"@type":"SearchAction","target":{"@type":"EntryPoint","urlTemplate":"https:\/\/www.amanien.info\/news\/?s={search_term_string}"},"query-input":{"@type":"PropertyValueSpecification","valueRequired":true,"valueName":"search_term_string"}}],"inLanguage":"fr-FR"},{"@type":"Person","@id":"https:\/\/www.amanien.info\/news\/#\/schema\/person\/b21093345753a1a98242d505bd894f42","name":"Germain Ndri","url":"https:\/\/www.amanien.info\/news\/author\/amanien-infos\/"}]}},"_links":{"self":[{"href":"https:\/\/www.amanien.info\/news\/wp-json\/wp\/v2\/posts\/7279","targetHints":{"allow":["GET"]}}],"collection":[{"href":"https:\/\/www.amanien.info\/news\/wp-json\/wp\/v2\/posts"}],"about":[{"href":"https:\/\/www.amanien.info\/news\/wp-json\/wp\/v2\/types\/post"}],"author":[{"embeddable":true,"href":"https:\/\/www.amanien.info\/news\/wp-json\/wp\/v2\/users\/2"}],"replies":[{"embeddable":true,"href":"https:\/\/www.amanien.info\/news\/wp-json\/wp\/v2\/comments?post=7279"}],"version-history":[{"count":1,"href":"https:\/\/www.amanien.info\/news\/wp-json\/wp\/v2\/posts\/7279\/revisions"}],"predecessor-version":[{"id":7281,"href":"https:\/\/www.amanien.info\/news\/wp-json\/wp\/v2\/posts\/7279\/revisions\/7281"}],"wp:featuredmedia":[{"embeddable":true,"href":"https:\/\/www.amanien.info\/news\/wp-json\/wp\/v2\/media\/7282"}],"wp:attachment":[{"href":"https:\/\/www.amanien.info\/news\/wp-json\/wp\/v2\/media?parent=7279"}],"wp:term":[{"taxonomy":"category","embeddable":true,"href":"https:\/\/www.amanien.info\/news\/wp-json\/wp\/v2\/categories?post=7279"},{"taxonomy":"post_tag","embeddable":true,"href":"https:\/\/www.amanien.info\/news\/wp-json\/wp\/v2\/tags?post=7279"}],"curies":[{"name":"wp","href":"https:\/\/api.w.org\/{rel}","templated":true}]}}