{"id":7153,"date":"2025-03-29T20:18:47","date_gmt":"2025-03-29T20:18:47","guid":{"rendered":"https:\/\/www.amanien.info\/news\/?p=7153"},"modified":"2025-03-29T20:18:47","modified_gmt":"2025-03-29T20:18:47","slug":"presidentielle-doctobre-2025-le-candidat-du-pivo-kouame-essan-presente-son-programme-de-societe","status":"publish","type":"post","link":"https:\/\/www.amanien.info\/news\/presidentielle-doctobre-2025-le-candidat-du-pivo-kouame-essan-presente-son-programme-de-societe\/","title":{"rendered":"Pr\u00e9sidentielle d&rsquo;octobre 2025 : le candidat du PIVO, Kouam\u00e9 Essan pr\u00e9sente son programme de soci\u00e9t\u00e9"},"content":{"rendered":"<div><span style=\"text-transform: initial;\">\u00ab\u00a0Quelle politique pour une nouvelle C\u00f4te d&rsquo;Ivoire, une nouvelle Afrique et un nouveau monde ?\u00a0\u00bb. C&rsquo;est le th\u00e8me du projet \u00ab\u00a0Peuple Ivoirien pour une nouvelle C\u00f4te d&rsquo;Ivoire(PIVO), conduit par le Pr\u00e9sident Kouam\u00e9 Essan Hermann.\u00a0<\/span><\/div>\n<div><\/div>\n<div>Il a pr\u00e9sent\u00e9 ce projet, qui est une vision ambitieuse visant \u00e0 restructurer la C\u00f4te d&rsquo;Ivoire sur les plans \u00e9conomique, social et industriel, le vendredi 28 mars 2025, \u00e0 Abidjan-Cocody, au cours d&rsquo;une conf\u00e9rence de presse.<\/div>\n<div><\/div>\n<div>\u00ab\u00a0Le PIVO est un projet du peuple ivoirien qui permet \u00e0 toute la nation ivoirienne de pouvoir conna\u00eetre le d\u00e9veloppement tant attendu.\u00a0 C&rsquo;est un projet \u00e0 deux leviers dont le levier conventionnel (le premier) et le second, le levier industriel\u00a0\u00bb, a-t-il indiqu\u00e9.<\/div>\n<div><\/div>\n<div>La politique industrielle de ce projet pr\u00e9voit la cr\u00e9ation de 100 unit\u00e9s industrielles appel\u00e9es \u00ab\u00a0locomotives industrielles\u00a0\u00bb, capables de g\u00e9n\u00e9rer \u00e0 elles seules plus de 7 millions d&#8217;emplois.<\/div>\n<div><\/div>\n<div>Chaque locomotive industrielle, explique-t-il, servira de base pour des unit\u00e9s de satisfaction des besoins, qui transformeront et valoriseront les ressources locales.<\/div>\n<div><\/div>\n<div>Aussi propose-t-il un d\u00e9coupage \u00e9conomique en cinq grandes r\u00e9gions qui sont : le Nord, le Sud, le Centre, l&rsquo;Est et l&rsquo;Ouest.<\/div>\n<div><\/div>\n<div>Ce, pour garantir un meilleur d\u00e9veloppement et pour assurer une croissance \u00e9quilibr\u00e9e sur l&rsquo;ensemble du territoire national, en \u00e9vitant un \u00ab\u00a0d\u00e9veloppement in\u00e9gal qui qui laisserait les zones \u00e0 la tra\u00eene\u00a0\u00bb, a-t-il soutenu.<\/div>\n<div><\/div>\n<div>Le premier responsable du projet PIVO entend faire de la C\u00f4te d&rsquo;Ivoire, un pays autonome sur les plans \u00e9conomique, politique et social. \u00ab\u00a0Nous voulons une C\u00f4te d&rsquo;Ivoire qui ne d\u00e9pend plus des influences ext\u00e9rieures, mais qui s&rsquo;affirme comme une nation forte et ind\u00e9pendante\u00a0\u00bb, a-t-il dit.<\/div>\n<div><\/div>\n<div><\/div>\n<div>Kouam\u00e9 Essan Hermann a affirm\u00e9 \u00eatre proche des r\u00e9alit\u00e9s quotidiennes des ivoiriens, avec son projet con\u00e7u \u00e0 partir des \u00e9changes avec les populations.<\/div>\n<div>A l&rsquo;en croire, ce projet est le fruit des attentes des populations.<\/div>\n<div><\/div>\n<div><\/div>\n<div>\u00ab\u00a0Le candidat du peuple\u00a0\u00bb a, par ailleurs, appel\u00e9 aux \u00e9lections libres, inclusives, transparentes, apais\u00e9es et d\u00e9mocratiques, a-t-il exhort\u00e9.<\/div>\n<div><\/div>\n<div>Avant d&rsquo;inviter \u00e0 la paix sociale en C\u00f4te d&rsquo;Ivoire.<\/div>\n<div><\/div>\n<div><b>S.A.<\/b><\/div>\n","protected":false},"excerpt":{"rendered":"<p>\u00ab\u00a0Quelle politique pour une nouvelle C\u00f4te d&rsquo;Ivoire, une nouvelle Afrique et un nouveau monde ?\u00a0\u00bb. C&rsquo;est le th\u00e8me du projet \u00ab\u00a0Peuple Ivoirien pour une nouvelle C\u00f4te d&rsquo;Ivoire(PIVO), conduit par le Pr\u00e9sident Kouam\u00e9 Essan Hermann.\u00a0 Il a pr\u00e9sent\u00e9 ce projet, qui est une vision ambitieuse visant \u00e0 restructurer la C\u00f4te d&rsquo;Ivoire sur les plans \u00e9conomique, social [&hellip;]<\/p>\n","protected":false},"author":2,"featured_media":7156,"comment_status":"closed","ping_status":"closed","sticky":false,"template":"","format":"standard","meta":{"_acf_changed":false,"footnotes":""},"categories":[],"tags":[],"class_list":["post-7153","post","type-post","status-publish","format-standard","has-post-thumbnail","hentry"],"acf":[],"yoast_head":"<!-- This site is optimized with the Yoast SEO plugin v27.5 - https:\/\/yoast.com\/product\/yoast-seo-wordpress\/ -->\n<title>Pr\u00e9sidentielle d&#039;octobre 2025 : le candidat du PIVO, Kouam\u00e9 Essan pr\u00e9sente son programme de soci\u00e9t\u00e9 - Amanien| L&#039;actualit\u00e9 Ivoirienne et Internationale<\/title>\n<meta name=\"robots\" content=\"index, follow, max-snippet:-1, max-image-preview:large, max-video-preview:-1\" \/>\n<link rel=\"canonical\" href=\"https:\/\/www.amanien.info\/news\/presidentielle-doctobre-2025-le-candidat-du-pivo-kouame-essan-presente-son-programme-de-societe\/\" \/>\n<meta property=\"og:locale\" content=\"fr_FR\" \/>\n<meta property=\"og:type\" content=\"article\" \/>\n<meta property=\"og:title\" content=\"Pr\u00e9sidentielle d&#039;octobre 2025 : le candidat du PIVO, Kouam\u00e9 Essan pr\u00e9sente son programme de soci\u00e9t\u00e9 - Amanien| L&#039;actualit\u00e9 Ivoirienne et Internationale\" \/>\n<meta property=\"og:description\" content=\"\u00ab\u00a0Quelle politique pour une nouvelle C\u00f4te d&rsquo;Ivoire, une nouvelle Afrique et un nouveau monde ?\u00a0\u00bb. C&rsquo;est le th\u00e8me du projet \u00ab\u00a0Peuple Ivoirien pour une nouvelle C\u00f4te d&rsquo;Ivoire(PIVO), conduit par le Pr\u00e9sident Kouam\u00e9 Essan Hermann.\u00a0 Il a pr\u00e9sent\u00e9 ce projet, qui est une vision ambitieuse visant \u00e0 restructurer la C\u00f4te d&rsquo;Ivoire sur les plans \u00e9conomique, social [&hellip;]\" \/>\n<meta property=\"og:url\" content=\"https:\/\/www.amanien.info\/news\/presidentielle-doctobre-2025-le-candidat-du-pivo-kouame-essan-presente-son-programme-de-societe\/\" \/>\n<meta property=\"og:site_name\" content=\"Amanien| L&#039;actualit\u00e9 Ivoirienne et Internationale\" \/>\n<meta property=\"article:published_time\" content=\"2025-03-29T20:18:47+00:00\" \/>\n<meta property=\"og:image\" content=\"https:\/\/www.amanien.info\/news\/wp-content\/uploads\/2025\/03\/IMG-20250328-WA0066.jpg\" \/>\n\t<meta property=\"og:image:width\" content=\"1080\" \/>\n\t<meta property=\"og:image:height\" content=\"487\" \/>\n\t<meta property=\"og:image:type\" content=\"image\/jpeg\" \/>\n<meta name=\"author\" content=\"Germain Ndri\" \/>\n<meta name=\"twitter:card\" content=\"summary_large_image\" \/>\n<meta name=\"twitter:label1\" content=\"\u00c9crit par\" \/>\n\t<meta name=\"twitter:data1\" content=\"Germain Ndri\" \/>\n\t<meta name=\"twitter:label2\" content=\"Dur\u00e9e de lecture estim\u00e9e\" \/>\n\t<meta name=\"twitter:data2\" content=\"2 minutes\" \/>\n<script type=\"application\/ld+json\" class=\"yoast-schema-graph\">{\"@context\":\"https:\\\/\\\/schema.org\",\"@graph\":[{\"@type\":\"Article\",\"@id\":\"https:\\\/\\\/www.amanien.info\\\/news\\\/presidentielle-doctobre-2025-le-candidat-du-pivo-kouame-essan-presente-son-programme-de-societe\\\/#article\",\"isPartOf\":{\"@id\":\"https:\\\/\\\/www.amanien.info\\\/news\\\/presidentielle-doctobre-2025-le-candidat-du-pivo-kouame-essan-presente-son-programme-de-societe\\\/\"},\"author\":{\"name\":\"Germain Ndri\",\"@id\":\"https:\\\/\\\/www.amanien.info\\\/news\\\/#\\\/schema\\\/person\\\/b21093345753a1a98242d505bd894f42\"},\"headline\":\"Pr\u00e9sidentielle d&rsquo;octobre 2025 : le candidat du PIVO, Kouam\u00e9 Essan pr\u00e9sente son programme de soci\u00e9t\u00e9\",\"datePublished\":\"2025-03-29T20:18:47+00:00\",\"mainEntityOfPage\":{\"@id\":\"https:\\\/\\\/www.amanien.info\\\/news\\\/presidentielle-doctobre-2025-le-candidat-du-pivo-kouame-essan-presente-son-programme-de-societe\\\/\"},\"wordCount\":376,\"image\":{\"@id\":\"https:\\\/\\\/www.amanien.info\\\/news\\\/presidentielle-doctobre-2025-le-candidat-du-pivo-kouame-essan-presente-son-programme-de-societe\\\/#primaryimage\"},\"thumbnailUrl\":\"https:\\\/\\\/www.amanien.info\\\/news\\\/wp-content\\\/uploads\\\/2025\\\/03\\\/IMG-20250328-WA0066.jpg\",\"inLanguage\":\"fr-FR\"},{\"@type\":\"WebPage\",\"@id\":\"https:\\\/\\\/www.amanien.info\\\/news\\\/presidentielle-doctobre-2025-le-candidat-du-pivo-kouame-essan-presente-son-programme-de-societe\\\/\",\"url\":\"https:\\\/\\\/www.amanien.info\\\/news\\\/presidentielle-doctobre-2025-le-candidat-du-pivo-kouame-essan-presente-son-programme-de-societe\\\/\",\"name\":\"Pr\u00e9sidentielle d'octobre 2025 : le candidat du PIVO, Kouam\u00e9 Essan pr\u00e9sente son programme de soci\u00e9t\u00e9 - Amanien| L&#039;actualit\u00e9 Ivoirienne et Internationale\",\"isPartOf\":{\"@id\":\"https:\\\/\\\/www.amanien.info\\\/news\\\/#website\"},\"primaryImageOfPage\":{\"@id\":\"https:\\\/\\\/www.amanien.info\\\/news\\\/presidentielle-doctobre-2025-le-candidat-du-pivo-kouame-essan-presente-son-programme-de-societe\\\/#primaryimage\"},\"image\":{\"@id\":\"https:\\\/\\\/www.amanien.info\\\/news\\\/presidentielle-doctobre-2025-le-candidat-du-pivo-kouame-essan-presente-son-programme-de-societe\\\/#primaryimage\"},\"thumbnailUrl\":\"https:\\\/\\\/www.amanien.info\\\/news\\\/wp-content\\\/uploads\\\/2025\\\/03\\\/IMG-20250328-WA0066.jpg\",\"datePublished\":\"2025-03-29T20:18:47+00:00\",\"author\":{\"@id\":\"https:\\\/\\\/www.amanien.info\\\/news\\\/#\\\/schema\\\/person\\\/b21093345753a1a98242d505bd894f42\"},\"breadcrumb\":{\"@id\":\"https:\\\/\\\/www.amanien.info\\\/news\\\/presidentielle-doctobre-2025-le-candidat-du-pivo-kouame-essan-presente-son-programme-de-societe\\\/#breadcrumb\"},\"inLanguage\":\"fr-FR\",\"potentialAction\":[{\"@type\":\"ReadAction\",\"target\":[\"https:\\\/\\\/www.amanien.info\\\/news\\\/presidentielle-doctobre-2025-le-candidat-du-pivo-kouame-essan-presente-son-programme-de-societe\\\/\"]}]},{\"@type\":\"ImageObject\",\"inLanguage\":\"fr-FR\",\"@id\":\"https:\\\/\\\/www.amanien.info\\\/news\\\/presidentielle-doctobre-2025-le-candidat-du-pivo-kouame-essan-presente-son-programme-de-societe\\\/#primaryimage\",\"url\":\"https:\\\/\\\/www.amanien.info\\\/news\\\/wp-content\\\/uploads\\\/2025\\\/03\\\/IMG-20250328-WA0066.jpg\",\"contentUrl\":\"https:\\\/\\\/www.amanien.info\\\/news\\\/wp-content\\\/uploads\\\/2025\\\/03\\\/IMG-20250328-WA0066.jpg\",\"width\":1080,\"height\":487},{\"@type\":\"BreadcrumbList\",\"@id\":\"https:\\\/\\\/www.amanien.info\\\/news\\\/presidentielle-doctobre-2025-le-candidat-du-pivo-kouame-essan-presente-son-programme-de-societe\\\/#breadcrumb\",\"itemListElement\":[{\"@type\":\"ListItem\",\"position\":1,\"name\":\"Accueil\",\"item\":\"https:\\\/\\\/www.amanien.info\\\/news\\\/\"},{\"@type\":\"ListItem\",\"position\":2,\"name\":\"Pr\u00e9sidentielle d&rsquo;octobre 2025 : le candidat du PIVO, Kouam\u00e9 Essan pr\u00e9sente son programme de soci\u00e9t\u00e9\"}]},{\"@type\":\"WebSite\",\"@id\":\"https:\\\/\\\/www.amanien.info\\\/news\\\/#website\",\"url\":\"https:\\\/\\\/www.amanien.info\\\/news\\\/\",\"name\":\"Amanien| L&#039;actualit\u00e9 Ivoirienne et Internationale\",\"description\":\"L&#039;actualit\u00e9 Ivoirienne et Internationale\",\"potentialAction\":[{\"@type\":\"SearchAction\",\"target\":{\"@type\":\"EntryPoint\",\"urlTemplate\":\"https:\\\/\\\/www.amanien.info\\\/news\\\/?s={search_term_string}\"},\"query-input\":{\"@type\":\"PropertyValueSpecification\",\"valueRequired\":true,\"valueName\":\"search_term_string\"}}],\"inLanguage\":\"fr-FR\"},{\"@type\":\"Person\",\"@id\":\"https:\\\/\\\/www.amanien.info\\\/news\\\/#\\\/schema\\\/person\\\/b21093345753a1a98242d505bd894f42\",\"name\":\"Germain Ndri\",\"url\":\"https:\\\/\\\/www.amanien.info\\\/news\\\/author\\\/amanien-infos\\\/\"}]}<\/script>\n<!-- \/ Yoast SEO plugin. -->","yoast_head_json":{"title":"Pr\u00e9sidentielle d'octobre 2025 : le candidat du PIVO, Kouam\u00e9 Essan pr\u00e9sente son programme de soci\u00e9t\u00e9 - Amanien| L&#039;actualit\u00e9 Ivoirienne et Internationale","robots":{"index":"index","follow":"follow","max-snippet":"max-snippet:-1","max-image-preview":"max-image-preview:large","max-video-preview":"max-video-preview:-1"},"canonical":"https:\/\/www.amanien.info\/news\/presidentielle-doctobre-2025-le-candidat-du-pivo-kouame-essan-presente-son-programme-de-societe\/","og_locale":"fr_FR","og_type":"article","og_title":"Pr\u00e9sidentielle d'octobre 2025 : le candidat du PIVO, Kouam\u00e9 Essan pr\u00e9sente son programme de soci\u00e9t\u00e9 - Amanien| L&#039;actualit\u00e9 Ivoirienne et Internationale","og_description":"\u00ab\u00a0Quelle politique pour une nouvelle C\u00f4te d&rsquo;Ivoire, une nouvelle Afrique et un nouveau monde ?\u00a0\u00bb. C&rsquo;est le th\u00e8me du projet \u00ab\u00a0Peuple Ivoirien pour une nouvelle C\u00f4te d&rsquo;Ivoire(PIVO), conduit par le Pr\u00e9sident Kouam\u00e9 Essan Hermann.\u00a0 Il a pr\u00e9sent\u00e9 ce projet, qui est une vision ambitieuse visant \u00e0 restructurer la C\u00f4te d&rsquo;Ivoire sur les plans \u00e9conomique, social [&hellip;]","og_url":"https:\/\/www.amanien.info\/news\/presidentielle-doctobre-2025-le-candidat-du-pivo-kouame-essan-presente-son-programme-de-societe\/","og_site_name":"Amanien| L&#039;actualit\u00e9 Ivoirienne et Internationale","article_published_time":"2025-03-29T20:18:47+00:00","og_image":[{"width":1080,"height":487,"url":"https:\/\/www.amanien.info\/news\/wp-content\/uploads\/2025\/03\/IMG-20250328-WA0066.jpg","type":"image\/jpeg"}],"author":"Germain Ndri","twitter_card":"summary_large_image","twitter_misc":{"\u00c9crit par":"Germain Ndri","Dur\u00e9e de lecture estim\u00e9e":"2 minutes"},"schema":{"@context":"https:\/\/schema.org","@graph":[{"@type":"Article","@id":"https:\/\/www.amanien.info\/news\/presidentielle-doctobre-2025-le-candidat-du-pivo-kouame-essan-presente-son-programme-de-societe\/#article","isPartOf":{"@id":"https:\/\/www.amanien.info\/news\/presidentielle-doctobre-2025-le-candidat-du-pivo-kouame-essan-presente-son-programme-de-societe\/"},"author":{"name":"Germain Ndri","@id":"https:\/\/www.amanien.info\/news\/#\/schema\/person\/b21093345753a1a98242d505bd894f42"},"headline":"Pr\u00e9sidentielle d&rsquo;octobre 2025 : le candidat du PIVO, Kouam\u00e9 Essan pr\u00e9sente son programme de soci\u00e9t\u00e9","datePublished":"2025-03-29T20:18:47+00:00","mainEntityOfPage":{"@id":"https:\/\/www.amanien.info\/news\/presidentielle-doctobre-2025-le-candidat-du-pivo-kouame-essan-presente-son-programme-de-societe\/"},"wordCount":376,"image":{"@id":"https:\/\/www.amanien.info\/news\/presidentielle-doctobre-2025-le-candidat-du-pivo-kouame-essan-presente-son-programme-de-societe\/#primaryimage"},"thumbnailUrl":"https:\/\/www.amanien.info\/news\/wp-content\/uploads\/2025\/03\/IMG-20250328-WA0066.jpg","inLanguage":"fr-FR"},{"@type":"WebPage","@id":"https:\/\/www.amanien.info\/news\/presidentielle-doctobre-2025-le-candidat-du-pivo-kouame-essan-presente-son-programme-de-societe\/","url":"https:\/\/www.amanien.info\/news\/presidentielle-doctobre-2025-le-candidat-du-pivo-kouame-essan-presente-son-programme-de-societe\/","name":"Pr\u00e9sidentielle d'octobre 2025 : le candidat du PIVO, Kouam\u00e9 Essan pr\u00e9sente son programme de soci\u00e9t\u00e9 - Amanien| L&#039;actualit\u00e9 Ivoirienne et Internationale","isPartOf":{"@id":"https:\/\/www.amanien.info\/news\/#website"},"primaryImageOfPage":{"@id":"https:\/\/www.amanien.info\/news\/presidentielle-doctobre-2025-le-candidat-du-pivo-kouame-essan-presente-son-programme-de-societe\/#primaryimage"},"image":{"@id":"https:\/\/www.amanien.info\/news\/presidentielle-doctobre-2025-le-candidat-du-pivo-kouame-essan-presente-son-programme-de-societe\/#primaryimage"},"thumbnailUrl":"https:\/\/www.amanien.info\/news\/wp-content\/uploads\/2025\/03\/IMG-20250328-WA0066.jpg","datePublished":"2025-03-29T20:18:47+00:00","author":{"@id":"https:\/\/www.amanien.info\/news\/#\/schema\/person\/b21093345753a1a98242d505bd894f42"},"breadcrumb":{"@id":"https:\/\/www.amanien.info\/news\/presidentielle-doctobre-2025-le-candidat-du-pivo-kouame-essan-presente-son-programme-de-societe\/#breadcrumb"},"inLanguage":"fr-FR","potentialAction":[{"@type":"ReadAction","target":["https:\/\/www.amanien.info\/news\/presidentielle-doctobre-2025-le-candidat-du-pivo-kouame-essan-presente-son-programme-de-societe\/"]}]},{"@type":"ImageObject","inLanguage":"fr-FR","@id":"https:\/\/www.amanien.info\/news\/presidentielle-doctobre-2025-le-candidat-du-pivo-kouame-essan-presente-son-programme-de-societe\/#primaryimage","url":"https:\/\/www.amanien.info\/news\/wp-content\/uploads\/2025\/03\/IMG-20250328-WA0066.jpg","contentUrl":"https:\/\/www.amanien.info\/news\/wp-content\/uploads\/2025\/03\/IMG-20250328-WA0066.jpg","width":1080,"height":487},{"@type":"BreadcrumbList","@id":"https:\/\/www.amanien.info\/news\/presidentielle-doctobre-2025-le-candidat-du-pivo-kouame-essan-presente-son-programme-de-societe\/#breadcrumb","itemListElement":[{"@type":"ListItem","position":1,"name":"Accueil","item":"https:\/\/www.amanien.info\/news\/"},{"@type":"ListItem","position":2,"name":"Pr\u00e9sidentielle d&rsquo;octobre 2025 : le candidat du PIVO, Kouam\u00e9 Essan pr\u00e9sente son programme de soci\u00e9t\u00e9"}]},{"@type":"WebSite","@id":"https:\/\/www.amanien.info\/news\/#website","url":"https:\/\/www.amanien.info\/news\/","name":"Amanien| L&#039;actualit\u00e9 Ivoirienne et Internationale","description":"L&#039;actualit\u00e9 Ivoirienne et Internationale","potentialAction":[{"@type":"SearchAction","target":{"@type":"EntryPoint","urlTemplate":"https:\/\/www.amanien.info\/news\/?s={search_term_string}"},"query-input":{"@type":"PropertyValueSpecification","valueRequired":true,"valueName":"search_term_string"}}],"inLanguage":"fr-FR"},{"@type":"Person","@id":"https:\/\/www.amanien.info\/news\/#\/schema\/person\/b21093345753a1a98242d505bd894f42","name":"Germain Ndri","url":"https:\/\/www.amanien.info\/news\/author\/amanien-infos\/"}]}},"_links":{"self":[{"href":"https:\/\/www.amanien.info\/news\/wp-json\/wp\/v2\/posts\/7153","targetHints":{"allow":["GET"]}}],"collection":[{"href":"https:\/\/www.amanien.info\/news\/wp-json\/wp\/v2\/posts"}],"about":[{"href":"https:\/\/www.amanien.info\/news\/wp-json\/wp\/v2\/types\/post"}],"author":[{"embeddable":true,"href":"https:\/\/www.amanien.info\/news\/wp-json\/wp\/v2\/users\/2"}],"replies":[{"embeddable":true,"href":"https:\/\/www.amanien.info\/news\/wp-json\/wp\/v2\/comments?post=7153"}],"version-history":[{"count":1,"href":"https:\/\/www.amanien.info\/news\/wp-json\/wp\/v2\/posts\/7153\/revisions"}],"predecessor-version":[{"id":7157,"href":"https:\/\/www.amanien.info\/news\/wp-json\/wp\/v2\/posts\/7153\/revisions\/7157"}],"wp:featuredmedia":[{"embeddable":true,"href":"https:\/\/www.amanien.info\/news\/wp-json\/wp\/v2\/media\/7156"}],"wp:attachment":[{"href":"https:\/\/www.amanien.info\/news\/wp-json\/wp\/v2\/media?parent=7153"}],"wp:term":[{"taxonomy":"category","embeddable":true,"href":"https:\/\/www.amanien.info\/news\/wp-json\/wp\/v2\/categories?post=7153"},{"taxonomy":"post_tag","embeddable":true,"href":"https:\/\/www.amanien.info\/news\/wp-json\/wp\/v2\/tags?post=7153"}],"curies":[{"name":"wp","href":"https:\/\/api.w.org\/{rel}","templated":true}]}}