{"id":7143,"date":"2025-03-18T20:22:07","date_gmt":"2025-03-18T20:22:07","guid":{"rendered":"https:\/\/www.amanien.info\/news\/?p=7143"},"modified":"2025-03-18T20:22:07","modified_gmt":"2025-03-18T20:22:07","slug":"presidentielle-2025-8-761-348-electeurs-inscrits-sur-la-liste-electorale-provisoirecei","status":"publish","type":"post","link":"https:\/\/www.amanien.info\/news\/presidentielle-2025-8-761-348-electeurs-inscrits-sur-la-liste-electorale-provisoirecei\/","title":{"rendered":"Pr\u00e9sidentielle 2025 : 8 761 348 \u00e9lecteurs inscrits sur la liste \u00e9lectorale provisoire(CEI)"},"content":{"rendered":"<div><span style=\"text-transform: initial;\">La Commission \u00c9lectorale Ind\u00e9pendante (CEI) a organis\u00e9, lundi 17 mars 2025, \u00e0 son si\u00e8ge (Abidjan-Cocody), une importante r\u00e9union d&rsquo;information sur le contentieux de la liste \u00e9lectorale.\u00a0<\/span><\/div>\n<div><\/div>\n<div>A cette occasion, le Pr\u00e9sident de l&rsquo;institution en charge de l&rsquo;organisation des \u00e9lections en C\u00f4te d&rsquo;Ivoire, CEI, Coulibaly-Kuibiert Ibrahime, a annonc\u00e9 la liste \u00e9lectorale provisoire (LEP) qui compte 8 761 348 \u00e9lecteurs dont 4 528\u00a0 554 hommes et 4 238 794 femmes.\u00a0 Notons que 769 757 nouveaux majeurs et \u00e9lecteurs font partie de ce nombre total c&rsquo;est-\u00e0-dire ces 8\u00a0 761 348 \u00e9lecteurs inscrits sur la LEP.<\/div>\n<div><\/div>\n<div><\/div>\n<div>Cette liste \u00e9lectorale provisoire sera, selon le Pr\u00e9sident de la CEI, affich\u00e9e du 17 au 21 mars 2025 dans tous les lieux de vote en C\u00f4te d&rsquo;Ivoire et \u00e0 l&rsquo;\u00e9tranger.<\/div>\n<div><\/div>\n<div>Elle est \u00e9galement accessible en ligne via le site de la CEI :\u00a0<a href=\"http:\/\/www.cei.ci\/\" target=\"_blank\" rel=\"nofollow noopener noreferrer\">www.cei.ci<\/a>\u00a0ou \u00e0 travers la syntaxe #919# .<\/div>\n<div><\/div>\n<div>\u00ab\u00a0L&rsquo;affichage de cette liste \u00e9lectorale permet \u00e0 chaque \u00e9lecteur de v\u00e9rifier ses informations et de signaler toute irr\u00e9gularit\u00e9. L&rsquo;objectif est d&rsquo;obtenir une liste \u00e9lectorale d\u00e9finitive plus exacte et plus cr\u00e9dible \u00ab\u00a0, a-t-il expliqu\u00e9.<\/div>\n<div><\/div>\n<div>Par ailleurs, les \u00e9lecteurs disposent d&rsquo;un d\u00e9lai de 15 jours apr\u00e8s cet affichage, soit jusqu&rsquo;au 05 avril 2025, pour formuler des r\u00e9clamations aupr\u00e8s de la CEI avec toutes les pi\u00e8ces justificatives (originales et photocopies).<\/div>\n<div><\/div>\n<div>Notons que la LEP a \u00e9t\u00e9, au cours de cette rencontre, remise \u00e0 chaque\u00a0 repr\u00e9sentant de partis politiques sur un support num\u00e9rique.<\/div>\n<div><\/div>\n<div><\/div>\n<div><\/div>\n<div><b>S.A.<\/b><\/div>\n","protected":false},"excerpt":{"rendered":"<p>La Commission \u00c9lectorale Ind\u00e9pendante (CEI) a organis\u00e9, lundi 17 mars 2025, \u00e0 son si\u00e8ge (Abidjan-Cocody), une importante r\u00e9union d&rsquo;information sur le contentieux de la liste \u00e9lectorale.\u00a0 A cette occasion, le Pr\u00e9sident de l&rsquo;institution en charge de l&rsquo;organisation des \u00e9lections en C\u00f4te d&rsquo;Ivoire, CEI, Coulibaly-Kuibiert Ibrahime, a annonc\u00e9 la liste \u00e9lectorale provisoire (LEP) qui compte 8 [&hellip;]<\/p>\n","protected":false},"author":2,"featured_media":7145,"comment_status":"closed","ping_status":"closed","sticky":false,"template":"","format":"standard","meta":{"_acf_changed":false,"footnotes":""},"categories":[],"tags":[],"class_list":["post-7143","post","type-post","status-publish","format-standard","has-post-thumbnail","hentry"],"acf":[],"yoast_head":"<!-- This site is optimized with the Yoast SEO plugin v27.5 - https:\/\/yoast.com\/product\/yoast-seo-wordpress\/ -->\n<title>Pr\u00e9sidentielle 2025 : 8 761 348 \u00e9lecteurs inscrits sur la liste \u00e9lectorale provisoire(CEI) - Amanien| L&#039;actualit\u00e9 Ivoirienne et Internationale<\/title>\n<meta name=\"robots\" content=\"index, follow, max-snippet:-1, max-image-preview:large, max-video-preview:-1\" \/>\n<link rel=\"canonical\" href=\"https:\/\/www.amanien.info\/news\/presidentielle-2025-8-761-348-electeurs-inscrits-sur-la-liste-electorale-provisoirecei\/\" \/>\n<meta property=\"og:locale\" content=\"fr_FR\" \/>\n<meta property=\"og:type\" content=\"article\" \/>\n<meta property=\"og:title\" content=\"Pr\u00e9sidentielle 2025 : 8 761 348 \u00e9lecteurs inscrits sur la liste \u00e9lectorale provisoire(CEI) - Amanien| L&#039;actualit\u00e9 Ivoirienne et Internationale\" \/>\n<meta property=\"og:description\" content=\"La Commission \u00c9lectorale Ind\u00e9pendante (CEI) a organis\u00e9, lundi 17 mars 2025, \u00e0 son si\u00e8ge (Abidjan-Cocody), une importante r\u00e9union d&rsquo;information sur le contentieux de la liste \u00e9lectorale.\u00a0 A cette occasion, le Pr\u00e9sident de l&rsquo;institution en charge de l&rsquo;organisation des \u00e9lections en C\u00f4te d&rsquo;Ivoire, CEI, Coulibaly-Kuibiert Ibrahime, a annonc\u00e9 la liste \u00e9lectorale provisoire (LEP) qui compte 8 [&hellip;]\" \/>\n<meta property=\"og:url\" content=\"https:\/\/www.amanien.info\/news\/presidentielle-2025-8-761-348-electeurs-inscrits-sur-la-liste-electorale-provisoirecei\/\" \/>\n<meta property=\"og:site_name\" content=\"Amanien| L&#039;actualit\u00e9 Ivoirienne et Internationale\" \/>\n<meta property=\"article:published_time\" content=\"2025-03-18T20:22:07+00:00\" \/>\n<meta property=\"og:image\" content=\"https:\/\/www.amanien.info\/news\/wp-content\/uploads\/2025\/03\/la-commission-electorale-independante-cei-a-remis-officiellement-la-liste-e_ecj8vaje1o4-1.png\" \/>\n\t<meta property=\"og:image:width\" content=\"870\" \/>\n\t<meta property=\"og:image:height\" content=\"640\" \/>\n\t<meta property=\"og:image:type\" content=\"image\/png\" \/>\n<meta name=\"author\" content=\"Germain Ndri\" \/>\n<meta name=\"twitter:card\" content=\"summary_large_image\" \/>\n<meta name=\"twitter:label1\" content=\"\u00c9crit par\" \/>\n\t<meta name=\"twitter:data1\" content=\"Germain Ndri\" \/>\n\t<meta name=\"twitter:label2\" content=\"Dur\u00e9e de lecture estim\u00e9e\" \/>\n\t<meta name=\"twitter:data2\" content=\"2 minutes\" \/>\n<script type=\"application\/ld+json\" class=\"yoast-schema-graph\">{\"@context\":\"https:\\\/\\\/schema.org\",\"@graph\":[{\"@type\":\"Article\",\"@id\":\"https:\\\/\\\/www.amanien.info\\\/news\\\/presidentielle-2025-8-761-348-electeurs-inscrits-sur-la-liste-electorale-provisoirecei\\\/#article\",\"isPartOf\":{\"@id\":\"https:\\\/\\\/www.amanien.info\\\/news\\\/presidentielle-2025-8-761-348-electeurs-inscrits-sur-la-liste-electorale-provisoirecei\\\/\"},\"author\":{\"name\":\"Germain Ndri\",\"@id\":\"https:\\\/\\\/www.amanien.info\\\/news\\\/#\\\/schema\\\/person\\\/b21093345753a1a98242d505bd894f42\"},\"headline\":\"Pr\u00e9sidentielle 2025 : 8 761 348 \u00e9lecteurs inscrits sur la liste \u00e9lectorale provisoire(CEI)\",\"datePublished\":\"2025-03-18T20:22:07+00:00\",\"mainEntityOfPage\":{\"@id\":\"https:\\\/\\\/www.amanien.info\\\/news\\\/presidentielle-2025-8-761-348-electeurs-inscrits-sur-la-liste-electorale-provisoirecei\\\/\"},\"wordCount\":247,\"image\":{\"@id\":\"https:\\\/\\\/www.amanien.info\\\/news\\\/presidentielle-2025-8-761-348-electeurs-inscrits-sur-la-liste-electorale-provisoirecei\\\/#primaryimage\"},\"thumbnailUrl\":\"https:\\\/\\\/www.amanien.info\\\/news\\\/wp-content\\\/uploads\\\/2025\\\/03\\\/la-commission-electorale-independante-cei-a-remis-officiellement-la-liste-e_ecj8vaje1o4-1.png\",\"inLanguage\":\"fr-FR\"},{\"@type\":\"WebPage\",\"@id\":\"https:\\\/\\\/www.amanien.info\\\/news\\\/presidentielle-2025-8-761-348-electeurs-inscrits-sur-la-liste-electorale-provisoirecei\\\/\",\"url\":\"https:\\\/\\\/www.amanien.info\\\/news\\\/presidentielle-2025-8-761-348-electeurs-inscrits-sur-la-liste-electorale-provisoirecei\\\/\",\"name\":\"Pr\u00e9sidentielle 2025 : 8 761 348 \u00e9lecteurs inscrits sur la liste \u00e9lectorale provisoire(CEI) - Amanien| L&#039;actualit\u00e9 Ivoirienne et Internationale\",\"isPartOf\":{\"@id\":\"https:\\\/\\\/www.amanien.info\\\/news\\\/#website\"},\"primaryImageOfPage\":{\"@id\":\"https:\\\/\\\/www.amanien.info\\\/news\\\/presidentielle-2025-8-761-348-electeurs-inscrits-sur-la-liste-electorale-provisoirecei\\\/#primaryimage\"},\"image\":{\"@id\":\"https:\\\/\\\/www.amanien.info\\\/news\\\/presidentielle-2025-8-761-348-electeurs-inscrits-sur-la-liste-electorale-provisoirecei\\\/#primaryimage\"},\"thumbnailUrl\":\"https:\\\/\\\/www.amanien.info\\\/news\\\/wp-content\\\/uploads\\\/2025\\\/03\\\/la-commission-electorale-independante-cei-a-remis-officiellement-la-liste-e_ecj8vaje1o4-1.png\",\"datePublished\":\"2025-03-18T20:22:07+00:00\",\"author\":{\"@id\":\"https:\\\/\\\/www.amanien.info\\\/news\\\/#\\\/schema\\\/person\\\/b21093345753a1a98242d505bd894f42\"},\"breadcrumb\":{\"@id\":\"https:\\\/\\\/www.amanien.info\\\/news\\\/presidentielle-2025-8-761-348-electeurs-inscrits-sur-la-liste-electorale-provisoirecei\\\/#breadcrumb\"},\"inLanguage\":\"fr-FR\",\"potentialAction\":[{\"@type\":\"ReadAction\",\"target\":[\"https:\\\/\\\/www.amanien.info\\\/news\\\/presidentielle-2025-8-761-348-electeurs-inscrits-sur-la-liste-electorale-provisoirecei\\\/\"]}]},{\"@type\":\"ImageObject\",\"inLanguage\":\"fr-FR\",\"@id\":\"https:\\\/\\\/www.amanien.info\\\/news\\\/presidentielle-2025-8-761-348-electeurs-inscrits-sur-la-liste-electorale-provisoirecei\\\/#primaryimage\",\"url\":\"https:\\\/\\\/www.amanien.info\\\/news\\\/wp-content\\\/uploads\\\/2025\\\/03\\\/la-commission-electorale-independante-cei-a-remis-officiellement-la-liste-e_ecj8vaje1o4-1.png\",\"contentUrl\":\"https:\\\/\\\/www.amanien.info\\\/news\\\/wp-content\\\/uploads\\\/2025\\\/03\\\/la-commission-electorale-independante-cei-a-remis-officiellement-la-liste-e_ecj8vaje1o4-1.png\",\"width\":870,\"height\":640},{\"@type\":\"BreadcrumbList\",\"@id\":\"https:\\\/\\\/www.amanien.info\\\/news\\\/presidentielle-2025-8-761-348-electeurs-inscrits-sur-la-liste-electorale-provisoirecei\\\/#breadcrumb\",\"itemListElement\":[{\"@type\":\"ListItem\",\"position\":1,\"name\":\"Accueil\",\"item\":\"https:\\\/\\\/www.amanien.info\\\/news\\\/\"},{\"@type\":\"ListItem\",\"position\":2,\"name\":\"Pr\u00e9sidentielle 2025 : 8 761 348 \u00e9lecteurs inscrits sur la liste \u00e9lectorale provisoire(CEI)\"}]},{\"@type\":\"WebSite\",\"@id\":\"https:\\\/\\\/www.amanien.info\\\/news\\\/#website\",\"url\":\"https:\\\/\\\/www.amanien.info\\\/news\\\/\",\"name\":\"Amanien| L&#039;actualit\u00e9 Ivoirienne et Internationale\",\"description\":\"L&#039;actualit\u00e9 Ivoirienne et Internationale\",\"potentialAction\":[{\"@type\":\"SearchAction\",\"target\":{\"@type\":\"EntryPoint\",\"urlTemplate\":\"https:\\\/\\\/www.amanien.info\\\/news\\\/?s={search_term_string}\"},\"query-input\":{\"@type\":\"PropertyValueSpecification\",\"valueRequired\":true,\"valueName\":\"search_term_string\"}}],\"inLanguage\":\"fr-FR\"},{\"@type\":\"Person\",\"@id\":\"https:\\\/\\\/www.amanien.info\\\/news\\\/#\\\/schema\\\/person\\\/b21093345753a1a98242d505bd894f42\",\"name\":\"Germain Ndri\",\"url\":\"https:\\\/\\\/www.amanien.info\\\/news\\\/author\\\/amanien-infos\\\/\"}]}<\/script>\n<!-- \/ Yoast SEO plugin. -->","yoast_head_json":{"title":"Pr\u00e9sidentielle 2025 : 8 761 348 \u00e9lecteurs inscrits sur la liste \u00e9lectorale provisoire(CEI) - Amanien| L&#039;actualit\u00e9 Ivoirienne et Internationale","robots":{"index":"index","follow":"follow","max-snippet":"max-snippet:-1","max-image-preview":"max-image-preview:large","max-video-preview":"max-video-preview:-1"},"canonical":"https:\/\/www.amanien.info\/news\/presidentielle-2025-8-761-348-electeurs-inscrits-sur-la-liste-electorale-provisoirecei\/","og_locale":"fr_FR","og_type":"article","og_title":"Pr\u00e9sidentielle 2025 : 8 761 348 \u00e9lecteurs inscrits sur la liste \u00e9lectorale provisoire(CEI) - Amanien| L&#039;actualit\u00e9 Ivoirienne et Internationale","og_description":"La Commission \u00c9lectorale Ind\u00e9pendante (CEI) a organis\u00e9, lundi 17 mars 2025, \u00e0 son si\u00e8ge (Abidjan-Cocody), une importante r\u00e9union d&rsquo;information sur le contentieux de la liste \u00e9lectorale.\u00a0 A cette occasion, le Pr\u00e9sident de l&rsquo;institution en charge de l&rsquo;organisation des \u00e9lections en C\u00f4te d&rsquo;Ivoire, CEI, Coulibaly-Kuibiert Ibrahime, a annonc\u00e9 la liste \u00e9lectorale provisoire (LEP) qui compte 8 [&hellip;]","og_url":"https:\/\/www.amanien.info\/news\/presidentielle-2025-8-761-348-electeurs-inscrits-sur-la-liste-electorale-provisoirecei\/","og_site_name":"Amanien| L&#039;actualit\u00e9 Ivoirienne et Internationale","article_published_time":"2025-03-18T20:22:07+00:00","og_image":[{"width":870,"height":640,"url":"https:\/\/www.amanien.info\/news\/wp-content\/uploads\/2025\/03\/la-commission-electorale-independante-cei-a-remis-officiellement-la-liste-e_ecj8vaje1o4-1.png","type":"image\/png"}],"author":"Germain Ndri","twitter_card":"summary_large_image","twitter_misc":{"\u00c9crit par":"Germain Ndri","Dur\u00e9e de lecture estim\u00e9e":"2 minutes"},"schema":{"@context":"https:\/\/schema.org","@graph":[{"@type":"Article","@id":"https:\/\/www.amanien.info\/news\/presidentielle-2025-8-761-348-electeurs-inscrits-sur-la-liste-electorale-provisoirecei\/#article","isPartOf":{"@id":"https:\/\/www.amanien.info\/news\/presidentielle-2025-8-761-348-electeurs-inscrits-sur-la-liste-electorale-provisoirecei\/"},"author":{"name":"Germain Ndri","@id":"https:\/\/www.amanien.info\/news\/#\/schema\/person\/b21093345753a1a98242d505bd894f42"},"headline":"Pr\u00e9sidentielle 2025 : 8 761 348 \u00e9lecteurs inscrits sur la liste \u00e9lectorale provisoire(CEI)","datePublished":"2025-03-18T20:22:07+00:00","mainEntityOfPage":{"@id":"https:\/\/www.amanien.info\/news\/presidentielle-2025-8-761-348-electeurs-inscrits-sur-la-liste-electorale-provisoirecei\/"},"wordCount":247,"image":{"@id":"https:\/\/www.amanien.info\/news\/presidentielle-2025-8-761-348-electeurs-inscrits-sur-la-liste-electorale-provisoirecei\/#primaryimage"},"thumbnailUrl":"https:\/\/www.amanien.info\/news\/wp-content\/uploads\/2025\/03\/la-commission-electorale-independante-cei-a-remis-officiellement-la-liste-e_ecj8vaje1o4-1.png","inLanguage":"fr-FR"},{"@type":"WebPage","@id":"https:\/\/www.amanien.info\/news\/presidentielle-2025-8-761-348-electeurs-inscrits-sur-la-liste-electorale-provisoirecei\/","url":"https:\/\/www.amanien.info\/news\/presidentielle-2025-8-761-348-electeurs-inscrits-sur-la-liste-electorale-provisoirecei\/","name":"Pr\u00e9sidentielle 2025 : 8 761 348 \u00e9lecteurs inscrits sur la liste \u00e9lectorale provisoire(CEI) - Amanien| L&#039;actualit\u00e9 Ivoirienne et Internationale","isPartOf":{"@id":"https:\/\/www.amanien.info\/news\/#website"},"primaryImageOfPage":{"@id":"https:\/\/www.amanien.info\/news\/presidentielle-2025-8-761-348-electeurs-inscrits-sur-la-liste-electorale-provisoirecei\/#primaryimage"},"image":{"@id":"https:\/\/www.amanien.info\/news\/presidentielle-2025-8-761-348-electeurs-inscrits-sur-la-liste-electorale-provisoirecei\/#primaryimage"},"thumbnailUrl":"https:\/\/www.amanien.info\/news\/wp-content\/uploads\/2025\/03\/la-commission-electorale-independante-cei-a-remis-officiellement-la-liste-e_ecj8vaje1o4-1.png","datePublished":"2025-03-18T20:22:07+00:00","author":{"@id":"https:\/\/www.amanien.info\/news\/#\/schema\/person\/b21093345753a1a98242d505bd894f42"},"breadcrumb":{"@id":"https:\/\/www.amanien.info\/news\/presidentielle-2025-8-761-348-electeurs-inscrits-sur-la-liste-electorale-provisoirecei\/#breadcrumb"},"inLanguage":"fr-FR","potentialAction":[{"@type":"ReadAction","target":["https:\/\/www.amanien.info\/news\/presidentielle-2025-8-761-348-electeurs-inscrits-sur-la-liste-electorale-provisoirecei\/"]}]},{"@type":"ImageObject","inLanguage":"fr-FR","@id":"https:\/\/www.amanien.info\/news\/presidentielle-2025-8-761-348-electeurs-inscrits-sur-la-liste-electorale-provisoirecei\/#primaryimage","url":"https:\/\/www.amanien.info\/news\/wp-content\/uploads\/2025\/03\/la-commission-electorale-independante-cei-a-remis-officiellement-la-liste-e_ecj8vaje1o4-1.png","contentUrl":"https:\/\/www.amanien.info\/news\/wp-content\/uploads\/2025\/03\/la-commission-electorale-independante-cei-a-remis-officiellement-la-liste-e_ecj8vaje1o4-1.png","width":870,"height":640},{"@type":"BreadcrumbList","@id":"https:\/\/www.amanien.info\/news\/presidentielle-2025-8-761-348-electeurs-inscrits-sur-la-liste-electorale-provisoirecei\/#breadcrumb","itemListElement":[{"@type":"ListItem","position":1,"name":"Accueil","item":"https:\/\/www.amanien.info\/news\/"},{"@type":"ListItem","position":2,"name":"Pr\u00e9sidentielle 2025 : 8 761 348 \u00e9lecteurs inscrits sur la liste \u00e9lectorale provisoire(CEI)"}]},{"@type":"WebSite","@id":"https:\/\/www.amanien.info\/news\/#website","url":"https:\/\/www.amanien.info\/news\/","name":"Amanien| L&#039;actualit\u00e9 Ivoirienne et Internationale","description":"L&#039;actualit\u00e9 Ivoirienne et Internationale","potentialAction":[{"@type":"SearchAction","target":{"@type":"EntryPoint","urlTemplate":"https:\/\/www.amanien.info\/news\/?s={search_term_string}"},"query-input":{"@type":"PropertyValueSpecification","valueRequired":true,"valueName":"search_term_string"}}],"inLanguage":"fr-FR"},{"@type":"Person","@id":"https:\/\/www.amanien.info\/news\/#\/schema\/person\/b21093345753a1a98242d505bd894f42","name":"Germain Ndri","url":"https:\/\/www.amanien.info\/news\/author\/amanien-infos\/"}]}},"_links":{"self":[{"href":"https:\/\/www.amanien.info\/news\/wp-json\/wp\/v2\/posts\/7143","targetHints":{"allow":["GET"]}}],"collection":[{"href":"https:\/\/www.amanien.info\/news\/wp-json\/wp\/v2\/posts"}],"about":[{"href":"https:\/\/www.amanien.info\/news\/wp-json\/wp\/v2\/types\/post"}],"author":[{"embeddable":true,"href":"https:\/\/www.amanien.info\/news\/wp-json\/wp\/v2\/users\/2"}],"replies":[{"embeddable":true,"href":"https:\/\/www.amanien.info\/news\/wp-json\/wp\/v2\/comments?post=7143"}],"version-history":[{"count":1,"href":"https:\/\/www.amanien.info\/news\/wp-json\/wp\/v2\/posts\/7143\/revisions"}],"predecessor-version":[{"id":7146,"href":"https:\/\/www.amanien.info\/news\/wp-json\/wp\/v2\/posts\/7143\/revisions\/7146"}],"wp:featuredmedia":[{"embeddable":true,"href":"https:\/\/www.amanien.info\/news\/wp-json\/wp\/v2\/media\/7145"}],"wp:attachment":[{"href":"https:\/\/www.amanien.info\/news\/wp-json\/wp\/v2\/media?parent=7143"}],"wp:term":[{"taxonomy":"category","embeddable":true,"href":"https:\/\/www.amanien.info\/news\/wp-json\/wp\/v2\/categories?post=7143"},{"taxonomy":"post_tag","embeddable":true,"href":"https:\/\/www.amanien.info\/news\/wp-json\/wp\/v2\/tags?post=7143"}],"curies":[{"name":"wp","href":"https:\/\/api.w.org\/{rel}","templated":true}]}}