{"id":7140,"date":"2025-03-16T22:44:36","date_gmt":"2025-03-16T22:44:36","guid":{"rendered":"https:\/\/www.amanien.info\/news\/?p=7140"},"modified":"2025-03-16T22:44:36","modified_gmt":"2025-03-16T22:44:36","slug":"fpi-commemoration-de-la-journee-internationale-des-droits-des-femmes-affi-nguessan-et-les-femmes-en-symbiose","status":"publish","type":"post","link":"https:\/\/www.amanien.info\/news\/fpi-commemoration-de-la-journee-internationale-des-droits-des-femmes-affi-nguessan-et-les-femmes-en-symbiose\/","title":{"rendered":"FPI\/ COMM\u00c9MORATION DE LA JOURN\u00c9E INTERNATIONALE DES DROITS DES FEMMES :AFFI N&rsquo;GUESSAN ET LES FEMMES EN SYMBIOSE\u00a0"},"content":{"rendered":"<p>&nbsp;<\/p>\n<div><span style=\"text-transform: initial;\">Accompagn\u00e9 de son \u00e9pouse, Angeline Kili, le Pr\u00e9sident du front populaire ivoirien (FPI), le premier ministre Affi N&rsquo;Guessan pascal \u00e9tait en communion avec les femmes, le samedi 15 mars dernier, au stade de la SOGEPHIA D&rsquo;ABOBO.<\/span><\/div>\n<div><\/div>\n<div>Le candidat d\u00e9clar\u00e9 \u00e0 la pr\u00e9sidentielle d&rsquo;octobre 2025, en C\u00f4te d&rsquo;Ivoire \u00e9tait dans cette commune D&rsquo;ABOBO, \u00e0 l&rsquo;occasion de la comm\u00e9moration de journ\u00e9e internationale des droits de la femme, initi\u00e9e par l&rsquo;organisation des femmes du front populaire ivoirien (OFFPI), dirig\u00e9 par Paule Ginette Sopou, \u00e9pouse Seka, en vue de rendre un vibrant hommage aux femmes ivoiriennes et en particuliers aux pionni\u00e8res du FPI, celle-l\u00e0 qui ont battu le pav\u00e9 pour l&rsquo;instauration de la d\u00e9mocratie en C\u00f4te d&rsquo;Ivoire et permis au FPI de rester debout, malgr\u00e9 les tribulations.<\/div>\n<div><\/div>\n<div>Le moment fort de cette c\u00e9r\u00e9monie tant entendue a \u00e9t\u00e9 l&rsquo;allocution du pr\u00e9sident AFFI.C&rsquo;est devant une mobilisation exceptionnelle des militantes, sympathisantes et pr\u00e9sidentes d&rsquo;associations que le leader du FPI s&rsquo;est exprim\u00e9 sur le th\u00e8me d\u00e9di\u00e9 \u00e0 cette rencontre : &lt;&lt; Pour toutes les femmes et les filles : Droits, \u00e9galit\u00e9 et autonomisation&gt;&gt;. Dans son discours, AFFI N&rsquo;GUESSAN PASCAL a d\u00e9voil\u00e9 un pan de son programme de gouvernement sur l&rsquo;axe de l&#8217;emploi. Il a promis une fois \u00e0 la t\u00eate de son pays d&rsquo;ex\u00e9cuter un programme de l&#8217;emploi, notamment :&lt;&lt; Le travail pour tous, tous pour le travail&gt;&gt;. Il s&rsquo;agira dans ce programme de mettre les enfants, les jeunes et les femmes au travail.<\/div>\n<div>Pour la gente f\u00e9minine, cela consistera selon \u00a0\u00bb le lion du Moronou\u00a0\u00bb, d&rsquo;apporter une aide aux femmes en termes d&rsquo;\u00e9ducation, d&rsquo;alphab\u00e9tisation et de leur permettre faire conna\u00eetre leurs droits \u00e0 travers les Institutions de formation et d&rsquo;\u00e9ducation f\u00e9minine (IFEF), dont le nombre va conna\u00eetre une augmentation.<\/div>\n<div>Il aussi fait la promesse de cr\u00e9er la banque des femmes, pour celles-ci qui constituent plus de 50% de la population ivoirienne et qui auront acc\u00e8s au cr\u00e9dit pour le financement de leurs projets et ainsi les sortir de la pr\u00e9carit\u00e9. Pour objectif, leur participation au d\u00e9veloppement du pays.<\/div>\n<div>&lt;&lt; Si les femmes ne travaillent pas , c&rsquo;est comme si la c\u00f4te d&rsquo;ivoire marche sur un pied.Il y a un seul pied qui produit de l&rsquo;argent, un seul pied qui s&rsquo;occupe de la famille. Est-ce que avec un seul pied tu peux aller loin ? Il faut que la c\u00f4te d&rsquo;ivoire marche sur ses deux pieds.Et il faut renforcer le pied de la dans l&rsquo;int\u00e9r\u00eat du d\u00e9veloppement du pays et du monde&gt;&gt;<\/div>\n<div>Pour la pr\u00e9sidentielle de 2025, AFFI s&rsquo;est pr\u00e9sent\u00e9 comme \u00e9tant le pont entre l&rsquo;ancienne g\u00e9n\u00e9ration d&rsquo;homme politique et la nouvelle. Il se dit donc pr\u00eat \u00e0 assurer cette transition g\u00e9n\u00e9rationnelle et remettre le pays sur les rails de la paix, de la d\u00e9mocratie et du d\u00e9veloppement.<\/div>\n<div><\/div>\n<div>Signalons que la r\u00e9gion politique h\u00f4te de cette c\u00e9l\u00e9bration des femmes, est le conseil politique r\u00e9gional (CPR), Abidjan 2A ( Abobo -Anyama, dirig\u00e9 par le Vice-pr\u00e9sident Konin Jean Marie, qui s&rsquo;est dit fier d&rsquo;avoir gagn\u00e9 le d\u00e9fi de la mobilisation et dit travailler, afin que Abobo -Anyama soient des bastions de son parti.<\/div>\n<div><\/div>\n<div>ST\u00c8VE GUEDE<\/div>\n","protected":false},"excerpt":{"rendered":"<p>&nbsp; Accompagn\u00e9 de son \u00e9pouse, Angeline Kili, le Pr\u00e9sident du front populaire ivoirien (FPI), le premier ministre Affi N&rsquo;Guessan pascal \u00e9tait en communion avec les femmes, le samedi 15 mars dernier, au stade de la SOGEPHIA D&rsquo;ABOBO. Le candidat d\u00e9clar\u00e9 \u00e0 la pr\u00e9sidentielle d&rsquo;octobre 2025, en C\u00f4te d&rsquo;Ivoire \u00e9tait dans cette commune D&rsquo;ABOBO, \u00e0 l&rsquo;occasion [&hellip;]<\/p>\n","protected":false},"author":2,"featured_media":7141,"comment_status":"closed","ping_status":"closed","sticky":false,"template":"","format":"standard","meta":{"_acf_changed":false,"footnotes":""},"categories":[],"tags":[],"class_list":["post-7140","post","type-post","status-publish","format-standard","has-post-thumbnail","hentry"],"acf":[],"yoast_head":"<!-- This site is optimized with the Yoast SEO plugin v27.5 - https:\/\/yoast.com\/product\/yoast-seo-wordpress\/ -->\n<title>FPI\/ COMM\u00c9MORATION DE LA JOURN\u00c9E INTERNATIONALE DES DROITS DES FEMMES :AFFI N&#039;GUESSAN ET LES FEMMES EN SYMBIOSE\u00a0 - Amanien| L&#039;actualit\u00e9 Ivoirienne et Internationale<\/title>\n<meta name=\"robots\" content=\"index, follow, max-snippet:-1, max-image-preview:large, max-video-preview:-1\" \/>\n<link rel=\"canonical\" href=\"https:\/\/www.amanien.info\/news\/fpi-commemoration-de-la-journee-internationale-des-droits-des-femmes-affi-nguessan-et-les-femmes-en-symbiose\/\" \/>\n<meta property=\"og:locale\" content=\"fr_FR\" \/>\n<meta property=\"og:type\" content=\"article\" \/>\n<meta property=\"og:title\" content=\"FPI\/ COMM\u00c9MORATION DE LA JOURN\u00c9E INTERNATIONALE DES DROITS DES FEMMES :AFFI N&#039;GUESSAN ET LES FEMMES EN SYMBIOSE\u00a0 - Amanien| L&#039;actualit\u00e9 Ivoirienne et Internationale\" \/>\n<meta property=\"og:description\" content=\"&nbsp; Accompagn\u00e9 de son \u00e9pouse, Angeline Kili, le Pr\u00e9sident du front populaire ivoirien (FPI), le premier ministre Affi N&rsquo;Guessan pascal \u00e9tait en communion avec les femmes, le samedi 15 mars dernier, au stade de la SOGEPHIA D&rsquo;ABOBO. Le candidat d\u00e9clar\u00e9 \u00e0 la pr\u00e9sidentielle d&rsquo;octobre 2025, en C\u00f4te d&rsquo;Ivoire \u00e9tait dans cette commune D&rsquo;ABOBO, \u00e0 l&rsquo;occasion [&hellip;]\" \/>\n<meta property=\"og:url\" content=\"https:\/\/www.amanien.info\/news\/fpi-commemoration-de-la-journee-internationale-des-droits-des-femmes-affi-nguessan-et-les-femmes-en-symbiose\/\" \/>\n<meta property=\"og:site_name\" content=\"Amanien| L&#039;actualit\u00e9 Ivoirienne et Internationale\" \/>\n<meta property=\"article:published_time\" content=\"2025-03-16T22:44:36+00:00\" \/>\n<meta property=\"og:image\" content=\"https:\/\/www.amanien.info\/news\/wp-content\/uploads\/2025\/03\/IMG-20250315-WA0079.jpg\" \/>\n\t<meta property=\"og:image:width\" content=\"1600\" \/>\n\t<meta property=\"og:image:height\" content=\"1066\" \/>\n\t<meta property=\"og:image:type\" content=\"image\/jpeg\" \/>\n<meta name=\"author\" content=\"Germain Ndri\" \/>\n<meta name=\"twitter:card\" content=\"summary_large_image\" \/>\n<meta name=\"twitter:label1\" content=\"\u00c9crit par\" \/>\n\t<meta name=\"twitter:data1\" content=\"Germain Ndri\" \/>\n\t<meta name=\"twitter:label2\" content=\"Dur\u00e9e de lecture estim\u00e9e\" \/>\n\t<meta name=\"twitter:data2\" content=\"3 minutes\" \/>\n<script type=\"application\/ld+json\" class=\"yoast-schema-graph\">{\"@context\":\"https:\\\/\\\/schema.org\",\"@graph\":[{\"@type\":\"Article\",\"@id\":\"https:\\\/\\\/www.amanien.info\\\/news\\\/fpi-commemoration-de-la-journee-internationale-des-droits-des-femmes-affi-nguessan-et-les-femmes-en-symbiose\\\/#article\",\"isPartOf\":{\"@id\":\"https:\\\/\\\/www.amanien.info\\\/news\\\/fpi-commemoration-de-la-journee-internationale-des-droits-des-femmes-affi-nguessan-et-les-femmes-en-symbiose\\\/\"},\"author\":{\"name\":\"Germain Ndri\",\"@id\":\"https:\\\/\\\/www.amanien.info\\\/news\\\/#\\\/schema\\\/person\\\/b21093345753a1a98242d505bd894f42\"},\"headline\":\"FPI\\\/ COMM\u00c9MORATION DE LA JOURN\u00c9E INTERNATIONALE DES DROITS DES FEMMES :AFFI N&rsquo;GUESSAN ET LES FEMMES EN SYMBIOSE\u00a0\",\"datePublished\":\"2025-03-16T22:44:36+00:00\",\"mainEntityOfPage\":{\"@id\":\"https:\\\/\\\/www.amanien.info\\\/news\\\/fpi-commemoration-de-la-journee-internationale-des-droits-des-femmes-affi-nguessan-et-les-femmes-en-symbiose\\\/\"},\"wordCount\":607,\"image\":{\"@id\":\"https:\\\/\\\/www.amanien.info\\\/news\\\/fpi-commemoration-de-la-journee-internationale-des-droits-des-femmes-affi-nguessan-et-les-femmes-en-symbiose\\\/#primaryimage\"},\"thumbnailUrl\":\"https:\\\/\\\/www.amanien.info\\\/news\\\/wp-content\\\/uploads\\\/2025\\\/03\\\/IMG-20250315-WA0079.jpg\",\"inLanguage\":\"fr-FR\"},{\"@type\":\"WebPage\",\"@id\":\"https:\\\/\\\/www.amanien.info\\\/news\\\/fpi-commemoration-de-la-journee-internationale-des-droits-des-femmes-affi-nguessan-et-les-femmes-en-symbiose\\\/\",\"url\":\"https:\\\/\\\/www.amanien.info\\\/news\\\/fpi-commemoration-de-la-journee-internationale-des-droits-des-femmes-affi-nguessan-et-les-femmes-en-symbiose\\\/\",\"name\":\"FPI\\\/ COMM\u00c9MORATION DE LA JOURN\u00c9E INTERNATIONALE DES DROITS DES FEMMES :AFFI N'GUESSAN ET LES FEMMES EN SYMBIOSE\u00a0 - Amanien| L&#039;actualit\u00e9 Ivoirienne et Internationale\",\"isPartOf\":{\"@id\":\"https:\\\/\\\/www.amanien.info\\\/news\\\/#website\"},\"primaryImageOfPage\":{\"@id\":\"https:\\\/\\\/www.amanien.info\\\/news\\\/fpi-commemoration-de-la-journee-internationale-des-droits-des-femmes-affi-nguessan-et-les-femmes-en-symbiose\\\/#primaryimage\"},\"image\":{\"@id\":\"https:\\\/\\\/www.amanien.info\\\/news\\\/fpi-commemoration-de-la-journee-internationale-des-droits-des-femmes-affi-nguessan-et-les-femmes-en-symbiose\\\/#primaryimage\"},\"thumbnailUrl\":\"https:\\\/\\\/www.amanien.info\\\/news\\\/wp-content\\\/uploads\\\/2025\\\/03\\\/IMG-20250315-WA0079.jpg\",\"datePublished\":\"2025-03-16T22:44:36+00:00\",\"author\":{\"@id\":\"https:\\\/\\\/www.amanien.info\\\/news\\\/#\\\/schema\\\/person\\\/b21093345753a1a98242d505bd894f42\"},\"breadcrumb\":{\"@id\":\"https:\\\/\\\/www.amanien.info\\\/news\\\/fpi-commemoration-de-la-journee-internationale-des-droits-des-femmes-affi-nguessan-et-les-femmes-en-symbiose\\\/#breadcrumb\"},\"inLanguage\":\"fr-FR\",\"potentialAction\":[{\"@type\":\"ReadAction\",\"target\":[\"https:\\\/\\\/www.amanien.info\\\/news\\\/fpi-commemoration-de-la-journee-internationale-des-droits-des-femmes-affi-nguessan-et-les-femmes-en-symbiose\\\/\"]}]},{\"@type\":\"ImageObject\",\"inLanguage\":\"fr-FR\",\"@id\":\"https:\\\/\\\/www.amanien.info\\\/news\\\/fpi-commemoration-de-la-journee-internationale-des-droits-des-femmes-affi-nguessan-et-les-femmes-en-symbiose\\\/#primaryimage\",\"url\":\"https:\\\/\\\/www.amanien.info\\\/news\\\/wp-content\\\/uploads\\\/2025\\\/03\\\/IMG-20250315-WA0079.jpg\",\"contentUrl\":\"https:\\\/\\\/www.amanien.info\\\/news\\\/wp-content\\\/uploads\\\/2025\\\/03\\\/IMG-20250315-WA0079.jpg\",\"width\":1600,\"height\":1066},{\"@type\":\"BreadcrumbList\",\"@id\":\"https:\\\/\\\/www.amanien.info\\\/news\\\/fpi-commemoration-de-la-journee-internationale-des-droits-des-femmes-affi-nguessan-et-les-femmes-en-symbiose\\\/#breadcrumb\",\"itemListElement\":[{\"@type\":\"ListItem\",\"position\":1,\"name\":\"Accueil\",\"item\":\"https:\\\/\\\/www.amanien.info\\\/news\\\/\"},{\"@type\":\"ListItem\",\"position\":2,\"name\":\"FPI\\\/ COMM\u00c9MORATION DE LA JOURN\u00c9E INTERNATIONALE DES DROITS DES FEMMES :AFFI N&rsquo;GUESSAN ET LES FEMMES EN SYMBIOSE\u00a0\"}]},{\"@type\":\"WebSite\",\"@id\":\"https:\\\/\\\/www.amanien.info\\\/news\\\/#website\",\"url\":\"https:\\\/\\\/www.amanien.info\\\/news\\\/\",\"name\":\"Amanien| L&#039;actualit\u00e9 Ivoirienne et Internationale\",\"description\":\"L&#039;actualit\u00e9 Ivoirienne et Internationale\",\"potentialAction\":[{\"@type\":\"SearchAction\",\"target\":{\"@type\":\"EntryPoint\",\"urlTemplate\":\"https:\\\/\\\/www.amanien.info\\\/news\\\/?s={search_term_string}\"},\"query-input\":{\"@type\":\"PropertyValueSpecification\",\"valueRequired\":true,\"valueName\":\"search_term_string\"}}],\"inLanguage\":\"fr-FR\"},{\"@type\":\"Person\",\"@id\":\"https:\\\/\\\/www.amanien.info\\\/news\\\/#\\\/schema\\\/person\\\/b21093345753a1a98242d505bd894f42\",\"name\":\"Germain Ndri\",\"url\":\"https:\\\/\\\/www.amanien.info\\\/news\\\/author\\\/amanien-infos\\\/\"}]}<\/script>\n<!-- \/ Yoast SEO plugin. -->","yoast_head_json":{"title":"FPI\/ COMM\u00c9MORATION DE LA JOURN\u00c9E INTERNATIONALE DES DROITS DES FEMMES :AFFI N'GUESSAN ET LES FEMMES EN SYMBIOSE\u00a0 - Amanien| L&#039;actualit\u00e9 Ivoirienne et Internationale","robots":{"index":"index","follow":"follow","max-snippet":"max-snippet:-1","max-image-preview":"max-image-preview:large","max-video-preview":"max-video-preview:-1"},"canonical":"https:\/\/www.amanien.info\/news\/fpi-commemoration-de-la-journee-internationale-des-droits-des-femmes-affi-nguessan-et-les-femmes-en-symbiose\/","og_locale":"fr_FR","og_type":"article","og_title":"FPI\/ COMM\u00c9MORATION DE LA JOURN\u00c9E INTERNATIONALE DES DROITS DES FEMMES :AFFI N'GUESSAN ET LES FEMMES EN SYMBIOSE\u00a0 - Amanien| L&#039;actualit\u00e9 Ivoirienne et Internationale","og_description":"&nbsp; Accompagn\u00e9 de son \u00e9pouse, Angeline Kili, le Pr\u00e9sident du front populaire ivoirien (FPI), le premier ministre Affi N&rsquo;Guessan pascal \u00e9tait en communion avec les femmes, le samedi 15 mars dernier, au stade de la SOGEPHIA D&rsquo;ABOBO. Le candidat d\u00e9clar\u00e9 \u00e0 la pr\u00e9sidentielle d&rsquo;octobre 2025, en C\u00f4te d&rsquo;Ivoire \u00e9tait dans cette commune D&rsquo;ABOBO, \u00e0 l&rsquo;occasion [&hellip;]","og_url":"https:\/\/www.amanien.info\/news\/fpi-commemoration-de-la-journee-internationale-des-droits-des-femmes-affi-nguessan-et-les-femmes-en-symbiose\/","og_site_name":"Amanien| L&#039;actualit\u00e9 Ivoirienne et Internationale","article_published_time":"2025-03-16T22:44:36+00:00","og_image":[{"width":1600,"height":1066,"url":"https:\/\/www.amanien.info\/news\/wp-content\/uploads\/2025\/03\/IMG-20250315-WA0079.jpg","type":"image\/jpeg"}],"author":"Germain Ndri","twitter_card":"summary_large_image","twitter_misc":{"\u00c9crit par":"Germain Ndri","Dur\u00e9e de lecture estim\u00e9e":"3 minutes"},"schema":{"@context":"https:\/\/schema.org","@graph":[{"@type":"Article","@id":"https:\/\/www.amanien.info\/news\/fpi-commemoration-de-la-journee-internationale-des-droits-des-femmes-affi-nguessan-et-les-femmes-en-symbiose\/#article","isPartOf":{"@id":"https:\/\/www.amanien.info\/news\/fpi-commemoration-de-la-journee-internationale-des-droits-des-femmes-affi-nguessan-et-les-femmes-en-symbiose\/"},"author":{"name":"Germain Ndri","@id":"https:\/\/www.amanien.info\/news\/#\/schema\/person\/b21093345753a1a98242d505bd894f42"},"headline":"FPI\/ COMM\u00c9MORATION DE LA JOURN\u00c9E INTERNATIONALE DES DROITS DES FEMMES :AFFI N&rsquo;GUESSAN ET LES FEMMES EN SYMBIOSE\u00a0","datePublished":"2025-03-16T22:44:36+00:00","mainEntityOfPage":{"@id":"https:\/\/www.amanien.info\/news\/fpi-commemoration-de-la-journee-internationale-des-droits-des-femmes-affi-nguessan-et-les-femmes-en-symbiose\/"},"wordCount":607,"image":{"@id":"https:\/\/www.amanien.info\/news\/fpi-commemoration-de-la-journee-internationale-des-droits-des-femmes-affi-nguessan-et-les-femmes-en-symbiose\/#primaryimage"},"thumbnailUrl":"https:\/\/www.amanien.info\/news\/wp-content\/uploads\/2025\/03\/IMG-20250315-WA0079.jpg","inLanguage":"fr-FR"},{"@type":"WebPage","@id":"https:\/\/www.amanien.info\/news\/fpi-commemoration-de-la-journee-internationale-des-droits-des-femmes-affi-nguessan-et-les-femmes-en-symbiose\/","url":"https:\/\/www.amanien.info\/news\/fpi-commemoration-de-la-journee-internationale-des-droits-des-femmes-affi-nguessan-et-les-femmes-en-symbiose\/","name":"FPI\/ COMM\u00c9MORATION DE LA JOURN\u00c9E INTERNATIONALE DES DROITS DES FEMMES :AFFI N'GUESSAN ET LES FEMMES EN SYMBIOSE\u00a0 - Amanien| L&#039;actualit\u00e9 Ivoirienne et Internationale","isPartOf":{"@id":"https:\/\/www.amanien.info\/news\/#website"},"primaryImageOfPage":{"@id":"https:\/\/www.amanien.info\/news\/fpi-commemoration-de-la-journee-internationale-des-droits-des-femmes-affi-nguessan-et-les-femmes-en-symbiose\/#primaryimage"},"image":{"@id":"https:\/\/www.amanien.info\/news\/fpi-commemoration-de-la-journee-internationale-des-droits-des-femmes-affi-nguessan-et-les-femmes-en-symbiose\/#primaryimage"},"thumbnailUrl":"https:\/\/www.amanien.info\/news\/wp-content\/uploads\/2025\/03\/IMG-20250315-WA0079.jpg","datePublished":"2025-03-16T22:44:36+00:00","author":{"@id":"https:\/\/www.amanien.info\/news\/#\/schema\/person\/b21093345753a1a98242d505bd894f42"},"breadcrumb":{"@id":"https:\/\/www.amanien.info\/news\/fpi-commemoration-de-la-journee-internationale-des-droits-des-femmes-affi-nguessan-et-les-femmes-en-symbiose\/#breadcrumb"},"inLanguage":"fr-FR","potentialAction":[{"@type":"ReadAction","target":["https:\/\/www.amanien.info\/news\/fpi-commemoration-de-la-journee-internationale-des-droits-des-femmes-affi-nguessan-et-les-femmes-en-symbiose\/"]}]},{"@type":"ImageObject","inLanguage":"fr-FR","@id":"https:\/\/www.amanien.info\/news\/fpi-commemoration-de-la-journee-internationale-des-droits-des-femmes-affi-nguessan-et-les-femmes-en-symbiose\/#primaryimage","url":"https:\/\/www.amanien.info\/news\/wp-content\/uploads\/2025\/03\/IMG-20250315-WA0079.jpg","contentUrl":"https:\/\/www.amanien.info\/news\/wp-content\/uploads\/2025\/03\/IMG-20250315-WA0079.jpg","width":1600,"height":1066},{"@type":"BreadcrumbList","@id":"https:\/\/www.amanien.info\/news\/fpi-commemoration-de-la-journee-internationale-des-droits-des-femmes-affi-nguessan-et-les-femmes-en-symbiose\/#breadcrumb","itemListElement":[{"@type":"ListItem","position":1,"name":"Accueil","item":"https:\/\/www.amanien.info\/news\/"},{"@type":"ListItem","position":2,"name":"FPI\/ COMM\u00c9MORATION DE LA JOURN\u00c9E INTERNATIONALE DES DROITS DES FEMMES :AFFI N&rsquo;GUESSAN ET LES FEMMES EN SYMBIOSE\u00a0"}]},{"@type":"WebSite","@id":"https:\/\/www.amanien.info\/news\/#website","url":"https:\/\/www.amanien.info\/news\/","name":"Amanien| L&#039;actualit\u00e9 Ivoirienne et Internationale","description":"L&#039;actualit\u00e9 Ivoirienne et Internationale","potentialAction":[{"@type":"SearchAction","target":{"@type":"EntryPoint","urlTemplate":"https:\/\/www.amanien.info\/news\/?s={search_term_string}"},"query-input":{"@type":"PropertyValueSpecification","valueRequired":true,"valueName":"search_term_string"}}],"inLanguage":"fr-FR"},{"@type":"Person","@id":"https:\/\/www.amanien.info\/news\/#\/schema\/person\/b21093345753a1a98242d505bd894f42","name":"Germain Ndri","url":"https:\/\/www.amanien.info\/news\/author\/amanien-infos\/"}]}},"_links":{"self":[{"href":"https:\/\/www.amanien.info\/news\/wp-json\/wp\/v2\/posts\/7140","targetHints":{"allow":["GET"]}}],"collection":[{"href":"https:\/\/www.amanien.info\/news\/wp-json\/wp\/v2\/posts"}],"about":[{"href":"https:\/\/www.amanien.info\/news\/wp-json\/wp\/v2\/types\/post"}],"author":[{"embeddable":true,"href":"https:\/\/www.amanien.info\/news\/wp-json\/wp\/v2\/users\/2"}],"replies":[{"embeddable":true,"href":"https:\/\/www.amanien.info\/news\/wp-json\/wp\/v2\/comments?post=7140"}],"version-history":[{"count":1,"href":"https:\/\/www.amanien.info\/news\/wp-json\/wp\/v2\/posts\/7140\/revisions"}],"predecessor-version":[{"id":7142,"href":"https:\/\/www.amanien.info\/news\/wp-json\/wp\/v2\/posts\/7140\/revisions\/7142"}],"wp:featuredmedia":[{"embeddable":true,"href":"https:\/\/www.amanien.info\/news\/wp-json\/wp\/v2\/media\/7141"}],"wp:attachment":[{"href":"https:\/\/www.amanien.info\/news\/wp-json\/wp\/v2\/media?parent=7140"}],"wp:term":[{"taxonomy":"category","embeddable":true,"href":"https:\/\/www.amanien.info\/news\/wp-json\/wp\/v2\/categories?post=7140"},{"taxonomy":"post_tag","embeddable":true,"href":"https:\/\/www.amanien.info\/news\/wp-json\/wp\/v2\/tags?post=7140"}],"curies":[{"name":"wp","href":"https:\/\/api.w.org\/{rel}","templated":true}]}}