{"id":7130,"date":"2025-03-10T17:57:13","date_gmt":"2025-03-10T17:57:13","guid":{"rendered":"https:\/\/www.amanien.info\/news\/?p=7130"},"modified":"2025-03-10T17:57:13","modified_gmt":"2025-03-10T17:57:13","slug":"eliminatoires-du-mondial-2026-zone-afrique-emerse-fae-devoile-une-liste-de-23-elephants-sans-seko-fofana","status":"publish","type":"post","link":"https:\/\/www.amanien.info\/news\/eliminatoires-du-mondial-2026-zone-afrique-emerse-fae-devoile-une-liste-de-23-elephants-sans-seko-fofana\/","title":{"rendered":"\u00c9liminatoires du mondial 2026 Zone Afrique : Emerse FAE d\u00e9voile une liste de 23 \u00e9l\u00e9phants sans S\u00e9ko Fofana"},"content":{"rendered":"<div><span style=\"text-transform: initial;\">Le s\u00e9lectionneur de l&rsquo;\u00e9quipe A de C\u00f4te d&rsquo;Ivoire,\u00a0 Ermese Fa\u00e9 a d\u00e9voil\u00e9, ce lundi 10 mars 2025 \u00e0 la salle de conf\u00e9rence du stade F\u00e9lix Houphouet Boigny d&rsquo;Abidjan-Plateau, la liste des \u00e9l\u00e9phants(23 au total ) convoqu\u00e9s pour les cinqui\u00e8me et sixi\u00e8me journ\u00e9es des \u00e9liminatoires de la coupe du Monde \u00c9tats-Unis-Mexique-Canada 2026.\u00a0<\/span><\/div>\n<div><\/div>\n<div>Parmi ces joueurs convoqu\u00e9s par le coach ivoirien, Emerse FAE, le milieu de terrain S\u00e9ko Fofana, qui a sign\u00e9 \u00e0 Rennes (France) lors du mercato hivernal, est absent.<\/div>\n<div><\/div>\n<div>Nous vous proposons l&rsquo;int\u00e9gralit\u00e9 des 23 \u00e9l\u00e9phants convoqu\u00e9s, compos\u00e9s de 03 gardiens de but, 09 d\u00e9fenseurs, 05 milieux de terrain et 07 attaquants :<\/div>\n<div><\/div>\n<div><b>Gardiens:\u00a0<\/b><\/div>\n<div><\/div>\n<div>\u00a0 &#8211; Yahia Fofana<\/div>\n<div><\/div>\n<div>\u00a0 &#8211; Badra Ali Sangar\u00e9<\/div>\n<div><\/div>\n<div>\u00a0 &#8211; Mohamed Kon\u00e9<\/div>\n<div><\/div>\n<div><\/div>\n<div><\/div>\n<div><b>D\u00e9fenseurs:\u00a0<\/b><\/div>\n<div><\/div>\n<div>\u00a0 &#8211; Willy Boly<\/div>\n<div><\/div>\n<div>\u00a0 &#8211; Clement Akpa<\/div>\n<div><\/div>\n<div>\u00a0 &#8211; Ousmane Diomande<\/div>\n<div><\/div>\n<div>\u00a0 &#8211; Evan Ndicka<\/div>\n<div><\/div>\n<div>\u00a0 &#8211; Guela Dou\u00e9<\/div>\n<div><\/div>\n<div>\u00a0 &#8211; Hassane Camara<\/div>\n<div><\/div>\n<div>\u00a0 &#8211; Wilfried Singo<\/div>\n<div><\/div>\n<div>\u00a0 &#8211; Emmanuel Agbadou<\/div>\n<div><\/div>\n<div><\/div>\n<div><\/div>\n<div><b>Milieux<\/b>\u00a0<b>de<\/b>\u00a0<b>terrain :<\/b><\/div>\n<div><\/div>\n<div>\u00a0 &#8211; Franck Kessi\u00e9<\/div>\n<div><\/div>\n<div>\u00a0 &#8211; Jean-Eudes Aholou<\/div>\n<div><\/div>\n<div>\u00a0 &#8211; Jean Philippe Gbamin<\/div>\n<div><\/div>\n<div>\u00a0 &#8211; Ibrahim Sangar\u00e9<\/div>\n<div><\/div>\n<div>\u00a0 &#8211; Hamed Traor\u00e9<\/div>\n<div><\/div>\n<div><\/div>\n<div><\/div>\n<div>\u00a0<b>Attaquants :\u00a0<\/b><\/div>\n<div><\/div>\n<div>\u00a0 &#8211; S\u00e9bastien Haller<\/div>\n<div><\/div>\n<div>\u00a0 &#8211; Bayo Vakoun<\/div>\n<div><\/div>\n<div>\u00a0 &#8211; Evann Guessand<\/div>\n<div><\/div>\n<div>\u00a0 &#8211; Oumar Diakit\u00e9<\/div>\n<div><\/div>\n<div>\u00a0 &#8211; Jean Philippe Krasso<\/div>\n<div><\/div>\n<div>\u00a0 &#8211; Nicolas P\u00e9p\u00e9<\/div>\n<div><\/div>\n<div>\u00a0 &#8211; Simon Adingra<\/div>\n<div><\/div>\n<div><\/div>\n<div>Pour rappel, la C\u00f4te d&rsquo;Ivoire affrontera le Burundi le 21 mars au Stade Mekn\u00e8s du Maroc \u00e0 19h00, heure locale et recevra la Gambie le 24 mars au stade FHB d&rsquo;Abidjan-Plateau \u00e0 19h00.<\/div>\n<div><\/div>\n<div>Leader de son groupe, la C\u00f4te d&rsquo;Ivoire totalise, \u00e0 l&rsquo;issue des quatre premi\u00e8res journ\u00e9es de ces qualifs du mondial 2026, 10 points.<\/div>\n<div><\/div>\n<div><\/div>\n<div><b>S.A.\u00a0<\/b><\/div>\n<div><\/div>\n<div><\/div>\n","protected":false},"excerpt":{"rendered":"<p>Le s\u00e9lectionneur de l&rsquo;\u00e9quipe A de C\u00f4te d&rsquo;Ivoire,\u00a0 Ermese Fa\u00e9 a d\u00e9voil\u00e9, ce lundi 10 mars 2025 \u00e0 la salle de conf\u00e9rence du stade F\u00e9lix Houphouet Boigny d&rsquo;Abidjan-Plateau, la liste des \u00e9l\u00e9phants(23 au total ) convoqu\u00e9s pour les cinqui\u00e8me et sixi\u00e8me journ\u00e9es des \u00e9liminatoires de la coupe du Monde \u00c9tats-Unis-Mexique-Canada 2026.\u00a0 Parmi ces joueurs convoqu\u00e9s [&hellip;]<\/p>\n","protected":false},"author":2,"featured_media":7131,"comment_status":"closed","ping_status":"closed","sticky":false,"template":"","format":"standard","meta":{"_acf_changed":false,"footnotes":""},"categories":[4],"tags":[],"class_list":["post-7130","post","type-post","status-publish","format-standard","has-post-thumbnail","hentry","category-sport"],"acf":[],"yoast_head":"<!-- This site is optimized with the Yoast SEO plugin v27.5 - https:\/\/yoast.com\/product\/yoast-seo-wordpress\/ -->\n<title>\u00c9liminatoires du mondial 2026 Zone Afrique : Emerse FAE d\u00e9voile une liste de 23 \u00e9l\u00e9phants sans S\u00e9ko Fofana - Amanien| L&#039;actualit\u00e9 Ivoirienne et Internationale<\/title>\n<meta name=\"robots\" content=\"index, follow, max-snippet:-1, max-image-preview:large, max-video-preview:-1\" \/>\n<link rel=\"canonical\" href=\"https:\/\/www.amanien.info\/news\/eliminatoires-du-mondial-2026-zone-afrique-emerse-fae-devoile-une-liste-de-23-elephants-sans-seko-fofana\/\" \/>\n<meta property=\"og:locale\" content=\"fr_FR\" \/>\n<meta property=\"og:type\" content=\"article\" \/>\n<meta property=\"og:title\" content=\"\u00c9liminatoires du mondial 2026 Zone Afrique : Emerse FAE d\u00e9voile une liste de 23 \u00e9l\u00e9phants sans S\u00e9ko Fofana - Amanien| L&#039;actualit\u00e9 Ivoirienne et Internationale\" \/>\n<meta property=\"og:description\" content=\"Le s\u00e9lectionneur de l&rsquo;\u00e9quipe A de C\u00f4te d&rsquo;Ivoire,\u00a0 Ermese Fa\u00e9 a d\u00e9voil\u00e9, ce lundi 10 mars 2025 \u00e0 la salle de conf\u00e9rence du stade F\u00e9lix Houphouet Boigny d&rsquo;Abidjan-Plateau, la liste des \u00e9l\u00e9phants(23 au total ) convoqu\u00e9s pour les cinqui\u00e8me et sixi\u00e8me journ\u00e9es des \u00e9liminatoires de la coupe du Monde \u00c9tats-Unis-Mexique-Canada 2026.\u00a0 Parmi ces joueurs convoqu\u00e9s [&hellip;]\" \/>\n<meta property=\"og:url\" content=\"https:\/\/www.amanien.info\/news\/eliminatoires-du-mondial-2026-zone-afrique-emerse-fae-devoile-une-liste-de-23-elephants-sans-seko-fofana\/\" \/>\n<meta property=\"og:site_name\" content=\"Amanien| L&#039;actualit\u00e9 Ivoirienne et Internationale\" \/>\n<meta property=\"article:published_time\" content=\"2025-03-10T17:57:13+00:00\" \/>\n<meta property=\"og:image\" content=\"https:\/\/www.amanien.info\/news\/wp-content\/uploads\/2025\/03\/IMG-20250310-WA0167.jpg\" \/>\n\t<meta property=\"og:image:width\" content=\"448\" \/>\n\t<meta property=\"og:image:height\" content=\"319\" \/>\n\t<meta property=\"og:image:type\" content=\"image\/jpeg\" \/>\n<meta name=\"author\" content=\"Germain Ndri\" \/>\n<meta name=\"twitter:card\" content=\"summary_large_image\" \/>\n<meta name=\"twitter:label1\" content=\"\u00c9crit par\" \/>\n\t<meta name=\"twitter:data1\" content=\"Germain Ndri\" \/>\n\t<meta name=\"twitter:label2\" content=\"Dur\u00e9e de lecture estim\u00e9e\" \/>\n\t<meta name=\"twitter:data2\" content=\"2 minutes\" \/>\n<script type=\"application\/ld+json\" class=\"yoast-schema-graph\">{\"@context\":\"https:\\\/\\\/schema.org\",\"@graph\":[{\"@type\":\"Article\",\"@id\":\"https:\\\/\\\/www.amanien.info\\\/news\\\/eliminatoires-du-mondial-2026-zone-afrique-emerse-fae-devoile-une-liste-de-23-elephants-sans-seko-fofana\\\/#article\",\"isPartOf\":{\"@id\":\"https:\\\/\\\/www.amanien.info\\\/news\\\/eliminatoires-du-mondial-2026-zone-afrique-emerse-fae-devoile-une-liste-de-23-elephants-sans-seko-fofana\\\/\"},\"author\":{\"name\":\"Germain Ndri\",\"@id\":\"https:\\\/\\\/www.amanien.info\\\/news\\\/#\\\/schema\\\/person\\\/b21093345753a1a98242d505bd894f42\"},\"headline\":\"\u00c9liminatoires du mondial 2026 Zone Afrique : Emerse FAE d\u00e9voile une liste de 23 \u00e9l\u00e9phants sans S\u00e9ko Fofana\",\"datePublished\":\"2025-03-10T17:57:13+00:00\",\"mainEntityOfPage\":{\"@id\":\"https:\\\/\\\/www.amanien.info\\\/news\\\/eliminatoires-du-mondial-2026-zone-afrique-emerse-fae-devoile-une-liste-de-23-elephants-sans-seko-fofana\\\/\"},\"wordCount\":270,\"image\":{\"@id\":\"https:\\\/\\\/www.amanien.info\\\/news\\\/eliminatoires-du-mondial-2026-zone-afrique-emerse-fae-devoile-une-liste-de-23-elephants-sans-seko-fofana\\\/#primaryimage\"},\"thumbnailUrl\":\"https:\\\/\\\/www.amanien.info\\\/news\\\/wp-content\\\/uploads\\\/2025\\\/03\\\/IMG-20250310-WA0167.jpg\",\"articleSection\":[\"Sport\"],\"inLanguage\":\"fr-FR\"},{\"@type\":\"WebPage\",\"@id\":\"https:\\\/\\\/www.amanien.info\\\/news\\\/eliminatoires-du-mondial-2026-zone-afrique-emerse-fae-devoile-une-liste-de-23-elephants-sans-seko-fofana\\\/\",\"url\":\"https:\\\/\\\/www.amanien.info\\\/news\\\/eliminatoires-du-mondial-2026-zone-afrique-emerse-fae-devoile-une-liste-de-23-elephants-sans-seko-fofana\\\/\",\"name\":\"\u00c9liminatoires du mondial 2026 Zone Afrique : Emerse FAE d\u00e9voile une liste de 23 \u00e9l\u00e9phants sans S\u00e9ko Fofana - Amanien| L&#039;actualit\u00e9 Ivoirienne et Internationale\",\"isPartOf\":{\"@id\":\"https:\\\/\\\/www.amanien.info\\\/news\\\/#website\"},\"primaryImageOfPage\":{\"@id\":\"https:\\\/\\\/www.amanien.info\\\/news\\\/eliminatoires-du-mondial-2026-zone-afrique-emerse-fae-devoile-une-liste-de-23-elephants-sans-seko-fofana\\\/#primaryimage\"},\"image\":{\"@id\":\"https:\\\/\\\/www.amanien.info\\\/news\\\/eliminatoires-du-mondial-2026-zone-afrique-emerse-fae-devoile-une-liste-de-23-elephants-sans-seko-fofana\\\/#primaryimage\"},\"thumbnailUrl\":\"https:\\\/\\\/www.amanien.info\\\/news\\\/wp-content\\\/uploads\\\/2025\\\/03\\\/IMG-20250310-WA0167.jpg\",\"datePublished\":\"2025-03-10T17:57:13+00:00\",\"author\":{\"@id\":\"https:\\\/\\\/www.amanien.info\\\/news\\\/#\\\/schema\\\/person\\\/b21093345753a1a98242d505bd894f42\"},\"breadcrumb\":{\"@id\":\"https:\\\/\\\/www.amanien.info\\\/news\\\/eliminatoires-du-mondial-2026-zone-afrique-emerse-fae-devoile-une-liste-de-23-elephants-sans-seko-fofana\\\/#breadcrumb\"},\"inLanguage\":\"fr-FR\",\"potentialAction\":[{\"@type\":\"ReadAction\",\"target\":[\"https:\\\/\\\/www.amanien.info\\\/news\\\/eliminatoires-du-mondial-2026-zone-afrique-emerse-fae-devoile-une-liste-de-23-elephants-sans-seko-fofana\\\/\"]}]},{\"@type\":\"ImageObject\",\"inLanguage\":\"fr-FR\",\"@id\":\"https:\\\/\\\/www.amanien.info\\\/news\\\/eliminatoires-du-mondial-2026-zone-afrique-emerse-fae-devoile-une-liste-de-23-elephants-sans-seko-fofana\\\/#primaryimage\",\"url\":\"https:\\\/\\\/www.amanien.info\\\/news\\\/wp-content\\\/uploads\\\/2025\\\/03\\\/IMG-20250310-WA0167.jpg\",\"contentUrl\":\"https:\\\/\\\/www.amanien.info\\\/news\\\/wp-content\\\/uploads\\\/2025\\\/03\\\/IMG-20250310-WA0167.jpg\",\"width\":448,\"height\":319},{\"@type\":\"BreadcrumbList\",\"@id\":\"https:\\\/\\\/www.amanien.info\\\/news\\\/eliminatoires-du-mondial-2026-zone-afrique-emerse-fae-devoile-une-liste-de-23-elephants-sans-seko-fofana\\\/#breadcrumb\",\"itemListElement\":[{\"@type\":\"ListItem\",\"position\":1,\"name\":\"Accueil\",\"item\":\"https:\\\/\\\/www.amanien.info\\\/news\\\/\"},{\"@type\":\"ListItem\",\"position\":2,\"name\":\"\u00c9liminatoires du mondial 2026 Zone Afrique : Emerse FAE d\u00e9voile une liste de 23 \u00e9l\u00e9phants sans S\u00e9ko Fofana\"}]},{\"@type\":\"WebSite\",\"@id\":\"https:\\\/\\\/www.amanien.info\\\/news\\\/#website\",\"url\":\"https:\\\/\\\/www.amanien.info\\\/news\\\/\",\"name\":\"Amanien| L&#039;actualit\u00e9 Ivoirienne et Internationale\",\"description\":\"L&#039;actualit\u00e9 Ivoirienne et Internationale\",\"potentialAction\":[{\"@type\":\"SearchAction\",\"target\":{\"@type\":\"EntryPoint\",\"urlTemplate\":\"https:\\\/\\\/www.amanien.info\\\/news\\\/?s={search_term_string}\"},\"query-input\":{\"@type\":\"PropertyValueSpecification\",\"valueRequired\":true,\"valueName\":\"search_term_string\"}}],\"inLanguage\":\"fr-FR\"},{\"@type\":\"Person\",\"@id\":\"https:\\\/\\\/www.amanien.info\\\/news\\\/#\\\/schema\\\/person\\\/b21093345753a1a98242d505bd894f42\",\"name\":\"Germain Ndri\",\"url\":\"https:\\\/\\\/www.amanien.info\\\/news\\\/author\\\/amanien-infos\\\/\"}]}<\/script>\n<!-- \/ Yoast SEO plugin. -->","yoast_head_json":{"title":"\u00c9liminatoires du mondial 2026 Zone Afrique : Emerse FAE d\u00e9voile une liste de 23 \u00e9l\u00e9phants sans S\u00e9ko Fofana - Amanien| L&#039;actualit\u00e9 Ivoirienne et Internationale","robots":{"index":"index","follow":"follow","max-snippet":"max-snippet:-1","max-image-preview":"max-image-preview:large","max-video-preview":"max-video-preview:-1"},"canonical":"https:\/\/www.amanien.info\/news\/eliminatoires-du-mondial-2026-zone-afrique-emerse-fae-devoile-une-liste-de-23-elephants-sans-seko-fofana\/","og_locale":"fr_FR","og_type":"article","og_title":"\u00c9liminatoires du mondial 2026 Zone Afrique : Emerse FAE d\u00e9voile une liste de 23 \u00e9l\u00e9phants sans S\u00e9ko Fofana - Amanien| L&#039;actualit\u00e9 Ivoirienne et Internationale","og_description":"Le s\u00e9lectionneur de l&rsquo;\u00e9quipe A de C\u00f4te d&rsquo;Ivoire,\u00a0 Ermese Fa\u00e9 a d\u00e9voil\u00e9, ce lundi 10 mars 2025 \u00e0 la salle de conf\u00e9rence du stade F\u00e9lix Houphouet Boigny d&rsquo;Abidjan-Plateau, la liste des \u00e9l\u00e9phants(23 au total ) convoqu\u00e9s pour les cinqui\u00e8me et sixi\u00e8me journ\u00e9es des \u00e9liminatoires de la coupe du Monde \u00c9tats-Unis-Mexique-Canada 2026.\u00a0 Parmi ces joueurs convoqu\u00e9s [&hellip;]","og_url":"https:\/\/www.amanien.info\/news\/eliminatoires-du-mondial-2026-zone-afrique-emerse-fae-devoile-une-liste-de-23-elephants-sans-seko-fofana\/","og_site_name":"Amanien| L&#039;actualit\u00e9 Ivoirienne et Internationale","article_published_time":"2025-03-10T17:57:13+00:00","og_image":[{"width":448,"height":319,"url":"https:\/\/www.amanien.info\/news\/wp-content\/uploads\/2025\/03\/IMG-20250310-WA0167.jpg","type":"image\/jpeg"}],"author":"Germain Ndri","twitter_card":"summary_large_image","twitter_misc":{"\u00c9crit par":"Germain Ndri","Dur\u00e9e de lecture estim\u00e9e":"2 minutes"},"schema":{"@context":"https:\/\/schema.org","@graph":[{"@type":"Article","@id":"https:\/\/www.amanien.info\/news\/eliminatoires-du-mondial-2026-zone-afrique-emerse-fae-devoile-une-liste-de-23-elephants-sans-seko-fofana\/#article","isPartOf":{"@id":"https:\/\/www.amanien.info\/news\/eliminatoires-du-mondial-2026-zone-afrique-emerse-fae-devoile-une-liste-de-23-elephants-sans-seko-fofana\/"},"author":{"name":"Germain Ndri","@id":"https:\/\/www.amanien.info\/news\/#\/schema\/person\/b21093345753a1a98242d505bd894f42"},"headline":"\u00c9liminatoires du mondial 2026 Zone Afrique : Emerse FAE d\u00e9voile une liste de 23 \u00e9l\u00e9phants sans S\u00e9ko Fofana","datePublished":"2025-03-10T17:57:13+00:00","mainEntityOfPage":{"@id":"https:\/\/www.amanien.info\/news\/eliminatoires-du-mondial-2026-zone-afrique-emerse-fae-devoile-une-liste-de-23-elephants-sans-seko-fofana\/"},"wordCount":270,"image":{"@id":"https:\/\/www.amanien.info\/news\/eliminatoires-du-mondial-2026-zone-afrique-emerse-fae-devoile-une-liste-de-23-elephants-sans-seko-fofana\/#primaryimage"},"thumbnailUrl":"https:\/\/www.amanien.info\/news\/wp-content\/uploads\/2025\/03\/IMG-20250310-WA0167.jpg","articleSection":["Sport"],"inLanguage":"fr-FR"},{"@type":"WebPage","@id":"https:\/\/www.amanien.info\/news\/eliminatoires-du-mondial-2026-zone-afrique-emerse-fae-devoile-une-liste-de-23-elephants-sans-seko-fofana\/","url":"https:\/\/www.amanien.info\/news\/eliminatoires-du-mondial-2026-zone-afrique-emerse-fae-devoile-une-liste-de-23-elephants-sans-seko-fofana\/","name":"\u00c9liminatoires du mondial 2026 Zone Afrique : Emerse FAE d\u00e9voile une liste de 23 \u00e9l\u00e9phants sans S\u00e9ko Fofana - Amanien| L&#039;actualit\u00e9 Ivoirienne et Internationale","isPartOf":{"@id":"https:\/\/www.amanien.info\/news\/#website"},"primaryImageOfPage":{"@id":"https:\/\/www.amanien.info\/news\/eliminatoires-du-mondial-2026-zone-afrique-emerse-fae-devoile-une-liste-de-23-elephants-sans-seko-fofana\/#primaryimage"},"image":{"@id":"https:\/\/www.amanien.info\/news\/eliminatoires-du-mondial-2026-zone-afrique-emerse-fae-devoile-une-liste-de-23-elephants-sans-seko-fofana\/#primaryimage"},"thumbnailUrl":"https:\/\/www.amanien.info\/news\/wp-content\/uploads\/2025\/03\/IMG-20250310-WA0167.jpg","datePublished":"2025-03-10T17:57:13+00:00","author":{"@id":"https:\/\/www.amanien.info\/news\/#\/schema\/person\/b21093345753a1a98242d505bd894f42"},"breadcrumb":{"@id":"https:\/\/www.amanien.info\/news\/eliminatoires-du-mondial-2026-zone-afrique-emerse-fae-devoile-une-liste-de-23-elephants-sans-seko-fofana\/#breadcrumb"},"inLanguage":"fr-FR","potentialAction":[{"@type":"ReadAction","target":["https:\/\/www.amanien.info\/news\/eliminatoires-du-mondial-2026-zone-afrique-emerse-fae-devoile-une-liste-de-23-elephants-sans-seko-fofana\/"]}]},{"@type":"ImageObject","inLanguage":"fr-FR","@id":"https:\/\/www.amanien.info\/news\/eliminatoires-du-mondial-2026-zone-afrique-emerse-fae-devoile-une-liste-de-23-elephants-sans-seko-fofana\/#primaryimage","url":"https:\/\/www.amanien.info\/news\/wp-content\/uploads\/2025\/03\/IMG-20250310-WA0167.jpg","contentUrl":"https:\/\/www.amanien.info\/news\/wp-content\/uploads\/2025\/03\/IMG-20250310-WA0167.jpg","width":448,"height":319},{"@type":"BreadcrumbList","@id":"https:\/\/www.amanien.info\/news\/eliminatoires-du-mondial-2026-zone-afrique-emerse-fae-devoile-une-liste-de-23-elephants-sans-seko-fofana\/#breadcrumb","itemListElement":[{"@type":"ListItem","position":1,"name":"Accueil","item":"https:\/\/www.amanien.info\/news\/"},{"@type":"ListItem","position":2,"name":"\u00c9liminatoires du mondial 2026 Zone Afrique : Emerse FAE d\u00e9voile une liste de 23 \u00e9l\u00e9phants sans S\u00e9ko Fofana"}]},{"@type":"WebSite","@id":"https:\/\/www.amanien.info\/news\/#website","url":"https:\/\/www.amanien.info\/news\/","name":"Amanien| L&#039;actualit\u00e9 Ivoirienne et Internationale","description":"L&#039;actualit\u00e9 Ivoirienne et Internationale","potentialAction":[{"@type":"SearchAction","target":{"@type":"EntryPoint","urlTemplate":"https:\/\/www.amanien.info\/news\/?s={search_term_string}"},"query-input":{"@type":"PropertyValueSpecification","valueRequired":true,"valueName":"search_term_string"}}],"inLanguage":"fr-FR"},{"@type":"Person","@id":"https:\/\/www.amanien.info\/news\/#\/schema\/person\/b21093345753a1a98242d505bd894f42","name":"Germain Ndri","url":"https:\/\/www.amanien.info\/news\/author\/amanien-infos\/"}]}},"_links":{"self":[{"href":"https:\/\/www.amanien.info\/news\/wp-json\/wp\/v2\/posts\/7130","targetHints":{"allow":["GET"]}}],"collection":[{"href":"https:\/\/www.amanien.info\/news\/wp-json\/wp\/v2\/posts"}],"about":[{"href":"https:\/\/www.amanien.info\/news\/wp-json\/wp\/v2\/types\/post"}],"author":[{"embeddable":true,"href":"https:\/\/www.amanien.info\/news\/wp-json\/wp\/v2\/users\/2"}],"replies":[{"embeddable":true,"href":"https:\/\/www.amanien.info\/news\/wp-json\/wp\/v2\/comments?post=7130"}],"version-history":[{"count":1,"href":"https:\/\/www.amanien.info\/news\/wp-json\/wp\/v2\/posts\/7130\/revisions"}],"predecessor-version":[{"id":7132,"href":"https:\/\/www.amanien.info\/news\/wp-json\/wp\/v2\/posts\/7130\/revisions\/7132"}],"wp:featuredmedia":[{"embeddable":true,"href":"https:\/\/www.amanien.info\/news\/wp-json\/wp\/v2\/media\/7131"}],"wp:attachment":[{"href":"https:\/\/www.amanien.info\/news\/wp-json\/wp\/v2\/media?parent=7130"}],"wp:term":[{"taxonomy":"category","embeddable":true,"href":"https:\/\/www.amanien.info\/news\/wp-json\/wp\/v2\/categories?post=7130"},{"taxonomy":"post_tag","embeddable":true,"href":"https:\/\/www.amanien.info\/news\/wp-json\/wp\/v2\/tags?post=7130"}],"curies":[{"name":"wp","href":"https:\/\/api.w.org\/{rel}","templated":true}]}}