{"id":7122,"date":"2025-03-07T14:01:47","date_gmt":"2025-03-07T14:01:47","guid":{"rendered":"https:\/\/www.amanien.info\/news\/?p=7122"},"modified":"2025-03-07T14:01:47","modified_gmt":"2025-03-07T14:01:47","slug":"treichville-litige-foncier-opposant-la-societe-stl-a-la-sci-oceanor-me-bediavocat-de-la-stlla-stl-nest-quun-simple-beneficiaire-dun-bail-emphyteotique-sur-la-parcelle-litigieuse","status":"publish","type":"post","link":"https:\/\/www.amanien.info\/news\/treichville-litige-foncier-opposant-la-societe-stl-a-la-sci-oceanor-me-bediavocat-de-la-stlla-stl-nest-quun-simple-beneficiaire-dun-bail-emphyteotique-sur-la-parcelle-litigieuse\/","title":{"rendered":"Treichville \/ Litige foncier opposant la soci\u00e9t\u00e9 STL \u00e0 la SCI OCEANOR : Me BEDI(Avocat de la STL):\u00a0\u00bbLa STL n&rsquo;est qu&rsquo;un simple b\u00e9n\u00e9ficiaire d&rsquo;un bail emphyt\u00e9otique sur la parcelle litigieuse\u00a0\u00bb"},"content":{"rendered":"<p>&nbsp;<\/p>\n<div><span style=\"text-transform: initial;\">Me BEDI D. Parfait, Avocat de la Soci\u00e9t\u00e9 de Transport Lagunaire (STL), une filiale du Groupe SNEDAI, a anim\u00e9, le jeudi 06 mars 2025, \u00e0 la gare lagunaire de Treichville(Abidjan), une importante conf\u00e9rence de presse, en vue d&rsquo;apporter des pr\u00e9cisions n\u00e9cessaires relatives \u00e0 l&rsquo;affaire \u00ab\u00a0SNEDAI condamn\u00e9e \u00e0 payer 9,5 millions d&rsquo;euros \u00e0 la Soci\u00e9t\u00e9 Civile Immobili\u00e8re\u00a0 OCEANOR (SCI OCEANOR), dirig\u00e9e par Mme Martine-Coffi Studer et de r\u00e9tablir la v\u00e9rit\u00e9 des faits.\u00a0<\/span><\/div>\n<div>\n<div><\/div>\n<div><\/div>\n<div>Il avait \u00e0 ses c\u00f4t\u00e9s, Mme Marie-Odil KASSI, PCA de la STL et M. Josselin ABISSE, DG du groupe SNEDAI.<\/div>\n<div><\/div>\n<div><\/div>\n<div>Face \u00e0 un parterre de journalistes, Me BEDI D. Parfait a tenu \u00e0 apporter des pr\u00e9cisions de taille dans cette affaire en r\u00e9tablissant la v\u00e9rit\u00e9 des faits.<\/div>\n<div><\/div>\n<div>Le 04 mars dernier, le journal \u00ab\u00a0Africa Intelligence\u00a0\u00bb a publi\u00e9 un article intitul\u00e9 \u00ab\u00a0C\u00f4te d&rsquo;Ivoire : SNEDAI condamn\u00e9e \u00e0 payer 9, 5 millions d&rsquo;euros \u00e0 Mme Martine-Coffi Studer pour expropriation et occupation ill\u00e9gale d&rsquo;un terrain situ\u00e9 \u00e0 Treichville \u00ab\u00a0.<\/div>\n<div><\/div>\n<div><\/div>\n<div>Pour le Conf\u00e9rencier, Me BEDI D. Parfait, ces informations sont \u00ab\u00a0erron\u00e9es\u00a0\u00bb et \u00ab\u00a0inacceptables\u00a0\u00bb puis a rappel\u00e9 que la STL occupe l\u00e9galement une parcelle de 10 461 M2 conc\u00e9d\u00e9e par l&rsquo;\u00c9tat de C\u00f4te d&rsquo;Ivoire\u00a0 dans le cadre d&rsquo;une convention de concession de service public sign\u00e9e en 2015 et approuv\u00e9e par un d\u00e9cret pr\u00e9sidentiel en 2016. Il s&rsquo;agit d&rsquo;une concession l\u00e9gale sur un domaine public, a-t-il dit.<\/div>\n<div><\/div>\n<div>\u00ab\u00a0En 2015, il y a eu une signature de convention de concession entre la STL et l&rsquo;\u00c9tat de C\u00f4te d&rsquo;Ivoire pour l&rsquo;exploitation du transport lagunaire. En 2016, un d\u00e9cret pr\u00e9sidentiel n\u00b02016-230 du 16 avril 2016 a approuv\u00e9 la concession et d\u00e9fini le p\u00e9rim\u00e8tre conc\u00e9d\u00e9. En 2016, il y a eu une d\u00e9livrance par le minist\u00e8re de la construction, d&rsquo;un permis de construire pour la gare lagunaire sur cette parcelle\u00a0\u00bb, a-t-il rappel\u00e9, pr\u00e9cisant que l&rsquo;occupation du site par la STL se fait dans les strictes limites du p\u00e9rim\u00e8tre conc\u00e9d\u00e9 et que que la soci\u00e9t\u00e9 STL \u00ab\u00a0n&rsquo;est pas propri\u00e9taire de la parcelle litigieuse. Partant, elle (la soci\u00e9t\u00e9 STL) n&rsquo;a ni tent\u00e9 d&rsquo;exproprier encore moins exproprier Mme Martine-Coffi Studer\u00a0\u00bb.<\/div>\n<div><\/div>\n<div>Me BEDI a \u00e9galement indiqu\u00e9 que le 27 f\u00e9vrier 2025, \u00ab\u00a0le tribunal du commerce d&rsquo;Abidjan a condamn\u00e9e la STL \u00e0 verser 2 milliards de FCFA \u00e0 la SCI OCEANOR pour indemnit\u00e9 d&rsquo;occupation.<\/div>\n<div><\/div>\n<div>STL attend la notification officielle du jugement et annonce une intention d&rsquo;interjeter appel, a dit l&rsquo;avocat de STL, qui conteste la d\u00e9cision rendue par le tribunal de commerce d&rsquo;Abidjan et rappelle qu&rsquo;en 2022, le Conseil d&rsquo;\u00c9tat avait rejet\u00e9 une requ\u00eate de la SCI OCEANOR visant l&rsquo;annulation du d\u00e9cret de concession pr\u00e9sidentiel, confirmant ainsi la l\u00e9galit\u00e9 de l&rsquo;occupation du site internet par STL.<\/div>\n<div>\u00ab\u00a0La\u00a0 soci\u00e9t\u00e9 de transport lagunaire qui n&rsquo;est qu&rsquo;un locataire ne revendique pas le terrain litigieux. Mais elle ne saurait payer des droits \u00e0 la SCI OCEANOR de Mme Martine-Coffi Studer, car c&rsquo;est l&rsquo;\u00c9tat de C\u00f4te d&rsquo;Ivoire qui l&rsquo;a install\u00e9e suite \u00e0 un bail emphyt\u00e9otique\u00a0\u00bb a-t-il soutenu.<\/div>\n<div><\/div>\n<div><\/div>\n<div>Le Conf\u00e9rencier, Me BEDI a, par ailleurs, fait une pr\u00e9cision de taille en affirmant que M. Adama Bictogo, Pr\u00e9sident de l&rsquo;Assembl\u00e9e nationale de C\u00f4te d&rsquo;Ivoire, \u00ab\u00a0n&rsquo;est pas partie \u00e0 l&rsquo;instance opposant la STL \u00e0 la SCI OCEANOR repr\u00e9sent\u00e9e par Mme Martine-Coffi Studer, contrairement aux affirmations de certains m\u00e9dias\u00a0\u00bb.<\/div>\n<div>De ce fait, \u00ab\u00a0M. Adama Bictogo ne peut tout naturellement pas y \u00eatre condamn\u00e9 \u00e0 verser 9,5 millions d&rsquo;euros, soit 6 231 591 500 de FCFA\u00a0\u00bb, a d\u00e9clar\u00e9 Me BEDI, qui a r\u00e9affirm\u00e9 sa confiance \u00e0 la justice et s&rsquo;est dit d\u00e9termin\u00e9 \u00e0 poursuivre cette bataille judiciaire en vue de prot\u00e9ger ses droits.<\/div>\n<div><\/div>\n<div>Il a, pour finir, appel\u00e9 \u00e0 la responsabilit\u00e9 des m\u00e9dias en diffusant de vraies informations.<\/div>\n<div><\/div>\n<div><\/div>\n<div><b>S.A.\u00a0<\/b><\/div>\n<\/div>\n","protected":false},"excerpt":{"rendered":"<p>&nbsp; Me BEDI D. Parfait, Avocat de la Soci\u00e9t\u00e9 de Transport Lagunaire (STL), une filiale du Groupe SNEDAI, a anim\u00e9, le jeudi 06 mars 2025, \u00e0 la gare lagunaire de Treichville(Abidjan), une importante conf\u00e9rence de presse, en vue d&rsquo;apporter des pr\u00e9cisions n\u00e9cessaires relatives \u00e0 l&rsquo;affaire \u00ab\u00a0SNEDAI condamn\u00e9e \u00e0 payer 9,5 millions d&rsquo;euros \u00e0 la Soci\u00e9t\u00e9 [&hellip;]<\/p>\n","protected":false},"author":2,"featured_media":7125,"comment_status":"closed","ping_status":"closed","sticky":false,"template":"","format":"standard","meta":{"_acf_changed":false,"footnotes":""},"categories":[],"tags":[12],"class_list":["post-7122","post","type-post","status-publish","format-standard","has-post-thumbnail","hentry","tag-societe"],"acf":[],"yoast_head":"<!-- This site is optimized with the Yoast SEO plugin v27.5 - https:\/\/yoast.com\/product\/yoast-seo-wordpress\/ -->\n<title>Treichville \/ Litige foncier opposant la soci\u00e9t\u00e9 STL \u00e0 la SCI OCEANOR : Me BEDI(Avocat de la STL):&quot;La STL n&#039;est qu&#039;un simple b\u00e9n\u00e9ficiaire d&#039;un bail emphyt\u00e9otique sur la parcelle litigieuse&quot; - Amanien| L&#039;actualit\u00e9 Ivoirienne et Internationale<\/title>\n<meta name=\"robots\" content=\"index, follow, max-snippet:-1, max-image-preview:large, max-video-preview:-1\" \/>\n<link rel=\"canonical\" href=\"https:\/\/www.amanien.info\/news\/treichville-litige-foncier-opposant-la-societe-stl-a-la-sci-oceanor-me-bediavocat-de-la-stlla-stl-nest-quun-simple-beneficiaire-dun-bail-emphyteotique-sur-la-parcelle-litigieuse\/\" \/>\n<meta property=\"og:locale\" content=\"fr_FR\" \/>\n<meta property=\"og:type\" content=\"article\" \/>\n<meta property=\"og:title\" content=\"Treichville \/ Litige foncier opposant la soci\u00e9t\u00e9 STL \u00e0 la SCI OCEANOR : Me BEDI(Avocat de la STL):&quot;La STL n&#039;est qu&#039;un simple b\u00e9n\u00e9ficiaire d&#039;un bail emphyt\u00e9otique sur la parcelle litigieuse&quot; - Amanien| L&#039;actualit\u00e9 Ivoirienne et Internationale\" \/>\n<meta property=\"og:description\" content=\"&nbsp; Me BEDI D. Parfait, Avocat de la Soci\u00e9t\u00e9 de Transport Lagunaire (STL), une filiale du Groupe SNEDAI, a anim\u00e9, le jeudi 06 mars 2025, \u00e0 la gare lagunaire de Treichville(Abidjan), une importante conf\u00e9rence de presse, en vue d&rsquo;apporter des pr\u00e9cisions n\u00e9cessaires relatives \u00e0 l&rsquo;affaire \u00ab\u00a0SNEDAI condamn\u00e9e \u00e0 payer 9,5 millions d&rsquo;euros \u00e0 la Soci\u00e9t\u00e9 [&hellip;]\" \/>\n<meta property=\"og:url\" content=\"https:\/\/www.amanien.info\/news\/treichville-litige-foncier-opposant-la-societe-stl-a-la-sci-oceanor-me-bediavocat-de-la-stlla-stl-nest-quun-simple-beneficiaire-dun-bail-emphyteotique-sur-la-parcelle-litigieuse\/\" \/>\n<meta property=\"og:site_name\" content=\"Amanien| L&#039;actualit\u00e9 Ivoirienne et Internationale\" \/>\n<meta property=\"article:published_time\" content=\"2025-03-07T14:01:47+00:00\" \/>\n<meta property=\"og:image\" content=\"https:\/\/www.amanien.info\/news\/wp-content\/uploads\/2025\/03\/IMG-20250306-WA0228-1.jpg\" \/>\n\t<meta property=\"og:image:width\" content=\"1080\" \/>\n\t<meta property=\"og:image:height\" content=\"720\" \/>\n\t<meta property=\"og:image:type\" content=\"image\/jpeg\" \/>\n<meta name=\"author\" content=\"Germain Ndri\" \/>\n<meta name=\"twitter:card\" content=\"summary_large_image\" \/>\n<meta name=\"twitter:label1\" content=\"\u00c9crit par\" \/>\n\t<meta name=\"twitter:data1\" content=\"Germain Ndri\" \/>\n\t<meta name=\"twitter:label2\" content=\"Dur\u00e9e de lecture estim\u00e9e\" \/>\n\t<meta name=\"twitter:data2\" content=\"4 minutes\" \/>\n<script type=\"application\/ld+json\" class=\"yoast-schema-graph\">{\"@context\":\"https:\\\/\\\/schema.org\",\"@graph\":[{\"@type\":\"Article\",\"@id\":\"https:\\\/\\\/www.amanien.info\\\/news\\\/treichville-litige-foncier-opposant-la-societe-stl-a-la-sci-oceanor-me-bediavocat-de-la-stlla-stl-nest-quun-simple-beneficiaire-dun-bail-emphyteotique-sur-la-parcelle-litigieuse\\\/#article\",\"isPartOf\":{\"@id\":\"https:\\\/\\\/www.amanien.info\\\/news\\\/treichville-litige-foncier-opposant-la-societe-stl-a-la-sci-oceanor-me-bediavocat-de-la-stlla-stl-nest-quun-simple-beneficiaire-dun-bail-emphyteotique-sur-la-parcelle-litigieuse\\\/\"},\"author\":{\"name\":\"Germain Ndri\",\"@id\":\"https:\\\/\\\/www.amanien.info\\\/news\\\/#\\\/schema\\\/person\\\/b21093345753a1a98242d505bd894f42\"},\"headline\":\"Treichville \\\/ Litige foncier opposant la soci\u00e9t\u00e9 STL \u00e0 la SCI OCEANOR : Me BEDI(Avocat de la STL):\u00a0\u00bbLa STL n&rsquo;est qu&rsquo;un simple b\u00e9n\u00e9ficiaire d&rsquo;un bail emphyt\u00e9otique sur la parcelle litigieuse\u00a0\u00bb\",\"datePublished\":\"2025-03-07T14:01:47+00:00\",\"mainEntityOfPage\":{\"@id\":\"https:\\\/\\\/www.amanien.info\\\/news\\\/treichville-litige-foncier-opposant-la-societe-stl-a-la-sci-oceanor-me-bediavocat-de-la-stlla-stl-nest-quun-simple-beneficiaire-dun-bail-emphyteotique-sur-la-parcelle-litigieuse\\\/\"},\"wordCount\":698,\"image\":{\"@id\":\"https:\\\/\\\/www.amanien.info\\\/news\\\/treichville-litige-foncier-opposant-la-societe-stl-a-la-sci-oceanor-me-bediavocat-de-la-stlla-stl-nest-quun-simple-beneficiaire-dun-bail-emphyteotique-sur-la-parcelle-litigieuse\\\/#primaryimage\"},\"thumbnailUrl\":\"https:\\\/\\\/www.amanien.info\\\/news\\\/wp-content\\\/uploads\\\/2025\\\/03\\\/IMG-20250306-WA0228-1.jpg\",\"keywords\":[\"Soci\u00e9t\u00e9\"],\"inLanguage\":\"fr-FR\"},{\"@type\":\"WebPage\",\"@id\":\"https:\\\/\\\/www.amanien.info\\\/news\\\/treichville-litige-foncier-opposant-la-societe-stl-a-la-sci-oceanor-me-bediavocat-de-la-stlla-stl-nest-quun-simple-beneficiaire-dun-bail-emphyteotique-sur-la-parcelle-litigieuse\\\/\",\"url\":\"https:\\\/\\\/www.amanien.info\\\/news\\\/treichville-litige-foncier-opposant-la-societe-stl-a-la-sci-oceanor-me-bediavocat-de-la-stlla-stl-nest-quun-simple-beneficiaire-dun-bail-emphyteotique-sur-la-parcelle-litigieuse\\\/\",\"name\":\"Treichville \\\/ Litige foncier opposant la soci\u00e9t\u00e9 STL \u00e0 la SCI OCEANOR : Me BEDI(Avocat de la STL):\\\"La STL n'est qu'un simple b\u00e9n\u00e9ficiaire d'un bail emphyt\u00e9otique sur la parcelle litigieuse\\\" - Amanien| L&#039;actualit\u00e9 Ivoirienne et Internationale\",\"isPartOf\":{\"@id\":\"https:\\\/\\\/www.amanien.info\\\/news\\\/#website\"},\"primaryImageOfPage\":{\"@id\":\"https:\\\/\\\/www.amanien.info\\\/news\\\/treichville-litige-foncier-opposant-la-societe-stl-a-la-sci-oceanor-me-bediavocat-de-la-stlla-stl-nest-quun-simple-beneficiaire-dun-bail-emphyteotique-sur-la-parcelle-litigieuse\\\/#primaryimage\"},\"image\":{\"@id\":\"https:\\\/\\\/www.amanien.info\\\/news\\\/treichville-litige-foncier-opposant-la-societe-stl-a-la-sci-oceanor-me-bediavocat-de-la-stlla-stl-nest-quun-simple-beneficiaire-dun-bail-emphyteotique-sur-la-parcelle-litigieuse\\\/#primaryimage\"},\"thumbnailUrl\":\"https:\\\/\\\/www.amanien.info\\\/news\\\/wp-content\\\/uploads\\\/2025\\\/03\\\/IMG-20250306-WA0228-1.jpg\",\"datePublished\":\"2025-03-07T14:01:47+00:00\",\"author\":{\"@id\":\"https:\\\/\\\/www.amanien.info\\\/news\\\/#\\\/schema\\\/person\\\/b21093345753a1a98242d505bd894f42\"},\"breadcrumb\":{\"@id\":\"https:\\\/\\\/www.amanien.info\\\/news\\\/treichville-litige-foncier-opposant-la-societe-stl-a-la-sci-oceanor-me-bediavocat-de-la-stlla-stl-nest-quun-simple-beneficiaire-dun-bail-emphyteotique-sur-la-parcelle-litigieuse\\\/#breadcrumb\"},\"inLanguage\":\"fr-FR\",\"potentialAction\":[{\"@type\":\"ReadAction\",\"target\":[\"https:\\\/\\\/www.amanien.info\\\/news\\\/treichville-litige-foncier-opposant-la-societe-stl-a-la-sci-oceanor-me-bediavocat-de-la-stlla-stl-nest-quun-simple-beneficiaire-dun-bail-emphyteotique-sur-la-parcelle-litigieuse\\\/\"]}]},{\"@type\":\"ImageObject\",\"inLanguage\":\"fr-FR\",\"@id\":\"https:\\\/\\\/www.amanien.info\\\/news\\\/treichville-litige-foncier-opposant-la-societe-stl-a-la-sci-oceanor-me-bediavocat-de-la-stlla-stl-nest-quun-simple-beneficiaire-dun-bail-emphyteotique-sur-la-parcelle-litigieuse\\\/#primaryimage\",\"url\":\"https:\\\/\\\/www.amanien.info\\\/news\\\/wp-content\\\/uploads\\\/2025\\\/03\\\/IMG-20250306-WA0228-1.jpg\",\"contentUrl\":\"https:\\\/\\\/www.amanien.info\\\/news\\\/wp-content\\\/uploads\\\/2025\\\/03\\\/IMG-20250306-WA0228-1.jpg\",\"width\":1080,\"height\":720},{\"@type\":\"BreadcrumbList\",\"@id\":\"https:\\\/\\\/www.amanien.info\\\/news\\\/treichville-litige-foncier-opposant-la-societe-stl-a-la-sci-oceanor-me-bediavocat-de-la-stlla-stl-nest-quun-simple-beneficiaire-dun-bail-emphyteotique-sur-la-parcelle-litigieuse\\\/#breadcrumb\",\"itemListElement\":[{\"@type\":\"ListItem\",\"position\":1,\"name\":\"Accueil\",\"item\":\"https:\\\/\\\/www.amanien.info\\\/news\\\/\"},{\"@type\":\"ListItem\",\"position\":2,\"name\":\"Treichville \\\/ Litige foncier opposant la soci\u00e9t\u00e9 STL \u00e0 la SCI OCEANOR : Me BEDI(Avocat de la STL):\u00a0\u00bbLa STL n&rsquo;est qu&rsquo;un simple b\u00e9n\u00e9ficiaire d&rsquo;un bail emphyt\u00e9otique sur la parcelle litigieuse\u00a0\u00bb\"}]},{\"@type\":\"WebSite\",\"@id\":\"https:\\\/\\\/www.amanien.info\\\/news\\\/#website\",\"url\":\"https:\\\/\\\/www.amanien.info\\\/news\\\/\",\"name\":\"Amanien| L&#039;actualit\u00e9 Ivoirienne et Internationale\",\"description\":\"L&#039;actualit\u00e9 Ivoirienne et Internationale\",\"potentialAction\":[{\"@type\":\"SearchAction\",\"target\":{\"@type\":\"EntryPoint\",\"urlTemplate\":\"https:\\\/\\\/www.amanien.info\\\/news\\\/?s={search_term_string}\"},\"query-input\":{\"@type\":\"PropertyValueSpecification\",\"valueRequired\":true,\"valueName\":\"search_term_string\"}}],\"inLanguage\":\"fr-FR\"},{\"@type\":\"Person\",\"@id\":\"https:\\\/\\\/www.amanien.info\\\/news\\\/#\\\/schema\\\/person\\\/b21093345753a1a98242d505bd894f42\",\"name\":\"Germain Ndri\",\"url\":\"https:\\\/\\\/www.amanien.info\\\/news\\\/author\\\/amanien-infos\\\/\"}]}<\/script>\n<!-- \/ Yoast SEO plugin. -->","yoast_head_json":{"title":"Treichville \/ Litige foncier opposant la soci\u00e9t\u00e9 STL \u00e0 la SCI OCEANOR : Me BEDI(Avocat de la STL):\"La STL n'est qu'un simple b\u00e9n\u00e9ficiaire d'un bail emphyt\u00e9otique sur la parcelle litigieuse\" - Amanien| L&#039;actualit\u00e9 Ivoirienne et Internationale","robots":{"index":"index","follow":"follow","max-snippet":"max-snippet:-1","max-image-preview":"max-image-preview:large","max-video-preview":"max-video-preview:-1"},"canonical":"https:\/\/www.amanien.info\/news\/treichville-litige-foncier-opposant-la-societe-stl-a-la-sci-oceanor-me-bediavocat-de-la-stlla-stl-nest-quun-simple-beneficiaire-dun-bail-emphyteotique-sur-la-parcelle-litigieuse\/","og_locale":"fr_FR","og_type":"article","og_title":"Treichville \/ Litige foncier opposant la soci\u00e9t\u00e9 STL \u00e0 la SCI OCEANOR : Me BEDI(Avocat de la STL):\"La STL n'est qu'un simple b\u00e9n\u00e9ficiaire d'un bail emphyt\u00e9otique sur la parcelle litigieuse\" - Amanien| L&#039;actualit\u00e9 Ivoirienne et Internationale","og_description":"&nbsp; Me BEDI D. Parfait, Avocat de la Soci\u00e9t\u00e9 de Transport Lagunaire (STL), une filiale du Groupe SNEDAI, a anim\u00e9, le jeudi 06 mars 2025, \u00e0 la gare lagunaire de Treichville(Abidjan), une importante conf\u00e9rence de presse, en vue d&rsquo;apporter des pr\u00e9cisions n\u00e9cessaires relatives \u00e0 l&rsquo;affaire \u00ab\u00a0SNEDAI condamn\u00e9e \u00e0 payer 9,5 millions d&rsquo;euros \u00e0 la Soci\u00e9t\u00e9 [&hellip;]","og_url":"https:\/\/www.amanien.info\/news\/treichville-litige-foncier-opposant-la-societe-stl-a-la-sci-oceanor-me-bediavocat-de-la-stlla-stl-nest-quun-simple-beneficiaire-dun-bail-emphyteotique-sur-la-parcelle-litigieuse\/","og_site_name":"Amanien| L&#039;actualit\u00e9 Ivoirienne et Internationale","article_published_time":"2025-03-07T14:01:47+00:00","og_image":[{"width":1080,"height":720,"url":"https:\/\/www.amanien.info\/news\/wp-content\/uploads\/2025\/03\/IMG-20250306-WA0228-1.jpg","type":"image\/jpeg"}],"author":"Germain Ndri","twitter_card":"summary_large_image","twitter_misc":{"\u00c9crit par":"Germain Ndri","Dur\u00e9e de lecture estim\u00e9e":"4 minutes"},"schema":{"@context":"https:\/\/schema.org","@graph":[{"@type":"Article","@id":"https:\/\/www.amanien.info\/news\/treichville-litige-foncier-opposant-la-societe-stl-a-la-sci-oceanor-me-bediavocat-de-la-stlla-stl-nest-quun-simple-beneficiaire-dun-bail-emphyteotique-sur-la-parcelle-litigieuse\/#article","isPartOf":{"@id":"https:\/\/www.amanien.info\/news\/treichville-litige-foncier-opposant-la-societe-stl-a-la-sci-oceanor-me-bediavocat-de-la-stlla-stl-nest-quun-simple-beneficiaire-dun-bail-emphyteotique-sur-la-parcelle-litigieuse\/"},"author":{"name":"Germain Ndri","@id":"https:\/\/www.amanien.info\/news\/#\/schema\/person\/b21093345753a1a98242d505bd894f42"},"headline":"Treichville \/ Litige foncier opposant la soci\u00e9t\u00e9 STL \u00e0 la SCI OCEANOR : Me BEDI(Avocat de la STL):\u00a0\u00bbLa STL n&rsquo;est qu&rsquo;un simple b\u00e9n\u00e9ficiaire d&rsquo;un bail emphyt\u00e9otique sur la parcelle litigieuse\u00a0\u00bb","datePublished":"2025-03-07T14:01:47+00:00","mainEntityOfPage":{"@id":"https:\/\/www.amanien.info\/news\/treichville-litige-foncier-opposant-la-societe-stl-a-la-sci-oceanor-me-bediavocat-de-la-stlla-stl-nest-quun-simple-beneficiaire-dun-bail-emphyteotique-sur-la-parcelle-litigieuse\/"},"wordCount":698,"image":{"@id":"https:\/\/www.amanien.info\/news\/treichville-litige-foncier-opposant-la-societe-stl-a-la-sci-oceanor-me-bediavocat-de-la-stlla-stl-nest-quun-simple-beneficiaire-dun-bail-emphyteotique-sur-la-parcelle-litigieuse\/#primaryimage"},"thumbnailUrl":"https:\/\/www.amanien.info\/news\/wp-content\/uploads\/2025\/03\/IMG-20250306-WA0228-1.jpg","keywords":["Soci\u00e9t\u00e9"],"inLanguage":"fr-FR"},{"@type":"WebPage","@id":"https:\/\/www.amanien.info\/news\/treichville-litige-foncier-opposant-la-societe-stl-a-la-sci-oceanor-me-bediavocat-de-la-stlla-stl-nest-quun-simple-beneficiaire-dun-bail-emphyteotique-sur-la-parcelle-litigieuse\/","url":"https:\/\/www.amanien.info\/news\/treichville-litige-foncier-opposant-la-societe-stl-a-la-sci-oceanor-me-bediavocat-de-la-stlla-stl-nest-quun-simple-beneficiaire-dun-bail-emphyteotique-sur-la-parcelle-litigieuse\/","name":"Treichville \/ Litige foncier opposant la soci\u00e9t\u00e9 STL \u00e0 la SCI OCEANOR : Me BEDI(Avocat de la STL):\"La STL n'est qu'un simple b\u00e9n\u00e9ficiaire d'un bail emphyt\u00e9otique sur la parcelle litigieuse\" - Amanien| L&#039;actualit\u00e9 Ivoirienne et Internationale","isPartOf":{"@id":"https:\/\/www.amanien.info\/news\/#website"},"primaryImageOfPage":{"@id":"https:\/\/www.amanien.info\/news\/treichville-litige-foncier-opposant-la-societe-stl-a-la-sci-oceanor-me-bediavocat-de-la-stlla-stl-nest-quun-simple-beneficiaire-dun-bail-emphyteotique-sur-la-parcelle-litigieuse\/#primaryimage"},"image":{"@id":"https:\/\/www.amanien.info\/news\/treichville-litige-foncier-opposant-la-societe-stl-a-la-sci-oceanor-me-bediavocat-de-la-stlla-stl-nest-quun-simple-beneficiaire-dun-bail-emphyteotique-sur-la-parcelle-litigieuse\/#primaryimage"},"thumbnailUrl":"https:\/\/www.amanien.info\/news\/wp-content\/uploads\/2025\/03\/IMG-20250306-WA0228-1.jpg","datePublished":"2025-03-07T14:01:47+00:00","author":{"@id":"https:\/\/www.amanien.info\/news\/#\/schema\/person\/b21093345753a1a98242d505bd894f42"},"breadcrumb":{"@id":"https:\/\/www.amanien.info\/news\/treichville-litige-foncier-opposant-la-societe-stl-a-la-sci-oceanor-me-bediavocat-de-la-stlla-stl-nest-quun-simple-beneficiaire-dun-bail-emphyteotique-sur-la-parcelle-litigieuse\/#breadcrumb"},"inLanguage":"fr-FR","potentialAction":[{"@type":"ReadAction","target":["https:\/\/www.amanien.info\/news\/treichville-litige-foncier-opposant-la-societe-stl-a-la-sci-oceanor-me-bediavocat-de-la-stlla-stl-nest-quun-simple-beneficiaire-dun-bail-emphyteotique-sur-la-parcelle-litigieuse\/"]}]},{"@type":"ImageObject","inLanguage":"fr-FR","@id":"https:\/\/www.amanien.info\/news\/treichville-litige-foncier-opposant-la-societe-stl-a-la-sci-oceanor-me-bediavocat-de-la-stlla-stl-nest-quun-simple-beneficiaire-dun-bail-emphyteotique-sur-la-parcelle-litigieuse\/#primaryimage","url":"https:\/\/www.amanien.info\/news\/wp-content\/uploads\/2025\/03\/IMG-20250306-WA0228-1.jpg","contentUrl":"https:\/\/www.amanien.info\/news\/wp-content\/uploads\/2025\/03\/IMG-20250306-WA0228-1.jpg","width":1080,"height":720},{"@type":"BreadcrumbList","@id":"https:\/\/www.amanien.info\/news\/treichville-litige-foncier-opposant-la-societe-stl-a-la-sci-oceanor-me-bediavocat-de-la-stlla-stl-nest-quun-simple-beneficiaire-dun-bail-emphyteotique-sur-la-parcelle-litigieuse\/#breadcrumb","itemListElement":[{"@type":"ListItem","position":1,"name":"Accueil","item":"https:\/\/www.amanien.info\/news\/"},{"@type":"ListItem","position":2,"name":"Treichville \/ Litige foncier opposant la soci\u00e9t\u00e9 STL \u00e0 la SCI OCEANOR : Me BEDI(Avocat de la STL):\u00a0\u00bbLa STL n&rsquo;est qu&rsquo;un simple b\u00e9n\u00e9ficiaire d&rsquo;un bail emphyt\u00e9otique sur la parcelle litigieuse\u00a0\u00bb"}]},{"@type":"WebSite","@id":"https:\/\/www.amanien.info\/news\/#website","url":"https:\/\/www.amanien.info\/news\/","name":"Amanien| L&#039;actualit\u00e9 Ivoirienne et Internationale","description":"L&#039;actualit\u00e9 Ivoirienne et Internationale","potentialAction":[{"@type":"SearchAction","target":{"@type":"EntryPoint","urlTemplate":"https:\/\/www.amanien.info\/news\/?s={search_term_string}"},"query-input":{"@type":"PropertyValueSpecification","valueRequired":true,"valueName":"search_term_string"}}],"inLanguage":"fr-FR"},{"@type":"Person","@id":"https:\/\/www.amanien.info\/news\/#\/schema\/person\/b21093345753a1a98242d505bd894f42","name":"Germain Ndri","url":"https:\/\/www.amanien.info\/news\/author\/amanien-infos\/"}]}},"_links":{"self":[{"href":"https:\/\/www.amanien.info\/news\/wp-json\/wp\/v2\/posts\/7122","targetHints":{"allow":["GET"]}}],"collection":[{"href":"https:\/\/www.amanien.info\/news\/wp-json\/wp\/v2\/posts"}],"about":[{"href":"https:\/\/www.amanien.info\/news\/wp-json\/wp\/v2\/types\/post"}],"author":[{"embeddable":true,"href":"https:\/\/www.amanien.info\/news\/wp-json\/wp\/v2\/users\/2"}],"replies":[{"embeddable":true,"href":"https:\/\/www.amanien.info\/news\/wp-json\/wp\/v2\/comments?post=7122"}],"version-history":[{"count":1,"href":"https:\/\/www.amanien.info\/news\/wp-json\/wp\/v2\/posts\/7122\/revisions"}],"predecessor-version":[{"id":7126,"href":"https:\/\/www.amanien.info\/news\/wp-json\/wp\/v2\/posts\/7122\/revisions\/7126"}],"wp:featuredmedia":[{"embeddable":true,"href":"https:\/\/www.amanien.info\/news\/wp-json\/wp\/v2\/media\/7125"}],"wp:attachment":[{"href":"https:\/\/www.amanien.info\/news\/wp-json\/wp\/v2\/media?parent=7122"}],"wp:term":[{"taxonomy":"category","embeddable":true,"href":"https:\/\/www.amanien.info\/news\/wp-json\/wp\/v2\/categories?post=7122"},{"taxonomy":"post_tag","embeddable":true,"href":"https:\/\/www.amanien.info\/news\/wp-json\/wp\/v2\/tags?post=7122"}],"curies":[{"name":"wp","href":"https:\/\/api.w.org\/{rel}","templated":true}]}}