{"id":7093,"date":"2025-02-10T17:10:52","date_gmt":"2025-02-10T17:10:52","guid":{"rendered":"https:\/\/www.amanien.info\/news\/?p=7093"},"modified":"2025-02-10T17:10:52","modified_gmt":"2025-02-10T17:10:52","slug":"hommage-a-makan-keita-les-freres-keita-et-les-anciennes-gloires-du-football-ivoirien-chaussent-les-crampons","status":"publish","type":"post","link":"https:\/\/www.amanien.info\/news\/hommage-a-makan-keita-les-freres-keita-et-les-anciennes-gloires-du-football-ivoirien-chaussent-les-crampons\/","title":{"rendered":"Hommage \u00e0 Makan Ke\u00efta : Les fr\u00e8res Ke\u00efta et les anciennes gloires du football ivoirien chaussent les crampons\u00a0"},"content":{"rendered":"<p>&nbsp;<\/p>\n<div>Ce samedi 09 f\u00e9vrier 2025 au complexe Sportif de Yopougon, \u00e9tait jour d&rsquo;hommage \u00e0 feu Makan Ke\u00efta, l&rsquo;ex inamovible secr\u00e9taire g\u00e9n\u00e9ral de la mythique et glorieuse \u00e9quipe du Sporting club de Gagnoa.<\/div>\n<div><\/div>\n<div>Des sportifs ivoiriens, les amoureux du ballon rond et des anciennes gloires ont r\u00e9pondu pr\u00e9sents pour honorer cette biblioth\u00e8que, pour service rendu au sport roi en C\u00f4te d&rsquo;Ivoire.C&rsquo;est par un match de gala organis\u00e9 par les fr\u00e8res Ke\u00efta, Fadel Ke\u00efta, l&rsquo;ex butteur de l&rsquo;Africa Sport d&rsquo;Abidjan et Kader Keita, ancien international que s&rsquo;est traduit ce bel hommage.Deux \u00e9quipes de l&rsquo;association des anciens footballeur de Yopougon (AAFY), l&rsquo;\u00e9quipe des secr\u00e9taires g\u00e9n\u00e9raux des clubs de football, celle du Sporting club de Gagnoa et des anciens internationaux ont particip\u00e9 \u00e0 ce gala.<\/div>\n<div>Le nombreux public \u00e0 pu revoir avec plaisir les joueurs qui ont marqu\u00e9 de leurs empreintes le football ivoirien, notamment : Z\u00e9z\u00e9 Venance, alias Zezeto, N&rsquo;dri Koffi Romaric, Emanuel Ebou\u00e9&#8230; pour ne citer que ceux-l\u00e0.<\/div>\n<div><\/div>\n<div>Qui \u00e9tait Makan Ke\u00efta ?<\/div>\n<div><\/div>\n<div>Makan Ke\u00efta est le g\u00e9niteur de Fadel Ke\u00efta et de Kader Ke\u00efta. Durant une trentaine d&rsquo;ann\u00e9es, l&rsquo;homme f\u00fbt le secr\u00e9taire g\u00e9n\u00e9ral de l&rsquo;\u00e9quipe de Gagnoa. Son nom rime avec cette \u00e9quipe. Il faisait corps avec elle.Makan \u00e9tait \u00e9gal au Sporting, le Sporting \u00e9tait \u00e9gal \u00e0 Lui. Au point o\u00f9,Selon le t\u00e9moignage d&rsquo;un ancien footballeur, Makan Ke\u00efta aurait refuser une affection dans une autre ville, afin de ne pas s&rsquo;\u00e9loigner de son club de coeur. Il aurait donc d\u00e9cider d&rsquo;arr\u00eater de travailler\u00a0 en sa qualit\u00e9 d&rsquo;agent de justice.<\/div>\n<div>Avec lui, l&rsquo;\u00e9quipe de Gagnoa \u00e0 connu ses lettres de noblesses, surtout en 1976 avec le titre de champion de c\u00f4te d&rsquo;ivoire. L&rsquo;ex secr\u00e9taire g\u00e9n\u00e9ral du Sporting est l&rsquo;homme par qui la f\u00e9d\u00e9ration ivoirienne de football \u00e0 instaurer deux feuilles de match dans les rencontres, dixit Bollou Joachim Laigret pr\u00e9sident de l&rsquo;AAfY:&lt;&lt; Au cours d&rsquo;un match de championnat opposant l&rsquo;\u00e9quipe du Sporting \u00e0 l&rsquo;adversaire du jour, feu Makan Ke\u00efta, au vu de la r\u00e9clamation qu&rsquo;envisageiait faire le secr\u00e9taire g\u00e9n\u00e9ral adversaire sur certains de ses joueurs et qui pouvait porter pr\u00e9judice \u00e0 son \u00e9quipe, il s&rsquo;est senti dans l&rsquo;obligation de prendre la feuille de match, de la m\u00e2cher et de l&rsquo;avaler pour ne pas que la rencontre est lieu.Et c&rsquo;est depuis cette situation que la f\u00e9d\u00e9ration \u00e0 cette \u00e0 instaurer deux feuilles de match&gt;&gt;.<\/div>\n<div><\/div>\n<div>Il est \u00e0 noter que la c\u00e9r\u00e9monie d&rsquo;hommage \u00e0 Makan Ke\u00efta est \u00e0 sa deuxi\u00e8me \u00e9dition. La pr\u00e9sente c\u00e9r\u00e9monie \u00e9tait sous le haut patronage du pr\u00e9sident de l&rsquo;Assembl\u00e9e nationale, Adama Bictogo et sous la pr\u00e9sidence de mr Idriss Diallo, pr\u00e9sident de la f\u00e9d\u00e9ration ivoirienne de football.<\/div>\n<div><\/div>\n<div>ST\u00c8VE GUEDE<\/div>\n","protected":false},"excerpt":{"rendered":"<p>&nbsp; Ce samedi 09 f\u00e9vrier 2025 au complexe Sportif de Yopougon, \u00e9tait jour d&rsquo;hommage \u00e0 feu Makan Ke\u00efta, l&rsquo;ex inamovible secr\u00e9taire g\u00e9n\u00e9ral de la mythique et glorieuse \u00e9quipe du Sporting club de Gagnoa. Des sportifs ivoiriens, les amoureux du ballon rond et des anciennes gloires ont r\u00e9pondu pr\u00e9sents pour honorer cette biblioth\u00e8que, pour service rendu [&hellip;]<\/p>\n","protected":false},"author":2,"featured_media":7095,"comment_status":"closed","ping_status":"closed","sticky":false,"template":"","format":"standard","meta":{"_acf_changed":false,"footnotes":""},"categories":[4],"tags":[],"class_list":["post-7093","post","type-post","status-publish","format-standard","has-post-thumbnail","hentry","category-sport"],"acf":[],"yoast_head":"<!-- This site is optimized with the Yoast SEO plugin v27.5 - https:\/\/yoast.com\/product\/yoast-seo-wordpress\/ -->\n<title>Hommage \u00e0 Makan Ke\u00efta : Les fr\u00e8res Ke\u00efta et les anciennes gloires du football ivoirien chaussent les crampons\u00a0 - Amanien| L&#039;actualit\u00e9 Ivoirienne et Internationale<\/title>\n<meta name=\"robots\" content=\"index, follow, max-snippet:-1, max-image-preview:large, max-video-preview:-1\" \/>\n<link rel=\"canonical\" href=\"https:\/\/www.amanien.info\/news\/hommage-a-makan-keita-les-freres-keita-et-les-anciennes-gloires-du-football-ivoirien-chaussent-les-crampons\/\" \/>\n<meta property=\"og:locale\" content=\"fr_FR\" \/>\n<meta property=\"og:type\" content=\"article\" \/>\n<meta property=\"og:title\" content=\"Hommage \u00e0 Makan Ke\u00efta : Les fr\u00e8res Ke\u00efta et les anciennes gloires du football ivoirien chaussent les crampons\u00a0 - Amanien| L&#039;actualit\u00e9 Ivoirienne et Internationale\" \/>\n<meta property=\"og:description\" content=\"&nbsp; Ce samedi 09 f\u00e9vrier 2025 au complexe Sportif de Yopougon, \u00e9tait jour d&rsquo;hommage \u00e0 feu Makan Ke\u00efta, l&rsquo;ex inamovible secr\u00e9taire g\u00e9n\u00e9ral de la mythique et glorieuse \u00e9quipe du Sporting club de Gagnoa. Des sportifs ivoiriens, les amoureux du ballon rond et des anciennes gloires ont r\u00e9pondu pr\u00e9sents pour honorer cette biblioth\u00e8que, pour service rendu [&hellip;]\" \/>\n<meta property=\"og:url\" content=\"https:\/\/www.amanien.info\/news\/hommage-a-makan-keita-les-freres-keita-et-les-anciennes-gloires-du-football-ivoirien-chaussent-les-crampons\/\" \/>\n<meta property=\"og:site_name\" content=\"Amanien| L&#039;actualit\u00e9 Ivoirienne et Internationale\" \/>\n<meta property=\"article:published_time\" content=\"2025-02-10T17:10:52+00:00\" \/>\n<meta property=\"og:image\" content=\"https:\/\/www.amanien.info\/news\/wp-content\/uploads\/2025\/02\/IMG_20250209_140119_309.jpg\" \/>\n\t<meta property=\"og:image:width\" content=\"782\" \/>\n\t<meta property=\"og:image:height\" content=\"933\" \/>\n\t<meta property=\"og:image:type\" content=\"image\/jpeg\" \/>\n<meta name=\"author\" content=\"Germain Ndri\" \/>\n<meta name=\"twitter:card\" content=\"summary_large_image\" \/>\n<meta name=\"twitter:label1\" content=\"\u00c9crit par\" \/>\n\t<meta name=\"twitter:data1\" content=\"Germain Ndri\" \/>\n\t<meta name=\"twitter:label2\" content=\"Dur\u00e9e de lecture estim\u00e9e\" \/>\n\t<meta name=\"twitter:data2\" content=\"2 minutes\" \/>\n<script type=\"application\/ld+json\" class=\"yoast-schema-graph\">{\"@context\":\"https:\\\/\\\/schema.org\",\"@graph\":[{\"@type\":\"Article\",\"@id\":\"https:\\\/\\\/www.amanien.info\\\/news\\\/hommage-a-makan-keita-les-freres-keita-et-les-anciennes-gloires-du-football-ivoirien-chaussent-les-crampons\\\/#article\",\"isPartOf\":{\"@id\":\"https:\\\/\\\/www.amanien.info\\\/news\\\/hommage-a-makan-keita-les-freres-keita-et-les-anciennes-gloires-du-football-ivoirien-chaussent-les-crampons\\\/\"},\"author\":{\"name\":\"Germain Ndri\",\"@id\":\"https:\\\/\\\/www.amanien.info\\\/news\\\/#\\\/schema\\\/person\\\/b21093345753a1a98242d505bd894f42\"},\"headline\":\"Hommage \u00e0 Makan Ke\u00efta : Les fr\u00e8res Ke\u00efta et les anciennes gloires du football ivoirien chaussent les crampons\u00a0\",\"datePublished\":\"2025-02-10T17:10:52+00:00\",\"mainEntityOfPage\":{\"@id\":\"https:\\\/\\\/www.amanien.info\\\/news\\\/hommage-a-makan-keita-les-freres-keita-et-les-anciennes-gloires-du-football-ivoirien-chaussent-les-crampons\\\/\"},\"wordCount\":533,\"image\":{\"@id\":\"https:\\\/\\\/www.amanien.info\\\/news\\\/hommage-a-makan-keita-les-freres-keita-et-les-anciennes-gloires-du-football-ivoirien-chaussent-les-crampons\\\/#primaryimage\"},\"thumbnailUrl\":\"https:\\\/\\\/www.amanien.info\\\/news\\\/wp-content\\\/uploads\\\/2025\\\/02\\\/IMG_20250209_140119_309.jpg\",\"articleSection\":[\"Sport\"],\"inLanguage\":\"fr-FR\"},{\"@type\":\"WebPage\",\"@id\":\"https:\\\/\\\/www.amanien.info\\\/news\\\/hommage-a-makan-keita-les-freres-keita-et-les-anciennes-gloires-du-football-ivoirien-chaussent-les-crampons\\\/\",\"url\":\"https:\\\/\\\/www.amanien.info\\\/news\\\/hommage-a-makan-keita-les-freres-keita-et-les-anciennes-gloires-du-football-ivoirien-chaussent-les-crampons\\\/\",\"name\":\"Hommage \u00e0 Makan Ke\u00efta : Les fr\u00e8res Ke\u00efta et les anciennes gloires du football ivoirien chaussent les crampons\u00a0 - Amanien| L&#039;actualit\u00e9 Ivoirienne et Internationale\",\"isPartOf\":{\"@id\":\"https:\\\/\\\/www.amanien.info\\\/news\\\/#website\"},\"primaryImageOfPage\":{\"@id\":\"https:\\\/\\\/www.amanien.info\\\/news\\\/hommage-a-makan-keita-les-freres-keita-et-les-anciennes-gloires-du-football-ivoirien-chaussent-les-crampons\\\/#primaryimage\"},\"image\":{\"@id\":\"https:\\\/\\\/www.amanien.info\\\/news\\\/hommage-a-makan-keita-les-freres-keita-et-les-anciennes-gloires-du-football-ivoirien-chaussent-les-crampons\\\/#primaryimage\"},\"thumbnailUrl\":\"https:\\\/\\\/www.amanien.info\\\/news\\\/wp-content\\\/uploads\\\/2025\\\/02\\\/IMG_20250209_140119_309.jpg\",\"datePublished\":\"2025-02-10T17:10:52+00:00\",\"author\":{\"@id\":\"https:\\\/\\\/www.amanien.info\\\/news\\\/#\\\/schema\\\/person\\\/b21093345753a1a98242d505bd894f42\"},\"breadcrumb\":{\"@id\":\"https:\\\/\\\/www.amanien.info\\\/news\\\/hommage-a-makan-keita-les-freres-keita-et-les-anciennes-gloires-du-football-ivoirien-chaussent-les-crampons\\\/#breadcrumb\"},\"inLanguage\":\"fr-FR\",\"potentialAction\":[{\"@type\":\"ReadAction\",\"target\":[\"https:\\\/\\\/www.amanien.info\\\/news\\\/hommage-a-makan-keita-les-freres-keita-et-les-anciennes-gloires-du-football-ivoirien-chaussent-les-crampons\\\/\"]}]},{\"@type\":\"ImageObject\",\"inLanguage\":\"fr-FR\",\"@id\":\"https:\\\/\\\/www.amanien.info\\\/news\\\/hommage-a-makan-keita-les-freres-keita-et-les-anciennes-gloires-du-football-ivoirien-chaussent-les-crampons\\\/#primaryimage\",\"url\":\"https:\\\/\\\/www.amanien.info\\\/news\\\/wp-content\\\/uploads\\\/2025\\\/02\\\/IMG_20250209_140119_309.jpg\",\"contentUrl\":\"https:\\\/\\\/www.amanien.info\\\/news\\\/wp-content\\\/uploads\\\/2025\\\/02\\\/IMG_20250209_140119_309.jpg\",\"width\":782,\"height\":933},{\"@type\":\"BreadcrumbList\",\"@id\":\"https:\\\/\\\/www.amanien.info\\\/news\\\/hommage-a-makan-keita-les-freres-keita-et-les-anciennes-gloires-du-football-ivoirien-chaussent-les-crampons\\\/#breadcrumb\",\"itemListElement\":[{\"@type\":\"ListItem\",\"position\":1,\"name\":\"Accueil\",\"item\":\"https:\\\/\\\/www.amanien.info\\\/news\\\/\"},{\"@type\":\"ListItem\",\"position\":2,\"name\":\"Hommage \u00e0 Makan Ke\u00efta : Les fr\u00e8res Ke\u00efta et les anciennes gloires du football ivoirien chaussent les crampons\u00a0\"}]},{\"@type\":\"WebSite\",\"@id\":\"https:\\\/\\\/www.amanien.info\\\/news\\\/#website\",\"url\":\"https:\\\/\\\/www.amanien.info\\\/news\\\/\",\"name\":\"Amanien| L&#039;actualit\u00e9 Ivoirienne et Internationale\",\"description\":\"L&#039;actualit\u00e9 Ivoirienne et Internationale\",\"potentialAction\":[{\"@type\":\"SearchAction\",\"target\":{\"@type\":\"EntryPoint\",\"urlTemplate\":\"https:\\\/\\\/www.amanien.info\\\/news\\\/?s={search_term_string}\"},\"query-input\":{\"@type\":\"PropertyValueSpecification\",\"valueRequired\":true,\"valueName\":\"search_term_string\"}}],\"inLanguage\":\"fr-FR\"},{\"@type\":\"Person\",\"@id\":\"https:\\\/\\\/www.amanien.info\\\/news\\\/#\\\/schema\\\/person\\\/b21093345753a1a98242d505bd894f42\",\"name\":\"Germain Ndri\",\"url\":\"https:\\\/\\\/www.amanien.info\\\/news\\\/author\\\/amanien-infos\\\/\"}]}<\/script>\n<!-- \/ Yoast SEO plugin. -->","yoast_head_json":{"title":"Hommage \u00e0 Makan Ke\u00efta : Les fr\u00e8res Ke\u00efta et les anciennes gloires du football ivoirien chaussent les crampons\u00a0 - Amanien| L&#039;actualit\u00e9 Ivoirienne et Internationale","robots":{"index":"index","follow":"follow","max-snippet":"max-snippet:-1","max-image-preview":"max-image-preview:large","max-video-preview":"max-video-preview:-1"},"canonical":"https:\/\/www.amanien.info\/news\/hommage-a-makan-keita-les-freres-keita-et-les-anciennes-gloires-du-football-ivoirien-chaussent-les-crampons\/","og_locale":"fr_FR","og_type":"article","og_title":"Hommage \u00e0 Makan Ke\u00efta : Les fr\u00e8res Ke\u00efta et les anciennes gloires du football ivoirien chaussent les crampons\u00a0 - Amanien| L&#039;actualit\u00e9 Ivoirienne et Internationale","og_description":"&nbsp; Ce samedi 09 f\u00e9vrier 2025 au complexe Sportif de Yopougon, \u00e9tait jour d&rsquo;hommage \u00e0 feu Makan Ke\u00efta, l&rsquo;ex inamovible secr\u00e9taire g\u00e9n\u00e9ral de la mythique et glorieuse \u00e9quipe du Sporting club de Gagnoa. Des sportifs ivoiriens, les amoureux du ballon rond et des anciennes gloires ont r\u00e9pondu pr\u00e9sents pour honorer cette biblioth\u00e8que, pour service rendu [&hellip;]","og_url":"https:\/\/www.amanien.info\/news\/hommage-a-makan-keita-les-freres-keita-et-les-anciennes-gloires-du-football-ivoirien-chaussent-les-crampons\/","og_site_name":"Amanien| L&#039;actualit\u00e9 Ivoirienne et Internationale","article_published_time":"2025-02-10T17:10:52+00:00","og_image":[{"width":782,"height":933,"url":"https:\/\/www.amanien.info\/news\/wp-content\/uploads\/2025\/02\/IMG_20250209_140119_309.jpg","type":"image\/jpeg"}],"author":"Germain Ndri","twitter_card":"summary_large_image","twitter_misc":{"\u00c9crit par":"Germain Ndri","Dur\u00e9e de lecture estim\u00e9e":"2 minutes"},"schema":{"@context":"https:\/\/schema.org","@graph":[{"@type":"Article","@id":"https:\/\/www.amanien.info\/news\/hommage-a-makan-keita-les-freres-keita-et-les-anciennes-gloires-du-football-ivoirien-chaussent-les-crampons\/#article","isPartOf":{"@id":"https:\/\/www.amanien.info\/news\/hommage-a-makan-keita-les-freres-keita-et-les-anciennes-gloires-du-football-ivoirien-chaussent-les-crampons\/"},"author":{"name":"Germain Ndri","@id":"https:\/\/www.amanien.info\/news\/#\/schema\/person\/b21093345753a1a98242d505bd894f42"},"headline":"Hommage \u00e0 Makan Ke\u00efta : Les fr\u00e8res Ke\u00efta et les anciennes gloires du football ivoirien chaussent les crampons\u00a0","datePublished":"2025-02-10T17:10:52+00:00","mainEntityOfPage":{"@id":"https:\/\/www.amanien.info\/news\/hommage-a-makan-keita-les-freres-keita-et-les-anciennes-gloires-du-football-ivoirien-chaussent-les-crampons\/"},"wordCount":533,"image":{"@id":"https:\/\/www.amanien.info\/news\/hommage-a-makan-keita-les-freres-keita-et-les-anciennes-gloires-du-football-ivoirien-chaussent-les-crampons\/#primaryimage"},"thumbnailUrl":"https:\/\/www.amanien.info\/news\/wp-content\/uploads\/2025\/02\/IMG_20250209_140119_309.jpg","articleSection":["Sport"],"inLanguage":"fr-FR"},{"@type":"WebPage","@id":"https:\/\/www.amanien.info\/news\/hommage-a-makan-keita-les-freres-keita-et-les-anciennes-gloires-du-football-ivoirien-chaussent-les-crampons\/","url":"https:\/\/www.amanien.info\/news\/hommage-a-makan-keita-les-freres-keita-et-les-anciennes-gloires-du-football-ivoirien-chaussent-les-crampons\/","name":"Hommage \u00e0 Makan Ke\u00efta : Les fr\u00e8res Ke\u00efta et les anciennes gloires du football ivoirien chaussent les crampons\u00a0 - Amanien| L&#039;actualit\u00e9 Ivoirienne et Internationale","isPartOf":{"@id":"https:\/\/www.amanien.info\/news\/#website"},"primaryImageOfPage":{"@id":"https:\/\/www.amanien.info\/news\/hommage-a-makan-keita-les-freres-keita-et-les-anciennes-gloires-du-football-ivoirien-chaussent-les-crampons\/#primaryimage"},"image":{"@id":"https:\/\/www.amanien.info\/news\/hommage-a-makan-keita-les-freres-keita-et-les-anciennes-gloires-du-football-ivoirien-chaussent-les-crampons\/#primaryimage"},"thumbnailUrl":"https:\/\/www.amanien.info\/news\/wp-content\/uploads\/2025\/02\/IMG_20250209_140119_309.jpg","datePublished":"2025-02-10T17:10:52+00:00","author":{"@id":"https:\/\/www.amanien.info\/news\/#\/schema\/person\/b21093345753a1a98242d505bd894f42"},"breadcrumb":{"@id":"https:\/\/www.amanien.info\/news\/hommage-a-makan-keita-les-freres-keita-et-les-anciennes-gloires-du-football-ivoirien-chaussent-les-crampons\/#breadcrumb"},"inLanguage":"fr-FR","potentialAction":[{"@type":"ReadAction","target":["https:\/\/www.amanien.info\/news\/hommage-a-makan-keita-les-freres-keita-et-les-anciennes-gloires-du-football-ivoirien-chaussent-les-crampons\/"]}]},{"@type":"ImageObject","inLanguage":"fr-FR","@id":"https:\/\/www.amanien.info\/news\/hommage-a-makan-keita-les-freres-keita-et-les-anciennes-gloires-du-football-ivoirien-chaussent-les-crampons\/#primaryimage","url":"https:\/\/www.amanien.info\/news\/wp-content\/uploads\/2025\/02\/IMG_20250209_140119_309.jpg","contentUrl":"https:\/\/www.amanien.info\/news\/wp-content\/uploads\/2025\/02\/IMG_20250209_140119_309.jpg","width":782,"height":933},{"@type":"BreadcrumbList","@id":"https:\/\/www.amanien.info\/news\/hommage-a-makan-keita-les-freres-keita-et-les-anciennes-gloires-du-football-ivoirien-chaussent-les-crampons\/#breadcrumb","itemListElement":[{"@type":"ListItem","position":1,"name":"Accueil","item":"https:\/\/www.amanien.info\/news\/"},{"@type":"ListItem","position":2,"name":"Hommage \u00e0 Makan Ke\u00efta : Les fr\u00e8res Ke\u00efta et les anciennes gloires du football ivoirien chaussent les crampons\u00a0"}]},{"@type":"WebSite","@id":"https:\/\/www.amanien.info\/news\/#website","url":"https:\/\/www.amanien.info\/news\/","name":"Amanien| L&#039;actualit\u00e9 Ivoirienne et Internationale","description":"L&#039;actualit\u00e9 Ivoirienne et Internationale","potentialAction":[{"@type":"SearchAction","target":{"@type":"EntryPoint","urlTemplate":"https:\/\/www.amanien.info\/news\/?s={search_term_string}"},"query-input":{"@type":"PropertyValueSpecification","valueRequired":true,"valueName":"search_term_string"}}],"inLanguage":"fr-FR"},{"@type":"Person","@id":"https:\/\/www.amanien.info\/news\/#\/schema\/person\/b21093345753a1a98242d505bd894f42","name":"Germain Ndri","url":"https:\/\/www.amanien.info\/news\/author\/amanien-infos\/"}]}},"_links":{"self":[{"href":"https:\/\/www.amanien.info\/news\/wp-json\/wp\/v2\/posts\/7093","targetHints":{"allow":["GET"]}}],"collection":[{"href":"https:\/\/www.amanien.info\/news\/wp-json\/wp\/v2\/posts"}],"about":[{"href":"https:\/\/www.amanien.info\/news\/wp-json\/wp\/v2\/types\/post"}],"author":[{"embeddable":true,"href":"https:\/\/www.amanien.info\/news\/wp-json\/wp\/v2\/users\/2"}],"replies":[{"embeddable":true,"href":"https:\/\/www.amanien.info\/news\/wp-json\/wp\/v2\/comments?post=7093"}],"version-history":[{"count":1,"href":"https:\/\/www.amanien.info\/news\/wp-json\/wp\/v2\/posts\/7093\/revisions"}],"predecessor-version":[{"id":7096,"href":"https:\/\/www.amanien.info\/news\/wp-json\/wp\/v2\/posts\/7093\/revisions\/7096"}],"wp:featuredmedia":[{"embeddable":true,"href":"https:\/\/www.amanien.info\/news\/wp-json\/wp\/v2\/media\/7095"}],"wp:attachment":[{"href":"https:\/\/www.amanien.info\/news\/wp-json\/wp\/v2\/media?parent=7093"}],"wp:term":[{"taxonomy":"category","embeddable":true,"href":"https:\/\/www.amanien.info\/news\/wp-json\/wp\/v2\/categories?post=7093"},{"taxonomy":"post_tag","embeddable":true,"href":"https:\/\/www.amanien.info\/news\/wp-json\/wp\/v2\/tags?post=7093"}],"curies":[{"name":"wp","href":"https:\/\/api.w.org\/{rel}","templated":true}]}}