{"id":7090,"date":"2025-02-09T21:28:36","date_gmt":"2025-02-09T21:28:36","guid":{"rendered":"https:\/\/www.amanien.info\/news\/?p=7090"},"modified":"2025-02-10T19:28:01","modified_gmt":"2025-02-10T19:28:01","slug":"federation-ivoirienne-de-taekwondo-me-ali-diomande-denonce-le-non-suivi-des-recommandations-de-la-wt-et-la-gestion-opaque-des-ressources","status":"publish","type":"post","link":"https:\/\/www.amanien.info\/news\/federation-ivoirienne-de-taekwondo-me-ali-diomande-denonce-le-non-suivi-des-recommandations-de-la-wt-et-la-gestion-opaque-des-ressources\/","title":{"rendered":"F\u00e9d\u00e9ration Ivoirienne de Taekwondo : Me Ali Diomand\u00e9 d\u00e9nonce le non-suivi des recommandations de la WT et la gestion opaque des ressources\u00a0"},"content":{"rendered":"<div>Face \u00e0 la crise sans pr\u00e9c\u00e9dent \u00e0 la F\u00e9d\u00e9ration Ivoirienne de Taekwondo (FITKD), le Pr\u00e9sident du Comit\u00e9 de Transition, Me Ali Diomand\u00e9, a d\u00e9nonc\u00e9 la non application des recommandations de la fa\u00eeti\u00e8re mondiale, la World Taekwondo (WT), notamment la mise en place d&rsquo;un Comit\u00e9 de pilotage r\u00e9unissant toutes les parties au conflit, le 20 janvier dernier, par le Minist\u00e8re des Sports, qui est \u00ab\u00a0non inclusif\u00a0\u00bb.<\/div>\n<div><\/div>\n<div><\/div>\n<div>Il s&rsquo;exprimait lors d&rsquo;une conf\u00e9rence de presse du collectif des 175 membres statutaires de la FITKD, qui s&rsquo;est tenue le samedi 08 f\u00e9vrier, \u00e0 Abidjan-Cocody.<\/div>\n<div><\/div>\n<div>\u00ab\u00a0Le comit\u00e9 de pilotage et sa constitution ne r\u00e9pond pas aux recommandations de la World Taekwondo, qui demande \u00e0 ce que les deux parties soient appel\u00e9es et rassembl\u00e9s pour pouvoir r\u00e9soudre la crise. Les deux parties ne sont pas pr\u00e9sentes dans ce Comit\u00e9 de pilotage pr\u00e9sid\u00e9 par l&rsquo;une des parties en conflit\u00a0\u00bb, a d\u00e9nonc\u00e9 Dr Ali Diomand\u00e9.<\/div>\n<div><\/div>\n<div>Avant d&rsquo;ajouter qu&rsquo;\u00e0 cette instance cr\u00e9\u00e9e, \u00ab\u00a0aucune mission n&rsquo;a \u00e9t\u00e9 d\u00e9finie\u00a0\u00bb, a-t-il relev\u00e9.<\/div>\n<div><\/div>\n<div>Poursuivant, le Repr\u00e9sentant du Comit\u00e9 de Transition de la FITKD a mis \u00e0 nu la mauvaise gestion des ressources financi\u00e8res de la F\u00e9d\u00e9ration et des cas de harc\u00e8lement sexuel qui, affirme-t-il, \u00ab\u00a0entachent\u00a0\u00bb la cr\u00e9dibilit\u00e9 de fa\u00eeti\u00e8re nationale.<\/div>\n<div><\/div>\n<div>Qualifiant l&rsquo;Assembl\u00e9e g\u00e9n\u00e9rale ordinaire (AGO) de la FITKD tenue le 02 f\u00e9vrier dernier, d&rsquo;une AGO \u00ab\u00a0honteuse\u00a0\u00bb, car elle ne r\u00e9pond pas aux attentes des membres statutaires de l&rsquo;organisation. \u00ab\u00a0Il y a une incapacit\u00e9 de justifier les d\u00e9penses exag\u00e9r\u00e9ment \u00e9lev\u00e9es dans l&rsquo;AGO qui a eu lieu (&#8230;). Dans le bilan moral, il n&rsquo;a \u00e9t\u00e9 fait cas de probl\u00e8me \u00e9thique qui existent au niveau du taekwondo et des probl\u00e8mes de moralit\u00e9 de certains membres de la F\u00e9d\u00e9ration\u00a0\u00bb, a-t-il d\u00e9plor\u00e9.<\/div>\n<div><\/div>\n<div>Me Ali Diomand\u00e9 n&rsquo;a pas manqu\u00e9 de d\u00e9crier l&rsquo;attitude \u00ab\u00a0indigne de confiance\u00a0\u00bb du Secr\u00e9taire g\u00e9n\u00e9ral de l&rsquo;Union Africaine de Taekwondo (AFTU), Balla DIEYE\u00a0 dans la r\u00e9solution de cette crise. Il a jug\u00e9 son immixtion dans la conduite des travaux de l&rsquo;AGO \u00ab\u00a0excessive\u00a0\u00bb.<\/div>\n<div><\/div>\n<div>En effet, le Secr\u00e9taire g\u00e9n\u00e9ral de l&rsquo;AFTU avait mis une pression sur le Commissaire aux comptes lors de l&rsquo;AGO pour que les irr\u00e9gularit\u00e9s financi\u00e8res mises en \u00e9vidence au sein de la FITKD, soient ignor\u00e9es.<\/div>\n<div><\/div>\n<div>Cette attitude a profond\u00e9ment choqu\u00e9 le pr\u00e9sident du Comit\u00e9 de transition. Poursuivant son intervention, Me Ali Diomand\u00e9 a brandi un courriel dat\u00e9 du vendredi 7 f\u00e9vrier 2025, envoy\u00e9 par le Directeur des Sports de Haut Niveau, AYEKOE Serges, au Secr\u00e9taire G\u00e9n\u00e9ral de l\u2019AFTU, Balla Di\u00e8ye. Dans ce courriel, le minist\u00e8re faisait clairement conna\u00eetre sa position, ce qui en disait long sur la ligne de conduite \u00e0 adopter face au combat men\u00e9 par le leader du Comit\u00e9 de transition. Selon cette communication, le minist\u00e8re estimait que l\u2019effort de sauver le Taekwondo ivoirien \u00e9tait vou\u00e9 \u00e0 l\u2019\u00e9chec.<\/div>\n<div><\/div>\n<div>En r\u00e9ponse \u00e0 ces graves propos, Me Ali Diomand\u00e9 a d\u00e9plor\u00e9 la partialit\u00e9 du SG Balla et a affirm\u00e9 que \u00ab\u00a0ses comportements ont contribu\u00e9 \u00e0 aggraver la crise. \u00ab\u00a0L&rsquo;\u00e9chec de votre mission r\u00e9sultant de votre \u00e9quation personnelle sera d\u00e9nonc\u00e9 fermement par nous(les acteurs du Taekwondo ivoirien) partout o\u00f9 besoin sera\u00a0\u00bb, a \u00e9crit le Pr\u00e9sident du comit\u00e9 de transition de la FITKD.<\/div>\n<div><\/div>\n<div>Face aux multiples rebondissements dans cette crise, note-t-on, le collectif des membres statutaires de la FITKD, a effectu\u00e9 des tourn\u00e9es d&rsquo;information, de consultation et de sensibilisation des Ma\u00eetres de salles et pratiquants de Taekwondo des communes d&rsquo;Abidjan et de l&rsquo;int\u00e9rieur du pays et a annonc\u00e9 qu&rsquo;il se d\u00e9solidarise de l&rsquo;\u00e9quipe dirig\u00e9e par Jean-Marc Yac\u00e9.<\/div>\n<div><\/div>\n<div><\/div>\n<div><b>S.A.<\/b><\/div>\n<div><\/div>\n","protected":false},"excerpt":{"rendered":"<p>Face \u00e0 la crise sans pr\u00e9c\u00e9dent \u00e0 la F\u00e9d\u00e9ration Ivoirienne de Taekwondo (FITKD), le Pr\u00e9sident du Comit\u00e9 de Transition, Me Ali Diomand\u00e9, a d\u00e9nonc\u00e9 la non application des recommandations de la fa\u00eeti\u00e8re mondiale, la World Taekwondo (WT), notamment la mise en place d&rsquo;un Comit\u00e9 de pilotage r\u00e9unissant toutes les parties au conflit, le 20 janvier [&hellip;]<\/p>\n","protected":false},"author":2,"featured_media":7091,"comment_status":"closed","ping_status":"closed","sticky":false,"template":"","format":"standard","meta":{"_acf_changed":false,"footnotes":""},"categories":[4],"tags":[],"class_list":["post-7090","post","type-post","status-publish","format-standard","has-post-thumbnail","hentry","category-sport"],"acf":[],"yoast_head":"<!-- This site is optimized with the Yoast SEO plugin v27.5 - https:\/\/yoast.com\/product\/yoast-seo-wordpress\/ -->\n<title>F\u00e9d\u00e9ration Ivoirienne de Taekwondo : Me Ali Diomand\u00e9 d\u00e9nonce le non-suivi des recommandations de la WT et la gestion opaque des ressources\u00a0 - Amanien| L&#039;actualit\u00e9 Ivoirienne et Internationale<\/title>\n<meta name=\"robots\" content=\"index, follow, max-snippet:-1, max-image-preview:large, max-video-preview:-1\" \/>\n<link rel=\"canonical\" href=\"https:\/\/www.amanien.info\/news\/federation-ivoirienne-de-taekwondo-me-ali-diomande-denonce-le-non-suivi-des-recommandations-de-la-wt-et-la-gestion-opaque-des-ressources\/\" \/>\n<meta property=\"og:locale\" content=\"fr_FR\" \/>\n<meta property=\"og:type\" content=\"article\" \/>\n<meta property=\"og:title\" content=\"F\u00e9d\u00e9ration Ivoirienne de Taekwondo : Me Ali Diomand\u00e9 d\u00e9nonce le non-suivi des recommandations de la WT et la gestion opaque des ressources\u00a0 - Amanien| L&#039;actualit\u00e9 Ivoirienne et Internationale\" \/>\n<meta property=\"og:description\" content=\"Face \u00e0 la crise sans pr\u00e9c\u00e9dent \u00e0 la F\u00e9d\u00e9ration Ivoirienne de Taekwondo (FITKD), le Pr\u00e9sident du Comit\u00e9 de Transition, Me Ali Diomand\u00e9, a d\u00e9nonc\u00e9 la non application des recommandations de la fa\u00eeti\u00e8re mondiale, la World Taekwondo (WT), notamment la mise en place d&rsquo;un Comit\u00e9 de pilotage r\u00e9unissant toutes les parties au conflit, le 20 janvier [&hellip;]\" \/>\n<meta property=\"og:url\" content=\"https:\/\/www.amanien.info\/news\/federation-ivoirienne-de-taekwondo-me-ali-diomande-denonce-le-non-suivi-des-recommandations-de-la-wt-et-la-gestion-opaque-des-ressources\/\" \/>\n<meta property=\"og:site_name\" content=\"Amanien| L&#039;actualit\u00e9 Ivoirienne et Internationale\" \/>\n<meta property=\"article:published_time\" content=\"2025-02-09T21:28:36+00:00\" \/>\n<meta property=\"article:modified_time\" content=\"2025-02-10T19:28:01+00:00\" \/>\n<meta property=\"og:image\" content=\"https:\/\/www.amanien.info\/news\/wp-content\/uploads\/2025\/02\/IMG-20250209-WA0029.jpg\" \/>\n\t<meta property=\"og:image:width\" content=\"2560\" \/>\n\t<meta property=\"og:image:height\" content=\"1706\" \/>\n\t<meta property=\"og:image:type\" content=\"image\/jpeg\" \/>\n<meta name=\"author\" content=\"Germain Ndri\" \/>\n<meta name=\"twitter:card\" content=\"summary_large_image\" \/>\n<meta name=\"twitter:label1\" content=\"\u00c9crit par\" \/>\n\t<meta name=\"twitter:data1\" content=\"Germain Ndri\" \/>\n\t<meta name=\"twitter:label2\" content=\"Dur\u00e9e de lecture estim\u00e9e\" \/>\n\t<meta name=\"twitter:data2\" content=\"4 minutes\" \/>\n<script type=\"application\/ld+json\" class=\"yoast-schema-graph\">{\"@context\":\"https:\\\/\\\/schema.org\",\"@graph\":[{\"@type\":\"Article\",\"@id\":\"https:\\\/\\\/www.amanien.info\\\/news\\\/federation-ivoirienne-de-taekwondo-me-ali-diomande-denonce-le-non-suivi-des-recommandations-de-la-wt-et-la-gestion-opaque-des-ressources\\\/#article\",\"isPartOf\":{\"@id\":\"https:\\\/\\\/www.amanien.info\\\/news\\\/federation-ivoirienne-de-taekwondo-me-ali-diomande-denonce-le-non-suivi-des-recommandations-de-la-wt-et-la-gestion-opaque-des-ressources\\\/\"},\"author\":{\"name\":\"Germain Ndri\",\"@id\":\"https:\\\/\\\/www.amanien.info\\\/news\\\/#\\\/schema\\\/person\\\/b21093345753a1a98242d505bd894f42\"},\"headline\":\"F\u00e9d\u00e9ration Ivoirienne de Taekwondo : Me Ali Diomand\u00e9 d\u00e9nonce le non-suivi des recommandations de la WT et la gestion opaque des ressources\u00a0\",\"datePublished\":\"2025-02-09T21:28:36+00:00\",\"dateModified\":\"2025-02-10T19:28:01+00:00\",\"mainEntityOfPage\":{\"@id\":\"https:\\\/\\\/www.amanien.info\\\/news\\\/federation-ivoirienne-de-taekwondo-me-ali-diomande-denonce-le-non-suivi-des-recommandations-de-la-wt-et-la-gestion-opaque-des-ressources\\\/\"},\"wordCount\":673,\"image\":{\"@id\":\"https:\\\/\\\/www.amanien.info\\\/news\\\/federation-ivoirienne-de-taekwondo-me-ali-diomande-denonce-le-non-suivi-des-recommandations-de-la-wt-et-la-gestion-opaque-des-ressources\\\/#primaryimage\"},\"thumbnailUrl\":\"https:\\\/\\\/www.amanien.info\\\/news\\\/wp-content\\\/uploads\\\/2025\\\/02\\\/IMG-20250209-WA0029.jpg\",\"articleSection\":[\"Sport\"],\"inLanguage\":\"fr-FR\"},{\"@type\":\"WebPage\",\"@id\":\"https:\\\/\\\/www.amanien.info\\\/news\\\/federation-ivoirienne-de-taekwondo-me-ali-diomande-denonce-le-non-suivi-des-recommandations-de-la-wt-et-la-gestion-opaque-des-ressources\\\/\",\"url\":\"https:\\\/\\\/www.amanien.info\\\/news\\\/federation-ivoirienne-de-taekwondo-me-ali-diomande-denonce-le-non-suivi-des-recommandations-de-la-wt-et-la-gestion-opaque-des-ressources\\\/\",\"name\":\"F\u00e9d\u00e9ration Ivoirienne de Taekwondo : Me Ali Diomand\u00e9 d\u00e9nonce le non-suivi des recommandations de la WT et la gestion opaque des ressources\u00a0 - Amanien| L&#039;actualit\u00e9 Ivoirienne et Internationale\",\"isPartOf\":{\"@id\":\"https:\\\/\\\/www.amanien.info\\\/news\\\/#website\"},\"primaryImageOfPage\":{\"@id\":\"https:\\\/\\\/www.amanien.info\\\/news\\\/federation-ivoirienne-de-taekwondo-me-ali-diomande-denonce-le-non-suivi-des-recommandations-de-la-wt-et-la-gestion-opaque-des-ressources\\\/#primaryimage\"},\"image\":{\"@id\":\"https:\\\/\\\/www.amanien.info\\\/news\\\/federation-ivoirienne-de-taekwondo-me-ali-diomande-denonce-le-non-suivi-des-recommandations-de-la-wt-et-la-gestion-opaque-des-ressources\\\/#primaryimage\"},\"thumbnailUrl\":\"https:\\\/\\\/www.amanien.info\\\/news\\\/wp-content\\\/uploads\\\/2025\\\/02\\\/IMG-20250209-WA0029.jpg\",\"datePublished\":\"2025-02-09T21:28:36+00:00\",\"dateModified\":\"2025-02-10T19:28:01+00:00\",\"author\":{\"@id\":\"https:\\\/\\\/www.amanien.info\\\/news\\\/#\\\/schema\\\/person\\\/b21093345753a1a98242d505bd894f42\"},\"breadcrumb\":{\"@id\":\"https:\\\/\\\/www.amanien.info\\\/news\\\/federation-ivoirienne-de-taekwondo-me-ali-diomande-denonce-le-non-suivi-des-recommandations-de-la-wt-et-la-gestion-opaque-des-ressources\\\/#breadcrumb\"},\"inLanguage\":\"fr-FR\",\"potentialAction\":[{\"@type\":\"ReadAction\",\"target\":[\"https:\\\/\\\/www.amanien.info\\\/news\\\/federation-ivoirienne-de-taekwondo-me-ali-diomande-denonce-le-non-suivi-des-recommandations-de-la-wt-et-la-gestion-opaque-des-ressources\\\/\"]}]},{\"@type\":\"ImageObject\",\"inLanguage\":\"fr-FR\",\"@id\":\"https:\\\/\\\/www.amanien.info\\\/news\\\/federation-ivoirienne-de-taekwondo-me-ali-diomande-denonce-le-non-suivi-des-recommandations-de-la-wt-et-la-gestion-opaque-des-ressources\\\/#primaryimage\",\"url\":\"https:\\\/\\\/www.amanien.info\\\/news\\\/wp-content\\\/uploads\\\/2025\\\/02\\\/IMG-20250209-WA0029.jpg\",\"contentUrl\":\"https:\\\/\\\/www.amanien.info\\\/news\\\/wp-content\\\/uploads\\\/2025\\\/02\\\/IMG-20250209-WA0029.jpg\",\"width\":2560,\"height\":1706},{\"@type\":\"BreadcrumbList\",\"@id\":\"https:\\\/\\\/www.amanien.info\\\/news\\\/federation-ivoirienne-de-taekwondo-me-ali-diomande-denonce-le-non-suivi-des-recommandations-de-la-wt-et-la-gestion-opaque-des-ressources\\\/#breadcrumb\",\"itemListElement\":[{\"@type\":\"ListItem\",\"position\":1,\"name\":\"Accueil\",\"item\":\"https:\\\/\\\/www.amanien.info\\\/news\\\/\"},{\"@type\":\"ListItem\",\"position\":2,\"name\":\"F\u00e9d\u00e9ration Ivoirienne de Taekwondo : Me Ali Diomand\u00e9 d\u00e9nonce le non-suivi des recommandations de la WT et la gestion opaque des ressources\u00a0\"}]},{\"@type\":\"WebSite\",\"@id\":\"https:\\\/\\\/www.amanien.info\\\/news\\\/#website\",\"url\":\"https:\\\/\\\/www.amanien.info\\\/news\\\/\",\"name\":\"Amanien| L&#039;actualit\u00e9 Ivoirienne et Internationale\",\"description\":\"L&#039;actualit\u00e9 Ivoirienne et Internationale\",\"potentialAction\":[{\"@type\":\"SearchAction\",\"target\":{\"@type\":\"EntryPoint\",\"urlTemplate\":\"https:\\\/\\\/www.amanien.info\\\/news\\\/?s={search_term_string}\"},\"query-input\":{\"@type\":\"PropertyValueSpecification\",\"valueRequired\":true,\"valueName\":\"search_term_string\"}}],\"inLanguage\":\"fr-FR\"},{\"@type\":\"Person\",\"@id\":\"https:\\\/\\\/www.amanien.info\\\/news\\\/#\\\/schema\\\/person\\\/b21093345753a1a98242d505bd894f42\",\"name\":\"Germain Ndri\",\"url\":\"https:\\\/\\\/www.amanien.info\\\/news\\\/author\\\/amanien-infos\\\/\"}]}<\/script>\n<!-- \/ Yoast SEO plugin. -->","yoast_head_json":{"title":"F\u00e9d\u00e9ration Ivoirienne de Taekwondo : Me Ali Diomand\u00e9 d\u00e9nonce le non-suivi des recommandations de la WT et la gestion opaque des ressources\u00a0 - Amanien| L&#039;actualit\u00e9 Ivoirienne et Internationale","robots":{"index":"index","follow":"follow","max-snippet":"max-snippet:-1","max-image-preview":"max-image-preview:large","max-video-preview":"max-video-preview:-1"},"canonical":"https:\/\/www.amanien.info\/news\/federation-ivoirienne-de-taekwondo-me-ali-diomande-denonce-le-non-suivi-des-recommandations-de-la-wt-et-la-gestion-opaque-des-ressources\/","og_locale":"fr_FR","og_type":"article","og_title":"F\u00e9d\u00e9ration Ivoirienne de Taekwondo : Me Ali Diomand\u00e9 d\u00e9nonce le non-suivi des recommandations de la WT et la gestion opaque des ressources\u00a0 - Amanien| L&#039;actualit\u00e9 Ivoirienne et Internationale","og_description":"Face \u00e0 la crise sans pr\u00e9c\u00e9dent \u00e0 la F\u00e9d\u00e9ration Ivoirienne de Taekwondo (FITKD), le Pr\u00e9sident du Comit\u00e9 de Transition, Me Ali Diomand\u00e9, a d\u00e9nonc\u00e9 la non application des recommandations de la fa\u00eeti\u00e8re mondiale, la World Taekwondo (WT), notamment la mise en place d&rsquo;un Comit\u00e9 de pilotage r\u00e9unissant toutes les parties au conflit, le 20 janvier [&hellip;]","og_url":"https:\/\/www.amanien.info\/news\/federation-ivoirienne-de-taekwondo-me-ali-diomande-denonce-le-non-suivi-des-recommandations-de-la-wt-et-la-gestion-opaque-des-ressources\/","og_site_name":"Amanien| L&#039;actualit\u00e9 Ivoirienne et Internationale","article_published_time":"2025-02-09T21:28:36+00:00","article_modified_time":"2025-02-10T19:28:01+00:00","og_image":[{"width":2560,"height":1706,"url":"https:\/\/www.amanien.info\/news\/wp-content\/uploads\/2025\/02\/IMG-20250209-WA0029.jpg","type":"image\/jpeg"}],"author":"Germain Ndri","twitter_card":"summary_large_image","twitter_misc":{"\u00c9crit par":"Germain Ndri","Dur\u00e9e de lecture estim\u00e9e":"4 minutes"},"schema":{"@context":"https:\/\/schema.org","@graph":[{"@type":"Article","@id":"https:\/\/www.amanien.info\/news\/federation-ivoirienne-de-taekwondo-me-ali-diomande-denonce-le-non-suivi-des-recommandations-de-la-wt-et-la-gestion-opaque-des-ressources\/#article","isPartOf":{"@id":"https:\/\/www.amanien.info\/news\/federation-ivoirienne-de-taekwondo-me-ali-diomande-denonce-le-non-suivi-des-recommandations-de-la-wt-et-la-gestion-opaque-des-ressources\/"},"author":{"name":"Germain Ndri","@id":"https:\/\/www.amanien.info\/news\/#\/schema\/person\/b21093345753a1a98242d505bd894f42"},"headline":"F\u00e9d\u00e9ration Ivoirienne de Taekwondo : Me Ali Diomand\u00e9 d\u00e9nonce le non-suivi des recommandations de la WT et la gestion opaque des ressources\u00a0","datePublished":"2025-02-09T21:28:36+00:00","dateModified":"2025-02-10T19:28:01+00:00","mainEntityOfPage":{"@id":"https:\/\/www.amanien.info\/news\/federation-ivoirienne-de-taekwondo-me-ali-diomande-denonce-le-non-suivi-des-recommandations-de-la-wt-et-la-gestion-opaque-des-ressources\/"},"wordCount":673,"image":{"@id":"https:\/\/www.amanien.info\/news\/federation-ivoirienne-de-taekwondo-me-ali-diomande-denonce-le-non-suivi-des-recommandations-de-la-wt-et-la-gestion-opaque-des-ressources\/#primaryimage"},"thumbnailUrl":"https:\/\/www.amanien.info\/news\/wp-content\/uploads\/2025\/02\/IMG-20250209-WA0029.jpg","articleSection":["Sport"],"inLanguage":"fr-FR"},{"@type":"WebPage","@id":"https:\/\/www.amanien.info\/news\/federation-ivoirienne-de-taekwondo-me-ali-diomande-denonce-le-non-suivi-des-recommandations-de-la-wt-et-la-gestion-opaque-des-ressources\/","url":"https:\/\/www.amanien.info\/news\/federation-ivoirienne-de-taekwondo-me-ali-diomande-denonce-le-non-suivi-des-recommandations-de-la-wt-et-la-gestion-opaque-des-ressources\/","name":"F\u00e9d\u00e9ration Ivoirienne de Taekwondo : Me Ali Diomand\u00e9 d\u00e9nonce le non-suivi des recommandations de la WT et la gestion opaque des ressources\u00a0 - Amanien| L&#039;actualit\u00e9 Ivoirienne et Internationale","isPartOf":{"@id":"https:\/\/www.amanien.info\/news\/#website"},"primaryImageOfPage":{"@id":"https:\/\/www.amanien.info\/news\/federation-ivoirienne-de-taekwondo-me-ali-diomande-denonce-le-non-suivi-des-recommandations-de-la-wt-et-la-gestion-opaque-des-ressources\/#primaryimage"},"image":{"@id":"https:\/\/www.amanien.info\/news\/federation-ivoirienne-de-taekwondo-me-ali-diomande-denonce-le-non-suivi-des-recommandations-de-la-wt-et-la-gestion-opaque-des-ressources\/#primaryimage"},"thumbnailUrl":"https:\/\/www.amanien.info\/news\/wp-content\/uploads\/2025\/02\/IMG-20250209-WA0029.jpg","datePublished":"2025-02-09T21:28:36+00:00","dateModified":"2025-02-10T19:28:01+00:00","author":{"@id":"https:\/\/www.amanien.info\/news\/#\/schema\/person\/b21093345753a1a98242d505bd894f42"},"breadcrumb":{"@id":"https:\/\/www.amanien.info\/news\/federation-ivoirienne-de-taekwondo-me-ali-diomande-denonce-le-non-suivi-des-recommandations-de-la-wt-et-la-gestion-opaque-des-ressources\/#breadcrumb"},"inLanguage":"fr-FR","potentialAction":[{"@type":"ReadAction","target":["https:\/\/www.amanien.info\/news\/federation-ivoirienne-de-taekwondo-me-ali-diomande-denonce-le-non-suivi-des-recommandations-de-la-wt-et-la-gestion-opaque-des-ressources\/"]}]},{"@type":"ImageObject","inLanguage":"fr-FR","@id":"https:\/\/www.amanien.info\/news\/federation-ivoirienne-de-taekwondo-me-ali-diomande-denonce-le-non-suivi-des-recommandations-de-la-wt-et-la-gestion-opaque-des-ressources\/#primaryimage","url":"https:\/\/www.amanien.info\/news\/wp-content\/uploads\/2025\/02\/IMG-20250209-WA0029.jpg","contentUrl":"https:\/\/www.amanien.info\/news\/wp-content\/uploads\/2025\/02\/IMG-20250209-WA0029.jpg","width":2560,"height":1706},{"@type":"BreadcrumbList","@id":"https:\/\/www.amanien.info\/news\/federation-ivoirienne-de-taekwondo-me-ali-diomande-denonce-le-non-suivi-des-recommandations-de-la-wt-et-la-gestion-opaque-des-ressources\/#breadcrumb","itemListElement":[{"@type":"ListItem","position":1,"name":"Accueil","item":"https:\/\/www.amanien.info\/news\/"},{"@type":"ListItem","position":2,"name":"F\u00e9d\u00e9ration Ivoirienne de Taekwondo : Me Ali Diomand\u00e9 d\u00e9nonce le non-suivi des recommandations de la WT et la gestion opaque des ressources\u00a0"}]},{"@type":"WebSite","@id":"https:\/\/www.amanien.info\/news\/#website","url":"https:\/\/www.amanien.info\/news\/","name":"Amanien| L&#039;actualit\u00e9 Ivoirienne et Internationale","description":"L&#039;actualit\u00e9 Ivoirienne et Internationale","potentialAction":[{"@type":"SearchAction","target":{"@type":"EntryPoint","urlTemplate":"https:\/\/www.amanien.info\/news\/?s={search_term_string}"},"query-input":{"@type":"PropertyValueSpecification","valueRequired":true,"valueName":"search_term_string"}}],"inLanguage":"fr-FR"},{"@type":"Person","@id":"https:\/\/www.amanien.info\/news\/#\/schema\/person\/b21093345753a1a98242d505bd894f42","name":"Germain Ndri","url":"https:\/\/www.amanien.info\/news\/author\/amanien-infos\/"}]}},"_links":{"self":[{"href":"https:\/\/www.amanien.info\/news\/wp-json\/wp\/v2\/posts\/7090","targetHints":{"allow":["GET"]}}],"collection":[{"href":"https:\/\/www.amanien.info\/news\/wp-json\/wp\/v2\/posts"}],"about":[{"href":"https:\/\/www.amanien.info\/news\/wp-json\/wp\/v2\/types\/post"}],"author":[{"embeddable":true,"href":"https:\/\/www.amanien.info\/news\/wp-json\/wp\/v2\/users\/2"}],"replies":[{"embeddable":true,"href":"https:\/\/www.amanien.info\/news\/wp-json\/wp\/v2\/comments?post=7090"}],"version-history":[{"count":3,"href":"https:\/\/www.amanien.info\/news\/wp-json\/wp\/v2\/posts\/7090\/revisions"}],"predecessor-version":[{"id":7098,"href":"https:\/\/www.amanien.info\/news\/wp-json\/wp\/v2\/posts\/7090\/revisions\/7098"}],"wp:featuredmedia":[{"embeddable":true,"href":"https:\/\/www.amanien.info\/news\/wp-json\/wp\/v2\/media\/7091"}],"wp:attachment":[{"href":"https:\/\/www.amanien.info\/news\/wp-json\/wp\/v2\/media?parent=7090"}],"wp:term":[{"taxonomy":"category","embeddable":true,"href":"https:\/\/www.amanien.info\/news\/wp-json\/wp\/v2\/categories?post=7090"},{"taxonomy":"post_tag","embeddable":true,"href":"https:\/\/www.amanien.info\/news\/wp-json\/wp\/v2\/tags?post=7090"}],"curies":[{"name":"wp","href":"https:\/\/api.w.org\/{rel}","templated":true}]}}