{"id":7083,"date":"2025-02-04T09:07:56","date_gmt":"2025-02-04T09:07:56","guid":{"rendered":"https:\/\/www.amanien.info\/news\/?p=7083"},"modified":"2025-02-04T09:07:56","modified_gmt":"2025-02-04T09:07:56","slug":"litige-foncier-a-quatre-croixanyama-le-dg-de-la-societe-arc-en-ciel-benie-ake-levy-nous-sommes-detentrices-de-tous-les-biens-fonciers-sur-quatre-croix","status":"publish","type":"post","link":"https:\/\/www.amanien.info\/news\/litige-foncier-a-quatre-croixanyama-le-dg-de-la-societe-arc-en-ciel-benie-ake-levy-nous-sommes-detentrices-de-tous-les-biens-fonciers-sur-quatre-croix\/","title":{"rendered":"Litige foncier \u00e0 Quatre-Croix(Anyama)\/ Le DG de la soci\u00e9t\u00e9 Arc-en-ciel, BENIE Ak\u00e9 Levy : \u00ab\u00a0Nous sommes d\u00e9tentrices de tous les biens fonciers sur Quatre-Croix\u00a0\u00bb"},"content":{"rendered":"<p>&nbsp;<\/p>\n<div><span style=\"text-transform: initial;\">Face aux agissements et protestations des r\u00e9sidents et l&rsquo;association des acqu\u00e9reurs du quartier \u00ab\u00a0Quatre-Croix\u00a0\u00bb d&rsquo;Anyama(route d&rsquo;Al\u00e9p\u00e9), relay\u00e9s r\u00e9cemment sur les r\u00e9seaux sociaux, le Directeur G\u00e9n\u00e9ral de la S<\/span><\/div>\n<div>soci\u00e9t\u00e9 immobili\u00e8re, \u00ab\u00a0Arc-en-ciel\u00a0\u00bb, BENIE Ak\u00e9 Levy, est mont\u00e9 au cr\u00e9neau et a apport\u00e9 des \u00e9clairages.<\/div>\n<div><\/div>\n<div><\/div>\n<div>C&rsquo;\u00e9tait au cours d&rsquo;une conf\u00e9rence de presse qu&rsquo;il a anim\u00e9e, le samedi 1er f\u00e9vrier 2025, au si\u00e8ge de \u00ab\u00a0Arc-en-ciel\u00a0\u00bb, sis \u00e0 Cocody-Vallon.<\/div>\n<div><\/div>\n<div><\/div>\n<div>Apportant des \u00e9clairages aux journalistes, M. B\u00c9NI\u00c9 Ak\u00e9 Levy a r\u00e9v\u00e9l\u00e9 qu&rsquo;en 2010, la soci\u00e9t\u00e9 Arc-en-ciel a rencontr\u00e9 la famille Yapo Adangb\u00e9 Th\u00e9ophile pour la signature d&rsquo;un contrat de lotissement de parcelle de 83 ha dont les b\u00e9n\u00e9ficiaires l\u00e9gitimes sont les ayants droits de feu Yapo Adangb\u00e9 Th\u00e9ophile. Tous repr\u00e9sent\u00e9s par M. ADANGB\u00c9 Kakou. Le contrat de lotissement a \u00e9t\u00e9 sign\u00e9 entre les deux parties (la soci\u00e9t\u00e9 Arc-en-ciel et la famille ADANGB\u00c9) le 03 ao\u00fbt 2015, aux dires du Promoteur immobilier BENIE Ak\u00e9 Levy.<\/div>\n<div><\/div>\n<div><\/div>\n<div>A la suite, un acte de vente a \u00e9t\u00e9 sign\u00e9 devant le notaire, Me Ahobaut Besset Fulgence, entre les vrais propri\u00e9taires terriens de la famille ADANGB\u00c9 et Arc-en-ciel pour un montant total de 1 500 000 000 FCFA pour 75 ha et pour 500 000 000\u00a0 FCFA avec un titre foncier n\u00b0206 538 pour une superficie de 08 ha.<\/div>\n<div><\/div>\n<div><\/div>\n<div>Le 12 avril 2018, un protocole d&rsquo;accord de cession des consorts ADANGB\u00c9 et de leur parcelle \u00e0 Arc-en-ciel du Titre Foncier T.F 28 608 Bingerville\/Anyama, a \u00e9t\u00e9 sign\u00e9 devant le notaire. S&rsquo;en est suivie la vente immobili\u00e8re des consorts ADANGB\u00c9\/ Arc-en-ciel SARL qui a eu lieu le 24 juin et le 10 d\u00e9cembre 2020.<\/div>\n<div><\/div>\n<div><\/div>\n<div>Apr\u00e8s toutes ces d\u00e9marches, poursuit M. BENIE, un arr\u00eat\u00e9 de concession d\u00e9finitive (ACD) a \u00e9t\u00e9 d\u00e9livr\u00e9 par le Minist\u00e8re de la construction, du logement et de l&rsquo;urbanisme, le 21 janvier 2021. Les d\u00e9penses effectu\u00e9es par Arc-en-ciel pour cette d\u00e9marche sont estim\u00e9es \u00e0 plus de 250 000 000 FCFA.<\/div>\n<div><\/div>\n<div><\/div>\n<div>A l&rsquo;issue de l&rsquo;obtention de l&rsquo;ACD par Arc-en-ciel, explique le Promoteur immobilier, une ordonnance de d\u00e9guerpissement a \u00e9t\u00e9 signifi\u00e9e aux r\u00e9sidents ill\u00e9gaux.<\/div>\n<div><\/div>\n<div>Malgr\u00e9 cette ordonnance de d\u00e9guerpissement, dit-il, les occupants ill\u00e9gaux continuent de construire des maisons sur le site.<\/div>\n<div><\/div>\n<div><\/div>\n<div>Face aux agissements des r\u00e9sidents ill\u00e9gaux, du Chef de village de Quatre Croix, Hamond Sim\u00e9on, et autres, Arc-en-ciel demande aux autorit\u00e9s comp\u00e9tentes de lui donner les moyens afin d&rsquo;ex\u00e9cuter cette d\u00e9cision de d\u00e9molition. \u00ab\u00a0Nous sommes d\u00e9tenteurs de tous les biens fonciers sur Quatre-Croix et nous demandons aux autorit\u00e9s comp\u00e9tentes de nous aider \u00e0 prendre possession de nos terrains\u00a0\u00bb, a r\u00e9clam\u00e9 le Patron de la Soci\u00e9t\u00e9 Immobili\u00e8re Arc-en-ciel, appelant au respect de la loi.<\/div>\n<div><\/div>\n<div><\/div>\n<div>A l&rsquo;en croire, Arc-en-ciel ne sera pas \u00ab\u00a0la premi\u00e8re ni la derni\u00e8re soci\u00e9t\u00e9 \u00e0 d\u00e9molir des maisons\u00a0\u00bb, a-t-il martel\u00e9.<\/div>\n<div><\/div>\n<div>Il a \u00e9galement saisi cette occasion pour d\u00e9noncer la complicit\u00e9 entre le sous-pr\u00e9fet d&rsquo;Anyama et les occupants ill\u00e9gaux, des r\u00e9quisitions de v\u00e9hicules et des agressions subies par les agents de la soci\u00e9t\u00e9\u00a0\u00bbArc-en-ciel SARL\u00a0\u00bb sur le site en d\u00e9cembre dernier lors d&rsquo;une op\u00e9ration de d\u00e9guerpissement.<\/div>\n<div><\/div>\n<div><\/div>\n<div>Notons que tous les documents administratifs l\u00e9gaux ont \u00e9t\u00e9 pr\u00e9sent\u00e9s aux journalistes par le Directeur G\u00e9n\u00e9ral B\u00c9NI\u00c9 Ak\u00e9 Levy \u00e0 l&rsquo;occasion de cette\u00a0 rencontre, qui a permis \u00e0 la soci\u00e9t\u00e9 immobili\u00e8re Arc-en-ciel SARL d&rsquo;apporter plus d&rsquo;\u00e9claircissement et d&rsquo;assurance sur ce litige foncier qui dure depuis des ann\u00e9es.<\/div>\n<div><\/div>\n<div><\/div>\n<div><\/div>\n<div><b>S.A.<\/b><\/div>\n<div><\/div>\n","protected":false},"excerpt":{"rendered":"<p>&nbsp; Face aux agissements et protestations des r\u00e9sidents et l&rsquo;association des acqu\u00e9reurs du quartier \u00ab\u00a0Quatre-Croix\u00a0\u00bb d&rsquo;Anyama(route d&rsquo;Al\u00e9p\u00e9), relay\u00e9s r\u00e9cemment sur les r\u00e9seaux sociaux, le Directeur G\u00e9n\u00e9ral de la S soci\u00e9t\u00e9 immobili\u00e8re, \u00ab\u00a0Arc-en-ciel\u00a0\u00bb, BENIE Ak\u00e9 Levy, est mont\u00e9 au cr\u00e9neau et a apport\u00e9 des \u00e9clairages. C&rsquo;\u00e9tait au cours d&rsquo;une conf\u00e9rence de presse qu&rsquo;il a anim\u00e9e, le [&hellip;]<\/p>\n","protected":false},"author":2,"featured_media":7087,"comment_status":"closed","ping_status":"closed","sticky":false,"template":"","format":"standard","meta":{"_acf_changed":false,"footnotes":""},"categories":[],"tags":[12],"class_list":["post-7083","post","type-post","status-publish","format-standard","has-post-thumbnail","hentry","tag-societe"],"acf":[],"yoast_head":"<!-- This site is optimized with the Yoast SEO plugin v27.5 - https:\/\/yoast.com\/product\/yoast-seo-wordpress\/ -->\n<title>Litige foncier \u00e0 Quatre-Croix(Anyama)\/ Le DG de la soci\u00e9t\u00e9 Arc-en-ciel, BENIE Ak\u00e9 Levy : &quot;Nous sommes d\u00e9tentrices de tous les biens fonciers sur Quatre-Croix&quot; - Amanien| L&#039;actualit\u00e9 Ivoirienne et Internationale<\/title>\n<meta name=\"robots\" content=\"index, follow, max-snippet:-1, max-image-preview:large, max-video-preview:-1\" \/>\n<link rel=\"canonical\" href=\"https:\/\/www.amanien.info\/news\/litige-foncier-a-quatre-croixanyama-le-dg-de-la-societe-arc-en-ciel-benie-ake-levy-nous-sommes-detentrices-de-tous-les-biens-fonciers-sur-quatre-croix\/\" \/>\n<meta property=\"og:locale\" content=\"fr_FR\" \/>\n<meta property=\"og:type\" content=\"article\" \/>\n<meta property=\"og:title\" content=\"Litige foncier \u00e0 Quatre-Croix(Anyama)\/ Le DG de la soci\u00e9t\u00e9 Arc-en-ciel, BENIE Ak\u00e9 Levy : &quot;Nous sommes d\u00e9tentrices de tous les biens fonciers sur Quatre-Croix&quot; - Amanien| L&#039;actualit\u00e9 Ivoirienne et Internationale\" \/>\n<meta property=\"og:description\" content=\"&nbsp; Face aux agissements et protestations des r\u00e9sidents et l&rsquo;association des acqu\u00e9reurs du quartier \u00ab\u00a0Quatre-Croix\u00a0\u00bb d&rsquo;Anyama(route d&rsquo;Al\u00e9p\u00e9), relay\u00e9s r\u00e9cemment sur les r\u00e9seaux sociaux, le Directeur G\u00e9n\u00e9ral de la S soci\u00e9t\u00e9 immobili\u00e8re, \u00ab\u00a0Arc-en-ciel\u00a0\u00bb, BENIE Ak\u00e9 Levy, est mont\u00e9 au cr\u00e9neau et a apport\u00e9 des \u00e9clairages. C&rsquo;\u00e9tait au cours d&rsquo;une conf\u00e9rence de presse qu&rsquo;il a anim\u00e9e, le [&hellip;]\" \/>\n<meta property=\"og:url\" content=\"https:\/\/www.amanien.info\/news\/litige-foncier-a-quatre-croixanyama-le-dg-de-la-societe-arc-en-ciel-benie-ake-levy-nous-sommes-detentrices-de-tous-les-biens-fonciers-sur-quatre-croix\/\" \/>\n<meta property=\"og:site_name\" content=\"Amanien| L&#039;actualit\u00e9 Ivoirienne et Internationale\" \/>\n<meta property=\"article:published_time\" content=\"2025-02-04T09:07:56+00:00\" \/>\n<meta property=\"og:image\" content=\"https:\/\/www.amanien.info\/news\/wp-content\/uploads\/2025\/02\/IMG_20250201_141109_401-2-scaled.jpg\" \/>\n\t<meta property=\"og:image:width\" content=\"2560\" \/>\n\t<meta property=\"og:image:height\" content=\"1920\" \/>\n\t<meta property=\"og:image:type\" content=\"image\/jpeg\" \/>\n<meta name=\"author\" content=\"Germain Ndri\" \/>\n<meta name=\"twitter:card\" content=\"summary_large_image\" \/>\n<meta name=\"twitter:label1\" content=\"\u00c9crit par\" \/>\n\t<meta name=\"twitter:data1\" content=\"Germain Ndri\" \/>\n\t<meta name=\"twitter:label2\" content=\"Dur\u00e9e de lecture estim\u00e9e\" \/>\n\t<meta name=\"twitter:data2\" content=\"3 minutes\" \/>\n<script type=\"application\/ld+json\" class=\"yoast-schema-graph\">{\"@context\":\"https:\\\/\\\/schema.org\",\"@graph\":[{\"@type\":\"Article\",\"@id\":\"https:\\\/\\\/www.amanien.info\\\/news\\\/litige-foncier-a-quatre-croixanyama-le-dg-de-la-societe-arc-en-ciel-benie-ake-levy-nous-sommes-detentrices-de-tous-les-biens-fonciers-sur-quatre-croix\\\/#article\",\"isPartOf\":{\"@id\":\"https:\\\/\\\/www.amanien.info\\\/news\\\/litige-foncier-a-quatre-croixanyama-le-dg-de-la-societe-arc-en-ciel-benie-ake-levy-nous-sommes-detentrices-de-tous-les-biens-fonciers-sur-quatre-croix\\\/\"},\"author\":{\"name\":\"Germain Ndri\",\"@id\":\"https:\\\/\\\/www.amanien.info\\\/news\\\/#\\\/schema\\\/person\\\/b21093345753a1a98242d505bd894f42\"},\"headline\":\"Litige foncier \u00e0 Quatre-Croix(Anyama)\\\/ Le DG de la soci\u00e9t\u00e9 Arc-en-ciel, BENIE Ak\u00e9 Levy : \u00ab\u00a0Nous sommes d\u00e9tentrices de tous les biens fonciers sur Quatre-Croix\u00a0\u00bb\",\"datePublished\":\"2025-02-04T09:07:56+00:00\",\"mainEntityOfPage\":{\"@id\":\"https:\\\/\\\/www.amanien.info\\\/news\\\/litige-foncier-a-quatre-croixanyama-le-dg-de-la-societe-arc-en-ciel-benie-ake-levy-nous-sommes-detentrices-de-tous-les-biens-fonciers-sur-quatre-croix\\\/\"},\"wordCount\":635,\"image\":{\"@id\":\"https:\\\/\\\/www.amanien.info\\\/news\\\/litige-foncier-a-quatre-croixanyama-le-dg-de-la-societe-arc-en-ciel-benie-ake-levy-nous-sommes-detentrices-de-tous-les-biens-fonciers-sur-quatre-croix\\\/#primaryimage\"},\"thumbnailUrl\":\"https:\\\/\\\/www.amanien.info\\\/news\\\/wp-content\\\/uploads\\\/2025\\\/02\\\/IMG_20250201_141109_401-2-scaled.jpg\",\"keywords\":[\"Soci\u00e9t\u00e9\"],\"inLanguage\":\"fr-FR\"},{\"@type\":\"WebPage\",\"@id\":\"https:\\\/\\\/www.amanien.info\\\/news\\\/litige-foncier-a-quatre-croixanyama-le-dg-de-la-societe-arc-en-ciel-benie-ake-levy-nous-sommes-detentrices-de-tous-les-biens-fonciers-sur-quatre-croix\\\/\",\"url\":\"https:\\\/\\\/www.amanien.info\\\/news\\\/litige-foncier-a-quatre-croixanyama-le-dg-de-la-societe-arc-en-ciel-benie-ake-levy-nous-sommes-detentrices-de-tous-les-biens-fonciers-sur-quatre-croix\\\/\",\"name\":\"Litige foncier \u00e0 Quatre-Croix(Anyama)\\\/ Le DG de la soci\u00e9t\u00e9 Arc-en-ciel, BENIE Ak\u00e9 Levy : \\\"Nous sommes d\u00e9tentrices de tous les biens fonciers sur Quatre-Croix\\\" - Amanien| L&#039;actualit\u00e9 Ivoirienne et Internationale\",\"isPartOf\":{\"@id\":\"https:\\\/\\\/www.amanien.info\\\/news\\\/#website\"},\"primaryImageOfPage\":{\"@id\":\"https:\\\/\\\/www.amanien.info\\\/news\\\/litige-foncier-a-quatre-croixanyama-le-dg-de-la-societe-arc-en-ciel-benie-ake-levy-nous-sommes-detentrices-de-tous-les-biens-fonciers-sur-quatre-croix\\\/#primaryimage\"},\"image\":{\"@id\":\"https:\\\/\\\/www.amanien.info\\\/news\\\/litige-foncier-a-quatre-croixanyama-le-dg-de-la-societe-arc-en-ciel-benie-ake-levy-nous-sommes-detentrices-de-tous-les-biens-fonciers-sur-quatre-croix\\\/#primaryimage\"},\"thumbnailUrl\":\"https:\\\/\\\/www.amanien.info\\\/news\\\/wp-content\\\/uploads\\\/2025\\\/02\\\/IMG_20250201_141109_401-2-scaled.jpg\",\"datePublished\":\"2025-02-04T09:07:56+00:00\",\"author\":{\"@id\":\"https:\\\/\\\/www.amanien.info\\\/news\\\/#\\\/schema\\\/person\\\/b21093345753a1a98242d505bd894f42\"},\"breadcrumb\":{\"@id\":\"https:\\\/\\\/www.amanien.info\\\/news\\\/litige-foncier-a-quatre-croixanyama-le-dg-de-la-societe-arc-en-ciel-benie-ake-levy-nous-sommes-detentrices-de-tous-les-biens-fonciers-sur-quatre-croix\\\/#breadcrumb\"},\"inLanguage\":\"fr-FR\",\"potentialAction\":[{\"@type\":\"ReadAction\",\"target\":[\"https:\\\/\\\/www.amanien.info\\\/news\\\/litige-foncier-a-quatre-croixanyama-le-dg-de-la-societe-arc-en-ciel-benie-ake-levy-nous-sommes-detentrices-de-tous-les-biens-fonciers-sur-quatre-croix\\\/\"]}]},{\"@type\":\"ImageObject\",\"inLanguage\":\"fr-FR\",\"@id\":\"https:\\\/\\\/www.amanien.info\\\/news\\\/litige-foncier-a-quatre-croixanyama-le-dg-de-la-societe-arc-en-ciel-benie-ake-levy-nous-sommes-detentrices-de-tous-les-biens-fonciers-sur-quatre-croix\\\/#primaryimage\",\"url\":\"https:\\\/\\\/www.amanien.info\\\/news\\\/wp-content\\\/uploads\\\/2025\\\/02\\\/IMG_20250201_141109_401-2-scaled.jpg\",\"contentUrl\":\"https:\\\/\\\/www.amanien.info\\\/news\\\/wp-content\\\/uploads\\\/2025\\\/02\\\/IMG_20250201_141109_401-2-scaled.jpg\",\"width\":2560,\"height\":1920},{\"@type\":\"BreadcrumbList\",\"@id\":\"https:\\\/\\\/www.amanien.info\\\/news\\\/litige-foncier-a-quatre-croixanyama-le-dg-de-la-societe-arc-en-ciel-benie-ake-levy-nous-sommes-detentrices-de-tous-les-biens-fonciers-sur-quatre-croix\\\/#breadcrumb\",\"itemListElement\":[{\"@type\":\"ListItem\",\"position\":1,\"name\":\"Accueil\",\"item\":\"https:\\\/\\\/www.amanien.info\\\/news\\\/\"},{\"@type\":\"ListItem\",\"position\":2,\"name\":\"Litige foncier \u00e0 Quatre-Croix(Anyama)\\\/ Le DG de la soci\u00e9t\u00e9 Arc-en-ciel, BENIE Ak\u00e9 Levy : \u00ab\u00a0Nous sommes d\u00e9tentrices de tous les biens fonciers sur Quatre-Croix\u00a0\u00bb\"}]},{\"@type\":\"WebSite\",\"@id\":\"https:\\\/\\\/www.amanien.info\\\/news\\\/#website\",\"url\":\"https:\\\/\\\/www.amanien.info\\\/news\\\/\",\"name\":\"Amanien| L&#039;actualit\u00e9 Ivoirienne et Internationale\",\"description\":\"L&#039;actualit\u00e9 Ivoirienne et Internationale\",\"potentialAction\":[{\"@type\":\"SearchAction\",\"target\":{\"@type\":\"EntryPoint\",\"urlTemplate\":\"https:\\\/\\\/www.amanien.info\\\/news\\\/?s={search_term_string}\"},\"query-input\":{\"@type\":\"PropertyValueSpecification\",\"valueRequired\":true,\"valueName\":\"search_term_string\"}}],\"inLanguage\":\"fr-FR\"},{\"@type\":\"Person\",\"@id\":\"https:\\\/\\\/www.amanien.info\\\/news\\\/#\\\/schema\\\/person\\\/b21093345753a1a98242d505bd894f42\",\"name\":\"Germain Ndri\",\"url\":\"https:\\\/\\\/www.amanien.info\\\/news\\\/author\\\/amanien-infos\\\/\"}]}<\/script>\n<!-- \/ Yoast SEO plugin. -->","yoast_head_json":{"title":"Litige foncier \u00e0 Quatre-Croix(Anyama)\/ Le DG de la soci\u00e9t\u00e9 Arc-en-ciel, BENIE Ak\u00e9 Levy : \"Nous sommes d\u00e9tentrices de tous les biens fonciers sur Quatre-Croix\" - Amanien| L&#039;actualit\u00e9 Ivoirienne et Internationale","robots":{"index":"index","follow":"follow","max-snippet":"max-snippet:-1","max-image-preview":"max-image-preview:large","max-video-preview":"max-video-preview:-1"},"canonical":"https:\/\/www.amanien.info\/news\/litige-foncier-a-quatre-croixanyama-le-dg-de-la-societe-arc-en-ciel-benie-ake-levy-nous-sommes-detentrices-de-tous-les-biens-fonciers-sur-quatre-croix\/","og_locale":"fr_FR","og_type":"article","og_title":"Litige foncier \u00e0 Quatre-Croix(Anyama)\/ Le DG de la soci\u00e9t\u00e9 Arc-en-ciel, BENIE Ak\u00e9 Levy : \"Nous sommes d\u00e9tentrices de tous les biens fonciers sur Quatre-Croix\" - Amanien| L&#039;actualit\u00e9 Ivoirienne et Internationale","og_description":"&nbsp; Face aux agissements et protestations des r\u00e9sidents et l&rsquo;association des acqu\u00e9reurs du quartier \u00ab\u00a0Quatre-Croix\u00a0\u00bb d&rsquo;Anyama(route d&rsquo;Al\u00e9p\u00e9), relay\u00e9s r\u00e9cemment sur les r\u00e9seaux sociaux, le Directeur G\u00e9n\u00e9ral de la S soci\u00e9t\u00e9 immobili\u00e8re, \u00ab\u00a0Arc-en-ciel\u00a0\u00bb, BENIE Ak\u00e9 Levy, est mont\u00e9 au cr\u00e9neau et a apport\u00e9 des \u00e9clairages. C&rsquo;\u00e9tait au cours d&rsquo;une conf\u00e9rence de presse qu&rsquo;il a anim\u00e9e, le [&hellip;]","og_url":"https:\/\/www.amanien.info\/news\/litige-foncier-a-quatre-croixanyama-le-dg-de-la-societe-arc-en-ciel-benie-ake-levy-nous-sommes-detentrices-de-tous-les-biens-fonciers-sur-quatre-croix\/","og_site_name":"Amanien| L&#039;actualit\u00e9 Ivoirienne et Internationale","article_published_time":"2025-02-04T09:07:56+00:00","og_image":[{"width":2560,"height":1920,"url":"https:\/\/www.amanien.info\/news\/wp-content\/uploads\/2025\/02\/IMG_20250201_141109_401-2-scaled.jpg","type":"image\/jpeg"}],"author":"Germain Ndri","twitter_card":"summary_large_image","twitter_misc":{"\u00c9crit par":"Germain Ndri","Dur\u00e9e de lecture estim\u00e9e":"3 minutes"},"schema":{"@context":"https:\/\/schema.org","@graph":[{"@type":"Article","@id":"https:\/\/www.amanien.info\/news\/litige-foncier-a-quatre-croixanyama-le-dg-de-la-societe-arc-en-ciel-benie-ake-levy-nous-sommes-detentrices-de-tous-les-biens-fonciers-sur-quatre-croix\/#article","isPartOf":{"@id":"https:\/\/www.amanien.info\/news\/litige-foncier-a-quatre-croixanyama-le-dg-de-la-societe-arc-en-ciel-benie-ake-levy-nous-sommes-detentrices-de-tous-les-biens-fonciers-sur-quatre-croix\/"},"author":{"name":"Germain Ndri","@id":"https:\/\/www.amanien.info\/news\/#\/schema\/person\/b21093345753a1a98242d505bd894f42"},"headline":"Litige foncier \u00e0 Quatre-Croix(Anyama)\/ Le DG de la soci\u00e9t\u00e9 Arc-en-ciel, BENIE Ak\u00e9 Levy : \u00ab\u00a0Nous sommes d\u00e9tentrices de tous les biens fonciers sur Quatre-Croix\u00a0\u00bb","datePublished":"2025-02-04T09:07:56+00:00","mainEntityOfPage":{"@id":"https:\/\/www.amanien.info\/news\/litige-foncier-a-quatre-croixanyama-le-dg-de-la-societe-arc-en-ciel-benie-ake-levy-nous-sommes-detentrices-de-tous-les-biens-fonciers-sur-quatre-croix\/"},"wordCount":635,"image":{"@id":"https:\/\/www.amanien.info\/news\/litige-foncier-a-quatre-croixanyama-le-dg-de-la-societe-arc-en-ciel-benie-ake-levy-nous-sommes-detentrices-de-tous-les-biens-fonciers-sur-quatre-croix\/#primaryimage"},"thumbnailUrl":"https:\/\/www.amanien.info\/news\/wp-content\/uploads\/2025\/02\/IMG_20250201_141109_401-2-scaled.jpg","keywords":["Soci\u00e9t\u00e9"],"inLanguage":"fr-FR"},{"@type":"WebPage","@id":"https:\/\/www.amanien.info\/news\/litige-foncier-a-quatre-croixanyama-le-dg-de-la-societe-arc-en-ciel-benie-ake-levy-nous-sommes-detentrices-de-tous-les-biens-fonciers-sur-quatre-croix\/","url":"https:\/\/www.amanien.info\/news\/litige-foncier-a-quatre-croixanyama-le-dg-de-la-societe-arc-en-ciel-benie-ake-levy-nous-sommes-detentrices-de-tous-les-biens-fonciers-sur-quatre-croix\/","name":"Litige foncier \u00e0 Quatre-Croix(Anyama)\/ Le DG de la soci\u00e9t\u00e9 Arc-en-ciel, BENIE Ak\u00e9 Levy : \"Nous sommes d\u00e9tentrices de tous les biens fonciers sur Quatre-Croix\" - Amanien| L&#039;actualit\u00e9 Ivoirienne et Internationale","isPartOf":{"@id":"https:\/\/www.amanien.info\/news\/#website"},"primaryImageOfPage":{"@id":"https:\/\/www.amanien.info\/news\/litige-foncier-a-quatre-croixanyama-le-dg-de-la-societe-arc-en-ciel-benie-ake-levy-nous-sommes-detentrices-de-tous-les-biens-fonciers-sur-quatre-croix\/#primaryimage"},"image":{"@id":"https:\/\/www.amanien.info\/news\/litige-foncier-a-quatre-croixanyama-le-dg-de-la-societe-arc-en-ciel-benie-ake-levy-nous-sommes-detentrices-de-tous-les-biens-fonciers-sur-quatre-croix\/#primaryimage"},"thumbnailUrl":"https:\/\/www.amanien.info\/news\/wp-content\/uploads\/2025\/02\/IMG_20250201_141109_401-2-scaled.jpg","datePublished":"2025-02-04T09:07:56+00:00","author":{"@id":"https:\/\/www.amanien.info\/news\/#\/schema\/person\/b21093345753a1a98242d505bd894f42"},"breadcrumb":{"@id":"https:\/\/www.amanien.info\/news\/litige-foncier-a-quatre-croixanyama-le-dg-de-la-societe-arc-en-ciel-benie-ake-levy-nous-sommes-detentrices-de-tous-les-biens-fonciers-sur-quatre-croix\/#breadcrumb"},"inLanguage":"fr-FR","potentialAction":[{"@type":"ReadAction","target":["https:\/\/www.amanien.info\/news\/litige-foncier-a-quatre-croixanyama-le-dg-de-la-societe-arc-en-ciel-benie-ake-levy-nous-sommes-detentrices-de-tous-les-biens-fonciers-sur-quatre-croix\/"]}]},{"@type":"ImageObject","inLanguage":"fr-FR","@id":"https:\/\/www.amanien.info\/news\/litige-foncier-a-quatre-croixanyama-le-dg-de-la-societe-arc-en-ciel-benie-ake-levy-nous-sommes-detentrices-de-tous-les-biens-fonciers-sur-quatre-croix\/#primaryimage","url":"https:\/\/www.amanien.info\/news\/wp-content\/uploads\/2025\/02\/IMG_20250201_141109_401-2-scaled.jpg","contentUrl":"https:\/\/www.amanien.info\/news\/wp-content\/uploads\/2025\/02\/IMG_20250201_141109_401-2-scaled.jpg","width":2560,"height":1920},{"@type":"BreadcrumbList","@id":"https:\/\/www.amanien.info\/news\/litige-foncier-a-quatre-croixanyama-le-dg-de-la-societe-arc-en-ciel-benie-ake-levy-nous-sommes-detentrices-de-tous-les-biens-fonciers-sur-quatre-croix\/#breadcrumb","itemListElement":[{"@type":"ListItem","position":1,"name":"Accueil","item":"https:\/\/www.amanien.info\/news\/"},{"@type":"ListItem","position":2,"name":"Litige foncier \u00e0 Quatre-Croix(Anyama)\/ Le DG de la soci\u00e9t\u00e9 Arc-en-ciel, BENIE Ak\u00e9 Levy : \u00ab\u00a0Nous sommes d\u00e9tentrices de tous les biens fonciers sur Quatre-Croix\u00a0\u00bb"}]},{"@type":"WebSite","@id":"https:\/\/www.amanien.info\/news\/#website","url":"https:\/\/www.amanien.info\/news\/","name":"Amanien| L&#039;actualit\u00e9 Ivoirienne et Internationale","description":"L&#039;actualit\u00e9 Ivoirienne et Internationale","potentialAction":[{"@type":"SearchAction","target":{"@type":"EntryPoint","urlTemplate":"https:\/\/www.amanien.info\/news\/?s={search_term_string}"},"query-input":{"@type":"PropertyValueSpecification","valueRequired":true,"valueName":"search_term_string"}}],"inLanguage":"fr-FR"},{"@type":"Person","@id":"https:\/\/www.amanien.info\/news\/#\/schema\/person\/b21093345753a1a98242d505bd894f42","name":"Germain Ndri","url":"https:\/\/www.amanien.info\/news\/author\/amanien-infos\/"}]}},"_links":{"self":[{"href":"https:\/\/www.amanien.info\/news\/wp-json\/wp\/v2\/posts\/7083","targetHints":{"allow":["GET"]}}],"collection":[{"href":"https:\/\/www.amanien.info\/news\/wp-json\/wp\/v2\/posts"}],"about":[{"href":"https:\/\/www.amanien.info\/news\/wp-json\/wp\/v2\/types\/post"}],"author":[{"embeddable":true,"href":"https:\/\/www.amanien.info\/news\/wp-json\/wp\/v2\/users\/2"}],"replies":[{"embeddable":true,"href":"https:\/\/www.amanien.info\/news\/wp-json\/wp\/v2\/comments?post=7083"}],"version-history":[{"count":1,"href":"https:\/\/www.amanien.info\/news\/wp-json\/wp\/v2\/posts\/7083\/revisions"}],"predecessor-version":[{"id":7088,"href":"https:\/\/www.amanien.info\/news\/wp-json\/wp\/v2\/posts\/7083\/revisions\/7088"}],"wp:featuredmedia":[{"embeddable":true,"href":"https:\/\/www.amanien.info\/news\/wp-json\/wp\/v2\/media\/7087"}],"wp:attachment":[{"href":"https:\/\/www.amanien.info\/news\/wp-json\/wp\/v2\/media?parent=7083"}],"wp:term":[{"taxonomy":"category","embeddable":true,"href":"https:\/\/www.amanien.info\/news\/wp-json\/wp\/v2\/categories?post=7083"},{"taxonomy":"post_tag","embeddable":true,"href":"https:\/\/www.amanien.info\/news\/wp-json\/wp\/v2\/tags?post=7083"}],"curies":[{"name":"wp","href":"https:\/\/api.w.org\/{rel}","templated":true}]}}